{"id":17574,"date":"2024-05-19T22:32:25","date_gmt":"2024-05-19T20:32:25","guid":{"rendered":"https:\/\/fcspartaktrnava.com\/?p=17574"},"modified":"2024-05-19T22:32:26","modified_gmt":"2024-05-19T20:32:26","slug":"strnastka-je-opat-o-krok-blizsie-k-titulu","status":"publish","type":"post","link":"https:\/\/fcspartaktrnava.com\/en\/strnastka-je-opat-o-krok-blizsie-k-titulu\/","title":{"rendered":"\u0160trn\u00e1stka je op\u00e4\u0165 o\u00a0krok bli\u017e\u0161ie k titulu"},"content":{"rendered":"<p><strong>1. FC Tatran Pre\u0161ov U19 \u2013 FC Spartak Trnava U19 1:0 (0:0)<\/strong><\/p>\n\n\n\n<p>Dev\u00e4tn\u00e1stka sa v&nbsp;piatok po rannom tr\u00e9ningu a&nbsp;obede vydala do \u010falek\u00e9ho Pre\u0161ova. V&nbsp;emo\u010dne vybi\u010dovanom z\u00e1pase sme v\u0161ak pod\u013eahli posledn\u00e9mu t\u00edmu tabu\u013eky najtesnej\u0161\u00edm rozdielom 0:1.<\/p>\n\n\n\n<p><strong>FCST U19: <\/strong>Smie\u0161ko \u2013 Danihel, Fan\u010dovi\u010d, Pristach (89. Moln\u00e1r), \u0160ebek (46. Konopka), Straka, Henyig (89. Hesko), Farka\u0161 (64. Haronik), Adamkovi\u010d, Bil\u010d\u00edk (C), Vysko\u010d (75. Bohmer)<\/p>\n\n\n\n<p><strong>Yellow cards: <\/strong>\u0160ebek, Pristach, Farka\u0161, Danihel, Henyig<\/p>\n\n\n\n<p><strong>Peter Ga\u017ei: \u201eV Pre\u0161ove sme odohrali jeden z&nbsp;naj\u0165a\u017e\u0161\u00edch z\u00e1pasov v&nbsp;sez\u00f3ne. Ve\u013emi dobre sme br\u00e1nili \u0161tandardn\u00e9 situ\u00e1cie a&nbsp;lopty centrovan\u00e9 do pokutov\u00e9ho \u00fazemia, ktor\u00fdch bolo v&nbsp;z\u00e1pase viac. O&nbsp;v\u00fdsledku rozhodla strela z&nbsp;priestoru, z&nbsp;ktor\u00e9ho by sme nemali inkasova\u0165. V&nbsp;ofenz\u00edve sme na\u0161e \u00fatoky dobre zakladali, ale v&nbsp;poslednej tretine boli \u010dasto preru\u0161ovan\u00e9 a&nbsp;n\u00e1sledn\u00e1 nadv\u00e4znos\u0165 nebola optim\u00e1lna. Hr\u00e1\u010di ale nechali na ihrisku maximum a&nbsp;do poslednej min\u00faty bojovali za klub. Pozit\u00edvum tohto stretnutie s\u00fa premi\u00e9rov\u00e9 \u0161tarty \u010fal\u0161\u00edch hr\u00e1\u010dov z&nbsp;kateg\u00f3rie U17.\u201c<\/strong><\/p>\n\n\n\n<p><strong>FC Spartak Trnava U15 \u2013 AS Tren\u010d\u00edn U15 1:2 (0:0)<\/strong><\/p>\n\n\n\n<p>Na t\u00edmy star\u0161\u00edch \u017eiakov \u010dakal anglick\u00fd t\u00fd\u017ede\u0148, ktor\u00fd od\u0161tartovali v&nbsp;stredu na dom\u00e1cej p\u00f4de s&nbsp;Tren\u010d\u00ednom. Najstar\u0161\u00ed \u017eiaci ale po v\u00fdmene str\u00e1n dvakr\u00e1t inkasovali, na \u010do dok\u00e1zali reagova\u0165 iba jedn\u00fdm z\u00e1sahom z&nbsp;kopa\u010dky \u0160vendu.<\/p>\n\n\n\n<p><strong>FCST U15: <\/strong>Pavelka \u2013 Slov\u00e1k (64. U\u0161\u00e1k), Kostol\u00e1ni, G\u00e1bor, Studen\u00fd, He\u010dko, Bohunick\u00fd (C), Artim (64. Kr\u00e1li\u010d), \u0160venda, \u0160ev\u010d\u00edk, Fojta<\/p>\n\n\n\n<p><strong>Goals: <\/strong>67. \u0160venda<\/p>\n\n\n\n<p><strong>Tom\u00e1\u0161 K\u00e1nik: \u201eProti s\u00faperovi z&nbsp;Tren\u010d\u00edna to bol tradi\u010dne kondi\u010dne n\u00e1ro\u010dn\u00fd z\u00e1pas, v ktorom bol d\u00f4le\u017eit\u00fd ka\u017ed\u00fd jeden s\u00faboj a&nbsp;ka\u017ed\u00e1 jedna odrazen\u00e1 lopta. V&nbsp;prvom pol\u010dase sme ust\u00e1li \u0161ance s\u00fapera a&nbsp;mali sme v&nbsp;\u0148om dobr\u00fd \u00fasek hry, kedy sme boli viac na lopte a&nbsp;z&nbsp;ktor\u00e9ho sme mohli vy\u0165a\u017ei\u0165 viac. V&nbsp;druhom pol\u010dase sme nezvl\u00e1dli dve situ\u00e1cie, na ktor\u00e9 sme reagovali kontaktn\u00fdm g\u00f3lom. N\u00e1sledne sme mali e\u0161te dostatok \u010dasu z\u00e1pas vyrovna\u0165 a&nbsp;aj sa n\u00e1m podarilo dosta\u0165 do tlaku a&nbsp;vytvori\u0165 si \u0161ance. Ani jednu sa n\u00e1m ale nepodarilo dotiahnu\u0165 do \u00faspe\u0161n\u00e9ho konca. Preto sme sa museli zmieri\u0165 s&nbsp;tesnou prehrou.\u201c<\/strong><\/p>\n\n\n\n<p><strong>FC Spartak Trnava U14 \u2013 AS Tren\u010d\u00edn U14 3:0 (2:0)<\/strong><\/p>\n\n\n\n<p>\u0160trn\u00e1stka pochodila s&nbsp;Tren\u010d\u00ednom lep\u0161ie. Suver\u00e9nne v\u00ed\u0165azstvo rozdielom triedy zariadil hetrikom Bo\u0161ka, ktor\u00fd sa presadil dvakr\u00e1t u\u017e v&nbsp;\u00favodnej \u0161tvr\u0165hodine.<\/p>\n\n\n\n<p><strong>FCST U14: <\/strong>Vlkovi\u010d \u2013 \u010euri\u0161, Lenghardt (C), Kalam\u00e1r, Martinkovi\u010d (36. Matu\u0161\u00edk), \u0160tip\u010d\u00e1k, Kore\u0148 (36. B\u00f6hmer), Kasan (56. Zaj\u00e1no\u0161), Pokus, Bo\u0161ka, Kr\u00e1\u013eovi\u010d (46. Holb\u00edk)<\/p>\n\n\n\n<p><strong>Goals: <\/strong>10., 14. a&nbsp;69. Bo\u0161ka<\/p>\n\n\n\n<p><strong>Oliver Burian: \u201eDo z\u00e1pasu sme mali fantastick\u00fd vstup a&nbsp;u\u017e behom prvej 20-min\u00fatovky sme dali 2 g\u00f3ly a&nbsp;minim\u00e1lne \u010fal\u0161ie 3 sme mohli prida\u0165. V&nbsp;druhej polovici prv\u00e9ho pol\u010dasu sme viac-menej kontrolovali hru, sna\u017eili sme sa by\u0165 na\u010falej dominantn\u00ed, no vo fin\u00e1lnej a&nbsp;predfin\u00e1lnej f\u00e1ze sme boli ve\u013emi nepresn\u00ed. V&nbsp;druhom pol\u010dase zna\u010dne upadlo tempo cel\u00e9ho z\u00e1pasu. Z&nbsp;h\u013eadiska defenz\u00edvy sme s\u00faperovi nedovolili si vypracova\u0165 nejak\u00fa v\u00e1\u017enej\u0161iu pr\u00edle\u017eitos\u0165, ale n\u00e1\u0161 pressing, respekt\u00edve repressing, bol ve\u013emi pomal\u00fd a&nbsp;nevedeli sme dosta\u0165 s\u00fapera pod tak\u00fd tlak, na ak\u00fd sme zvyknut\u00ed. Celkovo sme boli v&nbsp;z\u00e1pase dominantn\u00ed, vypracovali sme si ve\u013ek\u00e9 mno\u017estvo \u0161anc\u00ed, s&nbsp;\u010d\u00edm som spokojn\u00fd, av\u0161ak tempo z\u00e1pasu nebolo tak\u00e9, ak\u00e9 od hr\u00e1\u010dov vy\u017eadujem.\u201c<\/strong><\/p>\n\n\n\n<p><strong>FC Spartak Trnava U15 \u2013 FC ViOn Zlat\u00e9 Moravce U15 2:3 (1:2)<\/strong><\/p>\n\n\n\n<p>\u017dia\u013e, p\u00e4tn\u00e1stke nevy\u0161iel ani v\u00edkendov\u00fd z\u00e1pas. Tentokr\u00e1t nesta\u010dili na rovesn\u00edkov zo Zlat\u00fdch Moraviec, ktor\u00fdm pod\u013eahli, podobne ako Tren\u010d\u00ednu cez t\u00fd\u017ede\u0148, o&nbsp;jeden g\u00f3l. Mrzie\u0165 n\u00e1s m\u00f4\u017ee najm\u00e4 nepremenen\u00fd pokutov\u00fd kop za stavu 2:2.<\/p>\n\n\n\n<p><strong>FCST U15: <\/strong>Pavelka \u2013 U\u0161\u00e1k (41. He\u010dko), Bartovi\u010d (41. Kostol\u00e1ni), G\u00e1bor, Studen\u00fd, August\u00edn (41. Bohunick\u00fd), Artim, Mar\u010di\u0161 (41. Slov\u00e1k), \u0160venda (58. Bartalo\u0161), Kr\u00e1li\u010d (41. \u0160ev\u010d\u00edk), Mi\u0161o (41. Fojta)<\/p>\n\n\n\n<p><strong>Goals: <\/strong>22. Kr\u00e1li\u010d, 51. He\u010dko<\/p>\n\n\n\n<p><strong>Tom\u00e1\u0161 K\u00e1nik: \u201eZ\u00e1pas nesplnil z&nbsp;na\u0161ej strany predstavy o&nbsp;kvalite hry, hlavne v&nbsp;\u00fato\u010dnej f\u00e1ze. Na\u0161e vedenie \u00fatokov bolo pomal\u00e9, nepresn\u00e9 a&nbsp;volili sme nespr\u00e1vne rie\u0161enia. N\u00e1sledne v&nbsp;pr\u00edpadoch, kedy sme si u\u017e vytvorili \u0161ancu, sme nezvl\u00e1dli samotn\u00e9 zakon\u010denie. S\u00faper n\u00e1s v&nbsp;druhom pol\u010dase nakoniec potrestal z&nbsp;ojedinelej situ\u00e1cie, kedy sme neubr\u00e1nili dlh\u00fa vysok\u00fa prihr\u00e1vku.\u201c<\/strong><\/p>\n\n\n\n<p><strong>FC Spartak Trnava U14 \u2013 FC ViOn Zlat\u00e9 Moravce U14 10:0 (5:0)<\/strong><\/p>\n\n\n\n<p>Bo\u0161kovi sa darilo aj proti Zlat\u00fdm Moravciam. ViOn-u nas\u00fakal a\u017e \u0161tyri g\u00f3ly, v\u010faka \u010domu v\u00fdrazne prispel k&nbsp;vysok\u00e9mu v\u00ed\u0165azstvu 10:0. Na\u0161a \u0161trn\u00e1stka je tak po dvoch v\u00fdhrach v&nbsp;jednom t\u00fd\u017edni op\u00e4\u0165 o&nbsp;krok bli\u017e\u0161ie k&nbsp;zisku majstrovsk\u00e9ho titulu.<\/p>\n\n\n\n<p><strong>FCST U14: <\/strong>Vlkovi\u010d \u2013 Bo\u0161ansk\u00fd (36. \u010euri\u0161), Lenghardt (C), Kalam\u00e1r, B\u00f6hmer (36. Pokus), \u0160tip\u010d\u00e1k, Kore\u0148 (36. Holb\u00edk), Matu\u0161\u00edk (36. Zaj\u00e1no\u0161), Kasan (46. Dreven\u00e1k), Bo\u0161ka, Kr\u00e1\u013eovi\u010d (36. \u010eurian)<\/p>\n\n\n\n<p><strong>Goals: <\/strong>2. Kore\u0148, 7. Matu\u0161\u00edk, 13. Kr\u00e1\u013eovi\u010d, 16., 19., 52. a&nbsp;58. Bo\u0161ka, 44. Zaj\u00e1no\u0161, 68. Dreven\u00e1k, 69. \u010eurian<\/p>\n\n\n\n<p><strong>Yellow cards: <\/strong>Holb\u00edk<\/p>\n\n\n\n<p><strong>Oliver Burian: \u201eProti Zlat\u00fdm Moravciam sme boli rozdielov\u00ed v\u00a0ka\u017edej jednej hernej \u010dinnosti jednotlivca a\u00a0n\u00e1\u0161 t\u00edmov\u00fd v\u00fdkon taktie\u017e sp\u013a\u0148al \u010di u\u017e syst\u00e9mov\u00e9, ale aj mor\u00e1lne parametre. Z\u00e1pas sa odohr\u00e1val prakticky na jednej polovici ihriska a\u00a0mrzie\u0165 n\u00e1s m\u00f4\u017ee paradoxne efektivita, preto\u017ee aj pri to\u013ek\u00fdch strelen\u00fdch g\u00f3loch, zostala \u010fal\u0161ia polovica nevyu\u017eit\u00e1. S\u00faper p\u00e1rkr\u00e1t pohrozil individu\u00e1lnou kvalitou ich hrotov\u00e9ho hr\u00e1\u010da, ale na\u0161a defenz\u00edva pracovala v\u00fdborne. So z\u00e1pasom som spokojn\u00fd ako po individu\u00e1lnej, tak po t\u00edmovej str\u00e1nke a\u00a0ver\u00edm, \u017ee si podobn\u00fa g\u00f3lov\u00fa potenciu prenesieme aj do nasleduj\u00faceho procesu.\u201c<\/strong><\/p>\n\n\n<div class=\"wp-block-image\">\n<figure class=\"aligncenter size-large is-resized\"><img loading=\"lazy\" decoding=\"async\" width=\"768\" height=\"1024\" src=\"https:\/\/fcspartaktrnava.com\/wp-content\/uploads\/2024\/05\/WhatsApp-Image-2024-05-19-at-21.00.01-768x1024.jpeg\" alt=\"\" class=\"wp-image-17575\" style=\"width:560px;height:auto\" srcset=\"https:\/\/fcspartaktrnava.com\/wp-content\/uploads\/2024\/05\/WhatsApp-Image-2024-05-19-at-21.00.01-768x1024.jpeg 768w, https:\/\/fcspartaktrnava.com\/wp-content\/uploads\/2024\/05\/WhatsApp-Image-2024-05-19-at-21.00.01-225x300.jpeg 225w, https:\/\/fcspartaktrnava.com\/wp-content\/uploads\/2024\/05\/WhatsApp-Image-2024-05-19-at-21.00.01-1152x1536.jpeg 1152w, https:\/\/fcspartaktrnava.com\/wp-content\/uploads\/2024\/05\/WhatsApp-Image-2024-05-19-at-21.00.01-9x12.jpeg 9w, https:\/\/fcspartaktrnava.com\/wp-content\/uploads\/2024\/05\/WhatsApp-Image-2024-05-19-at-21.00.01.jpeg 1536w\" sizes=\"auto, (max-width: 768px) 100vw, 768px\" \/><\/figure>\n<\/div>\n\n\n<p><strong>FC Petr\u017ealka U13 \u2013 FC Spartak Trnava U13 4:2 (2:1)<\/strong><\/p>\n\n\n\n<p>T\u00edmy mlad\u0161\u00edch \u017eiakov vycestovali v&nbsp;nede\u013eu do Petr\u017ealky, kde, bohu\u017eia\u013e, \u0165ahali za krat\u0161\u00ed koniec. Dvojg\u00f3lov\u00e9 manko sme zvl\u00e1dli zmaza\u0165 z\u00e1sluhou Kussa, ale potom sa blysli dvomi g\u00f3lmi za sebou op\u00e4\u0165 dom\u00e1ci.<\/p>\n\n\n\n<p><strong>FCST U13: <\/strong>Mes\u00e1ro\u0161, Hamb\u00e1lek \u2013 Rep\u00e1\u0148, Mar\u010di\u0161 (C), Mikulec, Pola\u010dek, Poliak, Pol\u0165\u00e1k, Kohutovi\u010d, Junas, Pie\u0161\u0165ansk\u00fd, Fojta, Dvorsk\u00fd, Koll\u00e1r, Mego, Miklovi\u010d, Strojn\u00fd, Kuss<\/p>\n\n\n\n<p><strong>Goals: <\/strong>30. a&nbsp;40. Kuss<\/p>\n\n\n\n<p><strong>Filip N\u00e1dask\u00fd: \u201ePo minulot\u00fd\u017ed\u0148ovej prehre na Interi sme mali st\u00e1le v&nbsp;ruk\u00e1ch to, \u017ee m\u00f4\u017eeme z\u00edska\u0165 ligov\u00fd titul. Av\u0161ak po nev\u00fdraznom v\u00fdkone pri\u0161iel nev\u00fdrazn\u00fd v\u00fdkon aj v&nbsp;Petr\u017ealke a&nbsp;t\u00fdm p\u00e1dom sme zmarili aj na\u0161e \u0161ance na titul. \u010cakal som, \u017ee chlapci prejavia svoju kvalitu na ihrisku, \u017ee bud\u00fa chcie\u0165 s\u00fapera \u201croztrha\u0165\u201c, av\u0161ak na ihrisku ch\u00fdbalo tot\u00e1lne v\u0161etko od em\u00f3ci\u00ed, bojovnosti a\u017e po ochotu maka\u0165. R\u00fdchlo sme prehr\u00e1vali 0:2. Klob\u00fak dole, \u017ee sa n\u00e1m podarilo vyrovna\u0165. V&nbsp;druhom pol\u010dase sme boli herne lep\u0161\u00ed, ale pri\u0161li individu\u00e1lne chyby, ktor\u00e9 n\u00e1m prehrali z\u00e1pas. V&nbsp;defenz\u00edve sme predv\u00e1dzali hrub\u00e9 chyby, ktor\u00e9 sa v&nbsp;tak\u00fdchto z\u00e1pasoch nem\u00f4\u017eu objavova\u0165. Jednotliv\u00ed chlapci musia porozm\u00fd\u0161\u013ea\u0165 o&nbsp;pr\u00edstupe k&nbsp;z\u00e1pasu a&nbsp;celkovo k&nbsp;futbalu. Sn\u00e1\u010f sa z&nbsp;tejto negat\u00edvne sk\u00fasenosti pou\u010dia a&nbsp;v&nbsp;bud\u00facnosti si to vynahradia.\u201c<\/strong><\/p>\n\n\n\n<p><strong>FC Petr\u017ealka U12 \u2013 FC Spartak Trnava U12 7:6 (5:3)<\/strong><\/p>\n\n\n\n<p>Na Petr\u017ealku nesta\u010dili ani najmlad\u0161\u00ed \u017eiaci. V&nbsp;s\u00faboji tabu\u013ekov\u00fdch susedov prehrala na\u0161a dvan\u00e1stka najtesnej\u0161\u00edm rozdielom 6:7.<\/p>\n\n\n\n<p><strong>FCST U12: <\/strong>Martanovi\u010d, Prokop, Kamen\u00e1r \u2013 Kri\u0161tof\u00edk, Franta, Beli\u010dka, \u010cerve\u0148, Bul\u00edk, Vir\u00e1g (C), B\u00f6hman, Urdzik, Dul\u00edk, Koryt\u00e1r, Hutta, Llanaj, Ba\u0161ty, Pol\u00e1\u010dik, August\u00edn, Jur\u00edk<\/p>\n\n\n\n<p><strong>Goals: <\/strong>13. a&nbsp;49. Beli\u010dka, 26. Ba\u0161ty, 29. August\u00edn, 52. a&nbsp;55. Vir\u00e1g<\/p>\n\n\n\n<p><strong>R\u00f3bert Polakovi\u010d: \u201eTret\u00ed v\u00edkend po sebe sme nepodali n\u00e1\u0161 optim\u00e1lny v\u00fdkon a&nbsp;tentokr\u00e1t n\u00e1m to u\u017e na s\u00fapera nesta\u010dilo. Aj ke\u010f sme boli herne lep\u0161\u00ed, neboli sme dostato\u010dne agres\u00edvni a&nbsp;nedodr\u017eiavali sme veci, ktor\u00fdmi sme sa chceli na ihrisku prezentova\u0165. Ve\u013ea individu\u00e1lnych ch\u00fdb a&nbsp;neefektivita v&nbsp;zakon\u010den\u00ed charakterizuj\u00fa na\u0161e s\u00fa\u010dasn\u00e9 rozpolo\u017eenie. D\u00fafame, \u017ee t\u00e1to prehra chalanov na\u0161tartuje k&nbsp;\u010fal\u0161ej pr\u00e1ci a&nbsp;nasadeniu.\u201c<\/strong><\/p>\n\n\n\n<p><strong>FC Spartak Trnava WA \u2013 Spartak Myjava WA 0:5 (0:0)<\/strong><\/p>\n\n\n\n<p>V&nbsp;derby Spartakov sme zvl\u00e1dli dr\u017ea\u0165 krok s&nbsp;l\u00eddrom s\u00fa\u0165a\u017ee z&nbsp;Myjavy prakticky cel\u00fd z\u00e1pas. Po \u00favodnom g\u00f3le v&nbsp;55. min\u00fate sme stratili v&nbsp;z\u00e1vere\u010dn\u00fdch 12-tich min\u00fatach koncentr\u00e1ciu a&nbsp;inkasovali sme hne\u010f \u0161tyrikr\u00e1t.<\/p>\n\n\n\n<p><strong>FCST WA: <\/strong>Nemochovsk\u00e1 \u2013 Serv\u00e1tkov\u00e1 (15. Lehock\u00e1), Pivar\u010diov\u00e1 (C), M. \u010ceriov\u00e1, Belicov\u00e1, Pola\u010dkov\u00e1, \u017digov\u00e1, Ty\u010diakov\u00e1, Kone\u010dn\u00e1, Eckerov\u00e1 (84. Draho\u0161ov\u00e1), Marti\u0161kov\u00e1<\/p>\n\n\n\n<p><strong>Matej Chocina: \u201ePrv\u00fd pol\u010das sa n\u00e1m podarilo dr\u017ea\u0165 tempo a&nbsp;krok s&nbsp;l\u00eddrom tabu\u013eky. Dobre sme dostupovali, vytv\u00e1rali sme tlak na hr\u00e1\u010dky a&nbsp;boli sme ochotn\u00ed sa pobi\u0165 o&nbsp;dobr\u00fd v\u00fdsledok. V&nbsp;druhom pol\u010dase sme pri kr\u00e1tkej strate koncentr\u00e1cie dovolili s\u00faperovi sa po\u013eahky uja\u0165 vedenia. Mrz\u00ed ma hlavne z\u00e1vere\u010dn\u00e1 15-min\u00fatovka, v&nbsp;ktorej s\u00faper strelil a\u017e \u0161tyri g\u00f3ly. Diev\u010dat\u00e1 si v\u0161ak za nasadenie a&nbsp;odhodlanie zasl\u00fa\u017eia pochvalu.\u201c<\/strong><\/p>","protected":false},"excerpt":{"rendered":"<p>1. FC Tatran Pre\u0161ov U19 \u2013 FC Spartak&#8230;<\/p>","protected":false},"author":2,"featured_media":17576,"comment_status":"closed","ping_status":"closed","sticky":false,"template":"","format":"standard","meta":{"footnotes":""},"categories":[52,12],"tags":[84,53],"class_list":["post-17574","post","type-post","status-publish","format-standard","has-post-thumbnail","hentry","category-mladez","category-spravy","tag-zeny","tag-mladez","post-number-1"],"yoast_head":"<!-- This site is optimized with the Yoast SEO plugin v27.1.1 - https:\/\/yoast.com\/product\/yoast-seo-wordpress\/ -->\n<title>\u0160trn\u00e1stka je op\u00e4\u0165 o\u00a0krok bli\u017e\u0161ie k titulu - FC Spartak Trnava<\/title>\n<meta name=\"robots\" content=\"index, follow, max-snippet:-1, max-image-preview:large, max-video-preview:-1\" \/>\n<link rel=\"canonical\" href=\"https:\/\/fcspartaktrnava.com\/en\/strnastka-je-opat-o-krok-blizsie-k-titulu\/\" \/>\n<meta name=\"twitter:label1\" content=\"Written by\" \/>\n\t<meta name=\"twitter:data1\" content=\"spartak\" \/>\n\t<meta name=\"twitter:label2\" content=\"Estimated reading time\" \/>\n\t<meta name=\"twitter:data2\" content=\"8 minutes\" \/>\n<script type=\"application\/ld+json\" class=\"yoast-schema-graph\">{\"@context\":\"https:\/\/schema.org\",\"@graph\":[{\"@type\":\"Article\",\"@id\":\"https:\/\/fcspartaktrnava.com\/strnastka-je-opat-o-krok-blizsie-k-titulu\/#article\",\"isPartOf\":{\"@id\":\"https:\/\/fcspartaktrnava.com\/strnastka-je-opat-o-krok-blizsie-k-titulu\/\"},\"author\":{\"name\":\"spartak\",\"@id\":\"https:\/\/fcspartaktrnava.com\/#\/schema\/person\/24bc5b254af14f71d7d8af178790aa75\"},\"headline\":\"\u0160trn\u00e1stka je op\u00e4\u0165 o\u00a0krok bli\u017e\u0161ie k titulu\",\"datePublished\":\"2024-05-19T20:32:25+00:00\",\"dateModified\":\"2024-05-19T20:32:26+00:00\",\"mainEntityOfPage\":{\"@id\":\"https:\/\/fcspartaktrnava.com\/strnastka-je-opat-o-krok-blizsie-k-titulu\/\"},\"wordCount\":1693,\"publisher\":{\"@id\":\"https:\/\/fcspartaktrnava.com\/#organization\"},\"image\":{\"@id\":\"https:\/\/fcspartaktrnava.com\/strnastka-je-opat-o-krok-blizsie-k-titulu\/#primaryimage\"},\"thumbnailUrl\":\"https:\/\/fcspartaktrnava.com\/wp-content\/uploads\/2024\/05\/WhatsApp-Image-2024-05-19-at-20.59.56.jpeg\",\"keywords\":[\"\u017eeny\",\"ml\u00e1de\u017e\"],\"articleSection\":[\"Ml\u00e1de\u017e\",\"Spr\u00e1vy\"],\"inLanguage\":\"en-GB\"},{\"@type\":\"WebPage\",\"@id\":\"https:\/\/fcspartaktrnava.com\/strnastka-je-opat-o-krok-blizsie-k-titulu\/\",\"url\":\"https:\/\/fcspartaktrnava.com\/strnastka-je-opat-o-krok-blizsie-k-titulu\/\",\"name\":\"\u0160trn\u00e1stka je op\u00e4\u0165 o\u00a0krok bli\u017e\u0161ie k titulu - FC Spartak Trnava\",\"isPartOf\":{\"@id\":\"https:\/\/fcspartaktrnava.com\/#website\"},\"primaryImageOfPage\":{\"@id\":\"https:\/\/fcspartaktrnava.com\/strnastka-je-opat-o-krok-blizsie-k-titulu\/#primaryimage\"},\"image\":{\"@id\":\"https:\/\/fcspartaktrnava.com\/strnastka-je-opat-o-krok-blizsie-k-titulu\/#primaryimage\"},\"thumbnailUrl\":\"https:\/\/fcspartaktrnava.com\/wp-content\/uploads\/2024\/05\/WhatsApp-Image-2024-05-19-at-20.59.56.jpeg\",\"datePublished\":\"2024-05-19T20:32:25+00:00\",\"dateModified\":\"2024-05-19T20:32:26+00:00\",\"breadcrumb\":{\"@id\":\"https:\/\/fcspartaktrnava.com\/strnastka-je-opat-o-krok-blizsie-k-titulu\/#breadcrumb\"},\"inLanguage\":\"en-GB\",\"potentialAction\":[{\"@type\":\"ReadAction\",\"target\":[\"https:\/\/fcspartaktrnava.com\/strnastka-je-opat-o-krok-blizsie-k-titulu\/\"]}]},{\"@type\":\"ImageObject\",\"inLanguage\":\"en-GB\",\"@id\":\"https:\/\/fcspartaktrnava.com\/strnastka-je-opat-o-krok-blizsie-k-titulu\/#primaryimage\",\"url\":\"https:\/\/fcspartaktrnava.com\/wp-content\/uploads\/2024\/05\/WhatsApp-Image-2024-05-19-at-20.59.56.jpeg\",\"contentUrl\":\"https:\/\/fcspartaktrnava.com\/wp-content\/uploads\/2024\/05\/WhatsApp-Image-2024-05-19-at-20.59.56.jpeg\",\"width\":1536,\"height\":2048},{\"@type\":\"BreadcrumbList\",\"@id\":\"https:\/\/fcspartaktrnava.com\/strnastka-je-opat-o-krok-blizsie-k-titulu\/#breadcrumb\",\"itemListElement\":[{\"@type\":\"ListItem\",\"position\":1,\"name\":\"Home\",\"item\":\"https:\/\/fcspartaktrnava.com\/\"},{\"@type\":\"ListItem\",\"position\":2,\"name\":\"\u0160trn\u00e1stka je op\u00e4\u0165 o\u00a0krok bli\u017e\u0161ie k titulu\"}]},{\"@type\":\"WebSite\",\"@id\":\"https:\/\/fcspartaktrnava.com\/#website\",\"url\":\"https:\/\/fcspartaktrnava.com\/\",\"name\":\"FC Spartak Trnava\",\"description\":\"ofici\u00e1lna webstr\u00e1nka futbalov\u00e9ho klubu\",\"publisher\":{\"@id\":\"https:\/\/fcspartaktrnava.com\/#organization\"},\"potentialAction\":[{\"@type\":\"SearchAction\",\"target\":{\"@type\":\"EntryPoint\",\"urlTemplate\":\"https:\/\/fcspartaktrnava.com\/?s={search_term_string}\"},\"query-input\":{\"@type\":\"PropertyValueSpecification\",\"valueRequired\":true,\"valueName\":\"search_term_string\"}}],\"inLanguage\":\"en-GB\"},{\"@type\":\"Organization\",\"@id\":\"https:\/\/fcspartaktrnava.com\/#organization\",\"name\":\"FC Spartak Trnava\",\"alternateName\":\"Spartak\",\"url\":\"https:\/\/fcspartaktrnava.com\/\",\"logo\":{\"@type\":\"ImageObject\",\"inLanguage\":\"en-GB\",\"@id\":\"https:\/\/fcspartaktrnava.com\/#\/schema\/logo\/image\/\",\"url\":\"https:\/\/fcspartaktrnava.com\/wp-content\/uploads\/2022\/08\/cropped-site_logo.png\",\"contentUrl\":\"https:\/\/fcspartaktrnava.com\/wp-content\/uploads\/2022\/08\/cropped-site_logo.png\",\"width\":140,\"height\":140,\"caption\":\"FC Spartak Trnava\"},\"image\":{\"@id\":\"https:\/\/fcspartaktrnava.com\/#\/schema\/logo\/image\/\"},\"sameAs\":[\"https:\/\/www.facebook.com\/SpartakTrnava\",\"https:\/\/x.com\/SpartakTrnava1\",\"https:\/\/www.instagram.com\/spartak_sk\/\"]},{\"@type\":\"Person\",\"@id\":\"https:\/\/fcspartaktrnava.com\/#\/schema\/person\/24bc5b254af14f71d7d8af178790aa75\",\"name\":\"spartak\",\"image\":{\"@type\":\"ImageObject\",\"inLanguage\":\"en-GB\",\"@id\":\"https:\/\/fcspartaktrnava.com\/#\/schema\/person\/image\/\",\"url\":\"https:\/\/secure.gravatar.com\/avatar\/f8ff8584f3fcf3909a11a6da9019f37749183b4015bca14e64556c52614cdc7f?s=96&d=mm&r=g\",\"contentUrl\":\"https:\/\/secure.gravatar.com\/avatar\/f8ff8584f3fcf3909a11a6da9019f37749183b4015bca14e64556c52614cdc7f?s=96&d=mm&r=g\",\"caption\":\"spartak\"},\"url\":\"https:\/\/fcspartaktrnava.com\/en\/author\/spartak\/\"}]}<\/script>\n<!-- \/ Yoast SEO plugin. -->","yoast_head_json":{"title":"\u0160trn\u00e1stka je op\u00e4\u0165 o\u00a0krok bli\u017e\u0161ie k titulu - FC Spartak Trnava","robots":{"index":"index","follow":"follow","max-snippet":"max-snippet:-1","max-image-preview":"max-image-preview:large","max-video-preview":"max-video-preview:-1"},"canonical":"https:\/\/fcspartaktrnava.com\/en\/strnastka-je-opat-o-krok-blizsie-k-titulu\/","twitter_misc":{"Written by":"spartak","Estimated reading time":"8 minutes"},"schema":{"@context":"https:\/\/schema.org","@graph":[{"@type":"Article","@id":"https:\/\/fcspartaktrnava.com\/strnastka-je-opat-o-krok-blizsie-k-titulu\/#article","isPartOf":{"@id":"https:\/\/fcspartaktrnava.com\/strnastka-je-opat-o-krok-blizsie-k-titulu\/"},"author":{"name":"spartak","@id":"https:\/\/fcspartaktrnava.com\/#\/schema\/person\/24bc5b254af14f71d7d8af178790aa75"},"headline":"\u0160trn\u00e1stka je op\u00e4\u0165 o\u00a0krok bli\u017e\u0161ie k titulu","datePublished":"2024-05-19T20:32:25+00:00","dateModified":"2024-05-19T20:32:26+00:00","mainEntityOfPage":{"@id":"https:\/\/fcspartaktrnava.com\/strnastka-je-opat-o-krok-blizsie-k-titulu\/"},"wordCount":1693,"publisher":{"@id":"https:\/\/fcspartaktrnava.com\/#organization"},"image":{"@id":"https:\/\/fcspartaktrnava.com\/strnastka-je-opat-o-krok-blizsie-k-titulu\/#primaryimage"},"thumbnailUrl":"https:\/\/fcspartaktrnava.com\/wp-content\/uploads\/2024\/05\/WhatsApp-Image-2024-05-19-at-20.59.56.jpeg","keywords":["\u017eeny","ml\u00e1de\u017e"],"articleSection":["Ml\u00e1de\u017e","Spr\u00e1vy"],"inLanguage":"en-GB"},{"@type":"WebPage","@id":"https:\/\/fcspartaktrnava.com\/strnastka-je-opat-o-krok-blizsie-k-titulu\/","url":"https:\/\/fcspartaktrnava.com\/strnastka-je-opat-o-krok-blizsie-k-titulu\/","name":"\u0160trn\u00e1stka je op\u00e4\u0165 o\u00a0krok bli\u017e\u0161ie k titulu - FC Spartak Trnava","isPartOf":{"@id":"https:\/\/fcspartaktrnava.com\/#website"},"primaryImageOfPage":{"@id":"https:\/\/fcspartaktrnava.com\/strnastka-je-opat-o-krok-blizsie-k-titulu\/#primaryimage"},"image":{"@id":"https:\/\/fcspartaktrnava.com\/strnastka-je-opat-o-krok-blizsie-k-titulu\/#primaryimage"},"thumbnailUrl":"https:\/\/fcspartaktrnava.com\/wp-content\/uploads\/2024\/05\/WhatsApp-Image-2024-05-19-at-20.59.56.jpeg","datePublished":"2024-05-19T20:32:25+00:00","dateModified":"2024-05-19T20:32:26+00:00","breadcrumb":{"@id":"https:\/\/fcspartaktrnava.com\/strnastka-je-opat-o-krok-blizsie-k-titulu\/#breadcrumb"},"inLanguage":"en-GB","potentialAction":[{"@type":"ReadAction","target":["https:\/\/fcspartaktrnava.com\/strnastka-je-opat-o-krok-blizsie-k-titulu\/"]}]},{"@type":"ImageObject","inLanguage":"en-GB","@id":"https:\/\/fcspartaktrnava.com\/strnastka-je-opat-o-krok-blizsie-k-titulu\/#primaryimage","url":"https:\/\/fcspartaktrnava.com\/wp-content\/uploads\/2024\/05\/WhatsApp-Image-2024-05-19-at-20.59.56.jpeg","contentUrl":"https:\/\/fcspartaktrnava.com\/wp-content\/uploads\/2024\/05\/WhatsApp-Image-2024-05-19-at-20.59.56.jpeg","width":1536,"height":2048},{"@type":"BreadcrumbList","@id":"https:\/\/fcspartaktrnava.com\/strnastka-je-opat-o-krok-blizsie-k-titulu\/#breadcrumb","itemListElement":[{"@type":"ListItem","position":1,"name":"Home","item":"https:\/\/fcspartaktrnava.com\/"},{"@type":"ListItem","position":2,"name":"\u0160trn\u00e1stka je op\u00e4\u0165 o\u00a0krok bli\u017e\u0161ie k titulu"}]},{"@type":"WebSite","@id":"https:\/\/fcspartaktrnava.com\/#website","url":"https:\/\/fcspartaktrnava.com\/","name":"FC Spartak Trnava","description":"ofici\u00e1lna webstr\u00e1nka futbalov\u00e9ho klubu","publisher":{"@id":"https:\/\/fcspartaktrnava.com\/#organization"},"potentialAction":[{"@type":"SearchAction","target":{"@type":"EntryPoint","urlTemplate":"https:\/\/fcspartaktrnava.com\/?s={search_term_string}"},"query-input":{"@type":"PropertyValueSpecification","valueRequired":true,"valueName":"search_term_string"}}],"inLanguage":"en-GB"},{"@type":"Organization","@id":"https:\/\/fcspartaktrnava.com\/#organization","name":"FC Spartak Trnava","alternateName":"Spartak","url":"https:\/\/fcspartaktrnava.com\/","logo":{"@type":"ImageObject","inLanguage":"en-GB","@id":"https:\/\/fcspartaktrnava.com\/#\/schema\/logo\/image\/","url":"https:\/\/fcspartaktrnava.com\/wp-content\/uploads\/2022\/08\/cropped-site_logo.png","contentUrl":"https:\/\/fcspartaktrnava.com\/wp-content\/uploads\/2022\/08\/cropped-site_logo.png","width":140,"height":140,"caption":"FC Spartak Trnava"},"image":{"@id":"https:\/\/fcspartaktrnava.com\/#\/schema\/logo\/image\/"},"sameAs":["https:\/\/www.facebook.com\/SpartakTrnava","https:\/\/x.com\/SpartakTrnava1","https:\/\/www.instagram.com\/spartak_sk\/"]},{"@type":"Person","@id":"https:\/\/fcspartaktrnava.com\/#\/schema\/person\/24bc5b254af14f71d7d8af178790aa75","name":"spartak","image":{"@type":"ImageObject","inLanguage":"en-GB","@id":"https:\/\/fcspartaktrnava.com\/#\/schema\/person\/image\/","url":"https:\/\/secure.gravatar.com\/avatar\/f8ff8584f3fcf3909a11a6da9019f37749183b4015bca14e64556c52614cdc7f?s=96&d=mm&r=g","contentUrl":"https:\/\/secure.gravatar.com\/avatar\/f8ff8584f3fcf3909a11a6da9019f37749183b4015bca14e64556c52614cdc7f?s=96&d=mm&r=g","caption":"spartak"},"url":"https:\/\/fcspartaktrnava.com\/en\/author\/spartak\/"}]}},"_links":{"self":[{"href":"https:\/\/fcspartaktrnava.com\/en\/wp-json\/wp\/v2\/posts\/17574","targetHints":{"allow":["GET"]}}],"collection":[{"href":"https:\/\/fcspartaktrnava.com\/en\/wp-json\/wp\/v2\/posts"}],"about":[{"href":"https:\/\/fcspartaktrnava.com\/en\/wp-json\/wp\/v2\/types\/post"}],"author":[{"embeddable":true,"href":"https:\/\/fcspartaktrnava.com\/en\/wp-json\/wp\/v2\/users\/2"}],"replies":[{"embeddable":true,"href":"https:\/\/fcspartaktrnava.com\/en\/wp-json\/wp\/v2\/comments?post=17574"}],"version-history":[{"count":0,"href":"https:\/\/fcspartaktrnava.com\/en\/wp-json\/wp\/v2\/posts\/17574\/revisions"}],"wp:featuredmedia":[{"embeddable":true,"href":"https:\/\/fcspartaktrnava.com\/en\/wp-json\/wp\/v2\/media\/17576"}],"wp:attachment":[{"href":"https:\/\/fcspartaktrnava.com\/en\/wp-json\/wp\/v2\/media?parent=17574"}],"wp:term":[{"taxonomy":"category","embeddable":true,"href":"https:\/\/fcspartaktrnava.com\/en\/wp-json\/wp\/v2\/categories?post=17574"},{"taxonomy":"post_tag","embeddable":true,"href":"https:\/\/fcspartaktrnava.com\/en\/wp-json\/wp\/v2\/tags?post=17574"}],"curies":[{"name":"wp","href":"https:\/\/api.w.org\/{rel}","templated":true}]}}