{"id":17573,"date":"2024-05-19T14:43:23","date_gmt":"2024-05-19T12:43:23","guid":{"rendered":"https:\/\/fcspartaktrnava.com\/?p=17573"},"modified":"2024-05-19T14:43:24","modified_gmt":"2024-05-19T12:43:24","slug":"takacov-nateraz-posledny-zapas","status":"publish","type":"post","link":"https:\/\/fcspartaktrnava.com\/en\/takacov-nateraz-posledny-zapas\/","title":{"rendered":"Tak\u00e1\u010dov nateraz posledn\u00fd z\u00e1pas"},"content":{"rendered":"<p>Posledn\u00fd z\u00e1pas ro\u010dn\u00edka mal rozhodn\u00fa\u0165 o&nbsp;tom, \u010di bude sez\u00f3na \u00faspe\u0161n\u00e1 alebo nie. Z\u00e1vere\u010dn\u00fd krok spartakovcov bol napokon r\u00e1zny a&nbsp;v\u00fdsledok 5:0 rozpt\u00fdlil pochybnosti o&nbsp;tom, \u010di bude leto v&nbsp;Trnave bez poh\u00e1rovej Eur\u00f3py. Najvy\u0161\u0161ie v\u00ed\u0165azstvo v&nbsp;sez\u00f3ne si nechali Trnav\u010dania na z\u00e1ver ro\u010dn\u00edka a&nbsp;s&nbsp;Podbrezovou vyhrali v\u0161etky ligov\u00e9 z\u00e1pasy v&nbsp;tejto sez\u00f3ne.<\/p>\n\n\n\n<p>\u0160trn\u00e1stu nulu v&nbsp;sez\u00f3ne si prip\u00edsal na svoje konto brank\u00e1r Dominik Tak\u00e1\u010d, ktor\u00fd t\u00fato \u0161tatistiku v&nbsp;lige ovl\u00e1dol. <strong><em>\u201ePo\u010det n\u00fal nevypoved\u00e1 iba o&nbsp;mne, ale o&nbsp;defenz\u00edve cel\u00e9ho t\u00edmu. Ka\u017edop\u00e1dne, je to jedno, hlavn\u00e9 je, \u017ee sme znova v&nbsp;Eur\u00f3pe,\u201c<\/em><\/strong> te\u0161il sa 25-ro\u010dn\u00fd g\u00f3lman Spartaka, pre ktor\u00e9ho to bol po rokoch zrejme posledn\u00fd z\u00e1pas za trnavsk\u00fd klub. <strong><em>\u201ePotrebujem nejak\u00fd nov\u00fd impulz vo futbale aj v&nbsp;\u017eivote a&nbsp;v\u0161etci sme sa zhodli na tom, \u017ee takto to bude asi najlep\u0161ie.\u201c<\/em><\/strong><\/p>\n\n\n\n<p>Za Spartak odchytal dovedna 125 z\u00e1pasov a\u00a0v\u00a056 z\u00a0nich si prip\u00edsal \u010dist\u00e9 konto. Spartak je jeho srdcovou z\u00e1le\u017eitos\u0165ou a\u00a0ako sa s\u00e1m vyjadril, odch\u00e1dza iba na \u010das a\u00a0do Trnavy sa bude chcie\u0165 vr\u00e1ti\u0165. <strong><em>\u201eChcel by som klubu po\u010fakova\u0165 za to, \u017ee som tu vyr\u00e1stol nielen futbalovo, ale aj osobnostne. Som tu od 14 rokov a\u00a0v\u010fa\u010d\u00edm klubu za ve\u013ea. Rovnako \u010fakujem fan\u00fa\u0161ikom, za to ako n\u00e1s po\u010das z\u00e1pasov tla\u010dili dopredu a\u00a0spolo\u010dne sme dosiahli ve\u013ea pekn\u00fdch \u00faspechov.\u201c<\/em><\/strong><\/p>\n\n\n\n<figure class=\"wp-block-embed is-type-video is-provider-youtube wp-block-embed-youtube wp-embed-aspect-16-9 wp-has-aspect-ratio\"><div class=\"wp-block-embed__wrapper\">\n<iframe loading=\"lazy\" title=\"Dominik Tak\u00e1\u010d po z\u00e1pase s Podbrezovou\" width=\"500\" height=\"281\" src=\"https:\/\/www.youtube.com\/embed\/oyli-2iyzsk?feature=oembed\" frameborder=\"0\" allow=\"accelerometer; autoplay; clipboard-write; encrypted-media; gyroscope; picture-in-picture; web-share\" referrerpolicy=\"strict-origin-when-cross-origin\" allowfullscreen><\/iframe>\n<\/div><\/figure>\n\n\n\n<p>Po\u010das svojej kari\u00e9ry, ktor\u00e1 bola doteraz cel\u00e1 sp\u00e4t\u00e1 so Spartakom, bol v&nbsp;k\u00e1dri El Maestra pri majstrovskom titule a&nbsp;nesk\u00f4r pri troch ziskoch Slovnaft cupu. Zachytal si v&nbsp;skupine Eur\u00f3pskej ligy aj v&nbsp;skupine Konferen\u010dnej ligy. Ost\u00e1vaj\u00fa mu iba pr\u00edjemn\u00e9 spomienky.<strong><em> \u201eKe\u010f som pri\u0161iel z&nbsp;dorastu, hne\u010f v&nbsp;prvej sez\u00f3ne sme z\u00edskali titul. Nebol som k\u013e\u00fa\u010dov\u00fdm hr\u00e1\u010dom, ale vn\u00edmal som to. V&nbsp;druhom roku sme hrali skupinu a&nbsp;vyhrali sme poh\u00e1r, zasa skvel\u00e9 spomienky. Za\u017eil som tu ve\u013ea \u013eud\u00ed a&nbsp;m\u00e1m to ve\u013emi ve\u013ea kamar\u00e1tov.\u201c<\/em><\/strong><\/p>\n\n\n\n<p>O&nbsp;tom, kam poved\u00fa jeho \u010fal\u0161ie kroky e\u0161te nie je definit\u00edvne rozhodnut\u00e9, no Dominikovi prajeme v&nbsp;jeho \u010fal\u0161ej kari\u00e9re ve\u013ea \u00faspechov a&nbsp;aby sa prebojoval do z\u00e1vere\u010dnej nomin\u00e1cie Slovenska pred nadch\u00e1dzaj\u00facich Eurom. Ver\u00edme, \u017ee jeho cesty sa s&nbsp;t\u00fdmi spartakovsk\u00fdmi e\u0161te pretn\u00fa.<\/p>","protected":false},"excerpt":{"rendered":"<p>Posledn\u00fd z\u00e1pas ro\u010dn\u00edka mal rozhodn\u00fa\u0165 o&nbsp;tom, \u010di bude&#8230;<\/p>","protected":false},"author":2,"featured_media":17544,"comment_status":"closed","ping_status":"closed","sticky":false,"template":"","format":"standard","meta":{"footnotes":""},"categories":[41],"tags":[],"class_list":["post-17573","post","type-post","status-publish","format-standard","has-post-thumbnail","hentry","category-intervju","post-number-1"],"yoast_head":"<!-- This site is optimized with the Yoast SEO plugin v27.1.1 - https:\/\/yoast.com\/product\/yoast-seo-wordpress\/ -->\n<title>Tak\u00e1\u010dov nateraz posledn\u00fd z\u00e1pas - FC Spartak Trnava<\/title>\n<meta name=\"robots\" content=\"index, follow, max-snippet:-1, max-image-preview:large, max-video-preview:-1\" \/>\n<link rel=\"canonical\" href=\"https:\/\/fcspartaktrnava.com\/en\/takacov-nateraz-posledny-zapas\/\" \/>\n<meta name=\"twitter:label1\" content=\"Written by\" \/>\n\t<meta name=\"twitter:data1\" content=\"spartak\" \/>\n\t<meta name=\"twitter:label2\" content=\"Estimated reading time\" \/>\n\t<meta name=\"twitter:data2\" content=\"3 minutes\" \/>\n<script type=\"application\/ld+json\" class=\"yoast-schema-graph\">{\"@context\":\"https:\/\/schema.org\",\"@graph\":[{\"@type\":\"Article\",\"@id\":\"https:\/\/fcspartaktrnava.com\/takacov-nateraz-posledny-zapas\/#article\",\"isPartOf\":{\"@id\":\"https:\/\/fcspartaktrnava.com\/takacov-nateraz-posledny-zapas\/\"},\"author\":{\"name\":\"spartak\",\"@id\":\"https:\/\/fcspartaktrnava.com\/#\/schema\/person\/24bc5b254af14f71d7d8af178790aa75\"},\"headline\":\"Tak\u00e1\u010dov nateraz posledn\u00fd z\u00e1pas\",\"datePublished\":\"2024-05-19T12:43:23+00:00\",\"dateModified\":\"2024-05-19T12:43:24+00:00\",\"mainEntityOfPage\":{\"@id\":\"https:\/\/fcspartaktrnava.com\/takacov-nateraz-posledny-zapas\/\"},\"wordCount\":477,\"publisher\":{\"@id\":\"https:\/\/fcspartaktrnava.com\/#organization\"},\"image\":{\"@id\":\"https:\/\/fcspartaktrnava.com\/takacov-nateraz-posledny-zapas\/#primaryimage\"},\"thumbnailUrl\":\"https:\/\/fcspartaktrnava.com\/wp-content\/uploads\/2024\/05\/DSC_1976.jpg\",\"articleSection\":[\"Rozhovory\"],\"inLanguage\":\"en-GB\"},{\"@type\":\"WebPage\",\"@id\":\"https:\/\/fcspartaktrnava.com\/takacov-nateraz-posledny-zapas\/\",\"url\":\"https:\/\/fcspartaktrnava.com\/takacov-nateraz-posledny-zapas\/\",\"name\":\"Tak\u00e1\u010dov nateraz posledn\u00fd z\u00e1pas - FC Spartak Trnava\",\"isPartOf\":{\"@id\":\"https:\/\/fcspartaktrnava.com\/#website\"},\"primaryImageOfPage\":{\"@id\":\"https:\/\/fcspartaktrnava.com\/takacov-nateraz-posledny-zapas\/#primaryimage\"},\"image\":{\"@id\":\"https:\/\/fcspartaktrnava.com\/takacov-nateraz-posledny-zapas\/#primaryimage\"},\"thumbnailUrl\":\"https:\/\/fcspartaktrnava.com\/wp-content\/uploads\/2024\/05\/DSC_1976.jpg\",\"datePublished\":\"2024-05-19T12:43:23+00:00\",\"dateModified\":\"2024-05-19T12:43:24+00:00\",\"breadcrumb\":{\"@id\":\"https:\/\/fcspartaktrnava.com\/takacov-nateraz-posledny-zapas\/#breadcrumb\"},\"inLanguage\":\"en-GB\",\"potentialAction\":[{\"@type\":\"ReadAction\",\"target\":[\"https:\/\/fcspartaktrnava.com\/takacov-nateraz-posledny-zapas\/\"]}]},{\"@type\":\"ImageObject\",\"inLanguage\":\"en-GB\",\"@id\":\"https:\/\/fcspartaktrnava.com\/takacov-nateraz-posledny-zapas\/#primaryimage\",\"url\":\"https:\/\/fcspartaktrnava.com\/wp-content\/uploads\/2024\/05\/DSC_1976.jpg\",\"contentUrl\":\"https:\/\/fcspartaktrnava.com\/wp-content\/uploads\/2024\/05\/DSC_1976.jpg\",\"width\":1520,\"height\":1013},{\"@type\":\"BreadcrumbList\",\"@id\":\"https:\/\/fcspartaktrnava.com\/takacov-nateraz-posledny-zapas\/#breadcrumb\",\"itemListElement\":[{\"@type\":\"ListItem\",\"position\":1,\"name\":\"Home\",\"item\":\"https:\/\/fcspartaktrnava.com\/\"},{\"@type\":\"ListItem\",\"position\":2,\"name\":\"Tak\u00e1\u010dov nateraz posledn\u00fd z\u00e1pas\"}]},{\"@type\":\"WebSite\",\"@id\":\"https:\/\/fcspartaktrnava.com\/#website\",\"url\":\"https:\/\/fcspartaktrnava.com\/\",\"name\":\"FC Spartak Trnava\",\"description\":\"ofici\u00e1lna webstr\u00e1nka futbalov\u00e9ho klubu\",\"publisher\":{\"@id\":\"https:\/\/fcspartaktrnava.com\/#organization\"},\"potentialAction\":[{\"@type\":\"SearchAction\",\"target\":{\"@type\":\"EntryPoint\",\"urlTemplate\":\"https:\/\/fcspartaktrnava.com\/?s={search_term_string}\"},\"query-input\":{\"@type\":\"PropertyValueSpecification\",\"valueRequired\":true,\"valueName\":\"search_term_string\"}}],\"inLanguage\":\"en-GB\"},{\"@type\":\"Organization\",\"@id\":\"https:\/\/fcspartaktrnava.com\/#organization\",\"name\":\"FC Spartak Trnava\",\"alternateName\":\"Spartak\",\"url\":\"https:\/\/fcspartaktrnava.com\/\",\"logo\":{\"@type\":\"ImageObject\",\"inLanguage\":\"en-GB\",\"@id\":\"https:\/\/fcspartaktrnava.com\/#\/schema\/logo\/image\/\",\"url\":\"https:\/\/fcspartaktrnava.com\/wp-content\/uploads\/2022\/08\/cropped-site_logo.png\",\"contentUrl\":\"https:\/\/fcspartaktrnava.com\/wp-content\/uploads\/2022\/08\/cropped-site_logo.png\",\"width\":140,\"height\":140,\"caption\":\"FC Spartak Trnava\"},\"image\":{\"@id\":\"https:\/\/fcspartaktrnava.com\/#\/schema\/logo\/image\/\"},\"sameAs\":[\"https:\/\/www.facebook.com\/SpartakTrnava\",\"https:\/\/x.com\/SpartakTrnava1\",\"https:\/\/www.instagram.com\/spartak_sk\/\"]},{\"@type\":\"Person\",\"@id\":\"https:\/\/fcspartaktrnava.com\/#\/schema\/person\/24bc5b254af14f71d7d8af178790aa75\",\"name\":\"spartak\",\"image\":{\"@type\":\"ImageObject\",\"inLanguage\":\"en-GB\",\"@id\":\"https:\/\/fcspartaktrnava.com\/#\/schema\/person\/image\/\",\"url\":\"https:\/\/secure.gravatar.com\/avatar\/f8ff8584f3fcf3909a11a6da9019f37749183b4015bca14e64556c52614cdc7f?s=96&d=mm&r=g\",\"contentUrl\":\"https:\/\/secure.gravatar.com\/avatar\/f8ff8584f3fcf3909a11a6da9019f37749183b4015bca14e64556c52614cdc7f?s=96&d=mm&r=g\",\"caption\":\"spartak\"},\"url\":\"https:\/\/fcspartaktrnava.com\/en\/author\/spartak\/\"}]}<\/script>\n<!-- \/ Yoast SEO plugin. -->","yoast_head_json":{"title":"Tak\u00e1\u010dov nateraz posledn\u00fd z\u00e1pas - FC Spartak Trnava","robots":{"index":"index","follow":"follow","max-snippet":"max-snippet:-1","max-image-preview":"max-image-preview:large","max-video-preview":"max-video-preview:-1"},"canonical":"https:\/\/fcspartaktrnava.com\/en\/takacov-nateraz-posledny-zapas\/","twitter_misc":{"Written by":"spartak","Estimated reading time":"3 minutes"},"schema":{"@context":"https:\/\/schema.org","@graph":[{"@type":"Article","@id":"https:\/\/fcspartaktrnava.com\/takacov-nateraz-posledny-zapas\/#article","isPartOf":{"@id":"https:\/\/fcspartaktrnava.com\/takacov-nateraz-posledny-zapas\/"},"author":{"name":"spartak","@id":"https:\/\/fcspartaktrnava.com\/#\/schema\/person\/24bc5b254af14f71d7d8af178790aa75"},"headline":"Tak\u00e1\u010dov nateraz posledn\u00fd z\u00e1pas","datePublished":"2024-05-19T12:43:23+00:00","dateModified":"2024-05-19T12:43:24+00:00","mainEntityOfPage":{"@id":"https:\/\/fcspartaktrnava.com\/takacov-nateraz-posledny-zapas\/"},"wordCount":477,"publisher":{"@id":"https:\/\/fcspartaktrnava.com\/#organization"},"image":{"@id":"https:\/\/fcspartaktrnava.com\/takacov-nateraz-posledny-zapas\/#primaryimage"},"thumbnailUrl":"https:\/\/fcspartaktrnava.com\/wp-content\/uploads\/2024\/05\/DSC_1976.jpg","articleSection":["Rozhovory"],"inLanguage":"en-GB"},{"@type":"WebPage","@id":"https:\/\/fcspartaktrnava.com\/takacov-nateraz-posledny-zapas\/","url":"https:\/\/fcspartaktrnava.com\/takacov-nateraz-posledny-zapas\/","name":"Tak\u00e1\u010dov nateraz posledn\u00fd z\u00e1pas - FC Spartak Trnava","isPartOf":{"@id":"https:\/\/fcspartaktrnava.com\/#website"},"primaryImageOfPage":{"@id":"https:\/\/fcspartaktrnava.com\/takacov-nateraz-posledny-zapas\/#primaryimage"},"image":{"@id":"https:\/\/fcspartaktrnava.com\/takacov-nateraz-posledny-zapas\/#primaryimage"},"thumbnailUrl":"https:\/\/fcspartaktrnava.com\/wp-content\/uploads\/2024\/05\/DSC_1976.jpg","datePublished":"2024-05-19T12:43:23+00:00","dateModified":"2024-05-19T12:43:24+00:00","breadcrumb":{"@id":"https:\/\/fcspartaktrnava.com\/takacov-nateraz-posledny-zapas\/#breadcrumb"},"inLanguage":"en-GB","potentialAction":[{"@type":"ReadAction","target":["https:\/\/fcspartaktrnava.com\/takacov-nateraz-posledny-zapas\/"]}]},{"@type":"ImageObject","inLanguage":"en-GB","@id":"https:\/\/fcspartaktrnava.com\/takacov-nateraz-posledny-zapas\/#primaryimage","url":"https:\/\/fcspartaktrnava.com\/wp-content\/uploads\/2024\/05\/DSC_1976.jpg","contentUrl":"https:\/\/fcspartaktrnava.com\/wp-content\/uploads\/2024\/05\/DSC_1976.jpg","width":1520,"height":1013},{"@type":"BreadcrumbList","@id":"https:\/\/fcspartaktrnava.com\/takacov-nateraz-posledny-zapas\/#breadcrumb","itemListElement":[{"@type":"ListItem","position":1,"name":"Home","item":"https:\/\/fcspartaktrnava.com\/"},{"@type":"ListItem","position":2,"name":"Tak\u00e1\u010dov nateraz posledn\u00fd z\u00e1pas"}]},{"@type":"WebSite","@id":"https:\/\/fcspartaktrnava.com\/#website","url":"https:\/\/fcspartaktrnava.com\/","name":"FC Spartak Trnava","description":"ofici\u00e1lna webstr\u00e1nka futbalov\u00e9ho klubu","publisher":{"@id":"https:\/\/fcspartaktrnava.com\/#organization"},"potentialAction":[{"@type":"SearchAction","target":{"@type":"EntryPoint","urlTemplate":"https:\/\/fcspartaktrnava.com\/?s={search_term_string}"},"query-input":{"@type":"PropertyValueSpecification","valueRequired":true,"valueName":"search_term_string"}}],"inLanguage":"en-GB"},{"@type":"Organization","@id":"https:\/\/fcspartaktrnava.com\/#organization","name":"FC Spartak Trnava","alternateName":"Spartak","url":"https:\/\/fcspartaktrnava.com\/","logo":{"@type":"ImageObject","inLanguage":"en-GB","@id":"https:\/\/fcspartaktrnava.com\/#\/schema\/logo\/image\/","url":"https:\/\/fcspartaktrnava.com\/wp-content\/uploads\/2022\/08\/cropped-site_logo.png","contentUrl":"https:\/\/fcspartaktrnava.com\/wp-content\/uploads\/2022\/08\/cropped-site_logo.png","width":140,"height":140,"caption":"FC Spartak Trnava"},"image":{"@id":"https:\/\/fcspartaktrnava.com\/#\/schema\/logo\/image\/"},"sameAs":["https:\/\/www.facebook.com\/SpartakTrnava","https:\/\/x.com\/SpartakTrnava1","https:\/\/www.instagram.com\/spartak_sk\/"]},{"@type":"Person","@id":"https:\/\/fcspartaktrnava.com\/#\/schema\/person\/24bc5b254af14f71d7d8af178790aa75","name":"spartak","image":{"@type":"ImageObject","inLanguage":"en-GB","@id":"https:\/\/fcspartaktrnava.com\/#\/schema\/person\/image\/","url":"https:\/\/secure.gravatar.com\/avatar\/f8ff8584f3fcf3909a11a6da9019f37749183b4015bca14e64556c52614cdc7f?s=96&d=mm&r=g","contentUrl":"https:\/\/secure.gravatar.com\/avatar\/f8ff8584f3fcf3909a11a6da9019f37749183b4015bca14e64556c52614cdc7f?s=96&d=mm&r=g","caption":"spartak"},"url":"https:\/\/fcspartaktrnava.com\/en\/author\/spartak\/"}]}},"_links":{"self":[{"href":"https:\/\/fcspartaktrnava.com\/en\/wp-json\/wp\/v2\/posts\/17573","targetHints":{"allow":["GET"]}}],"collection":[{"href":"https:\/\/fcspartaktrnava.com\/en\/wp-json\/wp\/v2\/posts"}],"about":[{"href":"https:\/\/fcspartaktrnava.com\/en\/wp-json\/wp\/v2\/types\/post"}],"author":[{"embeddable":true,"href":"https:\/\/fcspartaktrnava.com\/en\/wp-json\/wp\/v2\/users\/2"}],"replies":[{"embeddable":true,"href":"https:\/\/fcspartaktrnava.com\/en\/wp-json\/wp\/v2\/comments?post=17573"}],"version-history":[{"count":0,"href":"https:\/\/fcspartaktrnava.com\/en\/wp-json\/wp\/v2\/posts\/17573\/revisions"}],"wp:featuredmedia":[{"embeddable":true,"href":"https:\/\/fcspartaktrnava.com\/en\/wp-json\/wp\/v2\/media\/17544"}],"wp:attachment":[{"href":"https:\/\/fcspartaktrnava.com\/en\/wp-json\/wp\/v2\/media?parent=17573"}],"wp:term":[{"taxonomy":"category","embeddable":true,"href":"https:\/\/fcspartaktrnava.com\/en\/wp-json\/wp\/v2\/categories?post=17573"},{"taxonomy":"post_tag","embeddable":true,"href":"https:\/\/fcspartaktrnava.com\/en\/wp-json\/wp\/v2\/tags?post=17573"}],"curies":[{"name":"wp","href":"https:\/\/api.w.org\/{rel}","templated":true}]}}