{"id":17486,"date":"2024-05-16T09:48:00","date_gmt":"2024-05-16T07:48:00","guid":{"rendered":"https:\/\/fcspartaktrnava.com\/?p=17486"},"modified":"2024-05-20T13:43:32","modified_gmt":"2024-05-20T11:43:32","slug":"den-rodiny-v-spacinciach-aj-so-spartakovcami","status":"publish","type":"post","link":"https:\/\/fcspartaktrnava.com\/en\/den-rodiny-v-spacinciach-aj-so-spartakovcami\/","title":{"rendered":"De\u0148 rodiny v\u00a0\u0160pa\u010dinciach aj so spartakovcami"},"content":{"rendered":"<p>V\u00a0\u0160pa\u010dinciach v\u010dera na miestnom ihrisku stretli najm\u00e4 mlad\u00e9 rodiny na podujat\u00ed, ktor\u00e9 zorganizovala tamoj\u0161ia matersk\u00e1 \u0161kola. Futbalov\u00e9 ihrisko zaplnili h\u00fafy deti, ktor\u00e9 so svojimi rodi\u010dmi piknikovali a s\u00fa\u0165a\u017eili v\u00a0r\u00f4znych discipl\u00ednach. Ke\u010f\u017ee v\u00a0obci \u017eij\u00fa aj traja spartakovci \u2013 hr\u00e1\u010di Dobrivoj Rusov a\u00a0Martin Bukata spolu s ved\u00facim mu\u017estva Martinom Bohunick\u00fdm, zapojili do akcie, ktor\u00e1 niesla n\u00e1zov De\u0148 rodiny, aj n\u00e1\u0161 klub.<\/p>\n\n\n\n<p><strong><em>\u201e\u017dijeme tu, m\u00e1me tu deti, tak je pochopite\u013en\u00e9, \u017ee sme chceli pr\u00eds\u0165. Oslovili sme aj \u010fal\u0161\u00edch spoluhr\u00e1\u010dov, ktor\u00ed pri\u0161li s\u00a0nami. Bolo to pr\u00edjemn\u00e9 popoludnie, zabavili sme sa a\u00a0trocha sme si pri de\u0165och vyvetrali hlavy pred sobot\u0148aj\u0161\u00edm d\u00f4le\u017eit\u00fdm z\u00e1pasom,\u201c<\/em><\/strong> povedal Dobrivoj Rusov. Okrem Martina Bukatu, ktor\u00fd si st\u00e1le pom\u00e1ha s\u00a0barlami, pri\u0161li aj Martin Mikovi\u010d, Roman Proch\u00e1zka, Kazeem Bolaji a\u00a0Martin Vantruba. Ochotne sa s\u00a0de\u0165mi fotili, rozd\u00e1vali podpisy i\u00a0dar\u010deky a\u00a0zap\u00e1jali sa do z\u00e1bavn\u00fdch s\u00fa\u0165a\u017e\u00ed. Deck\u00e1 s\u013e\u00fabili, \u017ee na opl\u00e1tku pr\u00eddu spartakovcov podpori\u0165 v\u00a0sobotu na \u0161tadi\u00f3n, v\u00a0rozhoduj\u00facom z\u00e1pase proti Podbrezovej.<\/p>\n\n\n\n<figure class=\"wp-block-image size-large\"><img loading=\"lazy\" decoding=\"async\" width=\"1024\" height=\"683\" src=\"https:\/\/fcspartaktrnava.com\/wp-content\/uploads\/2024\/05\/DSC_2010-1024x683.jpg\" alt=\"\" class=\"wp-image-17493\" srcset=\"https:\/\/fcspartaktrnava.com\/wp-content\/uploads\/2024\/05\/DSC_2010-1024x683.jpg 1024w, https:\/\/fcspartaktrnava.com\/wp-content\/uploads\/2024\/05\/DSC_2010-300x200.jpg 300w, https:\/\/fcspartaktrnava.com\/wp-content\/uploads\/2024\/05\/DSC_2010-768x512.jpg 768w, https:\/\/fcspartaktrnava.com\/wp-content\/uploads\/2024\/05\/DSC_2010-1536x1024.jpg 1536w, https:\/\/fcspartaktrnava.com\/wp-content\/uploads\/2024\/05\/DSC_2010-2048x1365.jpg 2048w, https:\/\/fcspartaktrnava.com\/wp-content\/uploads\/2024\/05\/DSC_2010-18x12.jpg 18w\" sizes=\"auto, (max-width: 1024px) 100vw, 1024px\" \/><\/figure>\n\n\n\n<figure class=\"wp-block-gallery has-nested-images columns-default is-cropped wp-block-gallery-1 is-layout-flex wp-block-gallery-is-layout-flex\">\n<figure class=\"wp-block-image size-large\"><img loading=\"lazy\" decoding=\"async\" width=\"1024\" height=\"683\" data-id=\"17490\" src=\"https:\/\/fcspartaktrnava.com\/wp-content\/uploads\/2024\/05\/DSC_2214-1024x683.jpg\" alt=\"\" class=\"wp-image-17490\" srcset=\"https:\/\/fcspartaktrnava.com\/wp-content\/uploads\/2024\/05\/DSC_2214-1024x683.jpg 1024w, https:\/\/fcspartaktrnava.com\/wp-content\/uploads\/2024\/05\/DSC_2214-300x200.jpg 300w, https:\/\/fcspartaktrnava.com\/wp-content\/uploads\/2024\/05\/DSC_2214-768x512.jpg 768w, https:\/\/fcspartaktrnava.com\/wp-content\/uploads\/2024\/05\/DSC_2214-1536x1024.jpg 1536w, https:\/\/fcspartaktrnava.com\/wp-content\/uploads\/2024\/05\/DSC_2214-2048x1365.jpg 2048w, https:\/\/fcspartaktrnava.com\/wp-content\/uploads\/2024\/05\/DSC_2214-18x12.jpg 18w\" sizes=\"auto, (max-width: 1024px) 100vw, 1024px\" \/><\/figure>\n\n\n\n<figure class=\"wp-block-image size-large\"><img loading=\"lazy\" decoding=\"async\" width=\"1024\" height=\"683\" data-id=\"17489\" src=\"https:\/\/fcspartaktrnava.com\/wp-content\/uploads\/2024\/05\/DSC_2203-1024x683.jpg\" alt=\"\" class=\"wp-image-17489\" srcset=\"https:\/\/fcspartaktrnava.com\/wp-content\/uploads\/2024\/05\/DSC_2203-1024x683.jpg 1024w, https:\/\/fcspartaktrnava.com\/wp-content\/uploads\/2024\/05\/DSC_2203-300x200.jpg 300w, https:\/\/fcspartaktrnava.com\/wp-content\/uploads\/2024\/05\/DSC_2203-768x512.jpg 768w, https:\/\/fcspartaktrnava.com\/wp-content\/uploads\/2024\/05\/DSC_2203-1536x1024.jpg 1536w, https:\/\/fcspartaktrnava.com\/wp-content\/uploads\/2024\/05\/DSC_2203-2048x1365.jpg 2048w, https:\/\/fcspartaktrnava.com\/wp-content\/uploads\/2024\/05\/DSC_2203-18x12.jpg 18w\" sizes=\"auto, (max-width: 1024px) 100vw, 1024px\" \/><\/figure>\n\n\n\n<figure class=\"wp-block-image size-large\"><img loading=\"lazy\" decoding=\"async\" width=\"1024\" height=\"683\" data-id=\"17492\" src=\"https:\/\/fcspartaktrnava.com\/wp-content\/uploads\/2024\/05\/DSC_2191-1024x683.jpg\" alt=\"\" class=\"wp-image-17492\" srcset=\"https:\/\/fcspartaktrnava.com\/wp-content\/uploads\/2024\/05\/DSC_2191-1024x683.jpg 1024w, https:\/\/fcspartaktrnava.com\/wp-content\/uploads\/2024\/05\/DSC_2191-300x200.jpg 300w, https:\/\/fcspartaktrnava.com\/wp-content\/uploads\/2024\/05\/DSC_2191-768x512.jpg 768w, https:\/\/fcspartaktrnava.com\/wp-content\/uploads\/2024\/05\/DSC_2191-1536x1024.jpg 1536w, https:\/\/fcspartaktrnava.com\/wp-content\/uploads\/2024\/05\/DSC_2191-2048x1365.jpg 2048w, https:\/\/fcspartaktrnava.com\/wp-content\/uploads\/2024\/05\/DSC_2191-18x12.jpg 18w\" sizes=\"auto, (max-width: 1024px) 100vw, 1024px\" \/><\/figure>\n\n\n\n<figure class=\"wp-block-image size-large\"><img loading=\"lazy\" decoding=\"async\" width=\"1024\" height=\"683\" data-id=\"17488\" src=\"https:\/\/fcspartaktrnava.com\/wp-content\/uploads\/2024\/05\/DSC_2131-1024x683.jpg\" alt=\"\" class=\"wp-image-17488\" srcset=\"https:\/\/fcspartaktrnava.com\/wp-content\/uploads\/2024\/05\/DSC_2131-1024x683.jpg 1024w, https:\/\/fcspartaktrnava.com\/wp-content\/uploads\/2024\/05\/DSC_2131-300x200.jpg 300w, https:\/\/fcspartaktrnava.com\/wp-content\/uploads\/2024\/05\/DSC_2131-768x512.jpg 768w, https:\/\/fcspartaktrnava.com\/wp-content\/uploads\/2024\/05\/DSC_2131-1536x1024.jpg 1536w, https:\/\/fcspartaktrnava.com\/wp-content\/uploads\/2024\/05\/DSC_2131-2048x1365.jpg 2048w, https:\/\/fcspartaktrnava.com\/wp-content\/uploads\/2024\/05\/DSC_2131-18x12.jpg 18w\" sizes=\"auto, (max-width: 1024px) 100vw, 1024px\" \/><\/figure>\n\n\n\n<figure class=\"wp-block-image size-large\"><img loading=\"lazy\" decoding=\"async\" width=\"1024\" height=\"683\" data-id=\"17491\" src=\"https:\/\/fcspartaktrnava.com\/wp-content\/uploads\/2024\/05\/DSC_2104-1024x683.jpg\" alt=\"\" class=\"wp-image-17491\" srcset=\"https:\/\/fcspartaktrnava.com\/wp-content\/uploads\/2024\/05\/DSC_2104-1024x683.jpg 1024w, https:\/\/fcspartaktrnava.com\/wp-content\/uploads\/2024\/05\/DSC_2104-300x200.jpg 300w, https:\/\/fcspartaktrnava.com\/wp-content\/uploads\/2024\/05\/DSC_2104-768x512.jpg 768w, https:\/\/fcspartaktrnava.com\/wp-content\/uploads\/2024\/05\/DSC_2104-1536x1025.jpg 1536w, https:\/\/fcspartaktrnava.com\/wp-content\/uploads\/2024\/05\/DSC_2104-2048x1366.jpg 2048w, https:\/\/fcspartaktrnava.com\/wp-content\/uploads\/2024\/05\/DSC_2104-18x12.jpg 18w\" sizes=\"auto, (max-width: 1024px) 100vw, 1024px\" \/><\/figure>\n<\/figure>","protected":false},"excerpt":{"rendered":"<p>V\u00a0\u0160pa\u010dinciach v\u010dera na miestnom ihrisku stretli najm\u00e4 mlad\u00e9&#8230;<\/p>","protected":false},"author":2,"featured_media":17487,"comment_status":"closed","ping_status":"closed","sticky":false,"template":"","format":"standard","meta":{"footnotes":""},"categories":[12],"tags":[],"class_list":["post-17486","post","type-post","status-publish","format-standard","has-post-thumbnail","hentry","category-spravy","post-number-1"],"yoast_head":"<!-- This site is optimized with the Yoast SEO plugin v27.1.1 - https:\/\/yoast.com\/product\/yoast-seo-wordpress\/ -->\n<title>De\u0148 rodiny v\u00a0\u0160pa\u010dinciach aj so spartakovcami - FC Spartak Trnava<\/title>\n<meta name=\"robots\" content=\"index, follow, max-snippet:-1, max-image-preview:large, max-video-preview:-1\" \/>\n<link rel=\"canonical\" href=\"https:\/\/fcspartaktrnava.com\/en\/den-rodiny-v-spacinciach-aj-so-spartakovcami\/\" \/>\n<meta name=\"twitter:label1\" content=\"Written by\" \/>\n\t<meta name=\"twitter:data1\" content=\"spartak\" \/>\n\t<meta name=\"twitter:label2\" content=\"Estimated reading time\" \/>\n\t<meta name=\"twitter:data2\" content=\"3 minutes\" \/>\n<script type=\"application\/ld+json\" class=\"yoast-schema-graph\">{\"@context\":\"https:\/\/schema.org\",\"@graph\":[{\"@type\":\"Article\",\"@id\":\"https:\/\/fcspartaktrnava.com\/den-rodiny-v-spacinciach-aj-so-spartakovcami\/#article\",\"isPartOf\":{\"@id\":\"https:\/\/fcspartaktrnava.com\/den-rodiny-v-spacinciach-aj-so-spartakovcami\/\"},\"author\":{\"name\":\"spartak\",\"@id\":\"https:\/\/fcspartaktrnava.com\/#\/schema\/person\/24bc5b254af14f71d7d8af178790aa75\"},\"headline\":\"De\u0148 rodiny v\u00a0\u0160pa\u010dinciach aj so spartakovcami\",\"datePublished\":\"2024-05-16T07:48:00+00:00\",\"dateModified\":\"2024-05-20T11:43:32+00:00\",\"mainEntityOfPage\":{\"@id\":\"https:\/\/fcspartaktrnava.com\/den-rodiny-v-spacinciach-aj-so-spartakovcami\/\"},\"wordCount\":211,\"publisher\":{\"@id\":\"https:\/\/fcspartaktrnava.com\/#organization\"},\"image\":{\"@id\":\"https:\/\/fcspartaktrnava.com\/den-rodiny-v-spacinciach-aj-so-spartakovcami\/#primaryimage\"},\"thumbnailUrl\":\"https:\/\/fcspartaktrnava.com\/wp-content\/uploads\/2024\/05\/DSC_2148-scaled.jpg\",\"articleSection\":[\"Spr\u00e1vy\"],\"inLanguage\":\"en-GB\"},{\"@type\":\"WebPage\",\"@id\":\"https:\/\/fcspartaktrnava.com\/den-rodiny-v-spacinciach-aj-so-spartakovcami\/\",\"url\":\"https:\/\/fcspartaktrnava.com\/den-rodiny-v-spacinciach-aj-so-spartakovcami\/\",\"name\":\"De\u0148 rodiny v\u00a0\u0160pa\u010dinciach aj so spartakovcami - FC Spartak Trnava\",\"isPartOf\":{\"@id\":\"https:\/\/fcspartaktrnava.com\/#website\"},\"primaryImageOfPage\":{\"@id\":\"https:\/\/fcspartaktrnava.com\/den-rodiny-v-spacinciach-aj-so-spartakovcami\/#primaryimage\"},\"image\":{\"@id\":\"https:\/\/fcspartaktrnava.com\/den-rodiny-v-spacinciach-aj-so-spartakovcami\/#primaryimage\"},\"thumbnailUrl\":\"https:\/\/fcspartaktrnava.com\/wp-content\/uploads\/2024\/05\/DSC_2148-scaled.jpg\",\"datePublished\":\"2024-05-16T07:48:00+00:00\",\"dateModified\":\"2024-05-20T11:43:32+00:00\",\"breadcrumb\":{\"@id\":\"https:\/\/fcspartaktrnava.com\/den-rodiny-v-spacinciach-aj-so-spartakovcami\/#breadcrumb\"},\"inLanguage\":\"en-GB\",\"potentialAction\":[{\"@type\":\"ReadAction\",\"target\":[\"https:\/\/fcspartaktrnava.com\/den-rodiny-v-spacinciach-aj-so-spartakovcami\/\"]}]},{\"@type\":\"ImageObject\",\"inLanguage\":\"en-GB\",\"@id\":\"https:\/\/fcspartaktrnava.com\/den-rodiny-v-spacinciach-aj-so-spartakovcami\/#primaryimage\",\"url\":\"https:\/\/fcspartaktrnava.com\/wp-content\/uploads\/2024\/05\/DSC_2148-scaled.jpg\",\"contentUrl\":\"https:\/\/fcspartaktrnava.com\/wp-content\/uploads\/2024\/05\/DSC_2148-scaled.jpg\",\"width\":2560,\"height\":1707},{\"@type\":\"BreadcrumbList\",\"@id\":\"https:\/\/fcspartaktrnava.com\/den-rodiny-v-spacinciach-aj-so-spartakovcami\/#breadcrumb\",\"itemListElement\":[{\"@type\":\"ListItem\",\"position\":1,\"name\":\"Home\",\"item\":\"https:\/\/fcspartaktrnava.com\/\"},{\"@type\":\"ListItem\",\"position\":2,\"name\":\"De\u0148 rodiny v\u00a0\u0160pa\u010dinciach aj so spartakovcami\"}]},{\"@type\":\"WebSite\",\"@id\":\"https:\/\/fcspartaktrnava.com\/#website\",\"url\":\"https:\/\/fcspartaktrnava.com\/\",\"name\":\"FC Spartak Trnava\",\"description\":\"ofici\u00e1lna webstr\u00e1nka futbalov\u00e9ho klubu\",\"publisher\":{\"@id\":\"https:\/\/fcspartaktrnava.com\/#organization\"},\"potentialAction\":[{\"@type\":\"SearchAction\",\"target\":{\"@type\":\"EntryPoint\",\"urlTemplate\":\"https:\/\/fcspartaktrnava.com\/?s={search_term_string}\"},\"query-input\":{\"@type\":\"PropertyValueSpecification\",\"valueRequired\":true,\"valueName\":\"search_term_string\"}}],\"inLanguage\":\"en-GB\"},{\"@type\":\"Organization\",\"@id\":\"https:\/\/fcspartaktrnava.com\/#organization\",\"name\":\"FC Spartak Trnava\",\"alternateName\":\"Spartak\",\"url\":\"https:\/\/fcspartaktrnava.com\/\",\"logo\":{\"@type\":\"ImageObject\",\"inLanguage\":\"en-GB\",\"@id\":\"https:\/\/fcspartaktrnava.com\/#\/schema\/logo\/image\/\",\"url\":\"https:\/\/fcspartaktrnava.com\/wp-content\/uploads\/2022\/08\/cropped-site_logo.png\",\"contentUrl\":\"https:\/\/fcspartaktrnava.com\/wp-content\/uploads\/2022\/08\/cropped-site_logo.png\",\"width\":140,\"height\":140,\"caption\":\"FC Spartak Trnava\"},\"image\":{\"@id\":\"https:\/\/fcspartaktrnava.com\/#\/schema\/logo\/image\/\"},\"sameAs\":[\"https:\/\/www.facebook.com\/SpartakTrnava\",\"https:\/\/x.com\/SpartakTrnava1\",\"https:\/\/www.instagram.com\/spartak_sk\/\"]},{\"@type\":\"Person\",\"@id\":\"https:\/\/fcspartaktrnava.com\/#\/schema\/person\/24bc5b254af14f71d7d8af178790aa75\",\"name\":\"spartak\",\"image\":{\"@type\":\"ImageObject\",\"inLanguage\":\"en-GB\",\"@id\":\"https:\/\/fcspartaktrnava.com\/#\/schema\/person\/image\/\",\"url\":\"https:\/\/secure.gravatar.com\/avatar\/f8ff8584f3fcf3909a11a6da9019f37749183b4015bca14e64556c52614cdc7f?s=96&d=mm&r=g\",\"contentUrl\":\"https:\/\/secure.gravatar.com\/avatar\/f8ff8584f3fcf3909a11a6da9019f37749183b4015bca14e64556c52614cdc7f?s=96&d=mm&r=g\",\"caption\":\"spartak\"},\"url\":\"https:\/\/fcspartaktrnava.com\/en\/author\/spartak\/\"}]}<\/script>\n<!-- \/ Yoast SEO plugin. -->","yoast_head_json":{"title":"De\u0148 rodiny v\u00a0\u0160pa\u010dinciach aj so spartakovcami - FC Spartak Trnava","robots":{"index":"index","follow":"follow","max-snippet":"max-snippet:-1","max-image-preview":"max-image-preview:large","max-video-preview":"max-video-preview:-1"},"canonical":"https:\/\/fcspartaktrnava.com\/en\/den-rodiny-v-spacinciach-aj-so-spartakovcami\/","twitter_misc":{"Written by":"spartak","Estimated reading time":"3 minutes"},"schema":{"@context":"https:\/\/schema.org","@graph":[{"@type":"Article","@id":"https:\/\/fcspartaktrnava.com\/den-rodiny-v-spacinciach-aj-so-spartakovcami\/#article","isPartOf":{"@id":"https:\/\/fcspartaktrnava.com\/den-rodiny-v-spacinciach-aj-so-spartakovcami\/"},"author":{"name":"spartak","@id":"https:\/\/fcspartaktrnava.com\/#\/schema\/person\/24bc5b254af14f71d7d8af178790aa75"},"headline":"De\u0148 rodiny v\u00a0\u0160pa\u010dinciach aj so spartakovcami","datePublished":"2024-05-16T07:48:00+00:00","dateModified":"2024-05-20T11:43:32+00:00","mainEntityOfPage":{"@id":"https:\/\/fcspartaktrnava.com\/den-rodiny-v-spacinciach-aj-so-spartakovcami\/"},"wordCount":211,"publisher":{"@id":"https:\/\/fcspartaktrnava.com\/#organization"},"image":{"@id":"https:\/\/fcspartaktrnava.com\/den-rodiny-v-spacinciach-aj-so-spartakovcami\/#primaryimage"},"thumbnailUrl":"https:\/\/fcspartaktrnava.com\/wp-content\/uploads\/2024\/05\/DSC_2148-scaled.jpg","articleSection":["Spr\u00e1vy"],"inLanguage":"en-GB"},{"@type":"WebPage","@id":"https:\/\/fcspartaktrnava.com\/den-rodiny-v-spacinciach-aj-so-spartakovcami\/","url":"https:\/\/fcspartaktrnava.com\/den-rodiny-v-spacinciach-aj-so-spartakovcami\/","name":"De\u0148 rodiny v\u00a0\u0160pa\u010dinciach aj so spartakovcami - FC Spartak Trnava","isPartOf":{"@id":"https:\/\/fcspartaktrnava.com\/#website"},"primaryImageOfPage":{"@id":"https:\/\/fcspartaktrnava.com\/den-rodiny-v-spacinciach-aj-so-spartakovcami\/#primaryimage"},"image":{"@id":"https:\/\/fcspartaktrnava.com\/den-rodiny-v-spacinciach-aj-so-spartakovcami\/#primaryimage"},"thumbnailUrl":"https:\/\/fcspartaktrnava.com\/wp-content\/uploads\/2024\/05\/DSC_2148-scaled.jpg","datePublished":"2024-05-16T07:48:00+00:00","dateModified":"2024-05-20T11:43:32+00:00","breadcrumb":{"@id":"https:\/\/fcspartaktrnava.com\/den-rodiny-v-spacinciach-aj-so-spartakovcami\/#breadcrumb"},"inLanguage":"en-GB","potentialAction":[{"@type":"ReadAction","target":["https:\/\/fcspartaktrnava.com\/den-rodiny-v-spacinciach-aj-so-spartakovcami\/"]}]},{"@type":"ImageObject","inLanguage":"en-GB","@id":"https:\/\/fcspartaktrnava.com\/den-rodiny-v-spacinciach-aj-so-spartakovcami\/#primaryimage","url":"https:\/\/fcspartaktrnava.com\/wp-content\/uploads\/2024\/05\/DSC_2148-scaled.jpg","contentUrl":"https:\/\/fcspartaktrnava.com\/wp-content\/uploads\/2024\/05\/DSC_2148-scaled.jpg","width":2560,"height":1707},{"@type":"BreadcrumbList","@id":"https:\/\/fcspartaktrnava.com\/den-rodiny-v-spacinciach-aj-so-spartakovcami\/#breadcrumb","itemListElement":[{"@type":"ListItem","position":1,"name":"Home","item":"https:\/\/fcspartaktrnava.com\/"},{"@type":"ListItem","position":2,"name":"De\u0148 rodiny v\u00a0\u0160pa\u010dinciach aj so spartakovcami"}]},{"@type":"WebSite","@id":"https:\/\/fcspartaktrnava.com\/#website","url":"https:\/\/fcspartaktrnava.com\/","name":"FC Spartak Trnava","description":"ofici\u00e1lna webstr\u00e1nka futbalov\u00e9ho klubu","publisher":{"@id":"https:\/\/fcspartaktrnava.com\/#organization"},"potentialAction":[{"@type":"SearchAction","target":{"@type":"EntryPoint","urlTemplate":"https:\/\/fcspartaktrnava.com\/?s={search_term_string}"},"query-input":{"@type":"PropertyValueSpecification","valueRequired":true,"valueName":"search_term_string"}}],"inLanguage":"en-GB"},{"@type":"Organization","@id":"https:\/\/fcspartaktrnava.com\/#organization","name":"FC Spartak Trnava","alternateName":"Spartak","url":"https:\/\/fcspartaktrnava.com\/","logo":{"@type":"ImageObject","inLanguage":"en-GB","@id":"https:\/\/fcspartaktrnava.com\/#\/schema\/logo\/image\/","url":"https:\/\/fcspartaktrnava.com\/wp-content\/uploads\/2022\/08\/cropped-site_logo.png","contentUrl":"https:\/\/fcspartaktrnava.com\/wp-content\/uploads\/2022\/08\/cropped-site_logo.png","width":140,"height":140,"caption":"FC Spartak Trnava"},"image":{"@id":"https:\/\/fcspartaktrnava.com\/#\/schema\/logo\/image\/"},"sameAs":["https:\/\/www.facebook.com\/SpartakTrnava","https:\/\/x.com\/SpartakTrnava1","https:\/\/www.instagram.com\/spartak_sk\/"]},{"@type":"Person","@id":"https:\/\/fcspartaktrnava.com\/#\/schema\/person\/24bc5b254af14f71d7d8af178790aa75","name":"spartak","image":{"@type":"ImageObject","inLanguage":"en-GB","@id":"https:\/\/fcspartaktrnava.com\/#\/schema\/person\/image\/","url":"https:\/\/secure.gravatar.com\/avatar\/f8ff8584f3fcf3909a11a6da9019f37749183b4015bca14e64556c52614cdc7f?s=96&d=mm&r=g","contentUrl":"https:\/\/secure.gravatar.com\/avatar\/f8ff8584f3fcf3909a11a6da9019f37749183b4015bca14e64556c52614cdc7f?s=96&d=mm&r=g","caption":"spartak"},"url":"https:\/\/fcspartaktrnava.com\/en\/author\/spartak\/"}]}},"_links":{"self":[{"href":"https:\/\/fcspartaktrnava.com\/en\/wp-json\/wp\/v2\/posts\/17486","targetHints":{"allow":["GET"]}}],"collection":[{"href":"https:\/\/fcspartaktrnava.com\/en\/wp-json\/wp\/v2\/posts"}],"about":[{"href":"https:\/\/fcspartaktrnava.com\/en\/wp-json\/wp\/v2\/types\/post"}],"author":[{"embeddable":true,"href":"https:\/\/fcspartaktrnava.com\/en\/wp-json\/wp\/v2\/users\/2"}],"replies":[{"embeddable":true,"href":"https:\/\/fcspartaktrnava.com\/en\/wp-json\/wp\/v2\/comments?post=17486"}],"version-history":[{"count":0,"href":"https:\/\/fcspartaktrnava.com\/en\/wp-json\/wp\/v2\/posts\/17486\/revisions"}],"wp:featuredmedia":[{"embeddable":true,"href":"https:\/\/fcspartaktrnava.com\/en\/wp-json\/wp\/v2\/media\/17487"}],"wp:attachment":[{"href":"https:\/\/fcspartaktrnava.com\/en\/wp-json\/wp\/v2\/media?parent=17486"}],"wp:term":[{"taxonomy":"category","embeddable":true,"href":"https:\/\/fcspartaktrnava.com\/en\/wp-json\/wp\/v2\/categories?post=17486"},{"taxonomy":"post_tag","embeddable":true,"href":"https:\/\/fcspartaktrnava.com\/en\/wp-json\/wp\/v2\/tags?post=17486"}],"curies":[{"name":"wp","href":"https:\/\/api.w.org\/{rel}","templated":true}]}}