{"id":17212,"date":"2024-05-09T16:41:20","date_gmt":"2024-05-09T14:41:20","guid":{"rendered":"https:\/\/fcspartaktrnava.com\/?p=17212"},"modified":"2024-05-09T16:41:20","modified_gmt":"2024-05-09T14:41:20","slug":"mozu-stacit-dva-body-a-nemusia-ani-tri","status":"publish","type":"post","link":"https:\/\/fcspartaktrnava.com\/en\/mozu-stacit-dva-body-a-nemusia-ani-tri\/","title":{"rendered":"M\u00f4\u017eu sta\u010di\u0165 dva body a\u00a0nemusia ani tri"},"content":{"rendered":"<p>Po v\u00ed\u0165azstve Spartaka nad Ru\u017eomberkom v&nbsp;predch\u00e1dzaj\u00faco kole je jasn\u00e9, \u017ee bar\u00e1\u017e o&nbsp;Eur\u00f3psku konferen\u010dn\u00fa ligu sa hra\u0165 nebude, lebo v\u00ed\u0165az Slovensk\u00e9ho poh\u00e1ra u\u017e nem\u00f4\u017ee skon\u010di\u0165 do 3. miesta. Z\u00e1rove\u0148 to znamen\u00e1, \u017ee v&nbsp;posledn\u00fdch dvoch kol\u00e1ch bud\u00fa a\u017e tri mu\u017estv\u00e1 bojova\u0165 o&nbsp;dve miestenky do EKL.<\/p>\n\n\n\n<p>Okrem Spartaka, ktor\u00e9mu moment\u00e1lne patr\u00ed 2. prie\u010dka, aj \u017dilina a&nbsp;Dunajsk\u00e1 Streda. \u017dreb rozhodol o&nbsp;tom, \u017ee sa t\u00e1to trojica stretne vo vz\u00e1jomn\u00fdch z\u00e1pasoch e\u0161te dva razy. U\u017e tento v\u00edkend nast\u00fapi Spartak v&nbsp;Dunajskej Strede a&nbsp;v&nbsp;poslednom kole \u017dilina priv\u00edta Dunajsk\u00fa Stredu.<\/p>\n\n\n\n<p>Hr\u00e1 sa teda o&nbsp;\u0161es\u0165 bodov a&nbsp;je jasn\u00e9, \u017ee minim\u00e1lne jeden z&nbsp;trojice nem\u00e1 \u0161ancu ich z\u00edska\u0165. Z\u00e1rove\u0148 v\u0161ak plat\u00ed, \u017ee v\u0161etci traja maj\u00fa postup vo svojich ruk\u00e1ch a&nbsp;nemusia sa spolieha\u0165 na niekoho in\u00e9ho. Moment\u00e1lne m\u00e1 Spartak a&nbsp;\u017dilina po 54 bodov a&nbsp;D. Streda o&nbsp;2 menej. Trnav\u010dania v\u0161ak maj\u00fa hor\u0161ie vz\u00e1jomn\u00e9 z\u00e1pasy so \u017dilinou. V&nbsp;tejto sez\u00f3ne trikr\u00e1t prehrali a&nbsp;raz vyhrali. S&nbsp;Dunajskou Stredou dva razy vyhrali, raz prehrali a&nbsp;\u010dak\u00e1 ich teda posledn\u00fd vz\u00e1jomn\u00fd z\u00e1pas.<\/p>\n\n\n\n<p>Zverenci tr\u00e9nera Ga\u0161par\u00edka na \u017ditnom ostrove potrebuj\u00fa aspo\u0148 neprehra\u0165. Ak vyhraj\u00fa, definit\u00edvne si tak zabezpe\u010dia miesto v&nbsp;prvej trojke, lebo D. Streda ich nebude m\u00f4c\u0165 predbehn\u00fa\u0165. V&nbsp;pr\u00edpade rem\u00edzy udr\u017eia minim\u00e1lne Dunajsk\u00fa Stredu za sebou na rozdiel dvoch bodov s&nbsp;lep\u0161\u00edmi vz\u00e1jomn\u00fdmi z\u00e1pasmi a&nbsp;v&nbsp;poslednom kole im bude sta\u010di\u0165 aj bod proti Podbrezovej.<\/p>\n\n\n\n<p>Hor\u0161ia situ\u00e1cia nastane v&nbsp;pr\u00edpade prehry. Dunajsk\u00e1 Streda Spartak o&nbsp;bod predbehne. Ak toti\u017e \u017dilina vyhr\u00e1 v&nbsp;Ru\u017eomberku, u\u017e ju Spartak ur\u010dite nepredbehne a&nbsp;bude na dia\u013eku s\u00faperi\u0165 s&nbsp;Dunajskostred\u010danmi, ktor\u00ed bud\u00fa ma\u0165 o&nbsp;bod viac a&nbsp;nast\u00fapia pr\u00e1ve v&nbsp;\u017diline. To by bola situ\u00e1cia, kedy by to u\u017e \u010derveno-\u010dierni nemali vo svojich ruk\u00e1ch a&nbsp;nemuselo by im pom\u00f4c\u0165 ani v\u00ed\u0165azstvo v&nbsp;poslednom kole, ak by \u017dilina s&nbsp;Dunajskou Stredou prehrala.<\/p>\n\n\n\n<p>Spartaku by vhodne zapasovala aj ak\u00e1ko\u013evek strata bodov \u017diliny v&nbsp;Ru\u017eomberku u\u017e t\u00fato sobotu. V&nbsp;tom pr\u00edpade by ani prehra v&nbsp;Dunajskej Strede nebola nerie\u0161ite\u013en\u00e1. Trnav\u010danom by sta\u010dilo v&nbsp;takom pr\u00edpade z\u00edska\u0165 tri body proti Podbrezovej a&nbsp;bude jasn\u00e9, \u017ee jedn\u00e9ho zo s\u00faperov, ktor\u00ed bud\u00fa hra\u0165 v&nbsp;poslednom kole spolu v&nbsp;\u017diline, by presko\u010dili.<\/p>\n\n\n\n<p>Mimochodom, situ\u00e1cia, \u017ee by mali v\u0161etky tri mu\u017estv\u00e1 zhodn\u00fd po\u010det bodov u\u017e nem\u00f4\u017ee nasta\u0165.<\/p>\n\n\n\n<p>Ka\u017edop\u00e1dne, v&nbsp;hre nie je len poh\u00e1rov\u00e1 miestenka, ale najm\u00e4 druh\u00e9 miesto v&nbsp;tabu\u013eke, ktor\u00e9 si chce Spartak udr\u017ea\u0165 aj po poslednom kole.<\/p>","protected":false},"excerpt":{"rendered":"<p>Po v\u00ed\u0165azstve Spartaka nad Ru\u017eomberkom v&nbsp;predch\u00e1dzaj\u00faco kole je&#8230;<\/p>","protected":false},"author":2,"featured_media":15454,"comment_status":"closed","ping_status":"closed","sticky":false,"template":"","format":"standard","meta":{"footnotes":""},"categories":[12],"tags":[],"class_list":["post-17212","post","type-post","status-publish","format-standard","has-post-thumbnail","hentry","category-spravy","post-number-1"],"yoast_head":"<!-- This site is optimized with the Yoast SEO plugin v27.1.1 - https:\/\/yoast.com\/product\/yoast-seo-wordpress\/ -->\n<title>M\u00f4\u017eu sta\u010di\u0165 dva body a\u00a0nemusia ani tri - FC Spartak Trnava<\/title>\n<meta name=\"robots\" content=\"index, follow, max-snippet:-1, max-image-preview:large, max-video-preview:-1\" \/>\n<link rel=\"canonical\" href=\"https:\/\/fcspartaktrnava.com\/en\/mozu-stacit-dva-body-a-nemusia-ani-tri\/\" \/>\n<meta name=\"twitter:label1\" content=\"Written by\" \/>\n\t<meta name=\"twitter:data1\" content=\"spartak\" \/>\n\t<meta name=\"twitter:label2\" content=\"Estimated reading time\" \/>\n\t<meta name=\"twitter:data2\" content=\"1 minute\" \/>\n<script type=\"application\/ld+json\" class=\"yoast-schema-graph\">{\"@context\":\"https:\/\/schema.org\",\"@graph\":[{\"@type\":\"Article\",\"@id\":\"https:\/\/fcspartaktrnava.com\/mozu-stacit-dva-body-a-nemusia-ani-tri\/#article\",\"isPartOf\":{\"@id\":\"https:\/\/fcspartaktrnava.com\/mozu-stacit-dva-body-a-nemusia-ani-tri\/\"},\"author\":{\"name\":\"spartak\",\"@id\":\"https:\/\/fcspartaktrnava.com\/#\/schema\/person\/24bc5b254af14f71d7d8af178790aa75\"},\"headline\":\"M\u00f4\u017eu sta\u010di\u0165 dva body a\u00a0nemusia ani tri\",\"datePublished\":\"2024-05-09T14:41:20+00:00\",\"mainEntityOfPage\":{\"@id\":\"https:\/\/fcspartaktrnava.com\/mozu-stacit-dva-body-a-nemusia-ani-tri\/\"},\"wordCount\":535,\"publisher\":{\"@id\":\"https:\/\/fcspartaktrnava.com\/#organization\"},\"image\":{\"@id\":\"https:\/\/fcspartaktrnava.com\/mozu-stacit-dva-body-a-nemusia-ani-tri\/#primaryimage\"},\"thumbnailUrl\":\"https:\/\/fcspartaktrnava.com\/wp-content\/uploads\/2024\/03\/DSC_8941.jpg\",\"articleSection\":[\"Spr\u00e1vy\"],\"inLanguage\":\"en-GB\"},{\"@type\":\"WebPage\",\"@id\":\"https:\/\/fcspartaktrnava.com\/mozu-stacit-dva-body-a-nemusia-ani-tri\/\",\"url\":\"https:\/\/fcspartaktrnava.com\/mozu-stacit-dva-body-a-nemusia-ani-tri\/\",\"name\":\"M\u00f4\u017eu sta\u010di\u0165 dva body a\u00a0nemusia ani tri - FC Spartak Trnava\",\"isPartOf\":{\"@id\":\"https:\/\/fcspartaktrnava.com\/#website\"},\"primaryImageOfPage\":{\"@id\":\"https:\/\/fcspartaktrnava.com\/mozu-stacit-dva-body-a-nemusia-ani-tri\/#primaryimage\"},\"image\":{\"@id\":\"https:\/\/fcspartaktrnava.com\/mozu-stacit-dva-body-a-nemusia-ani-tri\/#primaryimage\"},\"thumbnailUrl\":\"https:\/\/fcspartaktrnava.com\/wp-content\/uploads\/2024\/03\/DSC_8941.jpg\",\"datePublished\":\"2024-05-09T14:41:20+00:00\",\"breadcrumb\":{\"@id\":\"https:\/\/fcspartaktrnava.com\/mozu-stacit-dva-body-a-nemusia-ani-tri\/#breadcrumb\"},\"inLanguage\":\"en-GB\",\"potentialAction\":[{\"@type\":\"ReadAction\",\"target\":[\"https:\/\/fcspartaktrnava.com\/mozu-stacit-dva-body-a-nemusia-ani-tri\/\"]}]},{\"@type\":\"ImageObject\",\"inLanguage\":\"en-GB\",\"@id\":\"https:\/\/fcspartaktrnava.com\/mozu-stacit-dva-body-a-nemusia-ani-tri\/#primaryimage\",\"url\":\"https:\/\/fcspartaktrnava.com\/wp-content\/uploads\/2024\/03\/DSC_8941.jpg\",\"contentUrl\":\"https:\/\/fcspartaktrnava.com\/wp-content\/uploads\/2024\/03\/DSC_8941.jpg\",\"width\":1520,\"height\":1013},{\"@type\":\"BreadcrumbList\",\"@id\":\"https:\/\/fcspartaktrnava.com\/mozu-stacit-dva-body-a-nemusia-ani-tri\/#breadcrumb\",\"itemListElement\":[{\"@type\":\"ListItem\",\"position\":1,\"name\":\"Home\",\"item\":\"https:\/\/fcspartaktrnava.com\/\"},{\"@type\":\"ListItem\",\"position\":2,\"name\":\"M\u00f4\u017eu sta\u010di\u0165 dva body a\u00a0nemusia ani tri\"}]},{\"@type\":\"WebSite\",\"@id\":\"https:\/\/fcspartaktrnava.com\/#website\",\"url\":\"https:\/\/fcspartaktrnava.com\/\",\"name\":\"FC Spartak Trnava\",\"description\":\"ofici\u00e1lna webstr\u00e1nka futbalov\u00e9ho klubu\",\"publisher\":{\"@id\":\"https:\/\/fcspartaktrnava.com\/#organization\"},\"potentialAction\":[{\"@type\":\"SearchAction\",\"target\":{\"@type\":\"EntryPoint\",\"urlTemplate\":\"https:\/\/fcspartaktrnava.com\/?s={search_term_string}\"},\"query-input\":{\"@type\":\"PropertyValueSpecification\",\"valueRequired\":true,\"valueName\":\"search_term_string\"}}],\"inLanguage\":\"en-GB\"},{\"@type\":\"Organization\",\"@id\":\"https:\/\/fcspartaktrnava.com\/#organization\",\"name\":\"FC Spartak Trnava\",\"alternateName\":\"Spartak\",\"url\":\"https:\/\/fcspartaktrnava.com\/\",\"logo\":{\"@type\":\"ImageObject\",\"inLanguage\":\"en-GB\",\"@id\":\"https:\/\/fcspartaktrnava.com\/#\/schema\/logo\/image\/\",\"url\":\"https:\/\/fcspartaktrnava.com\/wp-content\/uploads\/2022\/08\/cropped-site_logo.png\",\"contentUrl\":\"https:\/\/fcspartaktrnava.com\/wp-content\/uploads\/2022\/08\/cropped-site_logo.png\",\"width\":140,\"height\":140,\"caption\":\"FC Spartak Trnava\"},\"image\":{\"@id\":\"https:\/\/fcspartaktrnava.com\/#\/schema\/logo\/image\/\"},\"sameAs\":[\"https:\/\/www.facebook.com\/SpartakTrnava\",\"https:\/\/x.com\/SpartakTrnava1\",\"https:\/\/www.instagram.com\/spartak_sk\/\"]},{\"@type\":\"Person\",\"@id\":\"https:\/\/fcspartaktrnava.com\/#\/schema\/person\/24bc5b254af14f71d7d8af178790aa75\",\"name\":\"spartak\",\"image\":{\"@type\":\"ImageObject\",\"inLanguage\":\"en-GB\",\"@id\":\"https:\/\/fcspartaktrnava.com\/#\/schema\/person\/image\/\",\"url\":\"https:\/\/secure.gravatar.com\/avatar\/f8ff8584f3fcf3909a11a6da9019f37749183b4015bca14e64556c52614cdc7f?s=96&d=mm&r=g\",\"contentUrl\":\"https:\/\/secure.gravatar.com\/avatar\/f8ff8584f3fcf3909a11a6da9019f37749183b4015bca14e64556c52614cdc7f?s=96&d=mm&r=g\",\"caption\":\"spartak\"},\"url\":\"https:\/\/fcspartaktrnava.com\/en\/author\/spartak\/\"}]}<\/script>\n<!-- \/ Yoast SEO plugin. -->","yoast_head_json":{"title":"M\u00f4\u017eu sta\u010di\u0165 dva body a\u00a0nemusia ani tri - FC Spartak Trnava","robots":{"index":"index","follow":"follow","max-snippet":"max-snippet:-1","max-image-preview":"max-image-preview:large","max-video-preview":"max-video-preview:-1"},"canonical":"https:\/\/fcspartaktrnava.com\/en\/mozu-stacit-dva-body-a-nemusia-ani-tri\/","twitter_misc":{"Written by":"spartak","Estimated reading time":"1 minute"},"schema":{"@context":"https:\/\/schema.org","@graph":[{"@type":"Article","@id":"https:\/\/fcspartaktrnava.com\/mozu-stacit-dva-body-a-nemusia-ani-tri\/#article","isPartOf":{"@id":"https:\/\/fcspartaktrnava.com\/mozu-stacit-dva-body-a-nemusia-ani-tri\/"},"author":{"name":"spartak","@id":"https:\/\/fcspartaktrnava.com\/#\/schema\/person\/24bc5b254af14f71d7d8af178790aa75"},"headline":"M\u00f4\u017eu sta\u010di\u0165 dva body a\u00a0nemusia ani tri","datePublished":"2024-05-09T14:41:20+00:00","mainEntityOfPage":{"@id":"https:\/\/fcspartaktrnava.com\/mozu-stacit-dva-body-a-nemusia-ani-tri\/"},"wordCount":535,"publisher":{"@id":"https:\/\/fcspartaktrnava.com\/#organization"},"image":{"@id":"https:\/\/fcspartaktrnava.com\/mozu-stacit-dva-body-a-nemusia-ani-tri\/#primaryimage"},"thumbnailUrl":"https:\/\/fcspartaktrnava.com\/wp-content\/uploads\/2024\/03\/DSC_8941.jpg","articleSection":["Spr\u00e1vy"],"inLanguage":"en-GB"},{"@type":"WebPage","@id":"https:\/\/fcspartaktrnava.com\/mozu-stacit-dva-body-a-nemusia-ani-tri\/","url":"https:\/\/fcspartaktrnava.com\/mozu-stacit-dva-body-a-nemusia-ani-tri\/","name":"M\u00f4\u017eu sta\u010di\u0165 dva body a\u00a0nemusia ani tri - FC Spartak Trnava","isPartOf":{"@id":"https:\/\/fcspartaktrnava.com\/#website"},"primaryImageOfPage":{"@id":"https:\/\/fcspartaktrnava.com\/mozu-stacit-dva-body-a-nemusia-ani-tri\/#primaryimage"},"image":{"@id":"https:\/\/fcspartaktrnava.com\/mozu-stacit-dva-body-a-nemusia-ani-tri\/#primaryimage"},"thumbnailUrl":"https:\/\/fcspartaktrnava.com\/wp-content\/uploads\/2024\/03\/DSC_8941.jpg","datePublished":"2024-05-09T14:41:20+00:00","breadcrumb":{"@id":"https:\/\/fcspartaktrnava.com\/mozu-stacit-dva-body-a-nemusia-ani-tri\/#breadcrumb"},"inLanguage":"en-GB","potentialAction":[{"@type":"ReadAction","target":["https:\/\/fcspartaktrnava.com\/mozu-stacit-dva-body-a-nemusia-ani-tri\/"]}]},{"@type":"ImageObject","inLanguage":"en-GB","@id":"https:\/\/fcspartaktrnava.com\/mozu-stacit-dva-body-a-nemusia-ani-tri\/#primaryimage","url":"https:\/\/fcspartaktrnava.com\/wp-content\/uploads\/2024\/03\/DSC_8941.jpg","contentUrl":"https:\/\/fcspartaktrnava.com\/wp-content\/uploads\/2024\/03\/DSC_8941.jpg","width":1520,"height":1013},{"@type":"BreadcrumbList","@id":"https:\/\/fcspartaktrnava.com\/mozu-stacit-dva-body-a-nemusia-ani-tri\/#breadcrumb","itemListElement":[{"@type":"ListItem","position":1,"name":"Home","item":"https:\/\/fcspartaktrnava.com\/"},{"@type":"ListItem","position":2,"name":"M\u00f4\u017eu sta\u010di\u0165 dva body a\u00a0nemusia ani tri"}]},{"@type":"WebSite","@id":"https:\/\/fcspartaktrnava.com\/#website","url":"https:\/\/fcspartaktrnava.com\/","name":"FC Spartak Trnava","description":"ofici\u00e1lna webstr\u00e1nka futbalov\u00e9ho klubu","publisher":{"@id":"https:\/\/fcspartaktrnava.com\/#organization"},"potentialAction":[{"@type":"SearchAction","target":{"@type":"EntryPoint","urlTemplate":"https:\/\/fcspartaktrnava.com\/?s={search_term_string}"},"query-input":{"@type":"PropertyValueSpecification","valueRequired":true,"valueName":"search_term_string"}}],"inLanguage":"en-GB"},{"@type":"Organization","@id":"https:\/\/fcspartaktrnava.com\/#organization","name":"FC Spartak Trnava","alternateName":"Spartak","url":"https:\/\/fcspartaktrnava.com\/","logo":{"@type":"ImageObject","inLanguage":"en-GB","@id":"https:\/\/fcspartaktrnava.com\/#\/schema\/logo\/image\/","url":"https:\/\/fcspartaktrnava.com\/wp-content\/uploads\/2022\/08\/cropped-site_logo.png","contentUrl":"https:\/\/fcspartaktrnava.com\/wp-content\/uploads\/2022\/08\/cropped-site_logo.png","width":140,"height":140,"caption":"FC Spartak Trnava"},"image":{"@id":"https:\/\/fcspartaktrnava.com\/#\/schema\/logo\/image\/"},"sameAs":["https:\/\/www.facebook.com\/SpartakTrnava","https:\/\/x.com\/SpartakTrnava1","https:\/\/www.instagram.com\/spartak_sk\/"]},{"@type":"Person","@id":"https:\/\/fcspartaktrnava.com\/#\/schema\/person\/24bc5b254af14f71d7d8af178790aa75","name":"spartak","image":{"@type":"ImageObject","inLanguage":"en-GB","@id":"https:\/\/fcspartaktrnava.com\/#\/schema\/person\/image\/","url":"https:\/\/secure.gravatar.com\/avatar\/f8ff8584f3fcf3909a11a6da9019f37749183b4015bca14e64556c52614cdc7f?s=96&d=mm&r=g","contentUrl":"https:\/\/secure.gravatar.com\/avatar\/f8ff8584f3fcf3909a11a6da9019f37749183b4015bca14e64556c52614cdc7f?s=96&d=mm&r=g","caption":"spartak"},"url":"https:\/\/fcspartaktrnava.com\/en\/author\/spartak\/"}]}},"_links":{"self":[{"href":"https:\/\/fcspartaktrnava.com\/en\/wp-json\/wp\/v2\/posts\/17212","targetHints":{"allow":["GET"]}}],"collection":[{"href":"https:\/\/fcspartaktrnava.com\/en\/wp-json\/wp\/v2\/posts"}],"about":[{"href":"https:\/\/fcspartaktrnava.com\/en\/wp-json\/wp\/v2\/types\/post"}],"author":[{"embeddable":true,"href":"https:\/\/fcspartaktrnava.com\/en\/wp-json\/wp\/v2\/users\/2"}],"replies":[{"embeddable":true,"href":"https:\/\/fcspartaktrnava.com\/en\/wp-json\/wp\/v2\/comments?post=17212"}],"version-history":[{"count":0,"href":"https:\/\/fcspartaktrnava.com\/en\/wp-json\/wp\/v2\/posts\/17212\/revisions"}],"wp:featuredmedia":[{"embeddable":true,"href":"https:\/\/fcspartaktrnava.com\/en\/wp-json\/wp\/v2\/media\/15454"}],"wp:attachment":[{"href":"https:\/\/fcspartaktrnava.com\/en\/wp-json\/wp\/v2\/media?parent=17212"}],"wp:term":[{"taxonomy":"category","embeddable":true,"href":"https:\/\/fcspartaktrnava.com\/en\/wp-json\/wp\/v2\/categories?post=17212"},{"taxonomy":"post_tag","embeddable":true,"href":"https:\/\/fcspartaktrnava.com\/en\/wp-json\/wp\/v2\/tags?post=17212"}],"curies":[{"name":"wp","href":"https:\/\/api.w.org\/{rel}","templated":true}]}}