{"id":17207,"date":"2024-05-09T08:37:53","date_gmt":"2024-05-09T06:37:53","guid":{"rendered":"https:\/\/fcspartaktrnava.com\/?p=17207"},"modified":"2024-05-09T08:37:54","modified_gmt":"2024-05-09T06:37:54","slug":"sestnastrocny-talent-podpisal-profikontrakt","status":"publish","type":"post","link":"https:\/\/fcspartaktrnava.com\/en\/sestnastrocny-talent-podpisal-profikontrakt\/","title":{"rendered":"\u0160estn\u00e1s\u0165ro\u010dn\u00fd talent podp\u00edsal profikontrakt"},"content":{"rendered":"<p>Spartakovsk\u00e1 sedemn\u00e1stka cez v\u00edkend potvrdila titul vo svojej kateg\u00f3rii a&nbsp;vedenie klubu sa rozhodlo jedn\u00e9mu z&nbsp;k\u013e\u00fa\u010dov\u00fdch hr\u00e1\u010dov tohto v\u00fdberu pon\u00faknu\u0165 prv\u00fa profesion\u00e1lnu zmluvu na tri roky. Tobias Daniel tak vo svojich \u0161estn\u00e1stich rokoch podp\u00edsal svoj prv\u00fd kontrakt, ktor\u00fd by mu mohol pootvori\u0165 dvere do kari\u00e9ry profesion\u00e1lneho futbalistu.<\/p>\n\n\n\n<p><strong><em>\u201eV&nbsp;Spartaku som od \u0161tyroch rokov a som ve\u013emi r\u00e1d, \u017ee som dostal tak\u00fato pr\u00edle\u017eitos\u0165,\u201c <\/em><\/strong>povedal po svojom prvom ve\u013ekom podpise urasten\u00fd stop\u00e9r, ktor\u00e9mu imponuj\u00fa dominantn\u00e9 postavy stredu obrany.<strong><em> \u201eMoj\u00edm najv\u00e4\u010d\u0161\u00edm vzorom je Sergio Ramos, pr\u00edpadne Virgil van Dijk, tak\u00fdto \u0161t\u00fdl futbalu by som chcel hra\u0165.\u201c<\/em><\/strong><\/p>\n\n\n\n<p>Jeho najv\u00e4\u010d\u0161ou prednos\u0165ou je u\u017e teraz s\u00fabojovos\u0165 a&nbsp;pozi\u010dn\u00e1 hra. \u010casom by sa mohol zaradi\u0165 medzi svojich o&nbsp;\u010dosi star\u0161\u00edch rovesn\u00edkov ako je Sebasi\u00e1n K\u00f3\u0161a, Marek Ujlaky \u010di Martin R\u00fdzek.<strong><em> \u201eMus\u00edm na sebe st\u00e1le pracova\u0165 a nepo\u013eavova\u0165, aby som sa prebojoval do \u00e1\u010dka. E\u0161te ma \u010dak\u00e1 dev\u00e4tn\u00e1stka, tak\u017ee mus\u00edm by\u0165 trpezliv\u00fd, ale nenamietal by som, ak by sa mi t\u00fa \u010dakaciu dobu podarilo o \u010dosi skr\u00e1ti\u0165.\u201c<\/em><\/strong><\/p>\n\n\n\n<p>U\u017e teraz t\u00fdch najlep\u0161\u00edch z&nbsp;ml\u00e1de\u017en\u00edckych t\u00edmov zara\u010fuje Michal Ga\u0161par\u00edk do tr\u00e9ningov\u00e9ho procesu \u00e1\u010dka. Tobias v\u0161ak prizn\u00e1va, \u017ee ten rozdiel je tam e\u0161te zrete\u013en\u00fd. <strong><em>\u201eJe to nie\u010do \u00faplne in\u00e9 tr\u00e9nova\u0165 s mu\u017emi a \u00eds\u0165 do s\u00faboja napr\u00edklad s Mi\u0161om \u010euri\u0161om, namiesto \u00fato\u010dn\u00edkov, ktor\u00ed s\u00fa na\u0161i rovesn\u00edci. V\u0161etko je r\u00fdchlej\u0161ie a n\u00e1ro\u010dnej\u0161ie.\u201c<\/em><\/strong><\/p>\n\n\n\n<p>Pre Daniela sa v\u0161ak sez\u00f3na e\u0161te nekon\u010d\u00ed, ke\u010f\u017ee je s\u00fa\u010das\u0165ou slovenskej reprezent\u00e1cie, ktor\u00e1 si po 24 rokoch vybojovala \u00fa\u010das\u0165 na z\u00e1vere\u010dnom turnaji majstrovstiev Eur\u00f3py. V&nbsp;z\u00e1kladnej skupine sa stretn\u00fa s&nbsp;Talianskom, \u0160v\u00e9dskom a&nbsp;Po\u013eskom. <strong><em>\u201eU\u017e na bud\u00faci t\u00fd\u017ede\u0148 m\u00e1me zraz a let\u00edme na Cyprus do dejiska majstrovstiev. Na\u0161\u00edm cie\u013eom je prebojova\u0165 sa v r\u00e1mci turnaja \u010do naj\u010falej.\u201c<\/em><\/strong><\/p>\n\n\n\n<p>Daniela vyzdvihol aj prezident klubu Peter Macho, ktor\u00fd v&nbsp;mladom chlapcov vid\u00ed potenci\u00e1l a&nbsp;r\u00e1d by ho raz videl hra\u0165 aj v&nbsp;trnavskom \u00e1\u010dku<strong><em>. \u201eTobias Daniel ka\u017ed\u00fdm t\u00fd\u017ed\u0148om v z\u00e1pasoch sedemn\u00e1stky dokazoval svoj talent a patril medzi k\u013e\u00fa\u010dov\u00fdch hr\u00e1\u010dov tejto kateg\u00f3rie. Vid\u00edme v&nbsp;\u0148om potenci\u00e1l, aj preto sme sa rozhodli pon\u00faknu\u0165 mu profesion\u00e1lnu zmluvu, aby sa mohol naplno venova\u0165 iba futbalu. Sme presved\u010den\u00ed, \u017ee raz svoj talent z\u00faro\u010d\u00ed v Spartaku.\u201c<\/em><\/strong><\/p>","protected":false},"excerpt":{"rendered":"<p>Spartakovsk\u00e1 sedemn\u00e1stka cez v\u00edkend potvrdila titul vo svojej&#8230;<\/p>","protected":false},"author":2,"featured_media":17208,"comment_status":"closed","ping_status":"closed","sticky":false,"template":"","format":"standard","meta":{"footnotes":""},"categories":[12],"tags":[],"class_list":["post-17207","post","type-post","status-publish","format-standard","has-post-thumbnail","hentry","category-spravy","post-number-1"],"yoast_head":"<!-- This site is optimized with the Yoast SEO plugin v27.1.1 - https:\/\/yoast.com\/product\/yoast-seo-wordpress\/ -->\n<title>\u0160estn\u00e1s\u0165ro\u010dn\u00fd talent podp\u00edsal profikontrakt - FC Spartak Trnava<\/title>\n<meta name=\"robots\" content=\"index, follow, max-snippet:-1, max-image-preview:large, max-video-preview:-1\" \/>\n<link rel=\"canonical\" href=\"https:\/\/fcspartaktrnava.com\/en\/sestnastrocny-talent-podpisal-profikontrakt\/\" \/>\n<meta name=\"twitter:label1\" content=\"Written by\" \/>\n\t<meta name=\"twitter:data1\" content=\"spartak\" \/>\n\t<meta name=\"twitter:label2\" content=\"Estimated reading time\" \/>\n\t<meta name=\"twitter:data2\" content=\"3 minutes\" \/>\n<script type=\"application\/ld+json\" class=\"yoast-schema-graph\">{\"@context\":\"https:\/\/schema.org\",\"@graph\":[{\"@type\":\"Article\",\"@id\":\"https:\/\/fcspartaktrnava.com\/sestnastrocny-talent-podpisal-profikontrakt\/#article\",\"isPartOf\":{\"@id\":\"https:\/\/fcspartaktrnava.com\/sestnastrocny-talent-podpisal-profikontrakt\/\"},\"author\":{\"name\":\"spartak\",\"@id\":\"https:\/\/fcspartaktrnava.com\/#\/schema\/person\/24bc5b254af14f71d7d8af178790aa75\"},\"headline\":\"\u0160estn\u00e1s\u0165ro\u010dn\u00fd talent podp\u00edsal profikontrakt\",\"datePublished\":\"2024-05-09T06:37:53+00:00\",\"dateModified\":\"2024-05-09T06:37:54+00:00\",\"mainEntityOfPage\":{\"@id\":\"https:\/\/fcspartaktrnava.com\/sestnastrocny-talent-podpisal-profikontrakt\/\"},\"wordCount\":474,\"publisher\":{\"@id\":\"https:\/\/fcspartaktrnava.com\/#organization\"},\"image\":{\"@id\":\"https:\/\/fcspartaktrnava.com\/sestnastrocny-talent-podpisal-profikontrakt\/#primaryimage\"},\"thumbnailUrl\":\"https:\/\/fcspartaktrnava.com\/wp-content\/uploads\/2024\/05\/DSC_9771-scaled.jpg\",\"articleSection\":[\"Spr\u00e1vy\"],\"inLanguage\":\"en-GB\"},{\"@type\":\"WebPage\",\"@id\":\"https:\/\/fcspartaktrnava.com\/sestnastrocny-talent-podpisal-profikontrakt\/\",\"url\":\"https:\/\/fcspartaktrnava.com\/sestnastrocny-talent-podpisal-profikontrakt\/\",\"name\":\"\u0160estn\u00e1s\u0165ro\u010dn\u00fd talent podp\u00edsal profikontrakt - FC Spartak Trnava\",\"isPartOf\":{\"@id\":\"https:\/\/fcspartaktrnava.com\/#website\"},\"primaryImageOfPage\":{\"@id\":\"https:\/\/fcspartaktrnava.com\/sestnastrocny-talent-podpisal-profikontrakt\/#primaryimage\"},\"image\":{\"@id\":\"https:\/\/fcspartaktrnava.com\/sestnastrocny-talent-podpisal-profikontrakt\/#primaryimage\"},\"thumbnailUrl\":\"https:\/\/fcspartaktrnava.com\/wp-content\/uploads\/2024\/05\/DSC_9771-scaled.jpg\",\"datePublished\":\"2024-05-09T06:37:53+00:00\",\"dateModified\":\"2024-05-09T06:37:54+00:00\",\"breadcrumb\":{\"@id\":\"https:\/\/fcspartaktrnava.com\/sestnastrocny-talent-podpisal-profikontrakt\/#breadcrumb\"},\"inLanguage\":\"en-GB\",\"potentialAction\":[{\"@type\":\"ReadAction\",\"target\":[\"https:\/\/fcspartaktrnava.com\/sestnastrocny-talent-podpisal-profikontrakt\/\"]}]},{\"@type\":\"ImageObject\",\"inLanguage\":\"en-GB\",\"@id\":\"https:\/\/fcspartaktrnava.com\/sestnastrocny-talent-podpisal-profikontrakt\/#primaryimage\",\"url\":\"https:\/\/fcspartaktrnava.com\/wp-content\/uploads\/2024\/05\/DSC_9771-scaled.jpg\",\"contentUrl\":\"https:\/\/fcspartaktrnava.com\/wp-content\/uploads\/2024\/05\/DSC_9771-scaled.jpg\",\"width\":2560,\"height\":1707},{\"@type\":\"BreadcrumbList\",\"@id\":\"https:\/\/fcspartaktrnava.com\/sestnastrocny-talent-podpisal-profikontrakt\/#breadcrumb\",\"itemListElement\":[{\"@type\":\"ListItem\",\"position\":1,\"name\":\"Home\",\"item\":\"https:\/\/fcspartaktrnava.com\/\"},{\"@type\":\"ListItem\",\"position\":2,\"name\":\"\u0160estn\u00e1s\u0165ro\u010dn\u00fd talent podp\u00edsal profikontrakt\"}]},{\"@type\":\"WebSite\",\"@id\":\"https:\/\/fcspartaktrnava.com\/#website\",\"url\":\"https:\/\/fcspartaktrnava.com\/\",\"name\":\"FC Spartak Trnava\",\"description\":\"ofici\u00e1lna webstr\u00e1nka futbalov\u00e9ho klubu\",\"publisher\":{\"@id\":\"https:\/\/fcspartaktrnava.com\/#organization\"},\"potentialAction\":[{\"@type\":\"SearchAction\",\"target\":{\"@type\":\"EntryPoint\",\"urlTemplate\":\"https:\/\/fcspartaktrnava.com\/?s={search_term_string}\"},\"query-input\":{\"@type\":\"PropertyValueSpecification\",\"valueRequired\":true,\"valueName\":\"search_term_string\"}}],\"inLanguage\":\"en-GB\"},{\"@type\":\"Organization\",\"@id\":\"https:\/\/fcspartaktrnava.com\/#organization\",\"name\":\"FC Spartak Trnava\",\"alternateName\":\"Spartak\",\"url\":\"https:\/\/fcspartaktrnava.com\/\",\"logo\":{\"@type\":\"ImageObject\",\"inLanguage\":\"en-GB\",\"@id\":\"https:\/\/fcspartaktrnava.com\/#\/schema\/logo\/image\/\",\"url\":\"https:\/\/fcspartaktrnava.com\/wp-content\/uploads\/2022\/08\/cropped-site_logo.png\",\"contentUrl\":\"https:\/\/fcspartaktrnava.com\/wp-content\/uploads\/2022\/08\/cropped-site_logo.png\",\"width\":140,\"height\":140,\"caption\":\"FC Spartak Trnava\"},\"image\":{\"@id\":\"https:\/\/fcspartaktrnava.com\/#\/schema\/logo\/image\/\"},\"sameAs\":[\"https:\/\/www.facebook.com\/SpartakTrnava\",\"https:\/\/x.com\/SpartakTrnava1\",\"https:\/\/www.instagram.com\/spartak_sk\/\"]},{\"@type\":\"Person\",\"@id\":\"https:\/\/fcspartaktrnava.com\/#\/schema\/person\/24bc5b254af14f71d7d8af178790aa75\",\"name\":\"spartak\",\"image\":{\"@type\":\"ImageObject\",\"inLanguage\":\"en-GB\",\"@id\":\"https:\/\/fcspartaktrnava.com\/#\/schema\/person\/image\/\",\"url\":\"https:\/\/secure.gravatar.com\/avatar\/f8ff8584f3fcf3909a11a6da9019f37749183b4015bca14e64556c52614cdc7f?s=96&d=mm&r=g\",\"contentUrl\":\"https:\/\/secure.gravatar.com\/avatar\/f8ff8584f3fcf3909a11a6da9019f37749183b4015bca14e64556c52614cdc7f?s=96&d=mm&r=g\",\"caption\":\"spartak\"},\"url\":\"https:\/\/fcspartaktrnava.com\/en\/author\/spartak\/\"}]}<\/script>\n<!-- \/ Yoast SEO plugin. -->","yoast_head_json":{"title":"\u0160estn\u00e1s\u0165ro\u010dn\u00fd talent podp\u00edsal profikontrakt - FC Spartak Trnava","robots":{"index":"index","follow":"follow","max-snippet":"max-snippet:-1","max-image-preview":"max-image-preview:large","max-video-preview":"max-video-preview:-1"},"canonical":"https:\/\/fcspartaktrnava.com\/en\/sestnastrocny-talent-podpisal-profikontrakt\/","twitter_misc":{"Written by":"spartak","Estimated reading time":"3 minutes"},"schema":{"@context":"https:\/\/schema.org","@graph":[{"@type":"Article","@id":"https:\/\/fcspartaktrnava.com\/sestnastrocny-talent-podpisal-profikontrakt\/#article","isPartOf":{"@id":"https:\/\/fcspartaktrnava.com\/sestnastrocny-talent-podpisal-profikontrakt\/"},"author":{"name":"spartak","@id":"https:\/\/fcspartaktrnava.com\/#\/schema\/person\/24bc5b254af14f71d7d8af178790aa75"},"headline":"\u0160estn\u00e1s\u0165ro\u010dn\u00fd talent podp\u00edsal profikontrakt","datePublished":"2024-05-09T06:37:53+00:00","dateModified":"2024-05-09T06:37:54+00:00","mainEntityOfPage":{"@id":"https:\/\/fcspartaktrnava.com\/sestnastrocny-talent-podpisal-profikontrakt\/"},"wordCount":474,"publisher":{"@id":"https:\/\/fcspartaktrnava.com\/#organization"},"image":{"@id":"https:\/\/fcspartaktrnava.com\/sestnastrocny-talent-podpisal-profikontrakt\/#primaryimage"},"thumbnailUrl":"https:\/\/fcspartaktrnava.com\/wp-content\/uploads\/2024\/05\/DSC_9771-scaled.jpg","articleSection":["Spr\u00e1vy"],"inLanguage":"en-GB"},{"@type":"WebPage","@id":"https:\/\/fcspartaktrnava.com\/sestnastrocny-talent-podpisal-profikontrakt\/","url":"https:\/\/fcspartaktrnava.com\/sestnastrocny-talent-podpisal-profikontrakt\/","name":"\u0160estn\u00e1s\u0165ro\u010dn\u00fd talent podp\u00edsal profikontrakt - FC Spartak Trnava","isPartOf":{"@id":"https:\/\/fcspartaktrnava.com\/#website"},"primaryImageOfPage":{"@id":"https:\/\/fcspartaktrnava.com\/sestnastrocny-talent-podpisal-profikontrakt\/#primaryimage"},"image":{"@id":"https:\/\/fcspartaktrnava.com\/sestnastrocny-talent-podpisal-profikontrakt\/#primaryimage"},"thumbnailUrl":"https:\/\/fcspartaktrnava.com\/wp-content\/uploads\/2024\/05\/DSC_9771-scaled.jpg","datePublished":"2024-05-09T06:37:53+00:00","dateModified":"2024-05-09T06:37:54+00:00","breadcrumb":{"@id":"https:\/\/fcspartaktrnava.com\/sestnastrocny-talent-podpisal-profikontrakt\/#breadcrumb"},"inLanguage":"en-GB","potentialAction":[{"@type":"ReadAction","target":["https:\/\/fcspartaktrnava.com\/sestnastrocny-talent-podpisal-profikontrakt\/"]}]},{"@type":"ImageObject","inLanguage":"en-GB","@id":"https:\/\/fcspartaktrnava.com\/sestnastrocny-talent-podpisal-profikontrakt\/#primaryimage","url":"https:\/\/fcspartaktrnava.com\/wp-content\/uploads\/2024\/05\/DSC_9771-scaled.jpg","contentUrl":"https:\/\/fcspartaktrnava.com\/wp-content\/uploads\/2024\/05\/DSC_9771-scaled.jpg","width":2560,"height":1707},{"@type":"BreadcrumbList","@id":"https:\/\/fcspartaktrnava.com\/sestnastrocny-talent-podpisal-profikontrakt\/#breadcrumb","itemListElement":[{"@type":"ListItem","position":1,"name":"Home","item":"https:\/\/fcspartaktrnava.com\/"},{"@type":"ListItem","position":2,"name":"\u0160estn\u00e1s\u0165ro\u010dn\u00fd talent podp\u00edsal profikontrakt"}]},{"@type":"WebSite","@id":"https:\/\/fcspartaktrnava.com\/#website","url":"https:\/\/fcspartaktrnava.com\/","name":"FC Spartak Trnava","description":"ofici\u00e1lna webstr\u00e1nka futbalov\u00e9ho klubu","publisher":{"@id":"https:\/\/fcspartaktrnava.com\/#organization"},"potentialAction":[{"@type":"SearchAction","target":{"@type":"EntryPoint","urlTemplate":"https:\/\/fcspartaktrnava.com\/?s={search_term_string}"},"query-input":{"@type":"PropertyValueSpecification","valueRequired":true,"valueName":"search_term_string"}}],"inLanguage":"en-GB"},{"@type":"Organization","@id":"https:\/\/fcspartaktrnava.com\/#organization","name":"FC Spartak Trnava","alternateName":"Spartak","url":"https:\/\/fcspartaktrnava.com\/","logo":{"@type":"ImageObject","inLanguage":"en-GB","@id":"https:\/\/fcspartaktrnava.com\/#\/schema\/logo\/image\/","url":"https:\/\/fcspartaktrnava.com\/wp-content\/uploads\/2022\/08\/cropped-site_logo.png","contentUrl":"https:\/\/fcspartaktrnava.com\/wp-content\/uploads\/2022\/08\/cropped-site_logo.png","width":140,"height":140,"caption":"FC Spartak Trnava"},"image":{"@id":"https:\/\/fcspartaktrnava.com\/#\/schema\/logo\/image\/"},"sameAs":["https:\/\/www.facebook.com\/SpartakTrnava","https:\/\/x.com\/SpartakTrnava1","https:\/\/www.instagram.com\/spartak_sk\/"]},{"@type":"Person","@id":"https:\/\/fcspartaktrnava.com\/#\/schema\/person\/24bc5b254af14f71d7d8af178790aa75","name":"spartak","image":{"@type":"ImageObject","inLanguage":"en-GB","@id":"https:\/\/fcspartaktrnava.com\/#\/schema\/person\/image\/","url":"https:\/\/secure.gravatar.com\/avatar\/f8ff8584f3fcf3909a11a6da9019f37749183b4015bca14e64556c52614cdc7f?s=96&d=mm&r=g","contentUrl":"https:\/\/secure.gravatar.com\/avatar\/f8ff8584f3fcf3909a11a6da9019f37749183b4015bca14e64556c52614cdc7f?s=96&d=mm&r=g","caption":"spartak"},"url":"https:\/\/fcspartaktrnava.com\/en\/author\/spartak\/"}]}},"_links":{"self":[{"href":"https:\/\/fcspartaktrnava.com\/en\/wp-json\/wp\/v2\/posts\/17207","targetHints":{"allow":["GET"]}}],"collection":[{"href":"https:\/\/fcspartaktrnava.com\/en\/wp-json\/wp\/v2\/posts"}],"about":[{"href":"https:\/\/fcspartaktrnava.com\/en\/wp-json\/wp\/v2\/types\/post"}],"author":[{"embeddable":true,"href":"https:\/\/fcspartaktrnava.com\/en\/wp-json\/wp\/v2\/users\/2"}],"replies":[{"embeddable":true,"href":"https:\/\/fcspartaktrnava.com\/en\/wp-json\/wp\/v2\/comments?post=17207"}],"version-history":[{"count":0,"href":"https:\/\/fcspartaktrnava.com\/en\/wp-json\/wp\/v2\/posts\/17207\/revisions"}],"wp:featuredmedia":[{"embeddable":true,"href":"https:\/\/fcspartaktrnava.com\/en\/wp-json\/wp\/v2\/media\/17208"}],"wp:attachment":[{"href":"https:\/\/fcspartaktrnava.com\/en\/wp-json\/wp\/v2\/media?parent=17207"}],"wp:term":[{"taxonomy":"category","embeddable":true,"href":"https:\/\/fcspartaktrnava.com\/en\/wp-json\/wp\/v2\/categories?post=17207"},{"taxonomy":"post_tag","embeddable":true,"href":"https:\/\/fcspartaktrnava.com\/en\/wp-json\/wp\/v2\/tags?post=17207"}],"curies":[{"name":"wp","href":"https:\/\/api.w.org\/{rel}","templated":true}]}}