{"id":17197,"date":"2024-05-06T08:56:43","date_gmt":"2024-05-06T06:56:43","guid":{"rendered":"https:\/\/fcspartaktrnava.com\/?p=17197"},"modified":"2024-05-06T08:56:43","modified_gmt":"2024-05-06T06:56:43","slug":"sedemnastka-je-majster-ale-darilo-sa-aj-zvysnym-mladeznikom","status":"publish","type":"post","link":"https:\/\/fcspartaktrnava.com\/en\/sedemnastka-je-majster-ale-darilo-sa-aj-zvysnym-mladeznikom\/","title":{"rendered":"Sedemn\u00e1stka je majster, ale darilo sa aj zvy\u0161n\u00fdm ml\u00e1de\u017en\u00edkom"},"content":{"rendered":"<p><strong>\u0160K Slovan Bratislava U19 \u2013 FC Spartak Trnava U19 0:3 (0:0)<\/strong><\/p>\n\n\n\n<p>Spartakovsk\u00e1 dev\u00e4tn\u00e1stka predviedla v&nbsp;derby na ihrisku s\u00fapera fantastick\u00fd v\u00fdkon. Po bezg\u00f3lovom prvom pol\u010dase rozhodla o&nbsp;osude z\u00e1pasu skvel\u00e1 desa\u0165min\u00fatovka. Od 53. do 63. min\u00faty sme rozhodli tromi g\u00f3lmi a&nbsp;pohodlnom v\u00ed\u0165azstve rozdielom triedy.<\/p>\n\n\n\n<p><strong>FCST U19: <\/strong>Gr\u00faber \u2013 Danihel, Fan\u010dovi\u010d, U\u0161\u010denko, \u0160ebek (74. Krchn\u00e1r), Henyig, Straka, Lipovsk\u00fd (C), Adamkovi\u010d, Bil\u010d\u00edk (82. Horn\u00edk), Vysko\u010d (66. Trivunovi\u010d)<\/p>\n\n\n\n<p><strong>Goals: <\/strong>53. a&nbsp;60. Vysko\u010d, 63. Danihel<\/p>\n\n\n\n<p><strong>Yellow cards: <\/strong>Lipovsk\u00fd, Fan\u010dovi\u010d<\/p>\n\n\n\n<p><strong>Peter Ga\u017ei: \u201eDo zostavy sa po dvoch z\u00e1pasoch vr\u00e1til Adamkovi\u010d, ktor\u00fd si plnil reprezenta\u010dn\u00e9 povinnosti a\u00a0do na\u0161ej hry priniesol potrebn\u00e9 veci v\u00a0oboch f\u00e1zach hry. Prv\u00fd pol\u010das bolo d\u00f4le\u017eit\u00e9, \u017ee sme ust\u00e1li \u00favodn\u00fd tlak a\u00a0neinkasovali sme. Do druh\u00e9ho pol\u010dasu sme vst\u00fapili lep\u0161ie a\u00a0hne\u010f v\u00a0jeho \u00favode sme rozhodli z\u00e1pas tromi r\u00fdchlymi g\u00f3lmi. Prv\u00fd sme strelili po peknej akcii, ktor\u00fa zakon\u010dil Vysko\u010d do pr\u00e1zdnej br\u00e1ny po v\u00fdbornej prihr\u00e1vke Adamkovi\u010da. Kvalitn\u00fdm zakon\u010den\u00edm pridal svoj druh\u00fd g\u00f3l Vysko\u010d. Predch\u00e1dzala mu d\u00f4le\u017eit\u00e1 \u010dinnos\u0165 Lipovsk\u00e9ho. Po rohovom kope uzavrel stretnutie Danihel. Druh\u00fd pol\u010das bol z\u00a0h\u013eadiska ofenz\u00edvy jeden z\u00a0najlep\u0161\u00edch v\u00a0sez\u00f3ne. Vo zvy\u0161n\u00fdch \u0161tyroch stretnutiach na\u0148 potrebujeme nadviaza\u0165.\u201c<\/strong><\/p>\n\n\n<div class=\"wp-block-image\">\n<figure class=\"aligncenter size-large is-resized\"><img loading=\"lazy\" decoding=\"async\" width=\"1024\" height=\"666\" src=\"https:\/\/fcspartaktrnava.com\/wp-content\/uploads\/2024\/05\/WhatsApp-Image-2024-05-04-at-16.02.35-1024x666.jpeg\" alt=\"\" class=\"wp-image-17198\" style=\"width:670px;height:auto\" srcset=\"https:\/\/fcspartaktrnava.com\/wp-content\/uploads\/2024\/05\/WhatsApp-Image-2024-05-04-at-16.02.35-1024x666.jpeg 1024w, https:\/\/fcspartaktrnava.com\/wp-content\/uploads\/2024\/05\/WhatsApp-Image-2024-05-04-at-16.02.35-300x195.jpeg 300w, https:\/\/fcspartaktrnava.com\/wp-content\/uploads\/2024\/05\/WhatsApp-Image-2024-05-04-at-16.02.35-768x500.jpeg 768w, https:\/\/fcspartaktrnava.com\/wp-content\/uploads\/2024\/05\/WhatsApp-Image-2024-05-04-at-16.02.35-18x12.jpeg 18w, https:\/\/fcspartaktrnava.com\/wp-content\/uploads\/2024\/05\/WhatsApp-Image-2024-05-04-at-16.02.35.jpeg 1200w\" sizes=\"auto, (max-width: 1024px) 100vw, 1024px\" \/><\/figure>\n<\/div>\n\n\n<p><strong>FC Spartak Trnava U17 \u2013 1. FC Tatran Pre\u0161ov U17 4:0 (3:0)<\/strong><\/p>\n\n\n\n<p>Pred derby z\u00e1pasom, v&nbsp;ktorom mohla sedemn\u00e1stka spe\u010dati\u0165 zisk titulu, ich \u010dakal v&nbsp;stredu nemenej d\u00f4le\u017eit\u00fd z\u00e1pas s&nbsp;Pre\u0161ovom. T\u00edm z&nbsp;opa\u010dn\u00e9ho p\u00f3la tabu\u013eky sme po\u013eahky zdolali. Kame\u0148 \u00faspechu v\u00ed\u0165azstva 4:0 sme polo\u017eili tromi g\u00f3lmi u\u017e v&nbsp;prvom dejstve.<\/p>\n\n\n\n<p><strong>FCST U17: <\/strong>H\u00faska (46. Halada) \u2013 Kov\u00e1\u010d, Konopka, Daniel (46. Pristach), Bohmer, Farka\u0161 (46. Bug\u00e1r), Le\u017e\u00e1k, Pta\u010d\u00edn (46. Kubovi\u010d), Trello, Priecel (C), Bukovsk\u00fd (58. Kocian)<\/p>\n\n\n\n<p><strong>Goals: <\/strong>10. Bukovsk\u00fd, 20. a&nbsp;36. Le\u017e\u00e1k, 48. Kubovi\u010d<\/p>\n\n\n\n<p><strong>Yellow cards: <\/strong>Pristach, Kov\u00e1\u010d<\/p>\n\n\n\n<p><strong>Patrik Mal\u00fd: \u201eZ\u00e1pas sme mali pod kontrolou po\u010das cel\u00e9ho stretnutia. Mohli sme vyu\u017ei\u0165 e\u0161te niektor\u00e9 \u0161ance a\u00a0by\u0165 viac efekt\u00edvni. Celkovo mal z\u00e1pas ni\u017e\u0161ie tempo, no s\u00a0kone\u010dn\u00fdm v\u00fdsledkom sme spokojn\u00ed a\u00a0ver\u00edm, \u017ee sme sa dobre naladili na z\u00e1vere\u010dn\u00e9 tri kol\u00e1, ktor\u00e9 chceme zvl\u00e1dnu\u0165.\u201c<\/strong><\/p>\n\n\n\n<p><strong>FC Spartak Trnava U16 \u2013 1. FC Tatran Pre\u0161ov U16 2:0 (1:0)<\/strong><\/p>\n\n\n\n<p>\u00daspe\u0161n\u00fd vstup do anglick\u00e9ho t\u00fd\u017ed\u0148a zaznamenala aj na\u0161a \u0161estn\u00e1stka. S&nbsp;v\u00fdchodniarmi zv\u00ed\u0165azila 2:0, ke\u010f sa presadila v&nbsp;oboch pol\u010dasoch zhodne jedenkr\u00e1t.<\/p>\n\n\n\n<p><strong>FCST U16: <\/strong>Jablonick\u00fd \u2013 Redenkovi\u010d, Tejzr, Zemko, Rep\u00e1\u0148, Benkovsk\u00fd, Melia (52. Vlha), Ma\u0165o (79. \u0160tev\u00edk), Flimmel (41. Fojta), \u010ci\u010dmanec (79. Tittel), Pol\u0165\u00e1k (C)<\/p>\n\n\n\n<p><strong>Goals: <\/strong>39. Zemko, 75. Pol\u0165\u00e1k<\/p>\n\n\n\n<p><strong>Yellow cards: <\/strong>Benkovsk\u00fd, Pol\u0165\u00e1k, Rep\u00e1\u0148, Ma\u0165o<\/p>\n\n\n\n<p><strong>Adam Chorvath: \u201eZ\u00e1pas, ktor\u00fd bol len o&nbsp;n\u00e1s. Po\u010das cel\u00e9ho stretnutia sme jasne dominovali, no na\u0161a efektivita v&nbsp;zakon\u010den\u00ed bola slab\u00e1, a&nbsp;tak sme dr\u017eali z\u00e1pas otvoren\u00fd zbyto\u010dne a\u017e do jeho konca. V&nbsp;z\u00e1vere sme pridali druh\u00fd z\u00e1sah, no g\u00f3lov\u00fd rozdiel mal by\u0165 \u010faleko vy\u0161\u0161\u00ed.\u201c<\/strong><\/p>\n\n\n\n<p><strong>FC Spartak Trnava U17 \u2013 \u0160K Slovan Bratislava U17 0:0<\/strong><\/p>\n\n\n\n<p>Sedemn\u00e1stke sta\u010dilo z\u00edska\u0165 vo v\u00edkendovom&nbsp;dom\u00e1com derby so Slovanom na spe\u010datenie titulu jeden bod. Ten sme napokon po bezg\u00f3lovej rem\u00edze z\u00edskali. Druh\u00fd Slovan m\u00e1 s\u00edce o&nbsp;z\u00e1pas menej, ale na \u010dele tabu\u013eky m\u00e1me dve, respekt\u00edve tri kol\u00e1 pred koncom nedostihnute\u013en\u00fd jeden\u00e1s\u0165bodov\u00fd n\u00e1skok.<\/p>\n\n\n\n<p><strong>FCST U17: <\/strong>H\u00faska \u2013 Velick\u00fd, Pristach, Daniel, Bohmer, Farka\u0161 (C), Le\u017e\u00e1k, Pta\u010d\u00edn (54. Kubovi\u010d), Trello (90. Konopka), Priecel, Bukovsk\u00fd<\/p>\n\n\n\n<p><strong>Yellow cards: <\/strong>Bukovsk\u00fd<\/p>\n\n\n\n<p><strong>Patrik Mal\u00fd: \u201eZ\u00e1pas mal z\u00a0oboch str\u00e1n ve\u013emi dobr\u00fa kvalitu. Mu\u017estv\u00e1 hrali ve\u013emi dobre organizovane, na pr\u00edle\u017eitosti to bolo tie\u017e vyrovnan\u00e9. V\u00a0prvom pol\u010dase sme mali probl\u00e9m s\u00a0vetrom, najm\u00e4 pri kombin\u00e1ci\u00e1ch a\u00a0obrann\u00fdch \u0161tandardn\u00fdch situ\u00e1ci\u00e1ch. V\u00a0druhom pol\u010dase sme sa viac dostali do fin\u00e1lnej z\u00f3ny a\u00a0Filip Trello si vypracoval dve zauj\u00edmav\u00e9 pr\u00edle\u017eitosti, pri ktor\u00fdch n\u00e1m ch\u00fdbal k\u00fasok \u0161\u0165astia. Tak\u017ee celkovo je rem\u00edza spravodliv\u00e1. Z\u00e1rove\u0148 sme ziskom bodu dosiahli zisk majstrovsk\u00e9ho titulu, za \u010do patr\u00ed hr\u00e1\u010dom ve\u013ek\u00e1 v\u010faka a\u00a0uznanie.\u201c<\/strong><\/p>\n\n\n<div class=\"wp-block-image\">\n<figure class=\"aligncenter size-large is-resized\"><img loading=\"lazy\" decoding=\"async\" width=\"1024\" height=\"681\" src=\"https:\/\/fcspartaktrnava.com\/wp-content\/uploads\/2024\/05\/DSC_9382-2-1024x681.jpg\" alt=\"\" class=\"wp-image-17200\" style=\"width:666px;height:auto\" srcset=\"https:\/\/fcspartaktrnava.com\/wp-content\/uploads\/2024\/05\/DSC_9382-2-1024x681.jpg 1024w, https:\/\/fcspartaktrnava.com\/wp-content\/uploads\/2024\/05\/DSC_9382-2-300x200.jpg 300w, https:\/\/fcspartaktrnava.com\/wp-content\/uploads\/2024\/05\/DSC_9382-2-768x511.jpg 768w, https:\/\/fcspartaktrnava.com\/wp-content\/uploads\/2024\/05\/DSC_9382-2-1536x1022.jpg 1536w, https:\/\/fcspartaktrnava.com\/wp-content\/uploads\/2024\/05\/DSC_9382-2-2048x1363.jpg 2048w, https:\/\/fcspartaktrnava.com\/wp-content\/uploads\/2024\/05\/DSC_9382-2-18x12.jpg 18w\" sizes=\"auto, (max-width: 1024px) 100vw, 1024px\" \/><\/figure>\n<\/div>\n\n\n<p><strong>FC Spartak Trnava U16 \u2013 \u0160K Slovan Bratislava U16 4:1 (2:1)<\/strong><\/p>\n\n\n\n<p>Podobne ako dev\u00e4tn\u00e1stka, aj najmlad\u0161\u00ed dorastenci vyhrali v&nbsp;derby rozdielom triedy. V\u010faka zisku d\u00f4le\u017eit\u00fdch troch bodov s\u00fa na\u0161i hr\u00e1\u010di jedin\u00fdm t\u00edmom, ktor\u00fd bojuje s&nbsp;Dunajskou Stredou o&nbsp;titul, no \u0161tyri kol\u00e1 pred koncom str\u00e1came dva body, av\u0161ak s\u00faper m\u00e1 e\u0161te z\u00e1pas k&nbsp;dobru.<\/p>\n\n\n\n<p><strong>FCST U16: <\/strong>Luko\u0161\u00edk \u2013 Redenkovi\u010d, Tejzr, Benkovsk\u00fd (C), Rep\u00e1\u0148, Melia (75. Sobota), Ma\u0165o, Vlha (60. Bohunick\u00fd), Flimmel (68. \u010ci\u010dmanec), Terenkov (68. Fojta), Pol\u0165\u00e1k (75. \u0160tev\u00edk)<\/p>\n\n\n\n<p><strong>Goals: <\/strong>9. a&nbsp;18. Ma\u0165o, 53. Melia, 67. Terenkov (z 11m)<\/p>\n\n\n\n<p><strong>Yellow cards: <\/strong>Flimmel<\/p>\n\n\n\n<p><strong>Adam Chorvath: \u201eMali sme vynikaj\u00faci \u00favod, hrali sme vo vysokom tempe, agres\u00edvne s&nbsp;dobrou em\u00f3ciou a&nbsp;s&nbsp;ve\u013ekou kvalitou na lopte, v\u00fdsledkom \u010doho boli dva strelen\u00e9 g\u00f3ly. N\u00e1sledne pri\u0161iel z&nbsp;na\u0161ej strany tro\u0161ku \u00fatlm, hra sa vyrovnala a&nbsp;s\u00faper zn\u00ed\u017eil. V&nbsp;druhom pol\u010dase sme z\u00e1pas kontrolovali. \u0160anc\u00ed bolo na oboch stran\u00e1ch menej, n\u00e1m sa podarilo prida\u0165 \u010fal\u0161ie dva g\u00f3ly po dobre zvl\u00e1dnutom proti\u00fatoku a&nbsp;pokutovom kope. Som hrd\u00fd na chalanov za to, ako sa dok\u00e1\u017eeme prezentova\u0165 aj napriek mnoh\u00fdm vyn\u00faten\u00fdm zmen\u00e1m v&nbsp;zostave. Dnes sme uk\u00e1zali vysok\u00fa v\u00ed\u0165azn\u00fa mentalitu, a&nbsp;to je to, na \u010dom potrebujeme stava\u0165 aj na\u010falej.\u201c<\/strong><\/p>\n\n\n\n<p><strong>FC Spartak Trnava U15 \u2013 FKM Karlova Ves Bratislava U15 3:1 (1:0)<\/strong><\/p>\n\n\n\n<p>Star\u0161\u00ed \u017eiaci si v&nbsp;piatom nadstavbovom kole zmerali sily s&nbsp;rovesn\u00edkmi z&nbsp;Karlovej Vsi. P\u00e4tn\u00e1stka mohla vies\u0165 u\u017e od tretej min\u00faty, ale Fojta nepremenil pokutov\u00fd kop. Mrzie\u0165 ho to ale nemuselo, preto\u017ee dvomi g\u00f3lmi zariadil v\u00ed\u0165azstvo svojho t\u00edmu v&nbsp;pomere 3:1.<\/p>\n\n\n\n<p><strong>FCST U15: <\/strong>Pavelka \u2013 Slov\u00e1k (56. Studen\u00fd), Kostol\u00e1ni, Lenghardt, U\u0161\u00e1k, He\u010dko, Bohunick\u00fd (C), Artim (41. August\u00edn), \u0160venda, Kr\u00e1li\u010d (41. Mi\u0161o), Fojta<\/p>\n\n\n\n<p><strong>Goals: <\/strong>12. a&nbsp;48. Fojta, 61. Mi\u0161o<\/p>\n\n\n\n<p><strong>Tom\u00e1\u0161 K\u00e1nik: \u201eJednalo sa o&nbsp;typick\u00fd z\u00e1pas, v&nbsp;ktorom sme museli \u00fato\u010di\u0165 proti hlbok\u00e9mu bloku s\u00fapera. Napriek vysok\u00e9mu dr\u017eaniu lopty sme si nevytv\u00e1rali to\u013eko \u0161anc\u00ed, ako by sme chceli. Na\u0161im \u00fatokom ch\u00fdbal moment prekvapenia, nevych\u00e1dzali n\u00e1m kombin\u00e1cie kr\u00e1tkymi prihr\u00e1vkami stredom ihriska, t\u00fdm p\u00e1dom sme g\u00f3ly museli streli\u0165 po individu\u00e1lnych rie\u0161eniach z&nbsp;kr\u00eddeln\u00fdch priestorov.\u201c<\/strong><\/p>\n\n\n\n<p><strong>FC Spartak Trnava U14 \u2013 FKM Karlova Ves Bratislava U14 3:1 (1:0)<\/strong><\/p>\n\n\n\n<p>Identick\u00fdm v\u00fdsledkom skon\u010dilo aj stretnutie medzi \u017eiakmi do 14 rokov. Zatia\u013e \u010do p\u00e4tn\u00e1stka inkasovala a\u017e v&nbsp;samom z\u00e1vere, ich mlad\u0161\u00ed spoluhr\u00e1\u010di museli zareagova\u0165 na vyrovn\u00e1vaj\u00faci g\u00f3l. V&nbsp;samom z\u00e1vere sa im to podarilo hne\u010f dvakr\u00e1t.<\/p>\n\n\n\n<p><strong>FCST U14: <\/strong>Sartini (49. Vlkovi\u010d) \u2013 \u010euri\u0161 (36. \u0160tip\u010d\u00e1k), G\u00e1bor, Kalam\u00e1r (C), Martinkovi\u010d, Kore\u0148 (47. Dreven\u00e1k), Matu\u0161\u00edk, Feni\u010d (36. Bo\u0161ansk\u00fd), Pokus (28. Zaj\u00e1no\u0161), Troshupa (47. Kr\u00e1\u013eovi\u010d), Bo\u0161ka (47. Holb\u00edk)<\/p>\n\n\n\n<p><strong>Goals: <\/strong>34. Kore\u0148, 66. Dreven\u00e1k, 70. \u0160tip\u010d\u00e1k (z 11m)<\/p>\n\n\n\n<p><strong>Oliver Burian: \u201eDo z\u00e1pasu sme vst\u00fapili dobre, ke\u010f sme si v&nbsp;priebehu prv\u00fdch p\u00e4tn\u00e1stich min\u00fat vytvorili 5 \u010dist\u00fdch g\u00f3lov\u00fdch pr\u00edle\u017eitost\u00ed po pekn\u00fdch t\u00edmov\u00fdch akci\u00e1ch, ktor\u00e9 sme bohu\u017eia\u013e nedok\u00e1zali efekt\u00edvne zakon\u010di\u0165. Viac-menej, cel\u00fd prv\u00fd pol\u010das sa odohr\u00e1val pred pokutov\u00fdm \u00fazem\u00edm s\u00fapera, av\u0161ak sk\u00f3rova\u0165 sa n\u00e1m podarilo iba po v\u00fdstavnom priamom kope Kore\u0148a. Do druh\u00e9ho pol\u010dasu sme nast\u00fapili so z\u00e1merom zr\u00fdchli\u0165 prechodov\u00fa f\u00e1zu a&nbsp;repressing po strate lopty, aby sme dok\u00e1zali vyu\u017ei\u0165 otvoren\u00e9 priestory. To sa n\u00e1m \u010diasto\u010dne darilo, av\u0161ak v&nbsp;predfin\u00e1lnej a&nbsp;fin\u00e1lnej f\u00e1ze sme mali zbyto\u010dne zbrkl\u00e9 a&nbsp;nepresn\u00e9 rie\u0161enia. G\u00f3l sme s\u00faperovi doslova darovali pri jedinej n\u00e1v\u0161teve n\u00e1\u0161ho pokutov\u00e9ho \u00fazemia po hrubej individu\u00e1lnej chybe brank\u00e1ra v&nbsp;rozohr\u00e1vke. Som r\u00e1d, \u017ee sme po inkasovanom g\u00f3le dok\u00e1zali zatla\u010di\u0165 s\u00fapera na maximum, \u010do vy\u00fastilo v&nbsp;na\u0161e \u010fal\u0161ie dva g\u00f3ly a&nbsp;zasl\u00fa\u017eene sme z\u00e1pas vyhrali. Som r\u00e1d za tak\u00fdto z\u00e1pas. Uk\u00e1zal n\u00e1m, ktor\u00ed hr\u00e1\u010di vedia zobra\u0165 \u0165archu zodpovednosti v&nbsp;\u0165a\u017ek\u00fdch chv\u00ed\u013each na seba a ktor\u00ed sa miestami len vez\u00fa na kvalite cel\u00e9ho t\u00edmu.\u201c<\/strong><\/p>\n\n\n\n<p><strong>FC Spartak Trnava U13 \u2013 AS Tren\u010d\u00edn U13 5:1 (2:0)<\/strong><\/p>\n\n\n\n<p>V&nbsp;strede t\u00fd\u017ed\u0148a absolvovali majstrovsk\u00e9 z\u00e1pasy aj t\u00edmy mlad\u0161\u00edch \u017eiakov. L\u00edder s\u00fa\u0165a\u017ee z&nbsp;kateg\u00f3rie U13 potvrdil svoju poz\u00edciu a&nbsp;Tren\u010d\u00ednu nadelil 5:1, k&nbsp;\u010domu sa najviac podp\u00edsal trojg\u00f3lov\u00fd Junas.<\/p>\n\n\n\n<p><strong>FCST U13: <\/strong>Mes\u00e1ro\u0161, Hamb\u00e1lek \u2013 Rep\u00e1\u0148, Mar\u010di\u0161 (C), Mikulec, Pola\u010dek, Poliak, Pol\u0165\u00e1k, Kohutovi\u010d, Junas, Dvorsk\u00fd, Kuss, Koll\u00e1r, Mego, Miklovi\u010d, Strojn\u00fd, Fojta, Pie\u0161\u0165ansk\u00fd<\/p>\n\n\n\n<p><strong>Goals: <\/strong>24., 33. a&nbsp;60. Junas, 50. Kuss, 57. Fojta<\/p>\n\n\n\n<p><strong>Yellow cards: <\/strong>Mego<\/p>\n\n\n\n<p><strong>Filip N\u00e1dask\u00fd: \u201eZ\u00e1pas n\u00e1m po hernej str\u00e1nke v\u00f4bec nevy\u0161iel. S\u00faper bol na lopte akt\u00edvnej\u0161\u00ed, my sme mali probl\u00e9m s\u00a0dr\u017ean\u00edm lopty a\u00a0prehr\u00e1vali sme nespo\u010detne ve\u013ea osobn\u00fdch s\u00fabojov. Prv\u00fdch 15 min\u00fat z\u00e1pasu, si dovol\u00edm poveda\u0165, bolo najhor\u0161\u00edch v\u00a0doteraj\u0161ej sez\u00f3ne. Zbyto\u010dne sme sa uchy\u013eovali k\u00a0zbrkl\u00fdm rie\u0161eniam hern\u00fdch kombin\u00e1ci\u00ed, p\u00f4sobili sme ustr\u00e1chane. Op\u00e4\u0165 sa v\u0161ak uk\u00e1zala individu\u00e1lna sila v\u00a0ofenz\u00edve a\u00a0v\u010faka Junasovi sme vyhrali z\u00e1pas. Mus\u00edme v\u0161ak zapracova\u0165 na zdravom sebavedom\u00ed, hlavne v\u00a0strede po\u013ea mus\u00edme by\u0165 dominantnej\u0161\u00ed a\u00a0zdravo agres\u00edvnej\u0161\u00ed.\u201c<\/strong><\/p>\n\n\n<div class=\"wp-block-image\">\n<figure class=\"aligncenter size-large is-resized\"><img loading=\"lazy\" decoding=\"async\" width=\"1024\" height=\"1024\" src=\"https:\/\/fcspartaktrnava.com\/wp-content\/uploads\/2024\/05\/WhatsApp-Image-2024-05-05-at-13.17.44-1024x1024.jpeg\" alt=\"\" class=\"wp-image-17202\" style=\"width:664px;height:auto\" srcset=\"https:\/\/fcspartaktrnava.com\/wp-content\/uploads\/2024\/05\/WhatsApp-Image-2024-05-05-at-13.17.44-1024x1024.jpeg 1024w, https:\/\/fcspartaktrnava.com\/wp-content\/uploads\/2024\/05\/WhatsApp-Image-2024-05-05-at-13.17.44-300x300.jpeg 300w, https:\/\/fcspartaktrnava.com\/wp-content\/uploads\/2024\/05\/WhatsApp-Image-2024-05-05-at-13.17.44-150x150.jpeg 150w, https:\/\/fcspartaktrnava.com\/wp-content\/uploads\/2024\/05\/WhatsApp-Image-2024-05-05-at-13.17.44-768x768.jpeg 768w, https:\/\/fcspartaktrnava.com\/wp-content\/uploads\/2024\/05\/WhatsApp-Image-2024-05-05-at-13.17.44-1536x1536.jpeg 1536w, https:\/\/fcspartaktrnava.com\/wp-content\/uploads\/2024\/05\/WhatsApp-Image-2024-05-05-at-13.17.44-12x12.jpeg 12w, https:\/\/fcspartaktrnava.com\/wp-content\/uploads\/2024\/05\/WhatsApp-Image-2024-05-05-at-13.17.44.jpeg 2048w\" sizes=\"auto, (max-width: 1024px) 100vw, 1024px\" \/><\/figure>\n<\/div>\n\n\n<p><strong>FC Spartak Trnava U12 \u2013 AS Tren\u010d\u00edn U12 13:3 (7:2)<\/strong><\/p>\n\n\n\n<p>\u0160t\u00e1tny sviatok pretavili na zisk troch bodov aj na\u0161i najmlad\u0161\u00ed \u017eiaci. Rovesn\u00edkov z&nbsp;Tren\u010d\u00edna zdolali o&nbsp;10 g\u00f3lov jasne 13:3, pri\u010dom sk\u00f3rovalo a\u017e dev\u00e4\u0165 r\u00f4znych strelcov.<\/p>\n\n\n\n<p><strong>FCST U12: <\/strong>Martanovi\u010d, Prokop \u2013 Hamb\u00e1lek, Kri\u0161tof\u00edk, Schriffel, Mi\u0161o, Franta, Beli\u010dka, \u010cerve\u0148, Bul\u00edk, Vir\u00e1g, B\u00f6hman, Urdzik (C), Dul\u00edk, Koryt\u00e1r, Hutta, Ba\u0161ty, Pol\u00e1\u010dik, Jur\u00edk, Kr\u00e1\u013eovi\u010d<\/p>\n\n\n\n<p><strong>Goals: <\/strong>7. Dul\u00edk, 8. a&nbsp;26. Urdzik, 10. Pol\u00e1\u010dik, 13., 27. a&nbsp;47. Kr\u00e1\u013eovi\u010d, 18. \u010cerve\u0148, 32. Ba\u0161ty, 34. a&nbsp;47. Vir\u00e1g (1. z 11m), 43. Hamb\u00e1lek, 44. Hutta<\/p>\n\n\n\n<p><strong>R\u00f3bert Polakovi\u010d: \u201eV strede t\u00fd\u017ed\u0148a n\u00e1s \u010dakalo \u010fal\u0161ie ligov\u00e9 kolo, v ktorom sme priv\u00edtali Tren\u010d\u00edn. Z v\u00fdsledkov\u00e9ho poh\u013eadu sme z\u00e1pas zvl\u00e1dli bez v\u00e4\u010d\u0161\u00edch komplik\u00e1ci\u00ed. Ale pokia\u013e budeme hodnoti\u0165 n\u00e1\u0161 hern\u00fd prejav, nebolo to ide\u00e1lne. Robil n\u00e1m probl\u00e9m vy\u0161\u0161\u00ed tr\u00e1vnik, ale vo ve\u013ea situ\u00e1ci\u00e1ch sme si chceli veci z\u013eah\u010dova\u0165 alebo sme neboli ochotn\u00ed \u00eds\u0165 na hranu svojich schopnost\u00ed. Sme radi, \u017ee aj po tomto v\u00fdkone sme boli \u00faspe\u0161n\u00ed, ale mus\u00edme si d\u00e1va\u0165 vy\u0161\u0161ie ciele ako je len v\u00ed\u0165azstvo, pokia\u013e sa chceme st\u00e1le pos\u00fava\u0165.\u201c<\/strong><\/p>\n\n\n\n<p><strong>\u0160K Slovan Bratislava WA \u2013 FC Spartak Trnava WA 2:1 (1:1)<\/strong><\/p>\n\n\n\n<p>Podobne ako dorastenci, derby odohrali aj na\u0161e \u017eeny. Tie v\u0161ak \u0165ahali za krat\u0161\u00ed koniec aj napriek tomu, \u017ee u\u017e po p\u00e1r sekund\u00e1ch viedli z\u00e1sluhou Cedulovej. Dom\u00e1ce v\u0161ak do pol\u010dasu vyrovnali a&nbsp;kr\u00e1tko po v\u00fdmene str\u00e1n oto\u010dili na kone\u010dn\u00fdch 2:1.<\/p>\n\n\n\n<p><strong>FCST WA: <\/strong>Bukrotinov\u00e1 \u2013 Serv\u00e1tkov\u00e1, Pivar\u010diov\u00e1, M. \u010ceriov\u00e1 (77. Kone\u010dn\u00e1), Belicov\u00e1, V. \u010ceriov\u00e1 (C), \u017digov\u00e1, Ty\u010diakov\u00e1, Marti\u0161kov\u00e1, Tonkovi\u010dov\u00e1, Cedulov\u00e1<\/p>\n\n\n\n<p><strong>Goals: <\/strong>2. Cedulov\u00e1<\/p>\n\n\n\n<p><strong>Matej Chocina: \u201eDo z\u00e1pasu sme vst\u00fapili najlep\u0161ie ako sme mohli, ke\u010f sme hne\u010f v&nbsp;druhej min\u00fate otvorili sk\u00f3re stretnutia. Do pol\u010dasu sme mohli prida\u0165 \u010fal\u0161ie tri g\u00f3ly, av\u0161ak nestalo sa tak a&nbsp;s\u00faper vyrovnal po centrovanej lopte do n\u00e1\u0161ho pokutov\u00e9ho \u00fazemia. V&nbsp;druhom pol\u010dase sme chceli strhn\u00fa\u0165 v\u00ed\u0165azstvo na na\u0161u stranu, av\u0161ak s\u00faper sa po na\u0161om ned\u00f4raze pred pokutov\u00fdm \u00fazem\u00edm ujal vedenia a&nbsp;do konca z\u00e1pasu si tri body ustr\u00e1\u017eil.\u201c<\/strong><\/p>\n\n\n\n<p><strong>FC Spartak Trnava WU19 \u2013 AS Tren\u010d\u00edn WU19 2:2 (1:0)<\/strong><\/p>\n\n\n\n<p>V&nbsp;prvom z\u00e1pase nadstavbovej \u010dasti viedli na\u0161e dorastenky nad Tren\u010d\u00ednom u\u017e 2:0, ke\u010f sa presadila dvakr\u00e1t G\u00e1likov\u00e1. \u017dia\u013e, dvojg\u00f3lov\u00fa strelky\u0148u mali aj na\u0161e s\u00faperky, ktor\u00e1 vyrovnala v&nbsp;samom z\u00e1vere na kone\u010dn\u00fdch 2:2.<\/p>\n\n\n\n<p><strong>FCST WU19: <\/strong>Bukrotinov\u00e1 \u2013 Reh\u00e1kov\u00e1, Stankov\u00e1, Zacharov\u00e1 (60. Volekov\u00e1), He\u010dkov\u00e1 (88. E. Ba\u010dikov\u00e1), Pola\u010dkov\u00e1 (C), Kri\u0161tofiakov\u00e1, Krupov\u00e1, Hal\u00e1sov\u00e1 (88. H. Ba\u010dikov\u00e1), Eckerov\u00e1 (84. Barutov\u00e1), G\u00e1likov\u00e1<\/p>\n\n\n\n<p><strong>Goals: <\/strong>20. a&nbsp;55. G\u00e1likov\u00e1<\/p>\n\n\n\n<p><strong>Vikt\u00f3ria \u010ceriov\u00e1: \u201eT\u00fdmto z\u00e1pasom sme od\u0161tartovali nadstavbov\u00fa \u010das\u0165 ligy. Bohu\u017eia\u013e, nevy\u0161iel n\u00e1m pod\u013ea predst\u00e1v a&nbsp;na dom\u00e1cej p\u00f4de sme zbyto\u010dne stratili body a&nbsp;remizovali. Od za\u010diatku z\u00e1pasu sme mali hru pevne v&nbsp;ruk\u00e1ch, dobre sme kombinovali a&nbsp;dost\u00e1vali sme sa do \u0161anc\u00ed, av\u0161ak nedarilo sa n\u00e1m v&nbsp;koncovke a&nbsp;z&nbsp;mno\u017estva \u0161anc\u00ed sme dok\u00e1zali premeni\u0165 len dve. S\u00faperky hrozili len z&nbsp;proti\u00fatokov a&nbsp;hru mali postaven\u00fa len na jednej hr\u00e1\u010dke, ktor\u00e1 dok\u00e1zala sk\u00f3rova\u0165 dvakr\u00e1t kv\u00f4li na\u0161ej ned\u00f4raznej hre. Moment\u00e1lne n\u00e1s \u010dak\u00e1 anglick\u00fd t\u00fd\u017ede\u0148, a&nbsp;preto ver\u00edm, \u017ee si naprav\u00edme chu\u0165.\u201c<\/strong><\/p>\n\n\n\n<p><strong>FC Spartak Trnava WU15 \u2013 AS Tren\u010d\u00edn WU15 13:1 (9:1)<\/strong><\/p>\n\n\n\n<p>Svoju vlastn\u00fa ligu na\u010falej hraj\u00fa na\u0161e \u017eia\u010dky. Tentokr\u00e1t si ich silu vysk\u00fa\u0161ali Tren\u010dianky, ktor\u00fdm nas\u00fakali 13 g\u00f3lov. A\u017e o sedem z&nbsp;nich sa postarala Tankov\u00e1, ktor\u00e1 ich t\u00fato sez\u00f3nu nastrie\u013eala u\u017e 93.<\/p>\n\n\n\n<p><strong>FCST WU15: <\/strong>Prei\u0161nsk\u00e1 \u2013 Vl\u010dkov\u00e1, Vej\u010d\u00edkov\u00e1, Kr\u00e1likov\u00e1, Hankociov\u00e1 (C), Amrichov\u00e1, Tan\u010dokov\u00e1, Majanov\u00e1, Oroszi, Tankov\u00e1, Hudecov\u00e1, Jankovi\u010dov\u00e1, Huttov\u00e1, Pavlikov\u00e1, Pola\u010dikov\u00e1, Kop\u00e1\u010dikov\u00e1, Rampa\u0161ekov\u00e1, Mikulkov\u00e1<\/p>\n\n\n\n<p><strong>Goals: <\/strong>1. a&nbsp;32. Oroszi, 3. Vl\u010dkov\u00e1, 15., 26., 28., 40., 52., 60. a&nbsp;71. Tankov\u00e1, 17. Hudecov\u00e1, 34. Majanov\u00e1, 48. Amrichov\u00e1<\/p>\n\n\n\n<p><strong>R\u00f3bert Halada: \u201eV prvom z\u00e1pase nadstavby na\u0161e diev\u010dat\u00e1 priv\u00edtali s\u00faperky z\u00a0Tren\u010d\u00edna. Do z\u00e1pasu sme vst\u00fapili akt\u00edvne, zatla\u010dili sme s\u00faperky na ich polovicu a\u00a0sna\u017eili sme sa kolm\u00fdmi prihr\u00e1vkami po otvoren\u00ed priestoru nabieha\u0165 do g\u00f3lov\u00fdch pr\u00edle\u017eitost\u00ed. V\u00a0prvom pol\u010dase sa n\u00e1m lep\u0161ie darilo dr\u017ea\u0165 \u0161\u00edrku ihriska a\u00a0trpezlivo ot\u00e1\u010da\u0165 hru. V\u00a0druhom pol\u010dase sa s\u00faperky viacej stiahli pred svoju \u0161estn\u00e1stku a\u00a0u\u017e sa n\u00e1m to\u013eko nedarilo nach\u00e1dza\u0165 dobr\u00e9 rie\u0161enia a\u00a0stratili sme aj tempo z\u00a0prv\u00e9ho pol\u010dasu. Nepremenili sme viacero \u010dist\u00fdch g\u00f3lov\u00fdch pr\u00edle\u017eitost\u00ed, na \u010do sa zameriame v\u00a0najbli\u017e\u0161\u00edch tr\u00e9ningoch. Diev\u010dat\u00e1m \u010fakujeme za t\u00edmov\u00fd v\u00fdkon.\u201c<\/strong><\/p>\n\n\n<div class=\"wp-block-image\">\n<figure class=\"aligncenter size-large is-resized\"><img loading=\"lazy\" decoding=\"async\" width=\"1024\" height=\"768\" src=\"https:\/\/fcspartaktrnava.com\/wp-content\/uploads\/2024\/05\/WhatsApp-Image-2024-05-05-at-20.51.15-1024x768.jpeg\" alt=\"\" class=\"wp-image-17203\" style=\"width:676px;height:auto\" srcset=\"https:\/\/fcspartaktrnava.com\/wp-content\/uploads\/2024\/05\/WhatsApp-Image-2024-05-05-at-20.51.15-1024x768.jpeg 1024w, https:\/\/fcspartaktrnava.com\/wp-content\/uploads\/2024\/05\/WhatsApp-Image-2024-05-05-at-20.51.15-300x225.jpeg 300w, https:\/\/fcspartaktrnava.com\/wp-content\/uploads\/2024\/05\/WhatsApp-Image-2024-05-05-at-20.51.15-768x576.jpeg 768w, https:\/\/fcspartaktrnava.com\/wp-content\/uploads\/2024\/05\/WhatsApp-Image-2024-05-05-at-20.51.15-1536x1152.jpeg 1536w, https:\/\/fcspartaktrnava.com\/wp-content\/uploads\/2024\/05\/WhatsApp-Image-2024-05-05-at-20.51.15-16x12.jpeg 16w, https:\/\/fcspartaktrnava.com\/wp-content\/uploads\/2024\/05\/WhatsApp-Image-2024-05-05-at-20.51.15.jpeg 1600w\" sizes=\"auto, (max-width: 1024px) 100vw, 1024px\" \/><\/figure>\n<\/div>","protected":false},"excerpt":{"rendered":"<p>\u0160K Slovan Bratislava U19 \u2013 FC Spartak Trnava&#8230;<\/p>","protected":false},"author":2,"featured_media":17204,"comment_status":"closed","ping_status":"closed","sticky":false,"template":"","format":"standard","meta":{"footnotes":""},"categories":[52,12],"tags":[84,53],"class_list":["post-17197","post","type-post","status-publish","format-standard","has-post-thumbnail","hentry","category-mladez","category-spravy","tag-zeny","tag-mladez","post-number-1"],"yoast_head":"<!-- This site is optimized with the Yoast SEO plugin v27.1.1 - https:\/\/yoast.com\/product\/yoast-seo-wordpress\/ -->\n<title>Sedemn\u00e1stka je majster, ale darilo sa aj zvy\u0161n\u00fdm ml\u00e1de\u017en\u00edkom - FC Spartak Trnava<\/title>\n<meta name=\"robots\" content=\"index, follow, max-snippet:-1, max-image-preview:large, max-video-preview:-1\" \/>\n<link rel=\"canonical\" href=\"https:\/\/fcspartaktrnava.com\/en\/sedemnastka-je-majster-ale-darilo-sa-aj-zvysnym-mladeznikom\/\" \/>\n<meta name=\"twitter:label1\" content=\"Written by\" \/>\n\t<meta name=\"twitter:data1\" content=\"spartak\" \/>\n\t<meta name=\"twitter:label2\" content=\"Estimated reading time\" \/>\n\t<meta name=\"twitter:data2\" content=\"12 minutes\" \/>\n<script type=\"application\/ld+json\" class=\"yoast-schema-graph\">{\"@context\":\"https:\/\/schema.org\",\"@graph\":[{\"@type\":\"Article\",\"@id\":\"https:\/\/fcspartaktrnava.com\/sedemnastka-je-majster-ale-darilo-sa-aj-zvysnym-mladeznikom\/#article\",\"isPartOf\":{\"@id\":\"https:\/\/fcspartaktrnava.com\/sedemnastka-je-majster-ale-darilo-sa-aj-zvysnym-mladeznikom\/\"},\"author\":{\"name\":\"spartak\",\"@id\":\"https:\/\/fcspartaktrnava.com\/#\/schema\/person\/24bc5b254af14f71d7d8af178790aa75\"},\"headline\":\"Sedemn\u00e1stka je majster, ale darilo sa aj zvy\u0161n\u00fdm ml\u00e1de\u017en\u00edkom\",\"datePublished\":\"2024-05-06T06:56:43+00:00\",\"mainEntityOfPage\":{\"@id\":\"https:\/\/fcspartaktrnava.com\/sedemnastka-je-majster-ale-darilo-sa-aj-zvysnym-mladeznikom\/\"},\"wordCount\":2571,\"publisher\":{\"@id\":\"https:\/\/fcspartaktrnava.com\/#organization\"},\"image\":{\"@id\":\"https:\/\/fcspartaktrnava.com\/sedemnastka-je-majster-ale-darilo-sa-aj-zvysnym-mladeznikom\/#primaryimage\"},\"thumbnailUrl\":\"https:\/\/fcspartaktrnava.com\/wp-content\/uploads\/2024\/05\/DSC_9331-1-scaled.jpg\",\"keywords\":[\"\u017eeny\",\"ml\u00e1de\u017e\"],\"articleSection\":[\"Ml\u00e1de\u017e\",\"Spr\u00e1vy\"],\"inLanguage\":\"en-GB\"},{\"@type\":\"WebPage\",\"@id\":\"https:\/\/fcspartaktrnava.com\/sedemnastka-je-majster-ale-darilo-sa-aj-zvysnym-mladeznikom\/\",\"url\":\"https:\/\/fcspartaktrnava.com\/sedemnastka-je-majster-ale-darilo-sa-aj-zvysnym-mladeznikom\/\",\"name\":\"Sedemn\u00e1stka je majster, ale darilo sa aj zvy\u0161n\u00fdm ml\u00e1de\u017en\u00edkom - FC Spartak Trnava\",\"isPartOf\":{\"@id\":\"https:\/\/fcspartaktrnava.com\/#website\"},\"primaryImageOfPage\":{\"@id\":\"https:\/\/fcspartaktrnava.com\/sedemnastka-je-majster-ale-darilo-sa-aj-zvysnym-mladeznikom\/#primaryimage\"},\"image\":{\"@id\":\"https:\/\/fcspartaktrnava.com\/sedemnastka-je-majster-ale-darilo-sa-aj-zvysnym-mladeznikom\/#primaryimage\"},\"thumbnailUrl\":\"https:\/\/fcspartaktrnava.com\/wp-content\/uploads\/2024\/05\/DSC_9331-1-scaled.jpg\",\"datePublished\":\"2024-05-06T06:56:43+00:00\",\"breadcrumb\":{\"@id\":\"https:\/\/fcspartaktrnava.com\/sedemnastka-je-majster-ale-darilo-sa-aj-zvysnym-mladeznikom\/#breadcrumb\"},\"inLanguage\":\"en-GB\",\"potentialAction\":[{\"@type\":\"ReadAction\",\"target\":[\"https:\/\/fcspartaktrnava.com\/sedemnastka-je-majster-ale-darilo-sa-aj-zvysnym-mladeznikom\/\"]}]},{\"@type\":\"ImageObject\",\"inLanguage\":\"en-GB\",\"@id\":\"https:\/\/fcspartaktrnava.com\/sedemnastka-je-majster-ale-darilo-sa-aj-zvysnym-mladeznikom\/#primaryimage\",\"url\":\"https:\/\/fcspartaktrnava.com\/wp-content\/uploads\/2024\/05\/DSC_9331-1-scaled.jpg\",\"contentUrl\":\"https:\/\/fcspartaktrnava.com\/wp-content\/uploads\/2024\/05\/DSC_9331-1-scaled.jpg\",\"width\":2560,\"height\":1706},{\"@type\":\"BreadcrumbList\",\"@id\":\"https:\/\/fcspartaktrnava.com\/sedemnastka-je-majster-ale-darilo-sa-aj-zvysnym-mladeznikom\/#breadcrumb\",\"itemListElement\":[{\"@type\":\"ListItem\",\"position\":1,\"name\":\"Home\",\"item\":\"https:\/\/fcspartaktrnava.com\/\"},{\"@type\":\"ListItem\",\"position\":2,\"name\":\"Sedemn\u00e1stka je majster, ale darilo sa aj zvy\u0161n\u00fdm ml\u00e1de\u017en\u00edkom\"}]},{\"@type\":\"WebSite\",\"@id\":\"https:\/\/fcspartaktrnava.com\/#website\",\"url\":\"https:\/\/fcspartaktrnava.com\/\",\"name\":\"FC Spartak Trnava\",\"description\":\"ofici\u00e1lna webstr\u00e1nka futbalov\u00e9ho klubu\",\"publisher\":{\"@id\":\"https:\/\/fcspartaktrnava.com\/#organization\"},\"potentialAction\":[{\"@type\":\"SearchAction\",\"target\":{\"@type\":\"EntryPoint\",\"urlTemplate\":\"https:\/\/fcspartaktrnava.com\/?s={search_term_string}\"},\"query-input\":{\"@type\":\"PropertyValueSpecification\",\"valueRequired\":true,\"valueName\":\"search_term_string\"}}],\"inLanguage\":\"en-GB\"},{\"@type\":\"Organization\",\"@id\":\"https:\/\/fcspartaktrnava.com\/#organization\",\"name\":\"FC Spartak Trnava\",\"alternateName\":\"Spartak\",\"url\":\"https:\/\/fcspartaktrnava.com\/\",\"logo\":{\"@type\":\"ImageObject\",\"inLanguage\":\"en-GB\",\"@id\":\"https:\/\/fcspartaktrnava.com\/#\/schema\/logo\/image\/\",\"url\":\"https:\/\/fcspartaktrnava.com\/wp-content\/uploads\/2022\/08\/cropped-site_logo.png\",\"contentUrl\":\"https:\/\/fcspartaktrnava.com\/wp-content\/uploads\/2022\/08\/cropped-site_logo.png\",\"width\":140,\"height\":140,\"caption\":\"FC Spartak Trnava\"},\"image\":{\"@id\":\"https:\/\/fcspartaktrnava.com\/#\/schema\/logo\/image\/\"},\"sameAs\":[\"https:\/\/www.facebook.com\/SpartakTrnava\",\"https:\/\/x.com\/SpartakTrnava1\",\"https:\/\/www.instagram.com\/spartak_sk\/\"]},{\"@type\":\"Person\",\"@id\":\"https:\/\/fcspartaktrnava.com\/#\/schema\/person\/24bc5b254af14f71d7d8af178790aa75\",\"name\":\"spartak\",\"image\":{\"@type\":\"ImageObject\",\"inLanguage\":\"en-GB\",\"@id\":\"https:\/\/fcspartaktrnava.com\/#\/schema\/person\/image\/\",\"url\":\"https:\/\/secure.gravatar.com\/avatar\/f8ff8584f3fcf3909a11a6da9019f37749183b4015bca14e64556c52614cdc7f?s=96&d=mm&r=g\",\"contentUrl\":\"https:\/\/secure.gravatar.com\/avatar\/f8ff8584f3fcf3909a11a6da9019f37749183b4015bca14e64556c52614cdc7f?s=96&d=mm&r=g\",\"caption\":\"spartak\"},\"url\":\"https:\/\/fcspartaktrnava.com\/en\/author\/spartak\/\"}]}<\/script>\n<!-- \/ Yoast SEO plugin. -->","yoast_head_json":{"title":"Sedemn\u00e1stka je majster, ale darilo sa aj zvy\u0161n\u00fdm ml\u00e1de\u017en\u00edkom - FC Spartak Trnava","robots":{"index":"index","follow":"follow","max-snippet":"max-snippet:-1","max-image-preview":"max-image-preview:large","max-video-preview":"max-video-preview:-1"},"canonical":"https:\/\/fcspartaktrnava.com\/en\/sedemnastka-je-majster-ale-darilo-sa-aj-zvysnym-mladeznikom\/","twitter_misc":{"Written by":"spartak","Estimated reading time":"12 minutes"},"schema":{"@context":"https:\/\/schema.org","@graph":[{"@type":"Article","@id":"https:\/\/fcspartaktrnava.com\/sedemnastka-je-majster-ale-darilo-sa-aj-zvysnym-mladeznikom\/#article","isPartOf":{"@id":"https:\/\/fcspartaktrnava.com\/sedemnastka-je-majster-ale-darilo-sa-aj-zvysnym-mladeznikom\/"},"author":{"name":"spartak","@id":"https:\/\/fcspartaktrnava.com\/#\/schema\/person\/24bc5b254af14f71d7d8af178790aa75"},"headline":"Sedemn\u00e1stka je majster, ale darilo sa aj zvy\u0161n\u00fdm ml\u00e1de\u017en\u00edkom","datePublished":"2024-05-06T06:56:43+00:00","mainEntityOfPage":{"@id":"https:\/\/fcspartaktrnava.com\/sedemnastka-je-majster-ale-darilo-sa-aj-zvysnym-mladeznikom\/"},"wordCount":2571,"publisher":{"@id":"https:\/\/fcspartaktrnava.com\/#organization"},"image":{"@id":"https:\/\/fcspartaktrnava.com\/sedemnastka-je-majster-ale-darilo-sa-aj-zvysnym-mladeznikom\/#primaryimage"},"thumbnailUrl":"https:\/\/fcspartaktrnava.com\/wp-content\/uploads\/2024\/05\/DSC_9331-1-scaled.jpg","keywords":["\u017eeny","ml\u00e1de\u017e"],"articleSection":["Ml\u00e1de\u017e","Spr\u00e1vy"],"inLanguage":"en-GB"},{"@type":"WebPage","@id":"https:\/\/fcspartaktrnava.com\/sedemnastka-je-majster-ale-darilo-sa-aj-zvysnym-mladeznikom\/","url":"https:\/\/fcspartaktrnava.com\/sedemnastka-je-majster-ale-darilo-sa-aj-zvysnym-mladeznikom\/","name":"Sedemn\u00e1stka je majster, ale darilo sa aj zvy\u0161n\u00fdm ml\u00e1de\u017en\u00edkom - FC Spartak Trnava","isPartOf":{"@id":"https:\/\/fcspartaktrnava.com\/#website"},"primaryImageOfPage":{"@id":"https:\/\/fcspartaktrnava.com\/sedemnastka-je-majster-ale-darilo-sa-aj-zvysnym-mladeznikom\/#primaryimage"},"image":{"@id":"https:\/\/fcspartaktrnava.com\/sedemnastka-je-majster-ale-darilo-sa-aj-zvysnym-mladeznikom\/#primaryimage"},"thumbnailUrl":"https:\/\/fcspartaktrnava.com\/wp-content\/uploads\/2024\/05\/DSC_9331-1-scaled.jpg","datePublished":"2024-05-06T06:56:43+00:00","breadcrumb":{"@id":"https:\/\/fcspartaktrnava.com\/sedemnastka-je-majster-ale-darilo-sa-aj-zvysnym-mladeznikom\/#breadcrumb"},"inLanguage":"en-GB","potentialAction":[{"@type":"ReadAction","target":["https:\/\/fcspartaktrnava.com\/sedemnastka-je-majster-ale-darilo-sa-aj-zvysnym-mladeznikom\/"]}]},{"@type":"ImageObject","inLanguage":"en-GB","@id":"https:\/\/fcspartaktrnava.com\/sedemnastka-je-majster-ale-darilo-sa-aj-zvysnym-mladeznikom\/#primaryimage","url":"https:\/\/fcspartaktrnava.com\/wp-content\/uploads\/2024\/05\/DSC_9331-1-scaled.jpg","contentUrl":"https:\/\/fcspartaktrnava.com\/wp-content\/uploads\/2024\/05\/DSC_9331-1-scaled.jpg","width":2560,"height":1706},{"@type":"BreadcrumbList","@id":"https:\/\/fcspartaktrnava.com\/sedemnastka-je-majster-ale-darilo-sa-aj-zvysnym-mladeznikom\/#breadcrumb","itemListElement":[{"@type":"ListItem","position":1,"name":"Home","item":"https:\/\/fcspartaktrnava.com\/"},{"@type":"ListItem","position":2,"name":"Sedemn\u00e1stka je majster, ale darilo sa aj zvy\u0161n\u00fdm ml\u00e1de\u017en\u00edkom"}]},{"@type":"WebSite","@id":"https:\/\/fcspartaktrnava.com\/#website","url":"https:\/\/fcspartaktrnava.com\/","name":"FC Spartak Trnava","description":"ofici\u00e1lna webstr\u00e1nka futbalov\u00e9ho klubu","publisher":{"@id":"https:\/\/fcspartaktrnava.com\/#organization"},"potentialAction":[{"@type":"SearchAction","target":{"@type":"EntryPoint","urlTemplate":"https:\/\/fcspartaktrnava.com\/?s={search_term_string}"},"query-input":{"@type":"PropertyValueSpecification","valueRequired":true,"valueName":"search_term_string"}}],"inLanguage":"en-GB"},{"@type":"Organization","@id":"https:\/\/fcspartaktrnava.com\/#organization","name":"FC Spartak Trnava","alternateName":"Spartak","url":"https:\/\/fcspartaktrnava.com\/","logo":{"@type":"ImageObject","inLanguage":"en-GB","@id":"https:\/\/fcspartaktrnava.com\/#\/schema\/logo\/image\/","url":"https:\/\/fcspartaktrnava.com\/wp-content\/uploads\/2022\/08\/cropped-site_logo.png","contentUrl":"https:\/\/fcspartaktrnava.com\/wp-content\/uploads\/2022\/08\/cropped-site_logo.png","width":140,"height":140,"caption":"FC Spartak Trnava"},"image":{"@id":"https:\/\/fcspartaktrnava.com\/#\/schema\/logo\/image\/"},"sameAs":["https:\/\/www.facebook.com\/SpartakTrnava","https:\/\/x.com\/SpartakTrnava1","https:\/\/www.instagram.com\/spartak_sk\/"]},{"@type":"Person","@id":"https:\/\/fcspartaktrnava.com\/#\/schema\/person\/24bc5b254af14f71d7d8af178790aa75","name":"spartak","image":{"@type":"ImageObject","inLanguage":"en-GB","@id":"https:\/\/fcspartaktrnava.com\/#\/schema\/person\/image\/","url":"https:\/\/secure.gravatar.com\/avatar\/f8ff8584f3fcf3909a11a6da9019f37749183b4015bca14e64556c52614cdc7f?s=96&d=mm&r=g","contentUrl":"https:\/\/secure.gravatar.com\/avatar\/f8ff8584f3fcf3909a11a6da9019f37749183b4015bca14e64556c52614cdc7f?s=96&d=mm&r=g","caption":"spartak"},"url":"https:\/\/fcspartaktrnava.com\/en\/author\/spartak\/"}]}},"_links":{"self":[{"href":"https:\/\/fcspartaktrnava.com\/en\/wp-json\/wp\/v2\/posts\/17197","targetHints":{"allow":["GET"]}}],"collection":[{"href":"https:\/\/fcspartaktrnava.com\/en\/wp-json\/wp\/v2\/posts"}],"about":[{"href":"https:\/\/fcspartaktrnava.com\/en\/wp-json\/wp\/v2\/types\/post"}],"author":[{"embeddable":true,"href":"https:\/\/fcspartaktrnava.com\/en\/wp-json\/wp\/v2\/users\/2"}],"replies":[{"embeddable":true,"href":"https:\/\/fcspartaktrnava.com\/en\/wp-json\/wp\/v2\/comments?post=17197"}],"version-history":[{"count":0,"href":"https:\/\/fcspartaktrnava.com\/en\/wp-json\/wp\/v2\/posts\/17197\/revisions"}],"wp:featuredmedia":[{"embeddable":true,"href":"https:\/\/fcspartaktrnava.com\/en\/wp-json\/wp\/v2\/media\/17204"}],"wp:attachment":[{"href":"https:\/\/fcspartaktrnava.com\/en\/wp-json\/wp\/v2\/media?parent=17197"}],"wp:term":[{"taxonomy":"category","embeddable":true,"href":"https:\/\/fcspartaktrnava.com\/en\/wp-json\/wp\/v2\/categories?post=17197"},{"taxonomy":"post_tag","embeddable":true,"href":"https:\/\/fcspartaktrnava.com\/en\/wp-json\/wp\/v2\/tags?post=17197"}],"curies":[{"name":"wp","href":"https:\/\/api.w.org\/{rel}","templated":true}]}}