{"id":17192,"date":"2024-05-04T18:12:12","date_gmt":"2024-05-04T16:12:12","guid":{"rendered":"https:\/\/fcspartaktrnava.com\/?p=17192"},"modified":"2024-05-04T18:18:35","modified_gmt":"2024-05-04T16:18:35","slug":"seria-bez-vyhry-proti-ruzomberku-sa-skoncila-rozhodol-zeljkovic","status":"publish","type":"post","link":"https:\/\/fcspartaktrnava.com\/en\/seria-bez-vyhry-proti-ruzomberku-sa-skoncila-rozhodol-zeljkovic\/","title":{"rendered":"S\u00e9ria bez v\u00fdhry proti Ru\u017eomberku sa skon\u010dila, rozhodol Zeljkovi\u010d"},"content":{"rendered":"<div class=\"wp-block-group\"><div class=\"wp-block-group__inner-container is-layout-flow wp-block-group-is-layout-flow\">\n<p class=\"has-text-align-center\" style=\"font-size:16px\">\u0160tadi\u00f3n Antona Malatinsk\u00e9ho, Nik\u00e9 liga, 8. kolo nadstavby o titul, 4. 5. 2023 o 15:30<\/p>\n\n\n\n<p class=\"has-text-align-center has-large-font-size\">FC SPARTAK TRNAVA<br>MFK RU\u017dOMBEROK<\/p>\n\n\n\n<p class=\"has-text-align-center has-x-large-font-size\" style=\"font-style:normal;font-weight:600\">1:0 <\/p>\n\n\n\n<div class=\"wp-block-group has-black-color has-text-color has-background\" style=\"background-color:#e2e7ec\"><div class=\"wp-block-group__inner-container is-layout-flow wp-block-group-is-layout-flow\">\n<p><strong>FC Spartak: <\/strong><\/p>\n\n\n\n<p>Tak\u00e1\u010d \u2013 Ko\u0161trna, \u0160tetina, Ujlaky, Mikovi\u010d (90.+ Poznar) \u2013 Zeljkovi\u010d \u2013 Azango (66. Bainovi\u010d), Proch\u00e1zka (90.+ Bolaji), Ofori (46. Paur), Daniel (46. \u0160ulek) &#8211; \u010euri\u0161<\/p>\n\n\n\n<p><strong>Ru\u017eomberok: <\/strong><\/p>\n\n\n\n<p>\u0164apaj \u2013 Domonkos, Gabriel, Mal\u00fd, Moj\u017ei\u0161 (46. Chrien), Tu\u010dn\u00fd (74. \u0160ef\u010d\u00edk) \u2013 Chobot (82. Maslo), Zsigmund (46. Lavrin\u010d\u00edk), M\u00fadry, Gerec \u2013 Jackuliak (46. Bo\u010fa)<\/p>\n\n\n\n<p><strong>Goal<\/strong>: 27. Zeljkovi\u010d (Ko\u0161trna)<\/p>\n\n\n\n<p><strong>Yellow cards<\/strong>: \u00a0Tu\u010dn\u00fd, Moj\u017ei\u0161, Lavrin\u010d\u00edk<\/p>\n\n\n\n<p><strong>Red cards<\/strong>: 38. \u010euri\u0161<\/p>\n\n\n\n<p><strong>Judges<\/strong>: O\u010den\u00e1\u0161 \u2013 Jekkel, Pac\u00e1k<\/p>\n\n\n\n<p><strong>Spectators<\/strong>: 3117<\/p>\n\n\n\n<p><strong>Pol\u010das<\/strong>: 1:0 \u00a0<\/p>\n<\/div><\/div>\n<\/div><\/div>\n\n\n\n<p>D\u00f4le\u017eitos\u0165 ligov\u00e9ho z\u00e1pasu proti Ru\u017eomberku dosved\u010dovala z\u00e1kladn\u00e1 zostava Spartaka. Tr\u00e9ner Michal Ga\u0161par\u00edk poslal do boja o&nbsp;eur\u00f3psku miestenku prakticky identick\u00fa zostavu ako na poh\u00e1rov\u00fd z\u00e1pas. Zmena sa dotkla iba stop\u00e9rskej dvojice, ke\u010f pred Dominikom Tak\u00e1\u010dom nast\u00fapili Luk\u00e1\u0161 \u0160tetina a&nbsp;Marek Ujlaky.<\/p>\n\n\n\n<p>Tlak od \u00favodu v&nbsp;podan\u00ed Spartaka vyvrcholil a\u017e v&nbsp;27. min\u00fate, ke\u010f Adrian Zeljkovi\u010d hlavou otvoril sk\u00f3re po centri Kristi\u00e1na Ko\u0161trnu. Zlom nastal kr\u00e1tko pred koncom prv\u00e9ho pol\u010dasu, ke\u010f VAR pos\u00fadil z\u00e1sah Michala \u010euri\u0161a lak\u0165om ako faul a&nbsp;Spartak dohr\u00e1val bez jedn\u00e9ho mu\u017ea v&nbsp;poli. Prv\u00fa \u010das\u0165 druh\u00e9ho pol\u010dasu tla\u010dil Ru\u017eomberok na\u0161ich hr\u00e1\u010dov pred vlastn\u00fa \u0161estn\u00e1stku. A\u017e po 70. min\u00fate sa Trnav\u010dania osmelili a&nbsp;hrali akt\u00edvne na polovici host\u00ed. Sk\u00f3re sa u\u017e nezmenilo a&nbsp;tak sa negat\u00edvna s\u00e9ria bez v\u00fdhry s&nbsp;Ru\u017eomberkom skon\u010dila.<\/p>\n\n\n\n<p>3<\/p>\n\n\n\n<p>Rohov\u00fd kop Spartaka a&nbsp;loptu do oh\u0148a napokon poslal a\u017e Kristi\u00e1n Ko\u0161trna spoza \u0161estn\u00e1stky. Na\u0161iel Mareka Ujlakyho a&nbsp;ten mieril hlavou do r\u00fak Dominika \u0164apaja.<\/p>\n\n\n\n<p>6<\/p>\n\n\n\n<p>\u010eal\u0161\u00ed rohov\u00fd kop a&nbsp;po kr\u00e1tkej rozohr\u00e1vke sa k&nbsp;strele spoza \u0161estn\u00e1stky dostal Erik Daniel. Jeho pripraven\u00e1 strela skon\u010dila v&nbsp;strede br\u00e1nky a&nbsp;aj po druh\u00fd raz v&nbsp;ruk\u00e1ch Dominika \u0164apaja.<\/p>\n\n\n\n<p>9<\/p>\n\n\n\n<p>Tlak Spartaka je zrejm\u00fd od prvej min\u00faty. Op\u00e4\u0165 Erik Daniel na\u0161iel pred \u0161estn\u00e1stkou nabiehaj\u00faceho Kelvina Oforiho, jemu v\u0161ak strela v\u00f4bec nesadla a&nbsp;lopta mieri mimo br\u00e1nku.<\/p>\n\n\n\n<p>16<\/p>\n\n\n\n<p>Erik Daniel poslal center z&nbsp;\u013eavej strany na zadn\u00fa ty\u010d a&nbsp;Philip Azango ju v&nbsp;poslednej chv\u00edli poslal do ty\u010de br\u00e1nky Ru\u017eomberka.<\/p>\n\n\n\n<p>27<\/p>\n\n\n\n<p>Philip Azango zachr\u00e1nil loptu pri autovej \u010diare a&nbsp;na\u0161iel nabiehaj\u00faceho Romana Proch\u00e1zku a&nbsp;ten nap\u00e1lil loptu do brank\u00e1ra Dominika \u0164apaja.<\/p>\n\n\n\n<p>27<\/p>\n\n\n\n<p>Rohov\u00fd kop rozohral Roman Proch\u00e1zka a&nbsp;Kristi\u00e1nom Ko\u0161trnom centrovan\u00e1 lopta do \u0161estn\u00e1stky. Na zadnej ty\u010di bol pripraven\u00fd Adrian Zeljkovi\u010d a&nbsp;nechytate\u013ene zavesil pod brvno \u2013 1:0.<\/p>\n\n\n\n<p>38<\/p>\n\n\n\n<p>Po pos\u00faden\u00ed VAR dost\u00e1va Michal \u010euri\u0161 \u010derven\u00fa kartu. VAR pos\u00fadil faul lak\u0165om na Mat\u00fa\u0161a Mal\u00e9ho.<\/p>\n\n\n\n<p>46<\/p>\n\n\n\n<p>Cez pol\u010dasov\u00fa prest\u00e1vku pri\u0161li traja nov\u00ed hr\u00e1\u010di Ru\u017eomberka a\u00a0dvaja na strane Spartaka. Do hry sa dostali Martin \u0160ulek a\u00a0Jakub Paur, dohrali Erik Daniel a\u00a0Kelvin Ofori.<\/p>\n\n\n\n<p>60<\/p>\n\n\n\n<p>Ojedinel\u00e1 akcia br\u00e1niaceho Spartaka, ke\u010f Philip Azango vyzv\u0155tal obranu host\u00ed av\u0161ak slabou strelou mieril tesne ved\u013ea br\u00e1nky Dominika \u0164apaja.<\/p>\n\n\n\n<p>78<\/p>\n\n\n\n<p>Prienikov\u00e1 prihr\u00e1vka stredom po\u013ea a&nbsp;Martin Bo\u010fa si prebral loptu, oto\u010dil sa a&nbsp;vystrelil.&nbsp;Dominik Tak\u00e1\u010d chytil jeho pokus.<\/p>\n\n\n\n<p>80<\/p>\n\n\n\n<p>Priamy kop Martina Mikovi\u010da, na loptu si pred br\u00e1nkou po\u010dkal Marek Ujlaky, ale v&nbsp;kritickom momente minul a&nbsp;sk\u00f3re sa nemenilo.<\/p>\n\n\n\n<p>83<\/p>\n\n\n\n<p>Krist\u00f3f Domonkos sa oprel do strely spoza \u0161estn\u00e1stky, ale Dominik Tak\u00e1\u010d vyrazil jeho pokus do bezpe\u010dia.<\/p>\n\n\n\n<p class=\"has-vivid-red-color has-text-color has-link-color has-medium-font-size wp-elements-6353fa96d3687687e828ae98a330ace8\"><strong>POVEDALI PO Z\u00c1PASE:<\/strong><\/p>\n\n\n\n<p>Michal Ga\u0161par\u00edk (Spartak): <strong><em>\u201ePovedal som si, \u017ee fakt nem\u00f4\u017eeme ma\u0165 s\u00a0Ru\u017eomberkom norm\u00e1lny z\u00e1pas. Dnes to bola \u010derven\u00e1 karta, v\u00a0prvom pol\u010dase chalani k\u00a0tomu dobre prist\u00fapili, vedeli ako je to d\u00f4le\u017eit\u00fd z\u00e1pas, na za\u010diatku sme mali zakon\u010denia a\u00a0ty\u010d. Dali sme prv\u00fd otv\u00e1rac\u00ed g\u00f3l po \u0161tandardke. Pri\u0161la zbyto\u010dn\u00e1 \u010derven\u00e1 karta, ale chalani to zvl\u00e1dli a\u00a0udr\u017eali to, odmakali a\u00a0dodr\u017eali \u010do treba. Pridali svoju sk\u00fasenos\u0165, napokon bez nejak\u00fdch \u0161anc\u00ed Ru\u017eomberku uhrali. Kone\u010dne sme to zvl\u00e1dli proti Ru\u017eobmerku a m\u00e1me d\u00f4le\u017eit\u00e9 tri body do tabu\u013eky.\u201c<\/em><\/strong><\/p>\n\n\n\n<p>Ond\u0159ej Smetana (Ru\u017eomberok): <strong><em>\u201eBohu\u017eia\u013e sme nehrali dobr\u00e9 stretnutie, uk\u00e1zalo sa, \u017ee ke\u010f nem\u00e1me 100% nastavenie, alebo pr\u00edstup niektor\u00fdch hr\u00e1\u010dov, tak to nejde zvl\u00e1dnu\u0165. Spartak bol dobre pripraven\u00fd, viac chceli. Aj ke\u010f n\u00e1m vyl\u00fa\u010denie pomohlo, nevedeli sme ni\u010d vymyslie\u0165, v\u0161etko n\u00e1m trvalo, bez n\u00e1padu. Prem\u00e1rnili sme \u0161ancu. Mohli sme tu z\u00edska\u0165 viac. Spartak hral dobre, bol \u017eiv\u00fd, hrali akt\u00edvne a v\u00fdhru si zasl\u00fa\u017eili.\u201c<\/em><\/strong><\/p>","protected":false},"excerpt":{"rendered":"<p>\u0160tadi\u00f3n Antona Malatinsk\u00e9ho, Nik\u00e9 liga, 8. kolo nadstavby&#8230;<\/p>","protected":false},"author":2,"featured_media":17193,"comment_status":"closed","ping_status":"closed","sticky":false,"template":"","format":"standard","meta":{"footnotes":""},"categories":[12],"tags":[],"class_list":["post-17192","post","type-post","status-publish","format-standard","has-post-thumbnail","hentry","category-spravy","post-number-1"],"yoast_head":"<!-- This site is optimized with the Yoast SEO plugin v27.1.1 - https:\/\/yoast.com\/product\/yoast-seo-wordpress\/ -->\n<title>S\u00e9ria bez v\u00fdhry proti Ru\u017eomberku sa skon\u010dila, rozhodol Zeljkovi\u010d - FC Spartak Trnava<\/title>\n<meta name=\"robots\" content=\"index, follow, max-snippet:-1, max-image-preview:large, max-video-preview:-1\" \/>\n<link rel=\"canonical\" href=\"https:\/\/fcspartaktrnava.com\/en\/seria-bez-vyhry-proti-ruzomberku-sa-skoncila-rozhodol-zeljkovic\/\" \/>\n<meta name=\"twitter:label1\" content=\"Written by\" \/>\n\t<meta name=\"twitter:data1\" content=\"spartak\" \/>\n\t<meta name=\"twitter:label2\" content=\"Estimated reading time\" \/>\n\t<meta name=\"twitter:data2\" content=\"4 minutes\" \/>\n<script type=\"application\/ld+json\" class=\"yoast-schema-graph\">{\"@context\":\"https:\/\/schema.org\",\"@graph\":[{\"@type\":\"Article\",\"@id\":\"https:\/\/fcspartaktrnava.com\/seria-bez-vyhry-proti-ruzomberku-sa-skoncila-rozhodol-zeljkovic\/#article\",\"isPartOf\":{\"@id\":\"https:\/\/fcspartaktrnava.com\/seria-bez-vyhry-proti-ruzomberku-sa-skoncila-rozhodol-zeljkovic\/\"},\"author\":{\"name\":\"spartak\",\"@id\":\"https:\/\/fcspartaktrnava.com\/#\/schema\/person\/24bc5b254af14f71d7d8af178790aa75\"},\"headline\":\"S\u00e9ria bez v\u00fdhry proti Ru\u017eomberku sa skon\u010dila, rozhodol Zeljkovi\u010d\",\"datePublished\":\"2024-05-04T16:12:12+00:00\",\"dateModified\":\"2024-05-04T16:18:35+00:00\",\"mainEntityOfPage\":{\"@id\":\"https:\/\/fcspartaktrnava.com\/seria-bez-vyhry-proti-ruzomberku-sa-skoncila-rozhodol-zeljkovic\/\"},\"wordCount\":823,\"publisher\":{\"@id\":\"https:\/\/fcspartaktrnava.com\/#organization\"},\"image\":{\"@id\":\"https:\/\/fcspartaktrnava.com\/seria-bez-vyhry-proti-ruzomberku-sa-skoncila-rozhodol-zeljkovic\/#primaryimage\"},\"thumbnailUrl\":\"https:\/\/fcspartaktrnava.com\/wp-content\/uploads\/2024\/05\/WhatsApp-Image-2024-05-04-at-18.09.17-scaled.jpeg\",\"articleSection\":[\"Spr\u00e1vy\"],\"inLanguage\":\"en-GB\"},{\"@type\":\"WebPage\",\"@id\":\"https:\/\/fcspartaktrnava.com\/seria-bez-vyhry-proti-ruzomberku-sa-skoncila-rozhodol-zeljkovic\/\",\"url\":\"https:\/\/fcspartaktrnava.com\/seria-bez-vyhry-proti-ruzomberku-sa-skoncila-rozhodol-zeljkovic\/\",\"name\":\"S\u00e9ria bez v\u00fdhry proti Ru\u017eomberku sa skon\u010dila, rozhodol Zeljkovi\u010d - FC Spartak Trnava\",\"isPartOf\":{\"@id\":\"https:\/\/fcspartaktrnava.com\/#website\"},\"primaryImageOfPage\":{\"@id\":\"https:\/\/fcspartaktrnava.com\/seria-bez-vyhry-proti-ruzomberku-sa-skoncila-rozhodol-zeljkovic\/#primaryimage\"},\"image\":{\"@id\":\"https:\/\/fcspartaktrnava.com\/seria-bez-vyhry-proti-ruzomberku-sa-skoncila-rozhodol-zeljkovic\/#primaryimage\"},\"thumbnailUrl\":\"https:\/\/fcspartaktrnava.com\/wp-content\/uploads\/2024\/05\/WhatsApp-Image-2024-05-04-at-18.09.17-scaled.jpeg\",\"datePublished\":\"2024-05-04T16:12:12+00:00\",\"dateModified\":\"2024-05-04T16:18:35+00:00\",\"breadcrumb\":{\"@id\":\"https:\/\/fcspartaktrnava.com\/seria-bez-vyhry-proti-ruzomberku-sa-skoncila-rozhodol-zeljkovic\/#breadcrumb\"},\"inLanguage\":\"en-GB\",\"potentialAction\":[{\"@type\":\"ReadAction\",\"target\":[\"https:\/\/fcspartaktrnava.com\/seria-bez-vyhry-proti-ruzomberku-sa-skoncila-rozhodol-zeljkovic\/\"]}]},{\"@type\":\"ImageObject\",\"inLanguage\":\"en-GB\",\"@id\":\"https:\/\/fcspartaktrnava.com\/seria-bez-vyhry-proti-ruzomberku-sa-skoncila-rozhodol-zeljkovic\/#primaryimage\",\"url\":\"https:\/\/fcspartaktrnava.com\/wp-content\/uploads\/2024\/05\/WhatsApp-Image-2024-05-04-at-18.09.17-scaled.jpeg\",\"contentUrl\":\"https:\/\/fcspartaktrnava.com\/wp-content\/uploads\/2024\/05\/WhatsApp-Image-2024-05-04-at-18.09.17-scaled.jpeg\",\"width\":2560,\"height\":1920},{\"@type\":\"BreadcrumbList\",\"@id\":\"https:\/\/fcspartaktrnava.com\/seria-bez-vyhry-proti-ruzomberku-sa-skoncila-rozhodol-zeljkovic\/#breadcrumb\",\"itemListElement\":[{\"@type\":\"ListItem\",\"position\":1,\"name\":\"Home\",\"item\":\"https:\/\/fcspartaktrnava.com\/\"},{\"@type\":\"ListItem\",\"position\":2,\"name\":\"S\u00e9ria bez v\u00fdhry proti Ru\u017eomberku sa skon\u010dila, rozhodol Zeljkovi\u010d\"}]},{\"@type\":\"WebSite\",\"@id\":\"https:\/\/fcspartaktrnava.com\/#website\",\"url\":\"https:\/\/fcspartaktrnava.com\/\",\"name\":\"FC Spartak Trnava\",\"description\":\"ofici\u00e1lna webstr\u00e1nka futbalov\u00e9ho klubu\",\"publisher\":{\"@id\":\"https:\/\/fcspartaktrnava.com\/#organization\"},\"potentialAction\":[{\"@type\":\"SearchAction\",\"target\":{\"@type\":\"EntryPoint\",\"urlTemplate\":\"https:\/\/fcspartaktrnava.com\/?s={search_term_string}\"},\"query-input\":{\"@type\":\"PropertyValueSpecification\",\"valueRequired\":true,\"valueName\":\"search_term_string\"}}],\"inLanguage\":\"en-GB\"},{\"@type\":\"Organization\",\"@id\":\"https:\/\/fcspartaktrnava.com\/#organization\",\"name\":\"FC Spartak Trnava\",\"alternateName\":\"Spartak\",\"url\":\"https:\/\/fcspartaktrnava.com\/\",\"logo\":{\"@type\":\"ImageObject\",\"inLanguage\":\"en-GB\",\"@id\":\"https:\/\/fcspartaktrnava.com\/#\/schema\/logo\/image\/\",\"url\":\"https:\/\/fcspartaktrnava.com\/wp-content\/uploads\/2022\/08\/cropped-site_logo.png\",\"contentUrl\":\"https:\/\/fcspartaktrnava.com\/wp-content\/uploads\/2022\/08\/cropped-site_logo.png\",\"width\":140,\"height\":140,\"caption\":\"FC Spartak Trnava\"},\"image\":{\"@id\":\"https:\/\/fcspartaktrnava.com\/#\/schema\/logo\/image\/\"},\"sameAs\":[\"https:\/\/www.facebook.com\/SpartakTrnava\",\"https:\/\/x.com\/SpartakTrnava1\",\"https:\/\/www.instagram.com\/spartak_sk\/\"]},{\"@type\":\"Person\",\"@id\":\"https:\/\/fcspartaktrnava.com\/#\/schema\/person\/24bc5b254af14f71d7d8af178790aa75\",\"name\":\"spartak\",\"image\":{\"@type\":\"ImageObject\",\"inLanguage\":\"en-GB\",\"@id\":\"https:\/\/fcspartaktrnava.com\/#\/schema\/person\/image\/\",\"url\":\"https:\/\/secure.gravatar.com\/avatar\/f8ff8584f3fcf3909a11a6da9019f37749183b4015bca14e64556c52614cdc7f?s=96&d=mm&r=g\",\"contentUrl\":\"https:\/\/secure.gravatar.com\/avatar\/f8ff8584f3fcf3909a11a6da9019f37749183b4015bca14e64556c52614cdc7f?s=96&d=mm&r=g\",\"caption\":\"spartak\"},\"url\":\"https:\/\/fcspartaktrnava.com\/en\/author\/spartak\/\"}]}<\/script>\n<!-- \/ Yoast SEO plugin. -->","yoast_head_json":{"title":"S\u00e9ria bez v\u00fdhry proti Ru\u017eomberku sa skon\u010dila, rozhodol Zeljkovi\u010d - FC Spartak Trnava","robots":{"index":"index","follow":"follow","max-snippet":"max-snippet:-1","max-image-preview":"max-image-preview:large","max-video-preview":"max-video-preview:-1"},"canonical":"https:\/\/fcspartaktrnava.com\/en\/seria-bez-vyhry-proti-ruzomberku-sa-skoncila-rozhodol-zeljkovic\/","twitter_misc":{"Written by":"spartak","Estimated reading time":"4 minutes"},"schema":{"@context":"https:\/\/schema.org","@graph":[{"@type":"Article","@id":"https:\/\/fcspartaktrnava.com\/seria-bez-vyhry-proti-ruzomberku-sa-skoncila-rozhodol-zeljkovic\/#article","isPartOf":{"@id":"https:\/\/fcspartaktrnava.com\/seria-bez-vyhry-proti-ruzomberku-sa-skoncila-rozhodol-zeljkovic\/"},"author":{"name":"spartak","@id":"https:\/\/fcspartaktrnava.com\/#\/schema\/person\/24bc5b254af14f71d7d8af178790aa75"},"headline":"S\u00e9ria bez v\u00fdhry proti Ru\u017eomberku sa skon\u010dila, rozhodol Zeljkovi\u010d","datePublished":"2024-05-04T16:12:12+00:00","dateModified":"2024-05-04T16:18:35+00:00","mainEntityOfPage":{"@id":"https:\/\/fcspartaktrnava.com\/seria-bez-vyhry-proti-ruzomberku-sa-skoncila-rozhodol-zeljkovic\/"},"wordCount":823,"publisher":{"@id":"https:\/\/fcspartaktrnava.com\/#organization"},"image":{"@id":"https:\/\/fcspartaktrnava.com\/seria-bez-vyhry-proti-ruzomberku-sa-skoncila-rozhodol-zeljkovic\/#primaryimage"},"thumbnailUrl":"https:\/\/fcspartaktrnava.com\/wp-content\/uploads\/2024\/05\/WhatsApp-Image-2024-05-04-at-18.09.17-scaled.jpeg","articleSection":["Spr\u00e1vy"],"inLanguage":"en-GB"},{"@type":"WebPage","@id":"https:\/\/fcspartaktrnava.com\/seria-bez-vyhry-proti-ruzomberku-sa-skoncila-rozhodol-zeljkovic\/","url":"https:\/\/fcspartaktrnava.com\/seria-bez-vyhry-proti-ruzomberku-sa-skoncila-rozhodol-zeljkovic\/","name":"S\u00e9ria bez v\u00fdhry proti Ru\u017eomberku sa skon\u010dila, rozhodol Zeljkovi\u010d - FC Spartak Trnava","isPartOf":{"@id":"https:\/\/fcspartaktrnava.com\/#website"},"primaryImageOfPage":{"@id":"https:\/\/fcspartaktrnava.com\/seria-bez-vyhry-proti-ruzomberku-sa-skoncila-rozhodol-zeljkovic\/#primaryimage"},"image":{"@id":"https:\/\/fcspartaktrnava.com\/seria-bez-vyhry-proti-ruzomberku-sa-skoncila-rozhodol-zeljkovic\/#primaryimage"},"thumbnailUrl":"https:\/\/fcspartaktrnava.com\/wp-content\/uploads\/2024\/05\/WhatsApp-Image-2024-05-04-at-18.09.17-scaled.jpeg","datePublished":"2024-05-04T16:12:12+00:00","dateModified":"2024-05-04T16:18:35+00:00","breadcrumb":{"@id":"https:\/\/fcspartaktrnava.com\/seria-bez-vyhry-proti-ruzomberku-sa-skoncila-rozhodol-zeljkovic\/#breadcrumb"},"inLanguage":"en-GB","potentialAction":[{"@type":"ReadAction","target":["https:\/\/fcspartaktrnava.com\/seria-bez-vyhry-proti-ruzomberku-sa-skoncila-rozhodol-zeljkovic\/"]}]},{"@type":"ImageObject","inLanguage":"en-GB","@id":"https:\/\/fcspartaktrnava.com\/seria-bez-vyhry-proti-ruzomberku-sa-skoncila-rozhodol-zeljkovic\/#primaryimage","url":"https:\/\/fcspartaktrnava.com\/wp-content\/uploads\/2024\/05\/WhatsApp-Image-2024-05-04-at-18.09.17-scaled.jpeg","contentUrl":"https:\/\/fcspartaktrnava.com\/wp-content\/uploads\/2024\/05\/WhatsApp-Image-2024-05-04-at-18.09.17-scaled.jpeg","width":2560,"height":1920},{"@type":"BreadcrumbList","@id":"https:\/\/fcspartaktrnava.com\/seria-bez-vyhry-proti-ruzomberku-sa-skoncila-rozhodol-zeljkovic\/#breadcrumb","itemListElement":[{"@type":"ListItem","position":1,"name":"Home","item":"https:\/\/fcspartaktrnava.com\/"},{"@type":"ListItem","position":2,"name":"S\u00e9ria bez v\u00fdhry proti Ru\u017eomberku sa skon\u010dila, rozhodol Zeljkovi\u010d"}]},{"@type":"WebSite","@id":"https:\/\/fcspartaktrnava.com\/#website","url":"https:\/\/fcspartaktrnava.com\/","name":"FC Spartak Trnava","description":"ofici\u00e1lna webstr\u00e1nka futbalov\u00e9ho klubu","publisher":{"@id":"https:\/\/fcspartaktrnava.com\/#organization"},"potentialAction":[{"@type":"SearchAction","target":{"@type":"EntryPoint","urlTemplate":"https:\/\/fcspartaktrnava.com\/?s={search_term_string}"},"query-input":{"@type":"PropertyValueSpecification","valueRequired":true,"valueName":"search_term_string"}}],"inLanguage":"en-GB"},{"@type":"Organization","@id":"https:\/\/fcspartaktrnava.com\/#organization","name":"FC Spartak Trnava","alternateName":"Spartak","url":"https:\/\/fcspartaktrnava.com\/","logo":{"@type":"ImageObject","inLanguage":"en-GB","@id":"https:\/\/fcspartaktrnava.com\/#\/schema\/logo\/image\/","url":"https:\/\/fcspartaktrnava.com\/wp-content\/uploads\/2022\/08\/cropped-site_logo.png","contentUrl":"https:\/\/fcspartaktrnava.com\/wp-content\/uploads\/2022\/08\/cropped-site_logo.png","width":140,"height":140,"caption":"FC Spartak Trnava"},"image":{"@id":"https:\/\/fcspartaktrnava.com\/#\/schema\/logo\/image\/"},"sameAs":["https:\/\/www.facebook.com\/SpartakTrnava","https:\/\/x.com\/SpartakTrnava1","https:\/\/www.instagram.com\/spartak_sk\/"]},{"@type":"Person","@id":"https:\/\/fcspartaktrnava.com\/#\/schema\/person\/24bc5b254af14f71d7d8af178790aa75","name":"spartak","image":{"@type":"ImageObject","inLanguage":"en-GB","@id":"https:\/\/fcspartaktrnava.com\/#\/schema\/person\/image\/","url":"https:\/\/secure.gravatar.com\/avatar\/f8ff8584f3fcf3909a11a6da9019f37749183b4015bca14e64556c52614cdc7f?s=96&d=mm&r=g","contentUrl":"https:\/\/secure.gravatar.com\/avatar\/f8ff8584f3fcf3909a11a6da9019f37749183b4015bca14e64556c52614cdc7f?s=96&d=mm&r=g","caption":"spartak"},"url":"https:\/\/fcspartaktrnava.com\/en\/author\/spartak\/"}]}},"_links":{"self":[{"href":"https:\/\/fcspartaktrnava.com\/en\/wp-json\/wp\/v2\/posts\/17192","targetHints":{"allow":["GET"]}}],"collection":[{"href":"https:\/\/fcspartaktrnava.com\/en\/wp-json\/wp\/v2\/posts"}],"about":[{"href":"https:\/\/fcspartaktrnava.com\/en\/wp-json\/wp\/v2\/types\/post"}],"author":[{"embeddable":true,"href":"https:\/\/fcspartaktrnava.com\/en\/wp-json\/wp\/v2\/users\/2"}],"replies":[{"embeddable":true,"href":"https:\/\/fcspartaktrnava.com\/en\/wp-json\/wp\/v2\/comments?post=17192"}],"version-history":[{"count":0,"href":"https:\/\/fcspartaktrnava.com\/en\/wp-json\/wp\/v2\/posts\/17192\/revisions"}],"wp:featuredmedia":[{"embeddable":true,"href":"https:\/\/fcspartaktrnava.com\/en\/wp-json\/wp\/v2\/media\/17193"}],"wp:attachment":[{"href":"https:\/\/fcspartaktrnava.com\/en\/wp-json\/wp\/v2\/media?parent=17192"}],"wp:term":[{"taxonomy":"category","embeddable":true,"href":"https:\/\/fcspartaktrnava.com\/en\/wp-json\/wp\/v2\/categories?post=17192"},{"taxonomy":"post_tag","embeddable":true,"href":"https:\/\/fcspartaktrnava.com\/en\/wp-json\/wp\/v2\/tags?post=17192"}],"curies":[{"name":"wp","href":"https:\/\/api.w.org\/{rel}","templated":true}]}}