{"id":16955,"date":"2024-05-05T08:40:02","date_gmt":"2024-05-05T06:40:02","guid":{"rendered":"https:\/\/fcspartaktrnava.com\/?p=16955"},"modified":"2024-05-05T08:40:03","modified_gmt":"2024-05-05T06:40:03","slug":"sedemnastka-specatila-titul-so-slovanom","status":"publish","type":"post","link":"https:\/\/fcspartaktrnava.com\/en\/sedemnastka-specatila-titul-so-slovanom\/","title":{"rendered":"Sedemn\u00e1stka spe\u010datila titul so Slovanom!"},"content":{"rendered":"<p>Dve kol\u00e1 pred koncom potvrdili futbalisti Spartaka do sedemn\u00e1s\u0165 rokov majstrovsk\u00fd titul v&nbsp;tejto kateg\u00f3rii. Sta\u010dila im na to bezg\u00f3lov\u00e1 rem\u00edza v&nbsp;derby so Slovanom, pred ktor\u00fdm maj\u00fa nedostihnute\u013en\u00fd jeden\u00e1s\u0165bodov\u00fd n\u00e1skok.<\/p>\n\n\n\n<p>Po poslednom hvizde mohli prepukn\u00fa\u0165 prv\u00e9 oslavy, hoci v\u00ed\u0165azstvo nad rivalom sa napriek celoz\u00e1pasovej prevahe nepodarilo. <strong><em>\u201eBol to tak\u00fd taktick\u00fd z\u00e1pas, ke\u010f\u017ee oba celky e\u0161te o&nbsp;nie\u010do hrali a&nbsp;nikto nechcel spravi\u0165 chybu. Mysl\u00edm v\u0161ak, \u017ee za cel\u00fa t\u00fa sez\u00f3nu s&nbsp;tou bilanciou, sme vyhrali ligu zasl\u00fa\u017eene,\u201c <\/em><\/strong>hovoril po z\u00e1pase tr\u00e9ner Patrik Mal\u00fd, ktor\u00fd mal na mysli fakt, \u017ee jeho zverenci prehrali po\u010das celej sez\u00f3ny len raz a&nbsp;dva razy remizovali.<\/p>\n\n\n\n<p><strong><em>\u201eTento ro\u010dn\u00edk je pod\u013ea m\u0148a v\u00fdnimo\u010dn\u00fd, m\u00e1me dobr\u00fa skladbu a&nbsp;rozhodla najm\u00e4 \u0161\u00edrka k\u00e1dra. V\u010faka tomu sme dok\u00e1zali v&nbsp;druhom pol\u010dase kopu z\u00e1pasov oto\u010di\u0165. Ver\u00edm, \u017ee tento ro\u010dn\u00edk bude pre Spartak legend\u00e1rny, lebo zav\u0155\u0161ili majstrovsk\u00fd hetrik. Boli majstri v&nbsp;pr\u00edpravke, medzi \u017eiakmi a&nbsp;teraz aj medzi dorastencami. Boli sme najlep\u0161ie mu\u017estvo a&nbsp;potvrdili sme to aj v\u00fdsledkami,\u201c<\/em><\/strong> te\u0161\u00ed sa tr\u00e9ner, ktor\u00fd sa s&nbsp;touto kateg\u00f3riu l\u00fa\u010di a&nbsp;od \u010fal\u0161ej sez\u00f3ny preberie spartakovsk\u00fa \u0161estn\u00e1stku, ktor\u00e1 tie\u017e e\u0161te bojuje v&nbsp;tomto roku o&nbsp;titul a&nbsp;je na druhom mieste.<\/p>\n\n\n\n<p>S\u00fa\u010dasn\u00e1 sedemn\u00e1stka m\u00e1 nieko\u013eko reprezentantov a\u00a0men\u00e1, ktor\u00e9 by sa o\u00a0p\u00e1r rokov mohli objavi\u0165 v\u00a0\u010derveno-\u010diernom \u00e1\u010dku. <strong><em>\u201eNa prvom mieste je t\u00edm, ale ke\u010f m\u00e1m menovite nieko\u013ek\u00fdch spomen\u00fa\u0165, tak men\u00e1 ako David Bukovsk\u00fd, Mi\u0161o Farka\u0161, Jakub Le\u017e\u00e1k, Pa\u0165o Priecel, Kristi\u00e1n H\u00faska, Tobias Daniel, Mat\u00fa\u0161 Velick\u00fd, Martin Turansk\u00fd, Dominik B\u00f6hmer a\u00a0mnoh\u00ed \u010fal\u0161\u00ed. V\u0161etci si v\u0161ak zasl\u00fa\u017eia uznanie a\u00a0m\u00f4\u017eeme sa te\u0161i\u0165, \u017ee m\u00e1me tak\u00fdchto hr\u00e1\u010dov. Mysl\u00edm, \u017ee z\u00a0tohto ro\u010dn\u00edka sa minim\u00e1lne dva-traja presadia do \u00e1\u010dka, lebo maj\u00fa na to kvalitu. Treba s\u00a0nimi len pracova\u0165 a\u00a0by\u0165 trpezliv\u00ed. Aj v\u00a0dev\u00e4tn\u00e1stke bud\u00fa hra\u0165 vy\u0161\u0161ie.\u201c<\/em><\/strong><\/p>\n\n\n\n<figure class=\"wp-block-embed is-type-video is-provider-youtube wp-block-embed-youtube wp-embed-aspect-16-9 wp-has-aspect-ratio\"><div class=\"wp-block-embed__wrapper\">\n<iframe loading=\"lazy\" title=\"Patrik Mal\u00fd a Michal Farka\u0161 po z\u00edskan\u00ed titulu v kateg\u00f3rii U17\" width=\"500\" height=\"281\" src=\"https:\/\/www.youtube.com\/embed\/HCQIBPB7QCM?feature=oembed\" frameborder=\"0\" allow=\"accelerometer; autoplay; clipboard-write; encrypted-media; gyroscope; picture-in-picture; web-share\" referrerpolicy=\"strict-origin-when-cross-origin\" allowfullscreen><\/iframe>\n<\/div><\/figure>\n\n\n\n<p>Na svojich spoluhr\u00e1\u010dov bol py\u0161n\u00fd aj kapit\u00e1n mu\u017estva Michal Farka\u0161. <strong><em>\u201eJe to neop\u00edsate\u013en\u00fd pocit, s&nbsp;chalanmi, s&nbsp;ktor\u00fdmi sme osem rokov spolu, navy\u0161e doma so Slovanom a&nbsp;som na v\u0161etk\u00fdch hrd\u00fd. Som r\u00e1d, \u017ee pri\u0161lo ve\u013ea \u013eud\u00ed, rodi\u010dia, b\u00fdval\u00ed spoluhr\u00e1\u010di. Cie\u013eom ka\u017ed\u00e9ho z&nbsp;n\u00e1s je dosta\u0165 sa raz do trnavsk\u00e9ho \u00e1\u010dka. \u010eakujeme tr\u00e9nerom a&nbsp;mus\u00edme \u010falej pracova\u0165.\u201c<\/em><\/strong><\/p>\n\n\n\n<p>Spartakovcov e\u0161te vo zvy\u0161ku sez\u00f3ny \u010dakaj\u00fa dva z\u00e1pasy vonku, najsk\u00f4r v\u00a0Ru\u017eomberku a\u00a0potom v\u00a0Zlat\u00fdch Moravciach.<\/p>\n\n\n\n<figure class=\"wp-block-gallery has-nested-images columns-default is-cropped wp-block-gallery-1 is-layout-flex wp-block-gallery-is-layout-flex\">\n<figure class=\"wp-block-image size-large\"><img loading=\"lazy\" decoding=\"async\" width=\"1024\" height=\"682\" data-id=\"17100\" src=\"https:\/\/fcspartaktrnava.com\/wp-content\/uploads\/2024\/05\/DSC_9308-1024x682.jpg\" alt=\"\" class=\"wp-image-17100\" srcset=\"https:\/\/fcspartaktrnava.com\/wp-content\/uploads\/2024\/05\/DSC_9308-1024x682.jpg 1024w, https:\/\/fcspartaktrnava.com\/wp-content\/uploads\/2024\/05\/DSC_9308-300x200.jpg 300w, https:\/\/fcspartaktrnava.com\/wp-content\/uploads\/2024\/05\/DSC_9308-768x512.jpg 768w, https:\/\/fcspartaktrnava.com\/wp-content\/uploads\/2024\/05\/DSC_9308-18x12.jpg 18w, https:\/\/fcspartaktrnava.com\/wp-content\/uploads\/2024\/05\/DSC_9308.jpg 1520w\" sizes=\"auto, (max-width: 1024px) 100vw, 1024px\" \/><\/figure>\n\n\n\n<figure class=\"wp-block-image size-large\"><img loading=\"lazy\" decoding=\"async\" width=\"1024\" height=\"682\" data-id=\"17080\" src=\"https:\/\/fcspartaktrnava.com\/wp-content\/uploads\/2024\/05\/DSC_9281-1024x682.jpg\" alt=\"\" class=\"wp-image-17080\" srcset=\"https:\/\/fcspartaktrnava.com\/wp-content\/uploads\/2024\/05\/DSC_9281-1024x682.jpg 1024w, https:\/\/fcspartaktrnava.com\/wp-content\/uploads\/2024\/05\/DSC_9281-300x200.jpg 300w, https:\/\/fcspartaktrnava.com\/wp-content\/uploads\/2024\/05\/DSC_9281-768x512.jpg 768w, https:\/\/fcspartaktrnava.com\/wp-content\/uploads\/2024\/05\/DSC_9281-18x12.jpg 18w, https:\/\/fcspartaktrnava.com\/wp-content\/uploads\/2024\/05\/DSC_9281.jpg 1520w\" sizes=\"auto, (max-width: 1024px) 100vw, 1024px\" \/><\/figure>\n\n\n\n<figure class=\"wp-block-image size-large\"><img loading=\"lazy\" decoding=\"async\" width=\"1024\" height=\"682\" data-id=\"17066\" src=\"https:\/\/fcspartaktrnava.com\/wp-content\/uploads\/2024\/05\/DSC_9262-1024x682.jpg\" alt=\"\" class=\"wp-image-17066\" srcset=\"https:\/\/fcspartaktrnava.com\/wp-content\/uploads\/2024\/05\/DSC_9262-1024x682.jpg 1024w, https:\/\/fcspartaktrnava.com\/wp-content\/uploads\/2024\/05\/DSC_9262-300x200.jpg 300w, https:\/\/fcspartaktrnava.com\/wp-content\/uploads\/2024\/05\/DSC_9262-768x512.jpg 768w, https:\/\/fcspartaktrnava.com\/wp-content\/uploads\/2024\/05\/DSC_9262-18x12.jpg 18w, https:\/\/fcspartaktrnava.com\/wp-content\/uploads\/2024\/05\/DSC_9262.jpg 1520w\" sizes=\"auto, (max-width: 1024px) 100vw, 1024px\" \/><\/figure>\n<\/figure>\n\n\n\n<p><strong>O&nbsp;majstrovsk\u00fd titul sa v&nbsp;tejto sez\u00f3ne pri\u010dinili:<\/strong><\/p>\n\n\n\n<p>brank\u00e1ri: Boris Halada, \u013dubo\u0161 Va\u010dok, Kristi\u00e1n H\u00faska, Tom\u00e1\u0161 Jablonick\u00fd<\/p>\n\n\n\n<p>obrancovia: Mat\u00fa\u0161 Velick\u00fd, Tobias Daniel, Luk\u00e1\u0161 Pristach, Martin Turansk\u00fd, Timothy Kraj\u010di, Dominik B\u00f6hmer, &nbsp;Samuel Kov\u00e1\u010d,<\/p>\n\n\n\n<p>stredopoliari: Michal Farka\u0161, Martin Konopka, Jakub Martin Le\u017e\u00e1k, Samuel Pta\u010d\u00edn, Ronald Kubovi\u010d, David Bug\u00e1r, Dmytro Kozachok<\/p>\n\n\n\n<p>\u00fato\u010dn\u00edci: Patrik Priecel, Filip Trello, David Bukovsk\u00fd, Patrik Kocian, Juraj Duchovi\u010d<\/p>\n\n\n\n<p>Realiza\u010dn\u00fd \u0161t\u00e1b:<\/p>\n\n\n\n<p>Patrik Mal\u00fd (hlavn\u00fd tr\u00e9ner), Jaroslav Daniel, M\u00e1rio \u0160ulc (asistenti), J\u00e1n Pol\u00f3ny (tr\u00e9ner brank\u00e1rov).<\/p>\n\n\n\n<figure class=\"wp-block-image size-large\"><img loading=\"lazy\" decoding=\"async\" width=\"1024\" height=\"681\" src=\"https:\/\/fcspartaktrnava.com\/wp-content\/uploads\/2024\/05\/DSC_9400-1024x681.jpg\" alt=\"\" class=\"wp-image-17124\" srcset=\"https:\/\/fcspartaktrnava.com\/wp-content\/uploads\/2024\/05\/DSC_9400-1024x681.jpg 1024w, https:\/\/fcspartaktrnava.com\/wp-content\/uploads\/2024\/05\/DSC_9400-300x200.jpg 300w, https:\/\/fcspartaktrnava.com\/wp-content\/uploads\/2024\/05\/DSC_9400-768x511.jpg 768w, https:\/\/fcspartaktrnava.com\/wp-content\/uploads\/2024\/05\/DSC_9400-18x12.jpg 18w, https:\/\/fcspartaktrnava.com\/wp-content\/uploads\/2024\/05\/DSC_9400.jpg 1520w\" sizes=\"auto, (max-width: 1024px) 100vw, 1024px\" \/><\/figure>","protected":false},"excerpt":{"rendered":"<p>Dve kol\u00e1 pred koncom potvrdili futbalisti Spartaka do&#8230;<\/p>","protected":false},"author":2,"featured_media":17030,"comment_status":"closed","ping_status":"closed","sticky":false,"template":"","format":"standard","meta":{"footnotes":""},"categories":[12],"tags":[],"class_list":["post-16955","post","type-post","status-publish","format-standard","has-post-thumbnail","hentry","category-spravy","post-number-1"],"yoast_head":"<!-- This site is optimized with the Yoast SEO plugin v27.1.1 - https:\/\/yoast.com\/product\/yoast-seo-wordpress\/ -->\n<title>Sedemn\u00e1stka spe\u010datila titul so Slovanom! - FC Spartak Trnava<\/title>\n<meta name=\"robots\" content=\"index, follow, max-snippet:-1, max-image-preview:large, max-video-preview:-1\" \/>\n<link rel=\"canonical\" href=\"https:\/\/fcspartaktrnava.com\/en\/sedemnastka-specatila-titul-so-slovanom\/\" \/>\n<meta name=\"twitter:label1\" content=\"Written by\" \/>\n\t<meta name=\"twitter:data1\" content=\"spartak\" \/>\n\t<meta name=\"twitter:label2\" content=\"Estimated reading time\" \/>\n\t<meta name=\"twitter:data2\" content=\"4 minutes\" \/>\n<script type=\"application\/ld+json\" class=\"yoast-schema-graph\">{\"@context\":\"https:\/\/schema.org\",\"@graph\":[{\"@type\":\"Article\",\"@id\":\"https:\/\/fcspartaktrnava.com\/sedemnastka-specatila-titul-so-slovanom\/#article\",\"isPartOf\":{\"@id\":\"https:\/\/fcspartaktrnava.com\/sedemnastka-specatila-titul-so-slovanom\/\"},\"author\":{\"name\":\"spartak\",\"@id\":\"https:\/\/fcspartaktrnava.com\/#\/schema\/person\/24bc5b254af14f71d7d8af178790aa75\"},\"headline\":\"Sedemn\u00e1stka spe\u010datila titul so Slovanom!\",\"datePublished\":\"2024-05-05T06:40:02+00:00\",\"dateModified\":\"2024-05-05T06:40:03+00:00\",\"mainEntityOfPage\":{\"@id\":\"https:\/\/fcspartaktrnava.com\/sedemnastka-specatila-titul-so-slovanom\/\"},\"wordCount\":606,\"publisher\":{\"@id\":\"https:\/\/fcspartaktrnava.com\/#organization\"},\"image\":{\"@id\":\"https:\/\/fcspartaktrnava.com\/sedemnastka-specatila-titul-so-slovanom\/#primaryimage\"},\"thumbnailUrl\":\"https:\/\/fcspartaktrnava.com\/wp-content\/uploads\/2024\/05\/DSC_9217.jpg\",\"articleSection\":[\"Spr\u00e1vy\"],\"inLanguage\":\"en-GB\"},{\"@type\":\"WebPage\",\"@id\":\"https:\/\/fcspartaktrnava.com\/sedemnastka-specatila-titul-so-slovanom\/\",\"url\":\"https:\/\/fcspartaktrnava.com\/sedemnastka-specatila-titul-so-slovanom\/\",\"name\":\"Sedemn\u00e1stka spe\u010datila titul so Slovanom! - FC Spartak Trnava\",\"isPartOf\":{\"@id\":\"https:\/\/fcspartaktrnava.com\/#website\"},\"primaryImageOfPage\":{\"@id\":\"https:\/\/fcspartaktrnava.com\/sedemnastka-specatila-titul-so-slovanom\/#primaryimage\"},\"image\":{\"@id\":\"https:\/\/fcspartaktrnava.com\/sedemnastka-specatila-titul-so-slovanom\/#primaryimage\"},\"thumbnailUrl\":\"https:\/\/fcspartaktrnava.com\/wp-content\/uploads\/2024\/05\/DSC_9217.jpg\",\"datePublished\":\"2024-05-05T06:40:02+00:00\",\"dateModified\":\"2024-05-05T06:40:03+00:00\",\"breadcrumb\":{\"@id\":\"https:\/\/fcspartaktrnava.com\/sedemnastka-specatila-titul-so-slovanom\/#breadcrumb\"},\"inLanguage\":\"en-GB\",\"potentialAction\":[{\"@type\":\"ReadAction\",\"target\":[\"https:\/\/fcspartaktrnava.com\/sedemnastka-specatila-titul-so-slovanom\/\"]}]},{\"@type\":\"ImageObject\",\"inLanguage\":\"en-GB\",\"@id\":\"https:\/\/fcspartaktrnava.com\/sedemnastka-specatila-titul-so-slovanom\/#primaryimage\",\"url\":\"https:\/\/fcspartaktrnava.com\/wp-content\/uploads\/2024\/05\/DSC_9217.jpg\",\"contentUrl\":\"https:\/\/fcspartaktrnava.com\/wp-content\/uploads\/2024\/05\/DSC_9217.jpg\",\"width\":1520,\"height\":1013},{\"@type\":\"BreadcrumbList\",\"@id\":\"https:\/\/fcspartaktrnava.com\/sedemnastka-specatila-titul-so-slovanom\/#breadcrumb\",\"itemListElement\":[{\"@type\":\"ListItem\",\"position\":1,\"name\":\"Home\",\"item\":\"https:\/\/fcspartaktrnava.com\/\"},{\"@type\":\"ListItem\",\"position\":2,\"name\":\"Sedemn\u00e1stka spe\u010datila titul so Slovanom!\"}]},{\"@type\":\"WebSite\",\"@id\":\"https:\/\/fcspartaktrnava.com\/#website\",\"url\":\"https:\/\/fcspartaktrnava.com\/\",\"name\":\"FC Spartak Trnava\",\"description\":\"ofici\u00e1lna webstr\u00e1nka futbalov\u00e9ho klubu\",\"publisher\":{\"@id\":\"https:\/\/fcspartaktrnava.com\/#organization\"},\"potentialAction\":[{\"@type\":\"SearchAction\",\"target\":{\"@type\":\"EntryPoint\",\"urlTemplate\":\"https:\/\/fcspartaktrnava.com\/?s={search_term_string}\"},\"query-input\":{\"@type\":\"PropertyValueSpecification\",\"valueRequired\":true,\"valueName\":\"search_term_string\"}}],\"inLanguage\":\"en-GB\"},{\"@type\":\"Organization\",\"@id\":\"https:\/\/fcspartaktrnava.com\/#organization\",\"name\":\"FC Spartak Trnava\",\"alternateName\":\"Spartak\",\"url\":\"https:\/\/fcspartaktrnava.com\/\",\"logo\":{\"@type\":\"ImageObject\",\"inLanguage\":\"en-GB\",\"@id\":\"https:\/\/fcspartaktrnava.com\/#\/schema\/logo\/image\/\",\"url\":\"https:\/\/fcspartaktrnava.com\/wp-content\/uploads\/2022\/08\/cropped-site_logo.png\",\"contentUrl\":\"https:\/\/fcspartaktrnava.com\/wp-content\/uploads\/2022\/08\/cropped-site_logo.png\",\"width\":140,\"height\":140,\"caption\":\"FC Spartak Trnava\"},\"image\":{\"@id\":\"https:\/\/fcspartaktrnava.com\/#\/schema\/logo\/image\/\"},\"sameAs\":[\"https:\/\/www.facebook.com\/SpartakTrnava\",\"https:\/\/x.com\/SpartakTrnava1\",\"https:\/\/www.instagram.com\/spartak_sk\/\"]},{\"@type\":\"Person\",\"@id\":\"https:\/\/fcspartaktrnava.com\/#\/schema\/person\/24bc5b254af14f71d7d8af178790aa75\",\"name\":\"spartak\",\"image\":{\"@type\":\"ImageObject\",\"inLanguage\":\"en-GB\",\"@id\":\"https:\/\/fcspartaktrnava.com\/#\/schema\/person\/image\/\",\"url\":\"https:\/\/secure.gravatar.com\/avatar\/f8ff8584f3fcf3909a11a6da9019f37749183b4015bca14e64556c52614cdc7f?s=96&d=mm&r=g\",\"contentUrl\":\"https:\/\/secure.gravatar.com\/avatar\/f8ff8584f3fcf3909a11a6da9019f37749183b4015bca14e64556c52614cdc7f?s=96&d=mm&r=g\",\"caption\":\"spartak\"},\"url\":\"https:\/\/fcspartaktrnava.com\/en\/author\/spartak\/\"}]}<\/script>\n<!-- \/ Yoast SEO plugin. -->","yoast_head_json":{"title":"Sedemn\u00e1stka spe\u010datila titul so Slovanom! - FC Spartak Trnava","robots":{"index":"index","follow":"follow","max-snippet":"max-snippet:-1","max-image-preview":"max-image-preview:large","max-video-preview":"max-video-preview:-1"},"canonical":"https:\/\/fcspartaktrnava.com\/en\/sedemnastka-specatila-titul-so-slovanom\/","twitter_misc":{"Written by":"spartak","Estimated reading time":"4 minutes"},"schema":{"@context":"https:\/\/schema.org","@graph":[{"@type":"Article","@id":"https:\/\/fcspartaktrnava.com\/sedemnastka-specatila-titul-so-slovanom\/#article","isPartOf":{"@id":"https:\/\/fcspartaktrnava.com\/sedemnastka-specatila-titul-so-slovanom\/"},"author":{"name":"spartak","@id":"https:\/\/fcspartaktrnava.com\/#\/schema\/person\/24bc5b254af14f71d7d8af178790aa75"},"headline":"Sedemn\u00e1stka spe\u010datila titul so Slovanom!","datePublished":"2024-05-05T06:40:02+00:00","dateModified":"2024-05-05T06:40:03+00:00","mainEntityOfPage":{"@id":"https:\/\/fcspartaktrnava.com\/sedemnastka-specatila-titul-so-slovanom\/"},"wordCount":606,"publisher":{"@id":"https:\/\/fcspartaktrnava.com\/#organization"},"image":{"@id":"https:\/\/fcspartaktrnava.com\/sedemnastka-specatila-titul-so-slovanom\/#primaryimage"},"thumbnailUrl":"https:\/\/fcspartaktrnava.com\/wp-content\/uploads\/2024\/05\/DSC_9217.jpg","articleSection":["Spr\u00e1vy"],"inLanguage":"en-GB"},{"@type":"WebPage","@id":"https:\/\/fcspartaktrnava.com\/sedemnastka-specatila-titul-so-slovanom\/","url":"https:\/\/fcspartaktrnava.com\/sedemnastka-specatila-titul-so-slovanom\/","name":"Sedemn\u00e1stka spe\u010datila titul so Slovanom! - FC Spartak Trnava","isPartOf":{"@id":"https:\/\/fcspartaktrnava.com\/#website"},"primaryImageOfPage":{"@id":"https:\/\/fcspartaktrnava.com\/sedemnastka-specatila-titul-so-slovanom\/#primaryimage"},"image":{"@id":"https:\/\/fcspartaktrnava.com\/sedemnastka-specatila-titul-so-slovanom\/#primaryimage"},"thumbnailUrl":"https:\/\/fcspartaktrnava.com\/wp-content\/uploads\/2024\/05\/DSC_9217.jpg","datePublished":"2024-05-05T06:40:02+00:00","dateModified":"2024-05-05T06:40:03+00:00","breadcrumb":{"@id":"https:\/\/fcspartaktrnava.com\/sedemnastka-specatila-titul-so-slovanom\/#breadcrumb"},"inLanguage":"en-GB","potentialAction":[{"@type":"ReadAction","target":["https:\/\/fcspartaktrnava.com\/sedemnastka-specatila-titul-so-slovanom\/"]}]},{"@type":"ImageObject","inLanguage":"en-GB","@id":"https:\/\/fcspartaktrnava.com\/sedemnastka-specatila-titul-so-slovanom\/#primaryimage","url":"https:\/\/fcspartaktrnava.com\/wp-content\/uploads\/2024\/05\/DSC_9217.jpg","contentUrl":"https:\/\/fcspartaktrnava.com\/wp-content\/uploads\/2024\/05\/DSC_9217.jpg","width":1520,"height":1013},{"@type":"BreadcrumbList","@id":"https:\/\/fcspartaktrnava.com\/sedemnastka-specatila-titul-so-slovanom\/#breadcrumb","itemListElement":[{"@type":"ListItem","position":1,"name":"Home","item":"https:\/\/fcspartaktrnava.com\/"},{"@type":"ListItem","position":2,"name":"Sedemn\u00e1stka spe\u010datila titul so Slovanom!"}]},{"@type":"WebSite","@id":"https:\/\/fcspartaktrnava.com\/#website","url":"https:\/\/fcspartaktrnava.com\/","name":"FC Spartak Trnava","description":"ofici\u00e1lna webstr\u00e1nka futbalov\u00e9ho klubu","publisher":{"@id":"https:\/\/fcspartaktrnava.com\/#organization"},"potentialAction":[{"@type":"SearchAction","target":{"@type":"EntryPoint","urlTemplate":"https:\/\/fcspartaktrnava.com\/?s={search_term_string}"},"query-input":{"@type":"PropertyValueSpecification","valueRequired":true,"valueName":"search_term_string"}}],"inLanguage":"en-GB"},{"@type":"Organization","@id":"https:\/\/fcspartaktrnava.com\/#organization","name":"FC Spartak Trnava","alternateName":"Spartak","url":"https:\/\/fcspartaktrnava.com\/","logo":{"@type":"ImageObject","inLanguage":"en-GB","@id":"https:\/\/fcspartaktrnava.com\/#\/schema\/logo\/image\/","url":"https:\/\/fcspartaktrnava.com\/wp-content\/uploads\/2022\/08\/cropped-site_logo.png","contentUrl":"https:\/\/fcspartaktrnava.com\/wp-content\/uploads\/2022\/08\/cropped-site_logo.png","width":140,"height":140,"caption":"FC Spartak Trnava"},"image":{"@id":"https:\/\/fcspartaktrnava.com\/#\/schema\/logo\/image\/"},"sameAs":["https:\/\/www.facebook.com\/SpartakTrnava","https:\/\/x.com\/SpartakTrnava1","https:\/\/www.instagram.com\/spartak_sk\/"]},{"@type":"Person","@id":"https:\/\/fcspartaktrnava.com\/#\/schema\/person\/24bc5b254af14f71d7d8af178790aa75","name":"spartak","image":{"@type":"ImageObject","inLanguage":"en-GB","@id":"https:\/\/fcspartaktrnava.com\/#\/schema\/person\/image\/","url":"https:\/\/secure.gravatar.com\/avatar\/f8ff8584f3fcf3909a11a6da9019f37749183b4015bca14e64556c52614cdc7f?s=96&d=mm&r=g","contentUrl":"https:\/\/secure.gravatar.com\/avatar\/f8ff8584f3fcf3909a11a6da9019f37749183b4015bca14e64556c52614cdc7f?s=96&d=mm&r=g","caption":"spartak"},"url":"https:\/\/fcspartaktrnava.com\/en\/author\/spartak\/"}]}},"_links":{"self":[{"href":"https:\/\/fcspartaktrnava.com\/en\/wp-json\/wp\/v2\/posts\/16955","targetHints":{"allow":["GET"]}}],"collection":[{"href":"https:\/\/fcspartaktrnava.com\/en\/wp-json\/wp\/v2\/posts"}],"about":[{"href":"https:\/\/fcspartaktrnava.com\/en\/wp-json\/wp\/v2\/types\/post"}],"author":[{"embeddable":true,"href":"https:\/\/fcspartaktrnava.com\/en\/wp-json\/wp\/v2\/users\/2"}],"replies":[{"embeddable":true,"href":"https:\/\/fcspartaktrnava.com\/en\/wp-json\/wp\/v2\/comments?post=16955"}],"version-history":[{"count":0,"href":"https:\/\/fcspartaktrnava.com\/en\/wp-json\/wp\/v2\/posts\/16955\/revisions"}],"wp:featuredmedia":[{"embeddable":true,"href":"https:\/\/fcspartaktrnava.com\/en\/wp-json\/wp\/v2\/media\/17030"}],"wp:attachment":[{"href":"https:\/\/fcspartaktrnava.com\/en\/wp-json\/wp\/v2\/media?parent=16955"}],"wp:term":[{"taxonomy":"category","embeddable":true,"href":"https:\/\/fcspartaktrnava.com\/en\/wp-json\/wp\/v2\/categories?post=16955"},{"taxonomy":"post_tag","embeddable":true,"href":"https:\/\/fcspartaktrnava.com\/en\/wp-json\/wp\/v2\/tags?post=16955"}],"curies":[{"name":"wp","href":"https:\/\/api.w.org\/{rel}","templated":true}]}}