{"id":16684,"date":"2024-04-27T17:41:25","date_gmt":"2024-04-27T15:41:25","guid":{"rendered":"https:\/\/fcspartaktrnava.com\/?p=16684"},"modified":"2024-04-28T10:13:22","modified_gmt":"2024-04-28T08:13:22","slug":"zilina-nad-sily-spartakovcov","status":"publish","type":"post","link":"https:\/\/fcspartaktrnava.com\/en\/zilina-nad-sily-spartakovcov\/","title":{"rendered":"\u017dilina nad sily spartakovcov"},"content":{"rendered":"<div class=\"wp-block-group\"><div class=\"wp-block-group__inner-container is-layout-flow wp-block-group-is-layout-flow\">\n<p class=\"has-text-align-center\" style=\"font-size:16px\">\u0160tadi\u00f3n Pod Dub\u0148on, Nik\u00e9 liga, 7. kolo nadstavby o titul, 27. 4. 2023 o 15:30<\/p>\n\n\n\n<p class=\"has-text-align-center has-large-font-size\">M\u0160K \u017dILINA<br>FC SPARTAK TRNAVA<\/p>\n\n\n\n<p class=\"has-text-align-center has-x-large-font-size\" style=\"font-style:normal;font-weight:600\">2:0 <\/p>\n\n\n\n<div class=\"wp-block-group has-black-color has-text-color has-background\" style=\"background-color:#e2e7ec\"><div class=\"wp-block-group__inner-container is-layout-flow wp-block-group-is-layout-flow\">\n<p><strong>M\u0160K \u017dILINA:<\/strong><\/p>\n\n\n\n<p>Belko \u2013 Min\u00e1rik, Stoj\u010devski, Ndjeungoue \u2013 \u010eatko (73. Adang), Gidi, Sauer, Javor\u010dek \u2013 Bile (90. Bari), Jambor (73. Hranica), I\u013eko (62. Essomba)<\/p>\n\n\n\n<p><strong>TRNAVA<\/strong>:<\/p>\n\n\n\n<p>Tak\u00e1\u010d \u2013 Ko\u0161trna (59. Ujlaky), \u0160ulek, K\u00f3\u0161a (59. Paur), Bolaji \u2013 Daniel (59. Bern\u00e1t), Ofori (59. Mikovi\u010d), Bukata, Bainovi\u010d, Azango (59. \u0160tef\u00e1nik) \u2013 Poznar<\/p>\n\n\n\n<p><strong>Goals<\/strong>: 23. Jambor (P), 55. I\u013eko<\/p>\n\n\n\n<p><strong>Yellow cards:<\/strong> Ofori, Ujlaky, Bern\u00e1t<\/p>\n\n\n\n<p><strong>Rozhodoval<\/strong>: Filip Glova<\/p>\n\n\n\n<p>2061 div\u00e1kov<\/p>\n\n\n\n<p><strong>Pol\u010das<\/strong>: 1:0<\/p>\n<\/div><\/div>\n<\/div><\/div>\n\n\n\n<p>Spartak v&nbsp;poslednom z\u00e1pase pred fin\u00e1le poh\u00e1ra nast\u00fapil op\u00e4\u0165 v&nbsp;pozmenenej zostave. Zeljkovi\u010d pauzoval pre karty a&nbsp;viacer\u00fdch hr\u00e1\u010dov nechal Michal Ga\u0161par\u00edk odpo\u010d\u00edva\u0165. Namiesto \u010euri\u0161a nast\u00fapil od za\u010diatku Poznar.<\/p>\n\n\n\n<p>Trnav\u010dania v&nbsp;prvom pol\u010dase nap\u00e1dali s\u00fapera, ale \u017dilin\u010dania z&nbsp;toho a\u017e pr\u00edli\u0161 \u013eahko vych\u00e1dzali a&nbsp;mali nebezpe\u010dn\u00e9 brejky. Paradoxne, nesk\u00f3rovali z&nbsp;nich, ale z&nbsp;darovanej penalty, ke\u010f Azango v&nbsp;k\u00fate \u0161estn\u00e1stky zahral rukou a&nbsp;\u017dilina dostala z&nbsp;ni\u010doho ni\u010d penaltu, ktor\u00fa Jambor premenil.<\/p>\n\n\n\n<p>2<\/p>\n\n\n\n<p>Azango na br\u00e1nkovej \u010diare dobre prebral autov\u00e9 vhadzovanie, na\u0161iel vo\u013en\u00e9ho Poznara v&nbsp;\u0161estn\u00e1stke, ale jeho strela letela nad br\u00e1nku.<\/p>\n\n\n\n<p>11<\/p>\n\n\n\n<p>Na rovnakom mieste v&nbsp;\u0161estn\u00e1ste ho na\u0161iel aj Bolaji, ale Poznar tentoraz nestihol v&nbsp;dobrej poz\u00edcii ani zakon\u010di\u0165.<\/p>\n\n\n\n<p>14<\/p>\n\n\n\n<p>Sauer postupoval od polovi\u010dky ihriska a\u017e do \u0161estn\u00e1stky, a&nbsp;ke\u010f ho nikto nezastavil ani v&nbsp;nej, tak sa odhodlal k&nbsp;strele, na\u0161\u0165astie prestrelil.<\/p>\n\n\n\n<p>17<\/p>\n\n\n\n<p>Po zm\u00e4tkoch pred Tak\u00e1\u010dovou br\u00e1nkou sa lopta dostala k&nbsp;vo\u013en\u00e9mu Gidimu, ktor\u00fd ju mohol posla\u0165 do siete, ale Ofori mu v&nbsp;poslednej chv\u00edli vlo\u017eil nohu do strely.<\/p>\n\n\n\n<p>19<\/p>\n\n\n\n<p>Ten ist\u00fd hr\u00e1\u010d mal e\u0161te v\u00e4\u010d\u0161ie \u0161ancu, ke\u010f postupoval na Tak\u00e1\u010da, obstrelil ho, ale loptu zastavila ty\u010dka.<\/p>\n\n\n\n<p>22<\/p>\n\n\n\n<p>\u017dilina kopala roh, lopta sa v&nbsp;rohu \u0161estn\u00e1stky dostala k&nbsp;Azangovi, ktor\u00fd pri spracovan\u00ed zahral rukou a&nbsp;rozhodca odp\u00edskal penaltu.<\/p>\n\n\n\n<p>23<\/p>\n\n\n\n<p>Jambor ju s&nbsp;preh\u013eadom premenil a&nbsp;poslal dom\u00e1cich do vedenia.<\/p>\n\n\n\n<p>26<\/p>\n\n\n\n<p>Po priamom kope Bainovi\u010da hlavi\u010dkoval pred Belkom K\u00f3\u0161a, ale nad br\u00e1nku.<\/p>\n\n\n\n<p>36<\/p>\n\n\n\n<p>Brejk \u017diliny \u0165ahal Jambor proti \u0160ulekovi, stihol aj vystreli\u0165, ale trafil iba bo\u010dn\u00fa sie\u0165.<\/p>\n\n\n\n<p>39<\/p>\n\n\n\n<p>Bainovi\u010d zahr\u00e1val priamy kop, lopta v&nbsp;m\u00fare zmenila smer a&nbsp;pomaly sa kot\u00fa\u013eala okolo ty\u010dky bezmocn\u00e9ho Belka, ktor\u00fd sa len prizeral. &nbsp;<\/p>\n\n\n\n<figure class=\"wp-block-image size-large\"><img loading=\"lazy\" decoding=\"async\" width=\"1024\" height=\"683\" src=\"https:\/\/fcspartaktrnava.com\/wp-content\/uploads\/2024\/04\/ddb3219b-b523-4862-83de-8f8666b5b071-1024x683.jpg\" alt=\"\" class=\"wp-image-16686\" srcset=\"https:\/\/fcspartaktrnava.com\/wp-content\/uploads\/2024\/04\/ddb3219b-b523-4862-83de-8f8666b5b071-1024x683.jpg 1024w, https:\/\/fcspartaktrnava.com\/wp-content\/uploads\/2024\/04\/ddb3219b-b523-4862-83de-8f8666b5b071-300x200.jpg 300w, https:\/\/fcspartaktrnava.com\/wp-content\/uploads\/2024\/04\/ddb3219b-b523-4862-83de-8f8666b5b071-768x512.jpg 768w, https:\/\/fcspartaktrnava.com\/wp-content\/uploads\/2024\/04\/ddb3219b-b523-4862-83de-8f8666b5b071-1536x1024.jpg 1536w, https:\/\/fcspartaktrnava.com\/wp-content\/uploads\/2024\/04\/ddb3219b-b523-4862-83de-8f8666b5b071-2048x1365.jpg 2048w, https:\/\/fcspartaktrnava.com\/wp-content\/uploads\/2024\/04\/ddb3219b-b523-4862-83de-8f8666b5b071-18x12.jpg 18w\" sizes=\"auto, (max-width: 1024px) 100vw, 1024px\" \/><\/figure>\n\n\n\n<p>Do druh\u00e9ho pol\u010dasu vybehli mu\u017estv\u00e1 bez zmien a&nbsp;hostia v&nbsp;\u00favodn\u00fdch min\u00fatach zatla\u010dili svojho s\u00fapera na jeho polovicu. Hrali v\u0161ak \u0165a\u017ekop\u00e1dne, bez momentu prekvapenia a&nbsp;dlho sa pon\u00fakali k&nbsp;strele. Ako hra\u0165 jednoducho im uk\u00e1zali dom\u00e1ci po akcii na tri prihr\u00e1vky, ktor\u00fa korunoval I\u013eko druh\u00fdm g\u00f3lom. Potom Michal Ga\u0161par\u00edk vystriedal naraz a\u017e p\u00e4ticu hr\u00e1\u010dov, no ani po tomto mas\u00edvnom prestriedan\u00ed sa obraz hry nezmenil a&nbsp;Spartak pre Belka neznamenal v\u00fdraznej\u0161ie nebezpe\u010denstvo.<\/p>\n\n\n\n<p>55<\/p>\n\n\n\n<p>Javor\u010dek potiahol loptu po \u013eavom kr\u00eddle, jednoducho ju nacentroval do \u0161estn\u00e1stky, kde mal s\u00edce iba jedn\u00e9ho spoluhr\u00e1\u010da, ale pr\u00e1ve k&nbsp;I\u013ekovi sa dostala a&nbsp;ten bez pr\u00edpravy prep\u00e1lil Tak\u00e1\u010da.<\/p>\n\n\n\n<p>58<\/p>\n\n\n\n<p>Daniel z&nbsp;pravej strany centroval, Bainovi\u010d zakon\u010doval, Belko vyrazil pred seba, ale Azango trafil z&nbsp;uhla len bo\u010dn\u00fa sie\u0165.<\/p>\n\n\n\n<p>67<\/p>\n\n\n\n<p>Tret\u00ed g\u00f3l mohol streli\u0165 striedaj\u00faci Essomba, ktor\u00fd si nabehol na prihr\u00e1vku za obranu, ale v&nbsp;tutovke prestrelil. &nbsp;<\/p>\n\n\n\n<p>83<\/p>\n\n\n\n<p>Mikovi\u010d sa ocitol v&nbsp;najv\u00e4\u010d\u0161ej \u0161anci Spartaka v&nbsp;druhom pol\u010dase, ale Belka chcel zbl\u00edzka prehodi\u0165 a&nbsp;lopta skon\u010dila na hornej sie\u0165ke.<\/p>\n\n\n\n<p>86<\/p>\n\n\n\n<p>Mikovi\u010d sa dostal k&nbsp;lopte aj zakr\u00e1tko, ale bol pr\u00edli\u0161 bl\u00edzko&nbsp;k&nbsp;Belkovi a&nbsp;nena\u0161iel miesto, kadia\u013e by precedil loptu za jeho chrb\u00e1t.<\/p>\n\n\n\n<p>90<\/p>\n\n\n\n<p>Bainovi\u010dov priamy prist\u00e1l v n\u00e1ru\u010di brank\u00e1ra Belka. <\/p>\n\n\n\n<figure class=\"wp-block-embed is-type-video is-provider-youtube wp-block-embed-youtube wp-embed-aspect-16-9 wp-has-aspect-ratio\"><div class=\"wp-block-embed__wrapper\">\n<iframe loading=\"lazy\" title=\"Tla\u010dov\u00e1 konferencia | Michal Ga\u0161par\u00edk a Michal \u0160\u010dasn\u00fd\" width=\"500\" height=\"281\" src=\"https:\/\/www.youtube.com\/embed\/BPHxSClH-q0?feature=oembed\" frameborder=\"0\" allow=\"accelerometer; autoplay; clipboard-write; encrypted-media; gyroscope; picture-in-picture; web-share\" referrerpolicy=\"strict-origin-when-cross-origin\" allowfullscreen><\/iframe>\n<\/div><\/figure>\n\n\n\n<p class=\"has-vivid-red-color has-text-color has-link-color has-medium-font-size wp-elements-6353fa96d3687687e828ae98a330ace8\"><strong>POVEDALI PO Z\u00c1PASE:<\/strong><\/p>\n\n\n\n<p>Michal \u0160\u010dasn\u00fd (\u017dilina):<strong><em> \u201eS\u00fahlas\u00edm s&nbsp;Mi\u0161om, prv\u00fd pol\u010das bol \u017eiv\u00fd, ale mali sme viac \u0161anc\u00ed, ktor\u00e9 sme dobre nevyrie\u0161ili. V&nbsp;druhom pol\u010dase sme mali hra\u0165 jednoduch\u0161ie, hrali sme riskantne, Trnava mala z\u00e1vary, mohla sa vr\u00e1ti\u0165 do z\u00e1pasu. Dohrali sme to a&nbsp;m\u00e1me tri body proti siln\u00e9mu s\u00faperovi ako Trnava a prajem Mi\u0161ovi, aby vyhrali poh\u00e1r.\u201c<\/em><\/strong><\/p>\n\n\n\n<p>&nbsp;Michal Ga\u0161par\u00edk (Trnava): <strong><em>\u201eZ\u00e1pas za\u010dal svi\u017ene z&nbsp;oboch str\u00e1n, bolo ve\u013ea zakon\u010den\u00ed na oboch stran\u00e1ch a&nbsp;vcelku vyrovnan\u00fd z\u00e1pas a\u017e do tej penalty. Preklopila to penalta na stranu \u017diliny. V&nbsp;druhom pol\u010dase sme chceli nie\u010do urobi\u0165 s v\u00fdsledkom do striedan\u00ed, ktor\u00e9 sme mali pl\u00e1novan\u00e9, no&nbsp;inkasovali sme dos\u0165 lacn\u00fd druh\u00fd g\u00f3l. Potom u\u017e sme nepozerali na v\u00fdsledok, pozerali sme na to, \u017ee n\u00e1s \u010dak\u00e1 fin\u00e1le. Mali sme tie striedania pl\u00e1novan\u00e9 bez oh\u013eadu na to, ak\u00fd bol v\u00fdsledok. Neboli sme v tomto z\u00e1pase v\u00f4bec efekt\u00edvni, Mali sme e\u0161te situ\u00e1cie, mohli sme sa vr\u00e1ti\u0165 do z\u00e1pasu aj za stavu 0:2. Azango mal \u0161ancu, aj Miki mal dve \u0161ance, dalo sa to lep\u0161ie rie\u0161i\u0165, aby sme to zdramatizovali, ale \u017dilina si to postr\u00e1\u017eila.\u201c<\/em><\/strong><\/p>\n\n\n\n<div class=\"wp-block-buttons is-layout-flex wp-block-buttons-is-layout-flex\">\n<div class=\"wp-block-button aligncenter is-style-fill\"><a class=\"wp-block-button__link has-white-color has-text-color has-background wp-element-button\" href=\"https:\/\/fcspartaktrnava.com\/en\/galerii\/29-kolo-nl-msk-zilina-vs-fc-spartak-trnava\/\" style=\"border-radius:0px;background-color:#d40133\" target=\"_blank\" rel=\"noreferrer noopener\">PHOTO GALLERY<\/a><\/div>\n<\/div>\n\n\n\n<div class=\"wp-block-buttons is-layout-flex wp-block-buttons-is-layout-flex\">\n<div class=\"wp-block-button aligncenter is-style-fill\"><a class=\"wp-block-button__link has-white-color has-text-color has-background wp-element-button\" href=\"https:\/\/fcspartaktrnava.com\/en\/galerii\/trening-16-1-2023\/\" style=\"border-radius:0px;background-color:#d40133\" target=\"_blank\" rel=\"noreferrer noopener\">PHOTO GALLERY<\/a><\/div>\n<\/div>","protected":false},"excerpt":{"rendered":"<p>\u0160tadi\u00f3n Pod Dub\u0148on, Nik\u00e9 liga, 7. kolo nadstavby&#8230;<\/p>","protected":false},"author":2,"featured_media":16685,"comment_status":"closed","ping_status":"closed","sticky":false,"template":"","format":"standard","meta":{"footnotes":""},"categories":[12,20],"tags":[],"class_list":["post-16684","post","type-post","status-publish","format-standard","has-post-thumbnail","hentry","category-spravy","category-zapas","post-number-1"],"yoast_head":"<!-- This site is optimized with the Yoast SEO plugin v27.1.1 - https:\/\/yoast.com\/product\/yoast-seo-wordpress\/ -->\n<title>\u017dilina nad sily spartakovcov - FC Spartak Trnava<\/title>\n<meta name=\"robots\" content=\"index, follow, max-snippet:-1, max-image-preview:large, max-video-preview:-1\" \/>\n<link rel=\"canonical\" href=\"https:\/\/fcspartaktrnava.com\/en\/zilina-nad-sily-spartakovcov\/\" \/>\n<meta name=\"twitter:label1\" content=\"Written by\" \/>\n\t<meta name=\"twitter:data1\" content=\"spartak\" \/>\n\t<meta name=\"twitter:label2\" content=\"Estimated reading time\" \/>\n\t<meta name=\"twitter:data2\" content=\"5 minutes\" \/>\n<script type=\"application\/ld+json\" class=\"yoast-schema-graph\">{\"@context\":\"https:\/\/schema.org\",\"@graph\":[{\"@type\":\"Article\",\"@id\":\"https:\/\/fcspartaktrnava.com\/zilina-nad-sily-spartakovcov\/#article\",\"isPartOf\":{\"@id\":\"https:\/\/fcspartaktrnava.com\/zilina-nad-sily-spartakovcov\/\"},\"author\":{\"name\":\"spartak\",\"@id\":\"https:\/\/fcspartaktrnava.com\/#\/schema\/person\/24bc5b254af14f71d7d8af178790aa75\"},\"headline\":\"\u017dilina nad sily spartakovcov\",\"datePublished\":\"2024-04-27T15:41:25+00:00\",\"dateModified\":\"2024-04-28T08:13:22+00:00\",\"mainEntityOfPage\":{\"@id\":\"https:\/\/fcspartaktrnava.com\/zilina-nad-sily-spartakovcov\/\"},\"wordCount\":927,\"publisher\":{\"@id\":\"https:\/\/fcspartaktrnava.com\/#organization\"},\"image\":{\"@id\":\"https:\/\/fcspartaktrnava.com\/zilina-nad-sily-spartakovcov\/#primaryimage\"},\"thumbnailUrl\":\"https:\/\/fcspartaktrnava.com\/wp-content\/uploads\/2024\/04\/6e0a49b6-0204-4c7c-98da-2e1aaf6ad1fd-scaled.jpg\",\"articleSection\":[\"Spr\u00e1vy\",\"Z\u00e1pas\"],\"inLanguage\":\"en-GB\"},{\"@type\":\"WebPage\",\"@id\":\"https:\/\/fcspartaktrnava.com\/zilina-nad-sily-spartakovcov\/\",\"url\":\"https:\/\/fcspartaktrnava.com\/zilina-nad-sily-spartakovcov\/\",\"name\":\"\u017dilina nad sily spartakovcov - FC Spartak Trnava\",\"isPartOf\":{\"@id\":\"https:\/\/fcspartaktrnava.com\/#website\"},\"primaryImageOfPage\":{\"@id\":\"https:\/\/fcspartaktrnava.com\/zilina-nad-sily-spartakovcov\/#primaryimage\"},\"image\":{\"@id\":\"https:\/\/fcspartaktrnava.com\/zilina-nad-sily-spartakovcov\/#primaryimage\"},\"thumbnailUrl\":\"https:\/\/fcspartaktrnava.com\/wp-content\/uploads\/2024\/04\/6e0a49b6-0204-4c7c-98da-2e1aaf6ad1fd-scaled.jpg\",\"datePublished\":\"2024-04-27T15:41:25+00:00\",\"dateModified\":\"2024-04-28T08:13:22+00:00\",\"breadcrumb\":{\"@id\":\"https:\/\/fcspartaktrnava.com\/zilina-nad-sily-spartakovcov\/#breadcrumb\"},\"inLanguage\":\"en-GB\",\"potentialAction\":[{\"@type\":\"ReadAction\",\"target\":[\"https:\/\/fcspartaktrnava.com\/zilina-nad-sily-spartakovcov\/\"]}]},{\"@type\":\"ImageObject\",\"inLanguage\":\"en-GB\",\"@id\":\"https:\/\/fcspartaktrnava.com\/zilina-nad-sily-spartakovcov\/#primaryimage\",\"url\":\"https:\/\/fcspartaktrnava.com\/wp-content\/uploads\/2024\/04\/6e0a49b6-0204-4c7c-98da-2e1aaf6ad1fd-scaled.jpg\",\"contentUrl\":\"https:\/\/fcspartaktrnava.com\/wp-content\/uploads\/2024\/04\/6e0a49b6-0204-4c7c-98da-2e1aaf6ad1fd-scaled.jpg\",\"width\":2560,\"height\":1707},{\"@type\":\"BreadcrumbList\",\"@id\":\"https:\/\/fcspartaktrnava.com\/zilina-nad-sily-spartakovcov\/#breadcrumb\",\"itemListElement\":[{\"@type\":\"ListItem\",\"position\":1,\"name\":\"Home\",\"item\":\"https:\/\/fcspartaktrnava.com\/\"},{\"@type\":\"ListItem\",\"position\":2,\"name\":\"\u017dilina nad sily spartakovcov\"}]},{\"@type\":\"WebSite\",\"@id\":\"https:\/\/fcspartaktrnava.com\/#website\",\"url\":\"https:\/\/fcspartaktrnava.com\/\",\"name\":\"FC Spartak Trnava\",\"description\":\"ofici\u00e1lna webstr\u00e1nka futbalov\u00e9ho klubu\",\"publisher\":{\"@id\":\"https:\/\/fcspartaktrnava.com\/#organization\"},\"potentialAction\":[{\"@type\":\"SearchAction\",\"target\":{\"@type\":\"EntryPoint\",\"urlTemplate\":\"https:\/\/fcspartaktrnava.com\/?s={search_term_string}\"},\"query-input\":{\"@type\":\"PropertyValueSpecification\",\"valueRequired\":true,\"valueName\":\"search_term_string\"}}],\"inLanguage\":\"en-GB\"},{\"@type\":\"Organization\",\"@id\":\"https:\/\/fcspartaktrnava.com\/#organization\",\"name\":\"FC Spartak Trnava\",\"alternateName\":\"Spartak\",\"url\":\"https:\/\/fcspartaktrnava.com\/\",\"logo\":{\"@type\":\"ImageObject\",\"inLanguage\":\"en-GB\",\"@id\":\"https:\/\/fcspartaktrnava.com\/#\/schema\/logo\/image\/\",\"url\":\"https:\/\/fcspartaktrnava.com\/wp-content\/uploads\/2022\/08\/cropped-site_logo.png\",\"contentUrl\":\"https:\/\/fcspartaktrnava.com\/wp-content\/uploads\/2022\/08\/cropped-site_logo.png\",\"width\":140,\"height\":140,\"caption\":\"FC Spartak Trnava\"},\"image\":{\"@id\":\"https:\/\/fcspartaktrnava.com\/#\/schema\/logo\/image\/\"},\"sameAs\":[\"https:\/\/www.facebook.com\/SpartakTrnava\",\"https:\/\/x.com\/SpartakTrnava1\",\"https:\/\/www.instagram.com\/spartak_sk\/\"]},{\"@type\":\"Person\",\"@id\":\"https:\/\/fcspartaktrnava.com\/#\/schema\/person\/24bc5b254af14f71d7d8af178790aa75\",\"name\":\"spartak\",\"image\":{\"@type\":\"ImageObject\",\"inLanguage\":\"en-GB\",\"@id\":\"https:\/\/fcspartaktrnava.com\/#\/schema\/person\/image\/\",\"url\":\"https:\/\/secure.gravatar.com\/avatar\/f8ff8584f3fcf3909a11a6da9019f37749183b4015bca14e64556c52614cdc7f?s=96&d=mm&r=g\",\"contentUrl\":\"https:\/\/secure.gravatar.com\/avatar\/f8ff8584f3fcf3909a11a6da9019f37749183b4015bca14e64556c52614cdc7f?s=96&d=mm&r=g\",\"caption\":\"spartak\"},\"url\":\"https:\/\/fcspartaktrnava.com\/en\/author\/spartak\/\"}]}<\/script>\n<!-- \/ Yoast SEO plugin. -->","yoast_head_json":{"title":"\u017dilina nad sily spartakovcov - FC Spartak Trnava","robots":{"index":"index","follow":"follow","max-snippet":"max-snippet:-1","max-image-preview":"max-image-preview:large","max-video-preview":"max-video-preview:-1"},"canonical":"https:\/\/fcspartaktrnava.com\/en\/zilina-nad-sily-spartakovcov\/","twitter_misc":{"Written by":"spartak","Estimated reading time":"5 minutes"},"schema":{"@context":"https:\/\/schema.org","@graph":[{"@type":"Article","@id":"https:\/\/fcspartaktrnava.com\/zilina-nad-sily-spartakovcov\/#article","isPartOf":{"@id":"https:\/\/fcspartaktrnava.com\/zilina-nad-sily-spartakovcov\/"},"author":{"name":"spartak","@id":"https:\/\/fcspartaktrnava.com\/#\/schema\/person\/24bc5b254af14f71d7d8af178790aa75"},"headline":"\u017dilina nad sily spartakovcov","datePublished":"2024-04-27T15:41:25+00:00","dateModified":"2024-04-28T08:13:22+00:00","mainEntityOfPage":{"@id":"https:\/\/fcspartaktrnava.com\/zilina-nad-sily-spartakovcov\/"},"wordCount":927,"publisher":{"@id":"https:\/\/fcspartaktrnava.com\/#organization"},"image":{"@id":"https:\/\/fcspartaktrnava.com\/zilina-nad-sily-spartakovcov\/#primaryimage"},"thumbnailUrl":"https:\/\/fcspartaktrnava.com\/wp-content\/uploads\/2024\/04\/6e0a49b6-0204-4c7c-98da-2e1aaf6ad1fd-scaled.jpg","articleSection":["Spr\u00e1vy","Z\u00e1pas"],"inLanguage":"en-GB"},{"@type":"WebPage","@id":"https:\/\/fcspartaktrnava.com\/zilina-nad-sily-spartakovcov\/","url":"https:\/\/fcspartaktrnava.com\/zilina-nad-sily-spartakovcov\/","name":"\u017dilina nad sily spartakovcov - FC Spartak Trnava","isPartOf":{"@id":"https:\/\/fcspartaktrnava.com\/#website"},"primaryImageOfPage":{"@id":"https:\/\/fcspartaktrnava.com\/zilina-nad-sily-spartakovcov\/#primaryimage"},"image":{"@id":"https:\/\/fcspartaktrnava.com\/zilina-nad-sily-spartakovcov\/#primaryimage"},"thumbnailUrl":"https:\/\/fcspartaktrnava.com\/wp-content\/uploads\/2024\/04\/6e0a49b6-0204-4c7c-98da-2e1aaf6ad1fd-scaled.jpg","datePublished":"2024-04-27T15:41:25+00:00","dateModified":"2024-04-28T08:13:22+00:00","breadcrumb":{"@id":"https:\/\/fcspartaktrnava.com\/zilina-nad-sily-spartakovcov\/#breadcrumb"},"inLanguage":"en-GB","potentialAction":[{"@type":"ReadAction","target":["https:\/\/fcspartaktrnava.com\/zilina-nad-sily-spartakovcov\/"]}]},{"@type":"ImageObject","inLanguage":"en-GB","@id":"https:\/\/fcspartaktrnava.com\/zilina-nad-sily-spartakovcov\/#primaryimage","url":"https:\/\/fcspartaktrnava.com\/wp-content\/uploads\/2024\/04\/6e0a49b6-0204-4c7c-98da-2e1aaf6ad1fd-scaled.jpg","contentUrl":"https:\/\/fcspartaktrnava.com\/wp-content\/uploads\/2024\/04\/6e0a49b6-0204-4c7c-98da-2e1aaf6ad1fd-scaled.jpg","width":2560,"height":1707},{"@type":"BreadcrumbList","@id":"https:\/\/fcspartaktrnava.com\/zilina-nad-sily-spartakovcov\/#breadcrumb","itemListElement":[{"@type":"ListItem","position":1,"name":"Home","item":"https:\/\/fcspartaktrnava.com\/"},{"@type":"ListItem","position":2,"name":"\u017dilina nad sily spartakovcov"}]},{"@type":"WebSite","@id":"https:\/\/fcspartaktrnava.com\/#website","url":"https:\/\/fcspartaktrnava.com\/","name":"FC Spartak Trnava","description":"ofici\u00e1lna webstr\u00e1nka futbalov\u00e9ho klubu","publisher":{"@id":"https:\/\/fcspartaktrnava.com\/#organization"},"potentialAction":[{"@type":"SearchAction","target":{"@type":"EntryPoint","urlTemplate":"https:\/\/fcspartaktrnava.com\/?s={search_term_string}"},"query-input":{"@type":"PropertyValueSpecification","valueRequired":true,"valueName":"search_term_string"}}],"inLanguage":"en-GB"},{"@type":"Organization","@id":"https:\/\/fcspartaktrnava.com\/#organization","name":"FC Spartak Trnava","alternateName":"Spartak","url":"https:\/\/fcspartaktrnava.com\/","logo":{"@type":"ImageObject","inLanguage":"en-GB","@id":"https:\/\/fcspartaktrnava.com\/#\/schema\/logo\/image\/","url":"https:\/\/fcspartaktrnava.com\/wp-content\/uploads\/2022\/08\/cropped-site_logo.png","contentUrl":"https:\/\/fcspartaktrnava.com\/wp-content\/uploads\/2022\/08\/cropped-site_logo.png","width":140,"height":140,"caption":"FC Spartak Trnava"},"image":{"@id":"https:\/\/fcspartaktrnava.com\/#\/schema\/logo\/image\/"},"sameAs":["https:\/\/www.facebook.com\/SpartakTrnava","https:\/\/x.com\/SpartakTrnava1","https:\/\/www.instagram.com\/spartak_sk\/"]},{"@type":"Person","@id":"https:\/\/fcspartaktrnava.com\/#\/schema\/person\/24bc5b254af14f71d7d8af178790aa75","name":"spartak","image":{"@type":"ImageObject","inLanguage":"en-GB","@id":"https:\/\/fcspartaktrnava.com\/#\/schema\/person\/image\/","url":"https:\/\/secure.gravatar.com\/avatar\/f8ff8584f3fcf3909a11a6da9019f37749183b4015bca14e64556c52614cdc7f?s=96&d=mm&r=g","contentUrl":"https:\/\/secure.gravatar.com\/avatar\/f8ff8584f3fcf3909a11a6da9019f37749183b4015bca14e64556c52614cdc7f?s=96&d=mm&r=g","caption":"spartak"},"url":"https:\/\/fcspartaktrnava.com\/en\/author\/spartak\/"}]}},"_links":{"self":[{"href":"https:\/\/fcspartaktrnava.com\/en\/wp-json\/wp\/v2\/posts\/16684","targetHints":{"allow":["GET"]}}],"collection":[{"href":"https:\/\/fcspartaktrnava.com\/en\/wp-json\/wp\/v2\/posts"}],"about":[{"href":"https:\/\/fcspartaktrnava.com\/en\/wp-json\/wp\/v2\/types\/post"}],"author":[{"embeddable":true,"href":"https:\/\/fcspartaktrnava.com\/en\/wp-json\/wp\/v2\/users\/2"}],"replies":[{"embeddable":true,"href":"https:\/\/fcspartaktrnava.com\/en\/wp-json\/wp\/v2\/comments?post=16684"}],"version-history":[{"count":0,"href":"https:\/\/fcspartaktrnava.com\/en\/wp-json\/wp\/v2\/posts\/16684\/revisions"}],"wp:featuredmedia":[{"embeddable":true,"href":"https:\/\/fcspartaktrnava.com\/en\/wp-json\/wp\/v2\/media\/16685"}],"wp:attachment":[{"href":"https:\/\/fcspartaktrnava.com\/en\/wp-json\/wp\/v2\/media?parent=16684"}],"wp:term":[{"taxonomy":"category","embeddable":true,"href":"https:\/\/fcspartaktrnava.com\/en\/wp-json\/wp\/v2\/categories?post=16684"},{"taxonomy":"post_tag","embeddable":true,"href":"https:\/\/fcspartaktrnava.com\/en\/wp-json\/wp\/v2\/tags?post=16684"}],"curies":[{"name":"wp","href":"https:\/\/api.w.org\/{rel}","templated":true}]}}