{"id":16682,"date":"2024-04-26T11:30:48","date_gmt":"2024-04-26T09:30:48","guid":{"rendered":"https:\/\/fcspartaktrnava.com\/?p=16682"},"modified":"2024-04-26T20:13:50","modified_gmt":"2024-04-26T18:13:50","slug":"v-ziline-rozlucka-s-umelymi-travnikmi","status":"publish","type":"post","link":"https:\/\/fcspartaktrnava.com\/en\/v-ziline-rozlucka-s-umelymi-travnikmi\/","title":{"rendered":"V\u00a0\u017diline rozl\u00fa\u010dka s\u00a0umel\u00fdmi tr\u00e1vnikmi"},"content":{"rendered":"<p>U\u017e zajtra \u010dak\u00e1 futbalistov Spartaka Trnava \u010fal\u0161\u00ed ligov\u00fd z\u00e1pas, tentoraz v&nbsp;\u017diline, kde sa bud\u00fa chcie\u0165 po derby vr\u00e1ti\u0165 v\u00ed\u0165azn\u00fa vlnu.<\/p>\n\n\n\n<p>Zo s\u00fa\u010dasn\u00e9ho k\u00e1dra m\u00e1 pomerne \u010derstv\u00fa sk\u00fasenos\u0165 so \u017eilinsk\u00fdm dresom stredopoliar J\u00e1n Bern\u00e1t. Ten e\u0161te v&nbsp;nadstavbovej \u010dasti nenast\u00fapil, lebo z&nbsp;hry ho vyradilo zranenie. U\u017e je v\u0161ak v&nbsp;poriadku, je k&nbsp;dispoz\u00edcii tr\u00e9nerom a&nbsp;mo\u017eno pr\u00e1ve v&nbsp;\u017diline by sa mohol vr\u00e1ti\u0165 do ligov\u00e9ho koloto\u010da.<\/p>\n\n\n\n<p><strong><em>\u201eU\u017e t\u00fd\u017ede\u0148 a&nbsp;pol tr\u00e9nujem a&nbsp;c\u00edtim sa stopercentne fit. Som r\u00e1d, \u017ee kone\u010dne m\u00f4\u017eem prispie\u0165 t\u00edmu a&nbsp;ver\u00edm, \u017ee mu pom\u00f4\u017eem. Te\u0161\u00edm sa na n\u00e1vrat,&nbsp;proti \u017diline je to tak\u00e9 \u0161peci\u00e1lne, lebo som tam str\u00e1vil dlh\u00fd \u010das. M\u00e1m tam ve\u013ea kamar\u00e1tov a&nbsp;ve\u013ea \u013eud\u00ed pozn\u00e1m. Ten z\u00e1pas bude pre m\u0148a pekn\u00fd, ver\u00edm, \u017ee s&nbsp;dobr\u00fdm koncom a&nbsp;dobr\u00fdm v\u00fdsledkom pre n\u00e1s.\u201c<\/em><\/strong><\/p>\n\n\n\n<figure class=\"wp-block-embed is-type-video is-provider-youtube wp-block-embed-youtube wp-embed-aspect-16-9 wp-has-aspect-ratio\"><div class=\"wp-block-embed__wrapper\">\n<iframe loading=\"lazy\" title=\"J\u00e1n Bern\u00e1t pred z\u00e1pasom so \u017dilinou\" width=\"500\" height=\"281\" src=\"https:\/\/www.youtube.com\/embed\/otm9vxxJkkU?feature=oembed\" frameborder=\"0\" allow=\"accelerometer; autoplay; clipboard-write; encrypted-media; gyroscope; picture-in-picture; web-share\" referrerpolicy=\"strict-origin-when-cross-origin\" allowfullscreen><\/iframe>\n<\/div><\/figure>\n\n\n\n<p>Situ\u00e1cia v&nbsp;tabu\u013eke sa po minulom kole vyvinula tak, \u017ee znova p\u00f4jde o&nbsp;priamy s\u00faboj o&nbsp;2. miesto v&nbsp;tabu\u013eke, ke\u010f\u017ee \u017dilin\u010dania str\u00e1caj\u00fa na svojho s\u00fapera dosiahnute\u013en\u00e9 tri body. V&nbsp;predch\u00e1dzaj\u00facich troch vz\u00e1jomn\u00fdch z\u00e1pasov \u017dilina dva razy vyhrala, tak\u017ee v&nbsp;pr\u00edpade pln\u00e9ho bodov\u00e9ho zisku by mala aj v\u00fdhodu lep\u0161\u00edch vz\u00e1jomn\u00fdch z\u00e1pasoch. Aj tieto skuto\u010dnosti velia Spartaku minim\u00e1lne bodova\u0165.<\/p>\n\n\n\n<p>K\u00fdm \u017dilina sa u\u017e m\u00f4\u017ee s\u00fastredi\u0165 iba na ligu a&nbsp;boj o&nbsp;poh\u00e1rov\u00fa miestenku, ktor\u00fa by si chcela zabezpe\u010di\u0165 umiestnen\u00edm v&nbsp;najlep\u0161ej trojke, Trnav\u010dania chc\u00fa po druh\u00fdkr\u00e1t obh\u00e1ji\u0165 prvenstvo v&nbsp;Slovenskom poh\u00e1ri. Fin\u00e1le ich \u010dak\u00e1 len p\u00e1r dn\u00ed po z\u00e1pase v&nbsp;\u017diline.<\/p>\n\n\n\n<p><strong><em>\u201eJe to z\u00e1pas o&nbsp;2. miesto, ur\u010dite ho nepodce\u0148ujeme, ale m\u00f4\u017ee n\u00e1m to posl\u00fa\u017ei\u0165 ako dobr\u00e1 pr\u00edprava. Oba t\u00edmy hraj\u00fa podobn\u00fdm rozostaven\u00edm, tro\u0161ku in\u00fd \u0161t\u00fdl futbalu, ale tento z\u00e1pas n\u00e1m m\u00f4\u017ee uk\u00e1za\u0165, \u010do m\u00f4\u017eeme zlep\u0161i\u0165 do fin\u00e1le,\u201c<\/em><\/strong> hovor\u00ed 23-ro\u010d\u00fd rod\u00e1k z&nbsp;Pre\u0161ova.<\/p>\n\n\n\n<p>Z\u00e1pasy v&nbsp;\u017diline s\u00fa \u0161pecifick\u00e9 t\u00fdm, \u017ee sa hr\u00e1vaj\u00fa na umelej tr\u00e1ve, ktor\u00fa hr\u00e1\u010di nemaj\u00fa pr\u00edli\u0161 v&nbsp;ob\u013eube a&nbsp;\u010dasto hovoria, \u017ee je to in\u00fd \u0161port. Pre dom\u00e1cich to m\u00f4\u017ee by\u0165 v\u00fdhoda, s&nbsp;ktorou r\u00e1taj\u00fa. <strong><em>\u201eZ&nbsp;toho \u010dasu, ke\u010f som tam hr\u00e1val, tak sme mali v\u00fdhodu oproti s\u00faperom. Je to in\u00e9, odskok lopty, pohyb po tej ploche, tr\u00e9novali sme na nej ka\u017ed\u00fd de\u0148, poznali sme ka\u017ed\u00fd k\u00fat tej umelky. Toto v\u0161etko vedia chalani vyu\u017ei\u0165, ale na konci d\u0148a rozhoduje t\u00e1 kvalita a&nbsp;to \u010do predvediete.\u201c<\/em><\/strong><\/p>\n\n\n\n<p>Ke\u010f\u017ee od bud\u00facej sez\u00f3ny kon\u010d\u00ed mo\u017enos\u0165 hr\u00e1va\u0165 ligov\u00e9 z\u00e1pasy na umel\u00fdch tr\u00e1vnikov mala by by\u0165 pre Trnav\u010danov s\u00fa\u0165a\u017en\u00e1 rozl\u00fa\u010dka s&nbsp;t\u00fdmto povrchom minim\u00e1lne na slovensk\u00fdch \u0161tadi\u00f3noch. <strong><em>\u201eChalani tu s\u00fa v\u0161etci radi za to a&nbsp;aj ja. Futbal na \u017eivej tr\u00e1ve je \u0161pecifick\u00fd a&nbsp;aj to vyzer\u00e1 lep\u0161ie. &nbsp;Ak je dobre pripraven\u00e1, tak na futbal nie je ni\u010d lep\u0161ie ako \u017eiv\u00e1 tr\u00e1va.\u201c<\/em><\/strong><\/p>\n\n\n\n<p>Z\u00e1pas \u017dilina \u2013 Trnava je zajtra od 15:30, v\u00a0priamom prenose ho odvysiela VOYO. Hlavn\u00fdm rozhodcom bude Filip Glova.<\/p>\n\n\n\n<p>Vstupenky pre fan\u00fa\u0161ikov Spartaka do hos\u0165ovsk\u00e9ho sektora je mo\u017en\u00e9 zak\u00fapi\u0165 online na tomto <a href=\"https:\/\/vstupenky.mskzilina.sk\/event-detail\/65f077f01b234e14b0eb7352\/?lang=sk_SK&amp;fbclid=IwZXh0bgNhZW0CMTAAAR22_H4kKeffkckg2hkIbGP7ZZCjiIxx2OlSnyWRzRlFX4iXVQhHPATUcXY_aem_AdP_7h2lpd3PypfKAXSN4KeR_1s9vzSNxMY6MUPhFSBIEp0cq2GlHck-9uXnlnH7-HaX1GxQ17pEFYJimkCWLy96\">linku<\/a>. Pre otvorenie sektora host\u00ed je potrebn\u00e9 zada\u0165 promo k\u00f3d: HFSTX9575.<\/p>","protected":false},"excerpt":{"rendered":"<p>U\u017e zajtra \u010dak\u00e1 futbalistov Spartaka Trnava \u010fal\u0161\u00ed ligov\u00fd&#8230;<\/p>","protected":false},"author":2,"featured_media":16683,"comment_status":"closed","ping_status":"closed","sticky":false,"template":"","format":"standard","meta":{"footnotes":""},"categories":[94,41],"tags":[],"class_list":["post-16682","post","type-post","status-publish","format-standard","has-post-thumbnail","hentry","category-preview","category-intervju","post-number-1"],"yoast_head":"<!-- This site is optimized with the Yoast SEO plugin v27.1.1 - https:\/\/yoast.com\/product\/yoast-seo-wordpress\/ -->\n<title>V\u00a0\u017diline rozl\u00fa\u010dka s\u00a0umel\u00fdmi tr\u00e1vnikmi - FC Spartak Trnava<\/title>\n<meta name=\"robots\" content=\"index, follow, max-snippet:-1, max-image-preview:large, max-video-preview:-1\" \/>\n<link rel=\"canonical\" href=\"https:\/\/fcspartaktrnava.com\/en\/v-ziline-rozlucka-s-umelymi-travnikmi\/\" \/>\n<meta name=\"twitter:label1\" content=\"Written by\" \/>\n\t<meta name=\"twitter:data1\" content=\"spartak\" \/>\n\t<meta name=\"twitter:label2\" content=\"Estimated reading time\" \/>\n\t<meta name=\"twitter:data2\" content=\"3 minutes\" \/>\n<script type=\"application\/ld+json\" class=\"yoast-schema-graph\">{\"@context\":\"https:\/\/schema.org\",\"@graph\":[{\"@type\":\"Article\",\"@id\":\"https:\/\/fcspartaktrnava.com\/v-ziline-rozlucka-s-umelymi-travnikmi\/#article\",\"isPartOf\":{\"@id\":\"https:\/\/fcspartaktrnava.com\/v-ziline-rozlucka-s-umelymi-travnikmi\/\"},\"author\":{\"name\":\"spartak\",\"@id\":\"https:\/\/fcspartaktrnava.com\/#\/schema\/person\/24bc5b254af14f71d7d8af178790aa75\"},\"headline\":\"V\u00a0\u017diline rozl\u00fa\u010dka s\u00a0umel\u00fdmi tr\u00e1vnikmi\",\"datePublished\":\"2024-04-26T09:30:48+00:00\",\"dateModified\":\"2024-04-26T18:13:50+00:00\",\"mainEntityOfPage\":{\"@id\":\"https:\/\/fcspartaktrnava.com\/v-ziline-rozlucka-s-umelymi-travnikmi\/\"},\"wordCount\":667,\"publisher\":{\"@id\":\"https:\/\/fcspartaktrnava.com\/#organization\"},\"image\":{\"@id\":\"https:\/\/fcspartaktrnava.com\/v-ziline-rozlucka-s-umelymi-travnikmi\/#primaryimage\"},\"thumbnailUrl\":\"https:\/\/fcspartaktrnava.com\/wp-content\/uploads\/2024\/04\/DSC_7678-scaled.jpg\",\"articleSection\":[\"preview\",\"Rozhovory\"],\"inLanguage\":\"en-GB\"},{\"@type\":\"WebPage\",\"@id\":\"https:\/\/fcspartaktrnava.com\/v-ziline-rozlucka-s-umelymi-travnikmi\/\",\"url\":\"https:\/\/fcspartaktrnava.com\/v-ziline-rozlucka-s-umelymi-travnikmi\/\",\"name\":\"V\u00a0\u017diline rozl\u00fa\u010dka s\u00a0umel\u00fdmi tr\u00e1vnikmi - FC Spartak Trnava\",\"isPartOf\":{\"@id\":\"https:\/\/fcspartaktrnava.com\/#website\"},\"primaryImageOfPage\":{\"@id\":\"https:\/\/fcspartaktrnava.com\/v-ziline-rozlucka-s-umelymi-travnikmi\/#primaryimage\"},\"image\":{\"@id\":\"https:\/\/fcspartaktrnava.com\/v-ziline-rozlucka-s-umelymi-travnikmi\/#primaryimage\"},\"thumbnailUrl\":\"https:\/\/fcspartaktrnava.com\/wp-content\/uploads\/2024\/04\/DSC_7678-scaled.jpg\",\"datePublished\":\"2024-04-26T09:30:48+00:00\",\"dateModified\":\"2024-04-26T18:13:50+00:00\",\"breadcrumb\":{\"@id\":\"https:\/\/fcspartaktrnava.com\/v-ziline-rozlucka-s-umelymi-travnikmi\/#breadcrumb\"},\"inLanguage\":\"en-GB\",\"potentialAction\":[{\"@type\":\"ReadAction\",\"target\":[\"https:\/\/fcspartaktrnava.com\/v-ziline-rozlucka-s-umelymi-travnikmi\/\"]}]},{\"@type\":\"ImageObject\",\"inLanguage\":\"en-GB\",\"@id\":\"https:\/\/fcspartaktrnava.com\/v-ziline-rozlucka-s-umelymi-travnikmi\/#primaryimage\",\"url\":\"https:\/\/fcspartaktrnava.com\/wp-content\/uploads\/2024\/04\/DSC_7678-scaled.jpg\",\"contentUrl\":\"https:\/\/fcspartaktrnava.com\/wp-content\/uploads\/2024\/04\/DSC_7678-scaled.jpg\",\"width\":2560,\"height\":1707},{\"@type\":\"BreadcrumbList\",\"@id\":\"https:\/\/fcspartaktrnava.com\/v-ziline-rozlucka-s-umelymi-travnikmi\/#breadcrumb\",\"itemListElement\":[{\"@type\":\"ListItem\",\"position\":1,\"name\":\"Home\",\"item\":\"https:\/\/fcspartaktrnava.com\/\"},{\"@type\":\"ListItem\",\"position\":2,\"name\":\"V\u00a0\u017diline rozl\u00fa\u010dka s\u00a0umel\u00fdmi tr\u00e1vnikmi\"}]},{\"@type\":\"WebSite\",\"@id\":\"https:\/\/fcspartaktrnava.com\/#website\",\"url\":\"https:\/\/fcspartaktrnava.com\/\",\"name\":\"FC Spartak Trnava\",\"description\":\"ofici\u00e1lna webstr\u00e1nka futbalov\u00e9ho klubu\",\"publisher\":{\"@id\":\"https:\/\/fcspartaktrnava.com\/#organization\"},\"potentialAction\":[{\"@type\":\"SearchAction\",\"target\":{\"@type\":\"EntryPoint\",\"urlTemplate\":\"https:\/\/fcspartaktrnava.com\/?s={search_term_string}\"},\"query-input\":{\"@type\":\"PropertyValueSpecification\",\"valueRequired\":true,\"valueName\":\"search_term_string\"}}],\"inLanguage\":\"en-GB\"},{\"@type\":\"Organization\",\"@id\":\"https:\/\/fcspartaktrnava.com\/#organization\",\"name\":\"FC Spartak Trnava\",\"alternateName\":\"Spartak\",\"url\":\"https:\/\/fcspartaktrnava.com\/\",\"logo\":{\"@type\":\"ImageObject\",\"inLanguage\":\"en-GB\",\"@id\":\"https:\/\/fcspartaktrnava.com\/#\/schema\/logo\/image\/\",\"url\":\"https:\/\/fcspartaktrnava.com\/wp-content\/uploads\/2022\/08\/cropped-site_logo.png\",\"contentUrl\":\"https:\/\/fcspartaktrnava.com\/wp-content\/uploads\/2022\/08\/cropped-site_logo.png\",\"width\":140,\"height\":140,\"caption\":\"FC Spartak Trnava\"},\"image\":{\"@id\":\"https:\/\/fcspartaktrnava.com\/#\/schema\/logo\/image\/\"},\"sameAs\":[\"https:\/\/www.facebook.com\/SpartakTrnava\",\"https:\/\/x.com\/SpartakTrnava1\",\"https:\/\/www.instagram.com\/spartak_sk\/\"]},{\"@type\":\"Person\",\"@id\":\"https:\/\/fcspartaktrnava.com\/#\/schema\/person\/24bc5b254af14f71d7d8af178790aa75\",\"name\":\"spartak\",\"image\":{\"@type\":\"ImageObject\",\"inLanguage\":\"en-GB\",\"@id\":\"https:\/\/fcspartaktrnava.com\/#\/schema\/person\/image\/\",\"url\":\"https:\/\/secure.gravatar.com\/avatar\/f8ff8584f3fcf3909a11a6da9019f37749183b4015bca14e64556c52614cdc7f?s=96&d=mm&r=g\",\"contentUrl\":\"https:\/\/secure.gravatar.com\/avatar\/f8ff8584f3fcf3909a11a6da9019f37749183b4015bca14e64556c52614cdc7f?s=96&d=mm&r=g\",\"caption\":\"spartak\"},\"url\":\"https:\/\/fcspartaktrnava.com\/en\/author\/spartak\/\"}]}<\/script>\n<!-- \/ Yoast SEO plugin. -->","yoast_head_json":{"title":"V\u00a0\u017diline rozl\u00fa\u010dka s\u00a0umel\u00fdmi tr\u00e1vnikmi - FC Spartak Trnava","robots":{"index":"index","follow":"follow","max-snippet":"max-snippet:-1","max-image-preview":"max-image-preview:large","max-video-preview":"max-video-preview:-1"},"canonical":"https:\/\/fcspartaktrnava.com\/en\/v-ziline-rozlucka-s-umelymi-travnikmi\/","twitter_misc":{"Written by":"spartak","Estimated reading time":"3 minutes"},"schema":{"@context":"https:\/\/schema.org","@graph":[{"@type":"Article","@id":"https:\/\/fcspartaktrnava.com\/v-ziline-rozlucka-s-umelymi-travnikmi\/#article","isPartOf":{"@id":"https:\/\/fcspartaktrnava.com\/v-ziline-rozlucka-s-umelymi-travnikmi\/"},"author":{"name":"spartak","@id":"https:\/\/fcspartaktrnava.com\/#\/schema\/person\/24bc5b254af14f71d7d8af178790aa75"},"headline":"V\u00a0\u017diline rozl\u00fa\u010dka s\u00a0umel\u00fdmi tr\u00e1vnikmi","datePublished":"2024-04-26T09:30:48+00:00","dateModified":"2024-04-26T18:13:50+00:00","mainEntityOfPage":{"@id":"https:\/\/fcspartaktrnava.com\/v-ziline-rozlucka-s-umelymi-travnikmi\/"},"wordCount":667,"publisher":{"@id":"https:\/\/fcspartaktrnava.com\/#organization"},"image":{"@id":"https:\/\/fcspartaktrnava.com\/v-ziline-rozlucka-s-umelymi-travnikmi\/#primaryimage"},"thumbnailUrl":"https:\/\/fcspartaktrnava.com\/wp-content\/uploads\/2024\/04\/DSC_7678-scaled.jpg","articleSection":["preview","Rozhovory"],"inLanguage":"en-GB"},{"@type":"WebPage","@id":"https:\/\/fcspartaktrnava.com\/v-ziline-rozlucka-s-umelymi-travnikmi\/","url":"https:\/\/fcspartaktrnava.com\/v-ziline-rozlucka-s-umelymi-travnikmi\/","name":"V\u00a0\u017diline rozl\u00fa\u010dka s\u00a0umel\u00fdmi tr\u00e1vnikmi - FC Spartak Trnava","isPartOf":{"@id":"https:\/\/fcspartaktrnava.com\/#website"},"primaryImageOfPage":{"@id":"https:\/\/fcspartaktrnava.com\/v-ziline-rozlucka-s-umelymi-travnikmi\/#primaryimage"},"image":{"@id":"https:\/\/fcspartaktrnava.com\/v-ziline-rozlucka-s-umelymi-travnikmi\/#primaryimage"},"thumbnailUrl":"https:\/\/fcspartaktrnava.com\/wp-content\/uploads\/2024\/04\/DSC_7678-scaled.jpg","datePublished":"2024-04-26T09:30:48+00:00","dateModified":"2024-04-26T18:13:50+00:00","breadcrumb":{"@id":"https:\/\/fcspartaktrnava.com\/v-ziline-rozlucka-s-umelymi-travnikmi\/#breadcrumb"},"inLanguage":"en-GB","potentialAction":[{"@type":"ReadAction","target":["https:\/\/fcspartaktrnava.com\/v-ziline-rozlucka-s-umelymi-travnikmi\/"]}]},{"@type":"ImageObject","inLanguage":"en-GB","@id":"https:\/\/fcspartaktrnava.com\/v-ziline-rozlucka-s-umelymi-travnikmi\/#primaryimage","url":"https:\/\/fcspartaktrnava.com\/wp-content\/uploads\/2024\/04\/DSC_7678-scaled.jpg","contentUrl":"https:\/\/fcspartaktrnava.com\/wp-content\/uploads\/2024\/04\/DSC_7678-scaled.jpg","width":2560,"height":1707},{"@type":"BreadcrumbList","@id":"https:\/\/fcspartaktrnava.com\/v-ziline-rozlucka-s-umelymi-travnikmi\/#breadcrumb","itemListElement":[{"@type":"ListItem","position":1,"name":"Home","item":"https:\/\/fcspartaktrnava.com\/"},{"@type":"ListItem","position":2,"name":"V\u00a0\u017diline rozl\u00fa\u010dka s\u00a0umel\u00fdmi tr\u00e1vnikmi"}]},{"@type":"WebSite","@id":"https:\/\/fcspartaktrnava.com\/#website","url":"https:\/\/fcspartaktrnava.com\/","name":"FC Spartak Trnava","description":"ofici\u00e1lna webstr\u00e1nka futbalov\u00e9ho klubu","publisher":{"@id":"https:\/\/fcspartaktrnava.com\/#organization"},"potentialAction":[{"@type":"SearchAction","target":{"@type":"EntryPoint","urlTemplate":"https:\/\/fcspartaktrnava.com\/?s={search_term_string}"},"query-input":{"@type":"PropertyValueSpecification","valueRequired":true,"valueName":"search_term_string"}}],"inLanguage":"en-GB"},{"@type":"Organization","@id":"https:\/\/fcspartaktrnava.com\/#organization","name":"FC Spartak Trnava","alternateName":"Spartak","url":"https:\/\/fcspartaktrnava.com\/","logo":{"@type":"ImageObject","inLanguage":"en-GB","@id":"https:\/\/fcspartaktrnava.com\/#\/schema\/logo\/image\/","url":"https:\/\/fcspartaktrnava.com\/wp-content\/uploads\/2022\/08\/cropped-site_logo.png","contentUrl":"https:\/\/fcspartaktrnava.com\/wp-content\/uploads\/2022\/08\/cropped-site_logo.png","width":140,"height":140,"caption":"FC Spartak Trnava"},"image":{"@id":"https:\/\/fcspartaktrnava.com\/#\/schema\/logo\/image\/"},"sameAs":["https:\/\/www.facebook.com\/SpartakTrnava","https:\/\/x.com\/SpartakTrnava1","https:\/\/www.instagram.com\/spartak_sk\/"]},{"@type":"Person","@id":"https:\/\/fcspartaktrnava.com\/#\/schema\/person\/24bc5b254af14f71d7d8af178790aa75","name":"spartak","image":{"@type":"ImageObject","inLanguage":"en-GB","@id":"https:\/\/fcspartaktrnava.com\/#\/schema\/person\/image\/","url":"https:\/\/secure.gravatar.com\/avatar\/f8ff8584f3fcf3909a11a6da9019f37749183b4015bca14e64556c52614cdc7f?s=96&d=mm&r=g","contentUrl":"https:\/\/secure.gravatar.com\/avatar\/f8ff8584f3fcf3909a11a6da9019f37749183b4015bca14e64556c52614cdc7f?s=96&d=mm&r=g","caption":"spartak"},"url":"https:\/\/fcspartaktrnava.com\/en\/author\/spartak\/"}]}},"_links":{"self":[{"href":"https:\/\/fcspartaktrnava.com\/en\/wp-json\/wp\/v2\/posts\/16682","targetHints":{"allow":["GET"]}}],"collection":[{"href":"https:\/\/fcspartaktrnava.com\/en\/wp-json\/wp\/v2\/posts"}],"about":[{"href":"https:\/\/fcspartaktrnava.com\/en\/wp-json\/wp\/v2\/types\/post"}],"author":[{"embeddable":true,"href":"https:\/\/fcspartaktrnava.com\/en\/wp-json\/wp\/v2\/users\/2"}],"replies":[{"embeddable":true,"href":"https:\/\/fcspartaktrnava.com\/en\/wp-json\/wp\/v2\/comments?post=16682"}],"version-history":[{"count":0,"href":"https:\/\/fcspartaktrnava.com\/en\/wp-json\/wp\/v2\/posts\/16682\/revisions"}],"wp:featuredmedia":[{"embeddable":true,"href":"https:\/\/fcspartaktrnava.com\/en\/wp-json\/wp\/v2\/media\/16683"}],"wp:attachment":[{"href":"https:\/\/fcspartaktrnava.com\/en\/wp-json\/wp\/v2\/media?parent=16682"}],"wp:term":[{"taxonomy":"category","embeddable":true,"href":"https:\/\/fcspartaktrnava.com\/en\/wp-json\/wp\/v2\/categories?post=16682"},{"taxonomy":"post_tag","embeddable":true,"href":"https:\/\/fcspartaktrnava.com\/en\/wp-json\/wp\/v2\/tags?post=16682"}],"curies":[{"name":"wp","href":"https:\/\/api.w.org\/{rel}","templated":true}]}}