{"id":16476,"date":"2024-04-20T09:06:54","date_gmt":"2024-04-20T07:06:54","guid":{"rendered":"https:\/\/fcspartaktrnava.com\/?p=16476"},"modified":"2024-04-20T09:06:54","modified_gmt":"2024-04-20T07:06:54","slug":"bohaty-program-aj-vynovene-bufety","status":"publish","type":"post","link":"https:\/\/fcspartaktrnava.com\/en\/bohaty-program-aj-vynovene-bufety\/","title":{"rendered":"Bohat\u00fd program, aj vynoven\u00e9 bufety"},"content":{"rendered":"<p>Nebude to v\u0161ak iba o&nbsp;z\u00e1pase samotnom, ale u\u017e dlho pred n\u00edm bude pre v\u0161etk\u00fdch fan\u00fa\u0161ikov pripraven\u00e1 fanz\u00f3na pri \u0161tadi\u00f3ne. Jej za\u010diatok bude o&nbsp;15. hodine a odv\u00e1\u017elivci si m\u00f4\u017eu v&nbsp;r\u00f4znych atrakci\u00e1ch a&nbsp;s\u00fa\u0165a\u017eiach vysk\u00fa\u0161a\u0165 \u010di dok\u00e1\u017eu hlavi\u010dkova\u0165 vysoko ako Ronaldo, pr\u00edpadne, \u010di maj\u00fa postreh ako brank\u00e1r Dominik Tak\u00e1\u010d. T\u00ed najmen\u0161\u00ed sa isto pote\u0161ia, ke\u010f si bud\u00fa m\u00f4c\u0165 necha\u0165 na tv\u00e1r nama\u013eova\u0165 \u010derveno-\u010dierne bojov\u00e9 farby, alebo zahra\u0165 si v&nbsp;st\u00e1nku na playstation. Pozdravi\u0165 ich pr\u00eddu hr\u00e1\u010di Spartaka, ktor\u00ed nebud\u00fa hra\u0165 v&nbsp;z\u00e1pase a&nbsp;bude pr\u00edle\u017eitos\u0165 z\u00edska\u0165 podpis alebo fotografiu.<\/p>\n\n\n\n<p>U\u017e od 13. hodiny bude otvoren\u00fd aj ofici\u00e1lny fanshop, v\u00a0ktorom sa u\u017e bud\u00fa da\u0165 k\u00fapi\u0165 aj \u0161peci\u00e1lne v\u00fdjazdov\u00e9 tri\u010dk\u00e1 na prvom\u00e1jov\u00e9 fin\u00e1le Slovensk\u00e9ho poh\u00e1ra. Pri n\u00e1kupe nad 50 \u20ac dostane ka\u017ed\u00fd dar\u010dek v\u00a0podobe suven\u00edrov Eur\u00f3pskej konferen\u010dnej ligy.<\/p>\n\n\n\n<figure class=\"wp-block-gallery has-nested-images columns-default is-cropped wp-block-gallery-1 is-layout-flex wp-block-gallery-is-layout-flex\">\n<figure class=\"wp-block-image size-large\"><img loading=\"lazy\" decoding=\"async\" width=\"819\" height=\"1024\" data-id=\"16477\" src=\"https:\/\/fcspartaktrnava.com\/wp-content\/uploads\/2024\/04\/437851356_748646504051584_6335758562574701320_n-819x1024.jpg\" alt=\"\" class=\"wp-image-16477\" srcset=\"https:\/\/fcspartaktrnava.com\/wp-content\/uploads\/2024\/04\/437851356_748646504051584_6335758562574701320_n-819x1024.jpg 819w, https:\/\/fcspartaktrnava.com\/wp-content\/uploads\/2024\/04\/437851356_748646504051584_6335758562574701320_n-240x300.jpg 240w, https:\/\/fcspartaktrnava.com\/wp-content\/uploads\/2024\/04\/437851356_748646504051584_6335758562574701320_n-768x960.jpg 768w, https:\/\/fcspartaktrnava.com\/wp-content\/uploads\/2024\/04\/437851356_748646504051584_6335758562574701320_n-10x12.jpg 10w, https:\/\/fcspartaktrnava.com\/wp-content\/uploads\/2024\/04\/437851356_748646504051584_6335758562574701320_n.jpg 1080w\" sizes=\"auto, (max-width: 819px) 100vw, 819px\" \/><\/figure>\n\n\n\n<figure class=\"wp-block-image size-large\"><img loading=\"lazy\" decoding=\"async\" width=\"819\" height=\"1024\" data-id=\"16478\" src=\"https:\/\/fcspartaktrnava.com\/wp-content\/uploads\/2024\/04\/438802403_748646500718251_8696908647765387278_n-819x1024.jpg\" alt=\"\" class=\"wp-image-16478\" srcset=\"https:\/\/fcspartaktrnava.com\/wp-content\/uploads\/2024\/04\/438802403_748646500718251_8696908647765387278_n-819x1024.jpg 819w, https:\/\/fcspartaktrnava.com\/wp-content\/uploads\/2024\/04\/438802403_748646500718251_8696908647765387278_n-240x300.jpg 240w, https:\/\/fcspartaktrnava.com\/wp-content\/uploads\/2024\/04\/438802403_748646500718251_8696908647765387278_n-768x960.jpg 768w, https:\/\/fcspartaktrnava.com\/wp-content\/uploads\/2024\/04\/438802403_748646500718251_8696908647765387278_n-10x12.jpg 10w, https:\/\/fcspartaktrnava.com\/wp-content\/uploads\/2024\/04\/438802403_748646500718251_8696908647765387278_n.jpg 1080w\" sizes=\"auto, (max-width: 819px) 100vw, 819px\" \/><\/figure>\n<\/figure>\n\n\n\n<p>Po\u010das minul\u00fdch dn\u00ed sa na \u0161tadi\u00f3ne naplno pracovalo na rekon\u0161trukcii najvy\u0165a\u017eenej\u0161\u00edch bufetov na severnej trib\u00fane. Okrem nov\u00e9ho zariadenia pribudne v&nbsp;ka\u017edom bufete \u010fal\u0161ie v\u00fddajn\u00e9 okienko. V&nbsp;bo\u010dn\u00fdch okienkach sa bude pred\u00e1va\u0165 iba jedlo, n\u00e1poje ostan\u00fa vpredu.<\/p>\n\n\n\n<p><strong><em>\u201eOd tejto zmeny si s\u013eubujeme zv\u00fd\u0161en\u00fd komfort a&nbsp;zr\u00fdchlenie obsluhy po\u010das z\u00e1pasov, tak aby sa skr\u00e1tila \u010dakacia doba po\u010das najexponovanej\u0161\u00edch \u010dasov. V&nbsp;najbli\u017e\u0161om \u010dase pribudne podobn\u00e1 prev\u00e1dzka aj za z\u00e1padnou trib\u00fanou v&nbsp;sektore 18 a&nbsp;postupne bud\u00fa nasledova\u0165 \u010fal\u0161ie v\u00fddajn\u00e9 miesta,\u201c<\/em><\/strong> hovor\u00ed prev\u00e1dzkov\u00fd mana\u017e\u00e9r Pavol Bielik.<\/p>\n\n\n\n<p>Po\u010das z\u00e1pasu so Slovanom bude s\u00edce kv\u00f4li trestu od SFZ uzatvoren\u00e1 severn\u00e1 trib\u00fana, ale bufety za \u0148ou bud\u00fa v\u00a0prev\u00e1dzke, preto pros\u00edme fan\u00fa\u0161ikov, aby vyu\u017e\u00edvali v\u0161etky dostupn\u00e9 ob\u010derstvovacie kapacity.<\/p>\n\n\n\n<p>Vstupenky s\u00fa st\u00e1le v\u00a0predaji online, vo fanshope, pr\u00edpadne dve hodiny pred za\u010diatkom z\u00e1pasu v\u00a0pokladniach na \u0160portovej ulici. Bli\u017e\u0161ie inform\u00e1cie na: <a href=\"https:\/\/fcspartaktrnava.com\/en\/posledne-tohtosezonne-derby-bude-v-trnave\/\">https:\/\/fcspartaktrnava.com\/posledne-tohtosezonne-derby-bude-v-trnave\/<\/a><\/p>","protected":false},"excerpt":{"rendered":"<p>Nebude to v\u0161ak iba o&nbsp;z\u00e1pase samotnom, ale u\u017e&#8230;<\/p>","protected":false},"author":2,"featured_media":16479,"comment_status":"closed","ping_status":"closed","sticky":false,"template":"","format":"standard","meta":{"footnotes":""},"categories":[12],"tags":[],"class_list":["post-16476","post","type-post","status-publish","format-standard","has-post-thumbnail","hentry","category-spravy","post-number-1"],"yoast_head":"<!-- This site is optimized with the Yoast SEO plugin v27.1.1 - https:\/\/yoast.com\/product\/yoast-seo-wordpress\/ -->\n<title>Bohat\u00fd program, aj vynoven\u00e9 bufety - FC Spartak Trnava<\/title>\n<meta name=\"robots\" content=\"index, follow, max-snippet:-1, max-image-preview:large, max-video-preview:-1\" \/>\n<link rel=\"canonical\" href=\"https:\/\/fcspartaktrnava.com\/en\/bohaty-program-aj-vynovene-bufety\/\" \/>\n<meta name=\"twitter:label1\" content=\"Written by\" \/>\n\t<meta name=\"twitter:data1\" content=\"spartak\" \/>\n\t<meta name=\"twitter:label2\" content=\"Estimated reading time\" \/>\n\t<meta name=\"twitter:data2\" content=\"3 minutes\" \/>\n<script type=\"application\/ld+json\" class=\"yoast-schema-graph\">{\"@context\":\"https:\/\/schema.org\",\"@graph\":[{\"@type\":\"Article\",\"@id\":\"https:\/\/fcspartaktrnava.com\/bohaty-program-aj-vynovene-bufety\/#article\",\"isPartOf\":{\"@id\":\"https:\/\/fcspartaktrnava.com\/bohaty-program-aj-vynovene-bufety\/\"},\"author\":{\"name\":\"spartak\",\"@id\":\"https:\/\/fcspartaktrnava.com\/#\/schema\/person\/24bc5b254af14f71d7d8af178790aa75\"},\"headline\":\"Bohat\u00fd program, aj vynoven\u00e9 bufety\",\"datePublished\":\"2024-04-20T07:06:54+00:00\",\"mainEntityOfPage\":{\"@id\":\"https:\/\/fcspartaktrnava.com\/bohaty-program-aj-vynovene-bufety\/\"},\"wordCount\":375,\"publisher\":{\"@id\":\"https:\/\/fcspartaktrnava.com\/#organization\"},\"image\":{\"@id\":\"https:\/\/fcspartaktrnava.com\/bohaty-program-aj-vynovene-bufety\/#primaryimage\"},\"thumbnailUrl\":\"https:\/\/fcspartaktrnava.com\/wp-content\/uploads\/2024\/04\/WhatsApp-Image-2024-04-19-at-14.31.54-1-scaled.jpeg\",\"articleSection\":[\"Spr\u00e1vy\"],\"inLanguage\":\"en-GB\"},{\"@type\":\"WebPage\",\"@id\":\"https:\/\/fcspartaktrnava.com\/bohaty-program-aj-vynovene-bufety\/\",\"url\":\"https:\/\/fcspartaktrnava.com\/bohaty-program-aj-vynovene-bufety\/\",\"name\":\"Bohat\u00fd program, aj vynoven\u00e9 bufety - FC Spartak Trnava\",\"isPartOf\":{\"@id\":\"https:\/\/fcspartaktrnava.com\/#website\"},\"primaryImageOfPage\":{\"@id\":\"https:\/\/fcspartaktrnava.com\/bohaty-program-aj-vynovene-bufety\/#primaryimage\"},\"image\":{\"@id\":\"https:\/\/fcspartaktrnava.com\/bohaty-program-aj-vynovene-bufety\/#primaryimage\"},\"thumbnailUrl\":\"https:\/\/fcspartaktrnava.com\/wp-content\/uploads\/2024\/04\/WhatsApp-Image-2024-04-19-at-14.31.54-1-scaled.jpeg\",\"datePublished\":\"2024-04-20T07:06:54+00:00\",\"breadcrumb\":{\"@id\":\"https:\/\/fcspartaktrnava.com\/bohaty-program-aj-vynovene-bufety\/#breadcrumb\"},\"inLanguage\":\"en-GB\",\"potentialAction\":[{\"@type\":\"ReadAction\",\"target\":[\"https:\/\/fcspartaktrnava.com\/bohaty-program-aj-vynovene-bufety\/\"]}]},{\"@type\":\"ImageObject\",\"inLanguage\":\"en-GB\",\"@id\":\"https:\/\/fcspartaktrnava.com\/bohaty-program-aj-vynovene-bufety\/#primaryimage\",\"url\":\"https:\/\/fcspartaktrnava.com\/wp-content\/uploads\/2024\/04\/WhatsApp-Image-2024-04-19-at-14.31.54-1-scaled.jpeg\",\"contentUrl\":\"https:\/\/fcspartaktrnava.com\/wp-content\/uploads\/2024\/04\/WhatsApp-Image-2024-04-19-at-14.31.54-1-scaled.jpeg\",\"width\":2560,\"height\":2464},{\"@type\":\"BreadcrumbList\",\"@id\":\"https:\/\/fcspartaktrnava.com\/bohaty-program-aj-vynovene-bufety\/#breadcrumb\",\"itemListElement\":[{\"@type\":\"ListItem\",\"position\":1,\"name\":\"Home\",\"item\":\"https:\/\/fcspartaktrnava.com\/\"},{\"@type\":\"ListItem\",\"position\":2,\"name\":\"Bohat\u00fd program, aj vynoven\u00e9 bufety\"}]},{\"@type\":\"WebSite\",\"@id\":\"https:\/\/fcspartaktrnava.com\/#website\",\"url\":\"https:\/\/fcspartaktrnava.com\/\",\"name\":\"FC Spartak Trnava\",\"description\":\"ofici\u00e1lna webstr\u00e1nka futbalov\u00e9ho klubu\",\"publisher\":{\"@id\":\"https:\/\/fcspartaktrnava.com\/#organization\"},\"potentialAction\":[{\"@type\":\"SearchAction\",\"target\":{\"@type\":\"EntryPoint\",\"urlTemplate\":\"https:\/\/fcspartaktrnava.com\/?s={search_term_string}\"},\"query-input\":{\"@type\":\"PropertyValueSpecification\",\"valueRequired\":true,\"valueName\":\"search_term_string\"}}],\"inLanguage\":\"en-GB\"},{\"@type\":\"Organization\",\"@id\":\"https:\/\/fcspartaktrnava.com\/#organization\",\"name\":\"FC Spartak Trnava\",\"alternateName\":\"Spartak\",\"url\":\"https:\/\/fcspartaktrnava.com\/\",\"logo\":{\"@type\":\"ImageObject\",\"inLanguage\":\"en-GB\",\"@id\":\"https:\/\/fcspartaktrnava.com\/#\/schema\/logo\/image\/\",\"url\":\"https:\/\/fcspartaktrnava.com\/wp-content\/uploads\/2022\/08\/cropped-site_logo.png\",\"contentUrl\":\"https:\/\/fcspartaktrnava.com\/wp-content\/uploads\/2022\/08\/cropped-site_logo.png\",\"width\":140,\"height\":140,\"caption\":\"FC Spartak Trnava\"},\"image\":{\"@id\":\"https:\/\/fcspartaktrnava.com\/#\/schema\/logo\/image\/\"},\"sameAs\":[\"https:\/\/www.facebook.com\/SpartakTrnava\",\"https:\/\/x.com\/SpartakTrnava1\",\"https:\/\/www.instagram.com\/spartak_sk\/\"]},{\"@type\":\"Person\",\"@id\":\"https:\/\/fcspartaktrnava.com\/#\/schema\/person\/24bc5b254af14f71d7d8af178790aa75\",\"name\":\"spartak\",\"image\":{\"@type\":\"ImageObject\",\"inLanguage\":\"en-GB\",\"@id\":\"https:\/\/fcspartaktrnava.com\/#\/schema\/person\/image\/\",\"url\":\"https:\/\/secure.gravatar.com\/avatar\/f8ff8584f3fcf3909a11a6da9019f37749183b4015bca14e64556c52614cdc7f?s=96&d=mm&r=g\",\"contentUrl\":\"https:\/\/secure.gravatar.com\/avatar\/f8ff8584f3fcf3909a11a6da9019f37749183b4015bca14e64556c52614cdc7f?s=96&d=mm&r=g\",\"caption\":\"spartak\"},\"url\":\"https:\/\/fcspartaktrnava.com\/en\/author\/spartak\/\"}]}<\/script>\n<!-- \/ Yoast SEO plugin. -->","yoast_head_json":{"title":"Bohat\u00fd program, aj vynoven\u00e9 bufety - FC Spartak Trnava","robots":{"index":"index","follow":"follow","max-snippet":"max-snippet:-1","max-image-preview":"max-image-preview:large","max-video-preview":"max-video-preview:-1"},"canonical":"https:\/\/fcspartaktrnava.com\/en\/bohaty-program-aj-vynovene-bufety\/","twitter_misc":{"Written by":"spartak","Estimated reading time":"3 minutes"},"schema":{"@context":"https:\/\/schema.org","@graph":[{"@type":"Article","@id":"https:\/\/fcspartaktrnava.com\/bohaty-program-aj-vynovene-bufety\/#article","isPartOf":{"@id":"https:\/\/fcspartaktrnava.com\/bohaty-program-aj-vynovene-bufety\/"},"author":{"name":"spartak","@id":"https:\/\/fcspartaktrnava.com\/#\/schema\/person\/24bc5b254af14f71d7d8af178790aa75"},"headline":"Bohat\u00fd program, aj vynoven\u00e9 bufety","datePublished":"2024-04-20T07:06:54+00:00","mainEntityOfPage":{"@id":"https:\/\/fcspartaktrnava.com\/bohaty-program-aj-vynovene-bufety\/"},"wordCount":375,"publisher":{"@id":"https:\/\/fcspartaktrnava.com\/#organization"},"image":{"@id":"https:\/\/fcspartaktrnava.com\/bohaty-program-aj-vynovene-bufety\/#primaryimage"},"thumbnailUrl":"https:\/\/fcspartaktrnava.com\/wp-content\/uploads\/2024\/04\/WhatsApp-Image-2024-04-19-at-14.31.54-1-scaled.jpeg","articleSection":["Spr\u00e1vy"],"inLanguage":"en-GB"},{"@type":"WebPage","@id":"https:\/\/fcspartaktrnava.com\/bohaty-program-aj-vynovene-bufety\/","url":"https:\/\/fcspartaktrnava.com\/bohaty-program-aj-vynovene-bufety\/","name":"Bohat\u00fd program, aj vynoven\u00e9 bufety - FC Spartak Trnava","isPartOf":{"@id":"https:\/\/fcspartaktrnava.com\/#website"},"primaryImageOfPage":{"@id":"https:\/\/fcspartaktrnava.com\/bohaty-program-aj-vynovene-bufety\/#primaryimage"},"image":{"@id":"https:\/\/fcspartaktrnava.com\/bohaty-program-aj-vynovene-bufety\/#primaryimage"},"thumbnailUrl":"https:\/\/fcspartaktrnava.com\/wp-content\/uploads\/2024\/04\/WhatsApp-Image-2024-04-19-at-14.31.54-1-scaled.jpeg","datePublished":"2024-04-20T07:06:54+00:00","breadcrumb":{"@id":"https:\/\/fcspartaktrnava.com\/bohaty-program-aj-vynovene-bufety\/#breadcrumb"},"inLanguage":"en-GB","potentialAction":[{"@type":"ReadAction","target":["https:\/\/fcspartaktrnava.com\/bohaty-program-aj-vynovene-bufety\/"]}]},{"@type":"ImageObject","inLanguage":"en-GB","@id":"https:\/\/fcspartaktrnava.com\/bohaty-program-aj-vynovene-bufety\/#primaryimage","url":"https:\/\/fcspartaktrnava.com\/wp-content\/uploads\/2024\/04\/WhatsApp-Image-2024-04-19-at-14.31.54-1-scaled.jpeg","contentUrl":"https:\/\/fcspartaktrnava.com\/wp-content\/uploads\/2024\/04\/WhatsApp-Image-2024-04-19-at-14.31.54-1-scaled.jpeg","width":2560,"height":2464},{"@type":"BreadcrumbList","@id":"https:\/\/fcspartaktrnava.com\/bohaty-program-aj-vynovene-bufety\/#breadcrumb","itemListElement":[{"@type":"ListItem","position":1,"name":"Home","item":"https:\/\/fcspartaktrnava.com\/"},{"@type":"ListItem","position":2,"name":"Bohat\u00fd program, aj vynoven\u00e9 bufety"}]},{"@type":"WebSite","@id":"https:\/\/fcspartaktrnava.com\/#website","url":"https:\/\/fcspartaktrnava.com\/","name":"FC Spartak Trnava","description":"ofici\u00e1lna webstr\u00e1nka futbalov\u00e9ho klubu","publisher":{"@id":"https:\/\/fcspartaktrnava.com\/#organization"},"potentialAction":[{"@type":"SearchAction","target":{"@type":"EntryPoint","urlTemplate":"https:\/\/fcspartaktrnava.com\/?s={search_term_string}"},"query-input":{"@type":"PropertyValueSpecification","valueRequired":true,"valueName":"search_term_string"}}],"inLanguage":"en-GB"},{"@type":"Organization","@id":"https:\/\/fcspartaktrnava.com\/#organization","name":"FC Spartak Trnava","alternateName":"Spartak","url":"https:\/\/fcspartaktrnava.com\/","logo":{"@type":"ImageObject","inLanguage":"en-GB","@id":"https:\/\/fcspartaktrnava.com\/#\/schema\/logo\/image\/","url":"https:\/\/fcspartaktrnava.com\/wp-content\/uploads\/2022\/08\/cropped-site_logo.png","contentUrl":"https:\/\/fcspartaktrnava.com\/wp-content\/uploads\/2022\/08\/cropped-site_logo.png","width":140,"height":140,"caption":"FC Spartak Trnava"},"image":{"@id":"https:\/\/fcspartaktrnava.com\/#\/schema\/logo\/image\/"},"sameAs":["https:\/\/www.facebook.com\/SpartakTrnava","https:\/\/x.com\/SpartakTrnava1","https:\/\/www.instagram.com\/spartak_sk\/"]},{"@type":"Person","@id":"https:\/\/fcspartaktrnava.com\/#\/schema\/person\/24bc5b254af14f71d7d8af178790aa75","name":"spartak","image":{"@type":"ImageObject","inLanguage":"en-GB","@id":"https:\/\/fcspartaktrnava.com\/#\/schema\/person\/image\/","url":"https:\/\/secure.gravatar.com\/avatar\/f8ff8584f3fcf3909a11a6da9019f37749183b4015bca14e64556c52614cdc7f?s=96&d=mm&r=g","contentUrl":"https:\/\/secure.gravatar.com\/avatar\/f8ff8584f3fcf3909a11a6da9019f37749183b4015bca14e64556c52614cdc7f?s=96&d=mm&r=g","caption":"spartak"},"url":"https:\/\/fcspartaktrnava.com\/en\/author\/spartak\/"}]}},"_links":{"self":[{"href":"https:\/\/fcspartaktrnava.com\/en\/wp-json\/wp\/v2\/posts\/16476","targetHints":{"allow":["GET"]}}],"collection":[{"href":"https:\/\/fcspartaktrnava.com\/en\/wp-json\/wp\/v2\/posts"}],"about":[{"href":"https:\/\/fcspartaktrnava.com\/en\/wp-json\/wp\/v2\/types\/post"}],"author":[{"embeddable":true,"href":"https:\/\/fcspartaktrnava.com\/en\/wp-json\/wp\/v2\/users\/2"}],"replies":[{"embeddable":true,"href":"https:\/\/fcspartaktrnava.com\/en\/wp-json\/wp\/v2\/comments?post=16476"}],"version-history":[{"count":0,"href":"https:\/\/fcspartaktrnava.com\/en\/wp-json\/wp\/v2\/posts\/16476\/revisions"}],"wp:featuredmedia":[{"embeddable":true,"href":"https:\/\/fcspartaktrnava.com\/en\/wp-json\/wp\/v2\/media\/16479"}],"wp:attachment":[{"href":"https:\/\/fcspartaktrnava.com\/en\/wp-json\/wp\/v2\/media?parent=16476"}],"wp:term":[{"taxonomy":"category","embeddable":true,"href":"https:\/\/fcspartaktrnava.com\/en\/wp-json\/wp\/v2\/categories?post=16476"},{"taxonomy":"post_tag","embeddable":true,"href":"https:\/\/fcspartaktrnava.com\/en\/wp-json\/wp\/v2\/tags?post=16476"}],"curies":[{"name":"wp","href":"https:\/\/api.w.org\/{rel}","templated":true}]}}