{"id":15735,"date":"2024-03-19T12:20:32","date_gmt":"2024-03-19T10:20:32","guid":{"rendered":"https:\/\/fcspartaktrnava.com\/?p=15735"},"modified":"2024-03-19T12:44:32","modified_gmt":"2024-03-19T10:44:32","slug":"takac-s-dalsou-nulou-najtazsie-mu-bolo-pri-osetrovani-kostrnu","status":"publish","type":"post","link":"https:\/\/fcspartaktrnava.com\/en\/takac-s-dalsou-nulou-najtazsie-mu-bolo-pri-osetrovani-kostrnu\/","title":{"rendered":"Tak\u00e1\u010d s\u00a0\u010fal\u0161ou nulou, naj\u0165a\u017e\u0161ie mu bolo pri o\u0161etrovan\u00ed Ko\u0161trnu"},"content":{"rendered":"<p>V\u00ed\u0165azstvo v&nbsp;derby nad Slovanom chut\u00ed v\u017edy slad\u0161ie, ak sa podar\u00ed priamo na ihrisku s\u00fapera. Tentoraz to vy\u0161lo Trnav\u010danom, ktor\u00ed v&nbsp;nede\u013eu vyhrali v&nbsp;Bratislave 2:0. Ak ner\u00e1tame fin\u00e1le poh\u00e1ra spred dvoch rokov, tak sa im to naposledy podarilo pred takmer tromi rokmi. Aj vtedy si prv\u00fd g\u00f3l strelil dom\u00e1ci Bo\u017eikov do vlastnej siete. Savvidis, ktor\u00fd vtedy e\u0161te hral v&nbsp;spr\u00e1vnom drese, pridal po priamom kope druh\u00fd g\u00f3l a&nbsp;Ratao z&nbsp;penalty len zmiernil prehru Slovana.<\/p>\n\n\n\n<p>Ve\u013ek\u00fa z\u00e1sluhu na tomto v\u00fdsledku m\u00e1 brank\u00e1r Dominik Tak\u00e1\u010d, ktor\u00fd si udr\u017eal \u010dist\u00e9 konto a&nbsp;okrem striel vyrie\u0161il nieko\u013eko nepreh\u013eadn\u00fdch situ\u00e1ci\u00ed. Spom\u00edna si aj na ten predch\u00e1dzaj\u00faci \u00faspech.<\/p>\n\n\n\n<p><strong><em>\u201eBol to m\u00f4j prv\u00fd z\u00e1pas na Slovane, tak\u017ee si to pam\u00e4t\u00e1m. Nebolo to zasa a\u017e tak d\u00e1vno, ale, samozrejme, c\u00edtili sme, \u017ee je na\u010dase tu bodova\u0165. Sme ve\u013emi radi, \u017ee to vy\u0161lo,\u201c<\/em><\/strong> hovoril po z\u00e1pase brank\u00e1r, ktor\u00fd si udr\u017eal v&nbsp;tre\u0165om z\u00e1pase po sebe \u010dist\u00e9 konto. V&nbsp;lige je spolu s&nbsp;Borjanom s&nbsp;desiatimi \u010dist\u00fdmi kontami priebe\u017ene najlep\u0161\u00ed v&nbsp;tejto \u0161tatistike.<\/p>\n\n\n\n<p>Michal Ga\u0161par\u00edk pred z\u00e1pasom spomenul, \u017ee tentoraz mu\u017estvo neza\u0165a\u017eoval inform\u00e1ciami o&nbsp;s\u00faperovi, videopr\u00edpravou ani podrobnou anal\u00fdzou. Napokon mu to vy\u0161lo. &nbsp;<\/p>\n\n\n\n<p><strong><em>\u201eBoli sme mo\u017eno menej za\u0165a\u017een\u00ed t\u00fdmi inform\u00e1ciami o\u00a0s\u00faperovi. Na druhej strane, aj tak ich pozn\u00e1me. Hrali sme spolu pred dvoma t\u00fd\u017ed\u0148ami, navy\u0161e, ako mu\u017estvo sme dos\u0165 dlho pokope a\u00a0v\u0161etci hr\u00e1\u010di u\u017e derby za\u017eili. Vedia o\u00a0\u010do ide a\u00a0teraz n\u00e1m to zafungovalo.\u201c<\/em><\/strong><\/p>\n\n\n\n<figure class=\"wp-block-image size-large\"><img loading=\"lazy\" decoding=\"async\" width=\"1024\" height=\"682\" src=\"https:\/\/fcspartaktrnava.com\/wp-content\/uploads\/2024\/03\/DSC_0229-1024x682.jpg\" alt=\"\" class=\"wp-image-15653\" srcset=\"https:\/\/fcspartaktrnava.com\/wp-content\/uploads\/2024\/03\/DSC_0229-1024x682.jpg 1024w, https:\/\/fcspartaktrnava.com\/wp-content\/uploads\/2024\/03\/DSC_0229-300x200.jpg 300w, https:\/\/fcspartaktrnava.com\/wp-content\/uploads\/2024\/03\/DSC_0229-768x512.jpg 768w, https:\/\/fcspartaktrnava.com\/wp-content\/uploads\/2024\/03\/DSC_0229-18x12.jpg 18w, https:\/\/fcspartaktrnava.com\/wp-content\/uploads\/2024\/03\/DSC_0229.jpg 1520w\" sizes=\"auto, (max-width: 1024px) 100vw, 1024px\" \/><\/figure>\n\n\n\n<p>Obaja tr\u00e9neri sa po z\u00e1pase zhodli na tom, \u017ee k\u013e\u00fa\u010dov\u00fdm okamihom stretnutia bola \u0161anca Barseghjana v&nbsp;\u00favode z\u00e1pasu, ke\u010f sa ocitol pred Tak\u00e1\u010dom, ale trnavsk\u00fd brank\u00e1r jeho tutovku chytil. &nbsp;<\/p>\n\n\n\n<p><strong><em>\u201eZomlelo sa ve\u013emi r\u00fdchlo. Pam\u00e4t\u00e1m si to od chv\u00edle, ke\u010f sa na m\u0148a r\u00fatil. Viem, \u017ee bol Sebo K\u00f3\u0161a za n\u00edm, ktor\u00fd ho d\u00e1val pod tlak. V&nbsp;tej chv\u00edli som sa len chcel nejako pred neho polo\u017ei\u0165, nech ma traf\u00ed. Dnes to vy\u0161lo a&nbsp;dos\u0165 n\u00e1m to pomohlo, lebo sme nedostali prv\u00fd g\u00f3l. Keby sme ho dostali, tak by sa tu ve\u013emi \u0165a\u017eko ot\u00e1\u010dalo, \u010do sme vedeli. Ust\u00e1li sme to, do pol\u010dasu sme dali g\u00f3l a&nbsp;bolo to o&nbsp;to lep\u0161ie,\u201c<\/em><\/strong> odpoved\u00e1 skromne Tak\u00e1\u010d, ktor\u00fd v\u0161ak prizn\u00e1va, \u017ee tak\u00fdto z\u00e1krok mu v&nbsp;\u010fal\u0161om priebehu z\u00e1pasu m\u00f4\u017ee pom\u00f4c\u0165. <strong><em>\u201eUr\u010dite to ka\u017ed\u00e9mu brank\u00e1rovi pom\u00f4\u017ee. Ke\u010f sa vr\u00e1tim k&nbsp;t\u00fdm prv\u00fdm z\u00e1pasom v&nbsp;tomto roku na jar, tak som dostal hne\u010f z&nbsp;prvej strely g\u00f3l a&nbsp;\u0165a\u017eko sme sa z toho dost\u00e1vali. Pomohlo to nielen mne, ale v\u0161etk\u00fdm.\u201c<\/em><\/strong><\/p>\n\n\n\n<p>Domino napokon nepustil za svoj chrb\u00e1t ani jednu strelu a\u00a0vyrie\u0161il aj nebezpe\u010dn\u00e9 situ\u00e1cie, ke\u010f lopta lietala cez jeho \u0161estn\u00e1stku. Najviac si vyd\u00fdchol po skrum\u00e1\u017ei v\u00a0druhom pol\u010dase za stavu 1:0. <strong><em>\u201eNaj\u0165a\u017e\u0161\u00ed moment bol asi ten, ke\u010f bol Kiko Ko\u0161trna o\u0161etrovan\u00fd a\u00a0bol mimo ihriska. Slovan mal roh a\u00a0presne do priestoru, kde mal by\u0165 on, smerovala lopta, niekto to tam te\u010doval, nejako som to rukou vytiahol a\u00a0potom bol faul na m\u0148a. Toto bolo asi tak\u00e9 naj\u0165a\u017e\u0161ie, lebo to bola nepreh\u013eadn\u00e1 situ\u00e1cia, ale na\u0161\u0165astie ma to trafilo a\u00a0i\u0161lo to von.\u201c<\/em><\/strong><\/p>\n\n\n\n<figure class=\"wp-block-embed is-type-video is-provider-youtube wp-block-embed-youtube wp-embed-aspect-16-9 wp-has-aspect-ratio\"><div class=\"wp-block-embed__wrapper\">\n<iframe loading=\"lazy\" title=\"Dominik Tak\u00e1\u010d po z\u00e1pase so Slovanom\" width=\"500\" height=\"281\" src=\"https:\/\/www.youtube.com\/embed\/ppQx-ZR9Z4A?feature=oembed\" frameborder=\"0\" allow=\"accelerometer; autoplay; clipboard-write; encrypted-media; gyroscope; picture-in-picture; web-share\" referrerpolicy=\"strict-origin-when-cross-origin\" allowfullscreen><\/iframe>\n<\/div><\/figure>\n\n\n\n<p>Spartak sa v\u00fdhrou nad Slovanom posunul u\u017e na 2. miesto v&nbsp;priebe\u017enej tabu\u013eke, kam sa v&nbsp;tejto sez\u00f3ne dostal po prv\u00fdkr\u00e1t a&nbsp;u\u017e nechce klesn\u00fa\u0165 ni\u017e\u0161ie. V&nbsp;najbli\u017e\u0161om dom\u00e1com z\u00e1pase po reprezenta\u010dnej prest\u00e1vke priv\u00edtaj\u00fa spartakovci pr\u00e1ve \u017dilinu, ktor\u00fa predbehli a&nbsp;bud\u00fa jej chcie\u0165 utiec\u0165 e\u0161te v\u00fdraznej\u0161ie.<\/p>\n\n\n\n<p><strong><em>\u201eTeraz n\u00e1s \u010dak\u00e1 trocha vo\u013ena, odf\u00fakneme si, nechcem e\u0161te k\u00a0tomu ve\u013ea hovori\u0165. Ke\u010f sme vyhrali doma s\u00a0Dunajskou na nulu, vyhrali sme na Slovane, tak to treba potvrdi\u0165 doma a\u00a0sprav\u00edme pre to v\u0161etko.\u201c<\/em><\/strong> Priamy s\u00faboj o\u00a02. miesto v\u00a0tabu\u013eke Spartak \u2013 \u017dilina sa odohr\u00e1 v\u00a0Trnave 31. marca od 17:30 a\u00a0<a href=\"https:\/\/fcspartaktrnava.com\/en\/vstupenky-na-suboj-o-2-miesto-so-zilinou-v-predaji\/\">vstupenky<\/a> s\u00fa u\u017e v\u00a0predaji.<\/p>","protected":false},"excerpt":{"rendered":"<p>V\u00ed\u0165azstvo v&nbsp;derby nad Slovanom chut\u00ed v\u017edy slad\u0161ie, ak&#8230;<\/p>","protected":false},"author":2,"featured_media":15615,"comment_status":"closed","ping_status":"closed","sticky":false,"template":"","format":"standard","meta":{"footnotes":""},"categories":[41],"tags":[],"class_list":["post-15735","post","type-post","status-publish","format-standard","has-post-thumbnail","hentry","category-intervju","post-number-1"],"yoast_head":"<!-- This site is optimized with the Yoast SEO plugin v27.1.1 - https:\/\/yoast.com\/product\/yoast-seo-wordpress\/ -->\n<title>Tak\u00e1\u010d s\u00a0\u010fal\u0161ou nulou, naj\u0165a\u017e\u0161ie mu bolo pri o\u0161etrovan\u00ed Ko\u0161trnu - FC Spartak Trnava<\/title>\n<meta name=\"robots\" content=\"index, follow, max-snippet:-1, max-image-preview:large, max-video-preview:-1\" \/>\n<link rel=\"canonical\" href=\"https:\/\/fcspartaktrnava.com\/en\/takac-s-dalsou-nulou-najtazsie-mu-bolo-pri-osetrovani-kostrnu\/\" \/>\n<meta name=\"twitter:label1\" content=\"Written by\" \/>\n\t<meta name=\"twitter:data1\" content=\"spartak\" \/>\n\t<meta name=\"twitter:label2\" content=\"Estimated reading time\" \/>\n\t<meta name=\"twitter:data2\" content=\"4 minutes\" \/>\n<script type=\"application\/ld+json\" class=\"yoast-schema-graph\">{\"@context\":\"https:\/\/schema.org\",\"@graph\":[{\"@type\":\"Article\",\"@id\":\"https:\/\/fcspartaktrnava.com\/takac-s-dalsou-nulou-najtazsie-mu-bolo-pri-osetrovani-kostrnu\/#article\",\"isPartOf\":{\"@id\":\"https:\/\/fcspartaktrnava.com\/takac-s-dalsou-nulou-najtazsie-mu-bolo-pri-osetrovani-kostrnu\/\"},\"author\":{\"name\":\"spartak\",\"@id\":\"https:\/\/fcspartaktrnava.com\/#\/schema\/person\/24bc5b254af14f71d7d8af178790aa75\"},\"headline\":\"Tak\u00e1\u010d s\u00a0\u010fal\u0161ou nulou, naj\u0165a\u017e\u0161ie mu bolo pri o\u0161etrovan\u00ed Ko\u0161trnu\",\"datePublished\":\"2024-03-19T10:20:32+00:00\",\"dateModified\":\"2024-03-19T10:44:32+00:00\",\"mainEntityOfPage\":{\"@id\":\"https:\/\/fcspartaktrnava.com\/takac-s-dalsou-nulou-najtazsie-mu-bolo-pri-osetrovani-kostrnu\/\"},\"wordCount\":805,\"publisher\":{\"@id\":\"https:\/\/fcspartaktrnava.com\/#organization\"},\"image\":{\"@id\":\"https:\/\/fcspartaktrnava.com\/takac-s-dalsou-nulou-najtazsie-mu-bolo-pri-osetrovani-kostrnu\/#primaryimage\"},\"thumbnailUrl\":\"https:\/\/fcspartaktrnava.com\/wp-content\/uploads\/2024\/03\/DSC_0029.jpg\",\"articleSection\":[\"Rozhovory\"],\"inLanguage\":\"en-GB\"},{\"@type\":\"WebPage\",\"@id\":\"https:\/\/fcspartaktrnava.com\/takac-s-dalsou-nulou-najtazsie-mu-bolo-pri-osetrovani-kostrnu\/\",\"url\":\"https:\/\/fcspartaktrnava.com\/takac-s-dalsou-nulou-najtazsie-mu-bolo-pri-osetrovani-kostrnu\/\",\"name\":\"Tak\u00e1\u010d s\u00a0\u010fal\u0161ou nulou, naj\u0165a\u017e\u0161ie mu bolo pri o\u0161etrovan\u00ed Ko\u0161trnu - FC Spartak Trnava\",\"isPartOf\":{\"@id\":\"https:\/\/fcspartaktrnava.com\/#website\"},\"primaryImageOfPage\":{\"@id\":\"https:\/\/fcspartaktrnava.com\/takac-s-dalsou-nulou-najtazsie-mu-bolo-pri-osetrovani-kostrnu\/#primaryimage\"},\"image\":{\"@id\":\"https:\/\/fcspartaktrnava.com\/takac-s-dalsou-nulou-najtazsie-mu-bolo-pri-osetrovani-kostrnu\/#primaryimage\"},\"thumbnailUrl\":\"https:\/\/fcspartaktrnava.com\/wp-content\/uploads\/2024\/03\/DSC_0029.jpg\",\"datePublished\":\"2024-03-19T10:20:32+00:00\",\"dateModified\":\"2024-03-19T10:44:32+00:00\",\"breadcrumb\":{\"@id\":\"https:\/\/fcspartaktrnava.com\/takac-s-dalsou-nulou-najtazsie-mu-bolo-pri-osetrovani-kostrnu\/#breadcrumb\"},\"inLanguage\":\"en-GB\",\"potentialAction\":[{\"@type\":\"ReadAction\",\"target\":[\"https:\/\/fcspartaktrnava.com\/takac-s-dalsou-nulou-najtazsie-mu-bolo-pri-osetrovani-kostrnu\/\"]}]},{\"@type\":\"ImageObject\",\"inLanguage\":\"en-GB\",\"@id\":\"https:\/\/fcspartaktrnava.com\/takac-s-dalsou-nulou-najtazsie-mu-bolo-pri-osetrovani-kostrnu\/#primaryimage\",\"url\":\"https:\/\/fcspartaktrnava.com\/wp-content\/uploads\/2024\/03\/DSC_0029.jpg\",\"contentUrl\":\"https:\/\/fcspartaktrnava.com\/wp-content\/uploads\/2024\/03\/DSC_0029.jpg\",\"width\":1520,\"height\":1013},{\"@type\":\"BreadcrumbList\",\"@id\":\"https:\/\/fcspartaktrnava.com\/takac-s-dalsou-nulou-najtazsie-mu-bolo-pri-osetrovani-kostrnu\/#breadcrumb\",\"itemListElement\":[{\"@type\":\"ListItem\",\"position\":1,\"name\":\"Home\",\"item\":\"https:\/\/fcspartaktrnava.com\/\"},{\"@type\":\"ListItem\",\"position\":2,\"name\":\"Tak\u00e1\u010d s\u00a0\u010fal\u0161ou nulou, naj\u0165a\u017e\u0161ie mu bolo pri o\u0161etrovan\u00ed Ko\u0161trnu\"}]},{\"@type\":\"WebSite\",\"@id\":\"https:\/\/fcspartaktrnava.com\/#website\",\"url\":\"https:\/\/fcspartaktrnava.com\/\",\"name\":\"FC Spartak Trnava\",\"description\":\"ofici\u00e1lna webstr\u00e1nka futbalov\u00e9ho klubu\",\"publisher\":{\"@id\":\"https:\/\/fcspartaktrnava.com\/#organization\"},\"potentialAction\":[{\"@type\":\"SearchAction\",\"target\":{\"@type\":\"EntryPoint\",\"urlTemplate\":\"https:\/\/fcspartaktrnava.com\/?s={search_term_string}\"},\"query-input\":{\"@type\":\"PropertyValueSpecification\",\"valueRequired\":true,\"valueName\":\"search_term_string\"}}],\"inLanguage\":\"en-GB\"},{\"@type\":\"Organization\",\"@id\":\"https:\/\/fcspartaktrnava.com\/#organization\",\"name\":\"FC Spartak Trnava\",\"alternateName\":\"Spartak\",\"url\":\"https:\/\/fcspartaktrnava.com\/\",\"logo\":{\"@type\":\"ImageObject\",\"inLanguage\":\"en-GB\",\"@id\":\"https:\/\/fcspartaktrnava.com\/#\/schema\/logo\/image\/\",\"url\":\"https:\/\/fcspartaktrnava.com\/wp-content\/uploads\/2022\/08\/cropped-site_logo.png\",\"contentUrl\":\"https:\/\/fcspartaktrnava.com\/wp-content\/uploads\/2022\/08\/cropped-site_logo.png\",\"width\":140,\"height\":140,\"caption\":\"FC Spartak Trnava\"},\"image\":{\"@id\":\"https:\/\/fcspartaktrnava.com\/#\/schema\/logo\/image\/\"},\"sameAs\":[\"https:\/\/www.facebook.com\/SpartakTrnava\",\"https:\/\/x.com\/SpartakTrnava1\",\"https:\/\/www.instagram.com\/spartak_sk\/\"]},{\"@type\":\"Person\",\"@id\":\"https:\/\/fcspartaktrnava.com\/#\/schema\/person\/24bc5b254af14f71d7d8af178790aa75\",\"name\":\"spartak\",\"image\":{\"@type\":\"ImageObject\",\"inLanguage\":\"en-GB\",\"@id\":\"https:\/\/fcspartaktrnava.com\/#\/schema\/person\/image\/\",\"url\":\"https:\/\/secure.gravatar.com\/avatar\/f8ff8584f3fcf3909a11a6da9019f37749183b4015bca14e64556c52614cdc7f?s=96&d=mm&r=g\",\"contentUrl\":\"https:\/\/secure.gravatar.com\/avatar\/f8ff8584f3fcf3909a11a6da9019f37749183b4015bca14e64556c52614cdc7f?s=96&d=mm&r=g\",\"caption\":\"spartak\"},\"url\":\"https:\/\/fcspartaktrnava.com\/en\/author\/spartak\/\"}]}<\/script>\n<!-- \/ Yoast SEO plugin. -->","yoast_head_json":{"title":"Tak\u00e1\u010d s\u00a0\u010fal\u0161ou nulou, naj\u0165a\u017e\u0161ie mu bolo pri o\u0161etrovan\u00ed Ko\u0161trnu - FC Spartak Trnava","robots":{"index":"index","follow":"follow","max-snippet":"max-snippet:-1","max-image-preview":"max-image-preview:large","max-video-preview":"max-video-preview:-1"},"canonical":"https:\/\/fcspartaktrnava.com\/en\/takac-s-dalsou-nulou-najtazsie-mu-bolo-pri-osetrovani-kostrnu\/","twitter_misc":{"Written by":"spartak","Estimated reading time":"4 minutes"},"schema":{"@context":"https:\/\/schema.org","@graph":[{"@type":"Article","@id":"https:\/\/fcspartaktrnava.com\/takac-s-dalsou-nulou-najtazsie-mu-bolo-pri-osetrovani-kostrnu\/#article","isPartOf":{"@id":"https:\/\/fcspartaktrnava.com\/takac-s-dalsou-nulou-najtazsie-mu-bolo-pri-osetrovani-kostrnu\/"},"author":{"name":"spartak","@id":"https:\/\/fcspartaktrnava.com\/#\/schema\/person\/24bc5b254af14f71d7d8af178790aa75"},"headline":"Tak\u00e1\u010d s\u00a0\u010fal\u0161ou nulou, naj\u0165a\u017e\u0161ie mu bolo pri o\u0161etrovan\u00ed Ko\u0161trnu","datePublished":"2024-03-19T10:20:32+00:00","dateModified":"2024-03-19T10:44:32+00:00","mainEntityOfPage":{"@id":"https:\/\/fcspartaktrnava.com\/takac-s-dalsou-nulou-najtazsie-mu-bolo-pri-osetrovani-kostrnu\/"},"wordCount":805,"publisher":{"@id":"https:\/\/fcspartaktrnava.com\/#organization"},"image":{"@id":"https:\/\/fcspartaktrnava.com\/takac-s-dalsou-nulou-najtazsie-mu-bolo-pri-osetrovani-kostrnu\/#primaryimage"},"thumbnailUrl":"https:\/\/fcspartaktrnava.com\/wp-content\/uploads\/2024\/03\/DSC_0029.jpg","articleSection":["Rozhovory"],"inLanguage":"en-GB"},{"@type":"WebPage","@id":"https:\/\/fcspartaktrnava.com\/takac-s-dalsou-nulou-najtazsie-mu-bolo-pri-osetrovani-kostrnu\/","url":"https:\/\/fcspartaktrnava.com\/takac-s-dalsou-nulou-najtazsie-mu-bolo-pri-osetrovani-kostrnu\/","name":"Tak\u00e1\u010d s\u00a0\u010fal\u0161ou nulou, naj\u0165a\u017e\u0161ie mu bolo pri o\u0161etrovan\u00ed Ko\u0161trnu - FC Spartak Trnava","isPartOf":{"@id":"https:\/\/fcspartaktrnava.com\/#website"},"primaryImageOfPage":{"@id":"https:\/\/fcspartaktrnava.com\/takac-s-dalsou-nulou-najtazsie-mu-bolo-pri-osetrovani-kostrnu\/#primaryimage"},"image":{"@id":"https:\/\/fcspartaktrnava.com\/takac-s-dalsou-nulou-najtazsie-mu-bolo-pri-osetrovani-kostrnu\/#primaryimage"},"thumbnailUrl":"https:\/\/fcspartaktrnava.com\/wp-content\/uploads\/2024\/03\/DSC_0029.jpg","datePublished":"2024-03-19T10:20:32+00:00","dateModified":"2024-03-19T10:44:32+00:00","breadcrumb":{"@id":"https:\/\/fcspartaktrnava.com\/takac-s-dalsou-nulou-najtazsie-mu-bolo-pri-osetrovani-kostrnu\/#breadcrumb"},"inLanguage":"en-GB","potentialAction":[{"@type":"ReadAction","target":["https:\/\/fcspartaktrnava.com\/takac-s-dalsou-nulou-najtazsie-mu-bolo-pri-osetrovani-kostrnu\/"]}]},{"@type":"ImageObject","inLanguage":"en-GB","@id":"https:\/\/fcspartaktrnava.com\/takac-s-dalsou-nulou-najtazsie-mu-bolo-pri-osetrovani-kostrnu\/#primaryimage","url":"https:\/\/fcspartaktrnava.com\/wp-content\/uploads\/2024\/03\/DSC_0029.jpg","contentUrl":"https:\/\/fcspartaktrnava.com\/wp-content\/uploads\/2024\/03\/DSC_0029.jpg","width":1520,"height":1013},{"@type":"BreadcrumbList","@id":"https:\/\/fcspartaktrnava.com\/takac-s-dalsou-nulou-najtazsie-mu-bolo-pri-osetrovani-kostrnu\/#breadcrumb","itemListElement":[{"@type":"ListItem","position":1,"name":"Home","item":"https:\/\/fcspartaktrnava.com\/"},{"@type":"ListItem","position":2,"name":"Tak\u00e1\u010d s\u00a0\u010fal\u0161ou nulou, naj\u0165a\u017e\u0161ie mu bolo pri o\u0161etrovan\u00ed Ko\u0161trnu"}]},{"@type":"WebSite","@id":"https:\/\/fcspartaktrnava.com\/#website","url":"https:\/\/fcspartaktrnava.com\/","name":"FC Spartak Trnava","description":"ofici\u00e1lna webstr\u00e1nka futbalov\u00e9ho klubu","publisher":{"@id":"https:\/\/fcspartaktrnava.com\/#organization"},"potentialAction":[{"@type":"SearchAction","target":{"@type":"EntryPoint","urlTemplate":"https:\/\/fcspartaktrnava.com\/?s={search_term_string}"},"query-input":{"@type":"PropertyValueSpecification","valueRequired":true,"valueName":"search_term_string"}}],"inLanguage":"en-GB"},{"@type":"Organization","@id":"https:\/\/fcspartaktrnava.com\/#organization","name":"FC Spartak Trnava","alternateName":"Spartak","url":"https:\/\/fcspartaktrnava.com\/","logo":{"@type":"ImageObject","inLanguage":"en-GB","@id":"https:\/\/fcspartaktrnava.com\/#\/schema\/logo\/image\/","url":"https:\/\/fcspartaktrnava.com\/wp-content\/uploads\/2022\/08\/cropped-site_logo.png","contentUrl":"https:\/\/fcspartaktrnava.com\/wp-content\/uploads\/2022\/08\/cropped-site_logo.png","width":140,"height":140,"caption":"FC Spartak Trnava"},"image":{"@id":"https:\/\/fcspartaktrnava.com\/#\/schema\/logo\/image\/"},"sameAs":["https:\/\/www.facebook.com\/SpartakTrnava","https:\/\/x.com\/SpartakTrnava1","https:\/\/www.instagram.com\/spartak_sk\/"]},{"@type":"Person","@id":"https:\/\/fcspartaktrnava.com\/#\/schema\/person\/24bc5b254af14f71d7d8af178790aa75","name":"spartak","image":{"@type":"ImageObject","inLanguage":"en-GB","@id":"https:\/\/fcspartaktrnava.com\/#\/schema\/person\/image\/","url":"https:\/\/secure.gravatar.com\/avatar\/f8ff8584f3fcf3909a11a6da9019f37749183b4015bca14e64556c52614cdc7f?s=96&d=mm&r=g","contentUrl":"https:\/\/secure.gravatar.com\/avatar\/f8ff8584f3fcf3909a11a6da9019f37749183b4015bca14e64556c52614cdc7f?s=96&d=mm&r=g","caption":"spartak"},"url":"https:\/\/fcspartaktrnava.com\/en\/author\/spartak\/"}]}},"_links":{"self":[{"href":"https:\/\/fcspartaktrnava.com\/en\/wp-json\/wp\/v2\/posts\/15735","targetHints":{"allow":["GET"]}}],"collection":[{"href":"https:\/\/fcspartaktrnava.com\/en\/wp-json\/wp\/v2\/posts"}],"about":[{"href":"https:\/\/fcspartaktrnava.com\/en\/wp-json\/wp\/v2\/types\/post"}],"author":[{"embeddable":true,"href":"https:\/\/fcspartaktrnava.com\/en\/wp-json\/wp\/v2\/users\/2"}],"replies":[{"embeddable":true,"href":"https:\/\/fcspartaktrnava.com\/en\/wp-json\/wp\/v2\/comments?post=15735"}],"version-history":[{"count":0,"href":"https:\/\/fcspartaktrnava.com\/en\/wp-json\/wp\/v2\/posts\/15735\/revisions"}],"wp:featuredmedia":[{"embeddable":true,"href":"https:\/\/fcspartaktrnava.com\/en\/wp-json\/wp\/v2\/media\/15615"}],"wp:attachment":[{"href":"https:\/\/fcspartaktrnava.com\/en\/wp-json\/wp\/v2\/media?parent=15735"}],"wp:term":[{"taxonomy":"category","embeddable":true,"href":"https:\/\/fcspartaktrnava.com\/en\/wp-json\/wp\/v2\/categories?post=15735"},{"taxonomy":"post_tag","embeddable":true,"href":"https:\/\/fcspartaktrnava.com\/en\/wp-json\/wp\/v2\/tags?post=15735"}],"curies":[{"name":"wp","href":"https:\/\/api.w.org\/{rel}","templated":true}]}}