{"id":15729,"date":"2024-03-27T14:20:44","date_gmt":"2024-03-27T12:20:44","guid":{"rendered":"https:\/\/fcspartaktrnava.com\/?p=15729"},"modified":"2024-03-27T14:20:44","modified_gmt":"2024-03-27T12:20:44","slug":"vstupenky-na-suboj-o-2-miesto-so-zilinou-v-predaji","status":"publish","type":"post","link":"https:\/\/fcspartaktrnava.com\/en\/vstupenky-na-suboj-o-2-miesto-so-zilinou-v-predaji\/","title":{"rendered":"Vstupenky na s\u00faboj o\u00a02. miesto so \u017dilinou v predaji"},"content":{"rendered":"<p>Po v\u00fdbornom vstupe do nadstavbovej \u010dasti, keby spartakovci najsk\u00f4r zdolali Dunajsk\u00fa Stredu 3:0 a&nbsp;potom dobyli aj Teheln\u00e9 pole, kde vyhrali 2:0, priv\u00edtaj\u00fa v&nbsp;tre\u0165om z\u00e1pase na dom\u00e1cej p\u00f4de \u017dilinu. Svojho s\u00fapera predstihli o&nbsp;jeden bod v&nbsp;tabu\u013eke, tak\u017ee po reprezenta\u010dnej prest\u00e1vke sa v&nbsp;nede\u013eu 31. 3. o&nbsp;17:30 stretn\u00fa obaja s\u00faperi v&nbsp;priamom s\u00faboji o&nbsp;2. miesto.<\/p>\n\n\n\n<p>Vstupenky je mo\u017en\u00e9 zak\u00fapi\u0165 od dne\u0161n\u00e9ho d\u0148a <a href=\"https:\/\/cityarena.maxiticket.sk\/ticket\/select-event\/id\/18604?event_hash=1234\">online<\/a>, vo fanshope po\u010das otv\u00e1rac\u00edch hod\u00edn alebo dve hodiny pred za\u010diatkom z\u00e1pasu v pokladniach na \u0160portovej ulici.\u00a0\u00a0<\/p>\n\n\n\n<p>Z\u00e1pas so \u017dilinou je zaraden\u00fd do 2. kateg\u00f3rie vstupn\u00e9ho s cenami od 10 \u20ac.&nbsp;<\/p>\n\n\n\n<p><strong>Cenn\u00edk jednotliv\u00fdch vstupeniek na Bansk\u00fa Bystricu:<\/strong>&nbsp;<\/p>\n\n\n\n<figure class=\"wp-block-table\"><table><tbody><tr><td>Sektory 1-6, 29-34, 15-17, 46-48&nbsp; &nbsp;<\/td><td>Sektory\u202f 7-8, 18-23, 25-28 35-40, 9-14, 41-45&nbsp;<\/td><td>Sektory 21-23, 25 (ko\u017een\u00e9 sedadl\u00e1)&nbsp;<\/td><td>Sektory B2, B5, B7 (bez cateringu)&nbsp;<\/td><td>Sektory B3, B6 (bez cateringu)&nbsp;<\/td><\/tr><tr><td><strong>10<\/strong>&nbsp;<\/td><td><strong>12<\/strong>&nbsp;<\/td><td><strong>15<\/strong>&nbsp;<\/td><td><strong>20<\/strong>&nbsp;<\/td><td><strong>25<\/strong>&nbsp;<\/td><\/tr><\/tbody><\/table><\/figure>\n\n\n\n<p>B3 a B6 PLUS (s cateringom) 80 \u20ac&nbsp;<\/p>\n\n\n\n<p>VIP&nbsp;&nbsp;&nbsp;&nbsp; 100 \u20ac&nbsp;<\/p>\n\n\n\n<p><strong>Deti v\u202fskupin\u00e1ch \u010di s\u202fmami\u010dkami zdarma<\/strong>&nbsp;<\/p>\n\n\n\n<p>Na z\u00e1pase bude otvoren\u00fd aj detsk\u00fd sektor. Aj tentoraz bude situovan\u00fd v\u202fsektoroch 7 a\u202f8, s\u202fdetsk\u00fdm bufetom, v\u202fktorom sa bude da\u0165 plati\u0165 cashless, aj hotovos\u0165ou. Vo\u013en\u00fd vstup na z\u00e1pas plat\u00ed pre skupiny det\u00ed do 15 rokov zo \u0161portov\u00fdch klubov, t\u00e1borov alebo \u0161k\u00f4l s\u202fdospel\u00fdm dozorom. Zadarmo m\u00f4\u017eu pr\u00eds\u0165 aj deti s\u202fmami\u010dkou, \u010di in\u00fdm \u017eensk\u00fdm sprievodom. Pre vo\u013en\u00fd vstup je potrebn\u00e9 prihl\u00e1si\u0165 sa mailom do piatka pred z\u00e1pasom do 12. hodiny na adrese <a href=\"mailto:office@fcspartaktrnava.com\" target=\"_blank\" rel=\"noreferrer noopener\">office@fcspartaktrnava.com<\/a> alebo vyplni\u0165 prihlasovac\u00ed formul\u00e1r na str\u00e1nke <a href=\"https:\/\/fcspartaktrnava.com\/en\/deti-zadarmo-1\/\" target=\"_blank\" rel=\"noreferrer noopener\">https:\/\/fcspartaktrnava.com\/deti-zadarmo-1\/<\/a>.&nbsp;<\/p>","protected":false},"excerpt":{"rendered":"<p>Po v\u00fdbornom vstupe do nadstavbovej \u010dasti, keby spartakovci&#8230;<\/p>","protected":false},"author":2,"featured_media":15730,"comment_status":"closed","ping_status":"closed","sticky":false,"template":"","format":"standard","meta":{"footnotes":""},"categories":[12],"tags":[],"class_list":["post-15729","post","type-post","status-publish","format-standard","has-post-thumbnail","hentry","category-spravy","post-number-1"],"yoast_head":"<!-- This site is optimized with the Yoast SEO plugin v27.1.1 - https:\/\/yoast.com\/product\/yoast-seo-wordpress\/ -->\n<title>Vstupenky na s\u00faboj o\u00a02. miesto so \u017dilinou v predaji - FC Spartak Trnava<\/title>\n<meta name=\"robots\" content=\"index, follow, max-snippet:-1, max-image-preview:large, max-video-preview:-1\" \/>\n<link rel=\"canonical\" href=\"https:\/\/fcspartaktrnava.com\/en\/vstupenky-na-suboj-o-2-miesto-so-zilinou-v-predaji\/\" \/>\n<meta name=\"twitter:label1\" content=\"Written by\" \/>\n\t<meta name=\"twitter:data1\" content=\"spartak\" \/>\n\t<meta name=\"twitter:label2\" content=\"Estimated reading time\" \/>\n\t<meta name=\"twitter:data2\" content=\"2 minutes\" \/>\n<script type=\"application\/ld+json\" class=\"yoast-schema-graph\">{\"@context\":\"https:\/\/schema.org\",\"@graph\":[{\"@type\":\"Article\",\"@id\":\"https:\/\/fcspartaktrnava.com\/vstupenky-na-suboj-o-2-miesto-so-zilinou-v-predaji\/#article\",\"isPartOf\":{\"@id\":\"https:\/\/fcspartaktrnava.com\/vstupenky-na-suboj-o-2-miesto-so-zilinou-v-predaji\/\"},\"author\":{\"name\":\"spartak\",\"@id\":\"https:\/\/fcspartaktrnava.com\/#\/schema\/person\/24bc5b254af14f71d7d8af178790aa75\"},\"headline\":\"Vstupenky na s\u00faboj o\u00a02. miesto so \u017dilinou v predaji\",\"datePublished\":\"2024-03-27T12:20:44+00:00\",\"mainEntityOfPage\":{\"@id\":\"https:\/\/fcspartaktrnava.com\/vstupenky-na-suboj-o-2-miesto-so-zilinou-v-predaji\/\"},\"wordCount\":311,\"publisher\":{\"@id\":\"https:\/\/fcspartaktrnava.com\/#organization\"},\"image\":{\"@id\":\"https:\/\/fcspartaktrnava.com\/vstupenky-na-suboj-o-2-miesto-so-zilinou-v-predaji\/#primaryimage\"},\"thumbnailUrl\":\"https:\/\/fcspartaktrnava.com\/wp-content\/uploads\/2024\/03\/WhatsApp-Image-2024-03-14-at-09.47.28.jpeg\",\"articleSection\":[\"Spr\u00e1vy\"],\"inLanguage\":\"en-GB\"},{\"@type\":\"WebPage\",\"@id\":\"https:\/\/fcspartaktrnava.com\/vstupenky-na-suboj-o-2-miesto-so-zilinou-v-predaji\/\",\"url\":\"https:\/\/fcspartaktrnava.com\/vstupenky-na-suboj-o-2-miesto-so-zilinou-v-predaji\/\",\"name\":\"Vstupenky na s\u00faboj o\u00a02. miesto so \u017dilinou v predaji - FC Spartak Trnava\",\"isPartOf\":{\"@id\":\"https:\/\/fcspartaktrnava.com\/#website\"},\"primaryImageOfPage\":{\"@id\":\"https:\/\/fcspartaktrnava.com\/vstupenky-na-suboj-o-2-miesto-so-zilinou-v-predaji\/#primaryimage\"},\"image\":{\"@id\":\"https:\/\/fcspartaktrnava.com\/vstupenky-na-suboj-o-2-miesto-so-zilinou-v-predaji\/#primaryimage\"},\"thumbnailUrl\":\"https:\/\/fcspartaktrnava.com\/wp-content\/uploads\/2024\/03\/WhatsApp-Image-2024-03-14-at-09.47.28.jpeg\",\"datePublished\":\"2024-03-27T12:20:44+00:00\",\"breadcrumb\":{\"@id\":\"https:\/\/fcspartaktrnava.com\/vstupenky-na-suboj-o-2-miesto-so-zilinou-v-predaji\/#breadcrumb\"},\"inLanguage\":\"en-GB\",\"potentialAction\":[{\"@type\":\"ReadAction\",\"target\":[\"https:\/\/fcspartaktrnava.com\/vstupenky-na-suboj-o-2-miesto-so-zilinou-v-predaji\/\"]}]},{\"@type\":\"ImageObject\",\"inLanguage\":\"en-GB\",\"@id\":\"https:\/\/fcspartaktrnava.com\/vstupenky-na-suboj-o-2-miesto-so-zilinou-v-predaji\/#primaryimage\",\"url\":\"https:\/\/fcspartaktrnava.com\/wp-content\/uploads\/2024\/03\/WhatsApp-Image-2024-03-14-at-09.47.28.jpeg\",\"contentUrl\":\"https:\/\/fcspartaktrnava.com\/wp-content\/uploads\/2024\/03\/WhatsApp-Image-2024-03-14-at-09.47.28.jpeg\",\"width\":1080,\"height\":1080},{\"@type\":\"BreadcrumbList\",\"@id\":\"https:\/\/fcspartaktrnava.com\/vstupenky-na-suboj-o-2-miesto-so-zilinou-v-predaji\/#breadcrumb\",\"itemListElement\":[{\"@type\":\"ListItem\",\"position\":1,\"name\":\"Home\",\"item\":\"https:\/\/fcspartaktrnava.com\/\"},{\"@type\":\"ListItem\",\"position\":2,\"name\":\"Vstupenky na s\u00faboj o\u00a02. miesto so \u017dilinou v predaji\"}]},{\"@type\":\"WebSite\",\"@id\":\"https:\/\/fcspartaktrnava.com\/#website\",\"url\":\"https:\/\/fcspartaktrnava.com\/\",\"name\":\"FC Spartak Trnava\",\"description\":\"ofici\u00e1lna webstr\u00e1nka futbalov\u00e9ho klubu\",\"publisher\":{\"@id\":\"https:\/\/fcspartaktrnava.com\/#organization\"},\"potentialAction\":[{\"@type\":\"SearchAction\",\"target\":{\"@type\":\"EntryPoint\",\"urlTemplate\":\"https:\/\/fcspartaktrnava.com\/?s={search_term_string}\"},\"query-input\":{\"@type\":\"PropertyValueSpecification\",\"valueRequired\":true,\"valueName\":\"search_term_string\"}}],\"inLanguage\":\"en-GB\"},{\"@type\":\"Organization\",\"@id\":\"https:\/\/fcspartaktrnava.com\/#organization\",\"name\":\"FC Spartak Trnava\",\"alternateName\":\"Spartak\",\"url\":\"https:\/\/fcspartaktrnava.com\/\",\"logo\":{\"@type\":\"ImageObject\",\"inLanguage\":\"en-GB\",\"@id\":\"https:\/\/fcspartaktrnava.com\/#\/schema\/logo\/image\/\",\"url\":\"https:\/\/fcspartaktrnava.com\/wp-content\/uploads\/2022\/08\/cropped-site_logo.png\",\"contentUrl\":\"https:\/\/fcspartaktrnava.com\/wp-content\/uploads\/2022\/08\/cropped-site_logo.png\",\"width\":140,\"height\":140,\"caption\":\"FC Spartak Trnava\"},\"image\":{\"@id\":\"https:\/\/fcspartaktrnava.com\/#\/schema\/logo\/image\/\"},\"sameAs\":[\"https:\/\/www.facebook.com\/SpartakTrnava\",\"https:\/\/x.com\/SpartakTrnava1\",\"https:\/\/www.instagram.com\/spartak_sk\/\"]},{\"@type\":\"Person\",\"@id\":\"https:\/\/fcspartaktrnava.com\/#\/schema\/person\/24bc5b254af14f71d7d8af178790aa75\",\"name\":\"spartak\",\"image\":{\"@type\":\"ImageObject\",\"inLanguage\":\"en-GB\",\"@id\":\"https:\/\/fcspartaktrnava.com\/#\/schema\/person\/image\/\",\"url\":\"https:\/\/secure.gravatar.com\/avatar\/f8ff8584f3fcf3909a11a6da9019f37749183b4015bca14e64556c52614cdc7f?s=96&d=mm&r=g\",\"contentUrl\":\"https:\/\/secure.gravatar.com\/avatar\/f8ff8584f3fcf3909a11a6da9019f37749183b4015bca14e64556c52614cdc7f?s=96&d=mm&r=g\",\"caption\":\"spartak\"},\"url\":\"https:\/\/fcspartaktrnava.com\/en\/author\/spartak\/\"}]}<\/script>\n<!-- \/ Yoast SEO plugin. -->","yoast_head_json":{"title":"Vstupenky na s\u00faboj o\u00a02. miesto so \u017dilinou v predaji - FC Spartak Trnava","robots":{"index":"index","follow":"follow","max-snippet":"max-snippet:-1","max-image-preview":"max-image-preview:large","max-video-preview":"max-video-preview:-1"},"canonical":"https:\/\/fcspartaktrnava.com\/en\/vstupenky-na-suboj-o-2-miesto-so-zilinou-v-predaji\/","twitter_misc":{"Written by":"spartak","Estimated reading time":"2 minutes"},"schema":{"@context":"https:\/\/schema.org","@graph":[{"@type":"Article","@id":"https:\/\/fcspartaktrnava.com\/vstupenky-na-suboj-o-2-miesto-so-zilinou-v-predaji\/#article","isPartOf":{"@id":"https:\/\/fcspartaktrnava.com\/vstupenky-na-suboj-o-2-miesto-so-zilinou-v-predaji\/"},"author":{"name":"spartak","@id":"https:\/\/fcspartaktrnava.com\/#\/schema\/person\/24bc5b254af14f71d7d8af178790aa75"},"headline":"Vstupenky na s\u00faboj o\u00a02. miesto so \u017dilinou v predaji","datePublished":"2024-03-27T12:20:44+00:00","mainEntityOfPage":{"@id":"https:\/\/fcspartaktrnava.com\/vstupenky-na-suboj-o-2-miesto-so-zilinou-v-predaji\/"},"wordCount":311,"publisher":{"@id":"https:\/\/fcspartaktrnava.com\/#organization"},"image":{"@id":"https:\/\/fcspartaktrnava.com\/vstupenky-na-suboj-o-2-miesto-so-zilinou-v-predaji\/#primaryimage"},"thumbnailUrl":"https:\/\/fcspartaktrnava.com\/wp-content\/uploads\/2024\/03\/WhatsApp-Image-2024-03-14-at-09.47.28.jpeg","articleSection":["Spr\u00e1vy"],"inLanguage":"en-GB"},{"@type":"WebPage","@id":"https:\/\/fcspartaktrnava.com\/vstupenky-na-suboj-o-2-miesto-so-zilinou-v-predaji\/","url":"https:\/\/fcspartaktrnava.com\/vstupenky-na-suboj-o-2-miesto-so-zilinou-v-predaji\/","name":"Vstupenky na s\u00faboj o\u00a02. miesto so \u017dilinou v predaji - FC Spartak Trnava","isPartOf":{"@id":"https:\/\/fcspartaktrnava.com\/#website"},"primaryImageOfPage":{"@id":"https:\/\/fcspartaktrnava.com\/vstupenky-na-suboj-o-2-miesto-so-zilinou-v-predaji\/#primaryimage"},"image":{"@id":"https:\/\/fcspartaktrnava.com\/vstupenky-na-suboj-o-2-miesto-so-zilinou-v-predaji\/#primaryimage"},"thumbnailUrl":"https:\/\/fcspartaktrnava.com\/wp-content\/uploads\/2024\/03\/WhatsApp-Image-2024-03-14-at-09.47.28.jpeg","datePublished":"2024-03-27T12:20:44+00:00","breadcrumb":{"@id":"https:\/\/fcspartaktrnava.com\/vstupenky-na-suboj-o-2-miesto-so-zilinou-v-predaji\/#breadcrumb"},"inLanguage":"en-GB","potentialAction":[{"@type":"ReadAction","target":["https:\/\/fcspartaktrnava.com\/vstupenky-na-suboj-o-2-miesto-so-zilinou-v-predaji\/"]}]},{"@type":"ImageObject","inLanguage":"en-GB","@id":"https:\/\/fcspartaktrnava.com\/vstupenky-na-suboj-o-2-miesto-so-zilinou-v-predaji\/#primaryimage","url":"https:\/\/fcspartaktrnava.com\/wp-content\/uploads\/2024\/03\/WhatsApp-Image-2024-03-14-at-09.47.28.jpeg","contentUrl":"https:\/\/fcspartaktrnava.com\/wp-content\/uploads\/2024\/03\/WhatsApp-Image-2024-03-14-at-09.47.28.jpeg","width":1080,"height":1080},{"@type":"BreadcrumbList","@id":"https:\/\/fcspartaktrnava.com\/vstupenky-na-suboj-o-2-miesto-so-zilinou-v-predaji\/#breadcrumb","itemListElement":[{"@type":"ListItem","position":1,"name":"Home","item":"https:\/\/fcspartaktrnava.com\/"},{"@type":"ListItem","position":2,"name":"Vstupenky na s\u00faboj o\u00a02. miesto so \u017dilinou v predaji"}]},{"@type":"WebSite","@id":"https:\/\/fcspartaktrnava.com\/#website","url":"https:\/\/fcspartaktrnava.com\/","name":"FC Spartak Trnava","description":"ofici\u00e1lna webstr\u00e1nka futbalov\u00e9ho klubu","publisher":{"@id":"https:\/\/fcspartaktrnava.com\/#organization"},"potentialAction":[{"@type":"SearchAction","target":{"@type":"EntryPoint","urlTemplate":"https:\/\/fcspartaktrnava.com\/?s={search_term_string}"},"query-input":{"@type":"PropertyValueSpecification","valueRequired":true,"valueName":"search_term_string"}}],"inLanguage":"en-GB"},{"@type":"Organization","@id":"https:\/\/fcspartaktrnava.com\/#organization","name":"FC Spartak Trnava","alternateName":"Spartak","url":"https:\/\/fcspartaktrnava.com\/","logo":{"@type":"ImageObject","inLanguage":"en-GB","@id":"https:\/\/fcspartaktrnava.com\/#\/schema\/logo\/image\/","url":"https:\/\/fcspartaktrnava.com\/wp-content\/uploads\/2022\/08\/cropped-site_logo.png","contentUrl":"https:\/\/fcspartaktrnava.com\/wp-content\/uploads\/2022\/08\/cropped-site_logo.png","width":140,"height":140,"caption":"FC Spartak Trnava"},"image":{"@id":"https:\/\/fcspartaktrnava.com\/#\/schema\/logo\/image\/"},"sameAs":["https:\/\/www.facebook.com\/SpartakTrnava","https:\/\/x.com\/SpartakTrnava1","https:\/\/www.instagram.com\/spartak_sk\/"]},{"@type":"Person","@id":"https:\/\/fcspartaktrnava.com\/#\/schema\/person\/24bc5b254af14f71d7d8af178790aa75","name":"spartak","image":{"@type":"ImageObject","inLanguage":"en-GB","@id":"https:\/\/fcspartaktrnava.com\/#\/schema\/person\/image\/","url":"https:\/\/secure.gravatar.com\/avatar\/f8ff8584f3fcf3909a11a6da9019f37749183b4015bca14e64556c52614cdc7f?s=96&d=mm&r=g","contentUrl":"https:\/\/secure.gravatar.com\/avatar\/f8ff8584f3fcf3909a11a6da9019f37749183b4015bca14e64556c52614cdc7f?s=96&d=mm&r=g","caption":"spartak"},"url":"https:\/\/fcspartaktrnava.com\/en\/author\/spartak\/"}]}},"_links":{"self":[{"href":"https:\/\/fcspartaktrnava.com\/en\/wp-json\/wp\/v2\/posts\/15729","targetHints":{"allow":["GET"]}}],"collection":[{"href":"https:\/\/fcspartaktrnava.com\/en\/wp-json\/wp\/v2\/posts"}],"about":[{"href":"https:\/\/fcspartaktrnava.com\/en\/wp-json\/wp\/v2\/types\/post"}],"author":[{"embeddable":true,"href":"https:\/\/fcspartaktrnava.com\/en\/wp-json\/wp\/v2\/users\/2"}],"replies":[{"embeddable":true,"href":"https:\/\/fcspartaktrnava.com\/en\/wp-json\/wp\/v2\/comments?post=15729"}],"version-history":[{"count":0,"href":"https:\/\/fcspartaktrnava.com\/en\/wp-json\/wp\/v2\/posts\/15729\/revisions"}],"wp:featuredmedia":[{"embeddable":true,"href":"https:\/\/fcspartaktrnava.com\/en\/wp-json\/wp\/v2\/media\/15730"}],"wp:attachment":[{"href":"https:\/\/fcspartaktrnava.com\/en\/wp-json\/wp\/v2\/media?parent=15729"}],"wp:term":[{"taxonomy":"category","embeddable":true,"href":"https:\/\/fcspartaktrnava.com\/en\/wp-json\/wp\/v2\/categories?post=15729"},{"taxonomy":"post_tag","embeddable":true,"href":"https:\/\/fcspartaktrnava.com\/en\/wp-json\/wp\/v2\/tags?post=15729"}],"curies":[{"name":"wp","href":"https:\/\/api.w.org\/{rel}","templated":true}]}}