{"id":15487,"date":"2024-03-11T12:23:59","date_gmt":"2024-03-11T10:23:59","guid":{"rendered":"https:\/\/fcspartaktrnava.com\/?p=15487"},"modified":"2024-03-11T12:40:28","modified_gmt":"2024-03-11T10:40:28","slug":"zatial-najlepsi-jarny-vykon","status":"publish","type":"post","link":"https:\/\/fcspartaktrnava.com\/en\/zatial-najlepsi-jarny-vykon\/","title":{"rendered":"Zatia\u013e najlep\u0161\u00ed jarn\u00fd v\u00fdkon"},"content":{"rendered":"<p>Spartak v\u010dera vr\u00e1til Dunajskej Strede prehru spred troch t\u00fd\u017ed\u0148ov aj s \u00farokmi. Hr\u00e1\u010di podali najlep\u0161\u00ed v\u00fdkon na jar. Pou\u010den\u00ed z predch\u00e1dzaj\u00faceho vz\u00e1jomn\u00e9ho z\u00e1pasu, ke\u010f ich s\u00faper zasko\u010dil vysok\u00fdm nap\u00e1dan\u00edm, si tentoraz nenechali zobra\u0165 stred ihriska, vyhr\u00e1vali osobn\u00e9 s\u00faboje, hrali agres\u00edvne, ale nie z\u00e1kerne \u2013 z\u00e1pas odohrali bez karty \u2013 \u010domu prispel aj v\u00fdkon hlavn\u00e9ho rozhodcu, ktor\u00fd nech\u00e1val hre priebeh a nep\u00edskal prehnane \u00fazkostlivo po ka\u017ed\u00fd raz, ke\u010f sa niekto ocitol na zemi.<\/p>\n\n\n\n<p>T\u00fdmito zbra\u0148ami eliminovali \u00fato\u010dn\u00fa snahu host\u00ed a najm\u00e4 sami mohli dr\u017ea\u0165 loptu. V prvom pol\u010dase to nebolo \u017eiadne ofenz\u00edvne predstavenie, ale boj o \u00fazemie a Trnav\u010dania postupne ukrajovali z toho s\u00faperovho. Pozit\u00edvom je, \u017ee prevaha mala st\u00fapaj\u00facu tendenciu, a hoci ved\u00faci g\u00f3l strelil Andzouana do vlastnej siete a pri\u0161iel a\u017e v z\u00e1vere pol\u010dasu, bolo to logick\u00e9 vy\u00fastenie zv\u00fd\u0161en\u00e9ho nasadenia spartakovcov.<\/p>\n\n\n\n<p>\u201e<em><strong>Smola pre Dunajsk\u00fa Stredu, \u017ee si dala vlastn\u00fd g\u00f3l, ale predch\u00e1dzala tomu v\u00fdborn\u00e1 spolupr\u00e1ca Mikiho s Azangom, s n\u00e1sledn\u00fdm v\u00fdborn\u00fdm centrom, a keby si nedal do br\u00e1nkou Andzouana, tak za n\u00edm bol Erik Daniel, \u010di\u017ee sme mali dobre vykryt\u00e9 priestory. Na\u0161\u00edm z\u00e1merom bolo viac centrova\u0165 z kr\u00eddeln\u00fdch priestorov. Oforiho sme dali na desiatku, na kr\u00eddla sme dali centruj\u00faceho Azanga a na druh\u00fa stranu \u013eav\u00e1ka Erika Daniela. St\u00e1le rob\u00edme na tom, ako sa zlep\u0161i\u0165 v \u00fato\u010dnej tretine, ak\u00fd druh centra da\u0165 a ako tam nabieha\u0165,\u201c<\/strong><\/em> vysvetlil po z\u00e1pase z\u00e1mer tr\u00e9ner Michal Ga\u0161par\u00edk.<\/p>\n\n\n\n<p>\u00davodn\u00e9mu g\u00f3lu predch\u00e1dzala strata lopty na polovici s\u00fapera, ale nasledoval okam\u017eit\u00fd pressing vo vysokom tempe, pri ktorom nielen\u017ee sa nedok\u00e1zala Dunajsk\u00e1 Streda oslobodi\u0165 a prejs\u0165 cez poliacu \u010diaru, ale po zisku lopty pri\u0161la r\u00fdchla kombin\u00e1cia s uvo\u013enen\u00edm a vydaren\u00fdm centrom. Teda presne atrib\u00faty, po ktor\u00fdch vol\u00e1 trnavsk\u00fd div\u00e1k. Behanie, vyhrat\u00e9 s\u00faboje, zodrat\u00e9 trenky&#8230;<\/p>\n\n\n\n<figure class=\"wp-block-video\"><video height=\"720\" style=\"aspect-ratio: 1280 \/ 720;\" width=\"1280\" controls src=\"https:\/\/fcspartaktrnava.com\/wp-content\/uploads\/2024\/03\/1000016079.mp4\"><\/video><figcaption class=\"wp-element-caption\">Akcia pred \u00favodn\u00fdm g\u00f3lom z\u00e1pasu a \u010do jej predch\u00e1dzalo.<\/figcaption><\/figure>\n\n\n\n<p>D\u00f4le\u017eitos\u0165 toho \u00favodn\u00e9ho g\u00f3lu vyzdvihol aj Roman Proch\u00e1zka, ktor\u00fd hral v strede po\u013ea ved\u013ea Zeljkovi\u010da a boli prvou hradbou u\u017e na polovici ihriska.<\/p>\n\n\n\n<p>\u201e<em><strong>S Dunajskou to b\u00fdva ve\u013emi taktick\u00e9. Je ve\u013emi \u0165a\u017ek\u00e9 sa s nimi dosta\u0165 do nejak\u00e9ho tempa, lebo dlho rozohr\u00e1vaj\u00fa t\u00fa p\u00e4\u0165ku. Vedeli sme, \u017ee mus\u00edme by\u0165 trpezliv\u00ed, lebo sa ten z\u00e1pas nerozhodne do 20. min\u00faty. Tak to aj bolo a ve\u013emi n\u00e1m pomohol g\u00f3l na konci pol\u010dasu. Z\u00e1pas sme u\u017e po tom mali pod kontrolou a nep\u00fa\u0161\u0165ali sme ich do \u0161anc\u00ed. \u010cakali sme na na\u0161e. Vedeli sme, \u017ee dok\u00e1\u017eeme z\u00edska\u0165 loptu z pressingu a vytvor\u00edme si \u0161ance, na konci to otvoria. Tak sa aj stalo.\u201c<\/strong><\/em><\/p>\n\n\n\n<figure class=\"wp-block-embed is-type-video is-provider-youtube wp-block-embed-youtube wp-embed-aspect-16-9 wp-has-aspect-ratio\"><div class=\"wp-block-embed__wrapper\">\n<iframe loading=\"lazy\" title=\"Roman Proch\u00e1zka po z\u00e1pase s DAC\" width=\"500\" height=\"281\" src=\"https:\/\/www.youtube.com\/embed\/S-qunr8v4O0?feature=oembed\" frameborder=\"0\" allow=\"accelerometer; autoplay; clipboard-write; encrypted-media; gyroscope; picture-in-picture; web-share\" referrerpolicy=\"strict-origin-when-cross-origin\" allowfullscreen><\/iframe>\n<\/div><\/figure>\n\n\n\n<p>K\u00fdm v tom provom tohtoro\u010dnom vz\u00e1jomnom z\u00e1pase zasko\u010dili Dunajskostred\u010dania Trnavu a t\u00e1 u\u017e v druhom pol\u010dase m\u00e1rne doh\u00e1\u0148ala vedenie, tentoraz to bolo naopak a spartakovci sa prekvapi\u0165 nenechali.<\/p>\n\n\n\n<p>\u201e<em><strong>Lep\u0161ie sme sa na nich pripravili. Vedeli sme ak\u00fa maj\u00fa rozohr\u00e1vku, vytla\u010dili sme sa vy\u0161\u0161ie ja aj Zeljko, hrali sme jeden na jedn\u00e9ho a bolo to o tom, kto bude vyhr\u00e1va\u0165 s\u00faboje a zbiera\u0165 druh\u00e9 lopty. Boli sme aj odv\u00e1\u017enej\u0161\u00ed s loptou a smerom dopredu, vedeli sme, \u017ee v defenz\u00edve maj\u00fa slabiny. Pou\u010dili sme sa z prv\u00e9ho z\u00e1pasu a bolo to vidno.\u201c<\/strong><\/em><\/p>\n\n\n\n<p>Spartak si teda zaknihoval d\u00f4le\u017eit\u00e9 v\u00ed\u0165azstve, ktor\u00fdm odrazil \u00fatok na priebe\u017en\u00e9 tretie miesto a st\u00e1le m\u00e1 na doh\u013ead druh\u00fa \u017dilinu. U\u017e v najbli\u017e\u0161om kole si v\u0161ak po dvoch t\u00fd\u017ed\u0148och zopakuje derby na Slovane. Aj tentoraz sa p\u00fdta pou\u010denie z predch\u00e1dzaj\u00faceho z\u00e1pasu.<\/p>\n\n\n\n<p>\u201e<em><strong>My m\u00e1me \u0161ancu so Slovanom, ke\u010f na\u0161i hr\u00e1\u010di bud\u00fa na svojom v\u00fdkonnostnom maxime. Ke\u010f tam bude em\u00f3cia a keby sa n\u00e1m s nimi podarilo streli\u0165 prv\u00fd g\u00f3l kone\u010dne. Potom to vtiahne do deja v\u0161etk\u00fdch hr\u00e1\u010dov. Budeme sebavedomej\u0161\u00ed, pou\u010den\u00ed z prv\u00e9ho z\u00e1pasu, kde sme chceli hra\u0165 vysoko, pressova\u0165, ale Slovanu sta\u010dil jeden brejk na g\u00f3l. \u0160anca je v\u017edy a ideme sa o \u0148u v derby pobi\u0165. P\u00f4jdeme tam s t\u00fdm, \u017ee chceme kone\u010dne uchmatn\u00fa\u0165 nejak\u00e9 body Slovanu.\u201c<\/strong><\/em><\/p>\n\n\n\n<p>Jedinou \u0161kvrnou v\u010deraj\u0161ieho z\u00e1pasu s Dunajskou Stredou bolo zranenie sk\u00fasen\u00e9ho stop\u00e9ra Luk\u00e1\u0161a \u0160tetinu. Ak sa potvrdia odhady o trhline v zadnom stehennom svale, bude ho \u010daka\u0165 dlh\u0161ia pauza.<\/p>\n\n\n\n<div class=\"wp-block-buttons is-layout-flex wp-block-buttons-is-layout-flex\">\n<div class=\"wp-block-button aligncenter is-style-fill\"><a class=\"wp-block-button__link has-white-color has-text-color has-background wp-element-button\" href=\"https:\/\/fcspartaktrnava.com\/en\/galerii\/23-kolo-nl-fc-spartak-trnava-vs-fc-dac-1904-dunajska-streda\/\" style=\"border-radius:0px;background-color:#d40133\" target=\"_blank\" rel=\"noreferrer noopener\">PHOTO GALLERY<\/a><\/div>\n<\/div>","protected":false},"excerpt":{"rendered":"<p>Spartak v\u010dera vr\u00e1til Dunajskej Strede prehru spred troch&#8230;<\/p>","protected":false},"author":2,"featured_media":15459,"comment_status":"closed","ping_status":"closed","sticky":false,"template":"","format":"standard","meta":{"footnotes":""},"categories":[41],"tags":[11],"class_list":["post-15487","post","type-post","status-publish","format-standard","has-post-thumbnail","hentry","category-intervju","tag-michal-gasparik","post-number-1"],"yoast_head":"<!-- This site is optimized with the Yoast SEO plugin v27.1.1 - https:\/\/yoast.com\/product\/yoast-seo-wordpress\/ -->\n<title>Zatia\u013e najlep\u0161\u00ed jarn\u00fd v\u00fdkon - FC Spartak Trnava<\/title>\n<meta name=\"robots\" content=\"index, follow, max-snippet:-1, max-image-preview:large, max-video-preview:-1\" \/>\n<link rel=\"canonical\" href=\"https:\/\/fcspartaktrnava.com\/en\/zatial-najlepsi-jarny-vykon\/\" \/>\n<meta name=\"twitter:label1\" content=\"Written by\" \/>\n\t<meta name=\"twitter:data1\" content=\"spartak\" \/>\n\t<meta name=\"twitter:label2\" content=\"Estimated reading time\" \/>\n\t<meta name=\"twitter:data2\" content=\"4 minutes\" \/>\n<script type=\"application\/ld+json\" class=\"yoast-schema-graph\">{\"@context\":\"https:\/\/schema.org\",\"@graph\":[{\"@type\":\"Article\",\"@id\":\"https:\/\/fcspartaktrnava.com\/zatial-najlepsi-jarny-vykon\/#article\",\"isPartOf\":{\"@id\":\"https:\/\/fcspartaktrnava.com\/zatial-najlepsi-jarny-vykon\/\"},\"author\":{\"name\":\"spartak\",\"@id\":\"https:\/\/fcspartaktrnava.com\/#\/schema\/person\/24bc5b254af14f71d7d8af178790aa75\"},\"headline\":\"Zatia\u013e najlep\u0161\u00ed jarn\u00fd v\u00fdkon\",\"datePublished\":\"2024-03-11T10:23:59+00:00\",\"dateModified\":\"2024-03-11T10:40:28+00:00\",\"mainEntityOfPage\":{\"@id\":\"https:\/\/fcspartaktrnava.com\/zatial-najlepsi-jarny-vykon\/\"},\"wordCount\":828,\"publisher\":{\"@id\":\"https:\/\/fcspartaktrnava.com\/#organization\"},\"image\":{\"@id\":\"https:\/\/fcspartaktrnava.com\/zatial-najlepsi-jarny-vykon\/#primaryimage\"},\"thumbnailUrl\":\"https:\/\/fcspartaktrnava.com\/wp-content\/uploads\/2024\/03\/DSC_8960.jpg\",\"keywords\":[\"Michal Ga\u0161par\u00edk\"],\"articleSection\":[\"Rozhovory\"],\"inLanguage\":\"en-GB\"},{\"@type\":\"WebPage\",\"@id\":\"https:\/\/fcspartaktrnava.com\/zatial-najlepsi-jarny-vykon\/\",\"url\":\"https:\/\/fcspartaktrnava.com\/zatial-najlepsi-jarny-vykon\/\",\"name\":\"Zatia\u013e najlep\u0161\u00ed jarn\u00fd v\u00fdkon - FC Spartak Trnava\",\"isPartOf\":{\"@id\":\"https:\/\/fcspartaktrnava.com\/#website\"},\"primaryImageOfPage\":{\"@id\":\"https:\/\/fcspartaktrnava.com\/zatial-najlepsi-jarny-vykon\/#primaryimage\"},\"image\":{\"@id\":\"https:\/\/fcspartaktrnava.com\/zatial-najlepsi-jarny-vykon\/#primaryimage\"},\"thumbnailUrl\":\"https:\/\/fcspartaktrnava.com\/wp-content\/uploads\/2024\/03\/DSC_8960.jpg\",\"datePublished\":\"2024-03-11T10:23:59+00:00\",\"dateModified\":\"2024-03-11T10:40:28+00:00\",\"breadcrumb\":{\"@id\":\"https:\/\/fcspartaktrnava.com\/zatial-najlepsi-jarny-vykon\/#breadcrumb\"},\"inLanguage\":\"en-GB\",\"potentialAction\":[{\"@type\":\"ReadAction\",\"target\":[\"https:\/\/fcspartaktrnava.com\/zatial-najlepsi-jarny-vykon\/\"]}]},{\"@type\":\"ImageObject\",\"inLanguage\":\"en-GB\",\"@id\":\"https:\/\/fcspartaktrnava.com\/zatial-najlepsi-jarny-vykon\/#primaryimage\",\"url\":\"https:\/\/fcspartaktrnava.com\/wp-content\/uploads\/2024\/03\/DSC_8960.jpg\",\"contentUrl\":\"https:\/\/fcspartaktrnava.com\/wp-content\/uploads\/2024\/03\/DSC_8960.jpg\",\"width\":1520,\"height\":1013},{\"@type\":\"BreadcrumbList\",\"@id\":\"https:\/\/fcspartaktrnava.com\/zatial-najlepsi-jarny-vykon\/#breadcrumb\",\"itemListElement\":[{\"@type\":\"ListItem\",\"position\":1,\"name\":\"Home\",\"item\":\"https:\/\/fcspartaktrnava.com\/\"},{\"@type\":\"ListItem\",\"position\":2,\"name\":\"Zatia\u013e najlep\u0161\u00ed jarn\u00fd v\u00fdkon\"}]},{\"@type\":\"WebSite\",\"@id\":\"https:\/\/fcspartaktrnava.com\/#website\",\"url\":\"https:\/\/fcspartaktrnava.com\/\",\"name\":\"FC Spartak Trnava\",\"description\":\"ofici\u00e1lna webstr\u00e1nka futbalov\u00e9ho klubu\",\"publisher\":{\"@id\":\"https:\/\/fcspartaktrnava.com\/#organization\"},\"potentialAction\":[{\"@type\":\"SearchAction\",\"target\":{\"@type\":\"EntryPoint\",\"urlTemplate\":\"https:\/\/fcspartaktrnava.com\/?s={search_term_string}\"},\"query-input\":{\"@type\":\"PropertyValueSpecification\",\"valueRequired\":true,\"valueName\":\"search_term_string\"}}],\"inLanguage\":\"en-GB\"},{\"@type\":\"Organization\",\"@id\":\"https:\/\/fcspartaktrnava.com\/#organization\",\"name\":\"FC Spartak Trnava\",\"alternateName\":\"Spartak\",\"url\":\"https:\/\/fcspartaktrnava.com\/\",\"logo\":{\"@type\":\"ImageObject\",\"inLanguage\":\"en-GB\",\"@id\":\"https:\/\/fcspartaktrnava.com\/#\/schema\/logo\/image\/\",\"url\":\"https:\/\/fcspartaktrnava.com\/wp-content\/uploads\/2022\/08\/cropped-site_logo.png\",\"contentUrl\":\"https:\/\/fcspartaktrnava.com\/wp-content\/uploads\/2022\/08\/cropped-site_logo.png\",\"width\":140,\"height\":140,\"caption\":\"FC Spartak Trnava\"},\"image\":{\"@id\":\"https:\/\/fcspartaktrnava.com\/#\/schema\/logo\/image\/\"},\"sameAs\":[\"https:\/\/www.facebook.com\/SpartakTrnava\",\"https:\/\/x.com\/SpartakTrnava1\",\"https:\/\/www.instagram.com\/spartak_sk\/\"]},{\"@type\":\"Person\",\"@id\":\"https:\/\/fcspartaktrnava.com\/#\/schema\/person\/24bc5b254af14f71d7d8af178790aa75\",\"name\":\"spartak\",\"image\":{\"@type\":\"ImageObject\",\"inLanguage\":\"en-GB\",\"@id\":\"https:\/\/fcspartaktrnava.com\/#\/schema\/person\/image\/\",\"url\":\"https:\/\/secure.gravatar.com\/avatar\/f8ff8584f3fcf3909a11a6da9019f37749183b4015bca14e64556c52614cdc7f?s=96&d=mm&r=g\",\"contentUrl\":\"https:\/\/secure.gravatar.com\/avatar\/f8ff8584f3fcf3909a11a6da9019f37749183b4015bca14e64556c52614cdc7f?s=96&d=mm&r=g\",\"caption\":\"spartak\"},\"url\":\"https:\/\/fcspartaktrnava.com\/en\/author\/spartak\/\"}]}<\/script>\n<!-- \/ Yoast SEO plugin. -->","yoast_head_json":{"title":"Zatia\u013e najlep\u0161\u00ed jarn\u00fd v\u00fdkon - FC Spartak Trnava","robots":{"index":"index","follow":"follow","max-snippet":"max-snippet:-1","max-image-preview":"max-image-preview:large","max-video-preview":"max-video-preview:-1"},"canonical":"https:\/\/fcspartaktrnava.com\/en\/zatial-najlepsi-jarny-vykon\/","twitter_misc":{"Written by":"spartak","Estimated reading time":"4 minutes"},"schema":{"@context":"https:\/\/schema.org","@graph":[{"@type":"Article","@id":"https:\/\/fcspartaktrnava.com\/zatial-najlepsi-jarny-vykon\/#article","isPartOf":{"@id":"https:\/\/fcspartaktrnava.com\/zatial-najlepsi-jarny-vykon\/"},"author":{"name":"spartak","@id":"https:\/\/fcspartaktrnava.com\/#\/schema\/person\/24bc5b254af14f71d7d8af178790aa75"},"headline":"Zatia\u013e najlep\u0161\u00ed jarn\u00fd v\u00fdkon","datePublished":"2024-03-11T10:23:59+00:00","dateModified":"2024-03-11T10:40:28+00:00","mainEntityOfPage":{"@id":"https:\/\/fcspartaktrnava.com\/zatial-najlepsi-jarny-vykon\/"},"wordCount":828,"publisher":{"@id":"https:\/\/fcspartaktrnava.com\/#organization"},"image":{"@id":"https:\/\/fcspartaktrnava.com\/zatial-najlepsi-jarny-vykon\/#primaryimage"},"thumbnailUrl":"https:\/\/fcspartaktrnava.com\/wp-content\/uploads\/2024\/03\/DSC_8960.jpg","keywords":["Michal Ga\u0161par\u00edk"],"articleSection":["Rozhovory"],"inLanguage":"en-GB"},{"@type":"WebPage","@id":"https:\/\/fcspartaktrnava.com\/zatial-najlepsi-jarny-vykon\/","url":"https:\/\/fcspartaktrnava.com\/zatial-najlepsi-jarny-vykon\/","name":"Zatia\u013e najlep\u0161\u00ed jarn\u00fd v\u00fdkon - FC Spartak Trnava","isPartOf":{"@id":"https:\/\/fcspartaktrnava.com\/#website"},"primaryImageOfPage":{"@id":"https:\/\/fcspartaktrnava.com\/zatial-najlepsi-jarny-vykon\/#primaryimage"},"image":{"@id":"https:\/\/fcspartaktrnava.com\/zatial-najlepsi-jarny-vykon\/#primaryimage"},"thumbnailUrl":"https:\/\/fcspartaktrnava.com\/wp-content\/uploads\/2024\/03\/DSC_8960.jpg","datePublished":"2024-03-11T10:23:59+00:00","dateModified":"2024-03-11T10:40:28+00:00","breadcrumb":{"@id":"https:\/\/fcspartaktrnava.com\/zatial-najlepsi-jarny-vykon\/#breadcrumb"},"inLanguage":"en-GB","potentialAction":[{"@type":"ReadAction","target":["https:\/\/fcspartaktrnava.com\/zatial-najlepsi-jarny-vykon\/"]}]},{"@type":"ImageObject","inLanguage":"en-GB","@id":"https:\/\/fcspartaktrnava.com\/zatial-najlepsi-jarny-vykon\/#primaryimage","url":"https:\/\/fcspartaktrnava.com\/wp-content\/uploads\/2024\/03\/DSC_8960.jpg","contentUrl":"https:\/\/fcspartaktrnava.com\/wp-content\/uploads\/2024\/03\/DSC_8960.jpg","width":1520,"height":1013},{"@type":"BreadcrumbList","@id":"https:\/\/fcspartaktrnava.com\/zatial-najlepsi-jarny-vykon\/#breadcrumb","itemListElement":[{"@type":"ListItem","position":1,"name":"Home","item":"https:\/\/fcspartaktrnava.com\/"},{"@type":"ListItem","position":2,"name":"Zatia\u013e najlep\u0161\u00ed jarn\u00fd v\u00fdkon"}]},{"@type":"WebSite","@id":"https:\/\/fcspartaktrnava.com\/#website","url":"https:\/\/fcspartaktrnava.com\/","name":"FC Spartak Trnava","description":"ofici\u00e1lna webstr\u00e1nka futbalov\u00e9ho klubu","publisher":{"@id":"https:\/\/fcspartaktrnava.com\/#organization"},"potentialAction":[{"@type":"SearchAction","target":{"@type":"EntryPoint","urlTemplate":"https:\/\/fcspartaktrnava.com\/?s={search_term_string}"},"query-input":{"@type":"PropertyValueSpecification","valueRequired":true,"valueName":"search_term_string"}}],"inLanguage":"en-GB"},{"@type":"Organization","@id":"https:\/\/fcspartaktrnava.com\/#organization","name":"FC Spartak Trnava","alternateName":"Spartak","url":"https:\/\/fcspartaktrnava.com\/","logo":{"@type":"ImageObject","inLanguage":"en-GB","@id":"https:\/\/fcspartaktrnava.com\/#\/schema\/logo\/image\/","url":"https:\/\/fcspartaktrnava.com\/wp-content\/uploads\/2022\/08\/cropped-site_logo.png","contentUrl":"https:\/\/fcspartaktrnava.com\/wp-content\/uploads\/2022\/08\/cropped-site_logo.png","width":140,"height":140,"caption":"FC Spartak Trnava"},"image":{"@id":"https:\/\/fcspartaktrnava.com\/#\/schema\/logo\/image\/"},"sameAs":["https:\/\/www.facebook.com\/SpartakTrnava","https:\/\/x.com\/SpartakTrnava1","https:\/\/www.instagram.com\/spartak_sk\/"]},{"@type":"Person","@id":"https:\/\/fcspartaktrnava.com\/#\/schema\/person\/24bc5b254af14f71d7d8af178790aa75","name":"spartak","image":{"@type":"ImageObject","inLanguage":"en-GB","@id":"https:\/\/fcspartaktrnava.com\/#\/schema\/person\/image\/","url":"https:\/\/secure.gravatar.com\/avatar\/f8ff8584f3fcf3909a11a6da9019f37749183b4015bca14e64556c52614cdc7f?s=96&d=mm&r=g","contentUrl":"https:\/\/secure.gravatar.com\/avatar\/f8ff8584f3fcf3909a11a6da9019f37749183b4015bca14e64556c52614cdc7f?s=96&d=mm&r=g","caption":"spartak"},"url":"https:\/\/fcspartaktrnava.com\/en\/author\/spartak\/"}]}},"_links":{"self":[{"href":"https:\/\/fcspartaktrnava.com\/en\/wp-json\/wp\/v2\/posts\/15487","targetHints":{"allow":["GET"]}}],"collection":[{"href":"https:\/\/fcspartaktrnava.com\/en\/wp-json\/wp\/v2\/posts"}],"about":[{"href":"https:\/\/fcspartaktrnava.com\/en\/wp-json\/wp\/v2\/types\/post"}],"author":[{"embeddable":true,"href":"https:\/\/fcspartaktrnava.com\/en\/wp-json\/wp\/v2\/users\/2"}],"replies":[{"embeddable":true,"href":"https:\/\/fcspartaktrnava.com\/en\/wp-json\/wp\/v2\/comments?post=15487"}],"version-history":[{"count":0,"href":"https:\/\/fcspartaktrnava.com\/en\/wp-json\/wp\/v2\/posts\/15487\/revisions"}],"wp:featuredmedia":[{"embeddable":true,"href":"https:\/\/fcspartaktrnava.com\/en\/wp-json\/wp\/v2\/media\/15459"}],"wp:attachment":[{"href":"https:\/\/fcspartaktrnava.com\/en\/wp-json\/wp\/v2\/media?parent=15487"}],"wp:term":[{"taxonomy":"category","embeddable":true,"href":"https:\/\/fcspartaktrnava.com\/en\/wp-json\/wp\/v2\/categories?post=15487"},{"taxonomy":"post_tag","embeddable":true,"href":"https:\/\/fcspartaktrnava.com\/en\/wp-json\/wp\/v2\/tags?post=15487"}],"curies":[{"name":"wp","href":"https:\/\/api.w.org\/{rel}","templated":true}]}}