{"id":15406,"date":"2024-03-10T21:32:50","date_gmt":"2024-03-10T19:32:50","guid":{"rendered":"https:\/\/fcspartaktrnava.com\/?p=15406"},"modified":"2024-03-11T12:27:55","modified_gmt":"2024-03-11T10:27:55","slug":"vyhra-nad-dunajskou-stredou-rozdielom-triedy","status":"publish","type":"post","link":"https:\/\/fcspartaktrnava.com\/en\/vyhra-nad-dunajskou-stredou-rozdielom-triedy\/","title":{"rendered":"V\u00fdhra nad Dunajskou Stredou rozdielom triedy"},"content":{"rendered":"<div class=\"wp-block-group\"><div class=\"wp-block-group__inner-container is-layout-flow wp-block-group-is-layout-flow\">\n<p class=\"has-text-align-center\" style=\"font-size:16px\">\u0160tadi\u00f3n Antona Malatinsk\u00e9ho, Nik\u00e9 liga, 1. kolo nadstavby, 10. 3. 2023 o 17:30<\/p>\n\n\n\n<p class=\"has-text-align-center has-large-font-size\">FC SPARTAK TRNAVA<br>DAC DUNAJSK\u00c1 STREDA<\/p>\n\n\n\n<p class=\"has-text-align-center has-x-large-font-size\" style=\"font-style:normal;font-weight:600\">3:0 <\/p>\n\n\n\n<div class=\"wp-block-group has-black-color has-text-color has-background\" style=\"background-color:#e2e7ec\"><div class=\"wp-block-group__inner-container is-layout-flow wp-block-group-is-layout-flow\">\n<p><strong>FC Spartak:<\/strong><\/p>\n\n\n\n<p>Tak\u00e1\u010d \u2013 Ko\u0161trna, \u0160tetina (9. Duri\u010d), K\u00f3\u0161a, Mikovi\u010d \u2013 Zeljkovi\u010d \u2013 Daniel, Ofori, Proch\u00e1zka (81. Bainovi\u010d), Azango (71. Bukata) \u2013 \u010euri\u0161 (81. Poznar)<\/p>\n\n\n\n<p><strong>DAC Dunajsk\u00e1 Streda:<\/strong><\/p>\n\n\n\n<p>Popovi\u010d \u2013 Gruszkowski (65. Yapi), Ka\u010daraba, Csinger, Andzouana \u2013 Herc, Vit\u00e1lis (65. Cheikh), Charatin \u2013 Trusa (65. Redzi\u010d), Jurgens (71. Gavri\u010d), Ramadan (71. Bari\u0161i\u010d)<\/p>\n\n\n\n<p><strong>Goals:<\/strong> 45+1. Andzouana (vl.), 68. Zeljkovi\u010d, 78. \u010euri\u0161 (Mikovi\u010d)<\/p>\n\n\n\n<p><strong>Yellow cards<\/strong>: Andzouana<\/p>\n\n\n\n<p><strong>Judges:<\/strong> Doh\u00e1l \u2013 Bedn\u00e1r, Ferenc<\/p>\n\n\n\n<p><strong>Spectators: <\/strong>3873<\/p>\n\n\n\n<p><strong>Half time:<\/strong> 1:0<\/p>\n<\/div><\/div>\n<\/div><\/div>\n\n\n\n<p>V&nbsp;prvom kole skupiny o&nbsp;titul pricestovala do Trnavy op\u00e4\u0165 Dunajsk\u00e1 Streda a&nbsp;zverenci Michala Ga\u0161par\u00edka mali s\u00faperovi \u010do vraca\u0165. Pred tromi t\u00fd\u017ed\u0148ami sa DAC te\u0161il z&nbsp;v\u00fdhry 2:1. Spartak za\u010dal s&nbsp;rozostaven\u00edm so \u0161tyrmi obrancami, defenz\u00edvnym \u0161t\u00edtom Adrianom Zeljkovi\u010dom, kvartetom hr\u00e1\u010dov v&nbsp;z\u00e1lohe a&nbsp;Michalom \u010euri\u0161om na hrote.<\/p>\n\n\n\n<p>Pred samotn\u00fdm duelom dostal Martin Mikovi\u010d pam\u00e4tn\u00fd dres za 300 z\u00e1pasov v&nbsp;trnavsk\u00fdch farb\u00e1ch. Bol rovnako ocenen\u00fd za g\u00f3l mesiaca febru\u00e1r Nik\u00e9 ligy.<\/p>\n\n\n\n<p>Obojstranne bojovn\u00fd prv\u00fd pol\u010das s&nbsp;\u00fato\u010dnou prevahou Spartaka rozhodol vlastn\u00fdm g\u00f3lom Yhoan Andzouana v&nbsp;nadstavenom \u010dase. V&nbsp;druhom pol\u010dase sa sk\u00f3re navy\u0161ovalo, ke\u010f najprv Adrian Zeljkovi\u010d prepas\u00edroval loptu po rohovom kope za brank\u00e1ra DAC a&nbsp;stav na 3:0 pe\u010datil hlavi\u010dkou po prudkom centri Martina Mikovi\u010da Michal \u010euri\u0161. N\u00e1skok druhej \u017diliny je tak op\u00e4\u0165 iba dvojbodov\u00fd.<\/p>\n\n\n\n<p>5<\/p>\n\n\n\n<p>V&nbsp;be\u017eeckom s\u00faboji prestal hra\u0165 Luk\u00e1\u0161 \u0160tetina a&nbsp;po preru\u0161en\u00ed hry bol o\u0161etrovan\u00fd. Po p\u00e1r min\u00fatach ho na ploche nahradil Andrej Duri\u010d.<\/p>\n\n\n\n<p>16<\/p>\n\n\n\n<p>Strela Philipa Azanga po rohovom kope mierila tesne ved\u013ea br\u00e1nky DAC, nasledovali dva po sebe id\u00face rohov\u00e9 kopy, tlak dom\u00e1cich zav\u0155\u0161il strelou mimo Kelvin Ofori.<\/p>\n\n\n\n<p>21<\/p>\n\n\n\n<p>Andrej Duri\u010d sa hodil do strely Mateja Trusu a&nbsp;zablokoval nebezpe\u010dn\u00fd pokus hos\u0165uj\u00faceho \u00fato\u010dn\u00edka z&nbsp;hranice \u0161estn\u00e1stky.<\/p>\n\n\n\n<p>24<\/p>\n\n\n\n<p>Michal \u010euri\u0161 tesne hlavou minul prudk\u00fd center z&nbsp;\u013eavej strany od Martina Mikovi\u010da. Na druhej strane z&nbsp;proti\u00fatoku nebezpe\u010dne mieril Matej Trusa, jeho bomba smerovala na\u0161\u0165astie nad br\u00e1nku.<\/p>\n\n\n\n<p>35<\/p>\n\n\n\n<p>Ammar Ramadan sa po zav\u00e1han\u00ed trnavskej obrany dostal k&nbsp;strele, jeho pokus mieril po zemi a&nbsp;nemal potrebn\u00fa razanciu, Dominik Tak\u00e1\u010d si poradil.<\/p>\n\n\n\n<p>42<\/p>\n\n\n\n<p>Yhoan Andzouana si nabehol na prihr\u00e1vku proti nohe a&nbsp;nebezpe\u010dne vystrelil spoza \u0161estn\u00e1stky. Dominik Tak\u00e1\u010d bol pozorn\u00fd a&nbsp;vyrazil na rohov\u00fd kop.<\/p>\n\n\n\n<p>45+1<\/p>\n\n\n\n<p>V&nbsp;nadstavenom \u010dase prenikol po \u013eavej strane Philip Azango a&nbsp;jeho center pred br\u00e1nku si poslal do vlastnej siete Yhoan Andzouana \u2013 1:0.<\/p>\n\n\n\n<p>Spartak napokon odch\u00e1dzal do \u0161atn\u00ed s&nbsp;veden\u00edm o&nbsp;jeden g\u00f3l, v&nbsp;druhom pol\u010dase pridali Trnav\u010dania \u010fal\u0161ie dva presn\u00e9 z\u00e1sahy a&nbsp;sk\u00f3re mohlo by\u0165 aj vy\u0161\u0161ie, v&nbsp;\u00faplnom z\u00e1vere nevyu\u017eil Tom\u00e1\u0161 Poznar pokutov\u00fd kop.<\/p>\n\n\n\n<p>49<\/p>\n\n\n\n<p>Christi\u00e1n Herc napriahol spoza \u0161estn\u00e1stky, Dominik Tak\u00e1\u010d sa po lopte aj hodil, ale nemusel zasahova\u0165, lopta mierila tesne mimo.<\/p>\n\n\n\n<p>68<\/p>\n\n\n\n<p>Rohov\u00fd kop Martina Mikovi\u010da a&nbsp;lopta sa v&nbsp;\u0161estn\u00e1stke DAC po ve\u013ekej skrum\u00e1\u017ei odrazila k&nbsp;Adrianovi Zeljkovi\u010dovi, ktor\u00fd ju prepas\u00edroval za chrb\u00e1t Aleksandara Popovi\u010da \u2013 2:0.<\/p>\n\n\n\n<p>73<\/p>\n\n\n\n<p>G\u00f3l na kopa\u010dke mal aj striedaj\u00faci Martin Bukata, prihr\u00e1vku od Erika Daniela u\u017e posielal technicky za g\u00f3lmana host\u00ed, ale v&nbsp;poslednej chv\u00edli obrana odkopla.<\/p>\n\n\n\n<p>77<\/p>\n\n\n\n<p>Kelvin Ofori sa predieral cez obranu host\u00ed, dostal sa do hor\u0161ieho uhla a&nbsp;nastrelil iba brank\u00e1ra.<\/p>\n\n\n\n<p>78<\/p>\n\n\n\n<p>Par\u00e1di\u010dka Martina Mikovi\u010da a&nbsp;Michala \u010euri\u0161a, Spartak vedie 3:0. Kapit\u00e1n t\u00edmu centroval z&nbsp;\u013eavej strany a&nbsp;prudk\u00fd center po skoku hlavi\u010dkou umiestnil do br\u00e1nky sk\u00fasen\u00fd strelec.<\/p>\n\n\n\n<p>88<\/p>\n\n\n\n<p>Rozhodca Martin Doh\u00e1l si pozrel video z\u00a0VAR a\u00a0us\u00fadil, \u017ee z\u00e1krok na Tom\u00e1\u0161a Poznara bol faul. Pon\u00faknut\u00fa \u0161ancu v\u0161ak s\u00e1m faulovan\u00fd nevyu\u017eil, penaltu nepremenil a sk\u00f3re ostalo 3:0.<\/p>\n\n\n\n<figure class=\"wp-block-embed is-type-video is-provider-youtube wp-block-embed-youtube wp-embed-aspect-16-9 wp-has-aspect-ratio\"><div class=\"wp-block-embed__wrapper\">\n<iframe loading=\"lazy\" title=\"Tla\u010dov\u00e1 konferencia | Xisco Mu\u0148oz a Michal Ga\u0161par\u00edk\" width=\"500\" height=\"281\" src=\"https:\/\/www.youtube.com\/embed\/bfMq3KTeiqA?feature=oembed\" frameborder=\"0\" allow=\"accelerometer; autoplay; clipboard-write; encrypted-media; gyroscope; picture-in-picture; web-share\" referrerpolicy=\"strict-origin-when-cross-origin\" allowfullscreen><\/iframe>\n<\/div><\/figure>\n\n\n\n<p class=\"has-vivid-red-color has-text-color has-link-color has-medium-font-size wp-elements-6353fa96d3687687e828ae98a330ace8\"><strong>POVEDALI PO Z\u00c1PASE:<\/strong><\/p>\n\n\n\n<p>Michal Ga\u0161par\u00edk (Spartak): <strong><em>\u201eBol to n\u00e1\u0161 najlep\u0161\u00ed v\u00fdkon na jar. Videl som a&nbsp;c\u00edtil sebavedom\u00e9 mu\u017estvo, vedelo \u010do chcelo hra\u0165, s&nbsp;entuziazmom a&nbsp;r\u00fdchlo s loptou. Nap\u00e1dali sme vo vysokom pressingu, na ve\u013ek\u00e9 riziko, darilo sa n\u00e1m eliminova\u0165 ich siln\u00e9 str\u00e1nky. Z\u00e1pas bol dlho otvoren\u00fd, \u0165a\u017ek\u00fd z\u00e1pas dvoch vyrovnan\u00fdch celkov rozhoduje \u010dasto ten prv\u00fd g\u00f3l, preklop\u00ed sa na jednu stranu a&nbsp;to sa n\u00e1m podarilo. V&nbsp;druhom pol\u010dase sme si upravili stredn\u00fd blok, po\u010dkali sme si na svoje situ\u00e1cie, chalani do toho dali t\u00fa em\u00f3ciu, boli agres\u00edvni v&nbsp;s\u00fabojoch a&nbsp;vypl\u00e1vala z&nbsp;toho aj v\u00fdborn\u00e1 futbalovos\u0165. Mali sme ve\u013ea \u0161anc\u00ed, ktor\u00e9 sme nedotiahli dokonca. Skvel\u00fd v\u00fdsledok s&nbsp;\u0165a\u017ek\u00fdm s\u00faperom, ve\u013emi n\u00e1m to pomohlo psychicky aj v&nbsp;tabu\u013eke.\u201c<\/em><\/strong><\/p>\n\n\n\n<p>Xisco Mu\u0148oz (DAC): <strong><em>\u201eHra bola jasn\u00e1 dr\u017eali sme loptu, zmenilo sa to ke\u010f sme si dali vlastn\u00fd g\u00f3l, pravda je, \u017ee s\u00faper bol lep\u0161\u00ed na lopte, vyhr\u00e1vali s\u00faboje, mus\u00edme sa v\u00a0tom zlep\u0161i\u0165, potrebujeme pracova\u0165 na ve\u013ea veciach. Mus\u00edme sa ospravedlni\u0165 fan\u00fa\u0161ikom. V\u00a0druhej \u010dasti sme mali dve \u0161ance, dvakr\u00e1t sme i\u0161li na brank\u00e1ra a\u00a0neuspeli sme, ale krok po kroku sa to zlep\u0161\u00ed, zajtra na tom za\u010dneme pracova\u0165.\u201c<\/em><\/strong><\/p>\n\n\n\n<div class=\"wp-block-buttons is-layout-flex wp-block-buttons-is-layout-flex\">\n<div class=\"wp-block-button aligncenter is-style-fill\"><a class=\"wp-block-button__link has-white-color has-text-color has-background wp-element-button\" href=\"https:\/\/fcspartaktrnava.com\/en\/galerii\/23-kolo-nl-fc-spartak-trnhttps:\/\/fcspartaktrnava.com\/galerii\/23-kolo-nl-fc-spartak-trnava-vs-fc-dac-1904-dunajska-streda\/ava-vs-fc-dac-1904-dunajska-streda\/\" style=\"border-radius:0px;background-color:#d40133\" target=\"_blank\" rel=\"noreferrer noopener\">PHOTO GALLERY<\/a><\/div>\n<\/div>","protected":false},"excerpt":{"rendered":"<p>\u0160tadi\u00f3n Antona Malatinsk\u00e9ho, Nik\u00e9 liga, 1. kolo nadstavby,&#8230;<\/p>","protected":false},"author":2,"featured_media":15407,"comment_status":"closed","ping_status":"closed","sticky":false,"template":"","format":"standard","meta":{"footnotes":""},"categories":[20],"tags":[11],"class_list":["post-15406","post","type-post","status-publish","format-standard","has-post-thumbnail","hentry","category-zapas","tag-michal-gasparik","post-number-1"],"yoast_head":"<!-- This site is optimized with the Yoast SEO plugin v27.1.1 - https:\/\/yoast.com\/product\/yoast-seo-wordpress\/ -->\n<title>V\u00fdhra nad Dunajskou Stredou rozdielom triedy - FC Spartak Trnava<\/title>\n<meta name=\"robots\" content=\"index, follow, max-snippet:-1, max-image-preview:large, max-video-preview:-1\" \/>\n<link rel=\"canonical\" href=\"https:\/\/fcspartaktrnava.com\/en\/vyhra-nad-dunajskou-stredou-rozdielom-triedy\/\" \/>\n<meta name=\"twitter:label1\" content=\"Written by\" \/>\n\t<meta name=\"twitter:data1\" content=\"spartak\" \/>\n\t<meta name=\"twitter:label2\" content=\"Estimated reading time\" \/>\n\t<meta name=\"twitter:data2\" content=\"5 minutes\" \/>\n<script type=\"application\/ld+json\" class=\"yoast-schema-graph\">{\"@context\":\"https:\/\/schema.org\",\"@graph\":[{\"@type\":\"Article\",\"@id\":\"https:\/\/fcspartaktrnava.com\/vyhra-nad-dunajskou-stredou-rozdielom-triedy\/#article\",\"isPartOf\":{\"@id\":\"https:\/\/fcspartaktrnava.com\/vyhra-nad-dunajskou-stredou-rozdielom-triedy\/\"},\"author\":{\"name\":\"spartak\",\"@id\":\"https:\/\/fcspartaktrnava.com\/#\/schema\/person\/24bc5b254af14f71d7d8af178790aa75\"},\"headline\":\"V\u00fdhra nad Dunajskou Stredou rozdielom triedy\",\"datePublished\":\"2024-03-10T19:32:50+00:00\",\"dateModified\":\"2024-03-11T10:27:55+00:00\",\"mainEntityOfPage\":{\"@id\":\"https:\/\/fcspartaktrnava.com\/vyhra-nad-dunajskou-stredou-rozdielom-triedy\/\"},\"wordCount\":937,\"publisher\":{\"@id\":\"https:\/\/fcspartaktrnava.com\/#organization\"},\"image\":{\"@id\":\"https:\/\/fcspartaktrnava.com\/vyhra-nad-dunajskou-stredou-rozdielom-triedy\/#primaryimage\"},\"thumbnailUrl\":\"https:\/\/fcspartaktrnava.com\/wp-content\/uploads\/2024\/03\/DSC_8964-scaled.jpg\",\"keywords\":[\"Michal Ga\u0161par\u00edk\"],\"articleSection\":[\"Z\u00e1pas\"],\"inLanguage\":\"en-GB\"},{\"@type\":\"WebPage\",\"@id\":\"https:\/\/fcspartaktrnava.com\/vyhra-nad-dunajskou-stredou-rozdielom-triedy\/\",\"url\":\"https:\/\/fcspartaktrnava.com\/vyhra-nad-dunajskou-stredou-rozdielom-triedy\/\",\"name\":\"V\u00fdhra nad Dunajskou Stredou rozdielom triedy - FC Spartak Trnava\",\"isPartOf\":{\"@id\":\"https:\/\/fcspartaktrnava.com\/#website\"},\"primaryImageOfPage\":{\"@id\":\"https:\/\/fcspartaktrnava.com\/vyhra-nad-dunajskou-stredou-rozdielom-triedy\/#primaryimage\"},\"image\":{\"@id\":\"https:\/\/fcspartaktrnava.com\/vyhra-nad-dunajskou-stredou-rozdielom-triedy\/#primaryimage\"},\"thumbnailUrl\":\"https:\/\/fcspartaktrnava.com\/wp-content\/uploads\/2024\/03\/DSC_8964-scaled.jpg\",\"datePublished\":\"2024-03-10T19:32:50+00:00\",\"dateModified\":\"2024-03-11T10:27:55+00:00\",\"breadcrumb\":{\"@id\":\"https:\/\/fcspartaktrnava.com\/vyhra-nad-dunajskou-stredou-rozdielom-triedy\/#breadcrumb\"},\"inLanguage\":\"en-GB\",\"potentialAction\":[{\"@type\":\"ReadAction\",\"target\":[\"https:\/\/fcspartaktrnava.com\/vyhra-nad-dunajskou-stredou-rozdielom-triedy\/\"]}]},{\"@type\":\"ImageObject\",\"inLanguage\":\"en-GB\",\"@id\":\"https:\/\/fcspartaktrnava.com\/vyhra-nad-dunajskou-stredou-rozdielom-triedy\/#primaryimage\",\"url\":\"https:\/\/fcspartaktrnava.com\/wp-content\/uploads\/2024\/03\/DSC_8964-scaled.jpg\",\"contentUrl\":\"https:\/\/fcspartaktrnava.com\/wp-content\/uploads\/2024\/03\/DSC_8964-scaled.jpg\",\"width\":2560,\"height\":1703},{\"@type\":\"BreadcrumbList\",\"@id\":\"https:\/\/fcspartaktrnava.com\/vyhra-nad-dunajskou-stredou-rozdielom-triedy\/#breadcrumb\",\"itemListElement\":[{\"@type\":\"ListItem\",\"position\":1,\"name\":\"Home\",\"item\":\"https:\/\/fcspartaktrnava.com\/\"},{\"@type\":\"ListItem\",\"position\":2,\"name\":\"V\u00fdhra nad Dunajskou Stredou rozdielom triedy\"}]},{\"@type\":\"WebSite\",\"@id\":\"https:\/\/fcspartaktrnava.com\/#website\",\"url\":\"https:\/\/fcspartaktrnava.com\/\",\"name\":\"FC Spartak Trnava\",\"description\":\"ofici\u00e1lna webstr\u00e1nka futbalov\u00e9ho klubu\",\"publisher\":{\"@id\":\"https:\/\/fcspartaktrnava.com\/#organization\"},\"potentialAction\":[{\"@type\":\"SearchAction\",\"target\":{\"@type\":\"EntryPoint\",\"urlTemplate\":\"https:\/\/fcspartaktrnava.com\/?s={search_term_string}\"},\"query-input\":{\"@type\":\"PropertyValueSpecification\",\"valueRequired\":true,\"valueName\":\"search_term_string\"}}],\"inLanguage\":\"en-GB\"},{\"@type\":\"Organization\",\"@id\":\"https:\/\/fcspartaktrnava.com\/#organization\",\"name\":\"FC Spartak Trnava\",\"alternateName\":\"Spartak\",\"url\":\"https:\/\/fcspartaktrnava.com\/\",\"logo\":{\"@type\":\"ImageObject\",\"inLanguage\":\"en-GB\",\"@id\":\"https:\/\/fcspartaktrnava.com\/#\/schema\/logo\/image\/\",\"url\":\"https:\/\/fcspartaktrnava.com\/wp-content\/uploads\/2022\/08\/cropped-site_logo.png\",\"contentUrl\":\"https:\/\/fcspartaktrnava.com\/wp-content\/uploads\/2022\/08\/cropped-site_logo.png\",\"width\":140,\"height\":140,\"caption\":\"FC Spartak Trnava\"},\"image\":{\"@id\":\"https:\/\/fcspartaktrnava.com\/#\/schema\/logo\/image\/\"},\"sameAs\":[\"https:\/\/www.facebook.com\/SpartakTrnava\",\"https:\/\/x.com\/SpartakTrnava1\",\"https:\/\/www.instagram.com\/spartak_sk\/\"]},{\"@type\":\"Person\",\"@id\":\"https:\/\/fcspartaktrnava.com\/#\/schema\/person\/24bc5b254af14f71d7d8af178790aa75\",\"name\":\"spartak\",\"image\":{\"@type\":\"ImageObject\",\"inLanguage\":\"en-GB\",\"@id\":\"https:\/\/fcspartaktrnava.com\/#\/schema\/person\/image\/\",\"url\":\"https:\/\/secure.gravatar.com\/avatar\/f8ff8584f3fcf3909a11a6da9019f37749183b4015bca14e64556c52614cdc7f?s=96&d=mm&r=g\",\"contentUrl\":\"https:\/\/secure.gravatar.com\/avatar\/f8ff8584f3fcf3909a11a6da9019f37749183b4015bca14e64556c52614cdc7f?s=96&d=mm&r=g\",\"caption\":\"spartak\"},\"url\":\"https:\/\/fcspartaktrnava.com\/en\/author\/spartak\/\"}]}<\/script>\n<!-- \/ Yoast SEO plugin. -->","yoast_head_json":{"title":"V\u00fdhra nad Dunajskou Stredou rozdielom triedy - FC Spartak Trnava","robots":{"index":"index","follow":"follow","max-snippet":"max-snippet:-1","max-image-preview":"max-image-preview:large","max-video-preview":"max-video-preview:-1"},"canonical":"https:\/\/fcspartaktrnava.com\/en\/vyhra-nad-dunajskou-stredou-rozdielom-triedy\/","twitter_misc":{"Written by":"spartak","Estimated reading time":"5 minutes"},"schema":{"@context":"https:\/\/schema.org","@graph":[{"@type":"Article","@id":"https:\/\/fcspartaktrnava.com\/vyhra-nad-dunajskou-stredou-rozdielom-triedy\/#article","isPartOf":{"@id":"https:\/\/fcspartaktrnava.com\/vyhra-nad-dunajskou-stredou-rozdielom-triedy\/"},"author":{"name":"spartak","@id":"https:\/\/fcspartaktrnava.com\/#\/schema\/person\/24bc5b254af14f71d7d8af178790aa75"},"headline":"V\u00fdhra nad Dunajskou Stredou rozdielom triedy","datePublished":"2024-03-10T19:32:50+00:00","dateModified":"2024-03-11T10:27:55+00:00","mainEntityOfPage":{"@id":"https:\/\/fcspartaktrnava.com\/vyhra-nad-dunajskou-stredou-rozdielom-triedy\/"},"wordCount":937,"publisher":{"@id":"https:\/\/fcspartaktrnava.com\/#organization"},"image":{"@id":"https:\/\/fcspartaktrnava.com\/vyhra-nad-dunajskou-stredou-rozdielom-triedy\/#primaryimage"},"thumbnailUrl":"https:\/\/fcspartaktrnava.com\/wp-content\/uploads\/2024\/03\/DSC_8964-scaled.jpg","keywords":["Michal Ga\u0161par\u00edk"],"articleSection":["Z\u00e1pas"],"inLanguage":"en-GB"},{"@type":"WebPage","@id":"https:\/\/fcspartaktrnava.com\/vyhra-nad-dunajskou-stredou-rozdielom-triedy\/","url":"https:\/\/fcspartaktrnava.com\/vyhra-nad-dunajskou-stredou-rozdielom-triedy\/","name":"V\u00fdhra nad Dunajskou Stredou rozdielom triedy - FC Spartak Trnava","isPartOf":{"@id":"https:\/\/fcspartaktrnava.com\/#website"},"primaryImageOfPage":{"@id":"https:\/\/fcspartaktrnava.com\/vyhra-nad-dunajskou-stredou-rozdielom-triedy\/#primaryimage"},"image":{"@id":"https:\/\/fcspartaktrnava.com\/vyhra-nad-dunajskou-stredou-rozdielom-triedy\/#primaryimage"},"thumbnailUrl":"https:\/\/fcspartaktrnava.com\/wp-content\/uploads\/2024\/03\/DSC_8964-scaled.jpg","datePublished":"2024-03-10T19:32:50+00:00","dateModified":"2024-03-11T10:27:55+00:00","breadcrumb":{"@id":"https:\/\/fcspartaktrnava.com\/vyhra-nad-dunajskou-stredou-rozdielom-triedy\/#breadcrumb"},"inLanguage":"en-GB","potentialAction":[{"@type":"ReadAction","target":["https:\/\/fcspartaktrnava.com\/vyhra-nad-dunajskou-stredou-rozdielom-triedy\/"]}]},{"@type":"ImageObject","inLanguage":"en-GB","@id":"https:\/\/fcspartaktrnava.com\/vyhra-nad-dunajskou-stredou-rozdielom-triedy\/#primaryimage","url":"https:\/\/fcspartaktrnava.com\/wp-content\/uploads\/2024\/03\/DSC_8964-scaled.jpg","contentUrl":"https:\/\/fcspartaktrnava.com\/wp-content\/uploads\/2024\/03\/DSC_8964-scaled.jpg","width":2560,"height":1703},{"@type":"BreadcrumbList","@id":"https:\/\/fcspartaktrnava.com\/vyhra-nad-dunajskou-stredou-rozdielom-triedy\/#breadcrumb","itemListElement":[{"@type":"ListItem","position":1,"name":"Home","item":"https:\/\/fcspartaktrnava.com\/"},{"@type":"ListItem","position":2,"name":"V\u00fdhra nad Dunajskou Stredou rozdielom triedy"}]},{"@type":"WebSite","@id":"https:\/\/fcspartaktrnava.com\/#website","url":"https:\/\/fcspartaktrnava.com\/","name":"FC Spartak Trnava","description":"ofici\u00e1lna webstr\u00e1nka futbalov\u00e9ho klubu","publisher":{"@id":"https:\/\/fcspartaktrnava.com\/#organization"},"potentialAction":[{"@type":"SearchAction","target":{"@type":"EntryPoint","urlTemplate":"https:\/\/fcspartaktrnava.com\/?s={search_term_string}"},"query-input":{"@type":"PropertyValueSpecification","valueRequired":true,"valueName":"search_term_string"}}],"inLanguage":"en-GB"},{"@type":"Organization","@id":"https:\/\/fcspartaktrnava.com\/#organization","name":"FC Spartak Trnava","alternateName":"Spartak","url":"https:\/\/fcspartaktrnava.com\/","logo":{"@type":"ImageObject","inLanguage":"en-GB","@id":"https:\/\/fcspartaktrnava.com\/#\/schema\/logo\/image\/","url":"https:\/\/fcspartaktrnava.com\/wp-content\/uploads\/2022\/08\/cropped-site_logo.png","contentUrl":"https:\/\/fcspartaktrnava.com\/wp-content\/uploads\/2022\/08\/cropped-site_logo.png","width":140,"height":140,"caption":"FC Spartak Trnava"},"image":{"@id":"https:\/\/fcspartaktrnava.com\/#\/schema\/logo\/image\/"},"sameAs":["https:\/\/www.facebook.com\/SpartakTrnava","https:\/\/x.com\/SpartakTrnava1","https:\/\/www.instagram.com\/spartak_sk\/"]},{"@type":"Person","@id":"https:\/\/fcspartaktrnava.com\/#\/schema\/person\/24bc5b254af14f71d7d8af178790aa75","name":"spartak","image":{"@type":"ImageObject","inLanguage":"en-GB","@id":"https:\/\/fcspartaktrnava.com\/#\/schema\/person\/image\/","url":"https:\/\/secure.gravatar.com\/avatar\/f8ff8584f3fcf3909a11a6da9019f37749183b4015bca14e64556c52614cdc7f?s=96&d=mm&r=g","contentUrl":"https:\/\/secure.gravatar.com\/avatar\/f8ff8584f3fcf3909a11a6da9019f37749183b4015bca14e64556c52614cdc7f?s=96&d=mm&r=g","caption":"spartak"},"url":"https:\/\/fcspartaktrnava.com\/en\/author\/spartak\/"}]}},"_links":{"self":[{"href":"https:\/\/fcspartaktrnava.com\/en\/wp-json\/wp\/v2\/posts\/15406","targetHints":{"allow":["GET"]}}],"collection":[{"href":"https:\/\/fcspartaktrnava.com\/en\/wp-json\/wp\/v2\/posts"}],"about":[{"href":"https:\/\/fcspartaktrnava.com\/en\/wp-json\/wp\/v2\/types\/post"}],"author":[{"embeddable":true,"href":"https:\/\/fcspartaktrnava.com\/en\/wp-json\/wp\/v2\/users\/2"}],"replies":[{"embeddable":true,"href":"https:\/\/fcspartaktrnava.com\/en\/wp-json\/wp\/v2\/comments?post=15406"}],"version-history":[{"count":0,"href":"https:\/\/fcspartaktrnava.com\/en\/wp-json\/wp\/v2\/posts\/15406\/revisions"}],"wp:featuredmedia":[{"embeddable":true,"href":"https:\/\/fcspartaktrnava.com\/en\/wp-json\/wp\/v2\/media\/15407"}],"wp:attachment":[{"href":"https:\/\/fcspartaktrnava.com\/en\/wp-json\/wp\/v2\/media?parent=15406"}],"wp:term":[{"taxonomy":"category","embeddable":true,"href":"https:\/\/fcspartaktrnava.com\/en\/wp-json\/wp\/v2\/categories?post=15406"},{"taxonomy":"post_tag","embeddable":true,"href":"https:\/\/fcspartaktrnava.com\/en\/wp-json\/wp\/v2\/tags?post=15406"}],"curies":[{"name":"wp","href":"https:\/\/api.w.org\/{rel}","templated":true}]}}