{"id":15404,"date":"2024-03-08T15:42:43","date_gmt":"2024-03-08T13:42:43","guid":{"rendered":"https:\/\/fcspartaktrnava.com\/?p=15404"},"modified":"2024-03-08T15:42:44","modified_gmt":"2024-03-08T13:42:44","slug":"pri-prilezitosti-mdz-zapas-s-dunajskou-stredou-pre-zeny-zdarma","status":"publish","type":"post","link":"https:\/\/fcspartaktrnava.com\/en\/pri-prilezitosti-mdz-zapas-s-dunajskou-stredou-pre-zeny-zdarma\/","title":{"rendered":"Pri pr\u00edle\u017eitosti MD\u017d z\u00e1pas s Dunajskou Stredou pre \u017eeny zdarma"},"content":{"rendered":"<p>V Spartaku, bohu\u017eia\u013e, ve\u013ea \u017eien nem\u00e1me, ale na t\u00fdch zop\u00e1r sme si dnes spomenuli a aspo\u0148 drobnou kyti\u010dkou sme im zablaho\u017eelali k dne\u0161n\u00e9mu Medzin\u00e1rodn\u00e9mu d\u0148u \u017eien. Nezabudnite na svoje polovi\u010dky ani vy a prid\u00e1 sa k v\u00e1m aj Spartak. Pri pr\u00edle\u017eitosti MD\u017d s\u00edce nebudeme rozd\u00e1va\u0165 hreb\u00ed\u010dky, ale poz\u00fdvame v\u0161etky \u017eeny na nede\u013en\u00fd z\u00e1pas s Dunajskou Stredou. Tak zoberte svoje \u017eeny, man\u017eelky, mamy, frajerky \u010di priate\u013eky v nede\u013eu na futbal a vstup bud\u00fa ma\u0165 vo\u013en\u00fd!<\/p>\n\n\n\n<p>\u017deny bud\u00fa ma\u0165 vo\u013en\u00fd vstup na ju\u017en\u00fa, v\u00fdchodn\u00fa (mimo VIP) a severn\u00fa trib\u00fanu cez vchod A, bez vyhraden\u00e9ho sedenia, s povinnos\u0165ou uvo\u013eni\u0165 miesto n\u00e1v\u0161tevn\u00edkovi s platnou vstupenkou alebo permanentkou.<\/p>\n\n\n\n<p>Inform\u00e1cie o predaji vstupeniek: <a href=\"https:\/\/fcspartaktrnava.com\/en\/vstupenky-na-dunajsku-stredu-v-predaji\/\">https:\/\/fcspartaktrnava.com\/vstupenky-na-dunajsku-stredu-v-predaji\/<\/a><\/p>\n\n\n\n<figure class=\"wp-block-embed is-type-video is-provider-youtube wp-block-embed-youtube wp-embed-aspect-16-9 wp-has-aspect-ratio\"><div class=\"wp-block-embed__wrapper\">\n<iframe loading=\"lazy\" title=\"\u017deny na z\u00e1pas DAC zadarmo\" width=\"500\" height=\"281\" src=\"https:\/\/www.youtube.com\/embed\/RXsdevxmdU0?feature=oembed\" frameborder=\"0\" allow=\"accelerometer; autoplay; clipboard-write; encrypted-media; gyroscope; picture-in-picture; web-share\" referrerpolicy=\"strict-origin-when-cross-origin\" allowfullscreen><\/iframe>\n<\/div><\/figure>\n\n\n\n<p><\/p>","protected":false},"excerpt":{"rendered":"<p>V Spartaku, bohu\u017eia\u013e, ve\u013ea \u017eien nem\u00e1me, ale na&#8230;<\/p>","protected":false},"author":2,"featured_media":15405,"comment_status":"closed","ping_status":"closed","sticky":false,"template":"","format":"standard","meta":{"footnotes":""},"categories":[12],"tags":[],"class_list":["post-15404","post","type-post","status-publish","format-standard","has-post-thumbnail","hentry","category-spravy","post-number-1"],"yoast_head":"<!-- This site is optimized with the Yoast SEO plugin v27.1.1 - https:\/\/yoast.com\/product\/yoast-seo-wordpress\/ -->\n<title>Pri pr\u00edle\u017eitosti MD\u017d z\u00e1pas s Dunajskou Stredou pre \u017eeny zdarma - FC Spartak Trnava<\/title>\n<meta name=\"robots\" content=\"index, follow, max-snippet:-1, max-image-preview:large, max-video-preview:-1\" \/>\n<link rel=\"canonical\" href=\"https:\/\/fcspartaktrnava.com\/en\/pri-prilezitosti-mdz-zapas-s-dunajskou-stredou-pre-zeny-zdarma\/\" \/>\n<meta name=\"twitter:label1\" content=\"Written by\" \/>\n\t<meta name=\"twitter:data1\" content=\"spartak\" \/>\n\t<meta name=\"twitter:label2\" content=\"Estimated reading time\" \/>\n\t<meta name=\"twitter:data2\" content=\"1 minute\" \/>\n<script type=\"application\/ld+json\" class=\"yoast-schema-graph\">{\"@context\":\"https:\/\/schema.org\",\"@graph\":[{\"@type\":\"Article\",\"@id\":\"https:\/\/fcspartaktrnava.com\/pri-prilezitosti-mdz-zapas-s-dunajskou-stredou-pre-zeny-zdarma\/#article\",\"isPartOf\":{\"@id\":\"https:\/\/fcspartaktrnava.com\/pri-prilezitosti-mdz-zapas-s-dunajskou-stredou-pre-zeny-zdarma\/\"},\"author\":{\"name\":\"spartak\",\"@id\":\"https:\/\/fcspartaktrnava.com\/#\/schema\/person\/24bc5b254af14f71d7d8af178790aa75\"},\"headline\":\"Pri pr\u00edle\u017eitosti MD\u017d z\u00e1pas s Dunajskou Stredou pre \u017eeny zdarma\",\"datePublished\":\"2024-03-08T13:42:43+00:00\",\"dateModified\":\"2024-03-08T13:42:44+00:00\",\"mainEntityOfPage\":{\"@id\":\"https:\/\/fcspartaktrnava.com\/pri-prilezitosti-mdz-zapas-s-dunajskou-stredou-pre-zeny-zdarma\/\"},\"wordCount\":168,\"publisher\":{\"@id\":\"https:\/\/fcspartaktrnava.com\/#organization\"},\"image\":{\"@id\":\"https:\/\/fcspartaktrnava.com\/pri-prilezitosti-mdz-zapas-s-dunajskou-stredou-pre-zeny-zdarma\/#primaryimage\"},\"thumbnailUrl\":\"https:\/\/fcspartaktrnava.com\/wp-content\/uploads\/2024\/03\/DSC_8488-scaled.jpg\",\"articleSection\":[\"Spr\u00e1vy\"],\"inLanguage\":\"en-GB\"},{\"@type\":\"WebPage\",\"@id\":\"https:\/\/fcspartaktrnava.com\/pri-prilezitosti-mdz-zapas-s-dunajskou-stredou-pre-zeny-zdarma\/\",\"url\":\"https:\/\/fcspartaktrnava.com\/pri-prilezitosti-mdz-zapas-s-dunajskou-stredou-pre-zeny-zdarma\/\",\"name\":\"Pri pr\u00edle\u017eitosti MD\u017d z\u00e1pas s Dunajskou Stredou pre \u017eeny zdarma - FC Spartak Trnava\",\"isPartOf\":{\"@id\":\"https:\/\/fcspartaktrnava.com\/#website\"},\"primaryImageOfPage\":{\"@id\":\"https:\/\/fcspartaktrnava.com\/pri-prilezitosti-mdz-zapas-s-dunajskou-stredou-pre-zeny-zdarma\/#primaryimage\"},\"image\":{\"@id\":\"https:\/\/fcspartaktrnava.com\/pri-prilezitosti-mdz-zapas-s-dunajskou-stredou-pre-zeny-zdarma\/#primaryimage\"},\"thumbnailUrl\":\"https:\/\/fcspartaktrnava.com\/wp-content\/uploads\/2024\/03\/DSC_8488-scaled.jpg\",\"datePublished\":\"2024-03-08T13:42:43+00:00\",\"dateModified\":\"2024-03-08T13:42:44+00:00\",\"breadcrumb\":{\"@id\":\"https:\/\/fcspartaktrnava.com\/pri-prilezitosti-mdz-zapas-s-dunajskou-stredou-pre-zeny-zdarma\/#breadcrumb\"},\"inLanguage\":\"en-GB\",\"potentialAction\":[{\"@type\":\"ReadAction\",\"target\":[\"https:\/\/fcspartaktrnava.com\/pri-prilezitosti-mdz-zapas-s-dunajskou-stredou-pre-zeny-zdarma\/\"]}]},{\"@type\":\"ImageObject\",\"inLanguage\":\"en-GB\",\"@id\":\"https:\/\/fcspartaktrnava.com\/pri-prilezitosti-mdz-zapas-s-dunajskou-stredou-pre-zeny-zdarma\/#primaryimage\",\"url\":\"https:\/\/fcspartaktrnava.com\/wp-content\/uploads\/2024\/03\/DSC_8488-scaled.jpg\",\"contentUrl\":\"https:\/\/fcspartaktrnava.com\/wp-content\/uploads\/2024\/03\/DSC_8488-scaled.jpg\",\"width\":2560,\"height\":1707},{\"@type\":\"BreadcrumbList\",\"@id\":\"https:\/\/fcspartaktrnava.com\/pri-prilezitosti-mdz-zapas-s-dunajskou-stredou-pre-zeny-zdarma\/#breadcrumb\",\"itemListElement\":[{\"@type\":\"ListItem\",\"position\":1,\"name\":\"Home\",\"item\":\"https:\/\/fcspartaktrnava.com\/\"},{\"@type\":\"ListItem\",\"position\":2,\"name\":\"Pri pr\u00edle\u017eitosti MD\u017d z\u00e1pas s Dunajskou Stredou pre \u017eeny zdarma\"}]},{\"@type\":\"WebSite\",\"@id\":\"https:\/\/fcspartaktrnava.com\/#website\",\"url\":\"https:\/\/fcspartaktrnava.com\/\",\"name\":\"FC Spartak Trnava\",\"description\":\"ofici\u00e1lna webstr\u00e1nka futbalov\u00e9ho klubu\",\"publisher\":{\"@id\":\"https:\/\/fcspartaktrnava.com\/#organization\"},\"potentialAction\":[{\"@type\":\"SearchAction\",\"target\":{\"@type\":\"EntryPoint\",\"urlTemplate\":\"https:\/\/fcspartaktrnava.com\/?s={search_term_string}\"},\"query-input\":{\"@type\":\"PropertyValueSpecification\",\"valueRequired\":true,\"valueName\":\"search_term_string\"}}],\"inLanguage\":\"en-GB\"},{\"@type\":\"Organization\",\"@id\":\"https:\/\/fcspartaktrnava.com\/#organization\",\"name\":\"FC Spartak Trnava\",\"alternateName\":\"Spartak\",\"url\":\"https:\/\/fcspartaktrnava.com\/\",\"logo\":{\"@type\":\"ImageObject\",\"inLanguage\":\"en-GB\",\"@id\":\"https:\/\/fcspartaktrnava.com\/#\/schema\/logo\/image\/\",\"url\":\"https:\/\/fcspartaktrnava.com\/wp-content\/uploads\/2022\/08\/cropped-site_logo.png\",\"contentUrl\":\"https:\/\/fcspartaktrnava.com\/wp-content\/uploads\/2022\/08\/cropped-site_logo.png\",\"width\":140,\"height\":140,\"caption\":\"FC Spartak Trnava\"},\"image\":{\"@id\":\"https:\/\/fcspartaktrnava.com\/#\/schema\/logo\/image\/\"},\"sameAs\":[\"https:\/\/www.facebook.com\/SpartakTrnava\",\"https:\/\/x.com\/SpartakTrnava1\",\"https:\/\/www.instagram.com\/spartak_sk\/\"]},{\"@type\":\"Person\",\"@id\":\"https:\/\/fcspartaktrnava.com\/#\/schema\/person\/24bc5b254af14f71d7d8af178790aa75\",\"name\":\"spartak\",\"image\":{\"@type\":\"ImageObject\",\"inLanguage\":\"en-GB\",\"@id\":\"https:\/\/fcspartaktrnava.com\/#\/schema\/person\/image\/\",\"url\":\"https:\/\/secure.gravatar.com\/avatar\/f8ff8584f3fcf3909a11a6da9019f37749183b4015bca14e64556c52614cdc7f?s=96&d=mm&r=g\",\"contentUrl\":\"https:\/\/secure.gravatar.com\/avatar\/f8ff8584f3fcf3909a11a6da9019f37749183b4015bca14e64556c52614cdc7f?s=96&d=mm&r=g\",\"caption\":\"spartak\"},\"url\":\"https:\/\/fcspartaktrnava.com\/en\/author\/spartak\/\"}]}<\/script>\n<!-- \/ Yoast SEO plugin. -->","yoast_head_json":{"title":"Pri pr\u00edle\u017eitosti MD\u017d z\u00e1pas s Dunajskou Stredou pre \u017eeny zdarma - FC Spartak Trnava","robots":{"index":"index","follow":"follow","max-snippet":"max-snippet:-1","max-image-preview":"max-image-preview:large","max-video-preview":"max-video-preview:-1"},"canonical":"https:\/\/fcspartaktrnava.com\/en\/pri-prilezitosti-mdz-zapas-s-dunajskou-stredou-pre-zeny-zdarma\/","twitter_misc":{"Written by":"spartak","Estimated reading time":"1 minute"},"schema":{"@context":"https:\/\/schema.org","@graph":[{"@type":"Article","@id":"https:\/\/fcspartaktrnava.com\/pri-prilezitosti-mdz-zapas-s-dunajskou-stredou-pre-zeny-zdarma\/#article","isPartOf":{"@id":"https:\/\/fcspartaktrnava.com\/pri-prilezitosti-mdz-zapas-s-dunajskou-stredou-pre-zeny-zdarma\/"},"author":{"name":"spartak","@id":"https:\/\/fcspartaktrnava.com\/#\/schema\/person\/24bc5b254af14f71d7d8af178790aa75"},"headline":"Pri pr\u00edle\u017eitosti MD\u017d z\u00e1pas s Dunajskou Stredou pre \u017eeny zdarma","datePublished":"2024-03-08T13:42:43+00:00","dateModified":"2024-03-08T13:42:44+00:00","mainEntityOfPage":{"@id":"https:\/\/fcspartaktrnava.com\/pri-prilezitosti-mdz-zapas-s-dunajskou-stredou-pre-zeny-zdarma\/"},"wordCount":168,"publisher":{"@id":"https:\/\/fcspartaktrnava.com\/#organization"},"image":{"@id":"https:\/\/fcspartaktrnava.com\/pri-prilezitosti-mdz-zapas-s-dunajskou-stredou-pre-zeny-zdarma\/#primaryimage"},"thumbnailUrl":"https:\/\/fcspartaktrnava.com\/wp-content\/uploads\/2024\/03\/DSC_8488-scaled.jpg","articleSection":["Spr\u00e1vy"],"inLanguage":"en-GB"},{"@type":"WebPage","@id":"https:\/\/fcspartaktrnava.com\/pri-prilezitosti-mdz-zapas-s-dunajskou-stredou-pre-zeny-zdarma\/","url":"https:\/\/fcspartaktrnava.com\/pri-prilezitosti-mdz-zapas-s-dunajskou-stredou-pre-zeny-zdarma\/","name":"Pri pr\u00edle\u017eitosti MD\u017d z\u00e1pas s Dunajskou Stredou pre \u017eeny zdarma - FC Spartak Trnava","isPartOf":{"@id":"https:\/\/fcspartaktrnava.com\/#website"},"primaryImageOfPage":{"@id":"https:\/\/fcspartaktrnava.com\/pri-prilezitosti-mdz-zapas-s-dunajskou-stredou-pre-zeny-zdarma\/#primaryimage"},"image":{"@id":"https:\/\/fcspartaktrnava.com\/pri-prilezitosti-mdz-zapas-s-dunajskou-stredou-pre-zeny-zdarma\/#primaryimage"},"thumbnailUrl":"https:\/\/fcspartaktrnava.com\/wp-content\/uploads\/2024\/03\/DSC_8488-scaled.jpg","datePublished":"2024-03-08T13:42:43+00:00","dateModified":"2024-03-08T13:42:44+00:00","breadcrumb":{"@id":"https:\/\/fcspartaktrnava.com\/pri-prilezitosti-mdz-zapas-s-dunajskou-stredou-pre-zeny-zdarma\/#breadcrumb"},"inLanguage":"en-GB","potentialAction":[{"@type":"ReadAction","target":["https:\/\/fcspartaktrnava.com\/pri-prilezitosti-mdz-zapas-s-dunajskou-stredou-pre-zeny-zdarma\/"]}]},{"@type":"ImageObject","inLanguage":"en-GB","@id":"https:\/\/fcspartaktrnava.com\/pri-prilezitosti-mdz-zapas-s-dunajskou-stredou-pre-zeny-zdarma\/#primaryimage","url":"https:\/\/fcspartaktrnava.com\/wp-content\/uploads\/2024\/03\/DSC_8488-scaled.jpg","contentUrl":"https:\/\/fcspartaktrnava.com\/wp-content\/uploads\/2024\/03\/DSC_8488-scaled.jpg","width":2560,"height":1707},{"@type":"BreadcrumbList","@id":"https:\/\/fcspartaktrnava.com\/pri-prilezitosti-mdz-zapas-s-dunajskou-stredou-pre-zeny-zdarma\/#breadcrumb","itemListElement":[{"@type":"ListItem","position":1,"name":"Home","item":"https:\/\/fcspartaktrnava.com\/"},{"@type":"ListItem","position":2,"name":"Pri pr\u00edle\u017eitosti MD\u017d z\u00e1pas s Dunajskou Stredou pre \u017eeny zdarma"}]},{"@type":"WebSite","@id":"https:\/\/fcspartaktrnava.com\/#website","url":"https:\/\/fcspartaktrnava.com\/","name":"FC Spartak Trnava","description":"ofici\u00e1lna webstr\u00e1nka futbalov\u00e9ho klubu","publisher":{"@id":"https:\/\/fcspartaktrnava.com\/#organization"},"potentialAction":[{"@type":"SearchAction","target":{"@type":"EntryPoint","urlTemplate":"https:\/\/fcspartaktrnava.com\/?s={search_term_string}"},"query-input":{"@type":"PropertyValueSpecification","valueRequired":true,"valueName":"search_term_string"}}],"inLanguage":"en-GB"},{"@type":"Organization","@id":"https:\/\/fcspartaktrnava.com\/#organization","name":"FC Spartak Trnava","alternateName":"Spartak","url":"https:\/\/fcspartaktrnava.com\/","logo":{"@type":"ImageObject","inLanguage":"en-GB","@id":"https:\/\/fcspartaktrnava.com\/#\/schema\/logo\/image\/","url":"https:\/\/fcspartaktrnava.com\/wp-content\/uploads\/2022\/08\/cropped-site_logo.png","contentUrl":"https:\/\/fcspartaktrnava.com\/wp-content\/uploads\/2022\/08\/cropped-site_logo.png","width":140,"height":140,"caption":"FC Spartak Trnava"},"image":{"@id":"https:\/\/fcspartaktrnava.com\/#\/schema\/logo\/image\/"},"sameAs":["https:\/\/www.facebook.com\/SpartakTrnava","https:\/\/x.com\/SpartakTrnava1","https:\/\/www.instagram.com\/spartak_sk\/"]},{"@type":"Person","@id":"https:\/\/fcspartaktrnava.com\/#\/schema\/person\/24bc5b254af14f71d7d8af178790aa75","name":"spartak","image":{"@type":"ImageObject","inLanguage":"en-GB","@id":"https:\/\/fcspartaktrnava.com\/#\/schema\/person\/image\/","url":"https:\/\/secure.gravatar.com\/avatar\/f8ff8584f3fcf3909a11a6da9019f37749183b4015bca14e64556c52614cdc7f?s=96&d=mm&r=g","contentUrl":"https:\/\/secure.gravatar.com\/avatar\/f8ff8584f3fcf3909a11a6da9019f37749183b4015bca14e64556c52614cdc7f?s=96&d=mm&r=g","caption":"spartak"},"url":"https:\/\/fcspartaktrnava.com\/en\/author\/spartak\/"}]}},"_links":{"self":[{"href":"https:\/\/fcspartaktrnava.com\/en\/wp-json\/wp\/v2\/posts\/15404","targetHints":{"allow":["GET"]}}],"collection":[{"href":"https:\/\/fcspartaktrnava.com\/en\/wp-json\/wp\/v2\/posts"}],"about":[{"href":"https:\/\/fcspartaktrnava.com\/en\/wp-json\/wp\/v2\/types\/post"}],"author":[{"embeddable":true,"href":"https:\/\/fcspartaktrnava.com\/en\/wp-json\/wp\/v2\/users\/2"}],"replies":[{"embeddable":true,"href":"https:\/\/fcspartaktrnava.com\/en\/wp-json\/wp\/v2\/comments?post=15404"}],"version-history":[{"count":0,"href":"https:\/\/fcspartaktrnava.com\/en\/wp-json\/wp\/v2\/posts\/15404\/revisions"}],"wp:featuredmedia":[{"embeddable":true,"href":"https:\/\/fcspartaktrnava.com\/en\/wp-json\/wp\/v2\/media\/15405"}],"wp:attachment":[{"href":"https:\/\/fcspartaktrnava.com\/en\/wp-json\/wp\/v2\/media?parent=15404"}],"wp:term":[{"taxonomy":"category","embeddable":true,"href":"https:\/\/fcspartaktrnava.com\/en\/wp-json\/wp\/v2\/categories?post=15404"},{"taxonomy":"post_tag","embeddable":true,"href":"https:\/\/fcspartaktrnava.com\/en\/wp-json\/wp\/v2\/tags?post=15404"}],"curies":[{"name":"wp","href":"https:\/\/api.w.org\/{rel}","templated":true}]}}