{"id":15397,"date":"2024-03-07T08:45:57","date_gmt":"2024-03-07T06:45:57","guid":{"rendered":"https:\/\/fcspartaktrnava.com\/?p=15397"},"modified":"2024-03-07T08:45:58","modified_gmt":"2024-03-07T06:45:58","slug":"v-pohari-konecne-aj-doma-este-predtym-pride-dunajska-streda","status":"publish","type":"post","link":"https:\/\/fcspartaktrnava.com\/en\/v-pohari-konecne-aj-doma-este-predtym-pride-dunajska-streda\/","title":{"rendered":"V\u00a0poh\u00e1ri kone\u010dne aj doma, e\u0161te predt\u00fdm pr\u00edde Dunajsk\u00e1 Streda"},"content":{"rendered":"<p>Spartak nem\u00e1 v&nbsp;lige pr\u00e1ve oslniv\u00fa formu, no v&nbsp;dom\u00e1com poh\u00e1ri je u\u017e tretiu sez\u00f3nu nezdolan\u00fd. Nepodarilo sa to v\u010dera ani Michalovciam na dom\u00e1cej p\u00f4de v&nbsp;\u0161tvr\u0165fin\u00e1le Slovnaft cup, kde Trnav\u010dania vyhrali 2:0.<\/p>\n\n\n\n<p>Hostia cestovali po druh\u00fdkr\u00e1t v&nbsp;tomto roku v&nbsp;poh\u00e1ri na v\u00fdchod a&nbsp;po Ko\u0161iciach vybojovali postup aj na Zempl\u00edne. Tentoraz podali vyslovene taktick\u00fd v\u00fdkon, ktor\u00fd viedol k&nbsp;pragmatick\u00e9mu postupu. Trnav\u010dania trpezlivo vy\u010dk\u00e1vali, \u010do s\u00edce futbalu pr\u00edli\u0161 nesved\u010dalo, ale v&nbsp;hralo sa na jeden z\u00e1pas a&nbsp;otvori\u0165 to nechcel ani jeden s\u00faper. \u0160achov\u00fa partiu o&nbsp;prv\u00fd g\u00f3l vyhral napokon Spartak, ke\u010f sa prejavila vy\u0161\u0161ia individu\u00e1lna kvalita, na ktor\u00fa nesta\u010dila bojovnos\u0165 dom\u00e1cich. Erik Daniel oklamal svoj\u00edm pohybom Magdu, pridal zr\u00fdchlenie a posadil center na hlavu Azanga, ktor\u00fd otvoril z\u00e1pas. Ten mimochodom sk\u00f3roval hlavou v Michalovciach aj v&nbsp;predch\u00e1dzaj\u00facom vz\u00e1jomnom z\u00e1pase v&nbsp;lige.<\/p>\n\n\n\n<p><strong><em>\u201eBolo to o\u00a0prvom g\u00f3le, lebo po \u0148om sa n\u00e1m hralo \u013eah\u0161ie. Bol to \u010fal\u0161\u00ed krok k\u00a0tomu fin\u00e1le, do ktor\u00e9ho sa chceme dosta\u0165. Je pred nami semifin\u00e1le, to sa hr\u00e1 na dva z\u00e1pasy, \u010do je spravodliv\u00e9, tak si s\u00fapera nebudeme vybera\u0165,\u201c<\/em><\/strong> povedal po z\u00e1pase \u00faspe\u0161n\u00fd asistent Erik Daniel.<\/p>\n\n\n\n<figure class=\"wp-block-embed is-type-video is-provider-youtube wp-block-embed-youtube wp-embed-aspect-16-9 wp-has-aspect-ratio\"><div class=\"wp-block-embed__wrapper\">\n<iframe loading=\"lazy\" title=\"Erik Daniel po z\u00e1pase s Michalovcami\" width=\"500\" height=\"281\" src=\"https:\/\/www.youtube.com\/embed\/4r45nnTY8T0?feature=oembed\" frameborder=\"0\" allow=\"accelerometer; autoplay; clipboard-write; encrypted-media; gyroscope; picture-in-picture; web-share\" referrerpolicy=\"strict-origin-when-cross-origin\" allowfullscreen><\/iframe>\n<\/div><\/figure>\n\n\n\n<p>Spartakovci sa po g\u00f3le upokojili, a&nbsp;hoci dom\u00e1ci chceli po pr\u00edchode zo \u0161atn\u00ed okam\u017eit\u00fdm n\u00e1porom vyrovna\u0165, k&nbsp;vylo\u017eenej pr\u00edle\u017eitosti sa nedostali. Naopak, pri\u0161la poistka v&nbsp;podobe druh\u00e9ho g\u00f3lu, ke\u010f Szar\u00e1z to\u013eko sk\u00fa\u0161al brnka\u0165 na nervy svojou rozohr\u00e1vkou so stop\u00e9rmi, a\u017e v&nbsp;71. min dostal \u0165a\u017ekou loptou pod tlak Veremejeva, ktor\u00e9mu ju zobral Ofori a&nbsp;\u010euri\u0161 u\u017e vedel \u010do s&nbsp;\u0148ou. &nbsp;&nbsp;&nbsp;<\/p>\n\n\n\n<p><strong><em>\u201eU\u017e v\u00a0prvom pol\u010dase boli n\u00e1znaky, \u017ee lopta sk\u00e1kala, raz tam bol faul, inokedy ch\u00fdbalo trocha \u0161\u0165astia, aby sme t\u00fa loptu mali. Michalovce chceli hra\u0165 futbal, my sme i\u0161li do pressingu a\u00a0t\u00fa chybu sme potrestali,\u201c<\/em><\/strong> povedal \u00faspe\u0161n\u00fd strelec druh\u00e9ho g\u00f3lu, ktor\u00fd priznal, \u017ee ni\u010d in\u00e9 ako postup si neprip\u00fa\u0161\u0165ali.<\/p>\n\n\n\n<figure class=\"wp-block-embed is-type-video is-provider-youtube wp-block-embed-youtube wp-embed-aspect-16-9 wp-has-aspect-ratio\"><div class=\"wp-block-embed__wrapper\">\n<iframe loading=\"lazy\" title=\"Michal \u010euri\u0161 po z\u00e1pase s Michalovcami\" width=\"500\" height=\"281\" src=\"https:\/\/www.youtube.com\/embed\/KseXMzO3gFc?feature=oembed\" frameborder=\"0\" allow=\"accelerometer; autoplay; clipboard-write; encrypted-media; gyroscope; picture-in-picture; web-share\" referrerpolicy=\"strict-origin-when-cross-origin\" allowfullscreen><\/iframe>\n<\/div><\/figure>\n\n\n\n<p><strong><em>\u201ePri\u0161li sme si po v\u00ed\u0165azstvo, odch\u00e1dzame s&nbsp;n\u00edm a&nbsp;je to super. Vedeli sme, \u017ee ke\u010f d\u00e1me prv\u00fd g\u00f3l, budeme ma\u0165 z\u00e1pas vo vlastn\u00fdch ruk\u00e1ch. Kontrolovali sme hru po cel\u00fd z\u00e1pas, Michalovce sme do v\u00e4\u010d\u0161ej \u0161ance nepustili,\u201c<\/em><\/strong> hovor\u00ed Michal \u010euri\u0161, ktor\u00fd by sa chcel prida\u0165 k&nbsp;viacer\u00fdm svojim spoluhr\u00e1\u010dom, ktor\u00ed u\u017e vedia z predch\u00e1dzaj\u00facich dvoch sez\u00f3n ako chut\u00ed celkov\u00e9 prvenstvo. Spartak toti\u017e st\u00e1le \u017eiv\u00ed n\u00e1dej na dvojit\u00fa obhajobu a&nbsp;v&nbsp;ceste do fin\u00e1le mu stoj\u00ed e\u0161te jeden s\u00faper. M\u00f4\u017ee to by\u0165 Ru\u017eomberok, Lipany alebo v\u00ed\u0165az z\u00e1pasu Slovan \u2013 Podbrezov\u00e1. &nbsp;&nbsp;<\/p>\n\n\n\n<p><strong><em>\u201eBolo by fajn, keby sme dostali Lipany, ale nez\u00e1le\u017e\u00ed to na mne. Uvid\u00edme ako dopadne \u017ereb, ale ke\u010f to chceme vyhra\u0165, mus\u00edme zvl\u00e1dnu\u0165 ka\u017ed\u00e9ho s\u00fapera, ktor\u00e9ho n\u00e1m daj\u00fa.\u201c<\/em><\/strong><\/p>\n\n\n\n<p>Ist\u00e9 je teda, \u017ee si Spartak aj v&nbsp;tejto sez\u00f3ne zahr\u00e1 po prv\u00fdkr\u00e1t aj na dom\u00e1cej p\u00f4de, ke\u010f\u017ee semifin\u00e1le sa hr\u00e1 na odvety.<\/p>\n\n\n\n<p>E\u0161te predt\u00fdm v\u0161ak na svojom ihrisku Spartak priv\u00edta v\u00a0\u00favodnom z\u00e1pase nadstavby o\u00a0titul Dunajsk\u00fa Stredu. <a href=\"https:\/\/fcspartaktrnava.com\/en\/vstupenky-na-dunajsku-stredu-v-predaji\/\">Z\u00e1pas je na programe u\u017e t\u00fato nede\u013eu od 17:30.<\/a><\/p>\n\n\n\n<div class=\"wp-block-buttons is-layout-flex wp-block-buttons-is-layout-flex\">\n<div class=\"wp-block-button aligncenter is-style-fill\"><a class=\"wp-block-button__link has-white-color has-text-color has-background wp-element-button\" href=\"https:\/\/fcspartaktrnava.com\/en\/galerii\/stvrtfinale-sc-mfk-zemplin-michalovce-vs-fc-spartak-trnava\/\" style=\"border-radius:0px;background-color:#d40133\" target=\"_blank\" rel=\"noreferrer noopener\">PHOTO GALLERY<\/a><\/div>\n<\/div>","protected":false},"excerpt":{"rendered":"<p>Spartak nem\u00e1 v&nbsp;lige pr\u00e1ve oslniv\u00fa formu, no v&nbsp;dom\u00e1com&#8230;<\/p>","protected":false},"author":2,"featured_media":15398,"comment_status":"closed","ping_status":"closed","sticky":false,"template":"","format":"standard","meta":{"footnotes":""},"categories":[12],"tags":[],"class_list":["post-15397","post","type-post","status-publish","format-standard","has-post-thumbnail","hentry","category-spravy","post-number-1"],"yoast_head":"<!-- This site is optimized with the Yoast SEO plugin v27.1.1 - https:\/\/yoast.com\/product\/yoast-seo-wordpress\/ -->\n<title>V\u00a0poh\u00e1ri kone\u010dne aj doma, e\u0161te predt\u00fdm pr\u00edde Dunajsk\u00e1 Streda - FC Spartak Trnava<\/title>\n<meta name=\"robots\" content=\"index, follow, max-snippet:-1, max-image-preview:large, max-video-preview:-1\" \/>\n<link rel=\"canonical\" href=\"https:\/\/fcspartaktrnava.com\/en\/v-pohari-konecne-aj-doma-este-predtym-pride-dunajska-streda\/\" \/>\n<meta name=\"twitter:label1\" content=\"Written by\" \/>\n\t<meta name=\"twitter:data1\" content=\"spartak\" \/>\n\t<meta name=\"twitter:label2\" content=\"Estimated reading time\" \/>\n\t<meta name=\"twitter:data2\" content=\"3 minutes\" \/>\n<script type=\"application\/ld+json\" class=\"yoast-schema-graph\">{\"@context\":\"https:\/\/schema.org\",\"@graph\":[{\"@type\":\"Article\",\"@id\":\"https:\/\/fcspartaktrnava.com\/v-pohari-konecne-aj-doma-este-predtym-pride-dunajska-streda\/#article\",\"isPartOf\":{\"@id\":\"https:\/\/fcspartaktrnava.com\/v-pohari-konecne-aj-doma-este-predtym-pride-dunajska-streda\/\"},\"author\":{\"name\":\"spartak\",\"@id\":\"https:\/\/fcspartaktrnava.com\/#\/schema\/person\/24bc5b254af14f71d7d8af178790aa75\"},\"headline\":\"V\u00a0poh\u00e1ri kone\u010dne aj doma, e\u0161te predt\u00fdm pr\u00edde Dunajsk\u00e1 Streda\",\"datePublished\":\"2024-03-07T06:45:57+00:00\",\"dateModified\":\"2024-03-07T06:45:58+00:00\",\"mainEntityOfPage\":{\"@id\":\"https:\/\/fcspartaktrnava.com\/v-pohari-konecne-aj-doma-este-predtym-pride-dunajska-streda\/\"},\"wordCount\":639,\"publisher\":{\"@id\":\"https:\/\/fcspartaktrnava.com\/#organization\"},\"image\":{\"@id\":\"https:\/\/fcspartaktrnava.com\/v-pohari-konecne-aj-doma-este-predtym-pride-dunajska-streda\/#primaryimage\"},\"thumbnailUrl\":\"https:\/\/fcspartaktrnava.com\/wp-content\/uploads\/2024\/03\/DSC_8225-1-scaled.jpg\",\"articleSection\":[\"Spr\u00e1vy\"],\"inLanguage\":\"en-GB\"},{\"@type\":\"WebPage\",\"@id\":\"https:\/\/fcspartaktrnava.com\/v-pohari-konecne-aj-doma-este-predtym-pride-dunajska-streda\/\",\"url\":\"https:\/\/fcspartaktrnava.com\/v-pohari-konecne-aj-doma-este-predtym-pride-dunajska-streda\/\",\"name\":\"V\u00a0poh\u00e1ri kone\u010dne aj doma, e\u0161te predt\u00fdm pr\u00edde Dunajsk\u00e1 Streda - FC Spartak Trnava\",\"isPartOf\":{\"@id\":\"https:\/\/fcspartaktrnava.com\/#website\"},\"primaryImageOfPage\":{\"@id\":\"https:\/\/fcspartaktrnava.com\/v-pohari-konecne-aj-doma-este-predtym-pride-dunajska-streda\/#primaryimage\"},\"image\":{\"@id\":\"https:\/\/fcspartaktrnava.com\/v-pohari-konecne-aj-doma-este-predtym-pride-dunajska-streda\/#primaryimage\"},\"thumbnailUrl\":\"https:\/\/fcspartaktrnava.com\/wp-content\/uploads\/2024\/03\/DSC_8225-1-scaled.jpg\",\"datePublished\":\"2024-03-07T06:45:57+00:00\",\"dateModified\":\"2024-03-07T06:45:58+00:00\",\"breadcrumb\":{\"@id\":\"https:\/\/fcspartaktrnava.com\/v-pohari-konecne-aj-doma-este-predtym-pride-dunajska-streda\/#breadcrumb\"},\"inLanguage\":\"en-GB\",\"potentialAction\":[{\"@type\":\"ReadAction\",\"target\":[\"https:\/\/fcspartaktrnava.com\/v-pohari-konecne-aj-doma-este-predtym-pride-dunajska-streda\/\"]}]},{\"@type\":\"ImageObject\",\"inLanguage\":\"en-GB\",\"@id\":\"https:\/\/fcspartaktrnava.com\/v-pohari-konecne-aj-doma-este-predtym-pride-dunajska-streda\/#primaryimage\",\"url\":\"https:\/\/fcspartaktrnava.com\/wp-content\/uploads\/2024\/03\/DSC_8225-1-scaled.jpg\",\"contentUrl\":\"https:\/\/fcspartaktrnava.com\/wp-content\/uploads\/2024\/03\/DSC_8225-1-scaled.jpg\",\"width\":2560,\"height\":1703},{\"@type\":\"BreadcrumbList\",\"@id\":\"https:\/\/fcspartaktrnava.com\/v-pohari-konecne-aj-doma-este-predtym-pride-dunajska-streda\/#breadcrumb\",\"itemListElement\":[{\"@type\":\"ListItem\",\"position\":1,\"name\":\"Home\",\"item\":\"https:\/\/fcspartaktrnava.com\/\"},{\"@type\":\"ListItem\",\"position\":2,\"name\":\"V\u00a0poh\u00e1ri kone\u010dne aj doma, e\u0161te predt\u00fdm pr\u00edde Dunajsk\u00e1 Streda\"}]},{\"@type\":\"WebSite\",\"@id\":\"https:\/\/fcspartaktrnava.com\/#website\",\"url\":\"https:\/\/fcspartaktrnava.com\/\",\"name\":\"FC Spartak Trnava\",\"description\":\"ofici\u00e1lna webstr\u00e1nka futbalov\u00e9ho klubu\",\"publisher\":{\"@id\":\"https:\/\/fcspartaktrnava.com\/#organization\"},\"potentialAction\":[{\"@type\":\"SearchAction\",\"target\":{\"@type\":\"EntryPoint\",\"urlTemplate\":\"https:\/\/fcspartaktrnava.com\/?s={search_term_string}\"},\"query-input\":{\"@type\":\"PropertyValueSpecification\",\"valueRequired\":true,\"valueName\":\"search_term_string\"}}],\"inLanguage\":\"en-GB\"},{\"@type\":\"Organization\",\"@id\":\"https:\/\/fcspartaktrnava.com\/#organization\",\"name\":\"FC Spartak Trnava\",\"alternateName\":\"Spartak\",\"url\":\"https:\/\/fcspartaktrnava.com\/\",\"logo\":{\"@type\":\"ImageObject\",\"inLanguage\":\"en-GB\",\"@id\":\"https:\/\/fcspartaktrnava.com\/#\/schema\/logo\/image\/\",\"url\":\"https:\/\/fcspartaktrnava.com\/wp-content\/uploads\/2022\/08\/cropped-site_logo.png\",\"contentUrl\":\"https:\/\/fcspartaktrnava.com\/wp-content\/uploads\/2022\/08\/cropped-site_logo.png\",\"width\":140,\"height\":140,\"caption\":\"FC Spartak Trnava\"},\"image\":{\"@id\":\"https:\/\/fcspartaktrnava.com\/#\/schema\/logo\/image\/\"},\"sameAs\":[\"https:\/\/www.facebook.com\/SpartakTrnava\",\"https:\/\/x.com\/SpartakTrnava1\",\"https:\/\/www.instagram.com\/spartak_sk\/\"]},{\"@type\":\"Person\",\"@id\":\"https:\/\/fcspartaktrnava.com\/#\/schema\/person\/24bc5b254af14f71d7d8af178790aa75\",\"name\":\"spartak\",\"image\":{\"@type\":\"ImageObject\",\"inLanguage\":\"en-GB\",\"@id\":\"https:\/\/fcspartaktrnava.com\/#\/schema\/person\/image\/\",\"url\":\"https:\/\/secure.gravatar.com\/avatar\/f8ff8584f3fcf3909a11a6da9019f37749183b4015bca14e64556c52614cdc7f?s=96&d=mm&r=g\",\"contentUrl\":\"https:\/\/secure.gravatar.com\/avatar\/f8ff8584f3fcf3909a11a6da9019f37749183b4015bca14e64556c52614cdc7f?s=96&d=mm&r=g\",\"caption\":\"spartak\"},\"url\":\"https:\/\/fcspartaktrnava.com\/en\/author\/spartak\/\"}]}<\/script>\n<!-- \/ Yoast SEO plugin. -->","yoast_head_json":{"title":"V\u00a0poh\u00e1ri kone\u010dne aj doma, e\u0161te predt\u00fdm pr\u00edde Dunajsk\u00e1 Streda - FC Spartak Trnava","robots":{"index":"index","follow":"follow","max-snippet":"max-snippet:-1","max-image-preview":"max-image-preview:large","max-video-preview":"max-video-preview:-1"},"canonical":"https:\/\/fcspartaktrnava.com\/en\/v-pohari-konecne-aj-doma-este-predtym-pride-dunajska-streda\/","twitter_misc":{"Written by":"spartak","Estimated reading time":"3 minutes"},"schema":{"@context":"https:\/\/schema.org","@graph":[{"@type":"Article","@id":"https:\/\/fcspartaktrnava.com\/v-pohari-konecne-aj-doma-este-predtym-pride-dunajska-streda\/#article","isPartOf":{"@id":"https:\/\/fcspartaktrnava.com\/v-pohari-konecne-aj-doma-este-predtym-pride-dunajska-streda\/"},"author":{"name":"spartak","@id":"https:\/\/fcspartaktrnava.com\/#\/schema\/person\/24bc5b254af14f71d7d8af178790aa75"},"headline":"V\u00a0poh\u00e1ri kone\u010dne aj doma, e\u0161te predt\u00fdm pr\u00edde Dunajsk\u00e1 Streda","datePublished":"2024-03-07T06:45:57+00:00","dateModified":"2024-03-07T06:45:58+00:00","mainEntityOfPage":{"@id":"https:\/\/fcspartaktrnava.com\/v-pohari-konecne-aj-doma-este-predtym-pride-dunajska-streda\/"},"wordCount":639,"publisher":{"@id":"https:\/\/fcspartaktrnava.com\/#organization"},"image":{"@id":"https:\/\/fcspartaktrnava.com\/v-pohari-konecne-aj-doma-este-predtym-pride-dunajska-streda\/#primaryimage"},"thumbnailUrl":"https:\/\/fcspartaktrnava.com\/wp-content\/uploads\/2024\/03\/DSC_8225-1-scaled.jpg","articleSection":["Spr\u00e1vy"],"inLanguage":"en-GB"},{"@type":"WebPage","@id":"https:\/\/fcspartaktrnava.com\/v-pohari-konecne-aj-doma-este-predtym-pride-dunajska-streda\/","url":"https:\/\/fcspartaktrnava.com\/v-pohari-konecne-aj-doma-este-predtym-pride-dunajska-streda\/","name":"V\u00a0poh\u00e1ri kone\u010dne aj doma, e\u0161te predt\u00fdm pr\u00edde Dunajsk\u00e1 Streda - FC Spartak Trnava","isPartOf":{"@id":"https:\/\/fcspartaktrnava.com\/#website"},"primaryImageOfPage":{"@id":"https:\/\/fcspartaktrnava.com\/v-pohari-konecne-aj-doma-este-predtym-pride-dunajska-streda\/#primaryimage"},"image":{"@id":"https:\/\/fcspartaktrnava.com\/v-pohari-konecne-aj-doma-este-predtym-pride-dunajska-streda\/#primaryimage"},"thumbnailUrl":"https:\/\/fcspartaktrnava.com\/wp-content\/uploads\/2024\/03\/DSC_8225-1-scaled.jpg","datePublished":"2024-03-07T06:45:57+00:00","dateModified":"2024-03-07T06:45:58+00:00","breadcrumb":{"@id":"https:\/\/fcspartaktrnava.com\/v-pohari-konecne-aj-doma-este-predtym-pride-dunajska-streda\/#breadcrumb"},"inLanguage":"en-GB","potentialAction":[{"@type":"ReadAction","target":["https:\/\/fcspartaktrnava.com\/v-pohari-konecne-aj-doma-este-predtym-pride-dunajska-streda\/"]}]},{"@type":"ImageObject","inLanguage":"en-GB","@id":"https:\/\/fcspartaktrnava.com\/v-pohari-konecne-aj-doma-este-predtym-pride-dunajska-streda\/#primaryimage","url":"https:\/\/fcspartaktrnava.com\/wp-content\/uploads\/2024\/03\/DSC_8225-1-scaled.jpg","contentUrl":"https:\/\/fcspartaktrnava.com\/wp-content\/uploads\/2024\/03\/DSC_8225-1-scaled.jpg","width":2560,"height":1703},{"@type":"BreadcrumbList","@id":"https:\/\/fcspartaktrnava.com\/v-pohari-konecne-aj-doma-este-predtym-pride-dunajska-streda\/#breadcrumb","itemListElement":[{"@type":"ListItem","position":1,"name":"Home","item":"https:\/\/fcspartaktrnava.com\/"},{"@type":"ListItem","position":2,"name":"V\u00a0poh\u00e1ri kone\u010dne aj doma, e\u0161te predt\u00fdm pr\u00edde Dunajsk\u00e1 Streda"}]},{"@type":"WebSite","@id":"https:\/\/fcspartaktrnava.com\/#website","url":"https:\/\/fcspartaktrnava.com\/","name":"FC Spartak Trnava","description":"ofici\u00e1lna webstr\u00e1nka futbalov\u00e9ho klubu","publisher":{"@id":"https:\/\/fcspartaktrnava.com\/#organization"},"potentialAction":[{"@type":"SearchAction","target":{"@type":"EntryPoint","urlTemplate":"https:\/\/fcspartaktrnava.com\/?s={search_term_string}"},"query-input":{"@type":"PropertyValueSpecification","valueRequired":true,"valueName":"search_term_string"}}],"inLanguage":"en-GB"},{"@type":"Organization","@id":"https:\/\/fcspartaktrnava.com\/#organization","name":"FC Spartak Trnava","alternateName":"Spartak","url":"https:\/\/fcspartaktrnava.com\/","logo":{"@type":"ImageObject","inLanguage":"en-GB","@id":"https:\/\/fcspartaktrnava.com\/#\/schema\/logo\/image\/","url":"https:\/\/fcspartaktrnava.com\/wp-content\/uploads\/2022\/08\/cropped-site_logo.png","contentUrl":"https:\/\/fcspartaktrnava.com\/wp-content\/uploads\/2022\/08\/cropped-site_logo.png","width":140,"height":140,"caption":"FC Spartak Trnava"},"image":{"@id":"https:\/\/fcspartaktrnava.com\/#\/schema\/logo\/image\/"},"sameAs":["https:\/\/www.facebook.com\/SpartakTrnava","https:\/\/x.com\/SpartakTrnava1","https:\/\/www.instagram.com\/spartak_sk\/"]},{"@type":"Person","@id":"https:\/\/fcspartaktrnava.com\/#\/schema\/person\/24bc5b254af14f71d7d8af178790aa75","name":"spartak","image":{"@type":"ImageObject","inLanguage":"en-GB","@id":"https:\/\/fcspartaktrnava.com\/#\/schema\/person\/image\/","url":"https:\/\/secure.gravatar.com\/avatar\/f8ff8584f3fcf3909a11a6da9019f37749183b4015bca14e64556c52614cdc7f?s=96&d=mm&r=g","contentUrl":"https:\/\/secure.gravatar.com\/avatar\/f8ff8584f3fcf3909a11a6da9019f37749183b4015bca14e64556c52614cdc7f?s=96&d=mm&r=g","caption":"spartak"},"url":"https:\/\/fcspartaktrnava.com\/en\/author\/spartak\/"}]}},"_links":{"self":[{"href":"https:\/\/fcspartaktrnava.com\/en\/wp-json\/wp\/v2\/posts\/15397","targetHints":{"allow":["GET"]}}],"collection":[{"href":"https:\/\/fcspartaktrnava.com\/en\/wp-json\/wp\/v2\/posts"}],"about":[{"href":"https:\/\/fcspartaktrnava.com\/en\/wp-json\/wp\/v2\/types\/post"}],"author":[{"embeddable":true,"href":"https:\/\/fcspartaktrnava.com\/en\/wp-json\/wp\/v2\/users\/2"}],"replies":[{"embeddable":true,"href":"https:\/\/fcspartaktrnava.com\/en\/wp-json\/wp\/v2\/comments?post=15397"}],"version-history":[{"count":0,"href":"https:\/\/fcspartaktrnava.com\/en\/wp-json\/wp\/v2\/posts\/15397\/revisions"}],"wp:featuredmedia":[{"embeddable":true,"href":"https:\/\/fcspartaktrnava.com\/en\/wp-json\/wp\/v2\/media\/15398"}],"wp:attachment":[{"href":"https:\/\/fcspartaktrnava.com\/en\/wp-json\/wp\/v2\/media?parent=15397"}],"wp:term":[{"taxonomy":"category","embeddable":true,"href":"https:\/\/fcspartaktrnava.com\/en\/wp-json\/wp\/v2\/categories?post=15397"},{"taxonomy":"post_tag","embeddable":true,"href":"https:\/\/fcspartaktrnava.com\/en\/wp-json\/wp\/v2\/tags?post=15397"}],"curies":[{"name":"wp","href":"https:\/\/api.w.org\/{rel}","templated":true}]}}