{"id":15109,"date":"2024-03-01T12:10:52","date_gmt":"2024-03-01T10:10:52","guid":{"rendered":"https:\/\/fcspartaktrnava.com\/?p=15109"},"modified":"2024-03-01T20:15:23","modified_gmt":"2024-03-01T18:15:23","slug":"zakladnu-cast-uzavrie-derby","status":"publish","type":"post","link":"https:\/\/fcspartaktrnava.com\/en\/zakladnu-cast-uzavrie-derby\/","title":{"rendered":"Z\u00e1kladn\u00fa \u010das\u0165 uzavrie derby"},"content":{"rendered":"<p>V&nbsp;sobotu vyvrchol\u00ed z\u00e1kladn\u00e1 \u010das\u0165 Nik\u00e9 ligy posledn\u00fdm kolom, v&nbsp;ktorom sa v\u0161etk\u00fdch \u0161es\u0165 z\u00e1pasov odohr\u00e1 v&nbsp;rovnak\u00fd \u010das od 17. hodiny. Zhodou okolnost\u00ed a&nbsp;najm\u00e4 predch\u00e1dzaj\u00facich v\u00fdsledkov to bude asi najzauj\u00edmavej\u0161ie kolo, v&nbsp;ktorom bude p\u00e4\u0165 mu\u017estiev bojova\u0165 spolu aj na dia\u013eku o&nbsp;posledn\u00e9 tri postupov\u00e9 miesta do hornej \u0161estky. V&nbsp;s\u00faboji dvoch posledn\u00fdch mu\u017estiev zasa p\u00f4jde o&nbsp;to, \u010di Michalovce alebo Zlat\u00e9 Moravce dok\u00e1\u017eu preru\u0161i\u0165 celosez\u00f3nnu s\u00e9riu bez v\u00ed\u0165azstva.<\/p>\n\n\n\n<p>Ozdobou kola by malo by\u0165 nepochybne aj najsl\u00e1vnej\u0161ie slovensk\u00e9 derby medzi Slovanom a&nbsp;Spartakom. P\u00f4jde o&nbsp;s\u00faboj prv\u00e9ho s&nbsp;tret\u00edm, majstra s&nbsp;v\u00ed\u0165azom poh\u00e1ra.<\/p>\n\n\n\n<p>Spartakovci si pred zajtraj\u0161\u00edm z\u00e1pasom dnes dopoludnia naposledy zatr\u00e9novali na hlavnej ploche \u0160tadi\u00f3na Antona Malatinsk\u00e9ho. <strong><em>\u201eTe\u0161\u00edme sa, lebo to bude derby. S\u00fa to ve\u013emi \u0165a\u017ek\u00e9 z\u00e1pasy, o&nbsp;to viac, ke\u010f to bude na Slovane. Ver\u00edm, \u017ee sa dobre priprav\u00edme a&nbsp;d\u00fafam, \u017ee to zvl\u00e1dneme. Nejdeme si to u\u017e\u00edva\u0165, mus\u00edme hra\u0165 naplno. Vyhrali sme nad Bystricou, v\u00ed\u0165azstvo sme po t\u00fdch prv\u00fdch kol\u00e1ch potrebovali. Sme dobre naladen\u00ed a&nbsp;p\u00f4jdeme si to so Slovanom rozda\u0165,\u201c <\/em><\/strong>hovor\u00ed pred derby Erik Daniel.<\/p>\n\n\n\n<p>Trnava nad Slovanom vyhrala dva razy v&nbsp;najd\u00f4le\u017eitej\u0161\u00edch z\u00e1pasoch sez\u00f3ny \u2013 vo fin\u00e1le dom\u00e1ceho poh\u00e1ra. V&nbsp;lige v\u0161ak v&nbsp;tejto sez\u00f3ne doma prehrala 1:2 a&nbsp;aj celkovo nevyhrala nad svoj\u00edm s\u00faperom v&nbsp;ostatn\u00fdch deviatich z\u00e1pasoch. Naposledy na konci sez\u00f3ny 2020\/21 pri v\u00fdhre 3:0. Do tohto z\u00e1pasu nasko\u010dil aj Erik Daniel, vtedy e\u0161te hraj\u00faci za Slovan.<\/p>\n\n\n\n<p><strong><em>\u201eSlovan je ve\u013emi \u0165a\u017ek\u00fd s\u00faper, v&nbsp;lige sa n\u00e1m proti nim nedar\u00ed, no v&nbsp;poh\u00e1ri sa n\u00e1m to dva razy podarilo, tak neviem \u010do je lep\u0161ie. Teraz sa budeme sna\u017ei\u0165 ich zdola\u0165 aj v&nbsp;lige a&nbsp;d\u00fafam, \u017ee sa n\u00e1m to podar\u00ed. D\u00fafam, \u017ee zajtra bude dobr\u00e1 n\u00e1v\u0161teva a pr\u00edde ve\u013ea \u013eud\u00ed.\u201c<\/em><\/strong><\/p>\n\n\n\n<p>Tr\u00e9nerom bude ch\u00fdba\u0165 potrestan\u00fd Martin \u0160ulek, zranen\u00fd Miha Kompan Breznik, naopak, do tr\u00e9ningov\u00e9ho procesu sa vr\u00e1til uzdraven\u00fd Samuel \u0160tef\u00e1nik.<\/p>\n\n\n\n<p>Cel\u00fd rozhovor s&nbsp;Erikom Danielom si m\u00f4\u017eete pozrie\u0165 na klubovom youtube kan\u00e1li:<\/p>\n\n\n\n<figure class=\"wp-block-embed is-type-video is-provider-youtube wp-block-embed-youtube wp-embed-aspect-16-9 wp-has-aspect-ratio\"><div class=\"wp-block-embed__wrapper\">\n<iframe loading=\"lazy\" title=\"Erik Daniel pred z\u00e1pasom so Slovanom\" width=\"500\" height=\"281\" src=\"https:\/\/www.youtube.com\/embed\/FvMnDO_SowI?feature=oembed\" frameborder=\"0\" allow=\"accelerometer; autoplay; clipboard-write; encrypted-media; gyroscope; picture-in-picture; web-share\" referrerpolicy=\"strict-origin-when-cross-origin\" allowfullscreen><\/iframe>\n<\/div><\/figure>\n\n\n\n<p>Stretnutie Slovan Bratislava \u2013 Spartak Trnava m\u00e1 v\u00fdkop od 17. hodiny a&nbsp;v&nbsp;priamom prenose ho odvysiela TV Dajto a&nbsp;VOYO TV.<\/p>\n\n\n\n<div class=\"wp-block-group\"><div class=\"wp-block-group__inner-container is-layout-flow wp-block-group-is-layout-flow\">\n<p class=\"has-text-align-center\" style=\"font-size:16px\"><\/p>\n\n\n\n<div class=\"wp-block-group has-black-color has-text-color has-background\" style=\"background-color:#e2e7ec\"><div class=\"wp-block-group__inner-container is-layout-flow wp-block-group-is-layout-flow\">\n<p><strong><strong>Pokyny pre fan\u00fa\u0161ikov Spartaka<\/strong><\/strong><\/p>\n\n\n\n<p>Stretnutie je vyhl\u00e1sen\u00e9 za rizikov\u00e9, preto sa bud\u00fa vstupenky pred\u00e1va\u0165 iba online a&nbsp;bud\u00fa na meno. Mo\u017enos\u0165 zak\u00fapi\u0165 si vstupenku pre fan\u00fa\u0161ikov Spartaka je do dne\u0161n\u00e9ho d\u0148a do 17. hodiny. Pred vstupom na \u0161tadi\u00f3n je potrebn\u00e9 preuk\u00e1za\u0165 sa ob\u010dianskym preukazom, \u010di in\u00fdm dokladom toto\u017enosti.<\/p>\n\n\n\n<p>Fan\u00fa\u0161ikovia Spartaka vycestuj\u00fa do Bratislavy spolo\u010dne vlakom s\u00a0odchodom o\u00a014:39 a\u00a0na \u017eelezni\u010dnej zast\u00e1vke Vinohrady ich bud\u00fa \u010daka\u0165 autobusy, ktor\u00e9 ich prepravia k\u00a0\u0161tadi\u00f3nu.<\/p>\n\n\n\n<p>\u0160tadi\u00f3n sa otv\u00e1ra od 15:30 a\u00a0v\u00a0bufetoch sa bude da\u0165 plati\u0165 iba platobnou kartou. Pre v\u00e4\u010d\u0161\u00ed komfort a\u00a0koordin\u00e1ciu fan\u00fa\u0161ikov bude v\u00a0sektore host\u00ed aj usporiadate\u013esk\u00e1 slu\u017eba Spartaka Trnava. <\/p>\n\n\n\n<p>Pros\u00edme fan\u00fa\u0161ikov, aby slu\u0161ne reprezentovali n\u00e1\u0161 klub a vyvarovali sa ni\u010deniu sektora, sedadiel \u010di toaliet. Rovnako je zak\u00e1zan\u00e9 verb\u00e1lne \u010di inak prejavova\u0165 rasizmus, hanobi\u0165 in\u00fa rasu a xenof\u00f3biu. Pol\u00edcia a organiz\u00e1tor budu na to dohliada\u0165 kamerov\u00fdm syst\u00e9mom, a ked\u017ee ide o rizikov\u00fd z\u00e1pas, pokuty a tresty m\u00f4\u017eu by\u0165 viacn\u00e1sobn\u00e9.<br>Na\u0161\u00edm spolo\u010dn\u00fdm cie\u013eom je vyhra\u0165 na tr\u00e1vniku aj v h\u013eadisku.<br>\u010eakujeme.<\/p>\n<\/div><\/div>\n<\/div><\/div>\n\n\n\n<p><\/p>\n\n\n\n<p><\/p>","protected":false},"excerpt":{"rendered":"<p>V&nbsp;sobotu vyvrchol\u00ed z\u00e1kladn\u00e1 \u010das\u0165 Nik\u00e9 ligy posledn\u00fdm kolom,&#8230;<\/p>","protected":false},"author":2,"featured_media":15072,"comment_status":"closed","ping_status":"closed","sticky":false,"template":"","format":"standard","meta":{"footnotes":""},"categories":[94],"tags":[],"class_list":["post-15109","post","type-post","status-publish","format-standard","has-post-thumbnail","hentry","category-preview","post-number-1"],"yoast_head":"<!-- This site is optimized with the Yoast SEO plugin v27.1.1 - https:\/\/yoast.com\/product\/yoast-seo-wordpress\/ -->\n<title>Z\u00e1kladn\u00fa \u010das\u0165 uzavrie derby - FC Spartak Trnava<\/title>\n<meta name=\"robots\" content=\"index, follow, max-snippet:-1, max-image-preview:large, max-video-preview:-1\" \/>\n<link rel=\"canonical\" href=\"https:\/\/fcspartaktrnava.com\/en\/zakladnu-cast-uzavrie-derby\/\" \/>\n<meta name=\"twitter:label1\" content=\"Written by\" \/>\n\t<meta name=\"twitter:data1\" content=\"spartak\" \/>\n\t<meta name=\"twitter:label2\" content=\"Estimated reading time\" \/>\n\t<meta name=\"twitter:data2\" content=\"3 minutes\" \/>\n<script type=\"application\/ld+json\" class=\"yoast-schema-graph\">{\"@context\":\"https:\/\/schema.org\",\"@graph\":[{\"@type\":\"Article\",\"@id\":\"https:\/\/fcspartaktrnava.com\/zakladnu-cast-uzavrie-derby\/#article\",\"isPartOf\":{\"@id\":\"https:\/\/fcspartaktrnava.com\/zakladnu-cast-uzavrie-derby\/\"},\"author\":{\"name\":\"spartak\",\"@id\":\"https:\/\/fcspartaktrnava.com\/#\/schema\/person\/24bc5b254af14f71d7d8af178790aa75\"},\"headline\":\"Z\u00e1kladn\u00fa \u010das\u0165 uzavrie derby\",\"datePublished\":\"2024-03-01T10:10:52+00:00\",\"dateModified\":\"2024-03-01T18:15:23+00:00\",\"mainEntityOfPage\":{\"@id\":\"https:\/\/fcspartaktrnava.com\/zakladnu-cast-uzavrie-derby\/\"},\"wordCount\":663,\"publisher\":{\"@id\":\"https:\/\/fcspartaktrnava.com\/#organization\"},\"image\":{\"@id\":\"https:\/\/fcspartaktrnava.com\/zakladnu-cast-uzavrie-derby\/#primaryimage\"},\"thumbnailUrl\":\"https:\/\/fcspartaktrnava.com\/wp-content\/uploads\/2024\/03\/DSC_7322.jpg\",\"articleSection\":[\"preview\"],\"inLanguage\":\"en-GB\"},{\"@type\":\"WebPage\",\"@id\":\"https:\/\/fcspartaktrnava.com\/zakladnu-cast-uzavrie-derby\/\",\"url\":\"https:\/\/fcspartaktrnava.com\/zakladnu-cast-uzavrie-derby\/\",\"name\":\"Z\u00e1kladn\u00fa \u010das\u0165 uzavrie derby - FC Spartak Trnava\",\"isPartOf\":{\"@id\":\"https:\/\/fcspartaktrnava.com\/#website\"},\"primaryImageOfPage\":{\"@id\":\"https:\/\/fcspartaktrnava.com\/zakladnu-cast-uzavrie-derby\/#primaryimage\"},\"image\":{\"@id\":\"https:\/\/fcspartaktrnava.com\/zakladnu-cast-uzavrie-derby\/#primaryimage\"},\"thumbnailUrl\":\"https:\/\/fcspartaktrnava.com\/wp-content\/uploads\/2024\/03\/DSC_7322.jpg\",\"datePublished\":\"2024-03-01T10:10:52+00:00\",\"dateModified\":\"2024-03-01T18:15:23+00:00\",\"breadcrumb\":{\"@id\":\"https:\/\/fcspartaktrnava.com\/zakladnu-cast-uzavrie-derby\/#breadcrumb\"},\"inLanguage\":\"en-GB\",\"potentialAction\":[{\"@type\":\"ReadAction\",\"target\":[\"https:\/\/fcspartaktrnava.com\/zakladnu-cast-uzavrie-derby\/\"]}]},{\"@type\":\"ImageObject\",\"inLanguage\":\"en-GB\",\"@id\":\"https:\/\/fcspartaktrnava.com\/zakladnu-cast-uzavrie-derby\/#primaryimage\",\"url\":\"https:\/\/fcspartaktrnava.com\/wp-content\/uploads\/2024\/03\/DSC_7322.jpg\",\"contentUrl\":\"https:\/\/fcspartaktrnava.com\/wp-content\/uploads\/2024\/03\/DSC_7322.jpg\",\"width\":1520,\"height\":1013},{\"@type\":\"BreadcrumbList\",\"@id\":\"https:\/\/fcspartaktrnava.com\/zakladnu-cast-uzavrie-derby\/#breadcrumb\",\"itemListElement\":[{\"@type\":\"ListItem\",\"position\":1,\"name\":\"Home\",\"item\":\"https:\/\/fcspartaktrnava.com\/\"},{\"@type\":\"ListItem\",\"position\":2,\"name\":\"Z\u00e1kladn\u00fa \u010das\u0165 uzavrie derby\"}]},{\"@type\":\"WebSite\",\"@id\":\"https:\/\/fcspartaktrnava.com\/#website\",\"url\":\"https:\/\/fcspartaktrnava.com\/\",\"name\":\"FC Spartak Trnava\",\"description\":\"ofici\u00e1lna webstr\u00e1nka futbalov\u00e9ho klubu\",\"publisher\":{\"@id\":\"https:\/\/fcspartaktrnava.com\/#organization\"},\"potentialAction\":[{\"@type\":\"SearchAction\",\"target\":{\"@type\":\"EntryPoint\",\"urlTemplate\":\"https:\/\/fcspartaktrnava.com\/?s={search_term_string}\"},\"query-input\":{\"@type\":\"PropertyValueSpecification\",\"valueRequired\":true,\"valueName\":\"search_term_string\"}}],\"inLanguage\":\"en-GB\"},{\"@type\":\"Organization\",\"@id\":\"https:\/\/fcspartaktrnava.com\/#organization\",\"name\":\"FC Spartak Trnava\",\"alternateName\":\"Spartak\",\"url\":\"https:\/\/fcspartaktrnava.com\/\",\"logo\":{\"@type\":\"ImageObject\",\"inLanguage\":\"en-GB\",\"@id\":\"https:\/\/fcspartaktrnava.com\/#\/schema\/logo\/image\/\",\"url\":\"https:\/\/fcspartaktrnava.com\/wp-content\/uploads\/2022\/08\/cropped-site_logo.png\",\"contentUrl\":\"https:\/\/fcspartaktrnava.com\/wp-content\/uploads\/2022\/08\/cropped-site_logo.png\",\"width\":140,\"height\":140,\"caption\":\"FC Spartak Trnava\"},\"image\":{\"@id\":\"https:\/\/fcspartaktrnava.com\/#\/schema\/logo\/image\/\"},\"sameAs\":[\"https:\/\/www.facebook.com\/SpartakTrnava\",\"https:\/\/x.com\/SpartakTrnava1\",\"https:\/\/www.instagram.com\/spartak_sk\/\"]},{\"@type\":\"Person\",\"@id\":\"https:\/\/fcspartaktrnava.com\/#\/schema\/person\/24bc5b254af14f71d7d8af178790aa75\",\"name\":\"spartak\",\"image\":{\"@type\":\"ImageObject\",\"inLanguage\":\"en-GB\",\"@id\":\"https:\/\/fcspartaktrnava.com\/#\/schema\/person\/image\/\",\"url\":\"https:\/\/secure.gravatar.com\/avatar\/f8ff8584f3fcf3909a11a6da9019f37749183b4015bca14e64556c52614cdc7f?s=96&d=mm&r=g\",\"contentUrl\":\"https:\/\/secure.gravatar.com\/avatar\/f8ff8584f3fcf3909a11a6da9019f37749183b4015bca14e64556c52614cdc7f?s=96&d=mm&r=g\",\"caption\":\"spartak\"},\"url\":\"https:\/\/fcspartaktrnava.com\/en\/author\/spartak\/\"}]}<\/script>\n<!-- \/ Yoast SEO plugin. -->","yoast_head_json":{"title":"Z\u00e1kladn\u00fa \u010das\u0165 uzavrie derby - FC Spartak Trnava","robots":{"index":"index","follow":"follow","max-snippet":"max-snippet:-1","max-image-preview":"max-image-preview:large","max-video-preview":"max-video-preview:-1"},"canonical":"https:\/\/fcspartaktrnava.com\/en\/zakladnu-cast-uzavrie-derby\/","twitter_misc":{"Written by":"spartak","Estimated reading time":"3 minutes"},"schema":{"@context":"https:\/\/schema.org","@graph":[{"@type":"Article","@id":"https:\/\/fcspartaktrnava.com\/zakladnu-cast-uzavrie-derby\/#article","isPartOf":{"@id":"https:\/\/fcspartaktrnava.com\/zakladnu-cast-uzavrie-derby\/"},"author":{"name":"spartak","@id":"https:\/\/fcspartaktrnava.com\/#\/schema\/person\/24bc5b254af14f71d7d8af178790aa75"},"headline":"Z\u00e1kladn\u00fa \u010das\u0165 uzavrie derby","datePublished":"2024-03-01T10:10:52+00:00","dateModified":"2024-03-01T18:15:23+00:00","mainEntityOfPage":{"@id":"https:\/\/fcspartaktrnava.com\/zakladnu-cast-uzavrie-derby\/"},"wordCount":663,"publisher":{"@id":"https:\/\/fcspartaktrnava.com\/#organization"},"image":{"@id":"https:\/\/fcspartaktrnava.com\/zakladnu-cast-uzavrie-derby\/#primaryimage"},"thumbnailUrl":"https:\/\/fcspartaktrnava.com\/wp-content\/uploads\/2024\/03\/DSC_7322.jpg","articleSection":["preview"],"inLanguage":"en-GB"},{"@type":"WebPage","@id":"https:\/\/fcspartaktrnava.com\/zakladnu-cast-uzavrie-derby\/","url":"https:\/\/fcspartaktrnava.com\/zakladnu-cast-uzavrie-derby\/","name":"Z\u00e1kladn\u00fa \u010das\u0165 uzavrie derby - FC Spartak Trnava","isPartOf":{"@id":"https:\/\/fcspartaktrnava.com\/#website"},"primaryImageOfPage":{"@id":"https:\/\/fcspartaktrnava.com\/zakladnu-cast-uzavrie-derby\/#primaryimage"},"image":{"@id":"https:\/\/fcspartaktrnava.com\/zakladnu-cast-uzavrie-derby\/#primaryimage"},"thumbnailUrl":"https:\/\/fcspartaktrnava.com\/wp-content\/uploads\/2024\/03\/DSC_7322.jpg","datePublished":"2024-03-01T10:10:52+00:00","dateModified":"2024-03-01T18:15:23+00:00","breadcrumb":{"@id":"https:\/\/fcspartaktrnava.com\/zakladnu-cast-uzavrie-derby\/#breadcrumb"},"inLanguage":"en-GB","potentialAction":[{"@type":"ReadAction","target":["https:\/\/fcspartaktrnava.com\/zakladnu-cast-uzavrie-derby\/"]}]},{"@type":"ImageObject","inLanguage":"en-GB","@id":"https:\/\/fcspartaktrnava.com\/zakladnu-cast-uzavrie-derby\/#primaryimage","url":"https:\/\/fcspartaktrnava.com\/wp-content\/uploads\/2024\/03\/DSC_7322.jpg","contentUrl":"https:\/\/fcspartaktrnava.com\/wp-content\/uploads\/2024\/03\/DSC_7322.jpg","width":1520,"height":1013},{"@type":"BreadcrumbList","@id":"https:\/\/fcspartaktrnava.com\/zakladnu-cast-uzavrie-derby\/#breadcrumb","itemListElement":[{"@type":"ListItem","position":1,"name":"Home","item":"https:\/\/fcspartaktrnava.com\/"},{"@type":"ListItem","position":2,"name":"Z\u00e1kladn\u00fa \u010das\u0165 uzavrie derby"}]},{"@type":"WebSite","@id":"https:\/\/fcspartaktrnava.com\/#website","url":"https:\/\/fcspartaktrnava.com\/","name":"FC Spartak Trnava","description":"ofici\u00e1lna webstr\u00e1nka futbalov\u00e9ho klubu","publisher":{"@id":"https:\/\/fcspartaktrnava.com\/#organization"},"potentialAction":[{"@type":"SearchAction","target":{"@type":"EntryPoint","urlTemplate":"https:\/\/fcspartaktrnava.com\/?s={search_term_string}"},"query-input":{"@type":"PropertyValueSpecification","valueRequired":true,"valueName":"search_term_string"}}],"inLanguage":"en-GB"},{"@type":"Organization","@id":"https:\/\/fcspartaktrnava.com\/#organization","name":"FC Spartak Trnava","alternateName":"Spartak","url":"https:\/\/fcspartaktrnava.com\/","logo":{"@type":"ImageObject","inLanguage":"en-GB","@id":"https:\/\/fcspartaktrnava.com\/#\/schema\/logo\/image\/","url":"https:\/\/fcspartaktrnava.com\/wp-content\/uploads\/2022\/08\/cropped-site_logo.png","contentUrl":"https:\/\/fcspartaktrnava.com\/wp-content\/uploads\/2022\/08\/cropped-site_logo.png","width":140,"height":140,"caption":"FC Spartak Trnava"},"image":{"@id":"https:\/\/fcspartaktrnava.com\/#\/schema\/logo\/image\/"},"sameAs":["https:\/\/www.facebook.com\/SpartakTrnava","https:\/\/x.com\/SpartakTrnava1","https:\/\/www.instagram.com\/spartak_sk\/"]},{"@type":"Person","@id":"https:\/\/fcspartaktrnava.com\/#\/schema\/person\/24bc5b254af14f71d7d8af178790aa75","name":"spartak","image":{"@type":"ImageObject","inLanguage":"en-GB","@id":"https:\/\/fcspartaktrnava.com\/#\/schema\/person\/image\/","url":"https:\/\/secure.gravatar.com\/avatar\/f8ff8584f3fcf3909a11a6da9019f37749183b4015bca14e64556c52614cdc7f?s=96&d=mm&r=g","contentUrl":"https:\/\/secure.gravatar.com\/avatar\/f8ff8584f3fcf3909a11a6da9019f37749183b4015bca14e64556c52614cdc7f?s=96&d=mm&r=g","caption":"spartak"},"url":"https:\/\/fcspartaktrnava.com\/en\/author\/spartak\/"}]}},"_links":{"self":[{"href":"https:\/\/fcspartaktrnava.com\/en\/wp-json\/wp\/v2\/posts\/15109","targetHints":{"allow":["GET"]}}],"collection":[{"href":"https:\/\/fcspartaktrnava.com\/en\/wp-json\/wp\/v2\/posts"}],"about":[{"href":"https:\/\/fcspartaktrnava.com\/en\/wp-json\/wp\/v2\/types\/post"}],"author":[{"embeddable":true,"href":"https:\/\/fcspartaktrnava.com\/en\/wp-json\/wp\/v2\/users\/2"}],"replies":[{"embeddable":true,"href":"https:\/\/fcspartaktrnava.com\/en\/wp-json\/wp\/v2\/comments?post=15109"}],"version-history":[{"count":0,"href":"https:\/\/fcspartaktrnava.com\/en\/wp-json\/wp\/v2\/posts\/15109\/revisions"}],"wp:featuredmedia":[{"embeddable":true,"href":"https:\/\/fcspartaktrnava.com\/en\/wp-json\/wp\/v2\/media\/15072"}],"wp:attachment":[{"href":"https:\/\/fcspartaktrnava.com\/en\/wp-json\/wp\/v2\/media?parent=15109"}],"wp:term":[{"taxonomy":"category","embeddable":true,"href":"https:\/\/fcspartaktrnava.com\/en\/wp-json\/wp\/v2\/categories?post=15109"},{"taxonomy":"post_tag","embeddable":true,"href":"https:\/\/fcspartaktrnava.com\/en\/wp-json\/wp\/v2\/tags?post=15109"}],"curies":[{"name":"wp","href":"https:\/\/api.w.org\/{rel}","templated":true}]}}