{"id":14892,"date":"2024-02-24T18:45:38","date_gmt":"2024-02-24T16:45:38","guid":{"rendered":"https:\/\/fcspartaktrnava.com\/?p=14892"},"modified":"2024-02-25T11:22:13","modified_gmt":"2024-02-25T09:22:13","slug":"dvojgolovy-duris-zaistil-spartaku-prvu-sestku","status":"publish","type":"post","link":"https:\/\/fcspartaktrnava.com\/en\/dvojgolovy-duris-zaistil-spartaku-prvu-sestku\/","title":{"rendered":"Dvojg\u00f3lov\u00fd \u010euri\u0161 zaistil Spartaku prv\u00fa \u0161estku"},"content":{"rendered":"<div class=\"wp-block-group\"><div class=\"wp-block-group__inner-container is-layout-flow wp-block-group-is-layout-flow\">\n<p class=\"has-text-align-center\" style=\"font-size:16px\">\u0160tadi\u00f3n Antona Malatinsk\u00e9ho, Nik\u00e9 liga, 21. kolo, 24. 2. 2023 o 15:00<\/p>\n\n\n\n<p class=\"has-text-align-center has-large-font-size\">FC SPARTAK TRNAVA<br>DUKLA BANSK\u00c1 BYSTRICA<\/p>\n\n\n\n<p class=\"has-text-align-center has-x-large-font-size\" style=\"font-style:normal;font-weight:600\">2:0 <\/p>\n\n\n\n<div class=\"wp-block-group has-black-color has-text-color has-background\" style=\"background-color:#e2e7ec\"><div class=\"wp-block-group__inner-container is-layout-flow wp-block-group-is-layout-flow\">\n<p><strong>SPARTAK:<\/strong><\/p>\n\n\n\n<p>Tak\u00e1\u010d \u2013 &nbsp;Ko\u0161trna, \u0160tetina, K\u00f3\u0161a, Mikovi\u010d \u2013 Zeljkovi\u010d \u2013 &nbsp;Azango (59. Ofori), Proch\u00e1zka, Bern\u00e1t (78. Bukata), Daniel (78. Djuri\u010d) \u2013 \u010euri\u0161 (89. Poznar)<\/p>\n\n\n\n<p><strong>DUKLA:<\/strong><\/p>\n\n\n\n<p>Hru\u0161ka \u2013 Miga\u013ea (70. Veselovsk\u00fd), God\u00e1l, Willw\u00e9ber \u2013 Pi\u0161oja, Hlinka, Richt\u00e1rech (70. Marquinho), Pova\u017eanec (58. Depetris), Z\u00e1humensk\u00fd \u2013 Rymarenko, Polievka (82. Slebodn\u00edk) &nbsp;&nbsp;<\/p>\n\n\n\n<p><strong>Goals: <\/strong>22. \u010euri\u0161 (Daniel), 33. \u010euri\u0161 (Proch\u00e1zka) &nbsp;<\/p>\n\n\n\n<p><strong>Yellow cards: <\/strong>Richt\u00e1rech &nbsp;<\/p>\n\n\n\n<p><strong>Judges: <\/strong>O\u010den\u00e1\u0161 \u2013 Straka, Vitko &nbsp;<\/p>\n\n\n\n<p><strong>Spectators<\/strong>: 4057<\/p>\n\n\n\n<p><strong>Half time: <\/strong>2:0<\/p>\n<\/div><\/div>\n<\/div><\/div>\n\n\n\n<p>Do z\u00e1kladnej zostavy proti Banskej Bystrici sa vr\u00e1til ako kapit\u00e1n Martin Mikovi\u010d, na poz\u00edciu \u0161estky zase Adrian Zeljkovi\u010d.<\/p>\n\n\n\n<p><strong>Prv\u00fd pol\u010das rozhodol dvomi g\u00f3lmi Michal \u010euri\u0161, ktor\u00fd uk\u00e1zal v&nbsp;oboch pr\u00edpadoch pokoj sk\u00fasen\u00e9ho hr\u00e1\u010da a&nbsp;in\u0161tinkt strelca. Spartak bol akt\u00edvny a&nbsp;na rozdiel od predo\u0161l\u00fdch z\u00e1pasov pri\u0161li aj premenen\u00e9 \u0161ance.<\/strong><\/p>\n\n\n\n<p>11<\/p>\n\n\n\n<p>Po rohu z&nbsp;pravej strany sa do zakon\u010denia dostal Adrian Zeljkovi\u010d a&nbsp;hlavou mieril tesne mimo br\u00e1nky Mat\u00fa\u0161a Hru\u0161ku. Spartak mal po\u010das prv\u00fdch desiatich min\u00fat s\u00favisl\u00fd tlak a&nbsp;dr\u017eal loptu.<\/p>\n\n\n\n<p>13<\/p>\n\n\n\n<p>Na druhej strane po zav\u00e1han\u00ed trnavskej obrany za\u00fato\u010dili R\u00f3bert Polievka, Timotej Z\u00e1humensk\u00fd a&nbsp;Martin Rymarenko, ale na\u0161\u0165astie pre n\u00e1s, posledn\u00fd menovan\u00fd minul br\u00e1nku a&nbsp;sk\u00f3re sa nemenilo.<\/p>\n\n\n\n<p>22<\/p>\n\n\n\n<p>D\u00f4le\u017eitos\u0165 Michala \u010euri\u0161a v&nbsp;na\u0161om \u00fatoku sa uk\u00e1zala v&nbsp;22. min\u00fate, ke\u010f Martin Mikovi\u010d prihral Erikovi Danielovi, ktor\u00fd na\u0161iel pr\u00e1ve sk\u00fasen\u00e9ho strelca na hranici \u0161estn\u00e1stky. G\u00f3lu predch\u00e1dzala \u0161ikovn\u00e1 oto\u010dka okolo br\u00e1niaceho hr\u00e1\u010da a&nbsp;technick\u00e1 strela za brank\u00e1ra Dukly \u2013 1:0.<\/p>\n\n\n\n<p>26<\/p>\n\n\n\n<p>Tlak po g\u00f3le pokra\u010doval a&nbsp;pred br\u00e1nkou Banskej Bystrice to miestami horelo. Technickou strelou minul tesne priestor troch \u017erd\u00ed J\u00e1n Bern\u00e1t, n\u00e1sledn\u00fd rohov\u00fd kop udr\u017eal Spartak pri lopte \u010fal\u0161ie min\u00faty.<\/p>\n\n\n\n<p>33<\/p>\n\n\n\n<p>Michal \u010euri\u0161 2:0. Roman Proch\u00e1zka z\u00edskal v&nbsp;strede po\u013ea loptu a&nbsp;posunul ju na hrot medzi stop\u00e9rov Dukly, ktor\u00ed si nerozumeli a&nbsp;n\u00e1\u0161 \u00fato\u010dn\u00edk u\u017e smeroval s\u00e1m na br\u00e1nku. Sk\u00fasene si po\u010dkal,&nbsp;nedal Mat\u00fa\u0161ovi Hru\u0161kovi \u0161ancu a&nbsp;zv\u00fd\u0161il vedenie.<\/p>\n\n\n\n<p>42<\/p>\n\n\n\n<p>Dukla mohla zn\u00ed\u017ei\u0165 kr\u00e1tko pred odchodom do kab\u00edn, ale po rohovom kope namieril z&nbsp;voleja Miga\u013ea do vlastn\u00e9ho spoluhr\u00e1\u010da a&nbsp;pr\u00e1ve Hlinkov te\u010d poslal loptu nad br\u00e1nku.<\/p>\n\n\n\n<p><strong>V druhom pol\u010dase mali spartakovci nieko\u013eko pr\u00edle\u017eitost\u00ed prida\u0165 tret\u00ed g\u00f3l, ale v niektor\u00fdch okamihoch sa a\u017e pr\u00edli\u0161 sna\u017eili dopria\u0165 hetrik Michalovi \u010euri\u0161ovi. Spartak celoz\u00e1pasov\u00fa prevahu pretavil do v\u00fdhry 2:0, \u010d\u00edm si poistil \u00fa\u010das\u0165 v&nbsp;prvej \u0161estke, Dominik Tak\u00e1\u010d si udr\u017eal po \u00f4smykr\u00e1t v sez\u00f3ne \u010dist\u00e9 konto.&nbsp;<\/strong><\/p>\n\n\n\n<p>53<\/p>\n\n\n\n<p>R\u00fdchla akcia pred br\u00e1nkou Dukly, Erik Daniel pri\u0165ukol do behu J\u00e1novi Bern\u00e1tovi a&nbsp;jeho prudk\u00fa strelu vyrazil g\u00f3lman iba na rohov\u00fd kop. Po jeho rozohr\u00e1vke mohol zbl\u00edzka sk\u00f3rova\u0165 Luk\u00e1\u0161 \u0160tetina, ale jeho pokus bol blokovan\u00fd.<\/p>\n\n\n\n<p>59<\/p>\n\n\n\n<p>Po r\u00fdchlej kontre sa do \u00faniku dostal Erik Daniel, jeho streleck\u00fd pokus mieril \u017eia\u013e mimo br\u00e1nku.<\/p>\n\n\n\n<p>65<\/p>\n\n\n\n<p>Enormn\u00fd tlak pred br\u00e1nkou Dukly pokra\u010doval, dom\u00e1ci akoby h\u013eadali dne\u0161n\u00e9ho strelca a&nbsp;pon\u00fakali mu mo\u017enos\u0165 streli\u0165 hetrik. Michal \u010euri\u0161 mal loptu pripraven\u00fa na strelu, ale obrana si poradila.<\/p>\n\n\n\n<p>80<\/p>\n\n\n\n<p>Kr\u00e1tke prihr\u00e1vky pred \u0161estn\u00e1stkou host\u00ed vy\u00fastili do zakon\u010denia Oforiho, ale lopta mierila iba do r\u00fak Mat\u00fa\u0161a Hru\u0161ku.<\/p>\n\n\n\n<figure class=\"wp-block-embed is-type-video is-provider-youtube wp-block-embed-youtube wp-embed-aspect-16-9 wp-has-aspect-ratio\"><div class=\"wp-block-embed__wrapper\">\n<iframe loading=\"lazy\" title=\"Tla\u010dov\u00e1 konferencia | Michal Ga\u0161par\u00edk a M\u00e1rio Auxt\" width=\"500\" height=\"281\" src=\"https:\/\/www.youtube.com\/embed\/oyoC-MMtf4s?feature=oembed\" frameborder=\"0\" allow=\"accelerometer; autoplay; clipboard-write; encrypted-media; gyroscope; picture-in-picture; web-share\" referrerpolicy=\"strict-origin-when-cross-origin\" allowfullscreen><\/iframe>\n<\/div><\/figure>\n\n\n\n<p class=\"has-vivid-red-color has-text-color has-link-color has-medium-font-size wp-elements-6353fa96d3687687e828ae98a330ace8\"><strong>POVEDALI PO Z\u00c1PASE:<\/strong><\/p>\n\n\n\n<p>Michal Ga\u0161par\u00edk (Spartak): <strong><em>\u201eS\u00fahlas\u00edm s&nbsp;kolegom, v&nbsp;tomto je futbal \u0161pecifick\u00fd, prv\u00e1 \u0161anca men\u00ed z\u00e1pas, dnes sme mali misky v\u00e1h naklonen\u00e9 na na\u0161u stranu, t\u00fdm, \u017ee sme dali prv\u00fa a&nbsp;druh\u00fa \u0161ancu a Bystrica po na\u0161ej chybe, ktor\u00fa fakt vieme spravi\u0165 len my, \u0161ancu nevyu\u017eila. Mali sme dobr\u00fd vstup do z\u00e1pasu, hrali sme akt\u00edvne, chalani v\u00fdborne kombinovali, nepla\u0161ili sa, ned\u00e1vali to zbyto\u010dne do \u0161estn\u00e1stky, preto\u017ee tam maj\u00fa troch dobre postaven\u00fdch stop\u00e9rov. V&nbsp;druhom pol\u010dase, ke\u010f vyhr\u00e1vate, hr\u00e1 sa v\u00e1m dobre, viete si to postr\u00e1\u017ei\u0165, po\u010dk\u00e1te si na situ\u00e1cie, ktor\u00e9 m\u00e1te z&nbsp;brejkov. Tam sme to mohli dotiahnu\u0165 do lep\u0161ieho v\u00fdsledku, preto\u017ee Bystrica nemala \u017eiadnu situ\u00e1ciu, asi ani strelu na br\u00e1nu. My sme tam mali skrum\u00e1\u017ee, nedotiahnut\u00e9 brejky, tie sme mali vyu\u017ei\u0165 do tretieho g\u00f3lu. Druh\u00fa polovicu druh\u00e9ho pol\u010dasu sme si postr\u00e1\u017eili a&nbsp;zv\u00ed\u0165azili.\u201c<\/em><\/strong><\/p>\n\n\n\n<p>M\u00e1rio Auxt (Bansk\u00e1 Bystrica): <strong><em>\u201eO\u010dak\u00e1vali sme, \u017ee dom\u00e1ci na n\u00e1s vyletia, to sa aj potvrdilo. Prv\u00fa \u0161ancu sme nevyu\u017eili, to by bolo zlomov\u00e9, Trnava sa dostala do vedenia, druh\u00fd g\u00f3l sme dostali po na\u0161ej chybe. V\u00a0druhom pol\u010dase sme sa to sna\u017eili o\u017eivi\u0165, \u0165a\u017eko sme sa presadzovali, do vylo\u017eenej \u0161ance sme sa nedostali a\u00a0Spartak si to postr\u00e1\u017eil. Rozhoduj\u00face bolo, \u017ee sme neboli efekt\u00edvni.\u201c<\/em><\/strong><\/p>\n\n\n\n<div class=\"wp-block-buttons is-layout-flex wp-block-buttons-is-layout-flex\">\n<div class=\"wp-block-button aligncenter is-style-fill\"><a class=\"wp-block-button__link has-white-color has-text-color has-background wp-element-button\" href=\"https:\/\/fcspartaktrnava.com\/en\/galerii\/21-kolo-nl-fc-spartak-trnava-vs-mfk-dukla-banska-bystrica\/\" style=\"border-radius:0px;background-color:#d40133\" target=\"_blank\" rel=\"noreferrer noopener\">PHOTO GALLERY<\/a><\/div>\n<\/div>","protected":false},"excerpt":{"rendered":"<p>\u0160tadi\u00f3n Antona Malatinsk\u00e9ho, Nik\u00e9 liga, 21. kolo, 24&#8230;.<\/p>","protected":false},"author":2,"featured_media":14893,"comment_status":"closed","ping_status":"closed","sticky":false,"template":"","format":"standard","meta":{"footnotes":""},"categories":[20],"tags":[11],"class_list":["post-14892","post","type-post","status-publish","format-standard","has-post-thumbnail","hentry","category-zapas","tag-michal-gasparik","post-number-1"],"yoast_head":"<!-- This site is optimized with the Yoast SEO plugin v27.1.1 - https:\/\/yoast.com\/product\/yoast-seo-wordpress\/ -->\n<title>Dvojg\u00f3lov\u00fd \u010euri\u0161 zaistil Spartaku prv\u00fa \u0161estku - FC Spartak Trnava<\/title>\n<meta name=\"robots\" content=\"index, follow, max-snippet:-1, max-image-preview:large, max-video-preview:-1\" \/>\n<link rel=\"canonical\" href=\"https:\/\/fcspartaktrnava.com\/en\/dvojgolovy-duris-zaistil-spartaku-prvu-sestku\/\" \/>\n<meta name=\"twitter:label1\" content=\"Written by\" \/>\n\t<meta name=\"twitter:data1\" content=\"spartak\" \/>\n\t<meta name=\"twitter:label2\" content=\"Estimated reading time\" \/>\n\t<meta name=\"twitter:data2\" content=\"4 minutes\" \/>\n<script type=\"application\/ld+json\" class=\"yoast-schema-graph\">{\"@context\":\"https:\/\/schema.org\",\"@graph\":[{\"@type\":\"Article\",\"@id\":\"https:\/\/fcspartaktrnava.com\/dvojgolovy-duris-zaistil-spartaku-prvu-sestku\/#article\",\"isPartOf\":{\"@id\":\"https:\/\/fcspartaktrnava.com\/dvojgolovy-duris-zaistil-spartaku-prvu-sestku\/\"},\"author\":{\"name\":\"spartak\",\"@id\":\"https:\/\/fcspartaktrnava.com\/#\/schema\/person\/24bc5b254af14f71d7d8af178790aa75\"},\"headline\":\"Dvojg\u00f3lov\u00fd \u010euri\u0161 zaistil Spartaku prv\u00fa \u0161estku\",\"datePublished\":\"2024-02-24T16:45:38+00:00\",\"dateModified\":\"2024-02-25T09:22:13+00:00\",\"mainEntityOfPage\":{\"@id\":\"https:\/\/fcspartaktrnava.com\/dvojgolovy-duris-zaistil-spartaku-prvu-sestku\/\"},\"wordCount\":890,\"publisher\":{\"@id\":\"https:\/\/fcspartaktrnava.com\/#organization\"},\"image\":{\"@id\":\"https:\/\/fcspartaktrnava.com\/dvojgolovy-duris-zaistil-spartaku-prvu-sestku\/#primaryimage\"},\"thumbnailUrl\":\"https:\/\/fcspartaktrnava.com\/wp-content\/uploads\/2024\/02\/DSC_6390-scaled.jpg\",\"keywords\":[\"Michal Ga\u0161par\u00edk\"],\"articleSection\":[\"Z\u00e1pas\"],\"inLanguage\":\"en-GB\"},{\"@type\":\"WebPage\",\"@id\":\"https:\/\/fcspartaktrnava.com\/dvojgolovy-duris-zaistil-spartaku-prvu-sestku\/\",\"url\":\"https:\/\/fcspartaktrnava.com\/dvojgolovy-duris-zaistil-spartaku-prvu-sestku\/\",\"name\":\"Dvojg\u00f3lov\u00fd \u010euri\u0161 zaistil Spartaku prv\u00fa \u0161estku - FC Spartak Trnava\",\"isPartOf\":{\"@id\":\"https:\/\/fcspartaktrnava.com\/#website\"},\"primaryImageOfPage\":{\"@id\":\"https:\/\/fcspartaktrnava.com\/dvojgolovy-duris-zaistil-spartaku-prvu-sestku\/#primaryimage\"},\"image\":{\"@id\":\"https:\/\/fcspartaktrnava.com\/dvojgolovy-duris-zaistil-spartaku-prvu-sestku\/#primaryimage\"},\"thumbnailUrl\":\"https:\/\/fcspartaktrnava.com\/wp-content\/uploads\/2024\/02\/DSC_6390-scaled.jpg\",\"datePublished\":\"2024-02-24T16:45:38+00:00\",\"dateModified\":\"2024-02-25T09:22:13+00:00\",\"breadcrumb\":{\"@id\":\"https:\/\/fcspartaktrnava.com\/dvojgolovy-duris-zaistil-spartaku-prvu-sestku\/#breadcrumb\"},\"inLanguage\":\"en-GB\",\"potentialAction\":[{\"@type\":\"ReadAction\",\"target\":[\"https:\/\/fcspartaktrnava.com\/dvojgolovy-duris-zaistil-spartaku-prvu-sestku\/\"]}]},{\"@type\":\"ImageObject\",\"inLanguage\":\"en-GB\",\"@id\":\"https:\/\/fcspartaktrnava.com\/dvojgolovy-duris-zaistil-spartaku-prvu-sestku\/#primaryimage\",\"url\":\"https:\/\/fcspartaktrnava.com\/wp-content\/uploads\/2024\/02\/DSC_6390-scaled.jpg\",\"contentUrl\":\"https:\/\/fcspartaktrnava.com\/wp-content\/uploads\/2024\/02\/DSC_6390-scaled.jpg\",\"width\":2560,\"height\":1703},{\"@type\":\"BreadcrumbList\",\"@id\":\"https:\/\/fcspartaktrnava.com\/dvojgolovy-duris-zaistil-spartaku-prvu-sestku\/#breadcrumb\",\"itemListElement\":[{\"@type\":\"ListItem\",\"position\":1,\"name\":\"Home\",\"item\":\"https:\/\/fcspartaktrnava.com\/\"},{\"@type\":\"ListItem\",\"position\":2,\"name\":\"Dvojg\u00f3lov\u00fd \u010euri\u0161 zaistil Spartaku prv\u00fa \u0161estku\"}]},{\"@type\":\"WebSite\",\"@id\":\"https:\/\/fcspartaktrnava.com\/#website\",\"url\":\"https:\/\/fcspartaktrnava.com\/\",\"name\":\"FC Spartak Trnava\",\"description\":\"ofici\u00e1lna webstr\u00e1nka futbalov\u00e9ho klubu\",\"publisher\":{\"@id\":\"https:\/\/fcspartaktrnava.com\/#organization\"},\"potentialAction\":[{\"@type\":\"SearchAction\",\"target\":{\"@type\":\"EntryPoint\",\"urlTemplate\":\"https:\/\/fcspartaktrnava.com\/?s={search_term_string}\"},\"query-input\":{\"@type\":\"PropertyValueSpecification\",\"valueRequired\":true,\"valueName\":\"search_term_string\"}}],\"inLanguage\":\"en-GB\"},{\"@type\":\"Organization\",\"@id\":\"https:\/\/fcspartaktrnava.com\/#organization\",\"name\":\"FC Spartak Trnava\",\"alternateName\":\"Spartak\",\"url\":\"https:\/\/fcspartaktrnava.com\/\",\"logo\":{\"@type\":\"ImageObject\",\"inLanguage\":\"en-GB\",\"@id\":\"https:\/\/fcspartaktrnava.com\/#\/schema\/logo\/image\/\",\"url\":\"https:\/\/fcspartaktrnava.com\/wp-content\/uploads\/2022\/08\/cropped-site_logo.png\",\"contentUrl\":\"https:\/\/fcspartaktrnava.com\/wp-content\/uploads\/2022\/08\/cropped-site_logo.png\",\"width\":140,\"height\":140,\"caption\":\"FC Spartak Trnava\"},\"image\":{\"@id\":\"https:\/\/fcspartaktrnava.com\/#\/schema\/logo\/image\/\"},\"sameAs\":[\"https:\/\/www.facebook.com\/SpartakTrnava\",\"https:\/\/x.com\/SpartakTrnava1\",\"https:\/\/www.instagram.com\/spartak_sk\/\"]},{\"@type\":\"Person\",\"@id\":\"https:\/\/fcspartaktrnava.com\/#\/schema\/person\/24bc5b254af14f71d7d8af178790aa75\",\"name\":\"spartak\",\"image\":{\"@type\":\"ImageObject\",\"inLanguage\":\"en-GB\",\"@id\":\"https:\/\/fcspartaktrnava.com\/#\/schema\/person\/image\/\",\"url\":\"https:\/\/secure.gravatar.com\/avatar\/f8ff8584f3fcf3909a11a6da9019f37749183b4015bca14e64556c52614cdc7f?s=96&d=mm&r=g\",\"contentUrl\":\"https:\/\/secure.gravatar.com\/avatar\/f8ff8584f3fcf3909a11a6da9019f37749183b4015bca14e64556c52614cdc7f?s=96&d=mm&r=g\",\"caption\":\"spartak\"},\"url\":\"https:\/\/fcspartaktrnava.com\/en\/author\/spartak\/\"}]}<\/script>\n<!-- \/ Yoast SEO plugin. -->","yoast_head_json":{"title":"Dvojg\u00f3lov\u00fd \u010euri\u0161 zaistil Spartaku prv\u00fa \u0161estku - FC Spartak Trnava","robots":{"index":"index","follow":"follow","max-snippet":"max-snippet:-1","max-image-preview":"max-image-preview:large","max-video-preview":"max-video-preview:-1"},"canonical":"https:\/\/fcspartaktrnava.com\/en\/dvojgolovy-duris-zaistil-spartaku-prvu-sestku\/","twitter_misc":{"Written by":"spartak","Estimated reading time":"4 minutes"},"schema":{"@context":"https:\/\/schema.org","@graph":[{"@type":"Article","@id":"https:\/\/fcspartaktrnava.com\/dvojgolovy-duris-zaistil-spartaku-prvu-sestku\/#article","isPartOf":{"@id":"https:\/\/fcspartaktrnava.com\/dvojgolovy-duris-zaistil-spartaku-prvu-sestku\/"},"author":{"name":"spartak","@id":"https:\/\/fcspartaktrnava.com\/#\/schema\/person\/24bc5b254af14f71d7d8af178790aa75"},"headline":"Dvojg\u00f3lov\u00fd \u010euri\u0161 zaistil Spartaku prv\u00fa \u0161estku","datePublished":"2024-02-24T16:45:38+00:00","dateModified":"2024-02-25T09:22:13+00:00","mainEntityOfPage":{"@id":"https:\/\/fcspartaktrnava.com\/dvojgolovy-duris-zaistil-spartaku-prvu-sestku\/"},"wordCount":890,"publisher":{"@id":"https:\/\/fcspartaktrnava.com\/#organization"},"image":{"@id":"https:\/\/fcspartaktrnava.com\/dvojgolovy-duris-zaistil-spartaku-prvu-sestku\/#primaryimage"},"thumbnailUrl":"https:\/\/fcspartaktrnava.com\/wp-content\/uploads\/2024\/02\/DSC_6390-scaled.jpg","keywords":["Michal Ga\u0161par\u00edk"],"articleSection":["Z\u00e1pas"],"inLanguage":"en-GB"},{"@type":"WebPage","@id":"https:\/\/fcspartaktrnava.com\/dvojgolovy-duris-zaistil-spartaku-prvu-sestku\/","url":"https:\/\/fcspartaktrnava.com\/dvojgolovy-duris-zaistil-spartaku-prvu-sestku\/","name":"Dvojg\u00f3lov\u00fd \u010euri\u0161 zaistil Spartaku prv\u00fa \u0161estku - FC Spartak Trnava","isPartOf":{"@id":"https:\/\/fcspartaktrnava.com\/#website"},"primaryImageOfPage":{"@id":"https:\/\/fcspartaktrnava.com\/dvojgolovy-duris-zaistil-spartaku-prvu-sestku\/#primaryimage"},"image":{"@id":"https:\/\/fcspartaktrnava.com\/dvojgolovy-duris-zaistil-spartaku-prvu-sestku\/#primaryimage"},"thumbnailUrl":"https:\/\/fcspartaktrnava.com\/wp-content\/uploads\/2024\/02\/DSC_6390-scaled.jpg","datePublished":"2024-02-24T16:45:38+00:00","dateModified":"2024-02-25T09:22:13+00:00","breadcrumb":{"@id":"https:\/\/fcspartaktrnava.com\/dvojgolovy-duris-zaistil-spartaku-prvu-sestku\/#breadcrumb"},"inLanguage":"en-GB","potentialAction":[{"@type":"ReadAction","target":["https:\/\/fcspartaktrnava.com\/dvojgolovy-duris-zaistil-spartaku-prvu-sestku\/"]}]},{"@type":"ImageObject","inLanguage":"en-GB","@id":"https:\/\/fcspartaktrnava.com\/dvojgolovy-duris-zaistil-spartaku-prvu-sestku\/#primaryimage","url":"https:\/\/fcspartaktrnava.com\/wp-content\/uploads\/2024\/02\/DSC_6390-scaled.jpg","contentUrl":"https:\/\/fcspartaktrnava.com\/wp-content\/uploads\/2024\/02\/DSC_6390-scaled.jpg","width":2560,"height":1703},{"@type":"BreadcrumbList","@id":"https:\/\/fcspartaktrnava.com\/dvojgolovy-duris-zaistil-spartaku-prvu-sestku\/#breadcrumb","itemListElement":[{"@type":"ListItem","position":1,"name":"Home","item":"https:\/\/fcspartaktrnava.com\/"},{"@type":"ListItem","position":2,"name":"Dvojg\u00f3lov\u00fd \u010euri\u0161 zaistil Spartaku prv\u00fa \u0161estku"}]},{"@type":"WebSite","@id":"https:\/\/fcspartaktrnava.com\/#website","url":"https:\/\/fcspartaktrnava.com\/","name":"FC Spartak Trnava","description":"ofici\u00e1lna webstr\u00e1nka futbalov\u00e9ho klubu","publisher":{"@id":"https:\/\/fcspartaktrnava.com\/#organization"},"potentialAction":[{"@type":"SearchAction","target":{"@type":"EntryPoint","urlTemplate":"https:\/\/fcspartaktrnava.com\/?s={search_term_string}"},"query-input":{"@type":"PropertyValueSpecification","valueRequired":true,"valueName":"search_term_string"}}],"inLanguage":"en-GB"},{"@type":"Organization","@id":"https:\/\/fcspartaktrnava.com\/#organization","name":"FC Spartak Trnava","alternateName":"Spartak","url":"https:\/\/fcspartaktrnava.com\/","logo":{"@type":"ImageObject","inLanguage":"en-GB","@id":"https:\/\/fcspartaktrnava.com\/#\/schema\/logo\/image\/","url":"https:\/\/fcspartaktrnava.com\/wp-content\/uploads\/2022\/08\/cropped-site_logo.png","contentUrl":"https:\/\/fcspartaktrnava.com\/wp-content\/uploads\/2022\/08\/cropped-site_logo.png","width":140,"height":140,"caption":"FC Spartak Trnava"},"image":{"@id":"https:\/\/fcspartaktrnava.com\/#\/schema\/logo\/image\/"},"sameAs":["https:\/\/www.facebook.com\/SpartakTrnava","https:\/\/x.com\/SpartakTrnava1","https:\/\/www.instagram.com\/spartak_sk\/"]},{"@type":"Person","@id":"https:\/\/fcspartaktrnava.com\/#\/schema\/person\/24bc5b254af14f71d7d8af178790aa75","name":"spartak","image":{"@type":"ImageObject","inLanguage":"en-GB","@id":"https:\/\/fcspartaktrnava.com\/#\/schema\/person\/image\/","url":"https:\/\/secure.gravatar.com\/avatar\/f8ff8584f3fcf3909a11a6da9019f37749183b4015bca14e64556c52614cdc7f?s=96&d=mm&r=g","contentUrl":"https:\/\/secure.gravatar.com\/avatar\/f8ff8584f3fcf3909a11a6da9019f37749183b4015bca14e64556c52614cdc7f?s=96&d=mm&r=g","caption":"spartak"},"url":"https:\/\/fcspartaktrnava.com\/en\/author\/spartak\/"}]}},"_links":{"self":[{"href":"https:\/\/fcspartaktrnava.com\/en\/wp-json\/wp\/v2\/posts\/14892","targetHints":{"allow":["GET"]}}],"collection":[{"href":"https:\/\/fcspartaktrnava.com\/en\/wp-json\/wp\/v2\/posts"}],"about":[{"href":"https:\/\/fcspartaktrnava.com\/en\/wp-json\/wp\/v2\/types\/post"}],"author":[{"embeddable":true,"href":"https:\/\/fcspartaktrnava.com\/en\/wp-json\/wp\/v2\/users\/2"}],"replies":[{"embeddable":true,"href":"https:\/\/fcspartaktrnava.com\/en\/wp-json\/wp\/v2\/comments?post=14892"}],"version-history":[{"count":0,"href":"https:\/\/fcspartaktrnava.com\/en\/wp-json\/wp\/v2\/posts\/14892\/revisions"}],"wp:featuredmedia":[{"embeddable":true,"href":"https:\/\/fcspartaktrnava.com\/en\/wp-json\/wp\/v2\/media\/14893"}],"wp:attachment":[{"href":"https:\/\/fcspartaktrnava.com\/en\/wp-json\/wp\/v2\/media?parent=14892"}],"wp:term":[{"taxonomy":"category","embeddable":true,"href":"https:\/\/fcspartaktrnava.com\/en\/wp-json\/wp\/v2\/categories?post=14892"},{"taxonomy":"post_tag","embeddable":true,"href":"https:\/\/fcspartaktrnava.com\/en\/wp-json\/wp\/v2\/tags?post=14892"}],"curies":[{"name":"wp","href":"https:\/\/api.w.org\/{rel}","templated":true}]}}