{"id":14890,"date":"2024-02-23T14:18:37","date_gmt":"2024-02-23T12:18:37","guid":{"rendered":"https:\/\/fcspartaktrnava.com\/?p=14890"},"modified":"2024-02-23T14:18:38","modified_gmt":"2024-02-23T12:18:38","slug":"sulek-s-dodatocnym-trestom-na-tri-tyzdne","status":"publish","type":"post","link":"https:\/\/fcspartaktrnava.com\/en\/sulek-s-dodatocnym-trestom-na-tri-tyzdne\/","title":{"rendered":"\u0160ulek s\u00a0dodato\u010dn\u00fdm trestom na tri t\u00fd\u017edne"},"content":{"rendered":"<p>U\u017e v&nbsp;sobotu bude Spartak hra\u0165 op\u00e4\u0165 doma. Od 15. hodiny priv\u00edtaj\u00fa spartakovci na svojom ihrisku Bansk\u00fa Bystricu. Boj o&nbsp;postup do hornej \u0161estky vrchol\u00ed a&nbsp;ost\u00e1vaj\u00fa odohra\u0165 posledn\u00e9 dve kol\u00e1 z\u00e1kladnej \u010dasti.<\/p>\n\n\n\n<p>Oboch s\u00faperov delia v&nbsp;tabu\u013eke tri body, \u010do znamen\u00e1, \u017ee v&nbsp;pr\u00edpade \u00faspe\u0161n\u00e9ho v\u00fdsledku si Spartak definit\u00edvne zabezpe\u010d\u00ed \u00fa\u010das\u0165 v&nbsp;boji o&nbsp;medaily.<\/p>\n\n\n\n<p>V&nbsp;prvom tohtosez\u00f3nnom vz\u00e1jomnom s\u00faboji na \u0160tiavni\u010dk\u00e1ch vyhral Spartak 2:1 po g\u00f3loch Oforiho a&nbsp;Ristovskeho. Od op\u00e4tovn\u00e9ho n\u00e1vratu Banskej Bystrice do ligy v\u0161ak Trnav\u010dania doma tohto s\u00fapera nezdolali \u2013 v&nbsp;minulej sez\u00f3ne dva razy prehrali. V&nbsp;z\u00e1kladnej \u010dasti 1:2 a&nbsp;v&nbsp;nadstavbe 0:1.<\/p>\n\n\n\n<p><strong><em>\u201eNiekedy to m\u00f4\u017ee by\u0165 zhoda okolnost\u00ed. Napr\u00edklad t\u00e1 penalta v&nbsp;z\u00e1pase, ktor\u00fd vyhrali 2:1, nemala by\u0165. Je to aj ich sp\u00f4sob hry, budeme znova \u00fato\u010di\u0165, budeme tam s&nbsp;ve\u013ea hr\u00e1\u010dmi a&nbsp;mus\u00edme si d\u00e1va\u0165 pozor vzadu, lebo maj\u00fa k\u013e\u00fa\u010dov\u00e9ho hr\u00e1\u010da Polievku, ktor\u00fd potrebuje na g\u00f3l jednu \u0161ancu. Stra\u0161ne ve\u013ea im sprav\u00ed v&nbsp;t\u00fdch prechodov\u00fdch f\u00e1zach, nebr\u00e1ni, odpo\u010d\u00edva. V&nbsp;tomto s\u00fa siln\u00ed, ale chystali sme sa na v\u0161etko. Vych\u00e1dzal som aj z&nbsp;t\u00fdchto z\u00e1pasov, ktor\u00e9 sme odohrali doma aj z&nbsp;t\u00fdch vonku, ktor\u00e9 boli v\u00ed\u0165azn\u00e9. Ver\u00edm, \u017ee zober\u00e1 hr\u00e1\u010di zodpovednos\u0165 na seba, lebo oni s\u00fa na ihrisku, musia zv\u00fd\u0161i\u0165 kvalitu, nesta\u010dia n\u00e1m priemern\u00e9 v\u00fdkony. Ak m\u00e1me v&nbsp;mu\u017estve \u0161tyri \u2013 p\u00e4\u0165 priemern\u00fdch v\u00fdkonov, tak to n\u00e1m nesta\u010d\u00ed proti lep\u0161\u00edm mu\u017estv\u00e1m na nikoho,\u201c<\/em><\/strong> hovor\u00ed tr\u00e9ner Michal Ga\u0161par\u00edk o&nbsp;tom, \u017ee je najvy\u0161\u0161\u00ed \u010das t\u00fato bilanciu zmeni\u0165 a&nbsp;uh\u00e1ji\u0165 dom\u00e1cu p\u00f4du.<\/p>\n\n\n\n<p>\u0160pecifick\u00fd z\u00e1pas to m\u00f4\u017ee by\u0165 pre navr\u00e1tilca do trnavsk\u00e9ho dresu Michala \u010euri\u0161a. Odchovanec Dukly bude tentoraz bojova\u0165 na strane Spartaka. V&nbsp;prvom z\u00e1pase po n\u00e1vrate strelil g\u00f3l do siete Dunajskej Stredy, ktor\u00fd napokon pre centimetrov\u00fd ofsajd neplatil. Teraz sa bude chcie\u0165 do listiny strelcov zap\u00edsa\u0165 regul\u00e1rnym g\u00f3lom.<\/p>\n\n\n\n<p>Kv\u00f4li dodato\u010dn\u00e9mu trestu zo z\u00e1pasu s&nbsp;Dunajskou Stredou v\u0161ak bude n\u00fatene tri t\u00fd\u017edne pauzova\u0165 Martin \u0160ulek. Disciplin\u00e1rka ho potrestala za faul na Trusu, hoci na z\u00e1pase bol aj videorozhodca, ktor\u00fd mohol na pochybenie upozorni\u0165 okam\u017eite.<\/p>\n\n\n\n<p><strong><em>\u201eJe to tak\u00e9 zauj\u00edmav\u00e9, \u017ee dodato\u010dn\u00e1 \u010derven\u00e1, pritom ofsajd sa nerie\u0161i, o&nbsp;tom nepo\u010dujete, ale to je u\u017e minulos\u0165. Ver\u00edm, \u017ee to dobre vysklad\u00e1me, do obrannej form\u00e1cie p\u00f4jde najsk\u00fasenej\u0161ia \u0161tvorka, ktor\u00e1 hr\u00e1vala naj\u010dastej\u0161ie spolu. Mo\u017eno nebudeme ma\u0165 to\u013eko variantov do striedania. Naj\u0165a\u017e\u0161ie je zlo\u017ei\u0165 ten stred, lebo nikto si nedr\u017e\u00ed v\u00fdkonnos\u0165 na vy\u0161\u0161om leveli a&nbsp;to n\u00e1s brzd\u00ed. Vr\u00e1ti sa Zeljkovi\u010d, \u010do kvalita a&nbsp;k\u013e\u00fa\u010dov\u00fd hr\u00e1\u010d a&nbsp;k&nbsp;nemu sa potrebujeme trafi\u0165 do dvoch hr\u00e1\u010dov, aby podali dobr\u00e9 v\u00fdkony, mieni Ga\u0161par\u00edk.\u201c<\/em><\/strong><\/p>\n\n\n\n<p>Spartak m\u00f4\u017ee na tret\u00ed pokus definit\u00edvne spe\u010dati\u0165 postup do hornej \u0161estky. Sta\u010d\u00ed mu neprehra\u0165 s\u00a0Banskou Bystricou, pr\u00edpadne mu m\u00f4\u017eu pom\u00f4c\u0165 aj in\u00e9 v\u00fdsledky. Na to sa v\u0161ak spartakovci nemienia spolieha\u0165 a\u00a0v\u00a0z\u00e1pase p\u00f4jdu za v\u00ed\u0165azstvom. <strong><em>\u201eNechceme \u010daka\u0165 do posledn\u00e9ho kola. Viem, \u017ee n\u00e1m sta\u010d\u00ed aj rem\u00edza, ale nikdy nehr\u00e1me na rem\u00edzu. M\u00e1me ich minimum, v\u017edy sa sna\u017e\u00edme z\u00e1pas vyhra\u0165, hoci \u010dasto ho v\u00a0tak\u00fdchto situ\u00e1ci\u00e1ch prehr\u00e1me. Mus\u00edme by\u0165 v\u00a0z\u00e1pase rozumn\u00ed, ale ur\u010dite chceme hra\u0165 na v\u00ed\u0165azstvo. Poz\u00edcia v\u00a0tabu\u013eke n\u00e1s dostala pod tlak, ale chceme sa pozera\u0165 znovu nad seba, \u017ee m\u00e1me \u0161ancu dobieha\u0165 \u017dilinu, \u010di odsko\u010di\u0165 mu\u017estv\u00e1m, ktor\u00e9 zav\u00e1haj\u00fa.\u201c<\/em><\/strong><\/p>\n\n\n\n<p>Cel\u00fd predz\u00e1pasov\u00fd rozhovor s tr\u00e9nerom Ga\u0161par\u00edkom si m\u00f4\u017eete pozrie\u0165 tu:<\/p>\n\n\n\n<figure class=\"wp-block-embed is-type-video is-provider-youtube wp-block-embed-youtube wp-embed-aspect-16-9 wp-has-aspect-ratio\"><div class=\"wp-block-embed__wrapper\">\n<iframe loading=\"lazy\" title=\"PREVIEW | Michal Ga\u0161par\u00edk pred z\u00e1pasom s Duklou\" width=\"500\" height=\"281\" src=\"https:\/\/www.youtube.com\/embed\/v0Iw52pvyLI?feature=oembed\" frameborder=\"0\" allow=\"accelerometer; autoplay; clipboard-write; encrypted-media; gyroscope; picture-in-picture; web-share\" referrerpolicy=\"strict-origin-when-cross-origin\" allowfullscreen><\/iframe>\n<\/div><\/figure>\n\n\n\n<p><strong>Vstupenky v predaji<\/strong><\/p>\n\n\n\n<p>Na z\u00e1pasy sa pred\u00e1vali vstupenky za zv\u00fdhodnen\u00fa cenu v\u00a0bal\u00edku so z\u00e1pasom proti DAC. Samostatn\u00e9 l\u00edstky s\u00fa v\u00a0predaji <a href=\"https:\/\/cityarena.maxiticket.sk\/fc-spartak-trnava-vs-mfk-dukla-banska-bystrica-2024\">online<\/a>, vo fanshope po\u010das otv\u00e1rac\u00edch hod\u00edn alebo dve hodiny pred za\u010diatkom z\u00e1pasu v pokladniach na \u0160portovej ulici. Z\u00e1pas s Banskou Bystricou je zaraden\u00fd do 2. kateg\u00f3rie vstupn\u00e9ho s cenami od 10 \u20ac.<\/p>\n\n\n\n<p><strong>Deti v&nbsp;skupin\u00e1ch \u010di s&nbsp;mami\u010dkami zdarma<\/strong><\/p>\n\n\n\n<p>Na z\u00e1pase bude otvoren\u00fd aj detsk\u00fd sektor. Aj tentoraz bude situovan\u00fd v&nbsp;sektoroch 7 a&nbsp;8, s&nbsp;detsk\u00fdm bufetom, v&nbsp;ktorom sa bude da\u0165 plati\u0165 cashless, aj hotovos\u0165ou. Vo\u013en\u00fd vstup na z\u00e1pas plat\u00ed pre skupiny det\u00ed do 15 rokov zo \u0161portov\u00fdch klubov, t\u00e1borov alebo \u0161k\u00f4l s&nbsp;dospel\u00fdm dozorom. Zadarmo m\u00f4\u017eu pr\u00eds\u0165 aj deti s&nbsp;mami\u010dkou, \u010di in\u00fdm \u017eensk\u00fdm sprievodom. Pre vo\u013en\u00fd vstup je potrebn\u00e9 prihl\u00e1si\u0165 sa mailom do piatka pred z\u00e1pasom do 12. hodiny na adrese office@fcspartaktrnava.com alebo vyplni\u0165 prihlasovac\u00ed formul\u00e1r na str\u00e1nke&nbsp;<a href=\"https:\/\/cityarena.maxiticket.sk\/ticket\/select-event\/id\/18235?event_hash=565277\">https:\/\/fcspartaktrnava.com\/deti-zadarmo-1\/<\/a>.<\/p>","protected":false},"excerpt":{"rendered":"<p>U\u017e v&nbsp;sobotu bude Spartak hra\u0165 op\u00e4\u0165 doma. Od&#8230;<\/p>","protected":false},"author":2,"featured_media":14771,"comment_status":"closed","ping_status":"closed","sticky":false,"template":"","format":"standard","meta":{"footnotes":""},"categories":[12],"tags":[11],"class_list":["post-14890","post","type-post","status-publish","format-standard","has-post-thumbnail","hentry","category-spravy","tag-michal-gasparik","post-number-1"],"yoast_head":"<!-- This site is optimized with the Yoast SEO plugin v27.1.1 - https:\/\/yoast.com\/product\/yoast-seo-wordpress\/ -->\n<title>\u0160ulek s\u00a0dodato\u010dn\u00fdm trestom na tri t\u00fd\u017edne - FC Spartak Trnava<\/title>\n<meta name=\"robots\" content=\"index, follow, max-snippet:-1, max-image-preview:large, max-video-preview:-1\" \/>\n<link rel=\"canonical\" href=\"https:\/\/fcspartaktrnava.com\/en\/sulek-s-dodatocnym-trestom-na-tri-tyzdne\/\" \/>\n<meta name=\"twitter:label1\" content=\"Written by\" \/>\n\t<meta name=\"twitter:data1\" content=\"spartak\" \/>\n\t<meta name=\"twitter:label2\" content=\"Estimated reading time\" \/>\n\t<meta name=\"twitter:data2\" content=\"4 minutes\" \/>\n<script type=\"application\/ld+json\" class=\"yoast-schema-graph\">{\"@context\":\"https:\/\/schema.org\",\"@graph\":[{\"@type\":\"Article\",\"@id\":\"https:\/\/fcspartaktrnava.com\/sulek-s-dodatocnym-trestom-na-tri-tyzdne\/#article\",\"isPartOf\":{\"@id\":\"https:\/\/fcspartaktrnava.com\/sulek-s-dodatocnym-trestom-na-tri-tyzdne\/\"},\"author\":{\"name\":\"spartak\",\"@id\":\"https:\/\/fcspartaktrnava.com\/#\/schema\/person\/24bc5b254af14f71d7d8af178790aa75\"},\"headline\":\"\u0160ulek s\u00a0dodato\u010dn\u00fdm trestom na tri t\u00fd\u017edne\",\"datePublished\":\"2024-02-23T12:18:37+00:00\",\"dateModified\":\"2024-02-23T12:18:38+00:00\",\"mainEntityOfPage\":{\"@id\":\"https:\/\/fcspartaktrnava.com\/sulek-s-dodatocnym-trestom-na-tri-tyzdne\/\"},\"wordCount\":900,\"publisher\":{\"@id\":\"https:\/\/fcspartaktrnava.com\/#organization\"},\"image\":{\"@id\":\"https:\/\/fcspartaktrnava.com\/sulek-s-dodatocnym-trestom-na-tri-tyzdne\/#primaryimage\"},\"thumbnailUrl\":\"https:\/\/fcspartaktrnava.com\/wp-content\/uploads\/2024\/02\/DSC_5640.jpg\",\"keywords\":[\"Michal Ga\u0161par\u00edk\"],\"articleSection\":[\"Spr\u00e1vy\"],\"inLanguage\":\"en-GB\"},{\"@type\":\"WebPage\",\"@id\":\"https:\/\/fcspartaktrnava.com\/sulek-s-dodatocnym-trestom-na-tri-tyzdne\/\",\"url\":\"https:\/\/fcspartaktrnava.com\/sulek-s-dodatocnym-trestom-na-tri-tyzdne\/\",\"name\":\"\u0160ulek s\u00a0dodato\u010dn\u00fdm trestom na tri t\u00fd\u017edne - FC Spartak Trnava\",\"isPartOf\":{\"@id\":\"https:\/\/fcspartaktrnava.com\/#website\"},\"primaryImageOfPage\":{\"@id\":\"https:\/\/fcspartaktrnava.com\/sulek-s-dodatocnym-trestom-na-tri-tyzdne\/#primaryimage\"},\"image\":{\"@id\":\"https:\/\/fcspartaktrnava.com\/sulek-s-dodatocnym-trestom-na-tri-tyzdne\/#primaryimage\"},\"thumbnailUrl\":\"https:\/\/fcspartaktrnava.com\/wp-content\/uploads\/2024\/02\/DSC_5640.jpg\",\"datePublished\":\"2024-02-23T12:18:37+00:00\",\"dateModified\":\"2024-02-23T12:18:38+00:00\",\"breadcrumb\":{\"@id\":\"https:\/\/fcspartaktrnava.com\/sulek-s-dodatocnym-trestom-na-tri-tyzdne\/#breadcrumb\"},\"inLanguage\":\"en-GB\",\"potentialAction\":[{\"@type\":\"ReadAction\",\"target\":[\"https:\/\/fcspartaktrnava.com\/sulek-s-dodatocnym-trestom-na-tri-tyzdne\/\"]}]},{\"@type\":\"ImageObject\",\"inLanguage\":\"en-GB\",\"@id\":\"https:\/\/fcspartaktrnava.com\/sulek-s-dodatocnym-trestom-na-tri-tyzdne\/#primaryimage\",\"url\":\"https:\/\/fcspartaktrnava.com\/wp-content\/uploads\/2024\/02\/DSC_5640.jpg\",\"contentUrl\":\"https:\/\/fcspartaktrnava.com\/wp-content\/uploads\/2024\/02\/DSC_5640.jpg\",\"width\":1520,\"height\":1013},{\"@type\":\"BreadcrumbList\",\"@id\":\"https:\/\/fcspartaktrnava.com\/sulek-s-dodatocnym-trestom-na-tri-tyzdne\/#breadcrumb\",\"itemListElement\":[{\"@type\":\"ListItem\",\"position\":1,\"name\":\"Home\",\"item\":\"https:\/\/fcspartaktrnava.com\/\"},{\"@type\":\"ListItem\",\"position\":2,\"name\":\"\u0160ulek s\u00a0dodato\u010dn\u00fdm trestom na tri t\u00fd\u017edne\"}]},{\"@type\":\"WebSite\",\"@id\":\"https:\/\/fcspartaktrnava.com\/#website\",\"url\":\"https:\/\/fcspartaktrnava.com\/\",\"name\":\"FC Spartak Trnava\",\"description\":\"ofici\u00e1lna webstr\u00e1nka futbalov\u00e9ho klubu\",\"publisher\":{\"@id\":\"https:\/\/fcspartaktrnava.com\/#organization\"},\"potentialAction\":[{\"@type\":\"SearchAction\",\"target\":{\"@type\":\"EntryPoint\",\"urlTemplate\":\"https:\/\/fcspartaktrnava.com\/?s={search_term_string}\"},\"query-input\":{\"@type\":\"PropertyValueSpecification\",\"valueRequired\":true,\"valueName\":\"search_term_string\"}}],\"inLanguage\":\"en-GB\"},{\"@type\":\"Organization\",\"@id\":\"https:\/\/fcspartaktrnava.com\/#organization\",\"name\":\"FC Spartak Trnava\",\"alternateName\":\"Spartak\",\"url\":\"https:\/\/fcspartaktrnava.com\/\",\"logo\":{\"@type\":\"ImageObject\",\"inLanguage\":\"en-GB\",\"@id\":\"https:\/\/fcspartaktrnava.com\/#\/schema\/logo\/image\/\",\"url\":\"https:\/\/fcspartaktrnava.com\/wp-content\/uploads\/2022\/08\/cropped-site_logo.png\",\"contentUrl\":\"https:\/\/fcspartaktrnava.com\/wp-content\/uploads\/2022\/08\/cropped-site_logo.png\",\"width\":140,\"height\":140,\"caption\":\"FC Spartak Trnava\"},\"image\":{\"@id\":\"https:\/\/fcspartaktrnava.com\/#\/schema\/logo\/image\/\"},\"sameAs\":[\"https:\/\/www.facebook.com\/SpartakTrnava\",\"https:\/\/x.com\/SpartakTrnava1\",\"https:\/\/www.instagram.com\/spartak_sk\/\"]},{\"@type\":\"Person\",\"@id\":\"https:\/\/fcspartaktrnava.com\/#\/schema\/person\/24bc5b254af14f71d7d8af178790aa75\",\"name\":\"spartak\",\"image\":{\"@type\":\"ImageObject\",\"inLanguage\":\"en-GB\",\"@id\":\"https:\/\/fcspartaktrnava.com\/#\/schema\/person\/image\/\",\"url\":\"https:\/\/secure.gravatar.com\/avatar\/f8ff8584f3fcf3909a11a6da9019f37749183b4015bca14e64556c52614cdc7f?s=96&d=mm&r=g\",\"contentUrl\":\"https:\/\/secure.gravatar.com\/avatar\/f8ff8584f3fcf3909a11a6da9019f37749183b4015bca14e64556c52614cdc7f?s=96&d=mm&r=g\",\"caption\":\"spartak\"},\"url\":\"https:\/\/fcspartaktrnava.com\/en\/author\/spartak\/\"}]}<\/script>\n<!-- \/ Yoast SEO plugin. -->","yoast_head_json":{"title":"\u0160ulek s\u00a0dodato\u010dn\u00fdm trestom na tri t\u00fd\u017edne - FC Spartak Trnava","robots":{"index":"index","follow":"follow","max-snippet":"max-snippet:-1","max-image-preview":"max-image-preview:large","max-video-preview":"max-video-preview:-1"},"canonical":"https:\/\/fcspartaktrnava.com\/en\/sulek-s-dodatocnym-trestom-na-tri-tyzdne\/","twitter_misc":{"Written by":"spartak","Estimated reading time":"4 minutes"},"schema":{"@context":"https:\/\/schema.org","@graph":[{"@type":"Article","@id":"https:\/\/fcspartaktrnava.com\/sulek-s-dodatocnym-trestom-na-tri-tyzdne\/#article","isPartOf":{"@id":"https:\/\/fcspartaktrnava.com\/sulek-s-dodatocnym-trestom-na-tri-tyzdne\/"},"author":{"name":"spartak","@id":"https:\/\/fcspartaktrnava.com\/#\/schema\/person\/24bc5b254af14f71d7d8af178790aa75"},"headline":"\u0160ulek s\u00a0dodato\u010dn\u00fdm trestom na tri t\u00fd\u017edne","datePublished":"2024-02-23T12:18:37+00:00","dateModified":"2024-02-23T12:18:38+00:00","mainEntityOfPage":{"@id":"https:\/\/fcspartaktrnava.com\/sulek-s-dodatocnym-trestom-na-tri-tyzdne\/"},"wordCount":900,"publisher":{"@id":"https:\/\/fcspartaktrnava.com\/#organization"},"image":{"@id":"https:\/\/fcspartaktrnava.com\/sulek-s-dodatocnym-trestom-na-tri-tyzdne\/#primaryimage"},"thumbnailUrl":"https:\/\/fcspartaktrnava.com\/wp-content\/uploads\/2024\/02\/DSC_5640.jpg","keywords":["Michal Ga\u0161par\u00edk"],"articleSection":["Spr\u00e1vy"],"inLanguage":"en-GB"},{"@type":"WebPage","@id":"https:\/\/fcspartaktrnava.com\/sulek-s-dodatocnym-trestom-na-tri-tyzdne\/","url":"https:\/\/fcspartaktrnava.com\/sulek-s-dodatocnym-trestom-na-tri-tyzdne\/","name":"\u0160ulek s\u00a0dodato\u010dn\u00fdm trestom na tri t\u00fd\u017edne - FC Spartak Trnava","isPartOf":{"@id":"https:\/\/fcspartaktrnava.com\/#website"},"primaryImageOfPage":{"@id":"https:\/\/fcspartaktrnava.com\/sulek-s-dodatocnym-trestom-na-tri-tyzdne\/#primaryimage"},"image":{"@id":"https:\/\/fcspartaktrnava.com\/sulek-s-dodatocnym-trestom-na-tri-tyzdne\/#primaryimage"},"thumbnailUrl":"https:\/\/fcspartaktrnava.com\/wp-content\/uploads\/2024\/02\/DSC_5640.jpg","datePublished":"2024-02-23T12:18:37+00:00","dateModified":"2024-02-23T12:18:38+00:00","breadcrumb":{"@id":"https:\/\/fcspartaktrnava.com\/sulek-s-dodatocnym-trestom-na-tri-tyzdne\/#breadcrumb"},"inLanguage":"en-GB","potentialAction":[{"@type":"ReadAction","target":["https:\/\/fcspartaktrnava.com\/sulek-s-dodatocnym-trestom-na-tri-tyzdne\/"]}]},{"@type":"ImageObject","inLanguage":"en-GB","@id":"https:\/\/fcspartaktrnava.com\/sulek-s-dodatocnym-trestom-na-tri-tyzdne\/#primaryimage","url":"https:\/\/fcspartaktrnava.com\/wp-content\/uploads\/2024\/02\/DSC_5640.jpg","contentUrl":"https:\/\/fcspartaktrnava.com\/wp-content\/uploads\/2024\/02\/DSC_5640.jpg","width":1520,"height":1013},{"@type":"BreadcrumbList","@id":"https:\/\/fcspartaktrnava.com\/sulek-s-dodatocnym-trestom-na-tri-tyzdne\/#breadcrumb","itemListElement":[{"@type":"ListItem","position":1,"name":"Home","item":"https:\/\/fcspartaktrnava.com\/"},{"@type":"ListItem","position":2,"name":"\u0160ulek s\u00a0dodato\u010dn\u00fdm trestom na tri t\u00fd\u017edne"}]},{"@type":"WebSite","@id":"https:\/\/fcspartaktrnava.com\/#website","url":"https:\/\/fcspartaktrnava.com\/","name":"FC Spartak Trnava","description":"ofici\u00e1lna webstr\u00e1nka futbalov\u00e9ho klubu","publisher":{"@id":"https:\/\/fcspartaktrnava.com\/#organization"},"potentialAction":[{"@type":"SearchAction","target":{"@type":"EntryPoint","urlTemplate":"https:\/\/fcspartaktrnava.com\/?s={search_term_string}"},"query-input":{"@type":"PropertyValueSpecification","valueRequired":true,"valueName":"search_term_string"}}],"inLanguage":"en-GB"},{"@type":"Organization","@id":"https:\/\/fcspartaktrnava.com\/#organization","name":"FC Spartak Trnava","alternateName":"Spartak","url":"https:\/\/fcspartaktrnava.com\/","logo":{"@type":"ImageObject","inLanguage":"en-GB","@id":"https:\/\/fcspartaktrnava.com\/#\/schema\/logo\/image\/","url":"https:\/\/fcspartaktrnava.com\/wp-content\/uploads\/2022\/08\/cropped-site_logo.png","contentUrl":"https:\/\/fcspartaktrnava.com\/wp-content\/uploads\/2022\/08\/cropped-site_logo.png","width":140,"height":140,"caption":"FC Spartak Trnava"},"image":{"@id":"https:\/\/fcspartaktrnava.com\/#\/schema\/logo\/image\/"},"sameAs":["https:\/\/www.facebook.com\/SpartakTrnava","https:\/\/x.com\/SpartakTrnava1","https:\/\/www.instagram.com\/spartak_sk\/"]},{"@type":"Person","@id":"https:\/\/fcspartaktrnava.com\/#\/schema\/person\/24bc5b254af14f71d7d8af178790aa75","name":"spartak","image":{"@type":"ImageObject","inLanguage":"en-GB","@id":"https:\/\/fcspartaktrnava.com\/#\/schema\/person\/image\/","url":"https:\/\/secure.gravatar.com\/avatar\/f8ff8584f3fcf3909a11a6da9019f37749183b4015bca14e64556c52614cdc7f?s=96&d=mm&r=g","contentUrl":"https:\/\/secure.gravatar.com\/avatar\/f8ff8584f3fcf3909a11a6da9019f37749183b4015bca14e64556c52614cdc7f?s=96&d=mm&r=g","caption":"spartak"},"url":"https:\/\/fcspartaktrnava.com\/en\/author\/spartak\/"}]}},"_links":{"self":[{"href":"https:\/\/fcspartaktrnava.com\/en\/wp-json\/wp\/v2\/posts\/14890","targetHints":{"allow":["GET"]}}],"collection":[{"href":"https:\/\/fcspartaktrnava.com\/en\/wp-json\/wp\/v2\/posts"}],"about":[{"href":"https:\/\/fcspartaktrnava.com\/en\/wp-json\/wp\/v2\/types\/post"}],"author":[{"embeddable":true,"href":"https:\/\/fcspartaktrnava.com\/en\/wp-json\/wp\/v2\/users\/2"}],"replies":[{"embeddable":true,"href":"https:\/\/fcspartaktrnava.com\/en\/wp-json\/wp\/v2\/comments?post=14890"}],"version-history":[{"count":0,"href":"https:\/\/fcspartaktrnava.com\/en\/wp-json\/wp\/v2\/posts\/14890\/revisions"}],"wp:featuredmedia":[{"embeddable":true,"href":"https:\/\/fcspartaktrnava.com\/en\/wp-json\/wp\/v2\/media\/14771"}],"wp:attachment":[{"href":"https:\/\/fcspartaktrnava.com\/en\/wp-json\/wp\/v2\/media?parent=14890"}],"wp:term":[{"taxonomy":"category","embeddable":true,"href":"https:\/\/fcspartaktrnava.com\/en\/wp-json\/wp\/v2\/categories?post=14890"},{"taxonomy":"post_tag","embeddable":true,"href":"https:\/\/fcspartaktrnava.com\/en\/wp-json\/wp\/v2\/tags?post=14890"}],"curies":[{"name":"wp","href":"https:\/\/api.w.org\/{rel}","templated":true}]}}