{"id":14742,"date":"2024-02-18T21:40:08","date_gmt":"2024-02-18T19:40:08","guid":{"rendered":"https:\/\/fcspartaktrnava.com\/?p=14742"},"modified":"2024-02-19T12:04:17","modified_gmt":"2024-02-19T10:04:17","slug":"paradny-gol-mikovica-na-body-proti-dac-nestacil","status":"publish","type":"post","link":"https:\/\/fcspartaktrnava.com\/en\/paradny-gol-mikovica-na-body-proti-dac-nestacil\/","title":{"rendered":"Par\u00e1dny g\u00f3l Mikovi\u010da na body proti DAC nesta\u010dil"},"content":{"rendered":"<div class=\"wp-block-group\"><div class=\"wp-block-group__inner-container is-layout-flow wp-block-group-is-layout-flow\">\n<p class=\"has-text-align-center\" style=\"font-size:16px\">\u0160tadi\u00f3n Antona Malatinsk\u00e9ho, Nik\u00e9 liga, 20. kolo, 18. 2. 2023 o 17:30<\/p>\n\n\n\n<p class=\"has-text-align-center has-large-font-size\">FC SPARTAK TRNAVA<br>DAC DUNAJSK\u00c1 STREDA<\/p>\n\n\n\n<p class=\"has-text-align-center has-x-large-font-size\" style=\"font-style:normal;font-weight:600\">1:2 <\/p>\n\n\n\n<div class=\"wp-block-group has-black-color has-text-color has-background\" style=\"background-color:#e2e7ec\"><div class=\"wp-block-group__inner-container is-layout-flow wp-block-group-is-layout-flow\">\n<p><strong>FC Spartak:<\/strong><\/p>\n\n\n\n<p>Tak\u00e1\u010d \u2013 &nbsp;Ko\u0161trna, \u0160tetina, K\u00f3\u0161a, \u0160ulek (65. Mikovi\u010d) \u2013 Proch\u00e1zka \u2013 Azango (65. Ofori), Bukata (76. Poznar), Bainovi\u010d (46. Bern\u00e1t), Daniel &#8211; \u010euri\u0161<\/p>\n\n\n\n<p><strong>DAC: <\/strong><\/p>\n\n\n\n<p>Popovi\u010d \u2013Gruszkowski, Ka\u010daraba, Brunetti, Andzouana \u2013 Dimun \u2013 Trusa (78. Goure), Vit\u00e1lis, Jurgens (78. Herc), Ramadan (64. Yapi) \u2013 Kone (57. Mendez)&nbsp;<\/p>\n\n\n\n<p><strong>Goals: <\/strong>90+5. Mikovi\u010d (Daniel) &#8211; 42. Ramadan, 86. Andzouana<\/p>\n\n\n\n<p><strong>Yellow cards: <\/strong>K\u00f3\u0161a, Proch\u00e1zka \u2013 Popovi\u010d, Trusa, Goure<\/p>\n\n\n\n<p><strong>Judges:<\/strong> Kru\u017eliak \u2013 Hancko, Vorel<\/p>\n\n\n\n<p><strong>Spectators: <\/strong>5247<\/p>\n\n\n\n<p><strong>Half time:<\/strong> 0:1<\/p>\n<\/div><\/div>\n<\/div><\/div>\n\n\n\n<p>Na hrot trnavsk\u00e9ho \u00fatoku sa proti DAC postavil navr\u00e1tilec Michal \u010euri\u0161, \u0161ancu v&nbsp;z\u00e1kladnej zostave dostali Philip Azango, Sebasti\u00e1n K\u00f3\u0161a, Roman Proch\u00e1zka a&nbsp;Filip Bainovi\u010d. T\u00edmov\u00e1 s\u00fapiska bola bez Adriana Zeljkovi\u010da, mlad\u00fd z\u00e1lo\u017en\u00edk ch\u00fdbal pre zdravotn\u00e9 probl\u00e9my.<\/p>\n\n\n\n<p>Pred samotn\u00fdm z\u00e1pasom odovzdal gener\u00e1lny mana\u017e\u00e9r klubu Martin Hudec pam\u00e4tn\u00fd dres Ren\u00e1te Jamrichovej. Mlad\u00e1, iba \u0161estn\u00e1s\u0165ro\u010dn\u00e1 Trnav\u010danka, vyhrala juniorku Australian Open.<\/p>\n\n\n\n<p><strong>V&nbsp;prvom pol\u010dase boli viac nebezpe\u010dn\u00ed hostia, napokon im jedna akcia aj vy\u0161la do g\u00f3lov\u00e9ho vy\u00fastenia. Spartak mal \u0161ance z\u00e1sluhou Michala \u010euri\u0161a, ostali v\u0161ak nevyu\u017eit\u00e9.<\/strong><\/p>\n\n\n\n<p>5<\/p>\n\n\n\n<p>Mil\u00e1n Vit\u00e1lis centroval loptu po nariadenom priamom kope, po te\u010di dom\u00e1cej obrany sa kopal rohov\u00fd kop. Akciu host\u00ed zakon\u010dil Matej Trusa strelou z&nbsp;\u013eavej strany do rukav\u00edc pripraven\u00e9ho Dominika Tak\u00e1\u010da.<\/p>\n\n\n\n<p>11<\/p>\n\n\n\n<p>Za ostr\u00fd z\u00e1krok v&nbsp;sklze dostal \u017elt\u00fa kartu Sebasti\u00e1n K\u00f3\u0161a. Mateja Trusu mali p\u00e1r sek\u00fand v&nbsp;opatere t\u00edmov\u00ed lek\u00e1ri.<\/p>\n\n\n\n<p>13<\/p>\n\n\n\n<p>Po priamom kope sa lopta dostala a\u017e do \u0161estn\u00e1stky Spartaka, pred Dominikom Tak\u00e1\u010dom na\u0161\u0165astie zasahovali dom\u00e1ci obrancovia a&nbsp;bez g\u00f3lov sa hralo aj po n\u00e1slednej strele DAC, ktor\u00fa zobral n\u00e1\u0161 brank\u00e1r.<\/p>\n\n\n\n<p>16<\/p>\n\n\n\n<p>Oliver Jurgens poslal skvel\u00fa prihr\u00e1vku za obranu a&nbsp;Matej Trusa posunul smerom na br\u00e1nku vysok\u00fdm lobom. Lopta trafila ty\u010d trnavskej br\u00e1nky a&nbsp;n\u00e1sledne ju stihol faulovan\u00fd Kristi\u00e1n Ko\u0161trna odkopn\u00fa\u0165 do bezpe\u010dia. &nbsp;<\/p>\n\n\n\n<p>27<\/p>\n\n\n\n<p>Erik Daniel si z&nbsp;pravej strany potiahol loptu a&nbsp;z&nbsp;hranice \u0161estn\u00e1stky poslal strelu na br\u00e1nku DAC. Po te\u010di sa kopal rohov\u00fd kop, akciu zakon\u010dil tutovkou Philip Azango. Jeho prudk\u00fa strelu z&nbsp;\u013eavej strany, na br\u00e1nkovej \u010diare loptu nedorazil loptu do siete Michal \u010euri\u0161.<\/p>\n\n\n\n<p>32<\/p>\n\n\n\n<p>Po prebrat\u00ed lopty sa do strely spoza \u0161estn\u00e1stky oprel Roman Proch\u00e1zka, jeho pokus sk\u00fasil te\u010dova\u0165 Michal \u010euri\u0161, sk\u00fasen\u00e9mu \u00fato\u010dn\u00edkovi v\u0161ak ch\u00fdbali centimetre aby loptu zasiahol.<\/p>\n\n\n\n<p>42<\/p>\n\n\n\n<p>Po pravej strane prenikol Konrad Gruszkowski a&nbsp;poslal prihr\u00e1vku pred br\u00e1nku cez cel\u00fa \u0161\u00edrku \u0161estn\u00e1stky. K\u00fdm Moussa Kone loptu minul, Ammar Ramadan u\u017e nezav\u00e1hal a&nbsp;poslal loptu do siete a&nbsp;hostia viedli \u2013 0:1.<\/p>\n\n\n\n<p>45+1<\/p>\n\n\n\n<p>Martin Bukata centroval z&nbsp;\u013eavej strany na prv\u00fa ty\u010d hos\u0165uj\u00facej br\u00e1nky a&nbsp;Michal \u010euri\u0161 mal na hlave vyrovnanie. Jeho pokus mieril tesne mimo a&nbsp;do kab\u00edn sa i\u0161li za vedenia DAC.<\/p>\n\n\n\n<p><strong>Spartak v&nbsp;druhom pol\u010dase zlep\u0161il svoj v\u00fdkon, rozhodnutie VAR v\u0161ak neuznalo vyrovn\u00e1vaj\u00faci g\u00f3l Michala \u010euri\u0161a,&nbsp;vz\u00e1p\u00e4t\u00ed&nbsp;pri\u0161iel druh\u00fd g\u00f3l DAC a hostia poistili svoj n\u00e1skok. Ich v\u00fdhru iba zmiernil Martin Mikovi\u010d v&nbsp;\u00faplnom z\u00e1vere duelu.<\/strong><\/p>\n\n\n\n<p>46<\/p>\n\n\n\n<p>J\u00e1n Bern\u00e1t nahradil do druh\u00e9ho pol\u010dasu Filipa Bainovi\u010da.<\/p>\n\n\n\n<p>51<\/p>\n\n\n\n<p>Obrovsk\u00fa \u0161ancu na vyrovnanie mal Erik Daniel, po prudkej prihr\u00e1vke J\u00e1n Bern\u00e1ta z&nbsp;pravej strany cez cel\u00fa \u0161estn\u00e1stku. Loptu v\u0161ak netrafil a&nbsp;manko jedn\u00e9ho g\u00f3lu sa pre Spartak nezmenilo.<\/p>\n\n\n\n<p>57<\/p>\n\n\n\n<p>Svojou typickou strelou po n\u00e1behu z&nbsp;kr\u00eddelnej poz\u00edcie sa prezentoval Erik Daniel, jeho pokus v\u0161ak blokovala obrana DAC.<\/p>\n\n\n\n<p>65<\/p>\n\n\n\n<p>Martin Mikovi\u010d nahradil Martina \u0160uleka, Kelvin Ofori pri\u0161iel za Philipa Azanga. Za zdr\u017eovanie dostal \u017elt\u00fa kartu brank\u00e1r DAC Aleksandar Popovi\u010d, n\u00e1sledne aj Matej Trusa.<\/p>\n\n\n\n<p>71<\/p>\n\n\n\n<p>Kelvin Ofori prebral loptu na pravom kr\u00eddle, sk\u00fasil li\u0161iacky prekona\u0165 brank\u00e1ra host\u00ed strelou vonkaj\u0161\u00edm priehlavkom. Pokus mieril pod spojnicu, v&nbsp;poslednej chv\u00edli v\u0161ak Aleksandar Popovi\u010d zakro\u010dil.<\/p>\n\n\n\n<p>75<\/p>\n\n\n\n<p>Roman Proch\u00e1zka videl za faul \u017elt\u00fa kartu.<\/p>\n\n\n\n<p>76<\/p>\n\n\n\n<p>Tom\u00e1\u0161 Poznar nahradil Martina Bukatu. Duel pril\u00e1kal 5247 div\u00e1kov.<\/p>\n\n\n\n<p>81<\/p>\n\n\n\n<p>Dominik Tak\u00e1\u010d vysok\u00fdm v\u00fdkopom h\u013eadal na hrote Michala \u010euri\u0161a, po chybe obrany DAC sa k&nbsp;\u00fato\u010dn\u00edkovi Spartaka napokon aj dostala a&nbsp;sk\u00fasen\u00fd hr\u00e1\u010d doviezol loptu do siete. Rozhodnutie VAR po dlhom presk\u00faman\u00ed uk\u00e1zalo ofsajd Michala \u010euri\u0161a pri brank\u00e1rovom v\u00fdkope a&nbsp;g\u00f3l neplatil.<\/p>\n\n\n\n<p>86<\/p>\n\n\n\n<p>Boli to naopak hostia, kto sk\u00f3roval. Lopta sa dostala v&nbsp;\u0161estn\u00e1stke k&nbsp;Yhoanovi Andzouanovi a&nbsp;ten prekonal Dominika Tak\u00e1\u010da k&nbsp;bli\u017e\u0161ej ty\u010di \u2013 0:2.<\/p>\n\n\n\n<p>90+4<\/p>\n\n\n\n<p>Striedaj\u00faci Martin Mikovi\u010d sa v\u00a0z\u00e1vere z\u00e1pasu dostal k\u00a0odrazenej lopte po centri Erika Daniela a strelou spoza \u0161estn\u00e1stky trafil do \u013eav\u00e9ho horn\u00e9ho rohu br\u00e1nky. Kr\u00e1sny g\u00f3l v\u0161ak iba zmiernil prehru s\u00a0DAC na 1:2.<\/p>\n\n\n\n<figure class=\"wp-block-embed is-type-video is-provider-youtube wp-block-embed-youtube wp-embed-aspect-16-9 wp-has-aspect-ratio\"><div class=\"wp-block-embed__wrapper\">\n<iframe loading=\"lazy\" title=\"Tla\u010dov\u00e1 konferencia | Michal Ga\u0161par\u00edk a Xisco Mu\u0148oz\" width=\"500\" height=\"281\" src=\"https:\/\/www.youtube.com\/embed\/XJEP8mY1yu8?feature=oembed\" frameborder=\"0\" allow=\"accelerometer; autoplay; clipboard-write; encrypted-media; gyroscope; picture-in-picture; web-share\" referrerpolicy=\"strict-origin-when-cross-origin\" allowfullscreen><\/iframe>\n<\/div><\/figure>\n\n\n\n<p class=\"has-vivid-red-color has-text-color has-link-color wp-elements-cc4d5b458b99245dc108fcab8ea644db\">POVEDALI PO Z\u00c1PASE:<\/p>\n\n\n\n<p>Michal Ga\u0161par\u00edk (Spartak): \u201e<strong><em>S\u00fahlas\u00edm s kolegom, \u017ee z\u00e1pas bol kvalitn\u00fd, mal intenzitu, oba t\u00edmy chceli hra\u0165 na v\u00fdhru. Nemali sme prv\u00fdch 15 min\u00fat ide\u00e1lnych, p\u00f4sobili sme pomal\u0161ie, nesk\u00f4r sme sa do toho dostali a&nbsp;prevzali iniciat\u00edvu v z\u00e1pase. Inkasovali sme lacn\u00fd g\u00f3l v&nbsp;nevhodn\u00fd \u010das, hoci tam bolo ve\u013ea hr\u00e1\u010dov, prehrali n\u00e1s cez stranu. Proti DAC je to \u0165a\u017ek\u00e9 hra\u0165 pri nepriaznivom sk\u00f3re, ke\u010f\u017ee v\u00fdborne br\u00e1nia. Aj v&nbsp;prvom pol\u010dase sme mali \u0161ance, za druh\u00fd pol\u010das mus\u00edm chalanov pochv\u00e1li\u0165. G\u00f3l sme potrebovali sk\u00f4r ako pri\u0161iel, n\u00e1sledne bol odvolan\u00fd, v&nbsp;tom je ten futbal krut\u00fd, \u017ee hne\u010f na to sme inkasovali. Druh\u00fd pol\u010das nem\u00e1m \u010do chalanom vy\u010d\u00edta\u0165, sna\u017eili sme sa reagova\u0165 na zmenu syst\u00e9mu, ke\u010f i\u0161iel s\u00faper do piatich obrancov, hrali sme vabank, s\u00faper mal kvalitu. Pre div\u00e1ka dobr\u00fd z\u00e1pas, pre n\u00e1s krut\u00fd v\u00fdsledok. Niekedy je to o&nbsp;efektivite, potrebujete da\u0165 g\u00f3l, aby sa hrali \u00faplne inak. Prehrali sme druh\u00fd z\u00e1pas po sebe a&nbsp;to nie je ide\u00e1lna situ\u00e1cia.&#8220;<\/em><\/strong><\/p>\n\n\n\n<p>Xisco Mu\u0148oz (DAC): <strong><em>\u201eVynikaj\u00faci z\u00e1pas pre oba t\u00edmy, mali sme taktiku, museli sme ju meni\u0165 po pol\u010dase. Oba t\u00edmy chceli vyhra\u0165, oba t\u00edmy mali \u0161ance na g\u00f3ly. Vyu\u017eili sme dve \u0161ance z\u00a0mnoh\u00fdch. Bol to nadpriemern\u00fd z\u00e1pas tejto ligy. U\u017e\u00edvame si v\u00fdhru, kolega zrejme bude smutn\u00fd z\u00a0v\u00fdsledku, hrala Spartaku v\u0161ak bola briliatn\u00e1. Gratulujem svojmu t\u00edmu.\u201c<\/em><\/strong><\/p>\n\n\n\n<div class=\"wp-block-buttons is-layout-flex wp-block-buttons-is-layout-flex\">\n<div class=\"wp-block-button aligncenter is-style-fill\"><a class=\"wp-block-button__link has-white-color has-text-color has-background wp-element-button\" href=\"https:\/\/www.youtube.com\/watch?v=XJEP8mY1yu8\" style=\"border-radius:0px;background-color:#d40133\" target=\"_blank\" rel=\"noreferrer noopener\">PHOTO GALLERY<\/a><\/div>\n<\/div>","protected":false},"excerpt":{"rendered":"<p>\u0160tadi\u00f3n Antona Malatinsk\u00e9ho, Nik\u00e9 liga, 20. kolo, 18&#8230;.<\/p>","protected":false},"author":2,"featured_media":14743,"comment_status":"closed","ping_status":"closed","sticky":false,"template":"","format":"standard","meta":{"footnotes":""},"categories":[12,20],"tags":[],"class_list":["post-14742","post","type-post","status-publish","format-standard","has-post-thumbnail","hentry","category-spravy","category-zapas","post-number-1"],"yoast_head":"<!-- This site is optimized with the Yoast SEO plugin v27.1.1 - https:\/\/yoast.com\/product\/yoast-seo-wordpress\/ -->\n<title>Par\u00e1dny g\u00f3l Mikovi\u010da na body proti DAC nesta\u010dil - FC Spartak Trnava<\/title>\n<meta name=\"robots\" content=\"index, follow, max-snippet:-1, max-image-preview:large, max-video-preview:-1\" \/>\n<link rel=\"canonical\" href=\"https:\/\/fcspartaktrnava.com\/en\/paradny-gol-mikovica-na-body-proti-dac-nestacil\/\" \/>\n<meta name=\"twitter:label1\" content=\"Written by\" \/>\n\t<meta name=\"twitter:data1\" content=\"spartak\" \/>\n\t<meta name=\"twitter:label2\" content=\"Estimated reading time\" \/>\n\t<meta name=\"twitter:data2\" content=\"6 minutes\" \/>\n<script type=\"application\/ld+json\" class=\"yoast-schema-graph\">{\"@context\":\"https:\/\/schema.org\",\"@graph\":[{\"@type\":\"Article\",\"@id\":\"https:\/\/fcspartaktrnava.com\/paradny-gol-mikovica-na-body-proti-dac-nestacil\/#article\",\"isPartOf\":{\"@id\":\"https:\/\/fcspartaktrnava.com\/paradny-gol-mikovica-na-body-proti-dac-nestacil\/\"},\"author\":{\"name\":\"spartak\",\"@id\":\"https:\/\/fcspartaktrnava.com\/#\/schema\/person\/24bc5b254af14f71d7d8af178790aa75\"},\"headline\":\"Par\u00e1dny g\u00f3l Mikovi\u010da na body proti DAC nesta\u010dil\",\"datePublished\":\"2024-02-18T19:40:08+00:00\",\"dateModified\":\"2024-02-19T10:04:17+00:00\",\"mainEntityOfPage\":{\"@id\":\"https:\/\/fcspartaktrnava.com\/paradny-gol-mikovica-na-body-proti-dac-nestacil\/\"},\"wordCount\":1167,\"publisher\":{\"@id\":\"https:\/\/fcspartaktrnava.com\/#organization\"},\"image\":{\"@id\":\"https:\/\/fcspartaktrnava.com\/paradny-gol-mikovica-na-body-proti-dac-nestacil\/#primaryimage\"},\"thumbnailUrl\":\"https:\/\/fcspartaktrnava.com\/wp-content\/uploads\/2024\/02\/DSC_5779-scaled.jpg\",\"articleSection\":[\"Spr\u00e1vy\",\"Z\u00e1pas\"],\"inLanguage\":\"en-GB\"},{\"@type\":\"WebPage\",\"@id\":\"https:\/\/fcspartaktrnava.com\/paradny-gol-mikovica-na-body-proti-dac-nestacil\/\",\"url\":\"https:\/\/fcspartaktrnava.com\/paradny-gol-mikovica-na-body-proti-dac-nestacil\/\",\"name\":\"Par\u00e1dny g\u00f3l Mikovi\u010da na body proti DAC nesta\u010dil - FC Spartak Trnava\",\"isPartOf\":{\"@id\":\"https:\/\/fcspartaktrnava.com\/#website\"},\"primaryImageOfPage\":{\"@id\":\"https:\/\/fcspartaktrnava.com\/paradny-gol-mikovica-na-body-proti-dac-nestacil\/#primaryimage\"},\"image\":{\"@id\":\"https:\/\/fcspartaktrnava.com\/paradny-gol-mikovica-na-body-proti-dac-nestacil\/#primaryimage\"},\"thumbnailUrl\":\"https:\/\/fcspartaktrnava.com\/wp-content\/uploads\/2024\/02\/DSC_5779-scaled.jpg\",\"datePublished\":\"2024-02-18T19:40:08+00:00\",\"dateModified\":\"2024-02-19T10:04:17+00:00\",\"breadcrumb\":{\"@id\":\"https:\/\/fcspartaktrnava.com\/paradny-gol-mikovica-na-body-proti-dac-nestacil\/#breadcrumb\"},\"inLanguage\":\"en-GB\",\"potentialAction\":[{\"@type\":\"ReadAction\",\"target\":[\"https:\/\/fcspartaktrnava.com\/paradny-gol-mikovica-na-body-proti-dac-nestacil\/\"]}]},{\"@type\":\"ImageObject\",\"inLanguage\":\"en-GB\",\"@id\":\"https:\/\/fcspartaktrnava.com\/paradny-gol-mikovica-na-body-proti-dac-nestacil\/#primaryimage\",\"url\":\"https:\/\/fcspartaktrnava.com\/wp-content\/uploads\/2024\/02\/DSC_5779-scaled.jpg\",\"contentUrl\":\"https:\/\/fcspartaktrnava.com\/wp-content\/uploads\/2024\/02\/DSC_5779-scaled.jpg\",\"width\":2560,\"height\":1703},{\"@type\":\"BreadcrumbList\",\"@id\":\"https:\/\/fcspartaktrnava.com\/paradny-gol-mikovica-na-body-proti-dac-nestacil\/#breadcrumb\",\"itemListElement\":[{\"@type\":\"ListItem\",\"position\":1,\"name\":\"Home\",\"item\":\"https:\/\/fcspartaktrnava.com\/\"},{\"@type\":\"ListItem\",\"position\":2,\"name\":\"Par\u00e1dny g\u00f3l Mikovi\u010da na body proti DAC nesta\u010dil\"}]},{\"@type\":\"WebSite\",\"@id\":\"https:\/\/fcspartaktrnava.com\/#website\",\"url\":\"https:\/\/fcspartaktrnava.com\/\",\"name\":\"FC Spartak Trnava\",\"description\":\"ofici\u00e1lna webstr\u00e1nka futbalov\u00e9ho klubu\",\"publisher\":{\"@id\":\"https:\/\/fcspartaktrnava.com\/#organization\"},\"potentialAction\":[{\"@type\":\"SearchAction\",\"target\":{\"@type\":\"EntryPoint\",\"urlTemplate\":\"https:\/\/fcspartaktrnava.com\/?s={search_term_string}\"},\"query-input\":{\"@type\":\"PropertyValueSpecification\",\"valueRequired\":true,\"valueName\":\"search_term_string\"}}],\"inLanguage\":\"en-GB\"},{\"@type\":\"Organization\",\"@id\":\"https:\/\/fcspartaktrnava.com\/#organization\",\"name\":\"FC Spartak Trnava\",\"alternateName\":\"Spartak\",\"url\":\"https:\/\/fcspartaktrnava.com\/\",\"logo\":{\"@type\":\"ImageObject\",\"inLanguage\":\"en-GB\",\"@id\":\"https:\/\/fcspartaktrnava.com\/#\/schema\/logo\/image\/\",\"url\":\"https:\/\/fcspartaktrnava.com\/wp-content\/uploads\/2022\/08\/cropped-site_logo.png\",\"contentUrl\":\"https:\/\/fcspartaktrnava.com\/wp-content\/uploads\/2022\/08\/cropped-site_logo.png\",\"width\":140,\"height\":140,\"caption\":\"FC Spartak Trnava\"},\"image\":{\"@id\":\"https:\/\/fcspartaktrnava.com\/#\/schema\/logo\/image\/\"},\"sameAs\":[\"https:\/\/www.facebook.com\/SpartakTrnava\",\"https:\/\/x.com\/SpartakTrnava1\",\"https:\/\/www.instagram.com\/spartak_sk\/\"]},{\"@type\":\"Person\",\"@id\":\"https:\/\/fcspartaktrnava.com\/#\/schema\/person\/24bc5b254af14f71d7d8af178790aa75\",\"name\":\"spartak\",\"image\":{\"@type\":\"ImageObject\",\"inLanguage\":\"en-GB\",\"@id\":\"https:\/\/fcspartaktrnava.com\/#\/schema\/person\/image\/\",\"url\":\"https:\/\/secure.gravatar.com\/avatar\/f8ff8584f3fcf3909a11a6da9019f37749183b4015bca14e64556c52614cdc7f?s=96&d=mm&r=g\",\"contentUrl\":\"https:\/\/secure.gravatar.com\/avatar\/f8ff8584f3fcf3909a11a6da9019f37749183b4015bca14e64556c52614cdc7f?s=96&d=mm&r=g\",\"caption\":\"spartak\"},\"url\":\"https:\/\/fcspartaktrnava.com\/en\/author\/spartak\/\"}]}<\/script>\n<!-- \/ Yoast SEO plugin. -->","yoast_head_json":{"title":"Par\u00e1dny g\u00f3l Mikovi\u010da na body proti DAC nesta\u010dil - FC Spartak Trnava","robots":{"index":"index","follow":"follow","max-snippet":"max-snippet:-1","max-image-preview":"max-image-preview:large","max-video-preview":"max-video-preview:-1"},"canonical":"https:\/\/fcspartaktrnava.com\/en\/paradny-gol-mikovica-na-body-proti-dac-nestacil\/","twitter_misc":{"Written by":"spartak","Estimated reading time":"6 minutes"},"schema":{"@context":"https:\/\/schema.org","@graph":[{"@type":"Article","@id":"https:\/\/fcspartaktrnava.com\/paradny-gol-mikovica-na-body-proti-dac-nestacil\/#article","isPartOf":{"@id":"https:\/\/fcspartaktrnava.com\/paradny-gol-mikovica-na-body-proti-dac-nestacil\/"},"author":{"name":"spartak","@id":"https:\/\/fcspartaktrnava.com\/#\/schema\/person\/24bc5b254af14f71d7d8af178790aa75"},"headline":"Par\u00e1dny g\u00f3l Mikovi\u010da na body proti DAC nesta\u010dil","datePublished":"2024-02-18T19:40:08+00:00","dateModified":"2024-02-19T10:04:17+00:00","mainEntityOfPage":{"@id":"https:\/\/fcspartaktrnava.com\/paradny-gol-mikovica-na-body-proti-dac-nestacil\/"},"wordCount":1167,"publisher":{"@id":"https:\/\/fcspartaktrnava.com\/#organization"},"image":{"@id":"https:\/\/fcspartaktrnava.com\/paradny-gol-mikovica-na-body-proti-dac-nestacil\/#primaryimage"},"thumbnailUrl":"https:\/\/fcspartaktrnava.com\/wp-content\/uploads\/2024\/02\/DSC_5779-scaled.jpg","articleSection":["Spr\u00e1vy","Z\u00e1pas"],"inLanguage":"en-GB"},{"@type":"WebPage","@id":"https:\/\/fcspartaktrnava.com\/paradny-gol-mikovica-na-body-proti-dac-nestacil\/","url":"https:\/\/fcspartaktrnava.com\/paradny-gol-mikovica-na-body-proti-dac-nestacil\/","name":"Par\u00e1dny g\u00f3l Mikovi\u010da na body proti DAC nesta\u010dil - FC Spartak Trnava","isPartOf":{"@id":"https:\/\/fcspartaktrnava.com\/#website"},"primaryImageOfPage":{"@id":"https:\/\/fcspartaktrnava.com\/paradny-gol-mikovica-na-body-proti-dac-nestacil\/#primaryimage"},"image":{"@id":"https:\/\/fcspartaktrnava.com\/paradny-gol-mikovica-na-body-proti-dac-nestacil\/#primaryimage"},"thumbnailUrl":"https:\/\/fcspartaktrnava.com\/wp-content\/uploads\/2024\/02\/DSC_5779-scaled.jpg","datePublished":"2024-02-18T19:40:08+00:00","dateModified":"2024-02-19T10:04:17+00:00","breadcrumb":{"@id":"https:\/\/fcspartaktrnava.com\/paradny-gol-mikovica-na-body-proti-dac-nestacil\/#breadcrumb"},"inLanguage":"en-GB","potentialAction":[{"@type":"ReadAction","target":["https:\/\/fcspartaktrnava.com\/paradny-gol-mikovica-na-body-proti-dac-nestacil\/"]}]},{"@type":"ImageObject","inLanguage":"en-GB","@id":"https:\/\/fcspartaktrnava.com\/paradny-gol-mikovica-na-body-proti-dac-nestacil\/#primaryimage","url":"https:\/\/fcspartaktrnava.com\/wp-content\/uploads\/2024\/02\/DSC_5779-scaled.jpg","contentUrl":"https:\/\/fcspartaktrnava.com\/wp-content\/uploads\/2024\/02\/DSC_5779-scaled.jpg","width":2560,"height":1703},{"@type":"BreadcrumbList","@id":"https:\/\/fcspartaktrnava.com\/paradny-gol-mikovica-na-body-proti-dac-nestacil\/#breadcrumb","itemListElement":[{"@type":"ListItem","position":1,"name":"Home","item":"https:\/\/fcspartaktrnava.com\/"},{"@type":"ListItem","position":2,"name":"Par\u00e1dny g\u00f3l Mikovi\u010da na body proti DAC nesta\u010dil"}]},{"@type":"WebSite","@id":"https:\/\/fcspartaktrnava.com\/#website","url":"https:\/\/fcspartaktrnava.com\/","name":"FC Spartak Trnava","description":"ofici\u00e1lna webstr\u00e1nka futbalov\u00e9ho klubu","publisher":{"@id":"https:\/\/fcspartaktrnava.com\/#organization"},"potentialAction":[{"@type":"SearchAction","target":{"@type":"EntryPoint","urlTemplate":"https:\/\/fcspartaktrnava.com\/?s={search_term_string}"},"query-input":{"@type":"PropertyValueSpecification","valueRequired":true,"valueName":"search_term_string"}}],"inLanguage":"en-GB"},{"@type":"Organization","@id":"https:\/\/fcspartaktrnava.com\/#organization","name":"FC Spartak Trnava","alternateName":"Spartak","url":"https:\/\/fcspartaktrnava.com\/","logo":{"@type":"ImageObject","inLanguage":"en-GB","@id":"https:\/\/fcspartaktrnava.com\/#\/schema\/logo\/image\/","url":"https:\/\/fcspartaktrnava.com\/wp-content\/uploads\/2022\/08\/cropped-site_logo.png","contentUrl":"https:\/\/fcspartaktrnava.com\/wp-content\/uploads\/2022\/08\/cropped-site_logo.png","width":140,"height":140,"caption":"FC Spartak Trnava"},"image":{"@id":"https:\/\/fcspartaktrnava.com\/#\/schema\/logo\/image\/"},"sameAs":["https:\/\/www.facebook.com\/SpartakTrnava","https:\/\/x.com\/SpartakTrnava1","https:\/\/www.instagram.com\/spartak_sk\/"]},{"@type":"Person","@id":"https:\/\/fcspartaktrnava.com\/#\/schema\/person\/24bc5b254af14f71d7d8af178790aa75","name":"spartak","image":{"@type":"ImageObject","inLanguage":"en-GB","@id":"https:\/\/fcspartaktrnava.com\/#\/schema\/person\/image\/","url":"https:\/\/secure.gravatar.com\/avatar\/f8ff8584f3fcf3909a11a6da9019f37749183b4015bca14e64556c52614cdc7f?s=96&d=mm&r=g","contentUrl":"https:\/\/secure.gravatar.com\/avatar\/f8ff8584f3fcf3909a11a6da9019f37749183b4015bca14e64556c52614cdc7f?s=96&d=mm&r=g","caption":"spartak"},"url":"https:\/\/fcspartaktrnava.com\/en\/author\/spartak\/"}]}},"_links":{"self":[{"href":"https:\/\/fcspartaktrnava.com\/en\/wp-json\/wp\/v2\/posts\/14742","targetHints":{"allow":["GET"]}}],"collection":[{"href":"https:\/\/fcspartaktrnava.com\/en\/wp-json\/wp\/v2\/posts"}],"about":[{"href":"https:\/\/fcspartaktrnava.com\/en\/wp-json\/wp\/v2\/types\/post"}],"author":[{"embeddable":true,"href":"https:\/\/fcspartaktrnava.com\/en\/wp-json\/wp\/v2\/users\/2"}],"replies":[{"embeddable":true,"href":"https:\/\/fcspartaktrnava.com\/en\/wp-json\/wp\/v2\/comments?post=14742"}],"version-history":[{"count":0,"href":"https:\/\/fcspartaktrnava.com\/en\/wp-json\/wp\/v2\/posts\/14742\/revisions"}],"wp:featuredmedia":[{"embeddable":true,"href":"https:\/\/fcspartaktrnava.com\/en\/wp-json\/wp\/v2\/media\/14743"}],"wp:attachment":[{"href":"https:\/\/fcspartaktrnava.com\/en\/wp-json\/wp\/v2\/media?parent=14742"}],"wp:term":[{"taxonomy":"category","embeddable":true,"href":"https:\/\/fcspartaktrnava.com\/en\/wp-json\/wp\/v2\/categories?post=14742"},{"taxonomy":"post_tag","embeddable":true,"href":"https:\/\/fcspartaktrnava.com\/en\/wp-json\/wp\/v2\/tags?post=14742"}],"curies":[{"name":"wp","href":"https:\/\/api.w.org\/{rel}","templated":true}]}}