{"id":14640,"date":"2024-02-11T23:03:36","date_gmt":"2024-02-11T21:03:36","guid":{"rendered":"https:\/\/fcspartaktrnava.com\/?p=14640"},"modified":"2024-02-12T00:06:16","modified_gmt":"2024-02-11T22:06:16","slug":"zensky-tim-ale-aj-vsetky-mladeznicke-maju-za-sebou-narocne-zapasy-s-gyorom","status":"publish","type":"post","link":"https:\/\/fcspartaktrnava.com\/en\/zensky-tim-ale-aj-vsetky-mladeznicke-maju-za-sebou-narocne-zapasy-s-gyorom\/","title":{"rendered":"\u017densk\u00fd t\u00edm, ale aj v\u0161etky ml\u00e1de\u017en\u00edcke kateg\u00f3rie, maj\u00fa za sebou n\u00e1ro\u010dn\u00e9 z\u00e1pasy s Gy\u00f6rom"},"content":{"rendered":"<p><strong>FC ETO Gy\u00f6r U19 \u2013 FC Spartak Trnava U19 3:4 (3:2)<\/strong><\/p>\n\n\n\n<p>Z\u00e1pas, v&nbsp;ktorom nebola n\u00fadza o&nbsp;g\u00f3ly, m\u00e1 za sebou najstar\u0161ia ml\u00e1de\u017en\u00edcka kateg\u00f3ria. Na\u0161a dev\u00e4tn\u00e1stka zv\u00ed\u0165azila s&nbsp;h\u00fa\u017eevnat\u00fdm a&nbsp;najm\u00e4 kvalitn\u00fdm s\u00faperom 4:3, pri\u010dom te\u0161\u00ed hlavne fakt, \u017ee sme dok\u00e1zali po v\u00fdmene str\u00e1n oto\u010di\u0165 nepriazniv\u00fd stav.<\/p>\n\n\n\n<p><strong>Goals: <\/strong>Lipovsk\u00fd, Fan\u010dovi\u010d, Henyig, Straka<\/p>\n\n\n\n<p><strong>Peter Ga\u017ei: \u201ePrv\u00fd pol\u010das sme uk\u00e1zali viacero dobr\u00fdch situ\u00e1ci\u00ed v&nbsp;postupnom \u00fatoku a&nbsp;pressingovej obrane. N\u00e1\u0161 prv\u00fd g\u00f3l padol po peknej akcii s&nbsp;dobr\u00fdm zakon\u010den\u00edm Lipovsk\u00e9ho a&nbsp;druh\u00fd po rohovom kope a&nbsp;dobrej orient\u00e1cii Fan\u010dovi\u010da. Z\u00e1rove\u0148 sme ale inkasovali a\u017e trikr\u00e1t, prv\u00fdkr\u00e1t po vlastnom g\u00f3le. Druh\u00fd pol\u010das sme dok\u00e1zali zatvori\u0165 s\u00fapera na jeho polovici a&nbsp;oto\u010di\u0165 z\u00e1pas. Vyrovnal Henyig strelou z&nbsp;dia\u013eky. V&nbsp;poslednej sekunde z\u00e1pasu \u010fal\u0161ou kvalitnou strelou mimo pokutov\u00e9ho \u00fazemia uzavrel z\u00e1pas Straka. Te\u0161\u00ed n\u00e1s, \u017ee sme schopn\u00ed uk\u00e1za\u0165 kvalitu, streli\u0165 4 g\u00f3ly a&nbsp;zdola\u0165 kvalitn\u00fa zahrani\u010dn\u00fa akad\u00e9miu.\u201c<\/strong><\/p>\n\n\n\n<figure class=\"wp-block-video\"><video height=\"1080\" style=\"aspect-ratio: 1920 \/ 1080;\" width=\"1920\" controls src=\"https:\/\/fcspartaktrnava.com\/wp-content\/uploads\/2024\/02\/U19-gol.mp4\"><\/video><\/figure>\n\n\n\n<p><strong>FC Spartak Trnava U17 \u2013 FC ETO Gy\u00f6r U17 1:2 (1:1)<\/strong><\/p>\n\n\n\n<p>Ako dev\u00e4tn\u00e1stka zv\u00ed\u0165azila o&nbsp;g\u00f3l, druh\u00e1 najstar\u0161ia dorasteneck\u00e1 kateg\u00f3ria najtesnej\u0161\u00edm rozdielom prehrala. Sedemn\u00e1stka po rem\u00edzovom prvom pol\u010dase nesta\u010dila na Gy\u00f6r a&nbsp;prehrala 1:2.<\/p>\n\n\n\n<p><strong>Goals: <\/strong>Le\u017e\u00e1k<\/p>\n\n\n\n<p><strong>Patrik Mal\u00fd: \u201ePre nezainteresovan\u00e9ho div\u00e1ka to bol ve\u013emi dobr\u00fd duel, v ktorom sa \u0161ance striedali na oboch stran\u00e1ch. Pre tr\u00e9nerov to bolo u\u017e asi in\u00e9, pri\u010dom ofenz\u00edvy prehr\u00e1vali defenz\u00edvnu \u010das\u0165. V&nbsp;na\u0161om podan\u00ed sme si vytvorili mno\u017estvo pr\u00edle\u017eitost\u00ed, ktor\u00e9 mohli skon\u010di\u0165 g\u00f3lom, no na\u0161a efektivita v&nbsp;tomto z\u00e1pase bola ve\u013emi miziv\u00e1 a&nbsp;najm\u00e4 rie\u0161enie na\u0161ej finaliz\u00e1cie nebolo spr\u00e1vne. Mus\u00edme sa v&nbsp;tejto \u010dinnosti zlep\u0161i\u0165, preto\u017ee nie v&nbsp;ka\u017edom z\u00e1pase bude to\u013eko pr\u00edle\u017eitost\u00ed a&nbsp;my mus\u00edme by\u0165 \u010do najefekt\u00edvnej\u0161\u00ed. Z&nbsp;poh\u013eadu defenz\u00edvy n\u00e1m ch\u00fdbala v\u00e4\u010d\u0161ia komunik\u00e1cia, najm\u00e4 v&nbsp;strede po\u013ea a&nbsp;r\u00fdchlej\u0161ia reakcia pri zachyt\u00e1van\u00ed hr\u00e1\u010dov s\u00fapera. Celkovo by som to vyhodnotil ako z\u00e1pas na hojda\u010dke, kde sa n\u00e1m striedali v\u00fdborn\u00e9 veci s&nbsp;hor\u0161\u00edmi.\u201c<\/strong><\/p>\n\n\n\n<p><strong>FC ETO Gy\u00f6r U16 \u2013 FC Spartak Trnava U16 1:7 (1:1)<\/strong><\/p>\n\n\n\n<p>Najjednozna\u010dnej\u0161\u00ed z\u00e1pas z\u00a0poh\u013eadu v\u00fdsledku odohrali s\u00a0Gy\u00f6rom najmlad\u0161\u00ed dorastenci. Prv\u00fd pol\u010das bol s\u00edce e\u0161te stav vyrovnan\u00fd, ale po v\u00fdmene str\u00e1n strelili spartakovci a\u017e poltucet g\u00f3lov a\u00a0zv\u00ed\u0165azili vysoko 7:1. Hetrikom sa blysol Terenkov.<\/p>\n\n\n\n<p><strong>Goals: <\/strong>3x Terenkov, 2x Pol\u0165\u00e1k, Tejzr, Vete\u0161ka<\/p>\n\n\n\n<p><strong>Adam Chorvath: \u201eN\u00e1\u0161 hern\u00fd prejav sa postupne zlep\u0161uje a&nbsp;som r\u00e1d, \u017ee v&nbsp;tomto z\u00e1pase sa to uk\u00e1zalo aj na v\u00fdsledku. Prv\u00fd pol\u010das sme s\u00edce boli silnej\u0161\u00ed na lopte, no s\u00faper bol rovnako nebezpe\u010dn\u00fd z&nbsp;r\u00fdchlych proti\u00fatokov po na\u0161ich strat\u00e1ch. V&nbsp;druhom pol\u010dase sme u\u017e jednozna\u010dne dominovali aj strelecky. Dali sme ve\u013emi pekn\u00e9 g\u00f3ly, v\u00e4\u010d\u0161inu po situ\u00e1ci\u00e1ch, kde sa chalani presadili v&nbsp;hre 1 na 1 svojou kvalitou.\u201c<\/strong><\/p>\n\n\n\n<figure class=\"wp-block-video\"><video height=\"1080\" style=\"aspect-ratio: 1920 \/ 1080;\" width=\"1920\" controls src=\"https:\/\/fcspartaktrnava.com\/wp-content\/uploads\/2024\/02\/U16goly.mp4\"><\/video><\/figure>\n\n\n\n<p><strong>FC Spartak Trnava U15 \u2013 FC ETO Gy\u00f6r U15 0:1 (0:0)<\/strong><\/p>\n\n\n\n<p>G\u00f3lovo najchudobnej\u0161\u00ed z\u00e1pas bol medzi najstar\u0161\u00edmi \u017eiakmi, kde padol iba jeden presn\u00fd z\u00e1sah. Na trnavsk\u00fa \u0161kodu, do spartakovskej br\u00e1ny.<\/p>\n\n\n\n<p><strong>Tom\u00e1\u0161 K\u00e1nik: \u201ePo v\u00fdsledkovej str\u00e1nke bol z\u00e1pas pre n\u00e1s krut\u00fd. Po\u010das cel\u00e9ho priebehu sme boli akt\u00edvnej\u0161\u00edm t\u00edmom. Hr\u00e1\u010di po v\u00e4\u010d\u0161inu z\u00e1pasu sp\u013a\u0148ali to, ako sme sa chceli prezentova\u0165 v&nbsp;jednotliv\u00fdch hern\u00fdch situ\u00e1ci\u00e1ch. S\u00faper n\u00e1s v&nbsp;z\u00e1vere z\u00e1pasu potrestal za na\u0161e nepremenen\u00e9 pr\u00edle\u017eitosti po ojedinelej situ\u00e1cii. Napriek tomu po z\u00e1pase v&nbsp;na\u0161ej \u0161atni prevl\u00e1dali pozit\u00edvne dojmy a&nbsp;pocit, \u017ee m\u00e1me na \u010dom stava\u0165 do \u010fal\u0161ej \u010dasti sez\u00f3ny.\u201c<\/strong><\/p>\n\n\n\n<p><strong>FC ETO Gy\u00f6r U14 \u2013 FC Spartak Trnava U14 2:6 (0:2)<\/strong><\/p>\n\n\n\n<p>Naopak g\u00f3lovo bohat\u00e9 bolo stretnutia hr\u00e1\u010dov do 14 rokov. N\u00e1\u0161mu s\u00faperovi sa s\u00edce podarilo zmaza\u0165 dvojg\u00f3lov\u00e9 manko, ale spr\u00e1vnou reakciou na\u0161i hr\u00e1\u010di strhli vedenie nasp\u00e4\u0165 na svoju stranu.<\/p>\n\n\n\n<p><strong>Goals: <\/strong>Kr\u00e1\u013eovi\u010d, Bo\u0161ka, G\u00e1bor, Holb\u00edk, Pokus, Dreven\u00e1k<\/p>\n\n\n\n<p><strong>Oliver Burian: \u201eV tomto z\u00e1pase sme \u010delili fyzicky vyspel\u00e9mu s\u00faperovi, ktor\u00fd sa prezentoval ve\u013emi d\u00f4raznou hrou, miestami a\u017e na hranici \u00fanosnosti a&nbsp;t\u00fdm n\u00e1m v&nbsp;ur\u010dit\u00fdch momentoch robil ve\u013ek\u00e9 probl\u00e9my sa dosta\u0165 do dlh\u0161ieho dr\u017eania lopty. Neboli sme dominantn\u00ed na lopte tak ako v&nbsp;predo\u0161l\u00fdch z\u00e1pasoch a&nbsp;takisto sme prehr\u00e1vali ve\u013emi ve\u013ea osobn\u00fdch s\u00fabojov, hlavne v&nbsp;strede ihriska. Pozit\u00edvom je po\u010det vypracovan\u00fdch \u0161anc\u00ed, av\u0161ak skoro v\u0161etky plynuli z&nbsp;r\u00fdchlych priamo\u010diarych akci\u00ed. Som r\u00e1d, \u017ee sa po dlh\u0161om \u010dase museli uk\u00e1za\u0165 mor\u00e1lno-v\u00f4\u013eov\u00e9 vlastnosti hr\u00e1\u010dov, kedy sme stratili vedenie o&nbsp;dva g\u00f3ly hne\u010f v&nbsp;\u00favode druh\u00e9ho pol\u010dasu po jednej peknej akcii s\u00fapera a&nbsp;jednej viac diskutabilnej penaltovej situ\u00e1cii. Te\u0161\u00ed ma reakcia a&nbsp;neust\u00e1la s\u00fastredenos\u0165 iba na hru a&nbsp;nie na \u017eiadne okolit\u00e9 vplyvy, dok\u00e1zali sme si udr\u017ea\u0165 potrebn\u00e9 ofenz\u00edvne sebavedomie a&nbsp;zasl\u00fa\u017eene sme pridali do konca z\u00e1pasu e\u0161te 4 g\u00f3ly. Hr\u00e1\u010dom patr\u00ed pochvala, \u017ee aj v&nbsp;tak\u00fdchto z\u00e1pasoch, kedy to nie je len o&nbsp;individu\u00e1lnej kvalite, dok\u00e1\u017eu uk\u00e1za\u0165 t\u00edmovos\u0165 a&nbsp;t\u00fa\u017ebu neust\u00e1le v\u00ed\u0165azi\u0165 a&nbsp;chcen\u00edm strhn\u00fa\u0165 obraz z\u00e1pasu na svoju stranu. Tento z\u00e1pas n\u00e1m ale uk\u00e1zal aj ve\u013ea negat\u00edv, z&nbsp;ktor\u00fdch sa mus\u00edme pou\u010di\u0165 a&nbsp;\u010do najr\u00fdchlej\u0161ie pracova\u0165 v&nbsp;tr\u00e9ningovom procese na ich odstr\u00e1nen\u00ed.\u201c<\/strong><\/p>\n\n\n\n<p><strong>FC Spartak Trnava U13 \u2013 FC ETO Gy\u00f6r U13 1:3 (0:1)<\/strong><\/p>\n\n\n\n<p>Proti tradi\u010dn\u00e9mu s\u00faperovi tohto v\u00edkendu nast\u00fapili aj obidva t\u00edmy mlad\u0161\u00edch \u017eiakov. Star\u0161ia partia do 13 rokov prehrala na dom\u00e1cej p\u00f4de, po dvoch g\u00f3lov v&nbsp;druhom pol\u010dase, 1:3.<\/p>\n\n\n\n<p><strong>Goals: <\/strong>Fojta<\/p>\n\n\n\n<p><strong>Filip N\u00e1dask\u00fd: \u201e\u010cakal n\u00e1s s\u00faper, ktor\u00fd r\u00e1d vyh\u013ead\u00e1val osobn\u00e9 s\u00faboje a&nbsp;ni\u010d n\u00e1m v&nbsp;z\u00e1pase nedaroval zadarmo. Ak sa chceme porovn\u00e1va\u0165 so zahrani\u010dn\u00fdmi s\u00fapermi, mus\u00edme hra\u0165 tvrd\u0161ie a&nbsp;nesmieme sa b\u00e1\u0165. Dnes sme v\u0161ak prehr\u00e1vali ve\u013ea s\u00fabojov a&nbsp;p\u00f4sobili sme bojazlivo. Taktie\u017e v&nbsp;obrannej f\u00e1ze sme \u010dastokr\u00e1t p\u00f4sobili nekompaktne a&nbsp;aj v\u010faka tomu sme na\u0161imi individu\u00e1lnymi chybami pomohli s\u00faperovi k&nbsp;trom g\u00f3lom. Naopak, v&nbsp;ofenz\u00edve sme boli m\u00e1lo akt\u00edvni a&nbsp;ak za cel\u00fd z\u00e1pas ohroz\u00edme s\u00faperovu br\u00e1nu minimum streleck\u00fdmi pokusmi, nem\u00f4\u017eeme by\u0165 \u00faspe\u0161n\u00ed. Z&nbsp;dan\u00fdch ch\u00fdb sa mus\u00edme pou\u010di\u0165 a&nbsp;\u010dinnostiam, ktor\u00e9 n\u00e1m ne\u0161li, sa mus\u00edme povenova\u0165 v&nbsp;tr\u00e9ningovom procese.\u201c<\/strong><\/p>\n\n\n\n<p><strong>FC Spartak Trnava U12 \u2013 FC ETO Gy\u00f6r U12 1:2 (1:1)<\/strong><\/p>\n\n\n\n<p>Najmlad\u0161ia \u017eiacka kateg\u00f3ria odohrala takisto mimoriadne vyrovnan\u00fd z\u00e1pas. Napriek nie najlep\u0161iemu v\u00fdkonu z&nbsp;toho bola prehra iba o&nbsp;g\u00f3l, pri\u010dom v&nbsp;z\u00e1vere sme mali ve\u013ek\u00fa \u0161ancu na vyrovnanie.<\/p>\n\n\n\n<p><strong>Goals: <\/strong>Ba\u0161ty<\/p>\n\n\n\n<p><strong>R\u00f3bert Polakovi\u010d: \u201eZ\u00e1pas by som rozdelil na tri \u010dasti. Prv\u00fd pol\u010das, v\u00e4\u010d\u0161ina druh\u00e9ho pol\u010dasu a&nbsp;z\u00e1ver z\u00e1pasu. Prv\u00fd pol\u010das bol najhor\u0161\u00ed v\u00fdkon chalanov od augusta. V&nbsp;ka\u017edom s\u00faboji sme boli neskoro, m\u00e1lo agres\u00edvni a&nbsp;na lopte sme volili alibistick\u00e9 rie\u0161enia. Aj napriek tomu sa n\u00e1m podarilo dr\u017ea\u0165 krok so s\u00faperom po g\u00f3le Ba\u0161tyho z&nbsp;dia\u013eky. Vstup do druh\u00e9ho pol\u010dasu bol uk\u00e1\u017ekov\u00fd. Presne tak sme sa prezentovali v&nbsp;celej pr\u00edprave. Akt\u00edvny pressing, zisk lopty vo vysokom postaven\u00ed, sebavedom\u00e9 rie\u0161enia hr\u00e1\u010dov na lopte a&nbsp;vytv\u00e1ranie si \u0161anc\u00ed. \u017dia\u013e, z&nbsp;tohto \u00faseku z\u00e1pasu sme nedok\u00e1zali vyprodukova\u0165 \u017eiadny g\u00f3l. Z\u00e1pas rozhodla \u0161tandardn\u00e1 situ\u00e1cia pred koncom z\u00e1pasu, ke\u010f sme nechali hlavi\u010dkova\u0165 dvoch hr\u00e1\u010dov s\u00fapera osamote. Aj ke\u010f sme mali v&nbsp;posledn\u00fdch sekund\u00e1ch e\u0161te jednu ve\u013ek\u00fa \u0161ancu, vyrovna\u0165 sa n\u00e1m nepodarilo. A&nbsp;treba poveda\u0165, \u017ee v&nbsp;z\u00e1pase sme si v\u00fdhru nezasl\u00fa\u017eili. Tak\u00e9to pas\u00e1\u017ee mus\u00edme v&nbsp;na\u0161om v\u00fdkone maxim\u00e1lne eliminova\u0165.\u201c<\/strong><\/p>\n\n\n\n<p><strong>FC ETO Gy\u00f6r WA \u2013 FC Spartak Trnava WA 7:0 (2:0)<\/strong><\/p>\n\n\n\n<p>\u017deny si odbili svoju konfront\u00e1ciu s&nbsp;Gy\u00f6rom u\u017e v&nbsp;stredu. Bohu\u017eia\u013e, v\u00f4bec im nevy\u0161la pod\u013ea predst\u00e1v. V&nbsp;prvom dejstve e\u0161te so siln\u00fdm s\u00faperom dr\u017eali krok, ale po v\u00fdmene str\u00e1n inkasovali \u010fal\u0161\u00edch p\u00e4\u0165 g\u00f3lov.<\/p>\n\n\n\n<p><strong>Matej Chocina: \u201e\u010eal\u0161\u00ed pr\u00edpravn\u00fd z\u00e1pas sme odohrali proti top s\u00faperovi z&nbsp;Ma\u010farska. Od za\u010diatku z\u00e1pasu sme boli pod obrovsk\u00fdm tlakom s\u00fapera, av\u0161ak dlho sa n\u00e1m darilo poctivo br\u00e1ni\u0165, zatv\u00e1ra\u0165 nebezpe\u010dn\u00e9 priestory a&nbsp;dr\u017ea\u0165 \u010dist\u00e9 konto. S\u00faper v\u0161ak po \u0161tandardnej situ\u00e1cii otvoril sk\u00f3re a&nbsp;do pol\u010dasu pridal e\u0161te jeden g\u00f3l. Druh\u00fd pol\u010das n\u00e1s tot\u00e1lne prevalcoval a&nbsp;strelil po\u013eahky 5 g\u00f3lov. V&nbsp;z\u00e1pase sa n\u00e1m v&nbsp;p\u00e1r momentoch darilo aj pod tlakom s\u00fapera kombinova\u0165 a&nbsp;vych\u00e1dza\u0165 z&nbsp;jeho tlaku, av\u0161ak mrz\u00ed ma, \u017ee diev\u010dat\u00e1 si vo v\u00e4\u010d\u0161ine pr\u00edpadov neverili a&nbsp;robili sme ve\u013emi \u013eahk\u00e9 chyby.\u201c<\/strong><\/p>\n\n\n\n<p><strong>FC ETO Gy\u00f6r WU19 \u2013 FC Spartak Trnava WU19 4:1 (2:0)<\/strong><\/p>\n\n\n\n<p>Aj dorastenky mali cez v\u00edkend vo\u013eno, ke\u010f\u017ee v&nbsp;Gy\u00f6ri odohrali pr\u00edpravn\u00fd z\u00e1pas u\u017e v&nbsp;piatok. Bohu\u017eia\u013e, na ma\u010farsk\u00e9 s\u00faperky taktie\u017e nesta\u010dili a&nbsp;po s\u013eubnom v\u00fdkone prehrali rozdielom triedy 1:4.<\/p>\n\n\n\n<p><strong>Goals: <\/strong>Hal\u00e1sov\u00e1<\/p>\n\n\n\n<p><strong>Vikt\u00f3ria \u010ceriov\u00e1: \u201e<\/strong><strong>V&nbsp;z\u00e1pase sme chceli nadviaza\u0165 na predch\u00e1dzaj\u00faci v\u00fdkon so Slov\u00e1ckom, \u010do sa n\u00e1m v&nbsp;\u00favodn\u00fdch 20-tich min\u00fatach z\u00e1pasu darilo. V\u00e4\u010d\u0161inu \u010dasu sme dr\u017eali loptu na kopa\u010dk\u00e1ch, dobre sme kombinovali, av\u0161ak ch\u00fdba n\u00e1m pokoj v&nbsp;predfin\u00e1lnej f\u00e1ze hry. V&nbsp;druhej \u010dasti prv\u00e9ho pol\u010dasu s\u00faper prebral iniciat\u00edvu, strelil g\u00f3l a&nbsp;my sme sa stiahli. Nedarilo sa n\u00e1m kombinova\u0165 a&nbsp;dost\u00e1va\u0165 sa pred 16-ku s\u00fapera. V&nbsp;druhom pol\u010dase sme zmenili p\u00e1r vec\u00ed a&nbsp;hne\u010f v&nbsp;prvej min\u00fate sme strelili g\u00f3l a&nbsp;zn\u00ed\u017eili na 1:2. Bohu\u017eia\u013e, s\u00faper strelil e\u0161te \u010fal\u0161ie dva g\u00f3ly, a&nbsp;tak je kone\u010dn\u00fd v\u00fdsledok 4:1 pre s\u00fapera, no neodzrkad\u013euje n\u00e1\u0161 predveden\u00fd v\u00fdkon.\u201c<\/strong><\/p>\n\n\n\n<p>Na\u0161e \u017eia\u010dky absolvovali po\u010das v\u00edkendu kvalitne obsaden\u00fd medzin\u00e1rodn\u00fd turnaj v&nbsp;ma\u010farskom meste P\u00e9cs, na ktorom sa predstavili t\u00edmy ako AS R\u00edm \u010di SK Slavia Praha. Po v\u00fdborn\u00fdch v\u00fdkonoch obsadili skvel\u00fa bronzov\u00fa prie\u010dku. O&nbsp;podujat\u00ed pre v\u00e1s chyst\u00e1me \u010dl\u00e1nok s&nbsp;bli\u017e\u0161\u00edmi inform\u00e1ciami.<\/p>\n\n\n\n<p><strong>Skupina<\/strong><\/p>\n\n\n\n<p><strong>FCST \u2013 TC Ferencv\u00e1ros Budape\u0161\u0165 (HUN) 2:5<\/strong><\/p>\n\n\n\n<p><strong>FCST \u2013 ZFK Vojvodina (SRB) 13:0<\/strong><\/p>\n\n\n\n<p><strong>FCST \u2013 ZNK Medimurje Cakovec (CRO) 9:2<\/strong><\/p>\n\n\n\n<p><strong>O umiestnenie<\/strong><\/p>\n\n\n\n<p><strong>FCST \u2013 AS R\u00edm (ITA) 1:2<\/strong><\/p>\n\n\n\n<p><strong>FCST \u2013 P\u00e9cs MFC (HUN) 3:<\/strong>2<\/p>\n\n\n\n<p>V&nbsp;akcii boli op\u00e4\u0165 aj na\u0161i najmen\u0161\u00ed. Dve najstar\u0161ie pr\u00edpravky U11 a&nbsp;U10 absolvovali v&nbsp;sobotu triangle na Sl\u00e1vii v&nbsp;spolo\u010dnosti Petr\u017ealky a&nbsp;Sigmy Olomouc. Z\u00e1pasov\u00fa prax zbierala aj kateg\u00f3ria do 7 rokov, ktor\u00e1 odohrala z\u00e1pas v&nbsp;Senici. Z&nbsp;diev\u010dat hrali pr\u00edpravn\u00e9 stretnutia hr\u00e1\u010dky z&nbsp;kateg\u00f3rie WU9. Vo \u0161tvrtok si zmerali sily s&nbsp;chlapcami z&nbsp;Kop\u00e1nky a&nbsp;Kri\u017eovian nad Dudv\u00e1hom, v&nbsp;piatok proti diev\u010dat\u00e1m Interu Bratislava. Ich o&nbsp;dva roky star\u0161ie spoluhr\u00e1\u010dky napokon v&nbsp;Ru\u017eindole s&nbsp;chlapcami pre vysok\u00fa chorobnos\u0165 v&nbsp;t\u00edme s\u00fapera nehrali.<\/p>","protected":false},"excerpt":{"rendered":"<p>FC ETO Gy\u00f6r U19 \u2013 FC Spartak Trnava&#8230;<\/p>","protected":false},"author":2,"featured_media":14642,"comment_status":"closed","ping_status":"closed","sticky":false,"template":"","format":"standard","meta":{"footnotes":""},"categories":[52,12],"tags":[84,53],"class_list":["post-14640","post","type-post","status-publish","format-standard","has-post-thumbnail","hentry","category-mladez","category-spravy","tag-zeny","tag-mladez","post-number-1"],"yoast_head":"<!-- This site is optimized with the Yoast SEO plugin v27.1.1 - https:\/\/yoast.com\/product\/yoast-seo-wordpress\/ -->\n<title>\u017densk\u00fd t\u00edm, ale aj v\u0161etky ml\u00e1de\u017en\u00edcke kateg\u00f3rie, maj\u00fa za sebou n\u00e1ro\u010dn\u00e9 z\u00e1pasy s Gy\u00f6rom - FC Spartak Trnava<\/title>\n<meta name=\"robots\" content=\"index, follow, max-snippet:-1, max-image-preview:large, max-video-preview:-1\" \/>\n<link rel=\"canonical\" href=\"https:\/\/fcspartaktrnava.com\/en\/zensky-tim-ale-aj-vsetky-mladeznicke-maju-za-sebou-narocne-zapasy-s-gyorom\/\" \/>\n<meta name=\"twitter:label1\" content=\"Written by\" \/>\n\t<meta name=\"twitter:data1\" content=\"spartak\" \/>\n\t<meta name=\"twitter:label2\" content=\"Estimated reading time\" \/>\n\t<meta name=\"twitter:data2\" content=\"9 minutes\" \/>\n<script type=\"application\/ld+json\" class=\"yoast-schema-graph\">{\"@context\":\"https:\/\/schema.org\",\"@graph\":[{\"@type\":\"Article\",\"@id\":\"https:\/\/fcspartaktrnava.com\/zensky-tim-ale-aj-vsetky-mladeznicke-maju-za-sebou-narocne-zapasy-s-gyorom\/#article\",\"isPartOf\":{\"@id\":\"https:\/\/fcspartaktrnava.com\/zensky-tim-ale-aj-vsetky-mladeznicke-maju-za-sebou-narocne-zapasy-s-gyorom\/\"},\"author\":{\"name\":\"spartak\",\"@id\":\"https:\/\/fcspartaktrnava.com\/#\/schema\/person\/24bc5b254af14f71d7d8af178790aa75\"},\"headline\":\"\u017densk\u00fd t\u00edm, ale aj v\u0161etky ml\u00e1de\u017en\u00edcke kateg\u00f3rie, maj\u00fa za sebou n\u00e1ro\u010dn\u00e9 z\u00e1pasy s Gy\u00f6rom\",\"datePublished\":\"2024-02-11T21:03:36+00:00\",\"dateModified\":\"2024-02-11T22:06:16+00:00\",\"mainEntityOfPage\":{\"@id\":\"https:\/\/fcspartaktrnava.com\/zensky-tim-ale-aj-vsetky-mladeznicke-maju-za-sebou-narocne-zapasy-s-gyorom\/\"},\"wordCount\":2169,\"publisher\":{\"@id\":\"https:\/\/fcspartaktrnava.com\/#organization\"},\"image\":{\"@id\":\"https:\/\/fcspartaktrnava.com\/zensky-tim-ale-aj-vsetky-mladeznicke-maju-za-sebou-narocne-zapasy-s-gyorom\/#primaryimage\"},\"thumbnailUrl\":\"https:\/\/fcspartaktrnava.com\/wp-content\/uploads\/2024\/02\/WU15-titulka.jpeg\",\"keywords\":[\"\u017eeny\",\"ml\u00e1de\u017e\"],\"articleSection\":[\"Ml\u00e1de\u017e\",\"Spr\u00e1vy\"],\"inLanguage\":\"en-GB\"},{\"@type\":\"WebPage\",\"@id\":\"https:\/\/fcspartaktrnava.com\/zensky-tim-ale-aj-vsetky-mladeznicke-maju-za-sebou-narocne-zapasy-s-gyorom\/\",\"url\":\"https:\/\/fcspartaktrnava.com\/zensky-tim-ale-aj-vsetky-mladeznicke-maju-za-sebou-narocne-zapasy-s-gyorom\/\",\"name\":\"\u017densk\u00fd t\u00edm, ale aj v\u0161etky ml\u00e1de\u017en\u00edcke kateg\u00f3rie, maj\u00fa za sebou n\u00e1ro\u010dn\u00e9 z\u00e1pasy s Gy\u00f6rom - FC Spartak Trnava\",\"isPartOf\":{\"@id\":\"https:\/\/fcspartaktrnava.com\/#website\"},\"primaryImageOfPage\":{\"@id\":\"https:\/\/fcspartaktrnava.com\/zensky-tim-ale-aj-vsetky-mladeznicke-maju-za-sebou-narocne-zapasy-s-gyorom\/#primaryimage\"},\"image\":{\"@id\":\"https:\/\/fcspartaktrnava.com\/zensky-tim-ale-aj-vsetky-mladeznicke-maju-za-sebou-narocne-zapasy-s-gyorom\/#primaryimage\"},\"thumbnailUrl\":\"https:\/\/fcspartaktrnava.com\/wp-content\/uploads\/2024\/02\/WU15-titulka.jpeg\",\"datePublished\":\"2024-02-11T21:03:36+00:00\",\"dateModified\":\"2024-02-11T22:06:16+00:00\",\"breadcrumb\":{\"@id\":\"https:\/\/fcspartaktrnava.com\/zensky-tim-ale-aj-vsetky-mladeznicke-maju-za-sebou-narocne-zapasy-s-gyorom\/#breadcrumb\"},\"inLanguage\":\"en-GB\",\"potentialAction\":[{\"@type\":\"ReadAction\",\"target\":[\"https:\/\/fcspartaktrnava.com\/zensky-tim-ale-aj-vsetky-mladeznicke-maju-za-sebou-narocne-zapasy-s-gyorom\/\"]}]},{\"@type\":\"ImageObject\",\"inLanguage\":\"en-GB\",\"@id\":\"https:\/\/fcspartaktrnava.com\/zensky-tim-ale-aj-vsetky-mladeznicke-maju-za-sebou-narocne-zapasy-s-gyorom\/#primaryimage\",\"url\":\"https:\/\/fcspartaktrnava.com\/wp-content\/uploads\/2024\/02\/WU15-titulka.jpeg\",\"contentUrl\":\"https:\/\/fcspartaktrnava.com\/wp-content\/uploads\/2024\/02\/WU15-titulka.jpeg\",\"width\":1600,\"height\":1200},{\"@type\":\"BreadcrumbList\",\"@id\":\"https:\/\/fcspartaktrnava.com\/zensky-tim-ale-aj-vsetky-mladeznicke-maju-za-sebou-narocne-zapasy-s-gyorom\/#breadcrumb\",\"itemListElement\":[{\"@type\":\"ListItem\",\"position\":1,\"name\":\"Home\",\"item\":\"https:\/\/fcspartaktrnava.com\/\"},{\"@type\":\"ListItem\",\"position\":2,\"name\":\"\u017densk\u00fd t\u00edm, ale aj v\u0161etky ml\u00e1de\u017en\u00edcke kateg\u00f3rie, maj\u00fa za sebou n\u00e1ro\u010dn\u00e9 z\u00e1pasy s Gy\u00f6rom\"}]},{\"@type\":\"WebSite\",\"@id\":\"https:\/\/fcspartaktrnava.com\/#website\",\"url\":\"https:\/\/fcspartaktrnava.com\/\",\"name\":\"FC Spartak Trnava\",\"description\":\"ofici\u00e1lna webstr\u00e1nka futbalov\u00e9ho klubu\",\"publisher\":{\"@id\":\"https:\/\/fcspartaktrnava.com\/#organization\"},\"potentialAction\":[{\"@type\":\"SearchAction\",\"target\":{\"@type\":\"EntryPoint\",\"urlTemplate\":\"https:\/\/fcspartaktrnava.com\/?s={search_term_string}\"},\"query-input\":{\"@type\":\"PropertyValueSpecification\",\"valueRequired\":true,\"valueName\":\"search_term_string\"}}],\"inLanguage\":\"en-GB\"},{\"@type\":\"Organization\",\"@id\":\"https:\/\/fcspartaktrnava.com\/#organization\",\"name\":\"FC Spartak Trnava\",\"alternateName\":\"Spartak\",\"url\":\"https:\/\/fcspartaktrnava.com\/\",\"logo\":{\"@type\":\"ImageObject\",\"inLanguage\":\"en-GB\",\"@id\":\"https:\/\/fcspartaktrnava.com\/#\/schema\/logo\/image\/\",\"url\":\"https:\/\/fcspartaktrnava.com\/wp-content\/uploads\/2022\/08\/cropped-site_logo.png\",\"contentUrl\":\"https:\/\/fcspartaktrnava.com\/wp-content\/uploads\/2022\/08\/cropped-site_logo.png\",\"width\":140,\"height\":140,\"caption\":\"FC Spartak Trnava\"},\"image\":{\"@id\":\"https:\/\/fcspartaktrnava.com\/#\/schema\/logo\/image\/\"},\"sameAs\":[\"https:\/\/www.facebook.com\/SpartakTrnava\",\"https:\/\/x.com\/SpartakTrnava1\",\"https:\/\/www.instagram.com\/spartak_sk\/\"]},{\"@type\":\"Person\",\"@id\":\"https:\/\/fcspartaktrnava.com\/#\/schema\/person\/24bc5b254af14f71d7d8af178790aa75\",\"name\":\"spartak\",\"image\":{\"@type\":\"ImageObject\",\"inLanguage\":\"en-GB\",\"@id\":\"https:\/\/fcspartaktrnava.com\/#\/schema\/person\/image\/\",\"url\":\"https:\/\/secure.gravatar.com\/avatar\/f8ff8584f3fcf3909a11a6da9019f37749183b4015bca14e64556c52614cdc7f?s=96&d=mm&r=g\",\"contentUrl\":\"https:\/\/secure.gravatar.com\/avatar\/f8ff8584f3fcf3909a11a6da9019f37749183b4015bca14e64556c52614cdc7f?s=96&d=mm&r=g\",\"caption\":\"spartak\"},\"url\":\"https:\/\/fcspartaktrnava.com\/en\/author\/spartak\/\"}]}<\/script>\n<!-- \/ Yoast SEO plugin. -->","yoast_head_json":{"title":"\u017densk\u00fd t\u00edm, ale aj v\u0161etky ml\u00e1de\u017en\u00edcke kateg\u00f3rie, maj\u00fa za sebou n\u00e1ro\u010dn\u00e9 z\u00e1pasy s Gy\u00f6rom - FC Spartak Trnava","robots":{"index":"index","follow":"follow","max-snippet":"max-snippet:-1","max-image-preview":"max-image-preview:large","max-video-preview":"max-video-preview:-1"},"canonical":"https:\/\/fcspartaktrnava.com\/en\/zensky-tim-ale-aj-vsetky-mladeznicke-maju-za-sebou-narocne-zapasy-s-gyorom\/","twitter_misc":{"Written by":"spartak","Estimated reading time":"9 minutes"},"schema":{"@context":"https:\/\/schema.org","@graph":[{"@type":"Article","@id":"https:\/\/fcspartaktrnava.com\/zensky-tim-ale-aj-vsetky-mladeznicke-maju-za-sebou-narocne-zapasy-s-gyorom\/#article","isPartOf":{"@id":"https:\/\/fcspartaktrnava.com\/zensky-tim-ale-aj-vsetky-mladeznicke-maju-za-sebou-narocne-zapasy-s-gyorom\/"},"author":{"name":"spartak","@id":"https:\/\/fcspartaktrnava.com\/#\/schema\/person\/24bc5b254af14f71d7d8af178790aa75"},"headline":"\u017densk\u00fd t\u00edm, ale aj v\u0161etky ml\u00e1de\u017en\u00edcke kateg\u00f3rie, maj\u00fa za sebou n\u00e1ro\u010dn\u00e9 z\u00e1pasy s Gy\u00f6rom","datePublished":"2024-02-11T21:03:36+00:00","dateModified":"2024-02-11T22:06:16+00:00","mainEntityOfPage":{"@id":"https:\/\/fcspartaktrnava.com\/zensky-tim-ale-aj-vsetky-mladeznicke-maju-za-sebou-narocne-zapasy-s-gyorom\/"},"wordCount":2169,"publisher":{"@id":"https:\/\/fcspartaktrnava.com\/#organization"},"image":{"@id":"https:\/\/fcspartaktrnava.com\/zensky-tim-ale-aj-vsetky-mladeznicke-maju-za-sebou-narocne-zapasy-s-gyorom\/#primaryimage"},"thumbnailUrl":"https:\/\/fcspartaktrnava.com\/wp-content\/uploads\/2024\/02\/WU15-titulka.jpeg","keywords":["\u017eeny","ml\u00e1de\u017e"],"articleSection":["Ml\u00e1de\u017e","Spr\u00e1vy"],"inLanguage":"en-GB"},{"@type":"WebPage","@id":"https:\/\/fcspartaktrnava.com\/zensky-tim-ale-aj-vsetky-mladeznicke-maju-za-sebou-narocne-zapasy-s-gyorom\/","url":"https:\/\/fcspartaktrnava.com\/zensky-tim-ale-aj-vsetky-mladeznicke-maju-za-sebou-narocne-zapasy-s-gyorom\/","name":"\u017densk\u00fd t\u00edm, ale aj v\u0161etky ml\u00e1de\u017en\u00edcke kateg\u00f3rie, maj\u00fa za sebou n\u00e1ro\u010dn\u00e9 z\u00e1pasy s Gy\u00f6rom - FC Spartak Trnava","isPartOf":{"@id":"https:\/\/fcspartaktrnava.com\/#website"},"primaryImageOfPage":{"@id":"https:\/\/fcspartaktrnava.com\/zensky-tim-ale-aj-vsetky-mladeznicke-maju-za-sebou-narocne-zapasy-s-gyorom\/#primaryimage"},"image":{"@id":"https:\/\/fcspartaktrnava.com\/zensky-tim-ale-aj-vsetky-mladeznicke-maju-za-sebou-narocne-zapasy-s-gyorom\/#primaryimage"},"thumbnailUrl":"https:\/\/fcspartaktrnava.com\/wp-content\/uploads\/2024\/02\/WU15-titulka.jpeg","datePublished":"2024-02-11T21:03:36+00:00","dateModified":"2024-02-11T22:06:16+00:00","breadcrumb":{"@id":"https:\/\/fcspartaktrnava.com\/zensky-tim-ale-aj-vsetky-mladeznicke-maju-za-sebou-narocne-zapasy-s-gyorom\/#breadcrumb"},"inLanguage":"en-GB","potentialAction":[{"@type":"ReadAction","target":["https:\/\/fcspartaktrnava.com\/zensky-tim-ale-aj-vsetky-mladeznicke-maju-za-sebou-narocne-zapasy-s-gyorom\/"]}]},{"@type":"ImageObject","inLanguage":"en-GB","@id":"https:\/\/fcspartaktrnava.com\/zensky-tim-ale-aj-vsetky-mladeznicke-maju-za-sebou-narocne-zapasy-s-gyorom\/#primaryimage","url":"https:\/\/fcspartaktrnava.com\/wp-content\/uploads\/2024\/02\/WU15-titulka.jpeg","contentUrl":"https:\/\/fcspartaktrnava.com\/wp-content\/uploads\/2024\/02\/WU15-titulka.jpeg","width":1600,"height":1200},{"@type":"BreadcrumbList","@id":"https:\/\/fcspartaktrnava.com\/zensky-tim-ale-aj-vsetky-mladeznicke-maju-za-sebou-narocne-zapasy-s-gyorom\/#breadcrumb","itemListElement":[{"@type":"ListItem","position":1,"name":"Home","item":"https:\/\/fcspartaktrnava.com\/"},{"@type":"ListItem","position":2,"name":"\u017densk\u00fd t\u00edm, ale aj v\u0161etky ml\u00e1de\u017en\u00edcke kateg\u00f3rie, maj\u00fa za sebou n\u00e1ro\u010dn\u00e9 z\u00e1pasy s Gy\u00f6rom"}]},{"@type":"WebSite","@id":"https:\/\/fcspartaktrnava.com\/#website","url":"https:\/\/fcspartaktrnava.com\/","name":"FC Spartak Trnava","description":"ofici\u00e1lna webstr\u00e1nka futbalov\u00e9ho klubu","publisher":{"@id":"https:\/\/fcspartaktrnava.com\/#organization"},"potentialAction":[{"@type":"SearchAction","target":{"@type":"EntryPoint","urlTemplate":"https:\/\/fcspartaktrnava.com\/?s={search_term_string}"},"query-input":{"@type":"PropertyValueSpecification","valueRequired":true,"valueName":"search_term_string"}}],"inLanguage":"en-GB"},{"@type":"Organization","@id":"https:\/\/fcspartaktrnava.com\/#organization","name":"FC Spartak Trnava","alternateName":"Spartak","url":"https:\/\/fcspartaktrnava.com\/","logo":{"@type":"ImageObject","inLanguage":"en-GB","@id":"https:\/\/fcspartaktrnava.com\/#\/schema\/logo\/image\/","url":"https:\/\/fcspartaktrnava.com\/wp-content\/uploads\/2022\/08\/cropped-site_logo.png","contentUrl":"https:\/\/fcspartaktrnava.com\/wp-content\/uploads\/2022\/08\/cropped-site_logo.png","width":140,"height":140,"caption":"FC Spartak Trnava"},"image":{"@id":"https:\/\/fcspartaktrnava.com\/#\/schema\/logo\/image\/"},"sameAs":["https:\/\/www.facebook.com\/SpartakTrnava","https:\/\/x.com\/SpartakTrnava1","https:\/\/www.instagram.com\/spartak_sk\/"]},{"@type":"Person","@id":"https:\/\/fcspartaktrnava.com\/#\/schema\/person\/24bc5b254af14f71d7d8af178790aa75","name":"spartak","image":{"@type":"ImageObject","inLanguage":"en-GB","@id":"https:\/\/fcspartaktrnava.com\/#\/schema\/person\/image\/","url":"https:\/\/secure.gravatar.com\/avatar\/f8ff8584f3fcf3909a11a6da9019f37749183b4015bca14e64556c52614cdc7f?s=96&d=mm&r=g","contentUrl":"https:\/\/secure.gravatar.com\/avatar\/f8ff8584f3fcf3909a11a6da9019f37749183b4015bca14e64556c52614cdc7f?s=96&d=mm&r=g","caption":"spartak"},"url":"https:\/\/fcspartaktrnava.com\/en\/author\/spartak\/"}]}},"_links":{"self":[{"href":"https:\/\/fcspartaktrnava.com\/en\/wp-json\/wp\/v2\/posts\/14640","targetHints":{"allow":["GET"]}}],"collection":[{"href":"https:\/\/fcspartaktrnava.com\/en\/wp-json\/wp\/v2\/posts"}],"about":[{"href":"https:\/\/fcspartaktrnava.com\/en\/wp-json\/wp\/v2\/types\/post"}],"author":[{"embeddable":true,"href":"https:\/\/fcspartaktrnava.com\/en\/wp-json\/wp\/v2\/users\/2"}],"replies":[{"embeddable":true,"href":"https:\/\/fcspartaktrnava.com\/en\/wp-json\/wp\/v2\/comments?post=14640"}],"version-history":[{"count":0,"href":"https:\/\/fcspartaktrnava.com\/en\/wp-json\/wp\/v2\/posts\/14640\/revisions"}],"wp:featuredmedia":[{"embeddable":true,"href":"https:\/\/fcspartaktrnava.com\/en\/wp-json\/wp\/v2\/media\/14642"}],"wp:attachment":[{"href":"https:\/\/fcspartaktrnava.com\/en\/wp-json\/wp\/v2\/media?parent=14640"}],"wp:term":[{"taxonomy":"category","embeddable":true,"href":"https:\/\/fcspartaktrnava.com\/en\/wp-json\/wp\/v2\/categories?post=14640"},{"taxonomy":"post_tag","embeddable":true,"href":"https:\/\/fcspartaktrnava.com\/en\/wp-json\/wp\/v2\/tags?post=14640"}],"curies":[{"name":"wp","href":"https:\/\/api.w.org\/{rel}","templated":true}]}}