{"id":14577,"date":"2024-02-10T18:50:21","date_gmt":"2024-02-10T16:50:21","guid":{"rendered":"https:\/\/fcspartaktrnava.com\/?p=14577"},"modified":"2024-02-11T10:36:24","modified_gmt":"2024-02-11T08:36:24","slug":"ruzomberok-bohuzial-natiahol-svoju-uspesnu-seriu","status":"publish","type":"post","link":"https:\/\/fcspartaktrnava.com\/en\/ruzomberok-bohuzial-natiahol-svoju-uspesnu-seriu\/","title":{"rendered":"Ru\u017eomberok (bohu\u017eia\u013e) natiahol svoju \u00faspe\u0161n\u00fa s\u00e9riu"},"content":{"rendered":"<div class=\"wp-block-group\"><div class=\"wp-block-group__inner-container is-layout-flow wp-block-group-is-layout-flow\">\n<p class=\"has-text-align-center\" style=\"font-size:16px\">\u0160tadi\u00f3n MFK Ru\u017eomberok, Nik\u00e9 liga, 19. kolo, 10. 2. 2023 o 15:00<\/p>\n\n\n\n<p class=\"has-text-align-center has-large-font-size\">MFK RU\u017dOMBEROK<br>FC SPARTAK TRNAVA<\/p>\n\n\n\n<p class=\"has-text-align-center has-x-large-font-size\" style=\"font-style:normal;font-weight:600\">1:0 <\/p>\n\n\n\n<div class=\"wp-block-group has-black-color has-text-color has-background\" style=\"background-color:#e2e7ec\"><div class=\"wp-block-group__inner-container is-layout-flow wp-block-group-is-layout-flow\">\n<p><strong>RU\u017dOMBEROK<\/strong>:<\/p>\n\n\n\n<p>Fr\u00fchwald \u2013 Luter\u00e1n, Mal\u00fd, Maslo, Gabriel, Tu\u010dn\u00fd (62. Seleck\u00fd) \u2013 Lavrin\u010d\u00edk, &nbsp;Zsigmond, M\u00fadry (77. \u0160ef\u010d\u00edk), Hlad\u00edk (62. Bo\u010fa) \u2013 Chrien (83. Kotula)<\/p>\n\n\n\n<p><strong>TRNAVA<\/strong>:<\/p>\n\n\n\n<p>Tak\u00e1\u010d \u2013 \u0160ulek, Ko\u0161trna, \u0160tetina, Mikovi\u010d (59. Burke) \u2013 Ofori (59. Azango), Bukata (70. Paur), Zeljkovi\u010d, Bern\u00e1t (59. Bainovi\u010d), Daniel \u2013 Poznar<\/p>\n\n\n\n<p><strong>Goal<\/strong>: 24. Lavri\u010dn\u00edk<\/p>\n\n\n\n<p><strong>Yellow cards<\/strong>: Tu\u010dn\u00fd, Fr\u00fchwald \u2013 Poznar. Daniel<\/p>\n\n\n\n<p><strong>Rozhodoval<\/strong>: Filip Glova<\/p>\n\n\n\n<p>1374 div\u00e1kov<\/p>\n\n\n\n<p><strong>Pol\u010das<\/strong>: 1:0<\/p>\n<\/div><\/div>\n<\/div><\/div>\n\n\n\n<p><em>Spartak nast\u00fapil v&nbsp;Ru\u017eomberku v&nbsp;podobnej zostave, v&nbsp;akej kon\u010dil z\u00e1pas v&nbsp;Ko\u0161iciach. Na hrote nast\u00fapil Poznar, na pravej strane obrany hral \u0160ulek a&nbsp;na stop\u00e9rsky post sa k&nbsp;\u0160tetinoviu zasunul Ko\u0161trna.<\/em><\/p>\n\n\n\n<p><em>M\u00e4kk\u00fd ter\u00e9n prakticky znemo\u017enil kombina\u010dn\u00fd futbal, hra bola pln\u00e1 nevyn\u00faten\u00fdch ch\u00fdb, ke\u010f sa lopta spr\u00e1vala \u010dasto nepredv\u00eddate\u013ene a&nbsp;v&nbsp;prvom pol\u010dase sa zrodili iba dve strely na br\u00e1nku. Dom\u00e1ci t\u00fa svoju premenili na g\u00f3l a&nbsp;v&nbsp;pol\u010dase zasl\u00fa\u017eene viedli. &nbsp;<\/em><\/p>\n\n\n\n<p>2 Poznar dostal \u017elt\u00fa kartu hne\u010f po prvom hlavi\u010dkovom s\u00faboji s&nbsp;Mal\u00fdm<\/p>\n\n\n\n<p>14 Erik Daniel si po Oforiho prihr\u00e1vke na \u013eavej strane naviedol loptu na strelu, ale t\u00e1 letela tesne ved\u013ea bli\u017e\u0161ej ty\u010de.<\/p>\n\n\n\n<p>24 Ru\u017eomberok udrel z&nbsp;prvej v\u00e1\u017enej\u0161ej \u0161ance z\u00e1pasu pri svojom prvom dotyku v&nbsp;\u0161estn\u00e1stke Spartaka. Hlad\u00edk odcentroval z&nbsp;prav\u00e9ho kr\u00eddla a&nbsp;vo\u013en\u00fd Lavrin\u010d\u00edk z&nbsp;prvej upratal loptu k&nbsp;pravej ty\u010dke Tak\u00e1\u010dovej br\u00e1nky.<\/p>\n\n\n\n<p>33 N\u00e1znak \u0161ance na vyrovnanie, Bern\u00e1t vyu\u017eil po\u0161myknutie Masla, prihral sp\u00e4tne na Daniela, ktor\u00fd v\u0161ak z&nbsp;hranice \u0161estn\u00e1stky prestrelil.<\/p>\n\n\n\n<p>35 Poznar nedo\u010diahol na Oforiho center od pravej autovej \u010diary.<\/p>\n\n\n\n<p>42 Prv\u00e1 pokojn\u00e1 kombina\u010dn\u00e1 akcia Spartaka viedla k&nbsp;Bern\u00e1tovej strele z&nbsp;uhla, ktor\u00fa Fr\u00fchwald vytla\u010dil mimo br\u00e1nku.<\/p>\n\n\n\n<p><em>Druh\u00fd pol\u010das za\u010dali Trnav\u010dania akt\u00edvne, ale napriek \u00fazemnej prevahe \u0161ance neprich\u00e1dzali. Tr\u00e9ner Ga\u0161par\u00edk chcel prilia\u0165 ohe\u0148 do oh\u0148a trojit\u00fdm striedan\u00edm po hodine hry, ale obraz hry sa ani potom pr\u00edli\u0161 nezmenil. Dom\u00e1ci dr\u017eali s\u00fapera na di\u0161tanc a&nbsp;Fr\u00fchwald bol prakticky bez pr\u00e1ce. &nbsp;<\/em><\/p>\n\n\n\n<p>50 Priamy kop Mikovi\u010da vr\u00e1til pred br\u00e1nku Daniel a&nbsp;pred Zeljkovi\u010dom odvr\u00e1til loptu v&nbsp;poslednej chv\u00edli Maslo.<\/p>\n\n\n\n<p>69 \u0160ulek v&nbsp;\u0161estn\u00e1stke sklepol Bukatovi, ktor\u00fd vyp\u00e1lil z&nbsp;prvej, ale bombou netrafil br\u00e1nku<\/p>\n\n\n\n<p>77 Zeljkovi\u010dov center na\u0161iel Paurovu hlavu, ale t\u00e1 neusmernila loptu pod brvno<\/p>\n\n\n\n<p>90+ Stretnutie symbolicky ukon\u010dila Zeljkovi\u010dova nepresn\u00e1 strela.<\/p>\n\n\n\n<figure class=\"wp-block-embed is-type-video is-provider-youtube wp-block-embed-youtube wp-embed-aspect-16-9 wp-has-aspect-ratio\"><div class=\"wp-block-embed__wrapper\">\n<iframe loading=\"lazy\" title=\"| TLA\u010cOVKA | M. Ga\u0161par\u00edk a O. Smetana hodnotia z\u00e1pas\" width=\"500\" height=\"281\" src=\"https:\/\/www.youtube.com\/embed\/CKeVfBB-ZM4?feature=oembed\" frameborder=\"0\" allow=\"accelerometer; autoplay; clipboard-write; encrypted-media; gyroscope; picture-in-picture; web-share\" referrerpolicy=\"strict-origin-when-cross-origin\" allowfullscreen><\/iframe>\n<\/div><\/figure>\n\n\n\n<p class=\"has-vivid-red-color has-text-color has-link-color has-medium-font-size wp-elements-6353fa96d3687687e828ae98a330ace8\"><strong>POVEDALI PO Z\u00c1PASE:<\/strong><\/p>\n\n\n\n<p>Ond\u0159ej Smetana (Ru\u017eomberok): <strong><em>\u201eV\u00ed\u0165azstvo by som chcel venova\u0165 mojej \u017eene. Z\u00e1pas dobre zhodnotil Michal. My sme mali jasn\u00fd cie\u013e, vedeli sme ako m\u00f4\u017eeme uspie\u0165 proti Trnave. Prv\u00fd pol\u010das bol vyrovnanej\u0161\u00ed, mali sme slu\u0161n\u00e9 dr\u017eanie lopty, ale nevedeli sme sa dosta\u0165 do s\u00faperovej tretiny. Priestory v&nbsp;strede ihriska sme vyu\u017e\u00edvali a jedna z&nbsp;m\u00e1la akci\u00ed n\u00e1m nakoniec vy\u0161la. Na tom ter\u00e9ne a&nbsp;vzh\u013eadom k&nbsp;s\u00faperovi som r\u00e1d, \u017ee to vy\u0161lo. Mus\u00edm pochv\u00e1li\u0165 chlapcov, \u017ee nepustili Trnavu do v\u00e1\u017enej\u0161ej \u0161ance, nieko\u013ekokr\u00e1t to tam s\u00edce preletelo, ale zvl\u00e1dli sme. Chceli sme viac v&nbsp;druhom pol\u010dase, ale sme spokojn\u00ed.\u201c<\/em><\/strong> &nbsp;<\/p>\n\n\n\n<p>Michal Ga\u0161par\u00edk (Trnava): <strong><em>\u201eZa t\u00fato prehru si&nbsp;m\u00f4\u017eeme sami. Ke\u010f netraf\u00edme br\u00e1nku, tak nem\u00f4\u017eeme vyhra\u0165. Lietalo to mimo br\u00e1nky, situ\u00e1cie okolo \u0161estn\u00e1stky sme mali vyrie\u0161i\u0165 lep\u0161ie. Nakoniec e\u0161te dostaneme zasa prv\u00fd g\u00f3l a potom je to proti nim \u0165a\u017ek\u00e9. Nezvl\u00e1dli sme to, na \u010do sme sa chystali. Druh\u00fd pol\u010das sme za\u010dali slu\u0161ne, ale nevyu\u017eili sme prv\u00fdch 15 min\u00fat a&nbsp;potom u\u017e to bolo \u0165a\u017ek\u00e9. Aj ter\u00e9n bol \u010dasom o&nbsp;\u010dosi hor\u0161\u00ed, dom\u00e1ci boli dobre organizovan\u00ed a&nbsp;\u0165a\u017eko sme sa tam dost\u00e1vali. Mali sme platonick\u00fd tlak, ale bez \u0161anc\u00ed. Rozhodol prv\u00fd pol\u010das a z&nbsp;na\u0161ej strany priemern\u00fd v\u00fdkon, ke\u010f horn\u00ed hr\u00e1\u010di nedo\u0165ahovali situ\u00e1cie a&nbsp;poriadne sme netrafili br\u00e1nku.\u201c<\/em><\/strong><\/p>\n\n\n\n<div class=\"wp-block-buttons is-layout-flex wp-block-buttons-is-layout-flex\">\n<div class=\"wp-block-button aligncenter is-style-fill\"><a class=\"wp-block-button__link has-white-color has-text-color has-background wp-element-button\" href=\"https:\/\/fcspartaktrnava.com\/en\/galerii\/19-kolo-nl-mfk-ruzomberok-vs-fc-spartak-trnava\/\" style=\"border-radius:0px;background-color:#d40133\" target=\"_blank\" rel=\"noreferrer noopener\">PHOTO GALLERY<\/a><\/div>\n<\/div>","protected":false},"excerpt":{"rendered":"<p>\u0160tadi\u00f3n MFK Ru\u017eomberok, Nik\u00e9 liga, 19. kolo, 10&#8230;.<\/p>","protected":false},"author":2,"featured_media":14578,"comment_status":"closed","ping_status":"closed","sticky":false,"template":"","format":"standard","meta":{"footnotes":""},"categories":[20],"tags":[11],"class_list":["post-14577","post","type-post","status-publish","format-standard","has-post-thumbnail","hentry","category-zapas","tag-michal-gasparik","post-number-1"],"yoast_head":"<!-- This site is optimized with the Yoast SEO plugin v27.1.1 - https:\/\/yoast.com\/product\/yoast-seo-wordpress\/ -->\n<title>Ru\u017eomberok (bohu\u017eia\u013e) natiahol svoju \u00faspe\u0161n\u00fa s\u00e9riu - FC Spartak Trnava<\/title>\n<meta name=\"robots\" content=\"index, follow, max-snippet:-1, max-image-preview:large, max-video-preview:-1\" \/>\n<link rel=\"canonical\" href=\"https:\/\/fcspartaktrnava.com\/en\/ruzomberok-bohuzial-natiahol-svoju-uspesnu-seriu\/\" \/>\n<meta name=\"twitter:label1\" content=\"Written by\" \/>\n\t<meta name=\"twitter:data1\" content=\"spartak\" \/>\n\t<meta name=\"twitter:label2\" content=\"Estimated reading time\" \/>\n\t<meta name=\"twitter:data2\" content=\"4 minutes\" \/>\n<script type=\"application\/ld+json\" class=\"yoast-schema-graph\">{\"@context\":\"https:\/\/schema.org\",\"@graph\":[{\"@type\":\"Article\",\"@id\":\"https:\/\/fcspartaktrnava.com\/ruzomberok-bohuzial-natiahol-svoju-uspesnu-seriu\/#article\",\"isPartOf\":{\"@id\":\"https:\/\/fcspartaktrnava.com\/ruzomberok-bohuzial-natiahol-svoju-uspesnu-seriu\/\"},\"author\":{\"name\":\"spartak\",\"@id\":\"https:\/\/fcspartaktrnava.com\/#\/schema\/person\/24bc5b254af14f71d7d8af178790aa75\"},\"headline\":\"Ru\u017eomberok (bohu\u017eia\u013e) natiahol svoju \u00faspe\u0161n\u00fa s\u00e9riu\",\"datePublished\":\"2024-02-10T16:50:21+00:00\",\"dateModified\":\"2024-02-11T08:36:24+00:00\",\"mainEntityOfPage\":{\"@id\":\"https:\/\/fcspartaktrnava.com\/ruzomberok-bohuzial-natiahol-svoju-uspesnu-seriu\/\"},\"wordCount\":750,\"publisher\":{\"@id\":\"https:\/\/fcspartaktrnava.com\/#organization\"},\"image\":{\"@id\":\"https:\/\/fcspartaktrnava.com\/ruzomberok-bohuzial-natiahol-svoju-uspesnu-seriu\/#primaryimage\"},\"thumbnailUrl\":\"https:\/\/fcspartaktrnava.com\/wp-content\/uploads\/2024\/02\/DSC_4883-scaled.jpg\",\"keywords\":[\"Michal Ga\u0161par\u00edk\"],\"articleSection\":[\"Z\u00e1pas\"],\"inLanguage\":\"en-GB\"},{\"@type\":\"WebPage\",\"@id\":\"https:\/\/fcspartaktrnava.com\/ruzomberok-bohuzial-natiahol-svoju-uspesnu-seriu\/\",\"url\":\"https:\/\/fcspartaktrnava.com\/ruzomberok-bohuzial-natiahol-svoju-uspesnu-seriu\/\",\"name\":\"Ru\u017eomberok (bohu\u017eia\u013e) natiahol svoju \u00faspe\u0161n\u00fa s\u00e9riu - FC Spartak Trnava\",\"isPartOf\":{\"@id\":\"https:\/\/fcspartaktrnava.com\/#website\"},\"primaryImageOfPage\":{\"@id\":\"https:\/\/fcspartaktrnava.com\/ruzomberok-bohuzial-natiahol-svoju-uspesnu-seriu\/#primaryimage\"},\"image\":{\"@id\":\"https:\/\/fcspartaktrnava.com\/ruzomberok-bohuzial-natiahol-svoju-uspesnu-seriu\/#primaryimage\"},\"thumbnailUrl\":\"https:\/\/fcspartaktrnava.com\/wp-content\/uploads\/2024\/02\/DSC_4883-scaled.jpg\",\"datePublished\":\"2024-02-10T16:50:21+00:00\",\"dateModified\":\"2024-02-11T08:36:24+00:00\",\"breadcrumb\":{\"@id\":\"https:\/\/fcspartaktrnava.com\/ruzomberok-bohuzial-natiahol-svoju-uspesnu-seriu\/#breadcrumb\"},\"inLanguage\":\"en-GB\",\"potentialAction\":[{\"@type\":\"ReadAction\",\"target\":[\"https:\/\/fcspartaktrnava.com\/ruzomberok-bohuzial-natiahol-svoju-uspesnu-seriu\/\"]}]},{\"@type\":\"ImageObject\",\"inLanguage\":\"en-GB\",\"@id\":\"https:\/\/fcspartaktrnava.com\/ruzomberok-bohuzial-natiahol-svoju-uspesnu-seriu\/#primaryimage\",\"url\":\"https:\/\/fcspartaktrnava.com\/wp-content\/uploads\/2024\/02\/DSC_4883-scaled.jpg\",\"contentUrl\":\"https:\/\/fcspartaktrnava.com\/wp-content\/uploads\/2024\/02\/DSC_4883-scaled.jpg\",\"width\":2560,\"height\":1703},{\"@type\":\"BreadcrumbList\",\"@id\":\"https:\/\/fcspartaktrnava.com\/ruzomberok-bohuzial-natiahol-svoju-uspesnu-seriu\/#breadcrumb\",\"itemListElement\":[{\"@type\":\"ListItem\",\"position\":1,\"name\":\"Home\",\"item\":\"https:\/\/fcspartaktrnava.com\/\"},{\"@type\":\"ListItem\",\"position\":2,\"name\":\"Ru\u017eomberok (bohu\u017eia\u013e) natiahol svoju \u00faspe\u0161n\u00fa s\u00e9riu\"}]},{\"@type\":\"WebSite\",\"@id\":\"https:\/\/fcspartaktrnava.com\/#website\",\"url\":\"https:\/\/fcspartaktrnava.com\/\",\"name\":\"FC Spartak Trnava\",\"description\":\"ofici\u00e1lna webstr\u00e1nka futbalov\u00e9ho klubu\",\"publisher\":{\"@id\":\"https:\/\/fcspartaktrnava.com\/#organization\"},\"potentialAction\":[{\"@type\":\"SearchAction\",\"target\":{\"@type\":\"EntryPoint\",\"urlTemplate\":\"https:\/\/fcspartaktrnava.com\/?s={search_term_string}\"},\"query-input\":{\"@type\":\"PropertyValueSpecification\",\"valueRequired\":true,\"valueName\":\"search_term_string\"}}],\"inLanguage\":\"en-GB\"},{\"@type\":\"Organization\",\"@id\":\"https:\/\/fcspartaktrnava.com\/#organization\",\"name\":\"FC Spartak Trnava\",\"alternateName\":\"Spartak\",\"url\":\"https:\/\/fcspartaktrnava.com\/\",\"logo\":{\"@type\":\"ImageObject\",\"inLanguage\":\"en-GB\",\"@id\":\"https:\/\/fcspartaktrnava.com\/#\/schema\/logo\/image\/\",\"url\":\"https:\/\/fcspartaktrnava.com\/wp-content\/uploads\/2022\/08\/cropped-site_logo.png\",\"contentUrl\":\"https:\/\/fcspartaktrnava.com\/wp-content\/uploads\/2022\/08\/cropped-site_logo.png\",\"width\":140,\"height\":140,\"caption\":\"FC Spartak Trnava\"},\"image\":{\"@id\":\"https:\/\/fcspartaktrnava.com\/#\/schema\/logo\/image\/\"},\"sameAs\":[\"https:\/\/www.facebook.com\/SpartakTrnava\",\"https:\/\/x.com\/SpartakTrnava1\",\"https:\/\/www.instagram.com\/spartak_sk\/\"]},{\"@type\":\"Person\",\"@id\":\"https:\/\/fcspartaktrnava.com\/#\/schema\/person\/24bc5b254af14f71d7d8af178790aa75\",\"name\":\"spartak\",\"image\":{\"@type\":\"ImageObject\",\"inLanguage\":\"en-GB\",\"@id\":\"https:\/\/fcspartaktrnava.com\/#\/schema\/person\/image\/\",\"url\":\"https:\/\/secure.gravatar.com\/avatar\/f8ff8584f3fcf3909a11a6da9019f37749183b4015bca14e64556c52614cdc7f?s=96&d=mm&r=g\",\"contentUrl\":\"https:\/\/secure.gravatar.com\/avatar\/f8ff8584f3fcf3909a11a6da9019f37749183b4015bca14e64556c52614cdc7f?s=96&d=mm&r=g\",\"caption\":\"spartak\"},\"url\":\"https:\/\/fcspartaktrnava.com\/en\/author\/spartak\/\"}]}<\/script>\n<!-- \/ Yoast SEO plugin. -->","yoast_head_json":{"title":"Ru\u017eomberok (bohu\u017eia\u013e) natiahol svoju \u00faspe\u0161n\u00fa s\u00e9riu - FC Spartak Trnava","robots":{"index":"index","follow":"follow","max-snippet":"max-snippet:-1","max-image-preview":"max-image-preview:large","max-video-preview":"max-video-preview:-1"},"canonical":"https:\/\/fcspartaktrnava.com\/en\/ruzomberok-bohuzial-natiahol-svoju-uspesnu-seriu\/","twitter_misc":{"Written by":"spartak","Estimated reading time":"4 minutes"},"schema":{"@context":"https:\/\/schema.org","@graph":[{"@type":"Article","@id":"https:\/\/fcspartaktrnava.com\/ruzomberok-bohuzial-natiahol-svoju-uspesnu-seriu\/#article","isPartOf":{"@id":"https:\/\/fcspartaktrnava.com\/ruzomberok-bohuzial-natiahol-svoju-uspesnu-seriu\/"},"author":{"name":"spartak","@id":"https:\/\/fcspartaktrnava.com\/#\/schema\/person\/24bc5b254af14f71d7d8af178790aa75"},"headline":"Ru\u017eomberok (bohu\u017eia\u013e) natiahol svoju \u00faspe\u0161n\u00fa s\u00e9riu","datePublished":"2024-02-10T16:50:21+00:00","dateModified":"2024-02-11T08:36:24+00:00","mainEntityOfPage":{"@id":"https:\/\/fcspartaktrnava.com\/ruzomberok-bohuzial-natiahol-svoju-uspesnu-seriu\/"},"wordCount":750,"publisher":{"@id":"https:\/\/fcspartaktrnava.com\/#organization"},"image":{"@id":"https:\/\/fcspartaktrnava.com\/ruzomberok-bohuzial-natiahol-svoju-uspesnu-seriu\/#primaryimage"},"thumbnailUrl":"https:\/\/fcspartaktrnava.com\/wp-content\/uploads\/2024\/02\/DSC_4883-scaled.jpg","keywords":["Michal Ga\u0161par\u00edk"],"articleSection":["Z\u00e1pas"],"inLanguage":"en-GB"},{"@type":"WebPage","@id":"https:\/\/fcspartaktrnava.com\/ruzomberok-bohuzial-natiahol-svoju-uspesnu-seriu\/","url":"https:\/\/fcspartaktrnava.com\/ruzomberok-bohuzial-natiahol-svoju-uspesnu-seriu\/","name":"Ru\u017eomberok (bohu\u017eia\u013e) natiahol svoju \u00faspe\u0161n\u00fa s\u00e9riu - FC Spartak Trnava","isPartOf":{"@id":"https:\/\/fcspartaktrnava.com\/#website"},"primaryImageOfPage":{"@id":"https:\/\/fcspartaktrnava.com\/ruzomberok-bohuzial-natiahol-svoju-uspesnu-seriu\/#primaryimage"},"image":{"@id":"https:\/\/fcspartaktrnava.com\/ruzomberok-bohuzial-natiahol-svoju-uspesnu-seriu\/#primaryimage"},"thumbnailUrl":"https:\/\/fcspartaktrnava.com\/wp-content\/uploads\/2024\/02\/DSC_4883-scaled.jpg","datePublished":"2024-02-10T16:50:21+00:00","dateModified":"2024-02-11T08:36:24+00:00","breadcrumb":{"@id":"https:\/\/fcspartaktrnava.com\/ruzomberok-bohuzial-natiahol-svoju-uspesnu-seriu\/#breadcrumb"},"inLanguage":"en-GB","potentialAction":[{"@type":"ReadAction","target":["https:\/\/fcspartaktrnava.com\/ruzomberok-bohuzial-natiahol-svoju-uspesnu-seriu\/"]}]},{"@type":"ImageObject","inLanguage":"en-GB","@id":"https:\/\/fcspartaktrnava.com\/ruzomberok-bohuzial-natiahol-svoju-uspesnu-seriu\/#primaryimage","url":"https:\/\/fcspartaktrnava.com\/wp-content\/uploads\/2024\/02\/DSC_4883-scaled.jpg","contentUrl":"https:\/\/fcspartaktrnava.com\/wp-content\/uploads\/2024\/02\/DSC_4883-scaled.jpg","width":2560,"height":1703},{"@type":"BreadcrumbList","@id":"https:\/\/fcspartaktrnava.com\/ruzomberok-bohuzial-natiahol-svoju-uspesnu-seriu\/#breadcrumb","itemListElement":[{"@type":"ListItem","position":1,"name":"Home","item":"https:\/\/fcspartaktrnava.com\/"},{"@type":"ListItem","position":2,"name":"Ru\u017eomberok (bohu\u017eia\u013e) natiahol svoju \u00faspe\u0161n\u00fa s\u00e9riu"}]},{"@type":"WebSite","@id":"https:\/\/fcspartaktrnava.com\/#website","url":"https:\/\/fcspartaktrnava.com\/","name":"FC Spartak Trnava","description":"ofici\u00e1lna webstr\u00e1nka futbalov\u00e9ho klubu","publisher":{"@id":"https:\/\/fcspartaktrnava.com\/#organization"},"potentialAction":[{"@type":"SearchAction","target":{"@type":"EntryPoint","urlTemplate":"https:\/\/fcspartaktrnava.com\/?s={search_term_string}"},"query-input":{"@type":"PropertyValueSpecification","valueRequired":true,"valueName":"search_term_string"}}],"inLanguage":"en-GB"},{"@type":"Organization","@id":"https:\/\/fcspartaktrnava.com\/#organization","name":"FC Spartak Trnava","alternateName":"Spartak","url":"https:\/\/fcspartaktrnava.com\/","logo":{"@type":"ImageObject","inLanguage":"en-GB","@id":"https:\/\/fcspartaktrnava.com\/#\/schema\/logo\/image\/","url":"https:\/\/fcspartaktrnava.com\/wp-content\/uploads\/2022\/08\/cropped-site_logo.png","contentUrl":"https:\/\/fcspartaktrnava.com\/wp-content\/uploads\/2022\/08\/cropped-site_logo.png","width":140,"height":140,"caption":"FC Spartak Trnava"},"image":{"@id":"https:\/\/fcspartaktrnava.com\/#\/schema\/logo\/image\/"},"sameAs":["https:\/\/www.facebook.com\/SpartakTrnava","https:\/\/x.com\/SpartakTrnava1","https:\/\/www.instagram.com\/spartak_sk\/"]},{"@type":"Person","@id":"https:\/\/fcspartaktrnava.com\/#\/schema\/person\/24bc5b254af14f71d7d8af178790aa75","name":"spartak","image":{"@type":"ImageObject","inLanguage":"en-GB","@id":"https:\/\/fcspartaktrnava.com\/#\/schema\/person\/image\/","url":"https:\/\/secure.gravatar.com\/avatar\/f8ff8584f3fcf3909a11a6da9019f37749183b4015bca14e64556c52614cdc7f?s=96&d=mm&r=g","contentUrl":"https:\/\/secure.gravatar.com\/avatar\/f8ff8584f3fcf3909a11a6da9019f37749183b4015bca14e64556c52614cdc7f?s=96&d=mm&r=g","caption":"spartak"},"url":"https:\/\/fcspartaktrnava.com\/en\/author\/spartak\/"}]}},"_links":{"self":[{"href":"https:\/\/fcspartaktrnava.com\/en\/wp-json\/wp\/v2\/posts\/14577","targetHints":{"allow":["GET"]}}],"collection":[{"href":"https:\/\/fcspartaktrnava.com\/en\/wp-json\/wp\/v2\/posts"}],"about":[{"href":"https:\/\/fcspartaktrnava.com\/en\/wp-json\/wp\/v2\/types\/post"}],"author":[{"embeddable":true,"href":"https:\/\/fcspartaktrnava.com\/en\/wp-json\/wp\/v2\/users\/2"}],"replies":[{"embeddable":true,"href":"https:\/\/fcspartaktrnava.com\/en\/wp-json\/wp\/v2\/comments?post=14577"}],"version-history":[{"count":0,"href":"https:\/\/fcspartaktrnava.com\/en\/wp-json\/wp\/v2\/posts\/14577\/revisions"}],"wp:featuredmedia":[{"embeddable":true,"href":"https:\/\/fcspartaktrnava.com\/en\/wp-json\/wp\/v2\/media\/14578"}],"wp:attachment":[{"href":"https:\/\/fcspartaktrnava.com\/en\/wp-json\/wp\/v2\/media?parent=14577"}],"wp:term":[{"taxonomy":"category","embeddable":true,"href":"https:\/\/fcspartaktrnava.com\/en\/wp-json\/wp\/v2\/categories?post=14577"},{"taxonomy":"post_tag","embeddable":true,"href":"https:\/\/fcspartaktrnava.com\/en\/wp-json\/wp\/v2\/tags?post=14577"}],"curies":[{"name":"wp","href":"https:\/\/api.w.org\/{rel}","templated":true}]}}