{"id":14570,"date":"2024-02-09T09:21:56","date_gmt":"2024-02-09T07:21:56","guid":{"rendered":"https:\/\/fcspartaktrnava.com\/?p=14570"},"modified":"2024-02-09T09:59:12","modified_gmt":"2024-02-09T07:59:12","slug":"zajtra-v-ruzomberku-potom-dva-razy-doma","status":"publish","type":"post","link":"https:\/\/fcspartaktrnava.com\/en\/zajtra-v-ruzomberku-potom-dva-razy-doma\/","title":{"rendered":"Zajtra v\u00a0Ru\u017eomberku, potom dva razy doma"},"content":{"rendered":"<p>Po 47 d\u0148och od posledn\u00e9ho ligov\u00e9ho z\u00e1pasu sa dnes znova rozto\u010d\u00ed koloto\u010d z\u00e1pasov Nik\u00e9 ligy. Spartak za\u010d\u00edna v\u00a0sobotu v\u00a0Ru\u017eomberku. Ru\u017eomber\u010dania v\u00a0gener\u00e1lke na ligu prehrali hladko 0:4 v\u00a0Zabrze s\u00a0dom\u00e1cim G\u00f3rnikom. V\u00a0jeho zostave nech\u00fdbal Moj\u017ei\u0161, ktor\u00fd sa vr\u00e1til z\u00a0hos\u0165ovania v\u00a0Ma\u010farsku. Spartak minul\u00fd v\u00edkend absolvoval u\u017e ostr\u00fd z\u00e1pas v\u00a0Ko\u0161iciach, kde v\u00a0osemfin\u00e1le Slovnaft cupu vyhral 3:2, ke\u010f v\u00a0samom z\u00e1vere dvoma g\u00f3lmi oto\u010dil z\u00e1pas.<\/p>\n\n\n\n<p><strong><em>\u201eUr\u010dite je to v\u00fdhoda, lebo prv\u00e9 kole je \u0161pecifick\u00e9, m\u00f4\u017ee by\u0165 po pr\u00edprave hocijak\u00e9. My sme absolvovali \u0165a\u017ek\u00fd z\u00e1pas v&nbsp;Ko\u0161iciach, zvl\u00e1dli sme ho a&nbsp;aj z&nbsp;tohto poh\u013eadu to m\u00f4\u017ee by\u0165 ment\u00e1lna vzpruha. Mu\u017estvo uk\u00e1zalo silu, t\u00edmovos\u0165 a&nbsp;aj hr\u00e1\u010di z&nbsp;lavi\u010dky dok\u00e1zali, \u017ee m\u00e1me k\u00e1der \u0161ir\u0161\u00ed a&nbsp;v\u0161etko toto s\u00fa plusy pred tak\u00fdmto \u0165a\u017ek\u00fdm z\u00e1pasom,\u201c<\/em><\/strong> hovor\u00ed tr\u00e9ner Michal Ga\u0161par\u00edk. Te\u0161\u00ed ho rozohratos\u0165 jeho hr\u00e1\u010dov, ale aj \u0161\u00edrka k\u00e1dra, ktor\u00e1 sa naplno prejavila pr\u00e1ve v&nbsp;Ko\u0161iciach, kde striedaj\u00faci hr\u00e1\u010di zvr\u00e1tili priebeh a&nbsp;zabezpe\u010dili pre Spartak postup do \u010fal\u0161ieho kola. Ako povedal tr\u00e9ner, v\u00fdraznej\u0161ie m\u00f4\u017eu prehovori\u0165 aj do z\u00e1kladnej zostavy v&nbsp;\u010fal\u0161\u00edch z\u00e1pasoch. &nbsp;&nbsp;<\/p>\n\n\n\n<p>Na Liptove sa vo\u00a0febru\u00e1ri ned\u00e1 r\u00e1ta\u0165 s\u00a0ide\u00e1lnym ter\u00e9nom, \u010doho s\u00fa si vedom\u00ed aj Trnav\u010dania a\u00a0s\u00fa pripraven\u00ed na \u0165a\u017ek\u00e9 podmienky, ktor\u00e9 m\u00f4\u017eu pod \u010cebra\u0165om vl\u00e1dnu\u0165. <strong><em>\u201eMy m\u00e1me kvalitu, oni maj\u00fa v\u00fdhodu dom\u00e1ceho prostredia. Videl som to ihrisko v\u00a0poslednom z\u00e1pase proti Banskej Bystrici, bolo pieskov\u00e9, bolo tam viac blata ako tr\u00e1vy. Cez zimu nemali \u0161ancu ho da\u0165 dokopy. V\u00a0tomto to bude \u0165a\u017ek\u00fd a\u00a0hlavne fyzicky n\u00e1ro\u010dn\u00fd z\u00e1pas. Tak\u00fdto ter\u00e9n je v\u00fdhodnej\u0161\u00ed pre mu\u017estvo, ktor\u00e9 viac br\u00e1ni a\u00a0ver\u00edm, \u017ee my budeme viac \u00fato\u010di\u0165 a\u00a0diktova\u0165 tempo. Ru\u017eomberok sa bude spolieha\u0165 na \u0161tandardn\u00e9 situ\u00e1cie, na to, \u017ee s\u00fa silov\u00e9 mu\u017estvo.\u201c<\/em><\/strong><\/p>\n\n\n\n<p>S&nbsp;Ru\u017eomberkom m\u00e1 Spartak ve\u013emi zl\u00fa bilanciu. Naposledy sa Trnav\u010dania z&nbsp;v\u00ed\u0165azstva te\u0161ili v&nbsp;novembri 2020, ke\u010f e\u0161te pod veden\u00edm Norberta Hrn\u010d\u00e1ra vyhrali na severe Slovenska 1:0. Odvtedy pre\u0161lo sedem z\u00e1pasov bez v\u00ed\u0165azstva. Naposledy sa v&nbsp;aktu\u00e1lnej sez\u00f3ne zrodila v&nbsp;Trnave rem\u00edza 2:2, ke\u010f na g\u00f3ly Erika Daniela a&nbsp;Michala \u010euri\u0161a odpovedali \u0160ef\u010d\u00edk a&nbsp;Gerec.<\/p>\n\n\n\n<p><strong><em>\u201eJe to jedin\u00e9 mu\u017estvo, ktor\u00e9 n\u00e1s v tejto sez\u00f3ne vybrejkovalo. Dostali sme dva g\u00f3ly, ke\u010f sme stratili loptu a\u00a0to sa nepodarilo z\u00a0hry ani jedn\u00e9mu mu\u017estvu. Je to mu\u017estvo, ktor\u00e9 n\u00e1s dok\u00e1zalo rozobra\u0165, ke\u010f sme stratili loptu a\u00a0na to si mus\u00edme d\u00e1va\u0165 pozor, lebo to je ich siln\u00e1 str\u00e1nka.\u201c<\/em><\/strong><\/p>\n\n\n\n<figure class=\"wp-block-embed is-type-video is-provider-youtube wp-block-embed-youtube wp-embed-aspect-16-9 wp-has-aspect-ratio\"><div class=\"wp-block-embed__wrapper\">\n<iframe loading=\"lazy\" title=\"| PREVIEW | Michal Ga\u0161par\u00edk pred Ru\u017eomberkom\" width=\"500\" height=\"281\" src=\"https:\/\/www.youtube.com\/embed\/e5ICnnlrHis?feature=oembed\" frameborder=\"0\" allow=\"accelerometer; autoplay; clipboard-write; encrypted-media; gyroscope; picture-in-picture; web-share\" referrerpolicy=\"strict-origin-when-cross-origin\" allowfullscreen><\/iframe>\n<\/div><\/figure>\n\n\n\n<p>Z\u00e1pas v&nbsp;Ru\u017eomberku sa za\u010d\u00edna od 15. hodiny a&nbsp;rozhodova\u0165 ho bude Filip Glova. V&nbsp;priamom prenose od odvysiela VOYO.<\/p>\n\n\n\n<p>V&nbsp;\u010fal\u0161\u00edch dvoch z\u00e1pasoch u\u017e nast\u00fapi Spartak na dom\u00e1cej p\u00f4de proti a\u0161pirantom na postup do hornej \u0161estky &#8211; Dunajskej Strede a&nbsp;Banskej Bystrici.<\/p>","protected":false},"excerpt":{"rendered":"<p>Po 47 d\u0148och od posledn\u00e9ho ligov\u00e9ho z\u00e1pasu sa&#8230;<\/p>","protected":false},"author":2,"featured_media":11358,"comment_status":"closed","ping_status":"closed","sticky":false,"template":"","format":"standard","meta":{"footnotes":""},"categories":[94,41],"tags":[11],"class_list":["post-14570","post","type-post","status-publish","format-standard","has-post-thumbnail","hentry","category-preview","category-intervju","tag-michal-gasparik","post-number-1"],"yoast_head":"<!-- This site is optimized with the Yoast SEO plugin v27.1.1 - https:\/\/yoast.com\/product\/yoast-seo-wordpress\/ -->\n<title>Zajtra v\u00a0Ru\u017eomberku, potom dva razy doma - FC Spartak Trnava<\/title>\n<meta name=\"robots\" content=\"index, follow, max-snippet:-1, max-image-preview:large, max-video-preview:-1\" \/>\n<link rel=\"canonical\" href=\"https:\/\/fcspartaktrnava.com\/en\/zajtra-v-ruzomberku-potom-dva-razy-doma\/\" \/>\n<meta name=\"twitter:label1\" content=\"Written by\" \/>\n\t<meta name=\"twitter:data1\" content=\"spartak\" \/>\n\t<meta name=\"twitter:label2\" content=\"Estimated reading time\" \/>\n\t<meta name=\"twitter:data2\" content=\"3 minutes\" \/>\n<script type=\"application\/ld+json\" class=\"yoast-schema-graph\">{\"@context\":\"https:\/\/schema.org\",\"@graph\":[{\"@type\":\"Article\",\"@id\":\"https:\/\/fcspartaktrnava.com\/zajtra-v-ruzomberku-potom-dva-razy-doma\/#article\",\"isPartOf\":{\"@id\":\"https:\/\/fcspartaktrnava.com\/zajtra-v-ruzomberku-potom-dva-razy-doma\/\"},\"author\":{\"name\":\"spartak\",\"@id\":\"https:\/\/fcspartaktrnava.com\/#\/schema\/person\/24bc5b254af14f71d7d8af178790aa75\"},\"headline\":\"Zajtra v\u00a0Ru\u017eomberku, potom dva razy doma\",\"datePublished\":\"2024-02-09T07:21:56+00:00\",\"dateModified\":\"2024-02-09T07:59:12+00:00\",\"mainEntityOfPage\":{\"@id\":\"https:\/\/fcspartaktrnava.com\/zajtra-v-ruzomberku-potom-dva-razy-doma\/\"},\"wordCount\":590,\"publisher\":{\"@id\":\"https:\/\/fcspartaktrnava.com\/#organization\"},\"image\":{\"@id\":\"https:\/\/fcspartaktrnava.com\/zajtra-v-ruzomberku-potom-dva-razy-doma\/#primaryimage\"},\"thumbnailUrl\":\"https:\/\/fcspartaktrnava.com\/wp-content\/uploads\/2023\/09\/DSC_4358.jpg\",\"keywords\":[\"Michal Ga\u0161par\u00edk\"],\"articleSection\":[\"preview\",\"Rozhovory\"],\"inLanguage\":\"en-GB\"},{\"@type\":\"WebPage\",\"@id\":\"https:\/\/fcspartaktrnava.com\/zajtra-v-ruzomberku-potom-dva-razy-doma\/\",\"url\":\"https:\/\/fcspartaktrnava.com\/zajtra-v-ruzomberku-potom-dva-razy-doma\/\",\"name\":\"Zajtra v\u00a0Ru\u017eomberku, potom dva razy doma - FC Spartak Trnava\",\"isPartOf\":{\"@id\":\"https:\/\/fcspartaktrnava.com\/#website\"},\"primaryImageOfPage\":{\"@id\":\"https:\/\/fcspartaktrnava.com\/zajtra-v-ruzomberku-potom-dva-razy-doma\/#primaryimage\"},\"image\":{\"@id\":\"https:\/\/fcspartaktrnava.com\/zajtra-v-ruzomberku-potom-dva-razy-doma\/#primaryimage\"},\"thumbnailUrl\":\"https:\/\/fcspartaktrnava.com\/wp-content\/uploads\/2023\/09\/DSC_4358.jpg\",\"datePublished\":\"2024-02-09T07:21:56+00:00\",\"dateModified\":\"2024-02-09T07:59:12+00:00\",\"breadcrumb\":{\"@id\":\"https:\/\/fcspartaktrnava.com\/zajtra-v-ruzomberku-potom-dva-razy-doma\/#breadcrumb\"},\"inLanguage\":\"en-GB\",\"potentialAction\":[{\"@type\":\"ReadAction\",\"target\":[\"https:\/\/fcspartaktrnava.com\/zajtra-v-ruzomberku-potom-dva-razy-doma\/\"]}]},{\"@type\":\"ImageObject\",\"inLanguage\":\"en-GB\",\"@id\":\"https:\/\/fcspartaktrnava.com\/zajtra-v-ruzomberku-potom-dva-razy-doma\/#primaryimage\",\"url\":\"https:\/\/fcspartaktrnava.com\/wp-content\/uploads\/2023\/09\/DSC_4358.jpg\",\"contentUrl\":\"https:\/\/fcspartaktrnava.com\/wp-content\/uploads\/2023\/09\/DSC_4358.jpg\",\"width\":1520,\"height\":1013},{\"@type\":\"BreadcrumbList\",\"@id\":\"https:\/\/fcspartaktrnava.com\/zajtra-v-ruzomberku-potom-dva-razy-doma\/#breadcrumb\",\"itemListElement\":[{\"@type\":\"ListItem\",\"position\":1,\"name\":\"Home\",\"item\":\"https:\/\/fcspartaktrnava.com\/\"},{\"@type\":\"ListItem\",\"position\":2,\"name\":\"Zajtra v\u00a0Ru\u017eomberku, potom dva razy doma\"}]},{\"@type\":\"WebSite\",\"@id\":\"https:\/\/fcspartaktrnava.com\/#website\",\"url\":\"https:\/\/fcspartaktrnava.com\/\",\"name\":\"FC Spartak Trnava\",\"description\":\"ofici\u00e1lna webstr\u00e1nka futbalov\u00e9ho klubu\",\"publisher\":{\"@id\":\"https:\/\/fcspartaktrnava.com\/#organization\"},\"potentialAction\":[{\"@type\":\"SearchAction\",\"target\":{\"@type\":\"EntryPoint\",\"urlTemplate\":\"https:\/\/fcspartaktrnava.com\/?s={search_term_string}\"},\"query-input\":{\"@type\":\"PropertyValueSpecification\",\"valueRequired\":true,\"valueName\":\"search_term_string\"}}],\"inLanguage\":\"en-GB\"},{\"@type\":\"Organization\",\"@id\":\"https:\/\/fcspartaktrnava.com\/#organization\",\"name\":\"FC Spartak Trnava\",\"alternateName\":\"Spartak\",\"url\":\"https:\/\/fcspartaktrnava.com\/\",\"logo\":{\"@type\":\"ImageObject\",\"inLanguage\":\"en-GB\",\"@id\":\"https:\/\/fcspartaktrnava.com\/#\/schema\/logo\/image\/\",\"url\":\"https:\/\/fcspartaktrnava.com\/wp-content\/uploads\/2022\/08\/cropped-site_logo.png\",\"contentUrl\":\"https:\/\/fcspartaktrnava.com\/wp-content\/uploads\/2022\/08\/cropped-site_logo.png\",\"width\":140,\"height\":140,\"caption\":\"FC Spartak Trnava\"},\"image\":{\"@id\":\"https:\/\/fcspartaktrnava.com\/#\/schema\/logo\/image\/\"},\"sameAs\":[\"https:\/\/www.facebook.com\/SpartakTrnava\",\"https:\/\/x.com\/SpartakTrnava1\",\"https:\/\/www.instagram.com\/spartak_sk\/\"]},{\"@type\":\"Person\",\"@id\":\"https:\/\/fcspartaktrnava.com\/#\/schema\/person\/24bc5b254af14f71d7d8af178790aa75\",\"name\":\"spartak\",\"image\":{\"@type\":\"ImageObject\",\"inLanguage\":\"en-GB\",\"@id\":\"https:\/\/fcspartaktrnava.com\/#\/schema\/person\/image\/\",\"url\":\"https:\/\/secure.gravatar.com\/avatar\/f8ff8584f3fcf3909a11a6da9019f37749183b4015bca14e64556c52614cdc7f?s=96&d=mm&r=g\",\"contentUrl\":\"https:\/\/secure.gravatar.com\/avatar\/f8ff8584f3fcf3909a11a6da9019f37749183b4015bca14e64556c52614cdc7f?s=96&d=mm&r=g\",\"caption\":\"spartak\"},\"url\":\"https:\/\/fcspartaktrnava.com\/en\/author\/spartak\/\"}]}<\/script>\n<!-- \/ Yoast SEO plugin. -->","yoast_head_json":{"title":"Zajtra v\u00a0Ru\u017eomberku, potom dva razy doma - FC Spartak Trnava","robots":{"index":"index","follow":"follow","max-snippet":"max-snippet:-1","max-image-preview":"max-image-preview:large","max-video-preview":"max-video-preview:-1"},"canonical":"https:\/\/fcspartaktrnava.com\/en\/zajtra-v-ruzomberku-potom-dva-razy-doma\/","twitter_misc":{"Written by":"spartak","Estimated reading time":"3 minutes"},"schema":{"@context":"https:\/\/schema.org","@graph":[{"@type":"Article","@id":"https:\/\/fcspartaktrnava.com\/zajtra-v-ruzomberku-potom-dva-razy-doma\/#article","isPartOf":{"@id":"https:\/\/fcspartaktrnava.com\/zajtra-v-ruzomberku-potom-dva-razy-doma\/"},"author":{"name":"spartak","@id":"https:\/\/fcspartaktrnava.com\/#\/schema\/person\/24bc5b254af14f71d7d8af178790aa75"},"headline":"Zajtra v\u00a0Ru\u017eomberku, potom dva razy doma","datePublished":"2024-02-09T07:21:56+00:00","dateModified":"2024-02-09T07:59:12+00:00","mainEntityOfPage":{"@id":"https:\/\/fcspartaktrnava.com\/zajtra-v-ruzomberku-potom-dva-razy-doma\/"},"wordCount":590,"publisher":{"@id":"https:\/\/fcspartaktrnava.com\/#organization"},"image":{"@id":"https:\/\/fcspartaktrnava.com\/zajtra-v-ruzomberku-potom-dva-razy-doma\/#primaryimage"},"thumbnailUrl":"https:\/\/fcspartaktrnava.com\/wp-content\/uploads\/2023\/09\/DSC_4358.jpg","keywords":["Michal Ga\u0161par\u00edk"],"articleSection":["preview","Rozhovory"],"inLanguage":"en-GB"},{"@type":"WebPage","@id":"https:\/\/fcspartaktrnava.com\/zajtra-v-ruzomberku-potom-dva-razy-doma\/","url":"https:\/\/fcspartaktrnava.com\/zajtra-v-ruzomberku-potom-dva-razy-doma\/","name":"Zajtra v\u00a0Ru\u017eomberku, potom dva razy doma - FC Spartak Trnava","isPartOf":{"@id":"https:\/\/fcspartaktrnava.com\/#website"},"primaryImageOfPage":{"@id":"https:\/\/fcspartaktrnava.com\/zajtra-v-ruzomberku-potom-dva-razy-doma\/#primaryimage"},"image":{"@id":"https:\/\/fcspartaktrnava.com\/zajtra-v-ruzomberku-potom-dva-razy-doma\/#primaryimage"},"thumbnailUrl":"https:\/\/fcspartaktrnava.com\/wp-content\/uploads\/2023\/09\/DSC_4358.jpg","datePublished":"2024-02-09T07:21:56+00:00","dateModified":"2024-02-09T07:59:12+00:00","breadcrumb":{"@id":"https:\/\/fcspartaktrnava.com\/zajtra-v-ruzomberku-potom-dva-razy-doma\/#breadcrumb"},"inLanguage":"en-GB","potentialAction":[{"@type":"ReadAction","target":["https:\/\/fcspartaktrnava.com\/zajtra-v-ruzomberku-potom-dva-razy-doma\/"]}]},{"@type":"ImageObject","inLanguage":"en-GB","@id":"https:\/\/fcspartaktrnava.com\/zajtra-v-ruzomberku-potom-dva-razy-doma\/#primaryimage","url":"https:\/\/fcspartaktrnava.com\/wp-content\/uploads\/2023\/09\/DSC_4358.jpg","contentUrl":"https:\/\/fcspartaktrnava.com\/wp-content\/uploads\/2023\/09\/DSC_4358.jpg","width":1520,"height":1013},{"@type":"BreadcrumbList","@id":"https:\/\/fcspartaktrnava.com\/zajtra-v-ruzomberku-potom-dva-razy-doma\/#breadcrumb","itemListElement":[{"@type":"ListItem","position":1,"name":"Home","item":"https:\/\/fcspartaktrnava.com\/"},{"@type":"ListItem","position":2,"name":"Zajtra v\u00a0Ru\u017eomberku, potom dva razy doma"}]},{"@type":"WebSite","@id":"https:\/\/fcspartaktrnava.com\/#website","url":"https:\/\/fcspartaktrnava.com\/","name":"FC Spartak Trnava","description":"ofici\u00e1lna webstr\u00e1nka futbalov\u00e9ho klubu","publisher":{"@id":"https:\/\/fcspartaktrnava.com\/#organization"},"potentialAction":[{"@type":"SearchAction","target":{"@type":"EntryPoint","urlTemplate":"https:\/\/fcspartaktrnava.com\/?s={search_term_string}"},"query-input":{"@type":"PropertyValueSpecification","valueRequired":true,"valueName":"search_term_string"}}],"inLanguage":"en-GB"},{"@type":"Organization","@id":"https:\/\/fcspartaktrnava.com\/#organization","name":"FC Spartak Trnava","alternateName":"Spartak","url":"https:\/\/fcspartaktrnava.com\/","logo":{"@type":"ImageObject","inLanguage":"en-GB","@id":"https:\/\/fcspartaktrnava.com\/#\/schema\/logo\/image\/","url":"https:\/\/fcspartaktrnava.com\/wp-content\/uploads\/2022\/08\/cropped-site_logo.png","contentUrl":"https:\/\/fcspartaktrnava.com\/wp-content\/uploads\/2022\/08\/cropped-site_logo.png","width":140,"height":140,"caption":"FC Spartak Trnava"},"image":{"@id":"https:\/\/fcspartaktrnava.com\/#\/schema\/logo\/image\/"},"sameAs":["https:\/\/www.facebook.com\/SpartakTrnava","https:\/\/x.com\/SpartakTrnava1","https:\/\/www.instagram.com\/spartak_sk\/"]},{"@type":"Person","@id":"https:\/\/fcspartaktrnava.com\/#\/schema\/person\/24bc5b254af14f71d7d8af178790aa75","name":"spartak","image":{"@type":"ImageObject","inLanguage":"en-GB","@id":"https:\/\/fcspartaktrnava.com\/#\/schema\/person\/image\/","url":"https:\/\/secure.gravatar.com\/avatar\/f8ff8584f3fcf3909a11a6da9019f37749183b4015bca14e64556c52614cdc7f?s=96&d=mm&r=g","contentUrl":"https:\/\/secure.gravatar.com\/avatar\/f8ff8584f3fcf3909a11a6da9019f37749183b4015bca14e64556c52614cdc7f?s=96&d=mm&r=g","caption":"spartak"},"url":"https:\/\/fcspartaktrnava.com\/en\/author\/spartak\/"}]}},"_links":{"self":[{"href":"https:\/\/fcspartaktrnava.com\/en\/wp-json\/wp\/v2\/posts\/14570","targetHints":{"allow":["GET"]}}],"collection":[{"href":"https:\/\/fcspartaktrnava.com\/en\/wp-json\/wp\/v2\/posts"}],"about":[{"href":"https:\/\/fcspartaktrnava.com\/en\/wp-json\/wp\/v2\/types\/post"}],"author":[{"embeddable":true,"href":"https:\/\/fcspartaktrnava.com\/en\/wp-json\/wp\/v2\/users\/2"}],"replies":[{"embeddable":true,"href":"https:\/\/fcspartaktrnava.com\/en\/wp-json\/wp\/v2\/comments?post=14570"}],"version-history":[{"count":0,"href":"https:\/\/fcspartaktrnava.com\/en\/wp-json\/wp\/v2\/posts\/14570\/revisions"}],"wp:featuredmedia":[{"embeddable":true,"href":"https:\/\/fcspartaktrnava.com\/en\/wp-json\/wp\/v2\/media\/11358"}],"wp:attachment":[{"href":"https:\/\/fcspartaktrnava.com\/en\/wp-json\/wp\/v2\/media?parent=14570"}],"wp:term":[{"taxonomy":"category","embeddable":true,"href":"https:\/\/fcspartaktrnava.com\/en\/wp-json\/wp\/v2\/categories?post=14570"},{"taxonomy":"post_tag","embeddable":true,"href":"https:\/\/fcspartaktrnava.com\/en\/wp-json\/wp\/v2\/tags?post=14570"}],"curies":[{"name":"wp","href":"https:\/\/api.w.org\/{rel}","templated":true}]}}