{"id":14487,"date":"2024-02-03T20:20:41","date_gmt":"2024-02-03T18:20:41","guid":{"rendered":"https:\/\/fcspartaktrnava.com\/?p=14487"},"modified":"2024-02-04T10:27:19","modified_gmt":"2024-02-04T08:27:19","slug":"spartak-odvratil-rozstrel-a-pokracuje-v-obhajobe","status":"publish","type":"post","link":"https:\/\/fcspartaktrnava.com\/en\/spartak-odvratil-rozstrel-a-pokracuje-v-obhajobe\/","title":{"rendered":"Spartak odvr\u00e1til rozstrel a pokra\u010duje v obhajobe"},"content":{"rendered":"<div class=\"wp-block-group\"><div class=\"wp-block-group__inner-container is-layout-flow wp-block-group-is-layout-flow\">\n<p class=\"has-text-align-center\" style=\"font-size:16px\">Ko\u0161ick\u00e1 futbalov\u00e1 ar\u00e9na, Slovnaft cup, osemfin\u00e1le, 3. 2. 2023 o 16:30<\/p>\n\n\n\n<p class=\"has-text-align-center has-large-font-size\">FC KO\u0160ICE<br>FC SPARTAK TRNAVA<\/p>\n\n\n\n<p class=\"has-text-align-center has-x-large-font-size\" style=\"font-style:normal;font-weight:600\">2:3 <\/p>\n\n\n\n<div class=\"wp-block-group has-black-color has-text-color has-background\" style=\"background-color:#e2e7ec\"><div class=\"wp-block-group__inner-container is-layout-flow wp-block-group-is-layout-flow\">\n<p><strong>KO\u0160ICE<\/strong>:<\/p>\n\n\n\n<p>Pereira \u2013 Fabi\u0161, Jonec, Kru\u017eliak, \u0160indel\u00e1\u0159 \u2013 Golikov (72. Petr\u00e1k), Fa\u0161ko (83. Sabol\u010d\u00edk), Gre\u0161\u0161\u00e1k, Gallovi\u010d \u2013 Obounet (72. Qose), Medved<\/p>\n\n\n\n<p><strong>TRNAVA<\/strong>:<\/p>\n\n\n\n<p>Tak\u00e1\u010d \u2013 Ko\u0161trna, \u0160tetina, \u0189uri\u010d (46. \u0160uek), Mikovi\u010d (69. Azango)  \u2013 Ofori, Bukata (76. Bainovi\u010d), Zeljkovi\u010d, Bern\u00e1t (69. Paur), Daniel \u2013 Djuri\u010din (69. Poznar)<\/p>\n\n\n\n<p><strong>Goals<\/strong>: 7. Medved, 24. Golikov \u2013 8. Ofori, 85. \u0160ulek, 90. Bainovi\u010d<\/p>\n\n\n\n<p><strong>Yellow cards<\/strong>: \u0189uri\u010d, Zeljkovi\u010d, \u0160tetina<\/p>\n\n\n\n<p><strong>Rozhodoval<\/strong>: Michal O\u010den\u00e1\u0161<\/p>\n\n\n\n<p>2918 div\u00e1kov<\/p>\n\n\n\n<p><strong>Pol\u010das<\/strong>: 2:1<\/p>\n<\/div><\/div>\n<\/div><\/div>\n\n\n\n<p>U\u017e v&nbsp;3. min sk\u00fasil \u0161\u0165astie Erika Daniel, ale minul br\u00e1nku. Dom\u00e1ci premenili na g\u00f3l hne\u010f svoju prv\u00fa \u0161ancu. V&nbsp;6. min mohol \u00eds\u0165 do brejku Fa\u0161ko, \u0189uri\u010d ho iba pribrzdil, akcia pokra\u010dovala \u010falej, ke\u010f \u0189uri\u010d nepresn\u00fa prihr\u00e1vku nechtiac pripravil pre Medveda, ktor\u00fd te\u010dovanou strelou pr\u00e1ve o&nbsp;\u0189uri\u010da otvoril sk\u00f3re. Prakticky po rozohrat\u00ed sa na pravom kr\u00eddle dostal k&nbsp;lopte Ofori, urobil si slalomov\u00e9 br\u00e1nky z dom\u00e1cich obrancov a&nbsp;strelou zvn\u00fatra \u0161estn\u00e1stky k&nbsp;vzdialenej\u0161ej ty\u010dke vyrovnal.<\/p>\n\n\n\n<p>Spartakovci po g\u00f3le prebrali iniciat\u00edvu a&nbsp;zdalo sa, \u017ee s\u00fa bli\u017e\u0161ie ku g\u00f3lu, ale v&nbsp;24. min pri\u0161la \u010fal\u0161ia \u013eahk\u00e1 strata, dom\u00e1ci vyu\u017eili, \u017ee obrana Trnavy bola nesformovan\u00e1 a&nbsp;po dlhom centri Fa\u0161ka od autovej \u010diary na zadn\u00fa ty\u010dku vbehol do lopty Golikov a&nbsp;hoci Tak\u00e1\u010d si na loptu siahol, od ty\u010dky sa odrazila za \u010diaru.<\/p>\n\n\n\n<p>Vyrovna\u0165 mohol po Oforiho centri Daniel, ale Jonec sa mu v&nbsp;poslednej chv\u00edli vlo\u017eil do strely a&nbsp;stlmil ju pre brank\u00e1ra. Ko\u0161i\u010dania boli nebezpe\u010dn\u00ed po brejkoch a&nbsp;po \u0161tandardk\u00e1ch. Po rohu sa z&nbsp;dia\u013eky oprel do lopty Gallovi\u010d a&nbsp;t\u00e1 sa zastavila a\u017e na ty\u010dke.<\/p>\n\n\n\n<p>Kr\u00e1tko nato na opa\u010dnej strane z&nbsp;podobnej poz\u00edcie p\u00e1lil Bukata a&nbsp;aj jeho strela ope\u010diatkovala ty\u010dku bezmocn\u00e9ho brank\u00e1ra. Sk\u00f3rova\u0165 mohol aj kr\u00e1tko nato, ke\u010f si nabehol na center z&nbsp;\u013eavej strany, ale tiesnen\u00fd nedotla\u010dil loptu do br\u00e1nky. Po rohu v&nbsp;42. min vysko\u010dil najvy\u0161\u0161ie \u0160tetina a&nbsp;loptu smeruj\u00facu do br\u00e1nky vyhlavi\u010dkoval z&nbsp;\u010diary Kru\u017eliak.<\/p>\n\n\n\n<p>Do druh\u00e9ho pol\u010dasu vymenil neist\u00e9ho \u0189uri\u010da \u0160ulek, ktor\u00fd sa u\u017e v&nbsp;47. min zapojil do akcie, ktor\u00fa zakon\u010dil Daniel prihr\u00e1vkou cez cel\u00fa p\u00e4\u0165ku, no nikto v&nbsp;\u010derveno-\u010diernom drese ju neposlal do siete. Obaja hr\u00e1\u010di si spolupr\u00e1cu zopakovali, ke\u010f Daniel centroval na \u0160uleka, ale ten \u0165a\u017ek\u00fa loptu na zadnej ty\u010dke neumiestnil<\/p>\n\n\n\n<p>Spartak mal v&nbsp;\u00favode pol\u010dasu aj \u010fal\u0161ie \u0161ance, ktor\u00e9 volali po g\u00f3le. Po priamom kope Bern\u00e1ta smerovala lopta na zadn\u00fa ty\u010dku na \u0160tetinu, ktor\u00fd v\u0161ak z&nbsp;uhla trafil len bo\u010dn\u00fa sie\u0165. \u0160ulek prihr\u00e1val sp\u00e4tne na Djuri\u010da, ktor\u00e9mu sa do strely vrhol stop\u00e9r.<\/p>\n\n\n\n<p>V&nbsp;69. min poslal Michal Ga\u0161par\u00edk do hry ofenz\u00edvnu trojicu Azango, Poznar, Paur a&nbsp;kr\u00e1tko na to aj Bainovi\u010da. To u\u017e sa hralo len pred \u0161estn\u00e1stkou Ko\u0161\u00edc. G\u00f3lov\u00fa strelu smeruj\u00faci do \u0161ibenice vytla\u010dil Danielovi brank\u00e1r Pereira. Paur hlavi\u010dkoval ved\u013ea, Azango kr\u00e1tko nato do jeho n\u00e1ru\u010de a&nbsp;brank\u00e1r skrotil aj \u010falekonosn\u00fd pokus \u0160tetinu.<\/p>\n\n\n\n<p>Spartak sa do\u010dkal v\u00a085. min, ke\u010f Bainovi\u010d zahr\u00e1val priamy kop z\u00a0\u013eavej strany, \u0160ulek len nadvihol loptu a\u00a0Pereira sa \u0148u nedosiahol. V\u00a0samom z\u00e1vere dokonca Trnav\u010dania strhli vedenie na svoju stranu, ke\u010f Daniel nacentroval na nabehnut\u00e9ho Bainovi\u010da, ktor\u00fd hlavou strelil tret\u00ed g\u00f3l a\u00a0poslal Spartak do \u0161tvr\u0165fin\u00e1le Slovensk\u00e9ho poh\u00e1ra.<\/p>\n\n\n\n<figure class=\"wp-block-embed is-type-video is-provider-youtube wp-block-embed-youtube wp-embed-aspect-16-9 wp-has-aspect-ratio\"><div class=\"wp-block-embed__wrapper\">\n<iframe loading=\"lazy\" title=\"Tla\u010dov\u00e1 konferencia | Slovnaft Cup FC Ko\u0161ice vs. FC Spartak Trnava\" width=\"500\" height=\"281\" src=\"https:\/\/www.youtube.com\/embed\/AsrM100aEmY?feature=oembed\" frameborder=\"0\" allow=\"accelerometer; autoplay; clipboard-write; encrypted-media; gyroscope; picture-in-picture; web-share\" referrerpolicy=\"strict-origin-when-cross-origin\" allowfullscreen><\/iframe>\n<\/div><\/figure>\n\n\n\n<p class=\"has-vivid-red-color has-text-color has-link-color has-medium-font-size wp-elements-6353fa96d3687687e828ae98a330ace8\"><strong>POVEDALI PO Z\u00c1PASE:<\/strong><\/p>\n\n\n\n<p>J\u00e1n Koz\u00e1k (Ko\u0161ice): <strong><em>\u201eS\u00fahlas\u00edm s&nbsp;kolegom, \u017ee to bol to v\u00fdborn\u00fd z\u00e1pas. Pred prv\u00fdm z\u00e1pasom s\u00fa&nbsp; o\u010dak\u00e1vania, neviete \u010do bude. Prv\u00fd pol\u010das bol v\u00fdborn\u00fd z&nbsp;na\u0161ej strany, hoci Trnava m\u00e1 svoju kvalitu a mala aj \u0161ance. Chceli sme to v&nbsp;druhom pol\u010dase udr\u017ea\u0165 a&nbsp;by\u0165 akt\u00edvni. Trnava i\u0161la v&nbsp;z\u00e1vere do ve\u013ek\u00e9ho rizika, \u010do jej nakoniec vy\u0161lo. Smutn\u00fd koniec pre n\u00e1s, tento z\u00e1pasy by si zasl\u00fa\u017eil vyvrcholenie v&nbsp;podobe pen\u00e1lt. Gratulujeme Trnave, pre sa n\u00e1s jeden sen v&nbsp;podobe poh\u00e1ra skon\u010dil a&nbsp;na\u0161\u00edm \u010fal\u0161\u00edm cie\u013eom je z\u00e1chrana.\u201c<\/em><\/strong><\/p>\n\n\n\n<p>Michal Ga\u0161par\u00edk (Trnava): <strong><em>\u201ePo prest\u00e1vke to bol ve\u013emi zauj\u00edmav\u00fd z\u00e1pas na na\u0161e pomery a&nbsp;na to, \u017ee to bolo prv\u00e9 kolo, sa hralo na dobrom tr\u00e1vniku. Za\u010diatok z\u00e1pasu n\u00e1m absol\u00fatne nevy\u0161iel, horeli sme v&nbsp;defenz\u00edve a&nbsp;odzrkadlilo sa to na sk\u00f3re. Spokojn\u00fd som bol s&nbsp;ofenz\u00edvou, vytv\u00e1rali sme si g\u00f3lov\u00e9 situ\u00e1cie. Druh\u00fd pol\u010das sme do toho \u0161liapli, ve\u013emi dobre sme boli nachystan\u00ed fyzicky a&nbsp;boli sme odmenen\u00ed. To, \u010do n\u00e1m nevych\u00e1dzalo cel\u00fd z\u00e1pas, \u017ee tie centre nenach\u00e1dzali na\u0161ich hr\u00e1\u010dov, sa n\u00e1m vr\u00e1tilo na konci, ke\u010f na\u0161e g\u00f3ly padli pr\u00e1ve po centroch. Boli sme \u0161\u0165astnej\u0161\u00ed, hoci sme boli u\u017e jednou nohou z&nbsp;poh\u00e1ra pre\u010d, ale sme sp\u00e4\u0165 a ideme \u010falej.\u201c<\/em><\/strong><\/p>","protected":false},"excerpt":{"rendered":"<p>Ko\u0161ick\u00e1 futbalov\u00e1 ar\u00e9na, Slovnaft cup, osemfin\u00e1le, 3. 2&#8230;.<\/p>","protected":false},"author":2,"featured_media":14488,"comment_status":"closed","ping_status":"closed","sticky":false,"template":"","format":"standard","meta":{"footnotes":""},"categories":[20],"tags":[11],"class_list":["post-14487","post","type-post","status-publish","format-standard","has-post-thumbnail","hentry","category-zapas","tag-michal-gasparik","post-number-1"],"yoast_head":"<!-- This site is optimized with the Yoast SEO plugin v27.1.1 - https:\/\/yoast.com\/product\/yoast-seo-wordpress\/ -->\n<title>Spartak odvr\u00e1til rozstrel a pokra\u010duje v obhajobe - FC Spartak Trnava<\/title>\n<meta name=\"robots\" content=\"index, follow, max-snippet:-1, max-image-preview:large, max-video-preview:-1\" \/>\n<link rel=\"canonical\" href=\"https:\/\/fcspartaktrnava.com\/en\/spartak-odvratil-rozstrel-a-pokracuje-v-obhajobe\/\" \/>\n<meta name=\"twitter:label1\" content=\"Written by\" \/>\n\t<meta name=\"twitter:data1\" content=\"spartak\" \/>\n\t<meta name=\"twitter:label2\" content=\"Estimated reading time\" \/>\n\t<meta name=\"twitter:data2\" content=\"5 minutes\" \/>\n<script type=\"application\/ld+json\" class=\"yoast-schema-graph\">{\"@context\":\"https:\/\/schema.org\",\"@graph\":[{\"@type\":\"Article\",\"@id\":\"https:\/\/fcspartaktrnava.com\/spartak-odvratil-rozstrel-a-pokracuje-v-obhajobe\/#article\",\"isPartOf\":{\"@id\":\"https:\/\/fcspartaktrnava.com\/spartak-odvratil-rozstrel-a-pokracuje-v-obhajobe\/\"},\"author\":{\"name\":\"spartak\",\"@id\":\"https:\/\/fcspartaktrnava.com\/#\/schema\/person\/24bc5b254af14f71d7d8af178790aa75\"},\"headline\":\"Spartak odvr\u00e1til rozstrel a pokra\u010duje v obhajobe\",\"datePublished\":\"2024-02-03T18:20:41+00:00\",\"dateModified\":\"2024-02-04T08:27:19+00:00\",\"mainEntityOfPage\":{\"@id\":\"https:\/\/fcspartaktrnava.com\/spartak-odvratil-rozstrel-a-pokracuje-v-obhajobe\/\"},\"wordCount\":925,\"publisher\":{\"@id\":\"https:\/\/fcspartaktrnava.com\/#organization\"},\"image\":{\"@id\":\"https:\/\/fcspartaktrnava.com\/spartak-odvratil-rozstrel-a-pokracuje-v-obhajobe\/#primaryimage\"},\"thumbnailUrl\":\"https:\/\/fcspartaktrnava.com\/wp-content\/uploads\/2024\/02\/DSC_4430-scaled.jpg\",\"keywords\":[\"Michal Ga\u0161par\u00edk\"],\"articleSection\":[\"Z\u00e1pas\"],\"inLanguage\":\"en-GB\"},{\"@type\":\"WebPage\",\"@id\":\"https:\/\/fcspartaktrnava.com\/spartak-odvratil-rozstrel-a-pokracuje-v-obhajobe\/\",\"url\":\"https:\/\/fcspartaktrnava.com\/spartak-odvratil-rozstrel-a-pokracuje-v-obhajobe\/\",\"name\":\"Spartak odvr\u00e1til rozstrel a pokra\u010duje v obhajobe - FC Spartak Trnava\",\"isPartOf\":{\"@id\":\"https:\/\/fcspartaktrnava.com\/#website\"},\"primaryImageOfPage\":{\"@id\":\"https:\/\/fcspartaktrnava.com\/spartak-odvratil-rozstrel-a-pokracuje-v-obhajobe\/#primaryimage\"},\"image\":{\"@id\":\"https:\/\/fcspartaktrnava.com\/spartak-odvratil-rozstrel-a-pokracuje-v-obhajobe\/#primaryimage\"},\"thumbnailUrl\":\"https:\/\/fcspartaktrnava.com\/wp-content\/uploads\/2024\/02\/DSC_4430-scaled.jpg\",\"datePublished\":\"2024-02-03T18:20:41+00:00\",\"dateModified\":\"2024-02-04T08:27:19+00:00\",\"breadcrumb\":{\"@id\":\"https:\/\/fcspartaktrnava.com\/spartak-odvratil-rozstrel-a-pokracuje-v-obhajobe\/#breadcrumb\"},\"inLanguage\":\"en-GB\",\"potentialAction\":[{\"@type\":\"ReadAction\",\"target\":[\"https:\/\/fcspartaktrnava.com\/spartak-odvratil-rozstrel-a-pokracuje-v-obhajobe\/\"]}]},{\"@type\":\"ImageObject\",\"inLanguage\":\"en-GB\",\"@id\":\"https:\/\/fcspartaktrnava.com\/spartak-odvratil-rozstrel-a-pokracuje-v-obhajobe\/#primaryimage\",\"url\":\"https:\/\/fcspartaktrnava.com\/wp-content\/uploads\/2024\/02\/DSC_4430-scaled.jpg\",\"contentUrl\":\"https:\/\/fcspartaktrnava.com\/wp-content\/uploads\/2024\/02\/DSC_4430-scaled.jpg\",\"width\":2560,\"height\":1703},{\"@type\":\"BreadcrumbList\",\"@id\":\"https:\/\/fcspartaktrnava.com\/spartak-odvratil-rozstrel-a-pokracuje-v-obhajobe\/#breadcrumb\",\"itemListElement\":[{\"@type\":\"ListItem\",\"position\":1,\"name\":\"Home\",\"item\":\"https:\/\/fcspartaktrnava.com\/\"},{\"@type\":\"ListItem\",\"position\":2,\"name\":\"Spartak odvr\u00e1til rozstrel a pokra\u010duje v obhajobe\"}]},{\"@type\":\"WebSite\",\"@id\":\"https:\/\/fcspartaktrnava.com\/#website\",\"url\":\"https:\/\/fcspartaktrnava.com\/\",\"name\":\"FC Spartak Trnava\",\"description\":\"ofici\u00e1lna webstr\u00e1nka futbalov\u00e9ho klubu\",\"publisher\":{\"@id\":\"https:\/\/fcspartaktrnava.com\/#organization\"},\"potentialAction\":[{\"@type\":\"SearchAction\",\"target\":{\"@type\":\"EntryPoint\",\"urlTemplate\":\"https:\/\/fcspartaktrnava.com\/?s={search_term_string}\"},\"query-input\":{\"@type\":\"PropertyValueSpecification\",\"valueRequired\":true,\"valueName\":\"search_term_string\"}}],\"inLanguage\":\"en-GB\"},{\"@type\":\"Organization\",\"@id\":\"https:\/\/fcspartaktrnava.com\/#organization\",\"name\":\"FC Spartak Trnava\",\"alternateName\":\"Spartak\",\"url\":\"https:\/\/fcspartaktrnava.com\/\",\"logo\":{\"@type\":\"ImageObject\",\"inLanguage\":\"en-GB\",\"@id\":\"https:\/\/fcspartaktrnava.com\/#\/schema\/logo\/image\/\",\"url\":\"https:\/\/fcspartaktrnava.com\/wp-content\/uploads\/2022\/08\/cropped-site_logo.png\",\"contentUrl\":\"https:\/\/fcspartaktrnava.com\/wp-content\/uploads\/2022\/08\/cropped-site_logo.png\",\"width\":140,\"height\":140,\"caption\":\"FC Spartak Trnava\"},\"image\":{\"@id\":\"https:\/\/fcspartaktrnava.com\/#\/schema\/logo\/image\/\"},\"sameAs\":[\"https:\/\/www.facebook.com\/SpartakTrnava\",\"https:\/\/x.com\/SpartakTrnava1\",\"https:\/\/www.instagram.com\/spartak_sk\/\"]},{\"@type\":\"Person\",\"@id\":\"https:\/\/fcspartaktrnava.com\/#\/schema\/person\/24bc5b254af14f71d7d8af178790aa75\",\"name\":\"spartak\",\"image\":{\"@type\":\"ImageObject\",\"inLanguage\":\"en-GB\",\"@id\":\"https:\/\/fcspartaktrnava.com\/#\/schema\/person\/image\/\",\"url\":\"https:\/\/secure.gravatar.com\/avatar\/f8ff8584f3fcf3909a11a6da9019f37749183b4015bca14e64556c52614cdc7f?s=96&d=mm&r=g\",\"contentUrl\":\"https:\/\/secure.gravatar.com\/avatar\/f8ff8584f3fcf3909a11a6da9019f37749183b4015bca14e64556c52614cdc7f?s=96&d=mm&r=g\",\"caption\":\"spartak\"},\"url\":\"https:\/\/fcspartaktrnava.com\/en\/author\/spartak\/\"}]}<\/script>\n<!-- \/ Yoast SEO plugin. -->","yoast_head_json":{"title":"Spartak odvr\u00e1til rozstrel a pokra\u010duje v obhajobe - FC Spartak Trnava","robots":{"index":"index","follow":"follow","max-snippet":"max-snippet:-1","max-image-preview":"max-image-preview:large","max-video-preview":"max-video-preview:-1"},"canonical":"https:\/\/fcspartaktrnava.com\/en\/spartak-odvratil-rozstrel-a-pokracuje-v-obhajobe\/","twitter_misc":{"Written by":"spartak","Estimated reading time":"5 minutes"},"schema":{"@context":"https:\/\/schema.org","@graph":[{"@type":"Article","@id":"https:\/\/fcspartaktrnava.com\/spartak-odvratil-rozstrel-a-pokracuje-v-obhajobe\/#article","isPartOf":{"@id":"https:\/\/fcspartaktrnava.com\/spartak-odvratil-rozstrel-a-pokracuje-v-obhajobe\/"},"author":{"name":"spartak","@id":"https:\/\/fcspartaktrnava.com\/#\/schema\/person\/24bc5b254af14f71d7d8af178790aa75"},"headline":"Spartak odvr\u00e1til rozstrel a pokra\u010duje v obhajobe","datePublished":"2024-02-03T18:20:41+00:00","dateModified":"2024-02-04T08:27:19+00:00","mainEntityOfPage":{"@id":"https:\/\/fcspartaktrnava.com\/spartak-odvratil-rozstrel-a-pokracuje-v-obhajobe\/"},"wordCount":925,"publisher":{"@id":"https:\/\/fcspartaktrnava.com\/#organization"},"image":{"@id":"https:\/\/fcspartaktrnava.com\/spartak-odvratil-rozstrel-a-pokracuje-v-obhajobe\/#primaryimage"},"thumbnailUrl":"https:\/\/fcspartaktrnava.com\/wp-content\/uploads\/2024\/02\/DSC_4430-scaled.jpg","keywords":["Michal Ga\u0161par\u00edk"],"articleSection":["Z\u00e1pas"],"inLanguage":"en-GB"},{"@type":"WebPage","@id":"https:\/\/fcspartaktrnava.com\/spartak-odvratil-rozstrel-a-pokracuje-v-obhajobe\/","url":"https:\/\/fcspartaktrnava.com\/spartak-odvratil-rozstrel-a-pokracuje-v-obhajobe\/","name":"Spartak odvr\u00e1til rozstrel a pokra\u010duje v obhajobe - FC Spartak Trnava","isPartOf":{"@id":"https:\/\/fcspartaktrnava.com\/#website"},"primaryImageOfPage":{"@id":"https:\/\/fcspartaktrnava.com\/spartak-odvratil-rozstrel-a-pokracuje-v-obhajobe\/#primaryimage"},"image":{"@id":"https:\/\/fcspartaktrnava.com\/spartak-odvratil-rozstrel-a-pokracuje-v-obhajobe\/#primaryimage"},"thumbnailUrl":"https:\/\/fcspartaktrnava.com\/wp-content\/uploads\/2024\/02\/DSC_4430-scaled.jpg","datePublished":"2024-02-03T18:20:41+00:00","dateModified":"2024-02-04T08:27:19+00:00","breadcrumb":{"@id":"https:\/\/fcspartaktrnava.com\/spartak-odvratil-rozstrel-a-pokracuje-v-obhajobe\/#breadcrumb"},"inLanguage":"en-GB","potentialAction":[{"@type":"ReadAction","target":["https:\/\/fcspartaktrnava.com\/spartak-odvratil-rozstrel-a-pokracuje-v-obhajobe\/"]}]},{"@type":"ImageObject","inLanguage":"en-GB","@id":"https:\/\/fcspartaktrnava.com\/spartak-odvratil-rozstrel-a-pokracuje-v-obhajobe\/#primaryimage","url":"https:\/\/fcspartaktrnava.com\/wp-content\/uploads\/2024\/02\/DSC_4430-scaled.jpg","contentUrl":"https:\/\/fcspartaktrnava.com\/wp-content\/uploads\/2024\/02\/DSC_4430-scaled.jpg","width":2560,"height":1703},{"@type":"BreadcrumbList","@id":"https:\/\/fcspartaktrnava.com\/spartak-odvratil-rozstrel-a-pokracuje-v-obhajobe\/#breadcrumb","itemListElement":[{"@type":"ListItem","position":1,"name":"Home","item":"https:\/\/fcspartaktrnava.com\/"},{"@type":"ListItem","position":2,"name":"Spartak odvr\u00e1til rozstrel a pokra\u010duje v obhajobe"}]},{"@type":"WebSite","@id":"https:\/\/fcspartaktrnava.com\/#website","url":"https:\/\/fcspartaktrnava.com\/","name":"FC Spartak Trnava","description":"ofici\u00e1lna webstr\u00e1nka futbalov\u00e9ho klubu","publisher":{"@id":"https:\/\/fcspartaktrnava.com\/#organization"},"potentialAction":[{"@type":"SearchAction","target":{"@type":"EntryPoint","urlTemplate":"https:\/\/fcspartaktrnava.com\/?s={search_term_string}"},"query-input":{"@type":"PropertyValueSpecification","valueRequired":true,"valueName":"search_term_string"}}],"inLanguage":"en-GB"},{"@type":"Organization","@id":"https:\/\/fcspartaktrnava.com\/#organization","name":"FC Spartak Trnava","alternateName":"Spartak","url":"https:\/\/fcspartaktrnava.com\/","logo":{"@type":"ImageObject","inLanguage":"en-GB","@id":"https:\/\/fcspartaktrnava.com\/#\/schema\/logo\/image\/","url":"https:\/\/fcspartaktrnava.com\/wp-content\/uploads\/2022\/08\/cropped-site_logo.png","contentUrl":"https:\/\/fcspartaktrnava.com\/wp-content\/uploads\/2022\/08\/cropped-site_logo.png","width":140,"height":140,"caption":"FC Spartak Trnava"},"image":{"@id":"https:\/\/fcspartaktrnava.com\/#\/schema\/logo\/image\/"},"sameAs":["https:\/\/www.facebook.com\/SpartakTrnava","https:\/\/x.com\/SpartakTrnava1","https:\/\/www.instagram.com\/spartak_sk\/"]},{"@type":"Person","@id":"https:\/\/fcspartaktrnava.com\/#\/schema\/person\/24bc5b254af14f71d7d8af178790aa75","name":"spartak","image":{"@type":"ImageObject","inLanguage":"en-GB","@id":"https:\/\/fcspartaktrnava.com\/#\/schema\/person\/image\/","url":"https:\/\/secure.gravatar.com\/avatar\/f8ff8584f3fcf3909a11a6da9019f37749183b4015bca14e64556c52614cdc7f?s=96&d=mm&r=g","contentUrl":"https:\/\/secure.gravatar.com\/avatar\/f8ff8584f3fcf3909a11a6da9019f37749183b4015bca14e64556c52614cdc7f?s=96&d=mm&r=g","caption":"spartak"},"url":"https:\/\/fcspartaktrnava.com\/en\/author\/spartak\/"}]}},"_links":{"self":[{"href":"https:\/\/fcspartaktrnava.com\/en\/wp-json\/wp\/v2\/posts\/14487","targetHints":{"allow":["GET"]}}],"collection":[{"href":"https:\/\/fcspartaktrnava.com\/en\/wp-json\/wp\/v2\/posts"}],"about":[{"href":"https:\/\/fcspartaktrnava.com\/en\/wp-json\/wp\/v2\/types\/post"}],"author":[{"embeddable":true,"href":"https:\/\/fcspartaktrnava.com\/en\/wp-json\/wp\/v2\/users\/2"}],"replies":[{"embeddable":true,"href":"https:\/\/fcspartaktrnava.com\/en\/wp-json\/wp\/v2\/comments?post=14487"}],"version-history":[{"count":0,"href":"https:\/\/fcspartaktrnava.com\/en\/wp-json\/wp\/v2\/posts\/14487\/revisions"}],"wp:featuredmedia":[{"embeddable":true,"href":"https:\/\/fcspartaktrnava.com\/en\/wp-json\/wp\/v2\/media\/14488"}],"wp:attachment":[{"href":"https:\/\/fcspartaktrnava.com\/en\/wp-json\/wp\/v2\/media?parent=14487"}],"wp:term":[{"taxonomy":"category","embeddable":true,"href":"https:\/\/fcspartaktrnava.com\/en\/wp-json\/wp\/v2\/categories?post=14487"},{"taxonomy":"post_tag","embeddable":true,"href":"https:\/\/fcspartaktrnava.com\/en\/wp-json\/wp\/v2\/tags?post=14487"}],"curies":[{"name":"wp","href":"https:\/\/api.w.org\/{rel}","templated":true}]}}