{"id":14297,"date":"2024-01-28T10:24:24","date_gmt":"2024-01-28T08:24:24","guid":{"rendered":"https:\/\/fcspartaktrnava.com\/?p=14297"},"modified":"2024-01-28T10:25:22","modified_gmt":"2024-01-28T08:25:22","slug":"s-defenzivou-spokojnost-v-utoku-rezervy","status":"publish","type":"post","link":"https:\/\/fcspartaktrnava.com\/en\/s-defenzivou-spokojnost-v-utoku-rezervy\/","title":{"rendered":"S defenz\u00edvou spokojnos\u0165, v \u00fatoku rezervy"},"content":{"rendered":"<p>Spartak v\u010dera odohral posledn\u00fd pr\u00edpravn\u00fd z\u00e1pas pred \u0161tartom jarnej \u010dasti. U\u017e o t\u00fd\u017ede\u0148 ho toti\u017e \u010dak\u00e1 dohr\u00e1vka osemfin\u00e1le Slovnaft cupu v Ko\u0161iciach. V dueli s rak\u00faskym Hartbergom v\u010dera g\u00f3l nepadol.<\/p>\n\n\n\n<p>\u201e<em><strong>Bol to kvalitn\u00fd t\u00edm, siln\u00fd na lopte. My sme sa na nich dobre pripravili a nedovo\u013eovali sme im toho ve\u013ea. Dopredu sme si v\u0161ak ve\u013ea nevypracovali a na tom mus\u00edme zapracova\u0165,\u201c<\/strong><\/em> povedal po z\u00e1pase J\u00e1n Bern\u00e1t, ktor\u00fd nast\u00fapil od za\u010diatku z\u00e1pasu.<\/p>\n\n\n\n<p>Trnav\u010dania absolvovali dovedna \u0161tyri pr\u00edpravn\u00e9 z\u00e1pasy po\u010das janu\u00e1ra, no v\u00ed\u0165azstvo sa im zaknihova\u0165 nepodarilo. Pod\u013ea Bern\u00e1ta to nie je v tejto f\u00e1ze d\u00f4le\u017eit\u00e9. <em><strong>\u201eZatia\u013e \u010do m\u00e1m sk\u00fasenosti, tak pr\u00edprava vie by\u0165 klamliv\u00e1. Mysl\u00edm, \u017ee v\u00fdsledky nie s\u00fa d\u00f4le\u017eit\u00e9. O t\u00fd\u017ede\u0148 ideme naostro, tam bude treba v\u00fdsledok a tak sa aj priprav\u00edme.\u201c<\/strong><\/em><\/p>\n\n\n\n<figure class=\"wp-block-embed is-type-video is-provider-youtube wp-block-embed-youtube wp-embed-aspect-16-9 wp-has-aspect-ratio\"><div class=\"wp-block-embed__wrapper\">\n<iframe loading=\"lazy\" title=\"J\u00e1n Bern\u00e1t po z\u00e1pase s Hartbergom\" width=\"500\" height=\"281\" src=\"https:\/\/www.youtube.com\/embed\/znO8NlXiG58?feature=oembed\" frameborder=\"0\" allow=\"accelerometer; autoplay; clipboard-write; encrypted-media; gyroscope; picture-in-picture; web-share\" referrerpolicy=\"strict-origin-when-cross-origin\" allowfullscreen><\/iframe>\n<\/div><\/figure>\n\n\n\n<p>V pomerne kr\u00e1tkej pr\u00edprave hrali spartakovci dva z\u00e1pasy s \u010desk\u00fdmi a dva s rak\u00faskymi mu\u017estvami. Hoci v\u010deraj\u0161\u00ed duel s Hartbergom mal by\u0165 gener\u00e1lkou, \u0165a\u017eko to tak nazva\u0165, ke\u010f\u017ee tr\u00e9ner Michal Ga\u0161par\u00edk v aj v tomto z\u00e1pase mas\u00edvne striedal a na sa ihrisku v jednom okamihu zrejme nestretla z\u00e1kladn\u00e1 zostava, \u010do plat\u00ed vlastne na cel\u00fa pr\u00edpravu. <em><strong>\u201eV tejto pr\u00edprave sme zvolili menej z\u00e1pasov, nechceli sme to\u013eko z\u00e1pas ako v lete, rad\u0161ej sme zvolili kvalitn\u00fdch s\u00faperov, a to sme mali. Rozlo\u017eili sme minut\u00e1\u017e tak, aby sme ka\u017ed\u00e9ho videli. Niektor\u00ed hrali zo za\u010diatku, potom nasko\u010dili z lavi\u010dky. Rie\u0161ili sme syst\u00e9mov\u00e9 veci a teraz sme boli viac nachystan\u00ed aj na s\u00fapera, aby to mali chalani \u013eah\u0161ie. E\u0161te m\u00e1me t\u00fd\u017ede\u0148, aby sme doladili nejak\u00e9 veci a mysl\u00edm, \u017ee sme pripraven\u00ed na ostr\u00fd \u0161tart,\u201c<\/strong><\/em> hovor\u00ed tr\u00e9ner.<\/p>\n\n\n\n<p>Napriek nelichotiv\u00fdm v\u00fdsledkom na\u0161iel aj pozit\u00edva, chv\u00e1lil obranu, no rovnako ako div\u00e1ci na \u0161tadi\u00f3ne videl, \u017ee pred s\u00faperovou br\u00e1nkou by mali by\u0165 jeho zverenci nebezpe\u010dnej\u0161\u00ed. <em><strong>\u201ePozit\u00edvom je, \u017ee \u0160te\u0165o hral cel\u00fd z\u00e1pas, Sebo K\u00f3\u0161a nast\u00fapil. Obrann\u00e1 \u0161tvorica hrala dobre, \u0160ulo hral dobre z\u013eava aj sprava. Bolo tam viac sol\u00eddnych v\u00fdkonov a v defenz\u00edve som spokojn\u00fd. To, \u010do hrali Rak\u00fa\u0161ania je ve\u013emi \u0165a\u017ek\u00e9 br\u00e1ni\u0165 a chalani si s t\u00fdm poradili. Ke\u010f som videl in\u00e9 z\u00e1pasy, tak tam in\u00e9 mu\u017estv\u00e1 horeli. Z poh\u013eadu ofenz\u00edvy v provom pol\u010dase to bolo m\u00e1lo. V druhom pol\u010dase sme si to dali polia\u0165 a u\u017e sa to rozbehlo, mali sme nejak\u00e9 zakon\u010denia, len potrebujeme z toho viac vy\u0165a\u017ei\u0165. Porovn\u00e1va\u0165 rak\u00faske mu\u017estv\u00e1 s na\u0161imi je \u0165a\u017ek\u00e9, lebo s\u00fa kvalitat\u00edvne na vy\u0161\u0161ej \u00farovni, \u010do sme poc\u00edtili aj s Austriou. T\u00edto s\u00fa e\u0161te lep\u0161\u00ed v tabu\u013eke ako je napr\u00edklad Rapid a Austria, preto si mysl\u00edm, \u017ee na na\u0161u ligu sme dobre pripraven\u00ed.\u201c<\/strong><\/em><\/p>\n\n\n\n<figure class=\"wp-block-embed is-type-video is-provider-youtube wp-block-embed-youtube wp-embed-aspect-16-9 wp-has-aspect-ratio\"><div class=\"wp-block-embed__wrapper\">\n<iframe loading=\"lazy\" title=\"Michal Ga\u0161par\u00edk po z\u00e1pase s Hartbergom\" width=\"500\" height=\"281\" src=\"https:\/\/www.youtube.com\/embed\/rVw7-7JS2z8?feature=oembed\" frameborder=\"0\" allow=\"accelerometer; autoplay; clipboard-write; encrypted-media; gyroscope; picture-in-picture; web-share\" referrerpolicy=\"strict-origin-when-cross-origin\" allowfullscreen><\/iframe>\n<\/div><\/figure>\n\n\n\n<p>Trnav\u010dania dali v \u0161tyroch z\u00e1pasoch len tri g\u00f3ly, o dva z nich sa postaral Marco Djuri\u010din, ktor\u00fd v\u0161ak v\u010dera nenast\u00fapil. Nejde v\u0161ak o zranenie a na z\u00e1pas s Ko\u0161icami by mal by\u0165 tr\u00e9nerom k dispoz\u00edcii.<\/p>\n\n\n\n<p>\u201e<em><strong>Bol v pohode, odtr\u00e9noval cel\u00e9 s\u00fastredenie, ale ke\u010f sme pri\u0161li, tak ochorel. Od pondelka u\u017e by sa mal prida\u0165 k mu\u017estvu. Zranen\u00fd je Gorosito a nezobrali sme dnes Oseniho s Bolajim, ktor\u00fdm sme umo\u017enili h\u013eada\u0165 si nov\u00fd klub. Inak s\u00fa v\u0161etci zdrav\u00ed.\u201c<\/strong><\/em><\/p>\n\n\n\n<p>Spartak u\u017e teda zakon\u010dil pr\u00edpravu a nasleduj\u00facom t\u00fd\u017edni sa bude chysta\u0165 v dom\u00e1cich podmienkach v klasickom z\u00e1pasovom mikrocykle, ktor\u00fd vyvrchol\u00ed stretnut\u00edm v Ko\u0161iciach.<\/p>\n\n\n\n<div class=\"wp-block-buttons is-layout-flex wp-block-buttons-is-layout-flex\">\n<div class=\"wp-block-button aligncenter is-style-fill\"><a class=\"wp-block-button__link has-white-color has-text-color has-background wp-element-button\" href=\"https:\/\/fcspartaktrnava.com\/en\/galerii\/generalka-na-jarnu-cast-spartak-hartberg\/\" style=\"border-radius:0px;background-color:#d40133\" target=\"_blank\" rel=\"noreferrer noopener\">PHOTO GALLERY<\/a><\/div>\n<\/div>","protected":false},"excerpt":{"rendered":"<p>Spartak v\u010dera odohral posledn\u00fd pr\u00edpravn\u00fd z\u00e1pas pred \u0161tartom&#8230;<\/p>","protected":false},"author":2,"featured_media":14248,"comment_status":"closed","ping_status":"closed","sticky":false,"template":"","format":"standard","meta":{"footnotes":""},"categories":[41],"tags":[11],"class_list":["post-14297","post","type-post","status-publish","format-standard","has-post-thumbnail","hentry","category-intervju","tag-michal-gasparik","post-number-1"],"yoast_head":"<!-- This site is optimized with the Yoast SEO plugin v27.1.1 - https:\/\/yoast.com\/product\/yoast-seo-wordpress\/ -->\n<title>S defenz\u00edvou spokojnos\u0165, v \u00fatoku rezervy - FC Spartak Trnava<\/title>\n<meta name=\"robots\" content=\"index, follow, max-snippet:-1, max-image-preview:large, max-video-preview:-1\" \/>\n<link rel=\"canonical\" href=\"https:\/\/fcspartaktrnava.com\/en\/s-defenzivou-spokojnost-v-utoku-rezervy\/\" \/>\n<meta name=\"twitter:label1\" content=\"Written by\" \/>\n\t<meta name=\"twitter:data1\" content=\"spartak\" \/>\n\t<meta name=\"twitter:label2\" content=\"Estimated reading time\" \/>\n\t<meta name=\"twitter:data2\" content=\"3 minutes\" \/>\n<script type=\"application\/ld+json\" class=\"yoast-schema-graph\">{\"@context\":\"https:\/\/schema.org\",\"@graph\":[{\"@type\":\"Article\",\"@id\":\"https:\/\/fcspartaktrnava.com\/s-defenzivou-spokojnost-v-utoku-rezervy\/#article\",\"isPartOf\":{\"@id\":\"https:\/\/fcspartaktrnava.com\/s-defenzivou-spokojnost-v-utoku-rezervy\/\"},\"author\":{\"name\":\"spartak\",\"@id\":\"https:\/\/fcspartaktrnava.com\/#\/schema\/person\/24bc5b254af14f71d7d8af178790aa75\"},\"headline\":\"S defenz\u00edvou spokojnos\u0165, v \u00fatoku rezervy\",\"datePublished\":\"2024-01-28T08:24:24+00:00\",\"dateModified\":\"2024-01-28T08:25:22+00:00\",\"mainEntityOfPage\":{\"@id\":\"https:\/\/fcspartaktrnava.com\/s-defenzivou-spokojnost-v-utoku-rezervy\/\"},\"wordCount\":689,\"publisher\":{\"@id\":\"https:\/\/fcspartaktrnava.com\/#organization\"},\"image\":{\"@id\":\"https:\/\/fcspartaktrnava.com\/s-defenzivou-spokojnost-v-utoku-rezervy\/#primaryimage\"},\"thumbnailUrl\":\"https:\/\/fcspartaktrnava.com\/wp-content\/uploads\/2024\/01\/DSC_2910.jpg\",\"keywords\":[\"Michal Ga\u0161par\u00edk\"],\"articleSection\":[\"Rozhovory\"],\"inLanguage\":\"en-GB\"},{\"@type\":\"WebPage\",\"@id\":\"https:\/\/fcspartaktrnava.com\/s-defenzivou-spokojnost-v-utoku-rezervy\/\",\"url\":\"https:\/\/fcspartaktrnava.com\/s-defenzivou-spokojnost-v-utoku-rezervy\/\",\"name\":\"S defenz\u00edvou spokojnos\u0165, v \u00fatoku rezervy - FC Spartak Trnava\",\"isPartOf\":{\"@id\":\"https:\/\/fcspartaktrnava.com\/#website\"},\"primaryImageOfPage\":{\"@id\":\"https:\/\/fcspartaktrnava.com\/s-defenzivou-spokojnost-v-utoku-rezervy\/#primaryimage\"},\"image\":{\"@id\":\"https:\/\/fcspartaktrnava.com\/s-defenzivou-spokojnost-v-utoku-rezervy\/#primaryimage\"},\"thumbnailUrl\":\"https:\/\/fcspartaktrnava.com\/wp-content\/uploads\/2024\/01\/DSC_2910.jpg\",\"datePublished\":\"2024-01-28T08:24:24+00:00\",\"dateModified\":\"2024-01-28T08:25:22+00:00\",\"breadcrumb\":{\"@id\":\"https:\/\/fcspartaktrnava.com\/s-defenzivou-spokojnost-v-utoku-rezervy\/#breadcrumb\"},\"inLanguage\":\"en-GB\",\"potentialAction\":[{\"@type\":\"ReadAction\",\"target\":[\"https:\/\/fcspartaktrnava.com\/s-defenzivou-spokojnost-v-utoku-rezervy\/\"]}]},{\"@type\":\"ImageObject\",\"inLanguage\":\"en-GB\",\"@id\":\"https:\/\/fcspartaktrnava.com\/s-defenzivou-spokojnost-v-utoku-rezervy\/#primaryimage\",\"url\":\"https:\/\/fcspartaktrnava.com\/wp-content\/uploads\/2024\/01\/DSC_2910.jpg\",\"contentUrl\":\"https:\/\/fcspartaktrnava.com\/wp-content\/uploads\/2024\/01\/DSC_2910.jpg\",\"width\":1520,\"height\":1013},{\"@type\":\"BreadcrumbList\",\"@id\":\"https:\/\/fcspartaktrnava.com\/s-defenzivou-spokojnost-v-utoku-rezervy\/#breadcrumb\",\"itemListElement\":[{\"@type\":\"ListItem\",\"position\":1,\"name\":\"Home\",\"item\":\"https:\/\/fcspartaktrnava.com\/\"},{\"@type\":\"ListItem\",\"position\":2,\"name\":\"S defenz\u00edvou spokojnos\u0165, v \u00fatoku rezervy\"}]},{\"@type\":\"WebSite\",\"@id\":\"https:\/\/fcspartaktrnava.com\/#website\",\"url\":\"https:\/\/fcspartaktrnava.com\/\",\"name\":\"FC Spartak Trnava\",\"description\":\"ofici\u00e1lna webstr\u00e1nka futbalov\u00e9ho klubu\",\"publisher\":{\"@id\":\"https:\/\/fcspartaktrnava.com\/#organization\"},\"potentialAction\":[{\"@type\":\"SearchAction\",\"target\":{\"@type\":\"EntryPoint\",\"urlTemplate\":\"https:\/\/fcspartaktrnava.com\/?s={search_term_string}\"},\"query-input\":{\"@type\":\"PropertyValueSpecification\",\"valueRequired\":true,\"valueName\":\"search_term_string\"}}],\"inLanguage\":\"en-GB\"},{\"@type\":\"Organization\",\"@id\":\"https:\/\/fcspartaktrnava.com\/#organization\",\"name\":\"FC Spartak Trnava\",\"alternateName\":\"Spartak\",\"url\":\"https:\/\/fcspartaktrnava.com\/\",\"logo\":{\"@type\":\"ImageObject\",\"inLanguage\":\"en-GB\",\"@id\":\"https:\/\/fcspartaktrnava.com\/#\/schema\/logo\/image\/\",\"url\":\"https:\/\/fcspartaktrnava.com\/wp-content\/uploads\/2022\/08\/cropped-site_logo.png\",\"contentUrl\":\"https:\/\/fcspartaktrnava.com\/wp-content\/uploads\/2022\/08\/cropped-site_logo.png\",\"width\":140,\"height\":140,\"caption\":\"FC Spartak Trnava\"},\"image\":{\"@id\":\"https:\/\/fcspartaktrnava.com\/#\/schema\/logo\/image\/\"},\"sameAs\":[\"https:\/\/www.facebook.com\/SpartakTrnava\",\"https:\/\/x.com\/SpartakTrnava1\",\"https:\/\/www.instagram.com\/spartak_sk\/\"]},{\"@type\":\"Person\",\"@id\":\"https:\/\/fcspartaktrnava.com\/#\/schema\/person\/24bc5b254af14f71d7d8af178790aa75\",\"name\":\"spartak\",\"image\":{\"@type\":\"ImageObject\",\"inLanguage\":\"en-GB\",\"@id\":\"https:\/\/fcspartaktrnava.com\/#\/schema\/person\/image\/\",\"url\":\"https:\/\/secure.gravatar.com\/avatar\/f8ff8584f3fcf3909a11a6da9019f37749183b4015bca14e64556c52614cdc7f?s=96&d=mm&r=g\",\"contentUrl\":\"https:\/\/secure.gravatar.com\/avatar\/f8ff8584f3fcf3909a11a6da9019f37749183b4015bca14e64556c52614cdc7f?s=96&d=mm&r=g\",\"caption\":\"spartak\"},\"url\":\"https:\/\/fcspartaktrnava.com\/en\/author\/spartak\/\"}]}<\/script>\n<!-- \/ Yoast SEO plugin. -->","yoast_head_json":{"title":"S defenz\u00edvou spokojnos\u0165, v \u00fatoku rezervy - FC Spartak Trnava","robots":{"index":"index","follow":"follow","max-snippet":"max-snippet:-1","max-image-preview":"max-image-preview:large","max-video-preview":"max-video-preview:-1"},"canonical":"https:\/\/fcspartaktrnava.com\/en\/s-defenzivou-spokojnost-v-utoku-rezervy\/","twitter_misc":{"Written by":"spartak","Estimated reading time":"3 minutes"},"schema":{"@context":"https:\/\/schema.org","@graph":[{"@type":"Article","@id":"https:\/\/fcspartaktrnava.com\/s-defenzivou-spokojnost-v-utoku-rezervy\/#article","isPartOf":{"@id":"https:\/\/fcspartaktrnava.com\/s-defenzivou-spokojnost-v-utoku-rezervy\/"},"author":{"name":"spartak","@id":"https:\/\/fcspartaktrnava.com\/#\/schema\/person\/24bc5b254af14f71d7d8af178790aa75"},"headline":"S defenz\u00edvou spokojnos\u0165, v \u00fatoku rezervy","datePublished":"2024-01-28T08:24:24+00:00","dateModified":"2024-01-28T08:25:22+00:00","mainEntityOfPage":{"@id":"https:\/\/fcspartaktrnava.com\/s-defenzivou-spokojnost-v-utoku-rezervy\/"},"wordCount":689,"publisher":{"@id":"https:\/\/fcspartaktrnava.com\/#organization"},"image":{"@id":"https:\/\/fcspartaktrnava.com\/s-defenzivou-spokojnost-v-utoku-rezervy\/#primaryimage"},"thumbnailUrl":"https:\/\/fcspartaktrnava.com\/wp-content\/uploads\/2024\/01\/DSC_2910.jpg","keywords":["Michal Ga\u0161par\u00edk"],"articleSection":["Rozhovory"],"inLanguage":"en-GB"},{"@type":"WebPage","@id":"https:\/\/fcspartaktrnava.com\/s-defenzivou-spokojnost-v-utoku-rezervy\/","url":"https:\/\/fcspartaktrnava.com\/s-defenzivou-spokojnost-v-utoku-rezervy\/","name":"S defenz\u00edvou spokojnos\u0165, v \u00fatoku rezervy - FC Spartak Trnava","isPartOf":{"@id":"https:\/\/fcspartaktrnava.com\/#website"},"primaryImageOfPage":{"@id":"https:\/\/fcspartaktrnava.com\/s-defenzivou-spokojnost-v-utoku-rezervy\/#primaryimage"},"image":{"@id":"https:\/\/fcspartaktrnava.com\/s-defenzivou-spokojnost-v-utoku-rezervy\/#primaryimage"},"thumbnailUrl":"https:\/\/fcspartaktrnava.com\/wp-content\/uploads\/2024\/01\/DSC_2910.jpg","datePublished":"2024-01-28T08:24:24+00:00","dateModified":"2024-01-28T08:25:22+00:00","breadcrumb":{"@id":"https:\/\/fcspartaktrnava.com\/s-defenzivou-spokojnost-v-utoku-rezervy\/#breadcrumb"},"inLanguage":"en-GB","potentialAction":[{"@type":"ReadAction","target":["https:\/\/fcspartaktrnava.com\/s-defenzivou-spokojnost-v-utoku-rezervy\/"]}]},{"@type":"ImageObject","inLanguage":"en-GB","@id":"https:\/\/fcspartaktrnava.com\/s-defenzivou-spokojnost-v-utoku-rezervy\/#primaryimage","url":"https:\/\/fcspartaktrnava.com\/wp-content\/uploads\/2024\/01\/DSC_2910.jpg","contentUrl":"https:\/\/fcspartaktrnava.com\/wp-content\/uploads\/2024\/01\/DSC_2910.jpg","width":1520,"height":1013},{"@type":"BreadcrumbList","@id":"https:\/\/fcspartaktrnava.com\/s-defenzivou-spokojnost-v-utoku-rezervy\/#breadcrumb","itemListElement":[{"@type":"ListItem","position":1,"name":"Home","item":"https:\/\/fcspartaktrnava.com\/"},{"@type":"ListItem","position":2,"name":"S defenz\u00edvou spokojnos\u0165, v \u00fatoku rezervy"}]},{"@type":"WebSite","@id":"https:\/\/fcspartaktrnava.com\/#website","url":"https:\/\/fcspartaktrnava.com\/","name":"FC Spartak Trnava","description":"ofici\u00e1lna webstr\u00e1nka futbalov\u00e9ho klubu","publisher":{"@id":"https:\/\/fcspartaktrnava.com\/#organization"},"potentialAction":[{"@type":"SearchAction","target":{"@type":"EntryPoint","urlTemplate":"https:\/\/fcspartaktrnava.com\/?s={search_term_string}"},"query-input":{"@type":"PropertyValueSpecification","valueRequired":true,"valueName":"search_term_string"}}],"inLanguage":"en-GB"},{"@type":"Organization","@id":"https:\/\/fcspartaktrnava.com\/#organization","name":"FC Spartak Trnava","alternateName":"Spartak","url":"https:\/\/fcspartaktrnava.com\/","logo":{"@type":"ImageObject","inLanguage":"en-GB","@id":"https:\/\/fcspartaktrnava.com\/#\/schema\/logo\/image\/","url":"https:\/\/fcspartaktrnava.com\/wp-content\/uploads\/2022\/08\/cropped-site_logo.png","contentUrl":"https:\/\/fcspartaktrnava.com\/wp-content\/uploads\/2022\/08\/cropped-site_logo.png","width":140,"height":140,"caption":"FC Spartak Trnava"},"image":{"@id":"https:\/\/fcspartaktrnava.com\/#\/schema\/logo\/image\/"},"sameAs":["https:\/\/www.facebook.com\/SpartakTrnava","https:\/\/x.com\/SpartakTrnava1","https:\/\/www.instagram.com\/spartak_sk\/"]},{"@type":"Person","@id":"https:\/\/fcspartaktrnava.com\/#\/schema\/person\/24bc5b254af14f71d7d8af178790aa75","name":"spartak","image":{"@type":"ImageObject","inLanguage":"en-GB","@id":"https:\/\/fcspartaktrnava.com\/#\/schema\/person\/image\/","url":"https:\/\/secure.gravatar.com\/avatar\/f8ff8584f3fcf3909a11a6da9019f37749183b4015bca14e64556c52614cdc7f?s=96&d=mm&r=g","contentUrl":"https:\/\/secure.gravatar.com\/avatar\/f8ff8584f3fcf3909a11a6da9019f37749183b4015bca14e64556c52614cdc7f?s=96&d=mm&r=g","caption":"spartak"},"url":"https:\/\/fcspartaktrnava.com\/en\/author\/spartak\/"}]}},"_links":{"self":[{"href":"https:\/\/fcspartaktrnava.com\/en\/wp-json\/wp\/v2\/posts\/14297","targetHints":{"allow":["GET"]}}],"collection":[{"href":"https:\/\/fcspartaktrnava.com\/en\/wp-json\/wp\/v2\/posts"}],"about":[{"href":"https:\/\/fcspartaktrnava.com\/en\/wp-json\/wp\/v2\/types\/post"}],"author":[{"embeddable":true,"href":"https:\/\/fcspartaktrnava.com\/en\/wp-json\/wp\/v2\/users\/2"}],"replies":[{"embeddable":true,"href":"https:\/\/fcspartaktrnava.com\/en\/wp-json\/wp\/v2\/comments?post=14297"}],"version-history":[{"count":0,"href":"https:\/\/fcspartaktrnava.com\/en\/wp-json\/wp\/v2\/posts\/14297\/revisions"}],"wp:featuredmedia":[{"embeddable":true,"href":"https:\/\/fcspartaktrnava.com\/en\/wp-json\/wp\/v2\/media\/14248"}],"wp:attachment":[{"href":"https:\/\/fcspartaktrnava.com\/en\/wp-json\/wp\/v2\/media?parent=14297"}],"wp:term":[{"taxonomy":"category","embeddable":true,"href":"https:\/\/fcspartaktrnava.com\/en\/wp-json\/wp\/v2\/categories?post=14297"},{"taxonomy":"post_tag","embeddable":true,"href":"https:\/\/fcspartaktrnava.com\/en\/wp-json\/wp\/v2\/tags?post=14297"}],"curies":[{"name":"wp","href":"https:\/\/api.w.org\/{rel}","templated":true}]}}