{"id":14225,"date":"2024-01-27T16:20:18","date_gmt":"2024-01-27T14:20:18","guid":{"rendered":"https:\/\/fcspartaktrnava.com\/?p=14225"},"modified":"2024-01-27T20:04:48","modified_gmt":"2024-01-27T18:04:48","slug":"v-generalke-bez-golov","status":"publish","type":"post","link":"https:\/\/fcspartaktrnava.com\/en\/v-generalke-bez-golov\/","title":{"rendered":"V gener\u00e1lke bez g\u00f3lov"},"content":{"rendered":"<div class=\"wp-block-group\"><div class=\"wp-block-group__inner-container is-layout-flow wp-block-group-is-layout-flow\">\n<p class=\"has-text-align-center\" style=\"font-size:16px\">\u0160tadi\u00f3n Antona Malatinsk\u00e9ho, pr\u00edpravn\u00fd z\u00e1pas, 27. 1. 2024 o 13:00<\/p>\n\n\n\n<p class=\"has-text-align-center has-large-font-size\">FC SPARTAK TRNAVA<br>TSV HARTBERG<\/p>\n\n\n\n<p class=\"has-text-align-center has-x-large-font-size\" style=\"font-style:normal;font-weight:600\">0:0 <\/p>\n\n\n\n<div class=\"wp-block-group has-black-color has-text-color has-background\" style=\"background-color:#e2e7ec\"><div class=\"wp-block-group__inner-container is-layout-flow wp-block-group-is-layout-flow\">\n<p>FC SPARTAK:<\/p>\n\n\n\n<p>Tak\u00e1\u010d \u2013 Ko\u0161trna (59. K\u00f3\u0161a), \u0160tetina, Duri\u010d (59. Mikovi\u010d), \u0160ulek \u2013 Zeljkovi\u010d (46. Proch\u00e1zka), Krizmani\u010d (59. Bukata)\u2013 Azango (59. Ofori), Bern\u00e1t (59. Bainovi\u010d), Burke (46. Daniel), &#8211; Poznar (59. Paur)<\/p>\n\n\n\n<p>HARTBERG:<\/p>\n\n\n\n<p>Sallinger \u2013 Bowat, Komposch, Pfeifer, Kainz, Heil, Sangare, Avdijaj, Providence, Entrup, Frieser<\/p>\n\n\n\n<p>Rozhodoval: Peter Kr\u00e1\u013eovi\u010d<\/p>\n\n\n\n<p>Div\u00e1ci: 700<\/p>\n<\/div><\/div>\n<\/div><\/div>\n\n\n\n<p>V&nbsp;gener\u00e1lke na jarn\u00fa \u010das\u0165 s\u00fa\u0165a\u017en\u00e9ho ro\u010dn\u00edka priv\u00edtal Spartak rak\u00fasky prvoligov\u00fd celok TSV Hartberg. Z&nbsp;o\u010dak\u00e1van\u00fdch mien ch\u00fdba Djuri\u010din, ktor\u00fd bol v&nbsp;t\u00fd\u017edni chor\u00fd.<\/p>\n\n\n\n<p>Po p\u00e4tn\u00e1stich min\u00fatach prevzali dom\u00e1ci taktovku a&nbsp;s\u00fapera zavreli pred vlastn\u00fa \u0161estn\u00e1stku. V&nbsp;25. min\u00fate uk\u00e1zali Rak\u00fa\u0161ania pekn\u00fa akciu a&nbsp;po centri z&nbsp;pravej strany prekonali Tak\u00e1\u010da, g\u00f3l v\u0161ak pre ofsajd neplatil. Nebezpe\u010die hrozilo aj v&nbsp;35. min\u00fate, ale s\u00e9ria hlavi\u010diek v&nbsp;pokutovom \u00fazem\u00ed sa napokon zakon\u010den\u00edm nesko\u010dila a&nbsp;Tak\u00e1\u010d zobral loptu do bezpe\u010dia. Pred koncom prv\u00e9ho pol\u010dasu sa po rohovom kope dostal do zakon\u010denia \u0160ulek, ale jeho \u0165a\u017ek\u00e1 strela z&nbsp;oto\u010dky mierila iba mimo br\u00e1nku s\u00fapera.<\/p>\n\n\n\n<p>Prv\u00e9 dejstvo sa skon\u010dilo bez g\u00f3lov, Spartak mal viac z&nbsp;hry, ale nebezpe\u010dnej\u0161\u00ed bol Hartberg.<\/p>\n\n\n\n<figure class=\"wp-block-gallery has-nested-images columns-default is-cropped wp-block-gallery-1 is-layout-flex wp-block-gallery-is-layout-flex\">\n<figure class=\"wp-block-image size-large\"><img loading=\"lazy\" decoding=\"async\" width=\"1024\" height=\"681\" data-id=\"14228\" src=\"https:\/\/fcspartaktrnava.com\/wp-content\/uploads\/2024\/01\/DSC_2886-1024x681.jpg\" alt=\"\" class=\"wp-image-14228\" srcset=\"https:\/\/fcspartaktrnava.com\/wp-content\/uploads\/2024\/01\/DSC_2886-1024x681.jpg 1024w, https:\/\/fcspartaktrnava.com\/wp-content\/uploads\/2024\/01\/DSC_2886-300x200.jpg 300w, https:\/\/fcspartaktrnava.com\/wp-content\/uploads\/2024\/01\/DSC_2886-768x511.jpg 768w, https:\/\/fcspartaktrnava.com\/wp-content\/uploads\/2024\/01\/DSC_2886-1536x1022.jpg 1536w, https:\/\/fcspartaktrnava.com\/wp-content\/uploads\/2024\/01\/DSC_2886-2048x1363.jpg 2048w, https:\/\/fcspartaktrnava.com\/wp-content\/uploads\/2024\/01\/DSC_2886-18x12.jpg 18w\" sizes=\"auto, (max-width: 1024px) 100vw, 1024px\" \/><\/figure>\n\n\n\n<figure class=\"wp-block-image size-large\"><img loading=\"lazy\" decoding=\"async\" width=\"1024\" height=\"681\" data-id=\"14227\" src=\"https:\/\/fcspartaktrnava.com\/wp-content\/uploads\/2024\/01\/DSC_2919-1024x681.jpg\" alt=\"\" class=\"wp-image-14227\" srcset=\"https:\/\/fcspartaktrnava.com\/wp-content\/uploads\/2024\/01\/DSC_2919-1024x681.jpg 1024w, https:\/\/fcspartaktrnava.com\/wp-content\/uploads\/2024\/01\/DSC_2919-300x200.jpg 300w, https:\/\/fcspartaktrnava.com\/wp-content\/uploads\/2024\/01\/DSC_2919-768x511.jpg 768w, https:\/\/fcspartaktrnava.com\/wp-content\/uploads\/2024\/01\/DSC_2919-1536x1022.jpg 1536w, https:\/\/fcspartaktrnava.com\/wp-content\/uploads\/2024\/01\/DSC_2919-2048x1363.jpg 2048w, https:\/\/fcspartaktrnava.com\/wp-content\/uploads\/2024\/01\/DSC_2919-18x12.jpg 18w\" sizes=\"auto, (max-width: 1024px) 100vw, 1024px\" \/><\/figure>\n<\/figure>\n\n\n\n<p>Tr\u00e9ner Ga\u0161par\u00edk poslal do druh\u00e9ho pol\u010dasu Daniela za&nbsp; Burkeho a&nbsp;Proch\u00e1zka nahradil Zeljkovi\u010da.<\/p>\n\n\n\n<p>V&nbsp;52. min\u00fate vy\u0161la hos\u0165om akcia stredom ihriska a&nbsp;iba z\u00e1sluhou Tak\u00e1\u010da sa sk\u00f3re nemenilo. G\u00f3lman vychytal strelu z&nbsp;bezprostrednej vzdialenosti a&nbsp;loptu ustr\u00e1\u017eil aj po n\u00e1slednej dor\u00e1\u017eke. Pred uplynut\u00edm hodiny hry vystriedal tr\u00e9ner \u0161esticu hr\u00e1\u010dov a&nbsp;pr\u00e1ve jeden z&nbsp;novicov na ploche Daniel chcel technick\u00fdm zakon\u010den\u00edm prekona\u0165 Sallingera, mieril v\u0161ak mimo br\u00e1nky.<\/p>\n\n\n\n<p>V&nbsp;68. min\u00fate sa vysok\u00e1 lopta dostala k&nbsp;Proch\u00e1zkovi na hranici \u0161estn\u00e1stky a&nbsp;Trnav\u010dan s&nbsp;kapit\u00e1nskou p\u00e1skou na ruke peknou strelou z&nbsp;voleja preveril brank\u00e1ra Hartbergu. Postupom \u010dasu prib\u00fadali \u010fal\u0161ie strely na br\u00e1nku Rak\u00fa\u0161anov, ale sk\u00f3re sa nemenilo a\u017e do posledn\u00e9ho hvizdu rozhodcu Kr\u00e1\u013eovi\u010da.<\/p>\n\n\n\n<p class=\"has-vivid-red-color has-text-color has-link-color has-medium-font-size wp-elements-6cc68dff03993e76a7d3c8ec2978019a\"><strong>POVEDAL PO Z\u00c1PASE:<\/strong><\/p>\n\n\n\n<p>Michal Ga\u0161par\u00edk (Spartak): <strong><em>\u201eBral som to tak, \u017ee kry\u0161talizujeme zostavu, chceli sme da\u0165 chalanom \u0161ancu, niektor\u00fdm z&nbsp;lavi\u010dky, in\u00fdm od za\u010diatku. Najm\u00e4 nov\u00fdm hr\u00e1\u010dom, aby c\u00edtili \u0161tadi\u00f3n, kry\u0161talizuje sa to a&nbsp;mali sme dobr\u00e9ho s\u00fapera, to treba poveda\u0165. S\u00fa vysoko v&nbsp;rak\u00faskej lige a&nbsp;v\u00fdborne to hraj\u00fa, chalani to dnes poc\u00edtili a&nbsp;dobre to br\u00e1nili. Z\u00e1pas bol dlho zavret\u00fd, hoci oni mali dve \u0161ance, jednu v\u00e4\u010d\u0161iu. Po 60. min\u00fate sa z\u00e1pas trhal a&nbsp;otv\u00e1ral, mali sme tam svoje situ\u00e1cie a&nbsp;mohli sme z&nbsp;toho vy\u0165a\u017ei\u0165 e\u0161te viac. Kvalitn\u00fd z\u00e1pas a&nbsp;uk\u00e1zal n\u00e1m ve\u013ea poznatkov.\u201c<\/em><\/strong><\/p>","protected":false},"excerpt":{"rendered":"<p>\u0160tadi\u00f3n Antona Malatinsk\u00e9ho, pr\u00edpravn\u00fd z\u00e1pas, 27. 1. 2024&#8230;<\/p>","protected":false},"author":2,"featured_media":14226,"comment_status":"closed","ping_status":"closed","sticky":false,"template":"","format":"standard","meta":{"footnotes":""},"categories":[12],"tags":[],"class_list":["post-14225","post","type-post","status-publish","format-standard","has-post-thumbnail","hentry","category-spravy","post-number-1"],"yoast_head":"<!-- This site is optimized with the Yoast SEO plugin v27.1.1 - https:\/\/yoast.com\/product\/yoast-seo-wordpress\/ -->\n<title>V gener\u00e1lke bez g\u00f3lov - FC Spartak Trnava<\/title>\n<meta name=\"robots\" content=\"index, follow, max-snippet:-1, max-image-preview:large, max-video-preview:-1\" \/>\n<link rel=\"canonical\" href=\"https:\/\/fcspartaktrnava.com\/en\/v-generalke-bez-golov\/\" \/>\n<meta name=\"twitter:label1\" content=\"Written by\" \/>\n\t<meta name=\"twitter:data1\" content=\"spartak\" \/>\n\t<meta name=\"twitter:label2\" content=\"Estimated reading time\" \/>\n\t<meta name=\"twitter:data2\" content=\"3 minutes\" \/>\n<script type=\"application\/ld+json\" class=\"yoast-schema-graph\">{\"@context\":\"https:\/\/schema.org\",\"@graph\":[{\"@type\":\"Article\",\"@id\":\"https:\/\/fcspartaktrnava.com\/v-generalke-bez-golov\/#article\",\"isPartOf\":{\"@id\":\"https:\/\/fcspartaktrnava.com\/v-generalke-bez-golov\/\"},\"author\":{\"name\":\"spartak\",\"@id\":\"https:\/\/fcspartaktrnava.com\/#\/schema\/person\/24bc5b254af14f71d7d8af178790aa75\"},\"headline\":\"V gener\u00e1lke bez g\u00f3lov\",\"datePublished\":\"2024-01-27T14:20:18+00:00\",\"dateModified\":\"2024-01-27T18:04:48+00:00\",\"mainEntityOfPage\":{\"@id\":\"https:\/\/fcspartaktrnava.com\/v-generalke-bez-golov\/\"},\"wordCount\":533,\"publisher\":{\"@id\":\"https:\/\/fcspartaktrnava.com\/#organization\"},\"image\":{\"@id\":\"https:\/\/fcspartaktrnava.com\/v-generalke-bez-golov\/#primaryimage\"},\"thumbnailUrl\":\"https:\/\/fcspartaktrnava.com\/wp-content\/uploads\/2024\/01\/DSC_2891-scaled.jpg\",\"articleSection\":[\"Spr\u00e1vy\"],\"inLanguage\":\"en-GB\"},{\"@type\":\"WebPage\",\"@id\":\"https:\/\/fcspartaktrnava.com\/v-generalke-bez-golov\/\",\"url\":\"https:\/\/fcspartaktrnava.com\/v-generalke-bez-golov\/\",\"name\":\"V gener\u00e1lke bez g\u00f3lov - FC Spartak Trnava\",\"isPartOf\":{\"@id\":\"https:\/\/fcspartaktrnava.com\/#website\"},\"primaryImageOfPage\":{\"@id\":\"https:\/\/fcspartaktrnava.com\/v-generalke-bez-golov\/#primaryimage\"},\"image\":{\"@id\":\"https:\/\/fcspartaktrnava.com\/v-generalke-bez-golov\/#primaryimage\"},\"thumbnailUrl\":\"https:\/\/fcspartaktrnava.com\/wp-content\/uploads\/2024\/01\/DSC_2891-scaled.jpg\",\"datePublished\":\"2024-01-27T14:20:18+00:00\",\"dateModified\":\"2024-01-27T18:04:48+00:00\",\"breadcrumb\":{\"@id\":\"https:\/\/fcspartaktrnava.com\/v-generalke-bez-golov\/#breadcrumb\"},\"inLanguage\":\"en-GB\",\"potentialAction\":[{\"@type\":\"ReadAction\",\"target\":[\"https:\/\/fcspartaktrnava.com\/v-generalke-bez-golov\/\"]}]},{\"@type\":\"ImageObject\",\"inLanguage\":\"en-GB\",\"@id\":\"https:\/\/fcspartaktrnava.com\/v-generalke-bez-golov\/#primaryimage\",\"url\":\"https:\/\/fcspartaktrnava.com\/wp-content\/uploads\/2024\/01\/DSC_2891-scaled.jpg\",\"contentUrl\":\"https:\/\/fcspartaktrnava.com\/wp-content\/uploads\/2024\/01\/DSC_2891-scaled.jpg\",\"width\":2560,\"height\":1703},{\"@type\":\"BreadcrumbList\",\"@id\":\"https:\/\/fcspartaktrnava.com\/v-generalke-bez-golov\/#breadcrumb\",\"itemListElement\":[{\"@type\":\"ListItem\",\"position\":1,\"name\":\"Home\",\"item\":\"https:\/\/fcspartaktrnava.com\/\"},{\"@type\":\"ListItem\",\"position\":2,\"name\":\"V gener\u00e1lke bez g\u00f3lov\"}]},{\"@type\":\"WebSite\",\"@id\":\"https:\/\/fcspartaktrnava.com\/#website\",\"url\":\"https:\/\/fcspartaktrnava.com\/\",\"name\":\"FC Spartak Trnava\",\"description\":\"ofici\u00e1lna webstr\u00e1nka futbalov\u00e9ho klubu\",\"publisher\":{\"@id\":\"https:\/\/fcspartaktrnava.com\/#organization\"},\"potentialAction\":[{\"@type\":\"SearchAction\",\"target\":{\"@type\":\"EntryPoint\",\"urlTemplate\":\"https:\/\/fcspartaktrnava.com\/?s={search_term_string}\"},\"query-input\":{\"@type\":\"PropertyValueSpecification\",\"valueRequired\":true,\"valueName\":\"search_term_string\"}}],\"inLanguage\":\"en-GB\"},{\"@type\":\"Organization\",\"@id\":\"https:\/\/fcspartaktrnava.com\/#organization\",\"name\":\"FC Spartak Trnava\",\"alternateName\":\"Spartak\",\"url\":\"https:\/\/fcspartaktrnava.com\/\",\"logo\":{\"@type\":\"ImageObject\",\"inLanguage\":\"en-GB\",\"@id\":\"https:\/\/fcspartaktrnava.com\/#\/schema\/logo\/image\/\",\"url\":\"https:\/\/fcspartaktrnava.com\/wp-content\/uploads\/2022\/08\/cropped-site_logo.png\",\"contentUrl\":\"https:\/\/fcspartaktrnava.com\/wp-content\/uploads\/2022\/08\/cropped-site_logo.png\",\"width\":140,\"height\":140,\"caption\":\"FC Spartak Trnava\"},\"image\":{\"@id\":\"https:\/\/fcspartaktrnava.com\/#\/schema\/logo\/image\/\"},\"sameAs\":[\"https:\/\/www.facebook.com\/SpartakTrnava\",\"https:\/\/x.com\/SpartakTrnava1\",\"https:\/\/www.instagram.com\/spartak_sk\/\"]},{\"@type\":\"Person\",\"@id\":\"https:\/\/fcspartaktrnava.com\/#\/schema\/person\/24bc5b254af14f71d7d8af178790aa75\",\"name\":\"spartak\",\"image\":{\"@type\":\"ImageObject\",\"inLanguage\":\"en-GB\",\"@id\":\"https:\/\/fcspartaktrnava.com\/#\/schema\/person\/image\/\",\"url\":\"https:\/\/secure.gravatar.com\/avatar\/f8ff8584f3fcf3909a11a6da9019f37749183b4015bca14e64556c52614cdc7f?s=96&d=mm&r=g\",\"contentUrl\":\"https:\/\/secure.gravatar.com\/avatar\/f8ff8584f3fcf3909a11a6da9019f37749183b4015bca14e64556c52614cdc7f?s=96&d=mm&r=g\",\"caption\":\"spartak\"},\"url\":\"https:\/\/fcspartaktrnava.com\/en\/author\/spartak\/\"}]}<\/script>\n<!-- \/ Yoast SEO plugin. -->","yoast_head_json":{"title":"V gener\u00e1lke bez g\u00f3lov - FC Spartak Trnava","robots":{"index":"index","follow":"follow","max-snippet":"max-snippet:-1","max-image-preview":"max-image-preview:large","max-video-preview":"max-video-preview:-1"},"canonical":"https:\/\/fcspartaktrnava.com\/en\/v-generalke-bez-golov\/","twitter_misc":{"Written by":"spartak","Estimated reading time":"3 minutes"},"schema":{"@context":"https:\/\/schema.org","@graph":[{"@type":"Article","@id":"https:\/\/fcspartaktrnava.com\/v-generalke-bez-golov\/#article","isPartOf":{"@id":"https:\/\/fcspartaktrnava.com\/v-generalke-bez-golov\/"},"author":{"name":"spartak","@id":"https:\/\/fcspartaktrnava.com\/#\/schema\/person\/24bc5b254af14f71d7d8af178790aa75"},"headline":"V gener\u00e1lke bez g\u00f3lov","datePublished":"2024-01-27T14:20:18+00:00","dateModified":"2024-01-27T18:04:48+00:00","mainEntityOfPage":{"@id":"https:\/\/fcspartaktrnava.com\/v-generalke-bez-golov\/"},"wordCount":533,"publisher":{"@id":"https:\/\/fcspartaktrnava.com\/#organization"},"image":{"@id":"https:\/\/fcspartaktrnava.com\/v-generalke-bez-golov\/#primaryimage"},"thumbnailUrl":"https:\/\/fcspartaktrnava.com\/wp-content\/uploads\/2024\/01\/DSC_2891-scaled.jpg","articleSection":["Spr\u00e1vy"],"inLanguage":"en-GB"},{"@type":"WebPage","@id":"https:\/\/fcspartaktrnava.com\/v-generalke-bez-golov\/","url":"https:\/\/fcspartaktrnava.com\/v-generalke-bez-golov\/","name":"V gener\u00e1lke bez g\u00f3lov - FC Spartak Trnava","isPartOf":{"@id":"https:\/\/fcspartaktrnava.com\/#website"},"primaryImageOfPage":{"@id":"https:\/\/fcspartaktrnava.com\/v-generalke-bez-golov\/#primaryimage"},"image":{"@id":"https:\/\/fcspartaktrnava.com\/v-generalke-bez-golov\/#primaryimage"},"thumbnailUrl":"https:\/\/fcspartaktrnava.com\/wp-content\/uploads\/2024\/01\/DSC_2891-scaled.jpg","datePublished":"2024-01-27T14:20:18+00:00","dateModified":"2024-01-27T18:04:48+00:00","breadcrumb":{"@id":"https:\/\/fcspartaktrnava.com\/v-generalke-bez-golov\/#breadcrumb"},"inLanguage":"en-GB","potentialAction":[{"@type":"ReadAction","target":["https:\/\/fcspartaktrnava.com\/v-generalke-bez-golov\/"]}]},{"@type":"ImageObject","inLanguage":"en-GB","@id":"https:\/\/fcspartaktrnava.com\/v-generalke-bez-golov\/#primaryimage","url":"https:\/\/fcspartaktrnava.com\/wp-content\/uploads\/2024\/01\/DSC_2891-scaled.jpg","contentUrl":"https:\/\/fcspartaktrnava.com\/wp-content\/uploads\/2024\/01\/DSC_2891-scaled.jpg","width":2560,"height":1703},{"@type":"BreadcrumbList","@id":"https:\/\/fcspartaktrnava.com\/v-generalke-bez-golov\/#breadcrumb","itemListElement":[{"@type":"ListItem","position":1,"name":"Home","item":"https:\/\/fcspartaktrnava.com\/"},{"@type":"ListItem","position":2,"name":"V gener\u00e1lke bez g\u00f3lov"}]},{"@type":"WebSite","@id":"https:\/\/fcspartaktrnava.com\/#website","url":"https:\/\/fcspartaktrnava.com\/","name":"FC Spartak Trnava","description":"ofici\u00e1lna webstr\u00e1nka futbalov\u00e9ho klubu","publisher":{"@id":"https:\/\/fcspartaktrnava.com\/#organization"},"potentialAction":[{"@type":"SearchAction","target":{"@type":"EntryPoint","urlTemplate":"https:\/\/fcspartaktrnava.com\/?s={search_term_string}"},"query-input":{"@type":"PropertyValueSpecification","valueRequired":true,"valueName":"search_term_string"}}],"inLanguage":"en-GB"},{"@type":"Organization","@id":"https:\/\/fcspartaktrnava.com\/#organization","name":"FC Spartak Trnava","alternateName":"Spartak","url":"https:\/\/fcspartaktrnava.com\/","logo":{"@type":"ImageObject","inLanguage":"en-GB","@id":"https:\/\/fcspartaktrnava.com\/#\/schema\/logo\/image\/","url":"https:\/\/fcspartaktrnava.com\/wp-content\/uploads\/2022\/08\/cropped-site_logo.png","contentUrl":"https:\/\/fcspartaktrnava.com\/wp-content\/uploads\/2022\/08\/cropped-site_logo.png","width":140,"height":140,"caption":"FC Spartak Trnava"},"image":{"@id":"https:\/\/fcspartaktrnava.com\/#\/schema\/logo\/image\/"},"sameAs":["https:\/\/www.facebook.com\/SpartakTrnava","https:\/\/x.com\/SpartakTrnava1","https:\/\/www.instagram.com\/spartak_sk\/"]},{"@type":"Person","@id":"https:\/\/fcspartaktrnava.com\/#\/schema\/person\/24bc5b254af14f71d7d8af178790aa75","name":"spartak","image":{"@type":"ImageObject","inLanguage":"en-GB","@id":"https:\/\/fcspartaktrnava.com\/#\/schema\/person\/image\/","url":"https:\/\/secure.gravatar.com\/avatar\/f8ff8584f3fcf3909a11a6da9019f37749183b4015bca14e64556c52614cdc7f?s=96&d=mm&r=g","contentUrl":"https:\/\/secure.gravatar.com\/avatar\/f8ff8584f3fcf3909a11a6da9019f37749183b4015bca14e64556c52614cdc7f?s=96&d=mm&r=g","caption":"spartak"},"url":"https:\/\/fcspartaktrnava.com\/en\/author\/spartak\/"}]}},"_links":{"self":[{"href":"https:\/\/fcspartaktrnava.com\/en\/wp-json\/wp\/v2\/posts\/14225","targetHints":{"allow":["GET"]}}],"collection":[{"href":"https:\/\/fcspartaktrnava.com\/en\/wp-json\/wp\/v2\/posts"}],"about":[{"href":"https:\/\/fcspartaktrnava.com\/en\/wp-json\/wp\/v2\/types\/post"}],"author":[{"embeddable":true,"href":"https:\/\/fcspartaktrnava.com\/en\/wp-json\/wp\/v2\/users\/2"}],"replies":[{"embeddable":true,"href":"https:\/\/fcspartaktrnava.com\/en\/wp-json\/wp\/v2\/comments?post=14225"}],"version-history":[{"count":0,"href":"https:\/\/fcspartaktrnava.com\/en\/wp-json\/wp\/v2\/posts\/14225\/revisions"}],"wp:featuredmedia":[{"embeddable":true,"href":"https:\/\/fcspartaktrnava.com\/en\/wp-json\/wp\/v2\/media\/14226"}],"wp:attachment":[{"href":"https:\/\/fcspartaktrnava.com\/en\/wp-json\/wp\/v2\/media?parent=14225"}],"wp:term":[{"taxonomy":"category","embeddable":true,"href":"https:\/\/fcspartaktrnava.com\/en\/wp-json\/wp\/v2\/categories?post=14225"},{"taxonomy":"post_tag","embeddable":true,"href":"https:\/\/fcspartaktrnava.com\/en\/wp-json\/wp\/v2\/tags?post=14225"}],"curies":[{"name":"wp","href":"https:\/\/api.w.org\/{rel}","templated":true}]}}