{"id":14160,"date":"2024-01-24T12:17:24","date_gmt":"2024-01-24T10:17:24","guid":{"rendered":"https:\/\/fcspartaktrnava.com\/?p=14160"},"modified":"2024-01-24T12:17:24","modified_gmt":"2024-01-24T10:17:24","slug":"kosa-operaciu-odlozil-na-jar-bude-pripraveny","status":"publish","type":"post","link":"https:\/\/fcspartaktrnava.com\/en\/kosa-operaciu-odlozil-na-jar-bude-pripraveny\/","title":{"rendered":"K\u00f3\u0161a oper\u00e1ciu odlo\u017eil, na jar bude pripraven\u00fd"},"content":{"rendered":"<p>Jedn\u00fdm z&nbsp;trojice hr\u00e1\u010dov, ktor\u00ed vynechali pobyt na Malte a&nbsp;pripravoval sa individu\u00e1lne v&nbsp;dom\u00e1cich podmienkach bol stop\u00e9r Sebasti\u00e1n K\u00f3\u0161a. D\u00f4vodom bol pl\u00e1novan\u00fd chirurgick\u00fd z\u00e1krok, ktor\u00fd sa v\u0161ak neuskuto\u010dnil.<\/p>\n\n\n\n<p><strong><em>\u201ePo sez\u00f3ne som mal napl\u00e1novan\u00fd z\u00e1krok, ale oper\u00e1ciu sme odlo\u017eili, kv\u00f4li okolnostiam, ktor\u00e9 n\u00e1m ju neumo\u017enili vykona\u0165. Ka\u017edop\u00e1dne, v&nbsp;s\u00fa\u010dasnosti ten z\u00e1krok nie je nevyhnutn\u00fd, nepotrebujem \u00eds\u0165 urgentne pod n\u00f4\u017e a&nbsp;pracujem na tom, aby som sa mohol bezpe\u010dne a&nbsp;\u010do najsk\u00f4r vr\u00e1ti\u0165 do pln\u00e9ho tr\u00e9ningov\u00e9ho procesu,\u201c<\/em><\/strong> hovor\u00ed dvadsa\u0165ro\u010dn\u00fd obranca, ktor\u00fd sa napokon rozhodol pre in\u00fd sp\u00f4sob lie\u010dby a chirurgick\u00fd z\u00e1krok mo\u017eno ani nebude potrebova\u0165.<\/p>\n\n\n\n<p><strong><em>\u201eBola to sk\u00f4r tak\u00e1 prevencia do bud\u00facnosti, v\u0161etky z\u00e1pasy som odohral. Mal som trocha bolesti a&nbsp;moment\u00e1lne je v&nbsp;takom \u0161t\u00e1diu, \u017ee m\u00e1m za sebou z\u00e1\u0165a\u017eov\u00e9 tr\u00e9ningy, u\u017e aj tr\u00e9ning na ihrisku a&nbsp;je to zatia\u013e bez probl\u00e9mov.\u201c<\/em><\/strong><\/p>\n\n\n\n<p>Sebasti\u00e1n vynechal \u00favodn\u00e9 tri pr\u00edpravn\u00e9 z\u00e1pasy v\u00a0r\u00e1mci turnaja Tipsport Malta Cup a\u00a0v\u00a0sobotu bude ma\u0165 posledn\u00fa mo\u017enos\u0165 nast\u00fapi\u0165 v\u00a0z\u00e1pase pred ostr\u00fdm \u0161tartom jesennej \u010dasti. Trnav\u010danov \u010dak\u00e1 v\u00a0<a href=\"https:\/\/fcspartaktrnava.com\/en\/vstup-na-generalku-exkluzivne-len-pre-permanentkarov-a-clenov-rodziny-zdarma\/\">gener\u00e1lke rak\u00fasky Hartberg.<\/a> <strong><em>\u201eU\u017e sa zap\u00e1jam do pln\u00e9ho tr\u00e9ningov\u00e9ho cyklu, ale uvid\u00edm ako bude to telo po takej dlhej pauze pripraven\u00e9. Ver\u00edm, \u017ee budem \u010d\u00edm sk\u00f4r ready, neviem \u010di to bude u\u017e na t\u00fa sobotu a\u00a0budem m\u00f4c\u0165 odohra\u0165 cel\u00fd z\u00e1pas, ale minim\u00e1lne nasko\u010di\u0165 by som chcel.\u201c<\/em><\/strong><\/p>\n\n\n\n<p>K\u00f3\u0161a odohral po\u010das jesene \u00factyhodn\u00fdch 27 z\u00e1pasov, nast\u00fapil vo v\u0161etk\u00fdch z\u00e1pasoch predk\u00f4l aj v&nbsp;skupine Eur\u00f3pskej konferen\u010dnej ligy. V\u0161etci stop\u00e9ri s\u00fa v\u0161ak po zraneniach k&nbsp;dispoz\u00edcii a&nbsp;dosta\u0165 sa do&nbsp; z\u00e1kladnej zostavy bude n\u00e1ro\u010dnej\u0161ie. <strong><em>\u201eAj kv\u00f4li tomu je moja motiv\u00e1cia vr\u00e1ti\u0165 sa na ihrisko vy\u0161\u0161ia, lebo konkurencia sa zv\u00fd\u0161ila, bude to o&nbsp;to n\u00e1ro\u010dnej\u0161ie a&nbsp;budem robi\u0165 v\u0161etko preto, aby som sa \u010do najsk\u00f4r vr\u00e1til a&nbsp;pomohol t\u00edmu.\u201c<\/em><\/strong><\/p>\n\n\n\n<p>Jar bude oproti jeseni o&nbsp;poznanie menej n\u00e1ro\u010dnej\u0161ia \u010do do po\u010dtu z\u00e1pasov, ke\u010f\u017ee spartakovci u\u017e nebud\u00fa \u00fa\u010dinkova\u0165 v&nbsp;Eur\u00f3pskej konferen\u010dnej lige. V&nbsp;dom\u00e1cich s\u00fa\u0165a\u017eiach v\u0161ak u\u017e p\u00f4jde do tuh\u00e9ho a&nbsp;bude sa rozhodova\u0165 o&nbsp;poh\u00e1rov\u00fdch miestenk\u00e1ch. <strong><em>\u201eBolo pre n\u00e1s v\u0161etk\u00fdch atypick\u00e9 obdobie, lebo sme neza\u017e\u00edvali \u010dasto, aby sme mali tak ve\u013ea t\u00fdch anglick\u00fdch t\u00fd\u017ed\u0148ov. Za m\u0148a to bolo fajn a&nbsp;som r\u00e1d, \u017ee sme mohli odohra\u0165 to\u013eko t\u00fdch z\u00e1pasov, no na konci bolo c\u00edti\u0165 \u00fanavu, lebo sme na to neboli tak\u00ed zvyknut\u00ed. Za m\u0148a to bolo nie\u010do, ako by som chcel v&nbsp;bud\u00facnosti hr\u00e1va\u0165, tak\u00fdmto form\u00e1tom.\u201c<\/em><\/strong><\/p>\n\n\n\n<p>Cel\u00fd rozhovor so Sebasti\u00e1nom K\u00f3\u0161om si m\u00f4\u017eete pozrie\u0165 na klubovom youtube kan\u00e1li:<\/p>\n\n\n\n<figure class=\"wp-block-embed is-type-video is-provider-youtube wp-block-embed-youtube wp-embed-aspect-16-9 wp-has-aspect-ratio\"><div class=\"wp-block-embed__wrapper\">\n<iframe loading=\"lazy\" title=\"Sebasti\u00e1n K\u00f3\u0161a: Konkurencia na stop\u00e9rskom poste je pre m\u0148a motiv\u00e1ciou sa vr\u00e1ti\u0165 na ihrisko\" width=\"500\" height=\"281\" src=\"https:\/\/www.youtube.com\/embed\/vq4RXfj81ds?feature=oembed\" frameborder=\"0\" allow=\"accelerometer; autoplay; clipboard-write; encrypted-media; gyroscope; picture-in-picture; web-share\" referrerpolicy=\"strict-origin-when-cross-origin\" allowfullscreen><\/iframe>\n<\/div><\/figure>\n\n\n\n<p><\/p>","protected":false},"excerpt":{"rendered":"<p>Jedn\u00fdm z&nbsp;trojice hr\u00e1\u010dov, ktor\u00ed vynechali pobyt na Malte&#8230;<\/p>","protected":false},"author":2,"featured_media":13191,"comment_status":"closed","ping_status":"closed","sticky":false,"template":"","format":"standard","meta":{"footnotes":""},"categories":[41],"tags":[],"class_list":["post-14160","post","type-post","status-publish","format-standard","has-post-thumbnail","hentry","category-intervju","post-number-1"],"yoast_head":"<!-- This site is optimized with the Yoast SEO plugin v27.1.1 - https:\/\/yoast.com\/product\/yoast-seo-wordpress\/ -->\n<title>K\u00f3\u0161a oper\u00e1ciu odlo\u017eil, na jar bude pripraven\u00fd - FC Spartak Trnava<\/title>\n<meta name=\"robots\" content=\"index, follow, max-snippet:-1, max-image-preview:large, max-video-preview:-1\" \/>\n<link rel=\"canonical\" href=\"https:\/\/fcspartaktrnava.com\/en\/kosa-operaciu-odlozil-na-jar-bude-pripraveny\/\" \/>\n<meta name=\"twitter:label1\" content=\"Written by\" \/>\n\t<meta name=\"twitter:data1\" content=\"spartak\" \/>\n\t<meta name=\"twitter:label2\" content=\"Estimated reading time\" \/>\n\t<meta name=\"twitter:data2\" content=\"3 minutes\" \/>\n<script type=\"application\/ld+json\" class=\"yoast-schema-graph\">{\"@context\":\"https:\/\/schema.org\",\"@graph\":[{\"@type\":\"Article\",\"@id\":\"https:\/\/fcspartaktrnava.com\/kosa-operaciu-odlozil-na-jar-bude-pripraveny\/#article\",\"isPartOf\":{\"@id\":\"https:\/\/fcspartaktrnava.com\/kosa-operaciu-odlozil-na-jar-bude-pripraveny\/\"},\"author\":{\"name\":\"spartak\",\"@id\":\"https:\/\/fcspartaktrnava.com\/#\/schema\/person\/24bc5b254af14f71d7d8af178790aa75\"},\"headline\":\"K\u00f3\u0161a oper\u00e1ciu odlo\u017eil, na jar bude pripraven\u00fd\",\"datePublished\":\"2024-01-24T10:17:24+00:00\",\"mainEntityOfPage\":{\"@id\":\"https:\/\/fcspartaktrnava.com\/kosa-operaciu-odlozil-na-jar-bude-pripraveny\/\"},\"wordCount\":566,\"publisher\":{\"@id\":\"https:\/\/fcspartaktrnava.com\/#organization\"},\"image\":{\"@id\":\"https:\/\/fcspartaktrnava.com\/kosa-operaciu-odlozil-na-jar-bude-pripraveny\/#primaryimage\"},\"thumbnailUrl\":\"https:\/\/fcspartaktrnava.com\/wp-content\/uploads\/2023\/12\/DSC_7750.jpg\",\"articleSection\":[\"Rozhovory\"],\"inLanguage\":\"en-GB\"},{\"@type\":\"WebPage\",\"@id\":\"https:\/\/fcspartaktrnava.com\/kosa-operaciu-odlozil-na-jar-bude-pripraveny\/\",\"url\":\"https:\/\/fcspartaktrnava.com\/kosa-operaciu-odlozil-na-jar-bude-pripraveny\/\",\"name\":\"K\u00f3\u0161a oper\u00e1ciu odlo\u017eil, na jar bude pripraven\u00fd - FC Spartak Trnava\",\"isPartOf\":{\"@id\":\"https:\/\/fcspartaktrnava.com\/#website\"},\"primaryImageOfPage\":{\"@id\":\"https:\/\/fcspartaktrnava.com\/kosa-operaciu-odlozil-na-jar-bude-pripraveny\/#primaryimage\"},\"image\":{\"@id\":\"https:\/\/fcspartaktrnava.com\/kosa-operaciu-odlozil-na-jar-bude-pripraveny\/#primaryimage\"},\"thumbnailUrl\":\"https:\/\/fcspartaktrnava.com\/wp-content\/uploads\/2023\/12\/DSC_7750.jpg\",\"datePublished\":\"2024-01-24T10:17:24+00:00\",\"breadcrumb\":{\"@id\":\"https:\/\/fcspartaktrnava.com\/kosa-operaciu-odlozil-na-jar-bude-pripraveny\/#breadcrumb\"},\"inLanguage\":\"en-GB\",\"potentialAction\":[{\"@type\":\"ReadAction\",\"target\":[\"https:\/\/fcspartaktrnava.com\/kosa-operaciu-odlozil-na-jar-bude-pripraveny\/\"]}]},{\"@type\":\"ImageObject\",\"inLanguage\":\"en-GB\",\"@id\":\"https:\/\/fcspartaktrnava.com\/kosa-operaciu-odlozil-na-jar-bude-pripraveny\/#primaryimage\",\"url\":\"https:\/\/fcspartaktrnava.com\/wp-content\/uploads\/2023\/12\/DSC_7750.jpg\",\"contentUrl\":\"https:\/\/fcspartaktrnava.com\/wp-content\/uploads\/2023\/12\/DSC_7750.jpg\",\"width\":1520,\"height\":1013},{\"@type\":\"BreadcrumbList\",\"@id\":\"https:\/\/fcspartaktrnava.com\/kosa-operaciu-odlozil-na-jar-bude-pripraveny\/#breadcrumb\",\"itemListElement\":[{\"@type\":\"ListItem\",\"position\":1,\"name\":\"Home\",\"item\":\"https:\/\/fcspartaktrnava.com\/\"},{\"@type\":\"ListItem\",\"position\":2,\"name\":\"K\u00f3\u0161a oper\u00e1ciu odlo\u017eil, na jar bude pripraven\u00fd\"}]},{\"@type\":\"WebSite\",\"@id\":\"https:\/\/fcspartaktrnava.com\/#website\",\"url\":\"https:\/\/fcspartaktrnava.com\/\",\"name\":\"FC Spartak Trnava\",\"description\":\"ofici\u00e1lna webstr\u00e1nka futbalov\u00e9ho klubu\",\"publisher\":{\"@id\":\"https:\/\/fcspartaktrnava.com\/#organization\"},\"potentialAction\":[{\"@type\":\"SearchAction\",\"target\":{\"@type\":\"EntryPoint\",\"urlTemplate\":\"https:\/\/fcspartaktrnava.com\/?s={search_term_string}\"},\"query-input\":{\"@type\":\"PropertyValueSpecification\",\"valueRequired\":true,\"valueName\":\"search_term_string\"}}],\"inLanguage\":\"en-GB\"},{\"@type\":\"Organization\",\"@id\":\"https:\/\/fcspartaktrnava.com\/#organization\",\"name\":\"FC Spartak Trnava\",\"alternateName\":\"Spartak\",\"url\":\"https:\/\/fcspartaktrnava.com\/\",\"logo\":{\"@type\":\"ImageObject\",\"inLanguage\":\"en-GB\",\"@id\":\"https:\/\/fcspartaktrnava.com\/#\/schema\/logo\/image\/\",\"url\":\"https:\/\/fcspartaktrnava.com\/wp-content\/uploads\/2022\/08\/cropped-site_logo.png\",\"contentUrl\":\"https:\/\/fcspartaktrnava.com\/wp-content\/uploads\/2022\/08\/cropped-site_logo.png\",\"width\":140,\"height\":140,\"caption\":\"FC Spartak Trnava\"},\"image\":{\"@id\":\"https:\/\/fcspartaktrnava.com\/#\/schema\/logo\/image\/\"},\"sameAs\":[\"https:\/\/www.facebook.com\/SpartakTrnava\",\"https:\/\/x.com\/SpartakTrnava1\",\"https:\/\/www.instagram.com\/spartak_sk\/\"]},{\"@type\":\"Person\",\"@id\":\"https:\/\/fcspartaktrnava.com\/#\/schema\/person\/24bc5b254af14f71d7d8af178790aa75\",\"name\":\"spartak\",\"image\":{\"@type\":\"ImageObject\",\"inLanguage\":\"en-GB\",\"@id\":\"https:\/\/fcspartaktrnava.com\/#\/schema\/person\/image\/\",\"url\":\"https:\/\/secure.gravatar.com\/avatar\/f8ff8584f3fcf3909a11a6da9019f37749183b4015bca14e64556c52614cdc7f?s=96&d=mm&r=g\",\"contentUrl\":\"https:\/\/secure.gravatar.com\/avatar\/f8ff8584f3fcf3909a11a6da9019f37749183b4015bca14e64556c52614cdc7f?s=96&d=mm&r=g\",\"caption\":\"spartak\"},\"url\":\"https:\/\/fcspartaktrnava.com\/en\/author\/spartak\/\"}]}<\/script>\n<!-- \/ Yoast SEO plugin. -->","yoast_head_json":{"title":"K\u00f3\u0161a oper\u00e1ciu odlo\u017eil, na jar bude pripraven\u00fd - FC Spartak Trnava","robots":{"index":"index","follow":"follow","max-snippet":"max-snippet:-1","max-image-preview":"max-image-preview:large","max-video-preview":"max-video-preview:-1"},"canonical":"https:\/\/fcspartaktrnava.com\/en\/kosa-operaciu-odlozil-na-jar-bude-pripraveny\/","twitter_misc":{"Written by":"spartak","Estimated reading time":"3 minutes"},"schema":{"@context":"https:\/\/schema.org","@graph":[{"@type":"Article","@id":"https:\/\/fcspartaktrnava.com\/kosa-operaciu-odlozil-na-jar-bude-pripraveny\/#article","isPartOf":{"@id":"https:\/\/fcspartaktrnava.com\/kosa-operaciu-odlozil-na-jar-bude-pripraveny\/"},"author":{"name":"spartak","@id":"https:\/\/fcspartaktrnava.com\/#\/schema\/person\/24bc5b254af14f71d7d8af178790aa75"},"headline":"K\u00f3\u0161a oper\u00e1ciu odlo\u017eil, na jar bude pripraven\u00fd","datePublished":"2024-01-24T10:17:24+00:00","mainEntityOfPage":{"@id":"https:\/\/fcspartaktrnava.com\/kosa-operaciu-odlozil-na-jar-bude-pripraveny\/"},"wordCount":566,"publisher":{"@id":"https:\/\/fcspartaktrnava.com\/#organization"},"image":{"@id":"https:\/\/fcspartaktrnava.com\/kosa-operaciu-odlozil-na-jar-bude-pripraveny\/#primaryimage"},"thumbnailUrl":"https:\/\/fcspartaktrnava.com\/wp-content\/uploads\/2023\/12\/DSC_7750.jpg","articleSection":["Rozhovory"],"inLanguage":"en-GB"},{"@type":"WebPage","@id":"https:\/\/fcspartaktrnava.com\/kosa-operaciu-odlozil-na-jar-bude-pripraveny\/","url":"https:\/\/fcspartaktrnava.com\/kosa-operaciu-odlozil-na-jar-bude-pripraveny\/","name":"K\u00f3\u0161a oper\u00e1ciu odlo\u017eil, na jar bude pripraven\u00fd - FC Spartak Trnava","isPartOf":{"@id":"https:\/\/fcspartaktrnava.com\/#website"},"primaryImageOfPage":{"@id":"https:\/\/fcspartaktrnava.com\/kosa-operaciu-odlozil-na-jar-bude-pripraveny\/#primaryimage"},"image":{"@id":"https:\/\/fcspartaktrnava.com\/kosa-operaciu-odlozil-na-jar-bude-pripraveny\/#primaryimage"},"thumbnailUrl":"https:\/\/fcspartaktrnava.com\/wp-content\/uploads\/2023\/12\/DSC_7750.jpg","datePublished":"2024-01-24T10:17:24+00:00","breadcrumb":{"@id":"https:\/\/fcspartaktrnava.com\/kosa-operaciu-odlozil-na-jar-bude-pripraveny\/#breadcrumb"},"inLanguage":"en-GB","potentialAction":[{"@type":"ReadAction","target":["https:\/\/fcspartaktrnava.com\/kosa-operaciu-odlozil-na-jar-bude-pripraveny\/"]}]},{"@type":"ImageObject","inLanguage":"en-GB","@id":"https:\/\/fcspartaktrnava.com\/kosa-operaciu-odlozil-na-jar-bude-pripraveny\/#primaryimage","url":"https:\/\/fcspartaktrnava.com\/wp-content\/uploads\/2023\/12\/DSC_7750.jpg","contentUrl":"https:\/\/fcspartaktrnava.com\/wp-content\/uploads\/2023\/12\/DSC_7750.jpg","width":1520,"height":1013},{"@type":"BreadcrumbList","@id":"https:\/\/fcspartaktrnava.com\/kosa-operaciu-odlozil-na-jar-bude-pripraveny\/#breadcrumb","itemListElement":[{"@type":"ListItem","position":1,"name":"Home","item":"https:\/\/fcspartaktrnava.com\/"},{"@type":"ListItem","position":2,"name":"K\u00f3\u0161a oper\u00e1ciu odlo\u017eil, na jar bude pripraven\u00fd"}]},{"@type":"WebSite","@id":"https:\/\/fcspartaktrnava.com\/#website","url":"https:\/\/fcspartaktrnava.com\/","name":"FC Spartak Trnava","description":"ofici\u00e1lna webstr\u00e1nka futbalov\u00e9ho klubu","publisher":{"@id":"https:\/\/fcspartaktrnava.com\/#organization"},"potentialAction":[{"@type":"SearchAction","target":{"@type":"EntryPoint","urlTemplate":"https:\/\/fcspartaktrnava.com\/?s={search_term_string}"},"query-input":{"@type":"PropertyValueSpecification","valueRequired":true,"valueName":"search_term_string"}}],"inLanguage":"en-GB"},{"@type":"Organization","@id":"https:\/\/fcspartaktrnava.com\/#organization","name":"FC Spartak Trnava","alternateName":"Spartak","url":"https:\/\/fcspartaktrnava.com\/","logo":{"@type":"ImageObject","inLanguage":"en-GB","@id":"https:\/\/fcspartaktrnava.com\/#\/schema\/logo\/image\/","url":"https:\/\/fcspartaktrnava.com\/wp-content\/uploads\/2022\/08\/cropped-site_logo.png","contentUrl":"https:\/\/fcspartaktrnava.com\/wp-content\/uploads\/2022\/08\/cropped-site_logo.png","width":140,"height":140,"caption":"FC Spartak Trnava"},"image":{"@id":"https:\/\/fcspartaktrnava.com\/#\/schema\/logo\/image\/"},"sameAs":["https:\/\/www.facebook.com\/SpartakTrnava","https:\/\/x.com\/SpartakTrnava1","https:\/\/www.instagram.com\/spartak_sk\/"]},{"@type":"Person","@id":"https:\/\/fcspartaktrnava.com\/#\/schema\/person\/24bc5b254af14f71d7d8af178790aa75","name":"spartak","image":{"@type":"ImageObject","inLanguage":"en-GB","@id":"https:\/\/fcspartaktrnava.com\/#\/schema\/person\/image\/","url":"https:\/\/secure.gravatar.com\/avatar\/f8ff8584f3fcf3909a11a6da9019f37749183b4015bca14e64556c52614cdc7f?s=96&d=mm&r=g","contentUrl":"https:\/\/secure.gravatar.com\/avatar\/f8ff8584f3fcf3909a11a6da9019f37749183b4015bca14e64556c52614cdc7f?s=96&d=mm&r=g","caption":"spartak"},"url":"https:\/\/fcspartaktrnava.com\/en\/author\/spartak\/"}]}},"_links":{"self":[{"href":"https:\/\/fcspartaktrnava.com\/en\/wp-json\/wp\/v2\/posts\/14160","targetHints":{"allow":["GET"]}}],"collection":[{"href":"https:\/\/fcspartaktrnava.com\/en\/wp-json\/wp\/v2\/posts"}],"about":[{"href":"https:\/\/fcspartaktrnava.com\/en\/wp-json\/wp\/v2\/types\/post"}],"author":[{"embeddable":true,"href":"https:\/\/fcspartaktrnava.com\/en\/wp-json\/wp\/v2\/users\/2"}],"replies":[{"embeddable":true,"href":"https:\/\/fcspartaktrnava.com\/en\/wp-json\/wp\/v2\/comments?post=14160"}],"version-history":[{"count":0,"href":"https:\/\/fcspartaktrnava.com\/en\/wp-json\/wp\/v2\/posts\/14160\/revisions"}],"wp:featuredmedia":[{"embeddable":true,"href":"https:\/\/fcspartaktrnava.com\/en\/wp-json\/wp\/v2\/media\/13191"}],"wp:attachment":[{"href":"https:\/\/fcspartaktrnava.com\/en\/wp-json\/wp\/v2\/media?parent=14160"}],"wp:term":[{"taxonomy":"category","embeddable":true,"href":"https:\/\/fcspartaktrnava.com\/en\/wp-json\/wp\/v2\/categories?post=14160"},{"taxonomy":"post_tag","embeddable":true,"href":"https:\/\/fcspartaktrnava.com\/en\/wp-json\/wp\/v2\/tags?post=14160"}],"curies":[{"name":"wp","href":"https:\/\/api.w.org\/{rel}","templated":true}]}}