{"id":14041,"date":"2024-01-22T15:21:59","date_gmt":"2024-01-22T13:21:59","guid":{"rendered":"https:\/\/fcspartaktrnava.com\/?p=14041"},"modified":"2024-01-22T17:38:40","modified_gmt":"2024-01-22T15:38:40","slug":"vstup-na-generalku-exkluzivne-len-pre-permanentkarov-a-clenov-rodziny-zdarma","status":"publish","type":"post","link":"https:\/\/fcspartaktrnava.com\/en\/vstup-na-generalku-exkluzivne-len-pre-permanentkarov-a-clenov-rodziny-zdarma\/","title":{"rendered":"Vstup na gener\u00e1lku exkluz\u00edvne len pre permanentk\u00e1rov a\u00a0\u010dlenov RODZINY zdarma"},"content":{"rendered":"<p>V\u00fdprava futbalistov Spartaka Trnava sa v\u010dera vr\u00e1tila z&nbsp;dvojt\u00fd\u017ed\u0148ov\u00e9ho pobytu na Malte, v&nbsp;r\u00e1mci ktor\u00e9ho sa klub z\u00fa\u010dastnil aj na turnaji Tipsport Malta Cup. Trnav\u010dania odohrali 3 duely a&nbsp;pred ostr\u00fdm jarn\u00fdm \u0161tartom (3. 2. z\u00e1pas Slovnaft cupu v&nbsp;Ko\u0161iciach) ich \u010dak\u00e1 u\u017e iba jeden pr\u00edpravn\u00fd z\u00e1pas.<\/p>\n\n\n\n<p>V\u00a0sobotu priv\u00edta Spartak Trnava na \u0160tadi\u00f3ne Antona Malatinsk\u00e9ho 4. celok rak\u00faskej bundesligy z\u00a0Hartbergu. Z\u00e1pas sa za\u010d\u00edna od 13. hodiny a\u00a0vstup na \u0161tadi\u00f3n bud\u00fa ma\u0165 exkluz\u00edvne iba majitelia permanentn\u00fdch vstupeniek na aktu\u00e1lnu sez\u00f3nu a\u00a0\u010dlenovia RODZINY. Vo\u013en\u00fd vstupna z\u00e1pasy bud\u00fa ma\u0165 aj organizovan\u00e9 skupiny det\u00ed a deti v sprievode mami\u010dky za zvy\u010dajn\u00fdch podmienok uveden\u00fdch na str\u00e1nke <a href=\"https:\/\/fcspartaktrnava.com\/en\/deti-zadarmo-1\/\" target=\"_blank\" rel=\"noreferrer noopener\">https:\/\/fcspartaktrnava.com\/deti-zadarmo-1\/<\/a><\/p>\n\n\n\n<p>V\u0161etci fan\u00fa\u0161ikovia bud\u00fa vo VIP sektoroch na v\u00fdchodnej trib\u00fane, kde bude pripraven\u00fd aj interi\u00e9rov\u00fd bufet. Vchod na \u0161tadi\u00f3n bude cez vstup H, kde sa bude treba preuk\u00e1za\u0165 permanentkou alebo kartou RODZINY, bu\u010f plastovou alebo v&nbsp;telef\u00f3ne. \u0160tadi\u00f3n sa pre fan\u00fa\u0161ikov otv\u00e1ra o&nbsp;12. hodine a vstup na z\u00e1pas je vo\u013en\u00fd.<\/p>\n\n\n<div class=\"wp-block-image\">\n<figure class=\"aligncenter size-large\"><img loading=\"lazy\" decoding=\"async\" width=\"819\" height=\"1024\" src=\"https:\/\/fcspartaktrnava.com\/wp-content\/uploads\/2024\/01\/hartberg-819x1024.jpeg\" alt=\"\" class=\"wp-image-14042\" srcset=\"https:\/\/fcspartaktrnava.com\/wp-content\/uploads\/2024\/01\/hartberg-819x1024.jpeg 819w, https:\/\/fcspartaktrnava.com\/wp-content\/uploads\/2024\/01\/hartberg-240x300.jpeg 240w, https:\/\/fcspartaktrnava.com\/wp-content\/uploads\/2024\/01\/hartberg-768x960.jpeg 768w, https:\/\/fcspartaktrnava.com\/wp-content\/uploads\/2024\/01\/hartberg-10x12.jpeg 10w, https:\/\/fcspartaktrnava.com\/wp-content\/uploads\/2024\/01\/hartberg.jpeg 1080w\" sizes=\"auto, (max-width: 819px) 100vw, 819px\" \/><\/figure>\n<\/div>","protected":false},"excerpt":{"rendered":"<p>V\u00fdprava futbalistov Spartaka Trnava sa v\u010dera vr\u00e1tila z&nbsp;dvojt\u00fd\u017ed\u0148ov\u00e9ho&#8230;<\/p>","protected":false},"author":2,"featured_media":14043,"comment_status":"closed","ping_status":"closed","sticky":false,"template":"","format":"standard","meta":{"footnotes":""},"categories":[20],"tags":[],"class_list":["post-14041","post","type-post","status-publish","format-standard","has-post-thumbnail","hentry","category-zapas","post-number-1"],"yoast_head":"<!-- This site is optimized with the Yoast SEO plugin v27.1.1 - https:\/\/yoast.com\/product\/yoast-seo-wordpress\/ -->\n<title>Vstup na gener\u00e1lku exkluz\u00edvne len pre permanentk\u00e1rov a\u00a0\u010dlenov RODZINY zdarma - FC Spartak Trnava<\/title>\n<meta name=\"robots\" content=\"index, follow, max-snippet:-1, max-image-preview:large, max-video-preview:-1\" \/>\n<link rel=\"canonical\" href=\"https:\/\/fcspartaktrnava.com\/en\/vstup-na-generalku-exkluzivne-len-pre-permanentkarov-a-clenov-rodziny-zdarma\/\" \/>\n<meta name=\"twitter:label1\" content=\"Written by\" \/>\n\t<meta name=\"twitter:data1\" content=\"spartak\" \/>\n\t<meta name=\"twitter:label2\" content=\"Estimated reading time\" \/>\n\t<meta name=\"twitter:data2\" content=\"2 minutes\" \/>\n<script type=\"application\/ld+json\" class=\"yoast-schema-graph\">{\"@context\":\"https:\/\/schema.org\",\"@graph\":[{\"@type\":\"Article\",\"@id\":\"https:\/\/fcspartaktrnava.com\/vstup-na-generalku-exkluzivne-len-pre-permanentkarov-a-clenov-rodziny-zdarma\/#article\",\"isPartOf\":{\"@id\":\"https:\/\/fcspartaktrnava.com\/vstup-na-generalku-exkluzivne-len-pre-permanentkarov-a-clenov-rodziny-zdarma\/\"},\"author\":{\"name\":\"spartak\",\"@id\":\"https:\/\/fcspartaktrnava.com\/#\/schema\/person\/24bc5b254af14f71d7d8af178790aa75\"},\"headline\":\"Vstup na gener\u00e1lku exkluz\u00edvne len pre permanentk\u00e1rov a\u00a0\u010dlenov RODZINY zdarma\",\"datePublished\":\"2024-01-22T13:21:59+00:00\",\"dateModified\":\"2024-01-22T15:38:40+00:00\",\"mainEntityOfPage\":{\"@id\":\"https:\/\/fcspartaktrnava.com\/vstup-na-generalku-exkluzivne-len-pre-permanentkarov-a-clenov-rodziny-zdarma\/\"},\"wordCount\":220,\"publisher\":{\"@id\":\"https:\/\/fcspartaktrnava.com\/#organization\"},\"image\":{\"@id\":\"https:\/\/fcspartaktrnava.com\/vstup-na-generalku-exkluzivne-len-pre-permanentkarov-a-clenov-rodziny-zdarma\/#primaryimage\"},\"thumbnailUrl\":\"https:\/\/fcspartaktrnava.com\/wp-content\/uploads\/2024\/01\/WhatsApp-Image-2024-01-22-at-14.19.10.jpeg\",\"articleSection\":[\"Z\u00e1pas\"],\"inLanguage\":\"en-GB\"},{\"@type\":\"WebPage\",\"@id\":\"https:\/\/fcspartaktrnava.com\/vstup-na-generalku-exkluzivne-len-pre-permanentkarov-a-clenov-rodziny-zdarma\/\",\"url\":\"https:\/\/fcspartaktrnava.com\/vstup-na-generalku-exkluzivne-len-pre-permanentkarov-a-clenov-rodziny-zdarma\/\",\"name\":\"Vstup na gener\u00e1lku exkluz\u00edvne len pre permanentk\u00e1rov a\u00a0\u010dlenov RODZINY zdarma - FC Spartak Trnava\",\"isPartOf\":{\"@id\":\"https:\/\/fcspartaktrnava.com\/#website\"},\"primaryImageOfPage\":{\"@id\":\"https:\/\/fcspartaktrnava.com\/vstup-na-generalku-exkluzivne-len-pre-permanentkarov-a-clenov-rodziny-zdarma\/#primaryimage\"},\"image\":{\"@id\":\"https:\/\/fcspartaktrnava.com\/vstup-na-generalku-exkluzivne-len-pre-permanentkarov-a-clenov-rodziny-zdarma\/#primaryimage\"},\"thumbnailUrl\":\"https:\/\/fcspartaktrnava.com\/wp-content\/uploads\/2024\/01\/WhatsApp-Image-2024-01-22-at-14.19.10.jpeg\",\"datePublished\":\"2024-01-22T13:21:59+00:00\",\"dateModified\":\"2024-01-22T15:38:40+00:00\",\"breadcrumb\":{\"@id\":\"https:\/\/fcspartaktrnava.com\/vstup-na-generalku-exkluzivne-len-pre-permanentkarov-a-clenov-rodziny-zdarma\/#breadcrumb\"},\"inLanguage\":\"en-GB\",\"potentialAction\":[{\"@type\":\"ReadAction\",\"target\":[\"https:\/\/fcspartaktrnava.com\/vstup-na-generalku-exkluzivne-len-pre-permanentkarov-a-clenov-rodziny-zdarma\/\"]}]},{\"@type\":\"ImageObject\",\"inLanguage\":\"en-GB\",\"@id\":\"https:\/\/fcspartaktrnava.com\/vstup-na-generalku-exkluzivne-len-pre-permanentkarov-a-clenov-rodziny-zdarma\/#primaryimage\",\"url\":\"https:\/\/fcspartaktrnava.com\/wp-content\/uploads\/2024\/01\/WhatsApp-Image-2024-01-22-at-14.19.10.jpeg\",\"contentUrl\":\"https:\/\/fcspartaktrnava.com\/wp-content\/uploads\/2024\/01\/WhatsApp-Image-2024-01-22-at-14.19.10.jpeg\",\"width\":1600,\"height\":1066},{\"@type\":\"BreadcrumbList\",\"@id\":\"https:\/\/fcspartaktrnava.com\/vstup-na-generalku-exkluzivne-len-pre-permanentkarov-a-clenov-rodziny-zdarma\/#breadcrumb\",\"itemListElement\":[{\"@type\":\"ListItem\",\"position\":1,\"name\":\"Home\",\"item\":\"https:\/\/fcspartaktrnava.com\/\"},{\"@type\":\"ListItem\",\"position\":2,\"name\":\"Vstup na gener\u00e1lku exkluz\u00edvne len pre permanentk\u00e1rov a\u00a0\u010dlenov RODZINY zdarma\"}]},{\"@type\":\"WebSite\",\"@id\":\"https:\/\/fcspartaktrnava.com\/#website\",\"url\":\"https:\/\/fcspartaktrnava.com\/\",\"name\":\"FC Spartak Trnava\",\"description\":\"ofici\u00e1lna webstr\u00e1nka futbalov\u00e9ho klubu\",\"publisher\":{\"@id\":\"https:\/\/fcspartaktrnava.com\/#organization\"},\"potentialAction\":[{\"@type\":\"SearchAction\",\"target\":{\"@type\":\"EntryPoint\",\"urlTemplate\":\"https:\/\/fcspartaktrnava.com\/?s={search_term_string}\"},\"query-input\":{\"@type\":\"PropertyValueSpecification\",\"valueRequired\":true,\"valueName\":\"search_term_string\"}}],\"inLanguage\":\"en-GB\"},{\"@type\":\"Organization\",\"@id\":\"https:\/\/fcspartaktrnava.com\/#organization\",\"name\":\"FC Spartak Trnava\",\"alternateName\":\"Spartak\",\"url\":\"https:\/\/fcspartaktrnava.com\/\",\"logo\":{\"@type\":\"ImageObject\",\"inLanguage\":\"en-GB\",\"@id\":\"https:\/\/fcspartaktrnava.com\/#\/schema\/logo\/image\/\",\"url\":\"https:\/\/fcspartaktrnava.com\/wp-content\/uploads\/2022\/08\/cropped-site_logo.png\",\"contentUrl\":\"https:\/\/fcspartaktrnava.com\/wp-content\/uploads\/2022\/08\/cropped-site_logo.png\",\"width\":140,\"height\":140,\"caption\":\"FC Spartak Trnava\"},\"image\":{\"@id\":\"https:\/\/fcspartaktrnava.com\/#\/schema\/logo\/image\/\"},\"sameAs\":[\"https:\/\/www.facebook.com\/SpartakTrnava\",\"https:\/\/x.com\/SpartakTrnava1\",\"https:\/\/www.instagram.com\/spartak_sk\/\"]},{\"@type\":\"Person\",\"@id\":\"https:\/\/fcspartaktrnava.com\/#\/schema\/person\/24bc5b254af14f71d7d8af178790aa75\",\"name\":\"spartak\",\"image\":{\"@type\":\"ImageObject\",\"inLanguage\":\"en-GB\",\"@id\":\"https:\/\/fcspartaktrnava.com\/#\/schema\/person\/image\/\",\"url\":\"https:\/\/secure.gravatar.com\/avatar\/f8ff8584f3fcf3909a11a6da9019f37749183b4015bca14e64556c52614cdc7f?s=96&d=mm&r=g\",\"contentUrl\":\"https:\/\/secure.gravatar.com\/avatar\/f8ff8584f3fcf3909a11a6da9019f37749183b4015bca14e64556c52614cdc7f?s=96&d=mm&r=g\",\"caption\":\"spartak\"},\"url\":\"https:\/\/fcspartaktrnava.com\/en\/author\/spartak\/\"}]}<\/script>\n<!-- \/ Yoast SEO plugin. -->","yoast_head_json":{"title":"Vstup na gener\u00e1lku exkluz\u00edvne len pre permanentk\u00e1rov a\u00a0\u010dlenov RODZINY zdarma - FC Spartak Trnava","robots":{"index":"index","follow":"follow","max-snippet":"max-snippet:-1","max-image-preview":"max-image-preview:large","max-video-preview":"max-video-preview:-1"},"canonical":"https:\/\/fcspartaktrnava.com\/en\/vstup-na-generalku-exkluzivne-len-pre-permanentkarov-a-clenov-rodziny-zdarma\/","twitter_misc":{"Written by":"spartak","Estimated reading time":"2 minutes"},"schema":{"@context":"https:\/\/schema.org","@graph":[{"@type":"Article","@id":"https:\/\/fcspartaktrnava.com\/vstup-na-generalku-exkluzivne-len-pre-permanentkarov-a-clenov-rodziny-zdarma\/#article","isPartOf":{"@id":"https:\/\/fcspartaktrnava.com\/vstup-na-generalku-exkluzivne-len-pre-permanentkarov-a-clenov-rodziny-zdarma\/"},"author":{"name":"spartak","@id":"https:\/\/fcspartaktrnava.com\/#\/schema\/person\/24bc5b254af14f71d7d8af178790aa75"},"headline":"Vstup na gener\u00e1lku exkluz\u00edvne len pre permanentk\u00e1rov a\u00a0\u010dlenov RODZINY zdarma","datePublished":"2024-01-22T13:21:59+00:00","dateModified":"2024-01-22T15:38:40+00:00","mainEntityOfPage":{"@id":"https:\/\/fcspartaktrnava.com\/vstup-na-generalku-exkluzivne-len-pre-permanentkarov-a-clenov-rodziny-zdarma\/"},"wordCount":220,"publisher":{"@id":"https:\/\/fcspartaktrnava.com\/#organization"},"image":{"@id":"https:\/\/fcspartaktrnava.com\/vstup-na-generalku-exkluzivne-len-pre-permanentkarov-a-clenov-rodziny-zdarma\/#primaryimage"},"thumbnailUrl":"https:\/\/fcspartaktrnava.com\/wp-content\/uploads\/2024\/01\/WhatsApp-Image-2024-01-22-at-14.19.10.jpeg","articleSection":["Z\u00e1pas"],"inLanguage":"en-GB"},{"@type":"WebPage","@id":"https:\/\/fcspartaktrnava.com\/vstup-na-generalku-exkluzivne-len-pre-permanentkarov-a-clenov-rodziny-zdarma\/","url":"https:\/\/fcspartaktrnava.com\/vstup-na-generalku-exkluzivne-len-pre-permanentkarov-a-clenov-rodziny-zdarma\/","name":"Vstup na gener\u00e1lku exkluz\u00edvne len pre permanentk\u00e1rov a\u00a0\u010dlenov RODZINY zdarma - FC Spartak Trnava","isPartOf":{"@id":"https:\/\/fcspartaktrnava.com\/#website"},"primaryImageOfPage":{"@id":"https:\/\/fcspartaktrnava.com\/vstup-na-generalku-exkluzivne-len-pre-permanentkarov-a-clenov-rodziny-zdarma\/#primaryimage"},"image":{"@id":"https:\/\/fcspartaktrnava.com\/vstup-na-generalku-exkluzivne-len-pre-permanentkarov-a-clenov-rodziny-zdarma\/#primaryimage"},"thumbnailUrl":"https:\/\/fcspartaktrnava.com\/wp-content\/uploads\/2024\/01\/WhatsApp-Image-2024-01-22-at-14.19.10.jpeg","datePublished":"2024-01-22T13:21:59+00:00","dateModified":"2024-01-22T15:38:40+00:00","breadcrumb":{"@id":"https:\/\/fcspartaktrnava.com\/vstup-na-generalku-exkluzivne-len-pre-permanentkarov-a-clenov-rodziny-zdarma\/#breadcrumb"},"inLanguage":"en-GB","potentialAction":[{"@type":"ReadAction","target":["https:\/\/fcspartaktrnava.com\/vstup-na-generalku-exkluzivne-len-pre-permanentkarov-a-clenov-rodziny-zdarma\/"]}]},{"@type":"ImageObject","inLanguage":"en-GB","@id":"https:\/\/fcspartaktrnava.com\/vstup-na-generalku-exkluzivne-len-pre-permanentkarov-a-clenov-rodziny-zdarma\/#primaryimage","url":"https:\/\/fcspartaktrnava.com\/wp-content\/uploads\/2024\/01\/WhatsApp-Image-2024-01-22-at-14.19.10.jpeg","contentUrl":"https:\/\/fcspartaktrnava.com\/wp-content\/uploads\/2024\/01\/WhatsApp-Image-2024-01-22-at-14.19.10.jpeg","width":1600,"height":1066},{"@type":"BreadcrumbList","@id":"https:\/\/fcspartaktrnava.com\/vstup-na-generalku-exkluzivne-len-pre-permanentkarov-a-clenov-rodziny-zdarma\/#breadcrumb","itemListElement":[{"@type":"ListItem","position":1,"name":"Home","item":"https:\/\/fcspartaktrnava.com\/"},{"@type":"ListItem","position":2,"name":"Vstup na gener\u00e1lku exkluz\u00edvne len pre permanentk\u00e1rov a\u00a0\u010dlenov RODZINY zdarma"}]},{"@type":"WebSite","@id":"https:\/\/fcspartaktrnava.com\/#website","url":"https:\/\/fcspartaktrnava.com\/","name":"FC Spartak Trnava","description":"ofici\u00e1lna webstr\u00e1nka futbalov\u00e9ho klubu","publisher":{"@id":"https:\/\/fcspartaktrnava.com\/#organization"},"potentialAction":[{"@type":"SearchAction","target":{"@type":"EntryPoint","urlTemplate":"https:\/\/fcspartaktrnava.com\/?s={search_term_string}"},"query-input":{"@type":"PropertyValueSpecification","valueRequired":true,"valueName":"search_term_string"}}],"inLanguage":"en-GB"},{"@type":"Organization","@id":"https:\/\/fcspartaktrnava.com\/#organization","name":"FC Spartak Trnava","alternateName":"Spartak","url":"https:\/\/fcspartaktrnava.com\/","logo":{"@type":"ImageObject","inLanguage":"en-GB","@id":"https:\/\/fcspartaktrnava.com\/#\/schema\/logo\/image\/","url":"https:\/\/fcspartaktrnava.com\/wp-content\/uploads\/2022\/08\/cropped-site_logo.png","contentUrl":"https:\/\/fcspartaktrnava.com\/wp-content\/uploads\/2022\/08\/cropped-site_logo.png","width":140,"height":140,"caption":"FC Spartak Trnava"},"image":{"@id":"https:\/\/fcspartaktrnava.com\/#\/schema\/logo\/image\/"},"sameAs":["https:\/\/www.facebook.com\/SpartakTrnava","https:\/\/x.com\/SpartakTrnava1","https:\/\/www.instagram.com\/spartak_sk\/"]},{"@type":"Person","@id":"https:\/\/fcspartaktrnava.com\/#\/schema\/person\/24bc5b254af14f71d7d8af178790aa75","name":"spartak","image":{"@type":"ImageObject","inLanguage":"en-GB","@id":"https:\/\/fcspartaktrnava.com\/#\/schema\/person\/image\/","url":"https:\/\/secure.gravatar.com\/avatar\/f8ff8584f3fcf3909a11a6da9019f37749183b4015bca14e64556c52614cdc7f?s=96&d=mm&r=g","contentUrl":"https:\/\/secure.gravatar.com\/avatar\/f8ff8584f3fcf3909a11a6da9019f37749183b4015bca14e64556c52614cdc7f?s=96&d=mm&r=g","caption":"spartak"},"url":"https:\/\/fcspartaktrnava.com\/en\/author\/spartak\/"}]}},"_links":{"self":[{"href":"https:\/\/fcspartaktrnava.com\/en\/wp-json\/wp\/v2\/posts\/14041","targetHints":{"allow":["GET"]}}],"collection":[{"href":"https:\/\/fcspartaktrnava.com\/en\/wp-json\/wp\/v2\/posts"}],"about":[{"href":"https:\/\/fcspartaktrnava.com\/en\/wp-json\/wp\/v2\/types\/post"}],"author":[{"embeddable":true,"href":"https:\/\/fcspartaktrnava.com\/en\/wp-json\/wp\/v2\/users\/2"}],"replies":[{"embeddable":true,"href":"https:\/\/fcspartaktrnava.com\/en\/wp-json\/wp\/v2\/comments?post=14041"}],"version-history":[{"count":0,"href":"https:\/\/fcspartaktrnava.com\/en\/wp-json\/wp\/v2\/posts\/14041\/revisions"}],"wp:featuredmedia":[{"embeddable":true,"href":"https:\/\/fcspartaktrnava.com\/en\/wp-json\/wp\/v2\/media\/14043"}],"wp:attachment":[{"href":"https:\/\/fcspartaktrnava.com\/en\/wp-json\/wp\/v2\/media?parent=14041"}],"wp:term":[{"taxonomy":"category","embeddable":true,"href":"https:\/\/fcspartaktrnava.com\/en\/wp-json\/wp\/v2\/categories?post=14041"},{"taxonomy":"post_tag","embeddable":true,"href":"https:\/\/fcspartaktrnava.com\/en\/wp-json\/wp\/v2\/tags?post=14041"}],"curies":[{"name":"wp","href":"https:\/\/api.w.org\/{rel}","templated":true}]}}