{"id":13593,"date":"2024-01-10T22:54:02","date_gmt":"2024-01-10T20:54:02","guid":{"rendered":"https:\/\/fcspartaktrnava.com\/?p=13593"},"modified":"2024-01-11T08:05:30","modified_gmt":"2024-01-11T06:05:30","slug":"spartak-na-uvod-bez-golu","status":"publish","type":"post","link":"https:\/\/fcspartaktrnava.com\/en\/spartak-na-uvod-bez-golu\/","title":{"rendered":"Spartak na \u00favod bez g\u00f3lu"},"content":{"rendered":"<div class=\"wp-block-group\"><div class=\"wp-block-group__inner-container is-layout-flow wp-block-group-is-layout-flow\">\n<p class=\"has-text-align-center\" style=\"font-size:16px\">\u0160tadi\u00f3n Ta Qali, Tipsport Malta Cup, 1. kolo, 10. 1. 2024 o 20:00<\/p>\n\n\n\n<p class=\"has-text-align-center has-large-font-size\">FC SPARTAK TRNAVA<br>SIGMA OLOMOUC<\/p>\n\n\n\n<p class=\"has-text-align-center has-x-large-font-size\" style=\"font-style:normal;font-weight:600\">0:2<\/p>\n\n\n\n<div class=\"wp-block-group has-black-color has-text-color has-background\" style=\"background-color:#e2e7ec\"><div class=\"wp-block-group__inner-container is-layout-flow wp-block-group-is-layout-flow\">\n<p><strong>TRNAVA<\/strong>:<\/p>\n\n\n\n<p>1. pol\u010das: Vantruba \u2013 Ko\u0161trna, Karhan, \u0189uri\u010d, Mikovi\u010d \u2013 Daniel, Bainovi\u010d, Zeljkovi\u010d, Krizmani\u010d, Bern\u00e1t \u2013 Djuri\u010din<\/p>\n\n\n\n<p>2. pol\u010das: Rusov \u2013 \u0160ulek, Ujlaky, Gorosito, Breznik \u2013 Ofori, Proch\u00e1zka, Bukata, Oseni, Burke &#8211; Paur<\/p>\n\n\n\n<p><strong>OLOMOUC<\/strong><\/p>\n\n\n\n<p>1. pol\u010das: Stoppen \u2013 Elbel, Breite, Zorvan, K\u0159i\u0161\u0165\u00e1l, Posp\u00ed\u0161il, Singhateh (32. Fiala), Bene\u0161, Pokorn\u00fd, Forteln\u00fd, Nov\u00e1k<\/p>\n\n\n\n<p>2. pol\u010das: Stoppen \u2013 Amasi, Sl\u00e1ma, R\u016fsek, Dele, Fiala (60. Zif\u010d\u00e1k), Vra\u0161til, Chv\u00e1ta, Vent\u00fara, Matys, Langer, Vodh\u00e1n\u011bl &nbsp;<\/p>\n\n\n\n<p><strong>Goals<\/strong>: 36. Zorvan (P), 46. Amasi<\/p>\n\n\n\n<p><strong>Pol\u010das<\/strong>: 0:1<\/p>\n<\/div><\/div>\n<\/div><\/div>\n\n\n\n<figure class=\"wp-block-image size-large\"><img loading=\"lazy\" decoding=\"async\" width=\"1024\" height=\"173\" src=\"https:\/\/fcspartaktrnava.com\/wp-content\/uploads\/2024\/01\/1a0c041164b0c50aa957f357edc19b6e-1024x173.webp\" alt=\"\" class=\"wp-image-13579\" srcset=\"https:\/\/fcspartaktrnava.com\/wp-content\/uploads\/2024\/01\/1a0c041164b0c50aa957f357edc19b6e-1024x173.webp 1024w, https:\/\/fcspartaktrnava.com\/wp-content\/uploads\/2024\/01\/1a0c041164b0c50aa957f357edc19b6e-300x51.webp 300w, https:\/\/fcspartaktrnava.com\/wp-content\/uploads\/2024\/01\/1a0c041164b0c50aa957f357edc19b6e-768x130.webp 768w, https:\/\/fcspartaktrnava.com\/wp-content\/uploads\/2024\/01\/1a0c041164b0c50aa957f357edc19b6e-1536x259.webp 1536w, https:\/\/fcspartaktrnava.com\/wp-content\/uploads\/2024\/01\/1a0c041164b0c50aa957f357edc19b6e-18x3.webp 18w, https:\/\/fcspartaktrnava.com\/wp-content\/uploads\/2024\/01\/1a0c041164b0c50aa957f357edc19b6e.webp 1712w\" sizes=\"auto, (max-width: 1024px) 100vw, 1024px\" \/><\/figure>\n\n\n\n<p>Vstup do prv\u00e9ho z\u00e1pasu mal lep\u0161\u00ed Olomouc, ale prv\u00fa \u0161ancu a&nbsp;hne\u010f tutovku mal Spartak. V&nbsp;14. min posadil Erik Daniel z&nbsp;prav\u00e9ho kr\u00eddla presn\u00fd center na hlavu rozbehnut\u00e9ho Bainovi\u010da, ktor\u00fd v\u0161ak trafil do miest, kde st\u00e1l Stoppen a&nbsp;s&nbsp;n\u00e1mahou loptu vytla\u010dil pred \u010diaru.<\/p>\n\n\n\n<p>Na konci 25. min vystihol Singhateh chybn\u00fa rozohr\u00e1vku Mikovi\u010da dozadu, postupoval z&nbsp;pravej strany na Vantrubu, tvrdo vyp\u00e1lil, ale trnavsk\u00fd g\u00f3lman jeho strelu vyrazil. \u010eal\u0161iu chybu vyrobil v&nbsp;35. min \u0189uri\u010d, ktor\u00fd nielen\u017ee nezachytil prihr\u00e1vku na Fialu, ale e\u0161te ho aj v&nbsp;\u0161estn\u00e1stke okato fauloval a&nbsp;rozhodca nariadil penaltu. T\u00fa si postavil Zorvan a&nbsp;hoci Vatrubovi nech\u00fdbalo ve\u013ea, aby ju chytil, lopta pre\u0161la do siete.<\/p>\n\n\n\n<p>Vyrovna\u0165 mohol o\u00a0p\u00e4\u0165 min\u00fat nesk\u00f4r Karhan, ke\u010f v\u00a0\u0161estn\u00e1stke v\u00fdborne spracoval prudk\u00fa prihr\u00e1vku Daniela, druh\u00fdm dotykom z\u00a0oto\u010dky dobre vystrelil, ale znova len presne do brank\u00e1ra. Vz\u00e1p\u00e4t\u00ed po osi Bern\u00e1t, Krizmani\u010d zakon\u010doval Djuri\u010d, ale len do obrancu, ktor\u00fd mu skr\u00ed\u017eil cestu. Prv\u00fd pol\u010das zakon\u010dila hlavi\u010dka Bern\u00e1ta, ktor\u00e1 sa nezmestila medzi ty\u010dky.<\/p>\n\n\n\n<figure class=\"wp-block-image size-large\"><img loading=\"lazy\" decoding=\"async\" width=\"1024\" height=\"683\" src=\"https:\/\/fcspartaktrnava.com\/wp-content\/uploads\/2024\/01\/0M7A2297-1024x683.jpg\" alt=\"\" class=\"wp-image-13595\" srcset=\"https:\/\/fcspartaktrnava.com\/wp-content\/uploads\/2024\/01\/0M7A2297-1024x683.jpg 1024w, https:\/\/fcspartaktrnava.com\/wp-content\/uploads\/2024\/01\/0M7A2297-300x200.jpg 300w, https:\/\/fcspartaktrnava.com\/wp-content\/uploads\/2024\/01\/0M7A2297-768x512.jpg 768w, https:\/\/fcspartaktrnava.com\/wp-content\/uploads\/2024\/01\/0M7A2297-1536x1024.jpg 1536w, https:\/\/fcspartaktrnava.com\/wp-content\/uploads\/2024\/01\/0M7A2297-2048x1365.jpg 2048w, https:\/\/fcspartaktrnava.com\/wp-content\/uploads\/2024\/01\/0M7A2297-18x12.jpg 18w\" sizes=\"auto, (max-width: 1024px) 100vw, 1024px\" \/><figcaption class=\"wp-element-caption\">Photos: \u00a0Domenic Aquilina<\/figcaption><\/figure>\n\n\n\n<p>Spartak neza\u010dal dobre druh\u00fd pol\u010das, ke\u010f hne\u010f z&nbsp;prvej akcie op\u00e4\u0165 inkasoval. Z&nbsp;oto\u010dky sa presadil Amasi, ktor\u00e9ho strelu te\u010doval ponad Rusova Ujlaky. Hne\u010f kr\u00e1tko nato sa ocitol vo\u013en\u00fd za obranou Vent\u00fara, ale v&nbsp;dobrej pr\u00edle\u017eitosti netrafil br\u00e1nku.<\/p>\n\n\n\n<p>Ofori potom vysunul Paura, ktor\u00fd sk\u00fasil z&nbsp;uhla bez pr\u00edpravy prekvapi\u0165 Stoppena, ale ten jeho strelu vyrazil. Po hodine hry Paur vybojoval na polovicu ihriska loptu pre Oseniho, ktor\u00fd ju potiahol, na\u0161iel rozbehnut\u00e9ho Burka, ten dobre vyp\u00e1lil, ale znova sa vyznamenal Stoppen.<\/p>\n\n\n\n<p>Burke sa blysol individu\u00e1lnou akciou v\u00a070. min, ke\u010f vy\u0161kolil v\u00a0\u0161estn\u00e1stke Matysa, ocitol sa s\u00edm pred Stoppenom, ale trafil iba do ty\u010dky bezmocn\u00e9ho brank\u00e1ra. V\u00a084. min Oseni na\u0161iel na zadnej ty\u010dke vo\u013en\u00e9ho \u0160uleka, ale tomu volej v\u00f4bec nesadol a\u00a0netrafil br\u00e1nku. Olomouc si u\u017e z\u00e1ver postr\u00e1\u017eil a\u00a0ako jedin\u00fd v\u00a0prvom hracom dni strelil g\u00f3ly.<\/p>\n\n\n\n<p>V druhom z\u00e1pase skupiny remizoval Hradec Kr\u00e1lov\u00e9 s Austriou VIede\u0148 0:0.<\/p>\n\n\n\n<figure class=\"wp-block-image size-large\"><img loading=\"lazy\" decoding=\"async\" width=\"1024\" height=\"683\" src=\"https:\/\/fcspartaktrnava.com\/wp-content\/uploads\/2024\/01\/0M7A2382-1024x683.jpg\" alt=\"\" class=\"wp-image-13596\" srcset=\"https:\/\/fcspartaktrnava.com\/wp-content\/uploads\/2024\/01\/0M7A2382-1024x683.jpg 1024w, https:\/\/fcspartaktrnava.com\/wp-content\/uploads\/2024\/01\/0M7A2382-300x200.jpg 300w, https:\/\/fcspartaktrnava.com\/wp-content\/uploads\/2024\/01\/0M7A2382-768x512.jpg 768w, https:\/\/fcspartaktrnava.com\/wp-content\/uploads\/2024\/01\/0M7A2382-1536x1024.jpg 1536w, https:\/\/fcspartaktrnava.com\/wp-content\/uploads\/2024\/01\/0M7A2382-2048x1365.jpg 2048w, https:\/\/fcspartaktrnava.com\/wp-content\/uploads\/2024\/01\/0M7A2382-18x12.jpg 18w\" sizes=\"auto, (max-width: 1024px) 100vw, 1024px\" \/><figcaption class=\"wp-element-caption\">Photos: \u00a0Domenic Aquilina<\/figcaption><\/figure>\n\n\n\n<p class=\"has-vivid-red-color has-text-color has-link-color has-medium-font-size wp-elements-6353fa96d3687687e828ae98a330ace8\"><strong>POVEDALI PO Z\u00c1PASE:<\/strong><\/p>\n\n\n\n<figure class=\"wp-block-embed is-type-video is-provider-youtube wp-block-embed-youtube wp-embed-aspect-16-9 wp-has-aspect-ratio\"><div class=\"wp-block-embed__wrapper\">\n<iframe loading=\"lazy\" title=\"Tla\u010dov\u00e1 konferencia | Sigma Olomouc vs. FC Spartak Trnava | Tipsport Malta Cup\" width=\"500\" height=\"281\" src=\"https:\/\/www.youtube.com\/embed\/E7yWhDkxyUM?feature=oembed\" frameborder=\"0\" allow=\"accelerometer; autoplay; clipboard-write; encrypted-media; gyroscope; picture-in-picture; web-share\" referrerpolicy=\"strict-origin-when-cross-origin\" allowfullscreen><\/iframe>\n<\/div><figcaption class=\"wp-element-caption\">Michal Ga\u0161par\u00edk a Kristi\u00e1n Ko\u0161trna po prvom z\u00e1pase<\/figcaption><\/figure>\n\n\n\n<figure class=\"wp-block-embed is-type-video is-provider-youtube wp-block-embed-youtube wp-embed-aspect-16-9 wp-has-aspect-ratio\"><div class=\"wp-block-embed__wrapper\">\n<iframe loading=\"lazy\" title=\"Jaheem Burke po z\u00e1pase so Sigmou Olomouc | Tipsport Malta Cup\" width=\"500\" height=\"281\" src=\"https:\/\/www.youtube.com\/embed\/Ts5GkCE5ZQQ?feature=oembed\" frameborder=\"0\" allow=\"accelerometer; autoplay; clipboard-write; encrypted-media; gyroscope; picture-in-picture; web-share\" referrerpolicy=\"strict-origin-when-cross-origin\" allowfullscreen><\/iframe>\n<\/div><figcaption class=\"wp-element-caption\">Jaheem Burke mal v prvom z\u00e1pase za Spartak dve v\u00fdborn\u00e9 \u0161ance.<\/figcaption><\/figure>","protected":false},"excerpt":{"rendered":"<p>\u0160tadi\u00f3n Ta Qali, Tipsport Malta Cup, 1. kolo,&#8230;<\/p>","protected":false},"author":2,"featured_media":13594,"comment_status":"closed","ping_status":"closed","sticky":false,"template":"","format":"standard","meta":{"footnotes":""},"categories":[20],"tags":[],"class_list":["post-13593","post","type-post","status-publish","format-standard","has-post-thumbnail","hentry","category-zapas","post-number-1"],"yoast_head":"<!-- This site is optimized with the Yoast SEO plugin v27.1.1 - https:\/\/yoast.com\/product\/yoast-seo-wordpress\/ -->\n<title>Spartak na \u00favod bez g\u00f3lu - FC Spartak Trnava<\/title>\n<meta name=\"robots\" content=\"index, follow, max-snippet:-1, max-image-preview:large, max-video-preview:-1\" \/>\n<link rel=\"canonical\" href=\"https:\/\/fcspartaktrnava.com\/en\/spartak-na-uvod-bez-golu\/\" \/>\n<meta name=\"twitter:label1\" content=\"Written by\" \/>\n\t<meta name=\"twitter:data1\" content=\"spartak\" \/>\n\t<meta name=\"twitter:label2\" content=\"Estimated reading time\" \/>\n\t<meta name=\"twitter:data2\" content=\"4 minutes\" \/>\n<script type=\"application\/ld+json\" class=\"yoast-schema-graph\">{\"@context\":\"https:\/\/schema.org\",\"@graph\":[{\"@type\":\"Article\",\"@id\":\"https:\/\/fcspartaktrnava.com\/spartak-na-uvod-bez-golu\/#article\",\"isPartOf\":{\"@id\":\"https:\/\/fcspartaktrnava.com\/spartak-na-uvod-bez-golu\/\"},\"author\":{\"name\":\"spartak\",\"@id\":\"https:\/\/fcspartaktrnava.com\/#\/schema\/person\/24bc5b254af14f71d7d8af178790aa75\"},\"headline\":\"Spartak na \u00favod bez g\u00f3lu\",\"datePublished\":\"2024-01-10T20:54:02+00:00\",\"dateModified\":\"2024-01-11T06:05:30+00:00\",\"mainEntityOfPage\":{\"@id\":\"https:\/\/fcspartaktrnava.com\/spartak-na-uvod-bez-golu\/\"},\"wordCount\":544,\"publisher\":{\"@id\":\"https:\/\/fcspartaktrnava.com\/#organization\"},\"image\":{\"@id\":\"https:\/\/fcspartaktrnava.com\/spartak-na-uvod-bez-golu\/#primaryimage\"},\"thumbnailUrl\":\"https:\/\/fcspartaktrnava.com\/wp-content\/uploads\/2024\/01\/0M7A2312-scaled.jpg\",\"articleSection\":[\"Z\u00e1pas\"],\"inLanguage\":\"en-GB\"},{\"@type\":\"WebPage\",\"@id\":\"https:\/\/fcspartaktrnava.com\/spartak-na-uvod-bez-golu\/\",\"url\":\"https:\/\/fcspartaktrnava.com\/spartak-na-uvod-bez-golu\/\",\"name\":\"Spartak na \u00favod bez g\u00f3lu - FC Spartak Trnava\",\"isPartOf\":{\"@id\":\"https:\/\/fcspartaktrnava.com\/#website\"},\"primaryImageOfPage\":{\"@id\":\"https:\/\/fcspartaktrnava.com\/spartak-na-uvod-bez-golu\/#primaryimage\"},\"image\":{\"@id\":\"https:\/\/fcspartaktrnava.com\/spartak-na-uvod-bez-golu\/#primaryimage\"},\"thumbnailUrl\":\"https:\/\/fcspartaktrnava.com\/wp-content\/uploads\/2024\/01\/0M7A2312-scaled.jpg\",\"datePublished\":\"2024-01-10T20:54:02+00:00\",\"dateModified\":\"2024-01-11T06:05:30+00:00\",\"breadcrumb\":{\"@id\":\"https:\/\/fcspartaktrnava.com\/spartak-na-uvod-bez-golu\/#breadcrumb\"},\"inLanguage\":\"en-GB\",\"potentialAction\":[{\"@type\":\"ReadAction\",\"target\":[\"https:\/\/fcspartaktrnava.com\/spartak-na-uvod-bez-golu\/\"]}]},{\"@type\":\"ImageObject\",\"inLanguage\":\"en-GB\",\"@id\":\"https:\/\/fcspartaktrnava.com\/spartak-na-uvod-bez-golu\/#primaryimage\",\"url\":\"https:\/\/fcspartaktrnava.com\/wp-content\/uploads\/2024\/01\/0M7A2312-scaled.jpg\",\"contentUrl\":\"https:\/\/fcspartaktrnava.com\/wp-content\/uploads\/2024\/01\/0M7A2312-scaled.jpg\",\"width\":2560,\"height\":1706},{\"@type\":\"BreadcrumbList\",\"@id\":\"https:\/\/fcspartaktrnava.com\/spartak-na-uvod-bez-golu\/#breadcrumb\",\"itemListElement\":[{\"@type\":\"ListItem\",\"position\":1,\"name\":\"Home\",\"item\":\"https:\/\/fcspartaktrnava.com\/\"},{\"@type\":\"ListItem\",\"position\":2,\"name\":\"Spartak na \u00favod bez g\u00f3lu\"}]},{\"@type\":\"WebSite\",\"@id\":\"https:\/\/fcspartaktrnava.com\/#website\",\"url\":\"https:\/\/fcspartaktrnava.com\/\",\"name\":\"FC Spartak Trnava\",\"description\":\"ofici\u00e1lna webstr\u00e1nka futbalov\u00e9ho klubu\",\"publisher\":{\"@id\":\"https:\/\/fcspartaktrnava.com\/#organization\"},\"potentialAction\":[{\"@type\":\"SearchAction\",\"target\":{\"@type\":\"EntryPoint\",\"urlTemplate\":\"https:\/\/fcspartaktrnava.com\/?s={search_term_string}\"},\"query-input\":{\"@type\":\"PropertyValueSpecification\",\"valueRequired\":true,\"valueName\":\"search_term_string\"}}],\"inLanguage\":\"en-GB\"},{\"@type\":\"Organization\",\"@id\":\"https:\/\/fcspartaktrnava.com\/#organization\",\"name\":\"FC Spartak Trnava\",\"alternateName\":\"Spartak\",\"url\":\"https:\/\/fcspartaktrnava.com\/\",\"logo\":{\"@type\":\"ImageObject\",\"inLanguage\":\"en-GB\",\"@id\":\"https:\/\/fcspartaktrnava.com\/#\/schema\/logo\/image\/\",\"url\":\"https:\/\/fcspartaktrnava.com\/wp-content\/uploads\/2022\/08\/cropped-site_logo.png\",\"contentUrl\":\"https:\/\/fcspartaktrnava.com\/wp-content\/uploads\/2022\/08\/cropped-site_logo.png\",\"width\":140,\"height\":140,\"caption\":\"FC Spartak Trnava\"},\"image\":{\"@id\":\"https:\/\/fcspartaktrnava.com\/#\/schema\/logo\/image\/\"},\"sameAs\":[\"https:\/\/www.facebook.com\/SpartakTrnava\",\"https:\/\/x.com\/SpartakTrnava1\",\"https:\/\/www.instagram.com\/spartak_sk\/\"]},{\"@type\":\"Person\",\"@id\":\"https:\/\/fcspartaktrnava.com\/#\/schema\/person\/24bc5b254af14f71d7d8af178790aa75\",\"name\":\"spartak\",\"image\":{\"@type\":\"ImageObject\",\"inLanguage\":\"en-GB\",\"@id\":\"https:\/\/fcspartaktrnava.com\/#\/schema\/person\/image\/\",\"url\":\"https:\/\/secure.gravatar.com\/avatar\/f8ff8584f3fcf3909a11a6da9019f37749183b4015bca14e64556c52614cdc7f?s=96&d=mm&r=g\",\"contentUrl\":\"https:\/\/secure.gravatar.com\/avatar\/f8ff8584f3fcf3909a11a6da9019f37749183b4015bca14e64556c52614cdc7f?s=96&d=mm&r=g\",\"caption\":\"spartak\"},\"url\":\"https:\/\/fcspartaktrnava.com\/en\/author\/spartak\/\"}]}<\/script>\n<!-- \/ Yoast SEO plugin. -->","yoast_head_json":{"title":"Spartak na \u00favod bez g\u00f3lu - FC Spartak Trnava","robots":{"index":"index","follow":"follow","max-snippet":"max-snippet:-1","max-image-preview":"max-image-preview:large","max-video-preview":"max-video-preview:-1"},"canonical":"https:\/\/fcspartaktrnava.com\/en\/spartak-na-uvod-bez-golu\/","twitter_misc":{"Written by":"spartak","Estimated reading time":"4 minutes"},"schema":{"@context":"https:\/\/schema.org","@graph":[{"@type":"Article","@id":"https:\/\/fcspartaktrnava.com\/spartak-na-uvod-bez-golu\/#article","isPartOf":{"@id":"https:\/\/fcspartaktrnava.com\/spartak-na-uvod-bez-golu\/"},"author":{"name":"spartak","@id":"https:\/\/fcspartaktrnava.com\/#\/schema\/person\/24bc5b254af14f71d7d8af178790aa75"},"headline":"Spartak na \u00favod bez g\u00f3lu","datePublished":"2024-01-10T20:54:02+00:00","dateModified":"2024-01-11T06:05:30+00:00","mainEntityOfPage":{"@id":"https:\/\/fcspartaktrnava.com\/spartak-na-uvod-bez-golu\/"},"wordCount":544,"publisher":{"@id":"https:\/\/fcspartaktrnava.com\/#organization"},"image":{"@id":"https:\/\/fcspartaktrnava.com\/spartak-na-uvod-bez-golu\/#primaryimage"},"thumbnailUrl":"https:\/\/fcspartaktrnava.com\/wp-content\/uploads\/2024\/01\/0M7A2312-scaled.jpg","articleSection":["Z\u00e1pas"],"inLanguage":"en-GB"},{"@type":"WebPage","@id":"https:\/\/fcspartaktrnava.com\/spartak-na-uvod-bez-golu\/","url":"https:\/\/fcspartaktrnava.com\/spartak-na-uvod-bez-golu\/","name":"Spartak na \u00favod bez g\u00f3lu - FC Spartak Trnava","isPartOf":{"@id":"https:\/\/fcspartaktrnava.com\/#website"},"primaryImageOfPage":{"@id":"https:\/\/fcspartaktrnava.com\/spartak-na-uvod-bez-golu\/#primaryimage"},"image":{"@id":"https:\/\/fcspartaktrnava.com\/spartak-na-uvod-bez-golu\/#primaryimage"},"thumbnailUrl":"https:\/\/fcspartaktrnava.com\/wp-content\/uploads\/2024\/01\/0M7A2312-scaled.jpg","datePublished":"2024-01-10T20:54:02+00:00","dateModified":"2024-01-11T06:05:30+00:00","breadcrumb":{"@id":"https:\/\/fcspartaktrnava.com\/spartak-na-uvod-bez-golu\/#breadcrumb"},"inLanguage":"en-GB","potentialAction":[{"@type":"ReadAction","target":["https:\/\/fcspartaktrnava.com\/spartak-na-uvod-bez-golu\/"]}]},{"@type":"ImageObject","inLanguage":"en-GB","@id":"https:\/\/fcspartaktrnava.com\/spartak-na-uvod-bez-golu\/#primaryimage","url":"https:\/\/fcspartaktrnava.com\/wp-content\/uploads\/2024\/01\/0M7A2312-scaled.jpg","contentUrl":"https:\/\/fcspartaktrnava.com\/wp-content\/uploads\/2024\/01\/0M7A2312-scaled.jpg","width":2560,"height":1706},{"@type":"BreadcrumbList","@id":"https:\/\/fcspartaktrnava.com\/spartak-na-uvod-bez-golu\/#breadcrumb","itemListElement":[{"@type":"ListItem","position":1,"name":"Home","item":"https:\/\/fcspartaktrnava.com\/"},{"@type":"ListItem","position":2,"name":"Spartak na \u00favod bez g\u00f3lu"}]},{"@type":"WebSite","@id":"https:\/\/fcspartaktrnava.com\/#website","url":"https:\/\/fcspartaktrnava.com\/","name":"FC Spartak Trnava","description":"ofici\u00e1lna webstr\u00e1nka futbalov\u00e9ho klubu","publisher":{"@id":"https:\/\/fcspartaktrnava.com\/#organization"},"potentialAction":[{"@type":"SearchAction","target":{"@type":"EntryPoint","urlTemplate":"https:\/\/fcspartaktrnava.com\/?s={search_term_string}"},"query-input":{"@type":"PropertyValueSpecification","valueRequired":true,"valueName":"search_term_string"}}],"inLanguage":"en-GB"},{"@type":"Organization","@id":"https:\/\/fcspartaktrnava.com\/#organization","name":"FC Spartak Trnava","alternateName":"Spartak","url":"https:\/\/fcspartaktrnava.com\/","logo":{"@type":"ImageObject","inLanguage":"en-GB","@id":"https:\/\/fcspartaktrnava.com\/#\/schema\/logo\/image\/","url":"https:\/\/fcspartaktrnava.com\/wp-content\/uploads\/2022\/08\/cropped-site_logo.png","contentUrl":"https:\/\/fcspartaktrnava.com\/wp-content\/uploads\/2022\/08\/cropped-site_logo.png","width":140,"height":140,"caption":"FC Spartak Trnava"},"image":{"@id":"https:\/\/fcspartaktrnava.com\/#\/schema\/logo\/image\/"},"sameAs":["https:\/\/www.facebook.com\/SpartakTrnava","https:\/\/x.com\/SpartakTrnava1","https:\/\/www.instagram.com\/spartak_sk\/"]},{"@type":"Person","@id":"https:\/\/fcspartaktrnava.com\/#\/schema\/person\/24bc5b254af14f71d7d8af178790aa75","name":"spartak","image":{"@type":"ImageObject","inLanguage":"en-GB","@id":"https:\/\/fcspartaktrnava.com\/#\/schema\/person\/image\/","url":"https:\/\/secure.gravatar.com\/avatar\/f8ff8584f3fcf3909a11a6da9019f37749183b4015bca14e64556c52614cdc7f?s=96&d=mm&r=g","contentUrl":"https:\/\/secure.gravatar.com\/avatar\/f8ff8584f3fcf3909a11a6da9019f37749183b4015bca14e64556c52614cdc7f?s=96&d=mm&r=g","caption":"spartak"},"url":"https:\/\/fcspartaktrnava.com\/en\/author\/spartak\/"}]}},"_links":{"self":[{"href":"https:\/\/fcspartaktrnava.com\/en\/wp-json\/wp\/v2\/posts\/13593","targetHints":{"allow":["GET"]}}],"collection":[{"href":"https:\/\/fcspartaktrnava.com\/en\/wp-json\/wp\/v2\/posts"}],"about":[{"href":"https:\/\/fcspartaktrnava.com\/en\/wp-json\/wp\/v2\/types\/post"}],"author":[{"embeddable":true,"href":"https:\/\/fcspartaktrnava.com\/en\/wp-json\/wp\/v2\/users\/2"}],"replies":[{"embeddable":true,"href":"https:\/\/fcspartaktrnava.com\/en\/wp-json\/wp\/v2\/comments?post=13593"}],"version-history":[{"count":0,"href":"https:\/\/fcspartaktrnava.com\/en\/wp-json\/wp\/v2\/posts\/13593\/revisions"}],"wp:featuredmedia":[{"embeddable":true,"href":"https:\/\/fcspartaktrnava.com\/en\/wp-json\/wp\/v2\/media\/13594"}],"wp:attachment":[{"href":"https:\/\/fcspartaktrnava.com\/en\/wp-json\/wp\/v2\/media?parent=13593"}],"wp:term":[{"taxonomy":"category","embeddable":true,"href":"https:\/\/fcspartaktrnava.com\/en\/wp-json\/wp\/v2\/categories?post=13593"},{"taxonomy":"post_tag","embeddable":true,"href":"https:\/\/fcspartaktrnava.com\/en\/wp-json\/wp\/v2\/tags?post=13593"}],"curies":[{"name":"wp","href":"https:\/\/api.w.org\/{rel}","templated":true}]}}