{"id":13477,"date":"2023-12-24T14:04:18","date_gmt":"2023-12-24T12:04:18","guid":{"rendered":"https:\/\/fcspartaktrnava.com\/?p=13477"},"modified":"2023-12-24T14:04:19","modified_gmt":"2023-12-24T12:04:19","slug":"mame-silne-domace-prostredie-ale-nie-take-ako-kedysi","status":"publish","type":"post","link":"https:\/\/fcspartaktrnava.com\/en\/mame-silne-domace-prostredie-ale-nie-take-ako-kedysi\/","title":{"rendered":"\u201eM\u00e1me siln\u00e9 dom\u00e1ce prostredie, ale nie tak\u00e9 ako kedysi\u201c"},"content":{"rendered":"<p>Presne pred t\u00fd\u017ed\u0148om odohral Spartak posledn\u00fd s\u00fa\u0165a\u017en\u00fd z\u00e1pas v roku 2023. Hr\u00e1\u010di si u\u017e\u00edvaj\u00fa zasl\u00fa\u017een\u00e9 dovolenky, niektor\u00ed doma v kruhu najbli\u017e\u0161\u00edch, in\u00ed vycestovali do zahrani\u010dia, pr\u00edpadne do exotiky za teplom. T\u00fato mo\u017enos\u0165 vyu\u017eil aj tr\u00e9ner Michal Ga\u0161par\u00edk, ktor\u00fd po\u010das \u0160tedr\u00e9ho d\u0148a rozhodne sneh neuvid\u00ed, za to sa bude m\u00f4c\u0165 ok\u00fapa\u0165. Stihli sme spolo\u010dne rozohra\u0165 skon\u010den\u00fa polsez\u00f3nu, za ktorou sme sa obzreli a pon\u00fakame prv\u00fa \u010das\u0165 rozhovoru, v ktorom sa okrem in\u00e9ho dozviete:<\/p>\n\n\n\n<p>&#8211; \u010di sa neb\u00e1l, \u017ee po postupe do skupiny EKL zme\u0161kaj\u00fa ligu a bud\u00fa ma\u0165 probl\u00e9m post\u00fapi\u0165 do hornej \u0161estky<\/p>\n\n\n\n<p>&#8211; \u010do mu ch\u00fdba k v\u00e4\u010d\u0161ej spokojnosti<\/p>\n\n\n\n<p>&#8211; ktor\u00e9 letn\u00e9 posily a osved\u010dili a ktor\u00e9 nie<\/p>\n\n\n\n<p>Vstup do sez\u00f3ny nebol ide\u00e1lny a&nbsp;celkom ste str\u00e1cali body, paradoxne ste sa rozbehli v&nbsp;\u010dase, ke\u010f ste hrali skupinu EKL a&nbsp;bolo to n\u00e1ro\u010dn\u00e9. D\u00fafal si, \u017ee to m\u00f4\u017eete dobehn\u00fa\u0165 alebo si mal v&nbsp;hlave aj scen\u00e1r spred piatich rokov, ke\u010f Spartak kv\u00f4li Eur\u00f3pe \u201ezme\u0161kal\u201c ligu? Bola aj toto sk\u00fasenos\u0165, ktor\u00e1 napokon pomohla?<\/p>\n\n\n\n<p>\u201e<em><strong>Stalo sa n\u00e1m to aj minul\u00fa sez\u00f3nu v lete a \u0165a\u017eko poveda\u0165, \u010d\u00edm to je. Pri\u0161lo k nejakej obmene k\u00e1dra a niekedy si to potrebuje sadn\u00fa\u0165. Do toho pri\u0161li predkol\u00e1, na ktor\u00e9 sme sa ve\u013emi s\u00fastredili. Po postupe do skupiny, akoby z n\u00e1s nie\u010do spadlo. Dok\u00e1zali sme ve\u013ek\u00fa vec a chalanov to posilnilo psychicky, zv\u00fd\u0161ili si sebavedomie a v Michalovciach sa to za\u010dalo l\u00e1ma\u0165. Sadli sme na v\u00ed\u0165azn\u00fa vlnu a to bolo d\u00f4le\u017eit\u00e9. Po \u0161n\u00farach v\u00ed\u0165azstiev sme nakoniec v tabu\u013eke tam, kde sme. S bodov\u00fdm ziskom mus\u00edme by\u0165 napokon spokojn\u00ed, zlep\u0161ili sme sa oproti minul\u00e9mu roku a keby sme to\u013ekoto bodov mali vlani, sme re\u00e1lne v boji o titul. Tento rok spravil Slovan fantastick\u00e9 v\u00fdsledky, u\u017e nieko\u013ek\u00fd rok po sebe s\u00fa v Eur\u00f3pe a tentoraz sa s t\u00fdm vysporiadali najlep\u0161ie a boli dominantn\u00ed aj v lige, ktor\u00fa hladko zvl\u00e1daj\u00fa. Pred piatimi rokmi som bol pri ml\u00e1de\u017ei a nejak\u00e9 veci som vn\u00edmal. Sna\u017eil som sa z nich pou\u010di\u0165, ale <\/strong><\/em><em><strong>aj <\/strong><\/em><em><strong>od Slovanu, ktor\u00fd jedin\u00fd s t\u00fdm m\u00e1 re\u00e1lne a \u010derstv\u00e9 sk\u00fasenosti. Pou\u010dili sme sa aj pri prestupovej politike. Ten scen\u00e1r spred piatich rokov mi blysol v hlave viackr\u00e1t a som r\u00e1d, \u017ee sa to nenaplnilo. \u201c<\/strong><\/em><\/p>\n\n\n\n<p>Nazbierali ste na jese\u0148 36 bodov, \u010do je napokon o&nbsp;2 body viac ako vlani o&nbsp;takomto \u010dase. Vcelku asi spokojnos\u0165, ale rozmenen\u00e9 na drobn\u00e9, kde, kedy a&nbsp;\u010do tebe najviac ch\u00fdbalo k&nbsp;maxim\u00e1lnej spokojnosti?<\/p>\n\n\n\n<p>\u201e<em><strong>Odohrali sme 33 z\u00e1pasov, \u010do je vlastne jedna cel\u00e1 sez\u00f3na a my sme to zvl\u00e1dli za jese\u0148. Bodov\u00fd zisk je na hranici na\u0161ich mo\u017enost\u00ed. Nie ka\u017ed\u00fd rok sa to m\u00f4\u017ee podari\u0165, hoci n\u00e1m sa dar\u00ed u\u017e dlh\u0161ie obdobie dr\u017ea\u0165 sa na priemere dvoch bodov na z\u00e1pas, \u010do je hodnota, ktor\u00e1 predur\u010duje mu\u017estvo hra\u0165 o titul. Na\u0161a liga je v\u0161ak \u0161pecifick\u00e1 t\u00fdm, \u017ee je tu ten Slovan, ktor\u00fd vy\u010dnieva k\u00e1drom aj rozpo\u010dtom a je \u0165a\u017ek\u00e9 mu konkurova\u0165. Ak to m\u00e1m rozmeni\u0165 na drobn\u00e9, tak v\u017edy s\u00fa v lige aj z\u00e1pasy, kde papierov\u00fd favorit zav\u00e1ha, no dok\u00e1zali sme body z\u00edska\u0165 v z\u00e1pasoch, kde sme mo\u017eno neboli lep\u0161\u00edm mu\u017estvom, ale zvl\u00e1dli sme ich za tri body. St\u00e1le m\u00e1m v hlave ten Ru\u017eomberok, \u017ee sme s nimi op\u00e4\u0165 odohrali ve\u013emi dobr\u00fd z\u00e1pas, dva razy sme vyhr\u00e1vali, oni boli dva razy pri br\u00e1nke a dali dva g\u00f3ly. Tri roky sme ich neporazili a to je ve\u013emi dlh\u00e1 doba, \u017ee s priemern\u00fdm mu\u017estvom nedok\u00e1\u017eeme v na\u0161ej lige vyhra\u0165. K spokojnosti v\u017edy ch\u00fdba vyhra\u0165 derby. To posledn\u00e9 bolo nez\u00e1\u017eivn\u00e9, oba t\u00edmy nast\u00fapili v rovnakom rozostaven\u00ed, hrali zrkadlovo. Asi by to skon\u010dilo 0:0, no chceli sme to cez pol\u010das zmeni\u0165, hra\u0165 ofenz\u00edvnej\u0161ie, na v\u00ed\u0165azstvo, dali sme dvoch \u00fato\u010dn\u00edkov a nakoniec nem\u00e1me ani bod.\u201c<\/strong><\/em><\/p>\n\n\n\n<figure class=\"wp-block-image size-large\"><img loading=\"lazy\" decoding=\"async\" width=\"1024\" height=\"681\" src=\"https:\/\/fcspartaktrnava.com\/wp-content\/uploads\/2023\/12\/DSC_6153-1024x681.jpg\" alt=\"\" class=\"wp-image-12999\" srcset=\"https:\/\/fcspartaktrnava.com\/wp-content\/uploads\/2023\/12\/DSC_6153-1024x681.jpg 1024w, https:\/\/fcspartaktrnava.com\/wp-content\/uploads\/2023\/12\/DSC_6153-300x200.jpg 300w, https:\/\/fcspartaktrnava.com\/wp-content\/uploads\/2023\/12\/DSC_6153-768x511.jpg 768w, https:\/\/fcspartaktrnava.com\/wp-content\/uploads\/2023\/12\/DSC_6153-18x12.jpg 18w, https:\/\/fcspartaktrnava.com\/wp-content\/uploads\/2023\/12\/DSC_6153.jpg 1500w\" sizes=\"auto, (max-width: 1024px) 100vw, 1024px\" \/><\/figure>\n\n\n\n<p>Ako si vysvet\u013euje\u0161 skuto\u010dnos\u0165, \u017ee hoci Trnava ma siln\u00e9 dom\u00e1ce prostredie, po\u010das jesene ste z\u00edskali viac bodov vonku ako doma?<\/p>\n\n\n\n<p>\u201e<em><strong>M\u00e1me siln\u00e9 dom\u00e1ce prostredie, ale nie tak\u00e9 ako kedysi. N\u00e1v\u0161tevy nie s\u00fa na ligu a\u017e tak\u00e9 vysok\u00e9. Ak by chodilo e\u0161te viac \u013eud\u00ed, boli by sme doma silnej\u0161\u00ed. Vonku sa n\u00e1m \u010dasto hr\u00e1 lep\u0161ie, lebo mu\u017estva chc\u00fa hra\u0165 viac otvorene a vtedy sa na\u0161a kvalita a siln\u00e9 str\u00e1nky uk\u00e1\u017eu. Ke\u010f pr\u00eddu mu\u017estv\u00e1 k n\u00e1m, tak v\u00e4\u010d\u0161inou iba br\u00e1nia a mus\u00edme to dob\u00fdja\u0165 . To nie je r\u00e9bus iba pre n\u00e1s, ale pre ka\u017ed\u00e9 mu\u017estvo a len tie najkvalitnej\u0161ie sa s t\u00fdm najlep\u0161ie vysporiadaj\u00fa. \u0160koda, \u017ee nechod\u00ed t\u00fdch div\u00e1kov viac, chalani by sa vybi\u010dovali k zauj\u00edmavej\u0161\u00edm v\u00fdkonom, tak ako to bolo vtedy, ke\u010f bol \u0161tadi\u00f3n naplnen\u00fd. Trnava by bola e\u0161te silnej\u0161ia v lige.\u201c<\/strong><\/em><\/p>\n\n\n\n<p>Pred sez\u00f3nou pri\u0161li viacer\u00ed nov\u00ed hr\u00e1\u010di. Viacer\u00ed boli hne\u010f pr\u00ednosom, niektor\u00ed sa nepresadil. M\u00f4\u017ee\u0161 ich postupne jednotlivo alebo v&nbsp;skupin\u00e1ch charakterizova\u0165?<\/p>\n\n\n\n<p>\u201e<em><strong>Do obrany sme nar\u00fdchlo zobrali Gorosita, ktor\u00fd je s\u00edce star\u0161\u00ed, ale potrebovali sme okam\u017eite nahradi\u0165 zranen\u00e9ho \u0160tetinu a uk\u00e1zal, \u017ee je obrovsk\u00fd profesion\u00e1l. Star\u00e1 sa o seba a svoje telo, je len \u0161koda, \u017ee mal zap\u00e1len\u00fa achilovku, s ktorou hral aj cez boles\u0165 a napokon sa musel dlh\u0161ie lie\u010di\u0165. Ver\u00edm, \u017ee v jarnej \u010dasti uk\u00e1\u017ee svoju kvalitu.<\/strong><\/em><\/p>\n\n\n\n<p><em><strong>Pri dlhodobom zranen\u00ed Bolajiho sme chceli zdvoji\u0165 poz\u00edciu \u013eav\u00e9ho obrancu, kde pri\u0161iel mlad\u00fd Breznik. Je to perspekt\u00edvny hr\u00e1\u010d, ale aj tak som \u010dakal viac. Viem, \u010do je \u0148om a ak\u00fd m\u00e1 potenci\u00e1l, ale brzdil ho tak\u00fd ,detsk\u00fd futbal<\/strong><\/em><em><strong>\u055a<\/strong><\/em><em><strong>. Mus\u00ed ve\u013ea zl\u00fdch n\u00e1vykov zmeni\u0165, ale ver\u00edm, \u017ee to zvl\u00e1dne a \u017ee bude prospe\u0161n\u00fd. M\u00e1 toti\u017e tak\u00e9 vlastnosti, ktor\u00e9 nem\u00e1 ani jeden n\u00e1\u0161 krajn\u00fd obranca. M\u00e1 v\u00fdborn\u00e9 fitnes d\u00e1ta, ktor\u00e9 s\u00fa na \u00farovni eur\u00f3pskych parametrov a na\u0161i hr\u00e1\u010di ich v lige nedosahuj\u00fa.<\/strong><\/em><\/p>\n\n\n\n<p><em><strong>\u0160uleka sme brali ako sk\u00fasen\u00e9ho hr\u00e1\u010da, sk\u00f4r na zdvojenie pravej strany a mysl\u00edm, \u017ee uk\u00e1zal slu\u0161n\u00fd potenci\u00e1l. V\u017edy, ke\u010f dostal \u0161ancu, tak nesklamal. Keby ich dostal viac, tak jeho v\u00fdkonnos\u0165 m\u00f4\u017ee \u00eds\u0165 e\u0161te vy\u0161\u0161ie. Ke\u010f bolo treba zakryl prav\u00fa stranu a zauj\u00edmav\u00fd je aj smerom dopredu.<\/strong><\/em><\/p>\n\n\n\n<p><em><strong>Z Tren\u010d\u00edna sme zobrali dvoch najkvalitnej\u0161\u00edch hr\u00e1\u010dov \u2013 Bainovi\u010da s Azangom. Ktor\u00ed pri\u0161li zadarmo. Potrebovali trochu \u010dasu na adapt\u00e1ciu, ale postupom \u010dasu uk\u00e1zali obaja pre\u010do sme ich brali a ak\u00e9 maj\u00fa kvality. Sami dvaja ve\u013emi v\u00fdrazne prispeli v bodov\u00e9mu zisku po\u010das jesene. Roz\u0161\u00edrili konkurenciu v mu\u017estve ako sme chceli.<\/strong><\/em><\/p>\n\n\n\n<figure class=\"wp-block-image size-large\"><img loading=\"lazy\" decoding=\"async\" width=\"1024\" height=\"682\" src=\"https:\/\/fcspartaktrnava.com\/wp-content\/uploads\/2023\/11\/DSC_0785-1024x682.jpg\" alt=\"\" class=\"wp-image-12348\" srcset=\"https:\/\/fcspartaktrnava.com\/wp-content\/uploads\/2023\/11\/DSC_0785-1024x682.jpg 1024w, https:\/\/fcspartaktrnava.com\/wp-content\/uploads\/2023\/11\/DSC_0785-300x200.jpg 300w, https:\/\/fcspartaktrnava.com\/wp-content\/uploads\/2023\/11\/DSC_0785-768x512.jpg 768w, https:\/\/fcspartaktrnava.com\/wp-content\/uploads\/2023\/11\/DSC_0785-18x12.jpg 18w, https:\/\/fcspartaktrnava.com\/wp-content\/uploads\/2023\/11\/DSC_0785.jpg 1520w\" sizes=\"auto, (max-width: 1024px) 100vw, 1024px\" \/><\/figure>\n\n\n\n<p><em><strong>Zeljkovi\u010d pri\u0161iel na k\u013e\u00fa\u010dov\u00fa poz\u00edciu, kde odi\u0161iel Savvidis. Vtedy sme si mysleli, \u017ee sme na\u0161li mo\u017eno e\u0161te lep\u0161ieho hr\u00e1\u010da a dnes to m\u00f4\u017eem poveda\u0165 \u00faplne otvorene, \u017ee je to tak. Hlavne je to perspekt\u00edvny futbalista, na ktorom m\u00f4\u017ee klub aj finan\u010dne profitova\u0165. Uvid\u00edme, ako sa bude jeho kari\u00e9ra vyv\u00edja\u0165.<\/strong><\/em><\/p>\n\n\n\n<p><em><strong>Na jeho poz\u00edciu sme brali aj Ricarda Pe\u0148u. Jeho brzdilo to, \u017ee tu bol iba na hos\u0165ovanie a nemohol hr\u00e1va\u0165 v Mal\u017eeniciach, kde by sa dok\u00e1zal rozohra\u0165 a mohli sme ho lep\u0161ie spozna\u0165. Ve\u013emi ho limitovalo, \u017ee neovl\u00e1da angli\u010dtinu. Ke\u010f sa spoja tieto dve veci, \u017ee n\u00e1m nerozumie a my mu nedok\u00e1\u017eeme naplni\u0165 minut\u00e1\u017e v 2. lige, tak sme sa rozhodli pre ukon\u010denie jeho hos\u0165ovania. V\u00fdkupn\u00e1 klauzula bola dos\u0165 vysok\u00e1 a vieme, \u017ee v lete by sme ju za\u0148ho neboli ochotn\u00ed zaplati\u0165. Nem\u00e1 preto zmysel, aby tu \u010falej pokra\u010doval.<\/strong><\/em><\/p>\n\n\n\n<p><em><strong>V lete sme h\u013eadali \u00fato\u010dn\u00edka a na\u0161li sme Marca Djuri\u010dina, ktor\u00fd m\u00e1 kvalitn\u00fd \u017eivotopis a zo za\u010diatku to aj ukazoval, \u017ee je to v\u00fdborn\u00fd futbalista a najm\u00e4 strelec. Potom pri\u0161li probl\u00e9my so srdcom a Marco n\u00e1m vypadol na ve\u013emi dlh\u00fa dobu. Ver\u00edm, \u017ee Marcova \u0161anca v Trnave e\u0161te pr\u00edde.<\/strong><\/em><\/p>\n\n\n\n<p><em><strong>Po postupe zo skupiny sme zohrali troch \u010fal\u0161\u00edch nov\u00fdch hr\u00e1\u010dov. Bern\u00e1ta, ktor\u00fd bol po zranen\u00ed, ale je to fantastick\u00fd hr\u00e1\u010d, ktor\u00fd odi\u0161iel z na\u0161ej ligy za nemal\u00fa sumu a mal vydaren\u00e9 obdobie aj v Belgicku. V\u00fdborne nasko\u010dil od prv\u00e9ho z\u00e1pasu, ke\u010f dal g\u00f3l v Michalovciach. Potom postupne pri\u0161iel \u00fatlm, aj zranenie, ale je to hr\u00e1\u010d, ktor\u00fd ma obrovsk\u00fd potenci\u00e1l a zatia\u013e ho e\u0161te v Trnave \u00faplne nenaplnil. M\u00e1 na to e\u0161te pol sez\u00f3ny a ver\u00edm, \u017ee napln\u00ed o\u010dak\u00e1vanie, ktor\u00e9 do\u0148ho vklad\u00e1me, lebo v na\u0161ej hre m\u00f4\u017ee by\u0165 rozdielov\u00fdm hr\u00e1\u010dom.<\/strong><\/em><\/p>\n\n\n\n<figure class=\"wp-block-image size-large\"><img loading=\"lazy\" decoding=\"async\" width=\"1024\" height=\"683\" src=\"https:\/\/fcspartaktrnava.com\/wp-content\/uploads\/2023\/12\/DSC_9557-1024x683.jpg\" alt=\"\" class=\"wp-image-13380\" srcset=\"https:\/\/fcspartaktrnava.com\/wp-content\/uploads\/2023\/12\/DSC_9557-1024x683.jpg 1024w, https:\/\/fcspartaktrnava.com\/wp-content\/uploads\/2023\/12\/DSC_9557-300x200.jpg 300w, https:\/\/fcspartaktrnava.com\/wp-content\/uploads\/2023\/12\/DSC_9557-768x512.jpg 768w, https:\/\/fcspartaktrnava.com\/wp-content\/uploads\/2023\/12\/DSC_9557-18x12.jpg 18w, https:\/\/fcspartaktrnava.com\/wp-content\/uploads\/2023\/12\/DSC_9557.jpg 1500w\" sizes=\"auto, (max-width: 1024px) 100vw, 1024px\" \/><\/figure>\n\n\n\n<p><em><strong>H\u013eadali sme sk\u00fasen\u00e9ho \u00fato\u010dn\u00edka, \u010do sa podarilo na posledn\u00fa chv\u00ed\u013eu v osobe Mi\u0161a \u010euri\u0161a, \u010do sa uk\u00e1zalo ako ve\u013emi spr\u00e1vny krok. Vsadili sme na ve\u013emi mlad\u00e9ho stop\u00e9ra <\/strong><\/em><em><strong>\u0110<\/strong><\/em><em><strong>uri\u010da, ktor\u00e9ho sme uprednostnili pred overen\u00fdmi menami a sk\u00fasenej\u0161\u00edmi hr\u00e1\u010dmi. Vid\u00edme v \u0148om ve\u013ek\u00fd potenci\u00e1l do bud\u00facnosti a mysl\u00edm, \u017ee to aj ukazoval. \u0160koda, \u017ee ho pribrzdilo to ne\u0161\u0165astn\u00e9 zranenie v dom\u00e1com z\u00e1pase s Nordsjaellandom.\u201c<\/strong><\/em><\/p>\n\n\n\n<p>Vybojovali ste si skupinov\u00fa f\u00e1zu EKL od 2. predkola. Vyradili sme dvoch s\u00faperov vy\u0161\u0161ie nasaden\u00fdch. V&nbsp;skupine ste v&nbsp;\u0165a\u017ekej konkurencii bodovali len raz. Vypredali ste \u0161tadi\u00f3n. \u010co boli tie top okamihy tej jesene z&nbsp;tvojho poh\u013eadu a&nbsp;kde m\u00e1\u0161 pocit, \u017ee sa mohlo podari\u0165 viac?<\/p>\n\n\n\n<p>\u201e<em><strong>Pre slovensk\u00fd t\u00edm je to \u00faspech prebojova\u0165 sa cez v\u0161etky tieto predkol\u00e1, lebo koeficienty nem\u00e1me ide\u00e1lne. Pomaly sa to zvy\u0161uje a u\u017e v \u010fal\u0161ej sez\u00f3ne bude ma\u0165 v\u00ed\u0165az poh\u00e1ra v\u00fdhodu, ke\u010f post\u00fapi do Eur\u00f3pskej ligy. Top okamih jesne bol dom\u00e1ci z\u00e1pas s Lechom Pozna\u0148. Bola tam najlep\u0161ia atmosf\u00e9ra, ak\u00fa n\u00e1\u0161 \u0161tadi\u00f3n za\u017eil a pred\u010dila aj fin\u00e1le Slovensk\u00e9ho poh\u00e1ra so Slovanom. Vtedy to nabralo gr\u00e1dy a\u017e po na\u0161om vyrovn\u00e1vaj\u00facom g\u00f3le a v pred\u013a\u017een\u00ed, ke\u010f \u013eudia st\u00e1li na noh\u00e1ch. V tomto z\u00e1pase to bolo takmer od za\u010diatku, lebo hr\u00e1\u010di vtiahli fan\u00fa\u0161ikov do deja. Ve\u013ek\u00fa rolu zohral aj prv\u00fd z\u00e1pas, ktor\u00fd sme prehrali a s\u00faper bol jednozna\u010dne lep\u0161\u00ed. V takejto atmosf\u00e9re sa dej\u00fa aj ,z\u00e1zraky\u055a, \u017ee stop\u00e9r \u0160tetina d\u00e1 g\u00f3l no\u017eni\u010dkami. Hne\u010f nato sme hrali dvojz\u00e1pas s Dniprom, ktor\u00fd sa rozhodoval v pred\u013a\u017een\u00ed a my sme ho vyhrali. Ak by som bral cel\u00fd rok, tak sme e\u0161te vyhrali aj poh\u00e1r, ke\u010f sme vo fin\u00e1le doma oto\u010dili z\u00e1pas so Slovanom. To s\u00fa v\u0161etko obrovsk\u00e9 okamihy a \u0165a\u017eko vybra\u0165 iba jeden, hoci po tom fin\u00e1le sme brali trofej a to sa r\u00e1ta<\/strong><\/em>.<\/p>\n\n\n\n<p><em><strong>V skupine sme potom dostali ve\u013emi \u0165a\u017ek\u00fdch s\u00faperov. Odohrali sme slu\u0161n\u00e9 z\u00e1pasy, ale v\u017edy n\u00e1m ni\u010do ch\u00fdbalo. Okrem prv\u00e9ho a posledn\u00e9ho sme odohrali v\u0161etky z\u00e1pasy so c\u0165ou, len \u0161koda, \u017ee sme trocha viac nedosiahli. Nikto s\u00fadny nem\u00f4\u017ee vyst\u00fapenie v Eur\u00f3pe hodnoti\u0165 negat\u00edvne.\u201c<\/strong><\/em><\/p>\n\n\n\n<figure class=\"wp-block-image size-large\"><img loading=\"lazy\" decoding=\"async\" width=\"1024\" height=\"682\" src=\"https:\/\/fcspartaktrnava.com\/wp-content\/uploads\/2023\/08\/DSC_6158-1024x682.jpg\" alt=\"\" class=\"wp-image-9966\" srcset=\"https:\/\/fcspartaktrnava.com\/wp-content\/uploads\/2023\/08\/DSC_6158-1024x682.jpg 1024w, https:\/\/fcspartaktrnava.com\/wp-content\/uploads\/2023\/08\/DSC_6158-300x200.jpg 300w, https:\/\/fcspartaktrnava.com\/wp-content\/uploads\/2023\/08\/DSC_6158-768x512.jpg 768w, https:\/\/fcspartaktrnava.com\/wp-content\/uploads\/2023\/08\/DSC_6158-18x12.jpg 18w, https:\/\/fcspartaktrnava.com\/wp-content\/uploads\/2023\/08\/DSC_6158.jpg 1520w\" sizes=\"auto, (max-width: 1024px) 100vw, 1024px\" \/><\/figure>","protected":false},"excerpt":{"rendered":"<p>Presne pred t\u00fd\u017ed\u0148om odohral Spartak posledn\u00fd s\u00fa\u0165a\u017en\u00fd z\u00e1pas&#8230;<\/p>","protected":false},"author":2,"featured_media":13367,"comment_status":"closed","ping_status":"closed","sticky":false,"template":"","format":"standard","meta":{"footnotes":""},"categories":[41],"tags":[11],"class_list":["post-13477","post","type-post","status-publish","format-standard","has-post-thumbnail","hentry","category-intervju","tag-michal-gasparik","post-number-1"],"yoast_head":"<!-- This site is optimized with the Yoast SEO plugin v27.1.1 - https:\/\/yoast.com\/product\/yoast-seo-wordpress\/ -->\n<title>\u201eM\u00e1me siln\u00e9 dom\u00e1ce prostredie, ale nie tak\u00e9 ako kedysi\u201c - FC Spartak Trnava<\/title>\n<meta name=\"robots\" content=\"index, follow, max-snippet:-1, max-image-preview:large, max-video-preview:-1\" \/>\n<link rel=\"canonical\" href=\"https:\/\/fcspartaktrnava.com\/en\/mame-silne-domace-prostredie-ale-nie-take-ako-kedysi\/\" \/>\n<meta name=\"twitter:label1\" content=\"Written by\" \/>\n\t<meta name=\"twitter:data1\" content=\"spartak\" \/>\n\t<meta name=\"twitter:label2\" content=\"Estimated reading time\" \/>\n\t<meta name=\"twitter:data2\" content=\"10 minutes\" \/>\n<script type=\"application\/ld+json\" class=\"yoast-schema-graph\">{\"@context\":\"https:\/\/schema.org\",\"@graph\":[{\"@type\":\"Article\",\"@id\":\"https:\/\/fcspartaktrnava.com\/mame-silne-domace-prostredie-ale-nie-take-ako-kedysi\/#article\",\"isPartOf\":{\"@id\":\"https:\/\/fcspartaktrnava.com\/mame-silne-domace-prostredie-ale-nie-take-ako-kedysi\/\"},\"author\":{\"name\":\"spartak\",\"@id\":\"https:\/\/fcspartaktrnava.com\/#\/schema\/person\/24bc5b254af14f71d7d8af178790aa75\"},\"headline\":\"\u201eM\u00e1me siln\u00e9 dom\u00e1ce prostredie, ale nie tak\u00e9 ako kedysi\u201c\",\"datePublished\":\"2023-12-24T12:04:18+00:00\",\"dateModified\":\"2023-12-24T12:04:19+00:00\",\"mainEntityOfPage\":{\"@id\":\"https:\/\/fcspartaktrnava.com\/mame-silne-domace-prostredie-ale-nie-take-ako-kedysi\/\"},\"wordCount\":2031,\"publisher\":{\"@id\":\"https:\/\/fcspartaktrnava.com\/#organization\"},\"image\":{\"@id\":\"https:\/\/fcspartaktrnava.com\/mame-silne-domace-prostredie-ale-nie-take-ako-kedysi\/#primaryimage\"},\"thumbnailUrl\":\"https:\/\/fcspartaktrnava.com\/wp-content\/uploads\/2023\/12\/DSC_9483.jpg\",\"keywords\":[\"Michal Ga\u0161par\u00edk\"],\"articleSection\":[\"Rozhovory\"],\"inLanguage\":\"en-GB\"},{\"@type\":\"WebPage\",\"@id\":\"https:\/\/fcspartaktrnava.com\/mame-silne-domace-prostredie-ale-nie-take-ako-kedysi\/\",\"url\":\"https:\/\/fcspartaktrnava.com\/mame-silne-domace-prostredie-ale-nie-take-ako-kedysi\/\",\"name\":\"\u201eM\u00e1me siln\u00e9 dom\u00e1ce prostredie, ale nie tak\u00e9 ako kedysi\u201c - FC Spartak Trnava\",\"isPartOf\":{\"@id\":\"https:\/\/fcspartaktrnava.com\/#website\"},\"primaryImageOfPage\":{\"@id\":\"https:\/\/fcspartaktrnava.com\/mame-silne-domace-prostredie-ale-nie-take-ako-kedysi\/#primaryimage\"},\"image\":{\"@id\":\"https:\/\/fcspartaktrnava.com\/mame-silne-domace-prostredie-ale-nie-take-ako-kedysi\/#primaryimage\"},\"thumbnailUrl\":\"https:\/\/fcspartaktrnava.com\/wp-content\/uploads\/2023\/12\/DSC_9483.jpg\",\"datePublished\":\"2023-12-24T12:04:18+00:00\",\"dateModified\":\"2023-12-24T12:04:19+00:00\",\"breadcrumb\":{\"@id\":\"https:\/\/fcspartaktrnava.com\/mame-silne-domace-prostredie-ale-nie-take-ako-kedysi\/#breadcrumb\"},\"inLanguage\":\"en-GB\",\"potentialAction\":[{\"@type\":\"ReadAction\",\"target\":[\"https:\/\/fcspartaktrnava.com\/mame-silne-domace-prostredie-ale-nie-take-ako-kedysi\/\"]}]},{\"@type\":\"ImageObject\",\"inLanguage\":\"en-GB\",\"@id\":\"https:\/\/fcspartaktrnava.com\/mame-silne-domace-prostredie-ale-nie-take-ako-kedysi\/#primaryimage\",\"url\":\"https:\/\/fcspartaktrnava.com\/wp-content\/uploads\/2023\/12\/DSC_9483.jpg\",\"contentUrl\":\"https:\/\/fcspartaktrnava.com\/wp-content\/uploads\/2023\/12\/DSC_9483.jpg\",\"width\":1500,\"height\":1000},{\"@type\":\"BreadcrumbList\",\"@id\":\"https:\/\/fcspartaktrnava.com\/mame-silne-domace-prostredie-ale-nie-take-ako-kedysi\/#breadcrumb\",\"itemListElement\":[{\"@type\":\"ListItem\",\"position\":1,\"name\":\"Home\",\"item\":\"https:\/\/fcspartaktrnava.com\/\"},{\"@type\":\"ListItem\",\"position\":2,\"name\":\"\u201eM\u00e1me siln\u00e9 dom\u00e1ce prostredie, ale nie tak\u00e9 ako kedysi\u201c\"}]},{\"@type\":\"WebSite\",\"@id\":\"https:\/\/fcspartaktrnava.com\/#website\",\"url\":\"https:\/\/fcspartaktrnava.com\/\",\"name\":\"FC Spartak Trnava\",\"description\":\"ofici\u00e1lna webstr\u00e1nka futbalov\u00e9ho klubu\",\"publisher\":{\"@id\":\"https:\/\/fcspartaktrnava.com\/#organization\"},\"potentialAction\":[{\"@type\":\"SearchAction\",\"target\":{\"@type\":\"EntryPoint\",\"urlTemplate\":\"https:\/\/fcspartaktrnava.com\/?s={search_term_string}\"},\"query-input\":{\"@type\":\"PropertyValueSpecification\",\"valueRequired\":true,\"valueName\":\"search_term_string\"}}],\"inLanguage\":\"en-GB\"},{\"@type\":\"Organization\",\"@id\":\"https:\/\/fcspartaktrnava.com\/#organization\",\"name\":\"FC Spartak Trnava\",\"alternateName\":\"Spartak\",\"url\":\"https:\/\/fcspartaktrnava.com\/\",\"logo\":{\"@type\":\"ImageObject\",\"inLanguage\":\"en-GB\",\"@id\":\"https:\/\/fcspartaktrnava.com\/#\/schema\/logo\/image\/\",\"url\":\"https:\/\/fcspartaktrnava.com\/wp-content\/uploads\/2022\/08\/cropped-site_logo.png\",\"contentUrl\":\"https:\/\/fcspartaktrnava.com\/wp-content\/uploads\/2022\/08\/cropped-site_logo.png\",\"width\":140,\"height\":140,\"caption\":\"FC Spartak Trnava\"},\"image\":{\"@id\":\"https:\/\/fcspartaktrnava.com\/#\/schema\/logo\/image\/\"},\"sameAs\":[\"https:\/\/www.facebook.com\/SpartakTrnava\",\"https:\/\/x.com\/SpartakTrnava1\",\"https:\/\/www.instagram.com\/spartak_sk\/\"]},{\"@type\":\"Person\",\"@id\":\"https:\/\/fcspartaktrnava.com\/#\/schema\/person\/24bc5b254af14f71d7d8af178790aa75\",\"name\":\"spartak\",\"image\":{\"@type\":\"ImageObject\",\"inLanguage\":\"en-GB\",\"@id\":\"https:\/\/fcspartaktrnava.com\/#\/schema\/person\/image\/\",\"url\":\"https:\/\/secure.gravatar.com\/avatar\/f8ff8584f3fcf3909a11a6da9019f37749183b4015bca14e64556c52614cdc7f?s=96&d=mm&r=g\",\"contentUrl\":\"https:\/\/secure.gravatar.com\/avatar\/f8ff8584f3fcf3909a11a6da9019f37749183b4015bca14e64556c52614cdc7f?s=96&d=mm&r=g\",\"caption\":\"spartak\"},\"url\":\"https:\/\/fcspartaktrnava.com\/en\/author\/spartak\/\"}]}<\/script>\n<!-- \/ Yoast SEO plugin. -->","yoast_head_json":{"title":"\u201eM\u00e1me siln\u00e9 dom\u00e1ce prostredie, ale nie tak\u00e9 ako kedysi\u201c - FC Spartak Trnava","robots":{"index":"index","follow":"follow","max-snippet":"max-snippet:-1","max-image-preview":"max-image-preview:large","max-video-preview":"max-video-preview:-1"},"canonical":"https:\/\/fcspartaktrnava.com\/en\/mame-silne-domace-prostredie-ale-nie-take-ako-kedysi\/","twitter_misc":{"Written by":"spartak","Estimated reading time":"10 minutes"},"schema":{"@context":"https:\/\/schema.org","@graph":[{"@type":"Article","@id":"https:\/\/fcspartaktrnava.com\/mame-silne-domace-prostredie-ale-nie-take-ako-kedysi\/#article","isPartOf":{"@id":"https:\/\/fcspartaktrnava.com\/mame-silne-domace-prostredie-ale-nie-take-ako-kedysi\/"},"author":{"name":"spartak","@id":"https:\/\/fcspartaktrnava.com\/#\/schema\/person\/24bc5b254af14f71d7d8af178790aa75"},"headline":"\u201eM\u00e1me siln\u00e9 dom\u00e1ce prostredie, ale nie tak\u00e9 ako kedysi\u201c","datePublished":"2023-12-24T12:04:18+00:00","dateModified":"2023-12-24T12:04:19+00:00","mainEntityOfPage":{"@id":"https:\/\/fcspartaktrnava.com\/mame-silne-domace-prostredie-ale-nie-take-ako-kedysi\/"},"wordCount":2031,"publisher":{"@id":"https:\/\/fcspartaktrnava.com\/#organization"},"image":{"@id":"https:\/\/fcspartaktrnava.com\/mame-silne-domace-prostredie-ale-nie-take-ako-kedysi\/#primaryimage"},"thumbnailUrl":"https:\/\/fcspartaktrnava.com\/wp-content\/uploads\/2023\/12\/DSC_9483.jpg","keywords":["Michal Ga\u0161par\u00edk"],"articleSection":["Rozhovory"],"inLanguage":"en-GB"},{"@type":"WebPage","@id":"https:\/\/fcspartaktrnava.com\/mame-silne-domace-prostredie-ale-nie-take-ako-kedysi\/","url":"https:\/\/fcspartaktrnava.com\/mame-silne-domace-prostredie-ale-nie-take-ako-kedysi\/","name":"\u201eM\u00e1me siln\u00e9 dom\u00e1ce prostredie, ale nie tak\u00e9 ako kedysi\u201c - FC Spartak Trnava","isPartOf":{"@id":"https:\/\/fcspartaktrnava.com\/#website"},"primaryImageOfPage":{"@id":"https:\/\/fcspartaktrnava.com\/mame-silne-domace-prostredie-ale-nie-take-ako-kedysi\/#primaryimage"},"image":{"@id":"https:\/\/fcspartaktrnava.com\/mame-silne-domace-prostredie-ale-nie-take-ako-kedysi\/#primaryimage"},"thumbnailUrl":"https:\/\/fcspartaktrnava.com\/wp-content\/uploads\/2023\/12\/DSC_9483.jpg","datePublished":"2023-12-24T12:04:18+00:00","dateModified":"2023-12-24T12:04:19+00:00","breadcrumb":{"@id":"https:\/\/fcspartaktrnava.com\/mame-silne-domace-prostredie-ale-nie-take-ako-kedysi\/#breadcrumb"},"inLanguage":"en-GB","potentialAction":[{"@type":"ReadAction","target":["https:\/\/fcspartaktrnava.com\/mame-silne-domace-prostredie-ale-nie-take-ako-kedysi\/"]}]},{"@type":"ImageObject","inLanguage":"en-GB","@id":"https:\/\/fcspartaktrnava.com\/mame-silne-domace-prostredie-ale-nie-take-ako-kedysi\/#primaryimage","url":"https:\/\/fcspartaktrnava.com\/wp-content\/uploads\/2023\/12\/DSC_9483.jpg","contentUrl":"https:\/\/fcspartaktrnava.com\/wp-content\/uploads\/2023\/12\/DSC_9483.jpg","width":1500,"height":1000},{"@type":"BreadcrumbList","@id":"https:\/\/fcspartaktrnava.com\/mame-silne-domace-prostredie-ale-nie-take-ako-kedysi\/#breadcrumb","itemListElement":[{"@type":"ListItem","position":1,"name":"Home","item":"https:\/\/fcspartaktrnava.com\/"},{"@type":"ListItem","position":2,"name":"\u201eM\u00e1me siln\u00e9 dom\u00e1ce prostredie, ale nie tak\u00e9 ako kedysi\u201c"}]},{"@type":"WebSite","@id":"https:\/\/fcspartaktrnava.com\/#website","url":"https:\/\/fcspartaktrnava.com\/","name":"FC Spartak Trnava","description":"ofici\u00e1lna webstr\u00e1nka futbalov\u00e9ho klubu","publisher":{"@id":"https:\/\/fcspartaktrnava.com\/#organization"},"potentialAction":[{"@type":"SearchAction","target":{"@type":"EntryPoint","urlTemplate":"https:\/\/fcspartaktrnava.com\/?s={search_term_string}"},"query-input":{"@type":"PropertyValueSpecification","valueRequired":true,"valueName":"search_term_string"}}],"inLanguage":"en-GB"},{"@type":"Organization","@id":"https:\/\/fcspartaktrnava.com\/#organization","name":"FC Spartak Trnava","alternateName":"Spartak","url":"https:\/\/fcspartaktrnava.com\/","logo":{"@type":"ImageObject","inLanguage":"en-GB","@id":"https:\/\/fcspartaktrnava.com\/#\/schema\/logo\/image\/","url":"https:\/\/fcspartaktrnava.com\/wp-content\/uploads\/2022\/08\/cropped-site_logo.png","contentUrl":"https:\/\/fcspartaktrnava.com\/wp-content\/uploads\/2022\/08\/cropped-site_logo.png","width":140,"height":140,"caption":"FC Spartak Trnava"},"image":{"@id":"https:\/\/fcspartaktrnava.com\/#\/schema\/logo\/image\/"},"sameAs":["https:\/\/www.facebook.com\/SpartakTrnava","https:\/\/x.com\/SpartakTrnava1","https:\/\/www.instagram.com\/spartak_sk\/"]},{"@type":"Person","@id":"https:\/\/fcspartaktrnava.com\/#\/schema\/person\/24bc5b254af14f71d7d8af178790aa75","name":"spartak","image":{"@type":"ImageObject","inLanguage":"en-GB","@id":"https:\/\/fcspartaktrnava.com\/#\/schema\/person\/image\/","url":"https:\/\/secure.gravatar.com\/avatar\/f8ff8584f3fcf3909a11a6da9019f37749183b4015bca14e64556c52614cdc7f?s=96&d=mm&r=g","contentUrl":"https:\/\/secure.gravatar.com\/avatar\/f8ff8584f3fcf3909a11a6da9019f37749183b4015bca14e64556c52614cdc7f?s=96&d=mm&r=g","caption":"spartak"},"url":"https:\/\/fcspartaktrnava.com\/en\/author\/spartak\/"}]}},"_links":{"self":[{"href":"https:\/\/fcspartaktrnava.com\/en\/wp-json\/wp\/v2\/posts\/13477","targetHints":{"allow":["GET"]}}],"collection":[{"href":"https:\/\/fcspartaktrnava.com\/en\/wp-json\/wp\/v2\/posts"}],"about":[{"href":"https:\/\/fcspartaktrnava.com\/en\/wp-json\/wp\/v2\/types\/post"}],"author":[{"embeddable":true,"href":"https:\/\/fcspartaktrnava.com\/en\/wp-json\/wp\/v2\/users\/2"}],"replies":[{"embeddable":true,"href":"https:\/\/fcspartaktrnava.com\/en\/wp-json\/wp\/v2\/comments?post=13477"}],"version-history":[{"count":0,"href":"https:\/\/fcspartaktrnava.com\/en\/wp-json\/wp\/v2\/posts\/13477\/revisions"}],"wp:featuredmedia":[{"embeddable":true,"href":"https:\/\/fcspartaktrnava.com\/en\/wp-json\/wp\/v2\/media\/13367"}],"wp:attachment":[{"href":"https:\/\/fcspartaktrnava.com\/en\/wp-json\/wp\/v2\/media?parent=13477"}],"wp:term":[{"taxonomy":"category","embeddable":true,"href":"https:\/\/fcspartaktrnava.com\/en\/wp-json\/wp\/v2\/categories?post=13477"},{"taxonomy":"post_tag","embeddable":true,"href":"https:\/\/fcspartaktrnava.com\/en\/wp-json\/wp\/v2\/tags?post=13477"}],"curies":[{"name":"wp","href":"https:\/\/api.w.org\/{rel}","templated":true}]}}