{"id":13136,"date":"2023-12-08T20:55:49","date_gmt":"2023-12-08T18:55:49","guid":{"rendered":"https:\/\/fcspartaktrnava.com\/?p=13136"},"modified":"2023-12-08T20:55:51","modified_gmt":"2023-12-08T18:55:51","slug":"koniec-neporazitelnosti-vonku","status":"publish","type":"post","link":"https:\/\/fcspartaktrnava.com\/en\/koniec-neporazitelnosti-vonku\/","title":{"rendered":"Koniec neporazite\u013enosti vonku"},"content":{"rendered":"<div class=\"wp-block-group\"><div class=\"wp-block-group__inner-container is-layout-flow wp-block-group-is-layout-flow\">\n<p class=\"has-text-align-center\" style=\"font-size:16px\">\u0160tadi\u00f3n Pod Dub\u0148om, Nik\u00e9 liga, 17. kolo, 8. 12. 2023 o 17:30<\/p>\n\n\n\n<p class=\"has-text-align-center has-large-font-size\">M\u0160K \u017dILINA<br>FC SPARTAK TRNAVA<\/p>\n\n\n\n<p class=\"has-text-align-center has-x-large-font-size\" style=\"font-style:normal;font-weight:600\">1:0 <\/p>\n\n\n\n<div class=\"wp-block-group has-black-color has-text-color has-background\" style=\"background-color:#e2e7ec\"><div class=\"wp-block-group__inner-container is-layout-flow wp-block-group-is-layout-flow\">\n<p><strong>M\u0160K \u017dILINA:<\/strong><\/p>\n\n\n\n<p>Belko \u2013 Min\u00e1rik, Stoj\u010devski, Nem\u010d\u00edk \u2013 Rusn\u00e1k (90. Javor\u010dek), Gidi, Sauer, Bari \u2013 I\u013eko (77. Essomba), Bile (77. Adang), D. \u010euri\u0161<\/p>\n\n\n\n<p><strong>TRNAVA:<\/strong><\/p>\n\n\n\n<p>Tak\u00e1\u010d \u2013 \u0160ulek (64. Oseni), Ko\u0161trna, K\u00f3\u0161a, Mikovi\u010d (77. Kompan Breznik) \u2013 Daniel (38. \u0189uri\u010d), Bukata, Zeljkovi\u010d (77. Bern\u00e1t), Ofori, Azango \u2013 M. \u010euri\u0161 (64. Paur)<\/p>\n\n\n\n<p><strong>Goal<\/strong>: 45. Gidi<\/p>\n\n\n\n<p><strong>Yellow cards:<\/strong> Bile \u2013 \u0160ulek, Bukata, Mikovi\u010d, Ko\u0161trna<\/p>\n\n\n\n<p><strong>Rozhodoval<\/strong>: Erik Gemzick\u00fd<\/p>\n\n\n\n<p>1412 div\u00e1kov<\/p>\n<\/div><\/div>\n<\/div><\/div>\n\n\n\n<p>Prv\u00e9 nebezpe\u010denstvo pred br\u00e1nkou pri\u0161lo v&nbsp;10. min, ke\u010f vyslal Ofori, hraj\u00faci v&nbsp;strede z\u00e1lohy, strelu spoza \u0161estn\u00e1stky, ktor\u00e1 sa obtrela o&nbsp;jedn\u00e9ho z&nbsp;obrancov a&nbsp;zmenila smer. Belko v\u0161ak stihol zareagova\u0165 a&nbsp;vytla\u010di\u0165 loptu na roh. E\u0161te v\u00e4\u010d\u0161iu tutovku mal o&nbsp;desa\u0165 min\u00fat nesk\u00f4r, ke\u010f \u0160ulek na\u0161iel v&nbsp;p\u00e4\u0165ke centrom vo\u013en\u00e9ho Bukatu, ktor\u00fd v\u0161ak zbl\u00edzka prehlavi\u010dkoval br\u00e1nku. V&nbsp;25. min zahr\u00e1val Bukata rohov\u00fd kop, lopta pre\u0161la celou p\u00e4\u0165kou, ale nikto ju neupratal do siete, a\u017e Ofori to sk\u00fasil z&nbsp;uhla, ale netrafil.<\/p>\n\n\n\n<p>Po rohu na opa\u010dnej strane strie\u013eal Nem\u010d\u00edk, ale K\u00f3\u0161a loptu vyhlavi\u010dkoval e\u0161te pred Tak\u00e1\u010dom. &nbsp;Pred koncom pol\u010dasu sa pri jednom zo \u0161printov zranil Daniel a&nbsp;nahradil ho uzdraven\u00fd \u0189uri\u010d. Ten sa postavil do stredu a&nbsp;na kraj sa posunul \u0160ulek.<\/p>\n\n\n\n<p>Pred koncom pol\u010dasu sa Bile pekne prek\u013eu\u010dkoval v&nbsp;\u0161estn\u00e1stke Trnavy a&nbsp;akciu zakon\u010dil Rusn\u00e1k strelou z&nbsp;prvej, ale nad br\u00e1nku. \u010co sa nepodarilo jemu, vy\u0161lo e\u0161te do prest\u00e1vky Gidimu, ktor\u00fd z&nbsp;hranice \u0161estn\u00e1stky trafil presne k&nbsp;ty\u010dke, kam Tak\u00e1\u010d nedo\u010diahol.<\/p>\n\n\n\n<p>Druh\u00fd pol\u010das na\u010dal strelou Bari, ale Tak\u00e1\u010d bol pri bli\u017e\u0161ej ty\u010dke pripraven\u00fd. Tr\u00e9ner Ga\u0161par\u00edk po hodine hry striedal dvojicu hr\u00e1\u010dov. Po dlh\u0161ej dobe sa do hry po zranen\u00ed vr\u00e1til Oseni a&nbsp;na hrot sa postavil Paur.<\/p>\n\n\n\n<p>V&nbsp;69. min mohol Bile po chybnej Tak\u00e1\u010dovej rozohr\u00e1vke zv\u00fd\u0161i\u0165, ale trnavsk\u00fd brank\u00e1r svoju chybu napravil a&nbsp;v\u010das sa vr\u00e1til do br\u00e1nky.<\/p>\n\n\n\n<p>\u017dilin\u010danov to nemuselo mrzie\u0165, lebo druh\u00fd pol\u010das si akt\u00edvnou hrou postr\u00e1\u017eili. Spartak nepustili do zakon\u010denia, ani do s\u00favislej\u0161ieho tlaku, tak\u017ee si bez v\u00e4\u010d\u0161\u00edch probl\u00e9mov ustr\u00e1\u017eili \u010fal\u0161ie v\u00ed\u0165azstvo nad Spartakom. Ni\u010d na tom nezmenila ani Paurova hlavi\u010dka, ktor\u00e1 bola prv\u00fdm a&nbsp;jedin\u00fdm zakon\u010den\u00edm na br\u00e1nku v&nbsp;druhom pol\u010dase.<\/p>\n\n\n\n<p class=\"has-vivid-red-color has-text-color has-medium-font-size\"><strong>POVEDALI PO Z\u00c1PASE:<\/strong><\/p>\n\n\n\n<p>Jaroslav Hynek (\u017dilina): &#8222;Na t\u00fato dobu skvel\u00e9 ihrisko a bolo sa na \u010do pozera\u0165. Hralo sa o 2. miesto, \u010do bola motiv\u00e1cia navy\u0161e. Je e\u0161te ve\u013ea z\u00e1pasov a bodov pred nami a my sme doma chceli vyhra\u0165. S t\u00fdmto realiz\u00e1kom sa n\u00e1m to e\u0161te nepodarilo. Dnes sme boli efekt\u00edvnej\u0161\u00ed my Prv\u00fa \u0161ancu mal s\u00faper, ale my sme dali g\u00f3l do \u0161atne, \u010do n\u00e1s povzbudilo, \u017ee veci, na ktor\u00e9 sme sa chystali, sa n\u00e1m darili. V druhom pol\u010dase sme sa s\u00fa s\u00fastredili na defenz\u00edvne situ\u00e1cie, ktor\u00e9 n\u00e1m vy\u0161li. Tr\u00e1pia ma brejkov\u00e9 situ\u00e1cie, ktor\u00e9 sme efekt\u00edvne nerealizovali. Sme radi, \u017ee sme vyhrali, skvel\u00fd z\u00e1pas, pre n\u00e1s skvel\u00fd v\u00fdsledok.&#8220; <\/p>\n\n\n\n<p>Michal Ga\u0161par\u00edk (Spartak): &#8222;Tak\u00fd vyrovnan\u00fd z\u00e1pas a v tak\u00fdchto z\u00e1pasoch b\u00fdva d\u00f4le\u017eit\u00e9, kto d\u00e1 prv\u00fd g\u00f3l. Mohli sme ho da\u0165 my, mali sme vylo\u017een\u00fa \u0161ancu, ktor\u00fa mal Buki, nedlali sme a dostali sme v najnevhodnej\u0161om \u010dase a to ve\u013emi povzbudilo \u017dilin\u010danov. V druhom pol\u010dase sme si nedok\u00e1zali vypracova\u0165 to\u013eko \u0161estn\u00e1stkov\u00fdch situ\u00e1ci\u00ed. Ku koncu sme mali tlak, ale nemali sme vylo\u017een\u00e9 \u0161ance. Po dlhom \u010dase sme nedok\u00e1zali streli\u0165 g\u00f3l a preto sme pri\u0161li o pekn\u00fa s\u00e9riu bez  prehry vonku.&#8220;<\/p>","protected":false},"excerpt":{"rendered":"<p>\u0160tadi\u00f3n Pod Dub\u0148om, Nik\u00e9 liga, 17. kolo, 8&#8230;.<\/p>","protected":false},"author":2,"featured_media":13137,"comment_status":"closed","ping_status":"closed","sticky":false,"template":"","format":"standard","meta":{"footnotes":""},"categories":[20],"tags":[],"class_list":["post-13136","post","type-post","status-publish","format-standard","has-post-thumbnail","hentry","category-zapas","post-number-1"],"yoast_head":"<!-- This site is optimized with the Yoast SEO plugin v27.1.1 - https:\/\/yoast.com\/product\/yoast-seo-wordpress\/ -->\n<title>Koniec neporazite\u013enosti vonku - FC Spartak Trnava<\/title>\n<meta name=\"robots\" content=\"index, follow, max-snippet:-1, max-image-preview:large, max-video-preview:-1\" \/>\n<link rel=\"canonical\" href=\"https:\/\/fcspartaktrnava.com\/en\/koniec-neporazitelnosti-vonku\/\" \/>\n<meta name=\"twitter:label1\" content=\"Written by\" \/>\n\t<meta name=\"twitter:data1\" content=\"spartak\" \/>\n\t<meta name=\"twitter:label2\" content=\"Estimated reading time\" \/>\n\t<meta name=\"twitter:data2\" content=\"3 minutes\" \/>\n<script type=\"application\/ld+json\" class=\"yoast-schema-graph\">{\"@context\":\"https:\/\/schema.org\",\"@graph\":[{\"@type\":\"Article\",\"@id\":\"https:\/\/fcspartaktrnava.com\/koniec-neporazitelnosti-vonku\/#article\",\"isPartOf\":{\"@id\":\"https:\/\/fcspartaktrnava.com\/koniec-neporazitelnosti-vonku\/\"},\"author\":{\"name\":\"spartak\",\"@id\":\"https:\/\/fcspartaktrnava.com\/#\/schema\/person\/24bc5b254af14f71d7d8af178790aa75\"},\"headline\":\"Koniec neporazite\u013enosti vonku\",\"datePublished\":\"2023-12-08T18:55:49+00:00\",\"dateModified\":\"2023-12-08T18:55:51+00:00\",\"mainEntityOfPage\":{\"@id\":\"https:\/\/fcspartaktrnava.com\/koniec-neporazitelnosti-vonku\/\"},\"wordCount\":688,\"publisher\":{\"@id\":\"https:\/\/fcspartaktrnava.com\/#organization\"},\"image\":{\"@id\":\"https:\/\/fcspartaktrnava.com\/koniec-neporazitelnosti-vonku\/#primaryimage\"},\"thumbnailUrl\":\"https:\/\/fcspartaktrnava.com\/wp-content\/uploads\/2023\/12\/DSC_7587-scaled.jpg\",\"articleSection\":[\"Z\u00e1pas\"],\"inLanguage\":\"en-GB\"},{\"@type\":\"WebPage\",\"@id\":\"https:\/\/fcspartaktrnava.com\/koniec-neporazitelnosti-vonku\/\",\"url\":\"https:\/\/fcspartaktrnava.com\/koniec-neporazitelnosti-vonku\/\",\"name\":\"Koniec neporazite\u013enosti vonku - FC Spartak Trnava\",\"isPartOf\":{\"@id\":\"https:\/\/fcspartaktrnava.com\/#website\"},\"primaryImageOfPage\":{\"@id\":\"https:\/\/fcspartaktrnava.com\/koniec-neporazitelnosti-vonku\/#primaryimage\"},\"image\":{\"@id\":\"https:\/\/fcspartaktrnava.com\/koniec-neporazitelnosti-vonku\/#primaryimage\"},\"thumbnailUrl\":\"https:\/\/fcspartaktrnava.com\/wp-content\/uploads\/2023\/12\/DSC_7587-scaled.jpg\",\"datePublished\":\"2023-12-08T18:55:49+00:00\",\"dateModified\":\"2023-12-08T18:55:51+00:00\",\"breadcrumb\":{\"@id\":\"https:\/\/fcspartaktrnava.com\/koniec-neporazitelnosti-vonku\/#breadcrumb\"},\"inLanguage\":\"en-GB\",\"potentialAction\":[{\"@type\":\"ReadAction\",\"target\":[\"https:\/\/fcspartaktrnava.com\/koniec-neporazitelnosti-vonku\/\"]}]},{\"@type\":\"ImageObject\",\"inLanguage\":\"en-GB\",\"@id\":\"https:\/\/fcspartaktrnava.com\/koniec-neporazitelnosti-vonku\/#primaryimage\",\"url\":\"https:\/\/fcspartaktrnava.com\/wp-content\/uploads\/2023\/12\/DSC_7587-scaled.jpg\",\"contentUrl\":\"https:\/\/fcspartaktrnava.com\/wp-content\/uploads\/2023\/12\/DSC_7587-scaled.jpg\",\"width\":2560,\"height\":1703},{\"@type\":\"BreadcrumbList\",\"@id\":\"https:\/\/fcspartaktrnava.com\/koniec-neporazitelnosti-vonku\/#breadcrumb\",\"itemListElement\":[{\"@type\":\"ListItem\",\"position\":1,\"name\":\"Home\",\"item\":\"https:\/\/fcspartaktrnava.com\/\"},{\"@type\":\"ListItem\",\"position\":2,\"name\":\"Koniec neporazite\u013enosti vonku\"}]},{\"@type\":\"WebSite\",\"@id\":\"https:\/\/fcspartaktrnava.com\/#website\",\"url\":\"https:\/\/fcspartaktrnava.com\/\",\"name\":\"FC Spartak Trnava\",\"description\":\"ofici\u00e1lna webstr\u00e1nka futbalov\u00e9ho klubu\",\"publisher\":{\"@id\":\"https:\/\/fcspartaktrnava.com\/#organization\"},\"potentialAction\":[{\"@type\":\"SearchAction\",\"target\":{\"@type\":\"EntryPoint\",\"urlTemplate\":\"https:\/\/fcspartaktrnava.com\/?s={search_term_string}\"},\"query-input\":{\"@type\":\"PropertyValueSpecification\",\"valueRequired\":true,\"valueName\":\"search_term_string\"}}],\"inLanguage\":\"en-GB\"},{\"@type\":\"Organization\",\"@id\":\"https:\/\/fcspartaktrnava.com\/#organization\",\"name\":\"FC Spartak Trnava\",\"alternateName\":\"Spartak\",\"url\":\"https:\/\/fcspartaktrnava.com\/\",\"logo\":{\"@type\":\"ImageObject\",\"inLanguage\":\"en-GB\",\"@id\":\"https:\/\/fcspartaktrnava.com\/#\/schema\/logo\/image\/\",\"url\":\"https:\/\/fcspartaktrnava.com\/wp-content\/uploads\/2022\/08\/cropped-site_logo.png\",\"contentUrl\":\"https:\/\/fcspartaktrnava.com\/wp-content\/uploads\/2022\/08\/cropped-site_logo.png\",\"width\":140,\"height\":140,\"caption\":\"FC Spartak Trnava\"},\"image\":{\"@id\":\"https:\/\/fcspartaktrnava.com\/#\/schema\/logo\/image\/\"},\"sameAs\":[\"https:\/\/www.facebook.com\/SpartakTrnava\",\"https:\/\/x.com\/SpartakTrnava1\",\"https:\/\/www.instagram.com\/spartak_sk\/\"]},{\"@type\":\"Person\",\"@id\":\"https:\/\/fcspartaktrnava.com\/#\/schema\/person\/24bc5b254af14f71d7d8af178790aa75\",\"name\":\"spartak\",\"image\":{\"@type\":\"ImageObject\",\"inLanguage\":\"en-GB\",\"@id\":\"https:\/\/fcspartaktrnava.com\/#\/schema\/person\/image\/\",\"url\":\"https:\/\/secure.gravatar.com\/avatar\/f8ff8584f3fcf3909a11a6da9019f37749183b4015bca14e64556c52614cdc7f?s=96&d=mm&r=g\",\"contentUrl\":\"https:\/\/secure.gravatar.com\/avatar\/f8ff8584f3fcf3909a11a6da9019f37749183b4015bca14e64556c52614cdc7f?s=96&d=mm&r=g\",\"caption\":\"spartak\"},\"url\":\"https:\/\/fcspartaktrnava.com\/en\/author\/spartak\/\"}]}<\/script>\n<!-- \/ Yoast SEO plugin. -->","yoast_head_json":{"title":"Koniec neporazite\u013enosti vonku - FC Spartak Trnava","robots":{"index":"index","follow":"follow","max-snippet":"max-snippet:-1","max-image-preview":"max-image-preview:large","max-video-preview":"max-video-preview:-1"},"canonical":"https:\/\/fcspartaktrnava.com\/en\/koniec-neporazitelnosti-vonku\/","twitter_misc":{"Written by":"spartak","Estimated reading time":"3 minutes"},"schema":{"@context":"https:\/\/schema.org","@graph":[{"@type":"Article","@id":"https:\/\/fcspartaktrnava.com\/koniec-neporazitelnosti-vonku\/#article","isPartOf":{"@id":"https:\/\/fcspartaktrnava.com\/koniec-neporazitelnosti-vonku\/"},"author":{"name":"spartak","@id":"https:\/\/fcspartaktrnava.com\/#\/schema\/person\/24bc5b254af14f71d7d8af178790aa75"},"headline":"Koniec neporazite\u013enosti vonku","datePublished":"2023-12-08T18:55:49+00:00","dateModified":"2023-12-08T18:55:51+00:00","mainEntityOfPage":{"@id":"https:\/\/fcspartaktrnava.com\/koniec-neporazitelnosti-vonku\/"},"wordCount":688,"publisher":{"@id":"https:\/\/fcspartaktrnava.com\/#organization"},"image":{"@id":"https:\/\/fcspartaktrnava.com\/koniec-neporazitelnosti-vonku\/#primaryimage"},"thumbnailUrl":"https:\/\/fcspartaktrnava.com\/wp-content\/uploads\/2023\/12\/DSC_7587-scaled.jpg","articleSection":["Z\u00e1pas"],"inLanguage":"en-GB"},{"@type":"WebPage","@id":"https:\/\/fcspartaktrnava.com\/koniec-neporazitelnosti-vonku\/","url":"https:\/\/fcspartaktrnava.com\/koniec-neporazitelnosti-vonku\/","name":"Koniec neporazite\u013enosti vonku - FC Spartak Trnava","isPartOf":{"@id":"https:\/\/fcspartaktrnava.com\/#website"},"primaryImageOfPage":{"@id":"https:\/\/fcspartaktrnava.com\/koniec-neporazitelnosti-vonku\/#primaryimage"},"image":{"@id":"https:\/\/fcspartaktrnava.com\/koniec-neporazitelnosti-vonku\/#primaryimage"},"thumbnailUrl":"https:\/\/fcspartaktrnava.com\/wp-content\/uploads\/2023\/12\/DSC_7587-scaled.jpg","datePublished":"2023-12-08T18:55:49+00:00","dateModified":"2023-12-08T18:55:51+00:00","breadcrumb":{"@id":"https:\/\/fcspartaktrnava.com\/koniec-neporazitelnosti-vonku\/#breadcrumb"},"inLanguage":"en-GB","potentialAction":[{"@type":"ReadAction","target":["https:\/\/fcspartaktrnava.com\/koniec-neporazitelnosti-vonku\/"]}]},{"@type":"ImageObject","inLanguage":"en-GB","@id":"https:\/\/fcspartaktrnava.com\/koniec-neporazitelnosti-vonku\/#primaryimage","url":"https:\/\/fcspartaktrnava.com\/wp-content\/uploads\/2023\/12\/DSC_7587-scaled.jpg","contentUrl":"https:\/\/fcspartaktrnava.com\/wp-content\/uploads\/2023\/12\/DSC_7587-scaled.jpg","width":2560,"height":1703},{"@type":"BreadcrumbList","@id":"https:\/\/fcspartaktrnava.com\/koniec-neporazitelnosti-vonku\/#breadcrumb","itemListElement":[{"@type":"ListItem","position":1,"name":"Home","item":"https:\/\/fcspartaktrnava.com\/"},{"@type":"ListItem","position":2,"name":"Koniec neporazite\u013enosti vonku"}]},{"@type":"WebSite","@id":"https:\/\/fcspartaktrnava.com\/#website","url":"https:\/\/fcspartaktrnava.com\/","name":"FC Spartak Trnava","description":"ofici\u00e1lna webstr\u00e1nka futbalov\u00e9ho klubu","publisher":{"@id":"https:\/\/fcspartaktrnava.com\/#organization"},"potentialAction":[{"@type":"SearchAction","target":{"@type":"EntryPoint","urlTemplate":"https:\/\/fcspartaktrnava.com\/?s={search_term_string}"},"query-input":{"@type":"PropertyValueSpecification","valueRequired":true,"valueName":"search_term_string"}}],"inLanguage":"en-GB"},{"@type":"Organization","@id":"https:\/\/fcspartaktrnava.com\/#organization","name":"FC Spartak Trnava","alternateName":"Spartak","url":"https:\/\/fcspartaktrnava.com\/","logo":{"@type":"ImageObject","inLanguage":"en-GB","@id":"https:\/\/fcspartaktrnava.com\/#\/schema\/logo\/image\/","url":"https:\/\/fcspartaktrnava.com\/wp-content\/uploads\/2022\/08\/cropped-site_logo.png","contentUrl":"https:\/\/fcspartaktrnava.com\/wp-content\/uploads\/2022\/08\/cropped-site_logo.png","width":140,"height":140,"caption":"FC Spartak Trnava"},"image":{"@id":"https:\/\/fcspartaktrnava.com\/#\/schema\/logo\/image\/"},"sameAs":["https:\/\/www.facebook.com\/SpartakTrnava","https:\/\/x.com\/SpartakTrnava1","https:\/\/www.instagram.com\/spartak_sk\/"]},{"@type":"Person","@id":"https:\/\/fcspartaktrnava.com\/#\/schema\/person\/24bc5b254af14f71d7d8af178790aa75","name":"spartak","image":{"@type":"ImageObject","inLanguage":"en-GB","@id":"https:\/\/fcspartaktrnava.com\/#\/schema\/person\/image\/","url":"https:\/\/secure.gravatar.com\/avatar\/f8ff8584f3fcf3909a11a6da9019f37749183b4015bca14e64556c52614cdc7f?s=96&d=mm&r=g","contentUrl":"https:\/\/secure.gravatar.com\/avatar\/f8ff8584f3fcf3909a11a6da9019f37749183b4015bca14e64556c52614cdc7f?s=96&d=mm&r=g","caption":"spartak"},"url":"https:\/\/fcspartaktrnava.com\/en\/author\/spartak\/"}]}},"_links":{"self":[{"href":"https:\/\/fcspartaktrnava.com\/en\/wp-json\/wp\/v2\/posts\/13136","targetHints":{"allow":["GET"]}}],"collection":[{"href":"https:\/\/fcspartaktrnava.com\/en\/wp-json\/wp\/v2\/posts"}],"about":[{"href":"https:\/\/fcspartaktrnava.com\/en\/wp-json\/wp\/v2\/types\/post"}],"author":[{"embeddable":true,"href":"https:\/\/fcspartaktrnava.com\/en\/wp-json\/wp\/v2\/users\/2"}],"replies":[{"embeddable":true,"href":"https:\/\/fcspartaktrnava.com\/en\/wp-json\/wp\/v2\/comments?post=13136"}],"version-history":[{"count":0,"href":"https:\/\/fcspartaktrnava.com\/en\/wp-json\/wp\/v2\/posts\/13136\/revisions"}],"wp:featuredmedia":[{"embeddable":true,"href":"https:\/\/fcspartaktrnava.com\/en\/wp-json\/wp\/v2\/media\/13137"}],"wp:attachment":[{"href":"https:\/\/fcspartaktrnava.com\/en\/wp-json\/wp\/v2\/media?parent=13136"}],"wp:term":[{"taxonomy":"category","embeddable":true,"href":"https:\/\/fcspartaktrnava.com\/en\/wp-json\/wp\/v2\/categories?post=13136"},{"taxonomy":"post_tag","embeddable":true,"href":"https:\/\/fcspartaktrnava.com\/en\/wp-json\/wp\/v2\/tags?post=13136"}],"curies":[{"name":"wp","href":"https:\/\/api.w.org\/{rel}","templated":true}]}}