{"id":13127,"date":"2023-12-04T12:03:08","date_gmt":"2023-12-04T10:03:08","guid":{"rendered":"https:\/\/fcspartaktrnava.com\/?p=13127"},"modified":"2023-12-04T12:03:08","modified_gmt":"2023-12-04T10:03:08","slug":"djuricin-nepotrebuje-na-gol-ani-polcas","status":"publish","type":"post","link":"https:\/\/fcspartaktrnava.com\/en\/djuricin-nepotrebuje-na-gol-ani-polcas\/","title":{"rendered":"Djuri\u010din nepotrebuje na g\u00f3l ani pol\u010das"},"content":{"rendered":"<p>Spartak po krutej prehre v Eur\u00f3pskej konferen\u010dnej lige nabehol op\u00e4tovne na v\u00ed\u0165azn\u00fa ligov\u00fa vlnu. Z\u00e1pas sa hral v mrazivom po\u010das\u00ed a vy\u0161e dva a pol tis\u00edca fan\u00fa\u0161ikov na \u0161tadi\u00f3ne si zasl\u00fa\u017ei po\u010fakovanie. Hr\u00e1\u010di potvrdili \u00falohu favorita a po z\u00e1pase sa pri\u0161li po\u010fakova\u0165 aj ve\u013emi slu\u0161ne zaplnen\u00e9mu detsk\u00e9mu sektoru. Viac ako p\u00e4\u0165sto det\u00ed pril\u00e1kal okrem in\u00e9ho aj Mikul\u00e1\u0161 so svojimi pomocn\u00edkmi, ktor\u00ed e\u0161te pred z\u00e1pasom zabavili deti a rozdali im drobn\u00e9 dar\u010deky.<\/p>\n\n\n\n<figure class=\"wp-block-image size-large\"><img loading=\"lazy\" decoding=\"async\" width=\"1024\" height=\"681\" src=\"https:\/\/fcspartaktrnava.com\/wp-content\/uploads\/2023\/12\/DSC_6870-1024x681.jpg\" alt=\"\" class=\"wp-image-13084\" srcset=\"https:\/\/fcspartaktrnava.com\/wp-content\/uploads\/2023\/12\/DSC_6870-1024x681.jpg 1024w, https:\/\/fcspartaktrnava.com\/wp-content\/uploads\/2023\/12\/DSC_6870-300x200.jpg 300w, https:\/\/fcspartaktrnava.com\/wp-content\/uploads\/2023\/12\/DSC_6870-768x511.jpg 768w, https:\/\/fcspartaktrnava.com\/wp-content\/uploads\/2023\/12\/DSC_6870-18x12.jpg 18w, https:\/\/fcspartaktrnava.com\/wp-content\/uploads\/2023\/12\/DSC_6870.jpg 1520w\" sizes=\"auto, (max-width: 1024px) 100vw, 1024px\" \/><\/figure>\n\n\n\n<p>Futbalisti si poradili so Skalicou, ktor\u00e1 s\u00edce dopredu nebola nebezpe\u010dn\u00e1, ale na g\u00f3l v Junasovej sieti sa \u010dakalo celkom dlho. A\u017e takmer po hodine hry posadil Erik Daniel z prav\u00e9ho kr\u00eddla par\u00e1dny center na Zeljkovi\u010dovu hlavu a slovinsk\u00fd stredopoliar svoj\u00edm druh\u00fdm g\u00f3lom aspo\u0148 trocha upokojil fan\u00fa\u0161ikov.<\/p>\n\n\n\n<p>\u201e<em><strong>D\u00e1vnej\u0161ie sme sa s n\u00edm bavili o tom, \u017ee pr\u00e1ve hru hlavou m\u00f4\u017ee e\u0161te zlep\u0161i\u0165. Potrebuje na sebe popracova\u0165, najm\u00e4 pri ofenz\u00edvnych \u0161tandardn\u00fdch situ\u00e1ci\u00e1ch. S jeho postavou m\u00f4\u017ee by\u0165 v t\u00fdchto \u010dinnostiach e\u0161te v\u00fdraznej\u0161\u00ed. Ke\u010f dostane tak\u00fdto fantastick\u00fd center a dostane sa p\u00e1rkr\u00e1t za z\u00e1pas na hrot, tak to tentoraz v\u00fdborne zakon\u010dil. Ten g\u00f3l n\u00e1m ve\u013emi pomohol,\u201c<\/strong><\/em> povedal po z\u00e1pase tr\u00e9ner Michal Ga\u0161par\u00edk, ktor\u00fd sa ob\u00e1val pr\u00e1ve toho, \u017ee jeho hr\u00e1\u010di bud\u00fa dob\u00edja\u0165 skalick\u00fa br\u00e1nku.<\/p>\n\n\n\n<p>Zeljko, ktor\u00e9ho prim\u00e1rnou \u00falohou je najm\u00e4 nar\u00fa\u0161a\u0165 prechod s\u00fapera na polovicu Spartaka a odobera\u0165 lopty, sa tentoraz predviedol ako klasick\u00fd \u00fato\u010dn\u00edk s v\u00fdborn\u00fdm tajmigom a loptu upratal do nechytate\u013en\u00e9ho bodu v br\u00e1nke. <em><strong>\u201eBola to tak\u00e1 na\u0161a klasick\u00e1 akcia z kr\u00eddla. V pol\u010dase n\u00e1m tr\u00e9ner hovoril, \u017ee to m\u00e1me viac \u0165aha\u0165 do \u0161\u00edrky a sk\u00fa\u0161a\u0165 odtia\u013e centrova\u0165. Presne tak n\u00e1m to nakoniec vy\u0161lo.\u201c<\/strong><\/em><\/p>\n\n\n\n<figure class=\"wp-block-embed is-type-video is-provider-youtube wp-block-embed-youtube wp-embed-aspect-16-9 wp-has-aspect-ratio\"><div class=\"wp-block-embed__wrapper\">\n<iframe loading=\"lazy\" title=\"Marco Djuri\u010din po z\u00e1pase so Skalicou\" width=\"500\" height=\"281\" src=\"https:\/\/www.youtube.com\/embed\/KPTsJh3Kdyg?feature=oembed\" frameborder=\"0\" allow=\"accelerometer; autoplay; clipboard-write; encrypted-media; gyroscope; picture-in-picture; web-share\" referrerpolicy=\"strict-origin-when-cross-origin\" allowfullscreen><\/iframe>\n<\/div><\/figure>\n\n\n\n<p>Dlho to bol jedin\u00fd g\u00f3l z\u00e1pasu a obrana Spartaka musela by\u0165 v strehu pri nejakom brejku alebo po \u0161tandardke. Upokojenie priniesol a\u017e nadstaven\u00fd \u010das, ke\u010f Daniel adresoval svoju druh\u00fa asistenciu v z\u00e1pase. Tentoraz uvo\u013enil Marca Djuri\u010dina, ktor\u00fd prekvapil Junasa strelou k bli\u017e\u0161ej \u017erdi.<\/p>\n\n\n\n<p>\u201e<em><strong>Bol to dlh\u00fd \u010das, ale g\u00f3l ma ve\u013emi pote\u0161il. Mal som aj trocha \u0161\u0165astia, ale ako \u00fato\u010dn\u00edk ho potrebujete. Pre m\u0148a je dobr\u00e9, \u017ee som zasa mohol pom\u00f4c\u0165 t\u00edmu. Dnes som nemal ve\u013ea \u010dasu na ploche, ale t\u00fdch 12 min\u00fat bolo ok. Mal som jednu strelu, bol z toho g\u00f3l a som ve\u013emi r\u00e1d, \u017ee som zv\u00fd\u0161il na 2:0 a pomohol k v\u00fdhre\u201c<\/strong><\/em>, te\u0161il sa po stretnut\u00ed rak\u00fasky \u00fato\u010dn\u00edk. V brejku dvoch na jedn\u00e9ho mu \u00faplne vo\u013en\u00fd pred br\u00e1nku nabiehal Ofori. Zrejme viacer\u00ed, vr\u00e1tane brank\u00e1ra, o\u010dak\u00e1vali, \u017ee ho Djuri\u010din bude h\u013eada\u010d prihr\u00e1vkou, ale ten bez okolkov vyp\u00e1lil z poz\u00edcie, ktor\u00e1 nebola \u00faplne g\u00f3lov\u00e1. Odmenou mu bola g\u00f3lov\u00e1 rados\u0165.<\/p>\n\n\n\n<p>\u201e<em><strong>Toto je on, je to striker. Mal tam vo\u013en\u00e9ho hr\u00e1\u010da na druhej strane, ale ani nezdvihol hlavu, hne\u010f to p\u00e1lil a skon\u010dilo to v site. Je to pre\u0148ho povzbudenie a dobr\u00fd n\u00e1vrat to ligov\u00e9ho koloto\u010da,\u201c<\/strong><\/em> usmieval sa Ga\u0161par\u00edk, ktor\u00fd m\u00e1 v mu\u017estve okrem Michala \u010euri\u0161a \u010fal\u0161ieho kvalitn\u00e9ho zakon\u010dovate\u013ea.<\/p>\n\n\n\n<p>Mimochodom, Djuri\u010din m\u00e1 najlep\u0161\u00ed g\u00f3lov\u00fd priemer v lige. Na za\u010diatku sez\u00f3ny nast\u00fapil v prv\u00fdch dvoch kol\u00e1ch proti Tren\u010d\u00ednu a Zlat\u00fdm Moravciach a v oboch z\u00e1pasoch sk\u00f3roval. Potom ho zl\u00e9 zdravotn\u00e9 testy vyradili na viac ako tri mesiace z hry a po n\u00e1vrate op\u00e4\u0165 sk\u00f3roval. Tri z\u00e1pasy \u2013 tri g\u00f3ly, a to m\u00e1 odohran\u00fdch dovedna 115 min\u00fat.<\/p>\n\n\n\n<p>\u201e<em><strong>Posledn\u00e9 tri mesiace som ve\u013ea behal, ale v z\u00e1pase je to v\u017edy in\u00e9. V tr\u00e9ningy sa sna\u017e\u00edm \u00eds\u0165 naplno, c\u00edtim sa dobre. M\u00e1me v\u0161ak ve\u013emi dobr\u00e9ho \u00fato\u010dn\u00edka Mi\u0161a \u010euri\u0161a, ktor\u00fd odv\u00e1dza dobr\u00fa pr\u00e1cu a ke\u010f povedzme v 70. alebo v 75. min\u00fate kon\u010d\u00ed, ja mus\u00edm by\u0165 pripraven\u00fd,\u201c <\/strong><\/em>zakon\u010dil Marco Djuri\u010din.<\/p>\n\n\n\n<figure class=\"wp-block-embed is-type-video is-provider-youtube wp-block-embed-youtube wp-embed-aspect-16-9 wp-has-aspect-ratio\"><div class=\"wp-block-embed__wrapper\">\n<iframe loading=\"lazy\" title=\"Adrian Zeljkovi\u010d po z\u00e1pase so Skalicou\" width=\"500\" height=\"281\" src=\"https:\/\/www.youtube.com\/embed\/1xCSa980QJI?feature=oembed\" frameborder=\"0\" allow=\"accelerometer; autoplay; clipboard-write; encrypted-media; gyroscope; picture-in-picture; web-share\" referrerpolicy=\"strict-origin-when-cross-origin\" allowfullscreen><\/iframe>\n<\/div><\/figure>\n\n\n\n<div class=\"wp-block-buttons is-content-justification-center is-layout-flex wp-container-core-buttons-is-layout-16018d1d wp-block-buttons-is-layout-flex\">\n<div class=\"wp-block-button is-style-fill\"><a class=\"wp-block-button__link has-vivid-red-background-color has-background has-text-align-center wp-element-button\" href=\"https:\/\/fcspartaktrnava.com\/en\/galerii\/16-kolo-nl-fc-spartak-trnava-vs-mfk-skalica\/\" target=\"_blank\" rel=\"noreferrer noopener\">PHOTO GALLERY<\/a><\/div>\n<\/div>","protected":false},"excerpt":{"rendered":"<p>Spartak po krutej prehre v Eur\u00f3pskej konferen\u010dnej lige&#8230;<\/p>","protected":false},"author":2,"featured_media":13122,"comment_status":"closed","ping_status":"closed","sticky":false,"template":"","format":"standard","meta":{"footnotes":""},"categories":[41],"tags":[11],"class_list":["post-13127","post","type-post","status-publish","format-standard","has-post-thumbnail","hentry","category-intervju","tag-michal-gasparik","post-number-1"],"yoast_head":"<!-- This site is optimized with the Yoast SEO plugin v27.1.1 - https:\/\/yoast.com\/product\/yoast-seo-wordpress\/ -->\n<title>Djuri\u010din nepotrebuje na g\u00f3l ani pol\u010das - FC Spartak Trnava<\/title>\n<meta name=\"robots\" content=\"index, follow, max-snippet:-1, max-image-preview:large, max-video-preview:-1\" \/>\n<link rel=\"canonical\" href=\"https:\/\/fcspartaktrnava.com\/en\/djuricin-nepotrebuje-na-gol-ani-polcas\/\" \/>\n<meta name=\"twitter:label1\" content=\"Written by\" \/>\n\t<meta name=\"twitter:data1\" content=\"spartak\" \/>\n\t<meta name=\"twitter:label2\" content=\"Estimated reading time\" \/>\n\t<meta name=\"twitter:data2\" content=\"4 minutes\" \/>\n<script type=\"application\/ld+json\" class=\"yoast-schema-graph\">{\"@context\":\"https:\/\/schema.org\",\"@graph\":[{\"@type\":\"Article\",\"@id\":\"https:\/\/fcspartaktrnava.com\/djuricin-nepotrebuje-na-gol-ani-polcas\/#article\",\"isPartOf\":{\"@id\":\"https:\/\/fcspartaktrnava.com\/djuricin-nepotrebuje-na-gol-ani-polcas\/\"},\"author\":{\"name\":\"spartak\",\"@id\":\"https:\/\/fcspartaktrnava.com\/#\/schema\/person\/24bc5b254af14f71d7d8af178790aa75\"},\"headline\":\"Djuri\u010din nepotrebuje na g\u00f3l ani pol\u010das\",\"datePublished\":\"2023-12-04T10:03:08+00:00\",\"mainEntityOfPage\":{\"@id\":\"https:\/\/fcspartaktrnava.com\/djuricin-nepotrebuje-na-gol-ani-polcas\/\"},\"wordCount\":765,\"publisher\":{\"@id\":\"https:\/\/fcspartaktrnava.com\/#organization\"},\"image\":{\"@id\":\"https:\/\/fcspartaktrnava.com\/djuricin-nepotrebuje-na-gol-ani-polcas\/#primaryimage\"},\"thumbnailUrl\":\"https:\/\/fcspartaktrnava.com\/wp-content\/uploads\/2023\/12\/DSC_7100.jpg\",\"keywords\":[\"Michal Ga\u0161par\u00edk\"],\"articleSection\":[\"Rozhovory\"],\"inLanguage\":\"en-GB\"},{\"@type\":\"WebPage\",\"@id\":\"https:\/\/fcspartaktrnava.com\/djuricin-nepotrebuje-na-gol-ani-polcas\/\",\"url\":\"https:\/\/fcspartaktrnava.com\/djuricin-nepotrebuje-na-gol-ani-polcas\/\",\"name\":\"Djuri\u010din nepotrebuje na g\u00f3l ani pol\u010das - FC Spartak Trnava\",\"isPartOf\":{\"@id\":\"https:\/\/fcspartaktrnava.com\/#website\"},\"primaryImageOfPage\":{\"@id\":\"https:\/\/fcspartaktrnava.com\/djuricin-nepotrebuje-na-gol-ani-polcas\/#primaryimage\"},\"image\":{\"@id\":\"https:\/\/fcspartaktrnava.com\/djuricin-nepotrebuje-na-gol-ani-polcas\/#primaryimage\"},\"thumbnailUrl\":\"https:\/\/fcspartaktrnava.com\/wp-content\/uploads\/2023\/12\/DSC_7100.jpg\",\"datePublished\":\"2023-12-04T10:03:08+00:00\",\"breadcrumb\":{\"@id\":\"https:\/\/fcspartaktrnava.com\/djuricin-nepotrebuje-na-gol-ani-polcas\/#breadcrumb\"},\"inLanguage\":\"en-GB\",\"potentialAction\":[{\"@type\":\"ReadAction\",\"target\":[\"https:\/\/fcspartaktrnava.com\/djuricin-nepotrebuje-na-gol-ani-polcas\/\"]}]},{\"@type\":\"ImageObject\",\"inLanguage\":\"en-GB\",\"@id\":\"https:\/\/fcspartaktrnava.com\/djuricin-nepotrebuje-na-gol-ani-polcas\/#primaryimage\",\"url\":\"https:\/\/fcspartaktrnava.com\/wp-content\/uploads\/2023\/12\/DSC_7100.jpg\",\"contentUrl\":\"https:\/\/fcspartaktrnava.com\/wp-content\/uploads\/2023\/12\/DSC_7100.jpg\",\"width\":1520,\"height\":1013},{\"@type\":\"BreadcrumbList\",\"@id\":\"https:\/\/fcspartaktrnava.com\/djuricin-nepotrebuje-na-gol-ani-polcas\/#breadcrumb\",\"itemListElement\":[{\"@type\":\"ListItem\",\"position\":1,\"name\":\"Home\",\"item\":\"https:\/\/fcspartaktrnava.com\/\"},{\"@type\":\"ListItem\",\"position\":2,\"name\":\"Djuri\u010din nepotrebuje na g\u00f3l ani pol\u010das\"}]},{\"@type\":\"WebSite\",\"@id\":\"https:\/\/fcspartaktrnava.com\/#website\",\"url\":\"https:\/\/fcspartaktrnava.com\/\",\"name\":\"FC Spartak Trnava\",\"description\":\"ofici\u00e1lna webstr\u00e1nka futbalov\u00e9ho klubu\",\"publisher\":{\"@id\":\"https:\/\/fcspartaktrnava.com\/#organization\"},\"potentialAction\":[{\"@type\":\"SearchAction\",\"target\":{\"@type\":\"EntryPoint\",\"urlTemplate\":\"https:\/\/fcspartaktrnava.com\/?s={search_term_string}\"},\"query-input\":{\"@type\":\"PropertyValueSpecification\",\"valueRequired\":true,\"valueName\":\"search_term_string\"}}],\"inLanguage\":\"en-GB\"},{\"@type\":\"Organization\",\"@id\":\"https:\/\/fcspartaktrnava.com\/#organization\",\"name\":\"FC Spartak Trnava\",\"alternateName\":\"Spartak\",\"url\":\"https:\/\/fcspartaktrnava.com\/\",\"logo\":{\"@type\":\"ImageObject\",\"inLanguage\":\"en-GB\",\"@id\":\"https:\/\/fcspartaktrnava.com\/#\/schema\/logo\/image\/\",\"url\":\"https:\/\/fcspartaktrnava.com\/wp-content\/uploads\/2022\/08\/cropped-site_logo.png\",\"contentUrl\":\"https:\/\/fcspartaktrnava.com\/wp-content\/uploads\/2022\/08\/cropped-site_logo.png\",\"width\":140,\"height\":140,\"caption\":\"FC Spartak Trnava\"},\"image\":{\"@id\":\"https:\/\/fcspartaktrnava.com\/#\/schema\/logo\/image\/\"},\"sameAs\":[\"https:\/\/www.facebook.com\/SpartakTrnava\",\"https:\/\/x.com\/SpartakTrnava1\",\"https:\/\/www.instagram.com\/spartak_sk\/\"]},{\"@type\":\"Person\",\"@id\":\"https:\/\/fcspartaktrnava.com\/#\/schema\/person\/24bc5b254af14f71d7d8af178790aa75\",\"name\":\"spartak\",\"image\":{\"@type\":\"ImageObject\",\"inLanguage\":\"en-GB\",\"@id\":\"https:\/\/fcspartaktrnava.com\/#\/schema\/person\/image\/\",\"url\":\"https:\/\/secure.gravatar.com\/avatar\/f8ff8584f3fcf3909a11a6da9019f37749183b4015bca14e64556c52614cdc7f?s=96&d=mm&r=g\",\"contentUrl\":\"https:\/\/secure.gravatar.com\/avatar\/f8ff8584f3fcf3909a11a6da9019f37749183b4015bca14e64556c52614cdc7f?s=96&d=mm&r=g\",\"caption\":\"spartak\"},\"url\":\"https:\/\/fcspartaktrnava.com\/en\/author\/spartak\/\"}]}<\/script>\n<!-- \/ Yoast SEO plugin. -->","yoast_head_json":{"title":"Djuri\u010din nepotrebuje na g\u00f3l ani pol\u010das - FC Spartak Trnava","robots":{"index":"index","follow":"follow","max-snippet":"max-snippet:-1","max-image-preview":"max-image-preview:large","max-video-preview":"max-video-preview:-1"},"canonical":"https:\/\/fcspartaktrnava.com\/en\/djuricin-nepotrebuje-na-gol-ani-polcas\/","twitter_misc":{"Written by":"spartak","Estimated reading time":"4 minutes"},"schema":{"@context":"https:\/\/schema.org","@graph":[{"@type":"Article","@id":"https:\/\/fcspartaktrnava.com\/djuricin-nepotrebuje-na-gol-ani-polcas\/#article","isPartOf":{"@id":"https:\/\/fcspartaktrnava.com\/djuricin-nepotrebuje-na-gol-ani-polcas\/"},"author":{"name":"spartak","@id":"https:\/\/fcspartaktrnava.com\/#\/schema\/person\/24bc5b254af14f71d7d8af178790aa75"},"headline":"Djuri\u010din nepotrebuje na g\u00f3l ani pol\u010das","datePublished":"2023-12-04T10:03:08+00:00","mainEntityOfPage":{"@id":"https:\/\/fcspartaktrnava.com\/djuricin-nepotrebuje-na-gol-ani-polcas\/"},"wordCount":765,"publisher":{"@id":"https:\/\/fcspartaktrnava.com\/#organization"},"image":{"@id":"https:\/\/fcspartaktrnava.com\/djuricin-nepotrebuje-na-gol-ani-polcas\/#primaryimage"},"thumbnailUrl":"https:\/\/fcspartaktrnava.com\/wp-content\/uploads\/2023\/12\/DSC_7100.jpg","keywords":["Michal Ga\u0161par\u00edk"],"articleSection":["Rozhovory"],"inLanguage":"en-GB"},{"@type":"WebPage","@id":"https:\/\/fcspartaktrnava.com\/djuricin-nepotrebuje-na-gol-ani-polcas\/","url":"https:\/\/fcspartaktrnava.com\/djuricin-nepotrebuje-na-gol-ani-polcas\/","name":"Djuri\u010din nepotrebuje na g\u00f3l ani pol\u010das - FC Spartak Trnava","isPartOf":{"@id":"https:\/\/fcspartaktrnava.com\/#website"},"primaryImageOfPage":{"@id":"https:\/\/fcspartaktrnava.com\/djuricin-nepotrebuje-na-gol-ani-polcas\/#primaryimage"},"image":{"@id":"https:\/\/fcspartaktrnava.com\/djuricin-nepotrebuje-na-gol-ani-polcas\/#primaryimage"},"thumbnailUrl":"https:\/\/fcspartaktrnava.com\/wp-content\/uploads\/2023\/12\/DSC_7100.jpg","datePublished":"2023-12-04T10:03:08+00:00","breadcrumb":{"@id":"https:\/\/fcspartaktrnava.com\/djuricin-nepotrebuje-na-gol-ani-polcas\/#breadcrumb"},"inLanguage":"en-GB","potentialAction":[{"@type":"ReadAction","target":["https:\/\/fcspartaktrnava.com\/djuricin-nepotrebuje-na-gol-ani-polcas\/"]}]},{"@type":"ImageObject","inLanguage":"en-GB","@id":"https:\/\/fcspartaktrnava.com\/djuricin-nepotrebuje-na-gol-ani-polcas\/#primaryimage","url":"https:\/\/fcspartaktrnava.com\/wp-content\/uploads\/2023\/12\/DSC_7100.jpg","contentUrl":"https:\/\/fcspartaktrnava.com\/wp-content\/uploads\/2023\/12\/DSC_7100.jpg","width":1520,"height":1013},{"@type":"BreadcrumbList","@id":"https:\/\/fcspartaktrnava.com\/djuricin-nepotrebuje-na-gol-ani-polcas\/#breadcrumb","itemListElement":[{"@type":"ListItem","position":1,"name":"Home","item":"https:\/\/fcspartaktrnava.com\/"},{"@type":"ListItem","position":2,"name":"Djuri\u010din nepotrebuje na g\u00f3l ani pol\u010das"}]},{"@type":"WebSite","@id":"https:\/\/fcspartaktrnava.com\/#website","url":"https:\/\/fcspartaktrnava.com\/","name":"FC Spartak Trnava","description":"ofici\u00e1lna webstr\u00e1nka futbalov\u00e9ho klubu","publisher":{"@id":"https:\/\/fcspartaktrnava.com\/#organization"},"potentialAction":[{"@type":"SearchAction","target":{"@type":"EntryPoint","urlTemplate":"https:\/\/fcspartaktrnava.com\/?s={search_term_string}"},"query-input":{"@type":"PropertyValueSpecification","valueRequired":true,"valueName":"search_term_string"}}],"inLanguage":"en-GB"},{"@type":"Organization","@id":"https:\/\/fcspartaktrnava.com\/#organization","name":"FC Spartak Trnava","alternateName":"Spartak","url":"https:\/\/fcspartaktrnava.com\/","logo":{"@type":"ImageObject","inLanguage":"en-GB","@id":"https:\/\/fcspartaktrnava.com\/#\/schema\/logo\/image\/","url":"https:\/\/fcspartaktrnava.com\/wp-content\/uploads\/2022\/08\/cropped-site_logo.png","contentUrl":"https:\/\/fcspartaktrnava.com\/wp-content\/uploads\/2022\/08\/cropped-site_logo.png","width":140,"height":140,"caption":"FC Spartak Trnava"},"image":{"@id":"https:\/\/fcspartaktrnava.com\/#\/schema\/logo\/image\/"},"sameAs":["https:\/\/www.facebook.com\/SpartakTrnava","https:\/\/x.com\/SpartakTrnava1","https:\/\/www.instagram.com\/spartak_sk\/"]},{"@type":"Person","@id":"https:\/\/fcspartaktrnava.com\/#\/schema\/person\/24bc5b254af14f71d7d8af178790aa75","name":"spartak","image":{"@type":"ImageObject","inLanguage":"en-GB","@id":"https:\/\/fcspartaktrnava.com\/#\/schema\/person\/image\/","url":"https:\/\/secure.gravatar.com\/avatar\/f8ff8584f3fcf3909a11a6da9019f37749183b4015bca14e64556c52614cdc7f?s=96&d=mm&r=g","contentUrl":"https:\/\/secure.gravatar.com\/avatar\/f8ff8584f3fcf3909a11a6da9019f37749183b4015bca14e64556c52614cdc7f?s=96&d=mm&r=g","caption":"spartak"},"url":"https:\/\/fcspartaktrnava.com\/en\/author\/spartak\/"}]}},"_links":{"self":[{"href":"https:\/\/fcspartaktrnava.com\/en\/wp-json\/wp\/v2\/posts\/13127","targetHints":{"allow":["GET"]}}],"collection":[{"href":"https:\/\/fcspartaktrnava.com\/en\/wp-json\/wp\/v2\/posts"}],"about":[{"href":"https:\/\/fcspartaktrnava.com\/en\/wp-json\/wp\/v2\/types\/post"}],"author":[{"embeddable":true,"href":"https:\/\/fcspartaktrnava.com\/en\/wp-json\/wp\/v2\/users\/2"}],"replies":[{"embeddable":true,"href":"https:\/\/fcspartaktrnava.com\/en\/wp-json\/wp\/v2\/comments?post=13127"}],"version-history":[{"count":0,"href":"https:\/\/fcspartaktrnava.com\/en\/wp-json\/wp\/v2\/posts\/13127\/revisions"}],"wp:featuredmedia":[{"embeddable":true,"href":"https:\/\/fcspartaktrnava.com\/en\/wp-json\/wp\/v2\/media\/13122"}],"wp:attachment":[{"href":"https:\/\/fcspartaktrnava.com\/en\/wp-json\/wp\/v2\/media?parent=13127"}],"wp:term":[{"taxonomy":"category","embeddable":true,"href":"https:\/\/fcspartaktrnava.com\/en\/wp-json\/wp\/v2\/categories?post=13127"},{"taxonomy":"post_tag","embeddable":true,"href":"https:\/\/fcspartaktrnava.com\/en\/wp-json\/wp\/v2\/tags?post=13127"}],"curies":[{"name":"wp","href":"https:\/\/api.w.org\/{rel}","templated":true}]}}