{"id":12961,"date":"2023-12-01T11:28:57","date_gmt":"2023-12-01T09:28:57","guid":{"rendered":"https:\/\/fcspartaktrnava.com\/?p=12961"},"modified":"2023-12-02T11:05:40","modified_gmt":"2023-12-02T09:05:40","slug":"skoda","status":"publish","type":"post","link":"https:\/\/fcspartaktrnava.com\/en\/skoda\/","title":{"rendered":"\u0160koda&#8230;"},"content":{"rendered":"<p>To bolo naj\u010dastej\u0161ie sklo\u0148ovan\u00e9 slovo po v\u010deraj\u0161om z\u00e1pase s&nbsp;Ludogorcom Razgrad. Favorit z\u00e1pasu vyhral 2:1, herne mal navrch, vyhr\u00e1val s\u00faboje, mal \u0161ance, ale napokon mu to nemuselo sta\u010di\u0165 ani na rem\u00edzu, s&nbsp;ktorou sa nechcel uspokoji\u0165. Hr\u00e1\u010di isto vedeli ako sa odv\u00edja paraleln\u00fd z\u00e1pas, v&nbsp;ktorom Nordsjaelland vyfackal aj Fenerhace 6:1, \u010do znamenalo, \u017ee ak by Bulhari v&nbsp;Trnave stratili body, pri\u0161li by o&nbsp;\u0161ancu post\u00fapi\u0165 zo skupiny. Napokon sa na nich usmialo \u0161\u0165astie z&nbsp;poslednej z\u00fafalej akcie z\u00e1pasu, pri ktorej Tissera st\u00e1l na spr\u00e1vnom mieste.<\/p>\n\n\n\n<p>Fan\u00fa\u0161ikovia Spartaka pripravili pred z\u00e1pasom op\u00e4\u0165 vizu\u00e1lne vydaren\u00e9 predstavenie, v&nbsp;ktorom si vyp\u00fdtali na ihrisko uzdraven\u00e9ho kapit\u00e1na Martina Mikovi\u010da. Stv\u00e1rnili ho ako Termin\u00e1tora a&nbsp;aj tak\u00fdm sk\u00fasen\u00fdm hr\u00e1\u010dom to zam\u00e1valo.<\/p>\n\n\n\n<p><strong><em>\u201eMal som inform\u00e1ciu u\u017e pred z\u00e1pasom, no ke\u010f som to zbadal, tak to so mnou trocha zak\u00fdvalo. Je to pekn\u00e9 a&nbsp;ja si to v\u00e1\u017eim. Klob\u00fak dolu. Desa\u0165tis\u00edcov\u00e1 n\u00e1v\u0161teva je pekn\u00e1, ale trocha viac div\u00e1kov som \u010dakal. Hrali sme posledn\u00fd dom\u00e1ci z\u00e1pas Konferen\u010dnej ligy, ktovie kedy to zasa budeme hra\u0165, mohla to by\u0165 kraj\u0161ia rozl\u00fa\u010dka,\u201c<\/em><\/strong> hovor\u00ed kapit\u00e1n Spartaka, ktor\u00fd dostal \u0161ancu na n\u00e1vrat v&nbsp;takomto d\u00f4le\u017eitom z\u00e1pase.<\/p>\n\n\n\n<p><strong><em>\u201eRozhodovali sme sa, \u010di d\u00e1me \u0160uleka alebo Mikiho. \u0160ulek je viac rozohran\u00fd, ale dal som Mikiho aj kv\u00f4li tomu, \u010do bolo pred z\u00e1pasom a&nbsp;viem, \u017ee v&nbsp;takomto z\u00e1pase chce hra\u0165. Nasko\u010dil do z\u00e1pasu, v\u0161etko bolo OK, len na konci nemusel strati\u0165 t\u00fa loptu. Dalo sa to vyrie\u0161i\u0165 inak, ale tak\u00fd je futbal, rozhoduj\u00fa mal\u00e9 detaily,\u201c<\/em><\/strong> vysvetlil po z\u00e1pase tr\u00e9ner Michal Ga\u0161par\u00edk. Na tr\u00e1vnik sa potom dostal aj Martin \u0160ulek, ktor\u00fd musel vystrieda\u0165 Luk\u00e1\u0161a \u0160tetinu, ke\u010f pri jednom zo \u0161printov poc\u00edtil pichnutie v&nbsp;zadnom stehennom svale a&nbsp;zrejme ho \u010dak\u00e1 dlh\u0161ia pauza.<\/p>\n\n\n\n<figure class=\"wp-block-embed is-type-video is-provider-youtube wp-block-embed-youtube wp-embed-aspect-16-9 wp-has-aspect-ratio\"><div class=\"wp-block-embed__wrapper\">\n<iframe loading=\"lazy\" title=\"Martin Mikovi\u010d po z\u00e1pase s Ludogorcom\" width=\"500\" height=\"281\" src=\"https:\/\/www.youtube.com\/embed\/ExvfAKAM-TI?feature=oembed\" frameborder=\"0\" allow=\"accelerometer; autoplay; clipboard-write; encrypted-media; gyroscope; picture-in-picture; web-share\" referrerpolicy=\"strict-origin-when-cross-origin\" allowfullscreen><\/iframe>\n<\/div><\/figure>\n\n\n\n<p>Z&nbsp;n\u00e1vratu Mikovi\u010da na tr\u00e1vnik sa asi najviac pote\u0161il Erik Daniel, ktor\u00fd ho zastupoval na kraji obrany, a&nbsp;hoci sa tam tr\u00e9nerom p\u00e1\u010dil, jemu tento post nevo\u0148al.<strong><em> \u201eBol som r\u00e1d, ke\u010f som sa mohol posun\u00fa\u0165 dopredu a&nbsp;aspo\u0148 chv\u00ed\u013eu som si to u\u017eil,\u201c<\/em><\/strong> hovoril po z\u00e1pase Daniel, ktor\u00fd u\u017e desa\u0165 min\u00fat po svojom posunut\u00ed vy\u0161\u0161ie vyrovnal a&nbsp;uk\u00e1zal, \u017ee na poste obrancu je ho naozaj \u0161koda. Na za\u010diatku akcie bola Mikovi\u010dom zachyten\u00e1 rozohr\u00e1vka s\u00fapera,&nbsp;po Oforiho prihr\u00e1vke si Daniel urobil priestor na \u0161estn\u00e1stke a&nbsp;trafil k&nbsp;vzdialenej\u0161ej ty\u010dke.<\/p>\n\n\n\n<p><strong><em>\u201eD\u00fafal som, \u017ee ke\u010f tam pr\u00edde, tak nie\u010do urob\u00ed. Erikovi sa to podarilo. V\u010dera som mu poslal video Cancelovho g\u00f3lu, ktor\u00fd dal za Barcelonu a&nbsp;hovoril som mu, toto mus\u00ed\u0161 robi\u0165. Nepotrebuje\u0161 triafa\u0165 vinkel, ty to len traf do tej strany. On mi odpovedal, OK, zajtra to tak sprav\u00edm a&nbsp;aj to spravil,\u201c<\/em><\/strong> te\u0161il sa Michal Ga\u0161par\u00edk, lebo Daniel vyrovnal prakticky okam\u017eite po ved\u00facom g\u00f3le.<\/p>\n\n\n\n<p>Fan\u00fa\u0161ikovia sa po\u010das z\u00e1pasu spont\u00e1nne pote\u0161ili hne\u010f trikr\u00e1t. Najsk\u00f4r v&nbsp;prvom pol\u010dase, ke\u010f VAR rozhodol o&nbsp;tom, \u017ee g\u00f3lu Tekpeteya predch\u00e1dzal ofsajd a&nbsp;g\u00f3l Ludogorca rozhodcovia zru\u0161ili, druh\u00fdkr\u00e1t po vyrovnan\u00ed a&nbsp;tret\u00ed raz, \u017ee ke\u010f za stavu 1:1 chytil v&nbsp;samom z\u00e1vere Tak\u00e1\u010d penaltu Verdonovi.<\/p>\n\n\n\n<p><strong><em>\u201eA\u017e tak ma to nete\u0161\u00ed, lebo z&nbsp;toho nem\u00e1me ni\u010d. Len dobr\u00fd pocit. Rad\u0161ej by som mal menej z\u00e1krokov v&nbsp;z\u00e1pase, ak by sme boli \u00faspe\u0161n\u00ed ako t\u00edm. Dnes som mal ve\u013ea pr\u00e1ce, ale na\u0161\u0165astie to boli situ\u00e1cie, ktor\u00e9 sa rie\u0161i\u0165 dali. Loptu so videl, nebolo to po odrazen\u00fdch strel\u00e1ch. Som r\u00e1d, \u017ee nejako dok\u00e1\u017eem pom\u00f4c\u0165 mu\u017estvu, ale nie som r\u00e1d, \u017ee z&nbsp;toho nem\u00e1me body,\u201c<\/em><\/strong> hovor\u00ed smutne brank\u00e1r Spartaka, ktor\u00fd bol pod pa\u013ebou striel a&nbsp;pochytal mno\u017estvo \u0161anc\u00ed, no pri dor\u00e1\u017eke tej \u00faplne poslednej bol bezmocn\u00fd.<\/p>\n\n\n\n<figure class=\"wp-block-embed is-type-video is-provider-youtube wp-block-embed-youtube wp-embed-aspect-16-9 wp-has-aspect-ratio\"><div class=\"wp-block-embed__wrapper\">\n<iframe loading=\"lazy\" title=\"Dominik Tak\u00e1\u010d po z\u00e1pase s Ludogorcom\" width=\"500\" height=\"281\" src=\"https:\/\/www.youtube.com\/embed\/SM-EX4jq5BQ?feature=oembed\" frameborder=\"0\" allow=\"accelerometer; autoplay; clipboard-write; encrypted-media; gyroscope; picture-in-picture; web-share\" referrerpolicy=\"strict-origin-when-cross-origin\" allowfullscreen><\/iframe>\n<\/div><\/figure>\n\n\n\n<p>Svojho brank\u00e1ra chv\u00e1lili tr\u00e9neri aj spoluhr\u00e1\u010di. Erik Daniel v\u0161ak uznal kvality s\u00fapera, ktor\u00e9mu vy\u0161la hra vabank. <strong><em>\u201eTaky chytil penaltu, mali aj \u010fal\u0161ie dve \u0161ance. Aj my sme mohli da\u0165 na 2:1, mali sme asi tri brejky, \u010do sme mohli vyu\u017ei\u0165 a&nbsp;u\u017e by sme to dohrali. Je to \u0161koda, mohli sme ich zdola\u0165, mohli sme ma\u0165 prv\u00e9 tri body a&nbsp;nem\u00e1me ni\u010d. Ludogorec v\u0161ak uk\u00e1zal kvalitu, nebola to \u00fapln\u00e1 n\u00e1hoda.\u201c<\/em><\/strong><\/p>\n\n\n\n<figure class=\"wp-block-embed is-type-video is-provider-youtube wp-block-embed-youtube wp-embed-aspect-16-9 wp-has-aspect-ratio\"><div class=\"wp-block-embed__wrapper\">\n<iframe loading=\"lazy\" title=\"Erik Daniel po z\u00e1pase s Ludogorcom\" width=\"500\" height=\"281\" src=\"https:\/\/www.youtube.com\/embed\/UY4Vyx-rph0?feature=oembed\" frameborder=\"0\" allow=\"accelerometer; autoplay; clipboard-write; encrypted-media; gyroscope; picture-in-picture; web-share\" referrerpolicy=\"strict-origin-when-cross-origin\" allowfullscreen><\/iframe>\n<\/div><\/figure>\n\n\n\n<p>Spartakovci sa netajili t\u00fdm, \u017ee tento z\u00e1pas chceli vyhra\u0165. Robili pre to v\u0161etko. Michal Ga\u0161par\u00edk v\u0161etk\u00fdmi striedaniami, okrem vyn\u00faten\u00e9ho \u0160ulekovho, posil\u0148oval ofenz\u00edvu. Poslal na ihrisko Bern\u00e1ta, \u010euri\u010dina, Paura a&nbsp;aj striedan\u00edm Mikovi\u010da vytvoril priestor pre Daniela. Vediac, \u017ee Ludogorcu rem\u00edza nesta\u010d\u00ed, sa v&nbsp;z\u00e1vere hralo od br\u00e1nky k&nbsp;br\u00e1nke. Ka\u017ed\u00e1 strata lopty smrdela g\u00f3lom na jednej alebo druhej strane. Op\u00e4\u0165 len \u0161koda, \u017ee z&nbsp;viacer\u00fdch pre\u010d\u00edslen\u00ed nedok\u00e1zali Trnav\u010dania vyprodukova\u0165 klinec do rakvy. <strong><em>\u201eM\u00e1m pocit, \u017ee my sme ten z\u00e1pas mali vyhra\u0165. Videli sme ako sa vyv\u00edja skupina a&nbsp;im nesta\u010dila rem\u00edza, potrebovali vyhra\u0165. Mali \u0161ance, zahodili aj penaltu, Tak\u00e1\u010d bol fantastick\u00fd a&nbsp;vtedy sme mali udrie\u0165. To by bola t\u00e1 bodka, ktor\u00fa si v\u0161etci priali.\u201c<\/em><\/strong><\/p>\n\n\n\n<p>Spartak teda ani na tret\u00ed pokus doma v&nbsp;skupine doma nevyhral. S&nbsp;Fenerbace mohol z&nbsp;poslednej akcie zmrazi\u0165 s\u00fapera Ristovski, s&nbsp;Nordsjaellandom sa ku g\u00f3lu neprepracoval nikto a&nbsp;Ludogorec mu utiekol z&nbsp;lopaty. <strong><em>\u201eD\u00fafali sme, \u017ee pozbierame viac bodov v&nbsp;tej skupine. Na tento dom\u00e1ci z\u00e1pas sme si verili, cel\u00fd \u010das sme o&nbsp;tom rozpr\u00e1vali, \u017ee sa s&nbsp;nimi d\u00e1 hra\u0165, o&nbsp;\u010dom sme sa aj presved\u010dili. Najlep\u0161\u00ed dom\u00e1ci bol asi s&nbsp;Fenerbahce, no aj ostatn\u00e9 z\u00e1pasy boli tak\u00e9, \u017ee sa nem\u00e1me za \u010do hanbi\u0165. I\u0161li sme niekedy asi aj nad svoje mo\u017enosti. Sme smutn\u00ed z&nbsp;toho, \u017ee nem\u00e1me viac bodov,\u201c<\/em><\/strong> zhrnul tri dom\u00e1ce vyst\u00fapenia v&nbsp;Konferen\u010dnej lige kapit\u00e1n Martin Mikovi\u010d.<\/p>\n\n\n\n<p>Skupinu dohraj\u00fa spartakovci na hor\u00facej p\u00f4de v&nbsp;Turecku proti Fenerbahce. To si skomplikovalo svoju suver\u00e9nnu poz\u00edciu dvoma prehrami a&nbsp;proti Trnave bude musie\u0165 \u00eds\u0165 naplno, ak chce potvrdi\u0165 postup. M\u00f4\u017ee to by\u0165 \u010fal\u0161\u00ed zauj\u00edmav\u00fd z\u00e1pas.<\/p>\n\n\n\n<div class=\"wp-block-buttons is-content-justification-center is-layout-flex wp-container-core-buttons-is-layout-16018d1d wp-block-buttons-is-layout-flex\">\n<div class=\"wp-block-button is-style-fill\"><a class=\"wp-block-button__link has-vivid-red-background-color has-background wp-element-button\" href=\"https:\/\/fcspartaktrnava.com\/en\/galerii\/5-kolo-ekl-fc-spartak-trnava-vs-pfc-ludogorets-razgrad\/\" target=\"_blank\" rel=\"noreferrer noopener\">PHOTO GALLERY<\/a><\/div>\n<\/div>","protected":false},"excerpt":{"rendered":"<p>To bolo naj\u010dastej\u0161ie sklo\u0148ovan\u00e9 slovo po v\u010deraj\u0161om z\u00e1pase&#8230;<\/p>","protected":false},"author":2,"featured_media":12962,"comment_status":"closed","ping_status":"closed","sticky":false,"template":"","format":"standard","meta":{"footnotes":""},"categories":[41],"tags":[11],"class_list":["post-12961","post","type-post","status-publish","format-standard","has-post-thumbnail","hentry","category-intervju","tag-michal-gasparik","post-number-1"],"yoast_head":"<!-- This site is optimized with the Yoast SEO plugin v27.1.1 - https:\/\/yoast.com\/product\/yoast-seo-wordpress\/ -->\n<title>\u0160koda... - FC Spartak Trnava<\/title>\n<meta name=\"robots\" content=\"index, follow, max-snippet:-1, max-image-preview:large, max-video-preview:-1\" \/>\n<link rel=\"canonical\" href=\"https:\/\/fcspartaktrnava.com\/en\/skoda\/\" \/>\n<meta name=\"twitter:label1\" content=\"Written by\" \/>\n\t<meta name=\"twitter:data1\" content=\"spartak\" \/>\n\t<meta name=\"twitter:label2\" content=\"Estimated reading time\" \/>\n\t<meta name=\"twitter:data2\" content=\"5 minutes\" \/>\n<script type=\"application\/ld+json\" class=\"yoast-schema-graph\">{\"@context\":\"https:\/\/schema.org\",\"@graph\":[{\"@type\":\"Article\",\"@id\":\"https:\/\/fcspartaktrnava.com\/skoda\/#article\",\"isPartOf\":{\"@id\":\"https:\/\/fcspartaktrnava.com\/skoda\/\"},\"author\":{\"name\":\"spartak\",\"@id\":\"https:\/\/fcspartaktrnava.com\/#\/schema\/person\/24bc5b254af14f71d7d8af178790aa75\"},\"headline\":\"\u0160koda&#8230;\",\"datePublished\":\"2023-12-01T09:28:57+00:00\",\"dateModified\":\"2023-12-02T09:05:40+00:00\",\"mainEntityOfPage\":{\"@id\":\"https:\/\/fcspartaktrnava.com\/skoda\/\"},\"wordCount\":1178,\"publisher\":{\"@id\":\"https:\/\/fcspartaktrnava.com\/#organization\"},\"image\":{\"@id\":\"https:\/\/fcspartaktrnava.com\/skoda\/#primaryimage\"},\"thumbnailUrl\":\"https:\/\/fcspartaktrnava.com\/wp-content\/uploads\/2023\/12\/mikovic-choreo-scaled.jpg\",\"keywords\":[\"Michal Ga\u0161par\u00edk\"],\"articleSection\":[\"Rozhovory\"],\"inLanguage\":\"en-GB\"},{\"@type\":\"WebPage\",\"@id\":\"https:\/\/fcspartaktrnava.com\/skoda\/\",\"url\":\"https:\/\/fcspartaktrnava.com\/skoda\/\",\"name\":\"\u0160koda... - FC Spartak Trnava\",\"isPartOf\":{\"@id\":\"https:\/\/fcspartaktrnava.com\/#website\"},\"primaryImageOfPage\":{\"@id\":\"https:\/\/fcspartaktrnava.com\/skoda\/#primaryimage\"},\"image\":{\"@id\":\"https:\/\/fcspartaktrnava.com\/skoda\/#primaryimage\"},\"thumbnailUrl\":\"https:\/\/fcspartaktrnava.com\/wp-content\/uploads\/2023\/12\/mikovic-choreo-scaled.jpg\",\"datePublished\":\"2023-12-01T09:28:57+00:00\",\"dateModified\":\"2023-12-02T09:05:40+00:00\",\"breadcrumb\":{\"@id\":\"https:\/\/fcspartaktrnava.com\/skoda\/#breadcrumb\"},\"inLanguage\":\"en-GB\",\"potentialAction\":[{\"@type\":\"ReadAction\",\"target\":[\"https:\/\/fcspartaktrnava.com\/skoda\/\"]}]},{\"@type\":\"ImageObject\",\"inLanguage\":\"en-GB\",\"@id\":\"https:\/\/fcspartaktrnava.com\/skoda\/#primaryimage\",\"url\":\"https:\/\/fcspartaktrnava.com\/wp-content\/uploads\/2023\/12\/mikovic-choreo-scaled.jpg\",\"contentUrl\":\"https:\/\/fcspartaktrnava.com\/wp-content\/uploads\/2023\/12\/mikovic-choreo-scaled.jpg\",\"width\":2560,\"height\":1596},{\"@type\":\"BreadcrumbList\",\"@id\":\"https:\/\/fcspartaktrnava.com\/skoda\/#breadcrumb\",\"itemListElement\":[{\"@type\":\"ListItem\",\"position\":1,\"name\":\"Home\",\"item\":\"https:\/\/fcspartaktrnava.com\/\"},{\"@type\":\"ListItem\",\"position\":2,\"name\":\"\u0160koda&#8230;\"}]},{\"@type\":\"WebSite\",\"@id\":\"https:\/\/fcspartaktrnava.com\/#website\",\"url\":\"https:\/\/fcspartaktrnava.com\/\",\"name\":\"FC Spartak Trnava\",\"description\":\"ofici\u00e1lna webstr\u00e1nka futbalov\u00e9ho klubu\",\"publisher\":{\"@id\":\"https:\/\/fcspartaktrnava.com\/#organization\"},\"potentialAction\":[{\"@type\":\"SearchAction\",\"target\":{\"@type\":\"EntryPoint\",\"urlTemplate\":\"https:\/\/fcspartaktrnava.com\/?s={search_term_string}\"},\"query-input\":{\"@type\":\"PropertyValueSpecification\",\"valueRequired\":true,\"valueName\":\"search_term_string\"}}],\"inLanguage\":\"en-GB\"},{\"@type\":\"Organization\",\"@id\":\"https:\/\/fcspartaktrnava.com\/#organization\",\"name\":\"FC Spartak Trnava\",\"alternateName\":\"Spartak\",\"url\":\"https:\/\/fcspartaktrnava.com\/\",\"logo\":{\"@type\":\"ImageObject\",\"inLanguage\":\"en-GB\",\"@id\":\"https:\/\/fcspartaktrnava.com\/#\/schema\/logo\/image\/\",\"url\":\"https:\/\/fcspartaktrnava.com\/wp-content\/uploads\/2022\/08\/cropped-site_logo.png\",\"contentUrl\":\"https:\/\/fcspartaktrnava.com\/wp-content\/uploads\/2022\/08\/cropped-site_logo.png\",\"width\":140,\"height\":140,\"caption\":\"FC Spartak Trnava\"},\"image\":{\"@id\":\"https:\/\/fcspartaktrnava.com\/#\/schema\/logo\/image\/\"},\"sameAs\":[\"https:\/\/www.facebook.com\/SpartakTrnava\",\"https:\/\/x.com\/SpartakTrnava1\",\"https:\/\/www.instagram.com\/spartak_sk\/\"]},{\"@type\":\"Person\",\"@id\":\"https:\/\/fcspartaktrnava.com\/#\/schema\/person\/24bc5b254af14f71d7d8af178790aa75\",\"name\":\"spartak\",\"image\":{\"@type\":\"ImageObject\",\"inLanguage\":\"en-GB\",\"@id\":\"https:\/\/fcspartaktrnava.com\/#\/schema\/person\/image\/\",\"url\":\"https:\/\/secure.gravatar.com\/avatar\/f8ff8584f3fcf3909a11a6da9019f37749183b4015bca14e64556c52614cdc7f?s=96&d=mm&r=g\",\"contentUrl\":\"https:\/\/secure.gravatar.com\/avatar\/f8ff8584f3fcf3909a11a6da9019f37749183b4015bca14e64556c52614cdc7f?s=96&d=mm&r=g\",\"caption\":\"spartak\"},\"url\":\"https:\/\/fcspartaktrnava.com\/en\/author\/spartak\/\"}]}<\/script>\n<!-- \/ Yoast SEO plugin. -->","yoast_head_json":{"title":"\u0160koda... - FC Spartak Trnava","robots":{"index":"index","follow":"follow","max-snippet":"max-snippet:-1","max-image-preview":"max-image-preview:large","max-video-preview":"max-video-preview:-1"},"canonical":"https:\/\/fcspartaktrnava.com\/en\/skoda\/","twitter_misc":{"Written by":"spartak","Estimated reading time":"5 minutes"},"schema":{"@context":"https:\/\/schema.org","@graph":[{"@type":"Article","@id":"https:\/\/fcspartaktrnava.com\/skoda\/#article","isPartOf":{"@id":"https:\/\/fcspartaktrnava.com\/skoda\/"},"author":{"name":"spartak","@id":"https:\/\/fcspartaktrnava.com\/#\/schema\/person\/24bc5b254af14f71d7d8af178790aa75"},"headline":"\u0160koda&#8230;","datePublished":"2023-12-01T09:28:57+00:00","dateModified":"2023-12-02T09:05:40+00:00","mainEntityOfPage":{"@id":"https:\/\/fcspartaktrnava.com\/skoda\/"},"wordCount":1178,"publisher":{"@id":"https:\/\/fcspartaktrnava.com\/#organization"},"image":{"@id":"https:\/\/fcspartaktrnava.com\/skoda\/#primaryimage"},"thumbnailUrl":"https:\/\/fcspartaktrnava.com\/wp-content\/uploads\/2023\/12\/mikovic-choreo-scaled.jpg","keywords":["Michal Ga\u0161par\u00edk"],"articleSection":["Rozhovory"],"inLanguage":"en-GB"},{"@type":"WebPage","@id":"https:\/\/fcspartaktrnava.com\/skoda\/","url":"https:\/\/fcspartaktrnava.com\/skoda\/","name":"\u0160koda... - FC Spartak Trnava","isPartOf":{"@id":"https:\/\/fcspartaktrnava.com\/#website"},"primaryImageOfPage":{"@id":"https:\/\/fcspartaktrnava.com\/skoda\/#primaryimage"},"image":{"@id":"https:\/\/fcspartaktrnava.com\/skoda\/#primaryimage"},"thumbnailUrl":"https:\/\/fcspartaktrnava.com\/wp-content\/uploads\/2023\/12\/mikovic-choreo-scaled.jpg","datePublished":"2023-12-01T09:28:57+00:00","dateModified":"2023-12-02T09:05:40+00:00","breadcrumb":{"@id":"https:\/\/fcspartaktrnava.com\/skoda\/#breadcrumb"},"inLanguage":"en-GB","potentialAction":[{"@type":"ReadAction","target":["https:\/\/fcspartaktrnava.com\/skoda\/"]}]},{"@type":"ImageObject","inLanguage":"en-GB","@id":"https:\/\/fcspartaktrnava.com\/skoda\/#primaryimage","url":"https:\/\/fcspartaktrnava.com\/wp-content\/uploads\/2023\/12\/mikovic-choreo-scaled.jpg","contentUrl":"https:\/\/fcspartaktrnava.com\/wp-content\/uploads\/2023\/12\/mikovic-choreo-scaled.jpg","width":2560,"height":1596},{"@type":"BreadcrumbList","@id":"https:\/\/fcspartaktrnava.com\/skoda\/#breadcrumb","itemListElement":[{"@type":"ListItem","position":1,"name":"Home","item":"https:\/\/fcspartaktrnava.com\/"},{"@type":"ListItem","position":2,"name":"\u0160koda&#8230;"}]},{"@type":"WebSite","@id":"https:\/\/fcspartaktrnava.com\/#website","url":"https:\/\/fcspartaktrnava.com\/","name":"FC Spartak Trnava","description":"ofici\u00e1lna webstr\u00e1nka futbalov\u00e9ho klubu","publisher":{"@id":"https:\/\/fcspartaktrnava.com\/#organization"},"potentialAction":[{"@type":"SearchAction","target":{"@type":"EntryPoint","urlTemplate":"https:\/\/fcspartaktrnava.com\/?s={search_term_string}"},"query-input":{"@type":"PropertyValueSpecification","valueRequired":true,"valueName":"search_term_string"}}],"inLanguage":"en-GB"},{"@type":"Organization","@id":"https:\/\/fcspartaktrnava.com\/#organization","name":"FC Spartak Trnava","alternateName":"Spartak","url":"https:\/\/fcspartaktrnava.com\/","logo":{"@type":"ImageObject","inLanguage":"en-GB","@id":"https:\/\/fcspartaktrnava.com\/#\/schema\/logo\/image\/","url":"https:\/\/fcspartaktrnava.com\/wp-content\/uploads\/2022\/08\/cropped-site_logo.png","contentUrl":"https:\/\/fcspartaktrnava.com\/wp-content\/uploads\/2022\/08\/cropped-site_logo.png","width":140,"height":140,"caption":"FC Spartak Trnava"},"image":{"@id":"https:\/\/fcspartaktrnava.com\/#\/schema\/logo\/image\/"},"sameAs":["https:\/\/www.facebook.com\/SpartakTrnava","https:\/\/x.com\/SpartakTrnava1","https:\/\/www.instagram.com\/spartak_sk\/"]},{"@type":"Person","@id":"https:\/\/fcspartaktrnava.com\/#\/schema\/person\/24bc5b254af14f71d7d8af178790aa75","name":"spartak","image":{"@type":"ImageObject","inLanguage":"en-GB","@id":"https:\/\/fcspartaktrnava.com\/#\/schema\/person\/image\/","url":"https:\/\/secure.gravatar.com\/avatar\/f8ff8584f3fcf3909a11a6da9019f37749183b4015bca14e64556c52614cdc7f?s=96&d=mm&r=g","contentUrl":"https:\/\/secure.gravatar.com\/avatar\/f8ff8584f3fcf3909a11a6da9019f37749183b4015bca14e64556c52614cdc7f?s=96&d=mm&r=g","caption":"spartak"},"url":"https:\/\/fcspartaktrnava.com\/en\/author\/spartak\/"}]}},"_links":{"self":[{"href":"https:\/\/fcspartaktrnava.com\/en\/wp-json\/wp\/v2\/posts\/12961","targetHints":{"allow":["GET"]}}],"collection":[{"href":"https:\/\/fcspartaktrnava.com\/en\/wp-json\/wp\/v2\/posts"}],"about":[{"href":"https:\/\/fcspartaktrnava.com\/en\/wp-json\/wp\/v2\/types\/post"}],"author":[{"embeddable":true,"href":"https:\/\/fcspartaktrnava.com\/en\/wp-json\/wp\/v2\/users\/2"}],"replies":[{"embeddable":true,"href":"https:\/\/fcspartaktrnava.com\/en\/wp-json\/wp\/v2\/comments?post=12961"}],"version-history":[{"count":0,"href":"https:\/\/fcspartaktrnava.com\/en\/wp-json\/wp\/v2\/posts\/12961\/revisions"}],"wp:featuredmedia":[{"embeddable":true,"href":"https:\/\/fcspartaktrnava.com\/en\/wp-json\/wp\/v2\/media\/12962"}],"wp:attachment":[{"href":"https:\/\/fcspartaktrnava.com\/en\/wp-json\/wp\/v2\/media?parent=12961"}],"wp:term":[{"taxonomy":"category","embeddable":true,"href":"https:\/\/fcspartaktrnava.com\/en\/wp-json\/wp\/v2\/categories?post=12961"},{"taxonomy":"post_tag","embeddable":true,"href":"https:\/\/fcspartaktrnava.com\/en\/wp-json\/wp\/v2\/tags?post=12961"}],"curies":[{"name":"wp","href":"https:\/\/api.w.org\/{rel}","templated":true}]}}