{"id":12903,"date":"2023-11-27T12:15:26","date_gmt":"2023-11-27T10:15:26","guid":{"rendered":"https:\/\/fcspartaktrnava.com\/?p=12903"},"modified":"2023-11-27T12:15:26","modified_gmt":"2023-11-27T10:15:26","slug":"aj-proti-ludogorcu-mozu-opat-zavazit-standardky","status":"publish","type":"post","link":"https:\/\/fcspartaktrnava.com\/en\/aj-proti-ludogorcu-mozu-opat-zavazit-standardky\/","title":{"rendered":"Aj proti Ludogorcu m\u00f4\u017eu op\u00e4\u0165 zav\u00e1\u017ei\u0165 \u0161tandardky"},"content":{"rendered":"<p>Spartak je jasn\u00fdm l\u00eddrom na ihrisk\u00e1ch s\u00faperov, kde v\u010dera vyhral u\u017e \u0161iesty z\u00e1pas za sebou a&nbsp;vonku je st\u00e1le bez prehry. Podbrezov\u00e1 zasa a\u017e do z\u00e1pasu so Spartakom na dom\u00e1com ihrisku nestratila v\u0161etky body. Z\u00e1pas o&nbsp;tretie miesto tabu\u013eky bol vcelku vyrovnan\u00fd &#8211; na \u0161ance, aj v&nbsp;poli, akur\u00e1t ka\u017ed\u00fd zo s\u00faperov dominoval v&nbsp;inej pas\u00e1\u017ei z\u00e1pasu.<\/p>\n\n\n\n<p>Dom\u00e1ci hrali dobre od za\u010diatku, po g\u00f3le v\u0161ak akoby stiahli nohu z&nbsp;plynu. Spartak pridal po prest\u00e1vke a&nbsp;po vyrovnan\u00ed zasa prebrala iniciat\u00edvu Podbrezov\u00e1. V\u0161etko napokon rozhodla individu\u00e1lna kvalita Filipa Bainovi\u010da a&nbsp;jeho excelentn\u00fd priamy kop.<\/p>\n\n\n\n<p>Spartak vybehol zo \u0161atn\u00ed dobre nabuden\u00fd a\u00a0u\u017e zakr\u00e1tko mohol, podobne ako v\u00a0Ko\u0161iciach, streli\u0165 g\u00f3l Azango, ale zbl\u00edzka sa mu nepodarilo prekona\u0165 Ludhu. Podarilo sa z\u00a0podobnej situ\u00e1cie a\u017e Michalovi \u010euri\u0161ovi.<\/p>\n\n\n\n<figure class=\"wp-block-embed is-type-video is-provider-youtube wp-block-embed-youtube wp-embed-aspect-16-9 wp-has-aspect-ratio\"><div class=\"wp-block-embed__wrapper\">\n<iframe loading=\"lazy\" title=\"Michal \u010euri\u0161 po z\u00e1pase s Podbrezovou\" width=\"500\" height=\"281\" src=\"https:\/\/www.youtube.com\/embed\/OnGa2cz7Qd0?feature=oembed\" frameborder=\"0\" allow=\"accelerometer; autoplay; clipboard-write; encrypted-media; gyroscope; picture-in-picture; web-share\" referrerpolicy=\"strict-origin-when-cross-origin\" allowfullscreen><\/iframe>\n<\/div><\/figure>\n\n\n\n<p><strong><em>\u201ePrv\u00fd g\u00f3l n\u00e1s nakopol, c\u00edtili sme \u0161ancu, \u017ee to m\u00f4\u017eeme oto\u010di\u0165 a&nbsp;som za to ve\u013emi r\u00e1d,\u201c<\/em><\/strong> hovor\u00ed strelec piateho ligov\u00e9ho g\u00f3lu, ktor\u00fd si na potvrdenie od videorozhodcu musel po\u010dka\u0165 viac ako p\u00e4\u0165 min\u00fat. Pritom situ\u00e1cia sa zdala pomerne jasn\u00e1. Center Bainovi\u010da sa od Paraja odrazil pred \u010euri\u0161a, ktor\u00fd vo\u010di-vo\u010di Ludhovi nezav\u00e1hal.<\/p>\n\n\n\n<p><strong><em>\u201e\u00daplne konkr\u00e9tne neviem \u010do tam sk\u00famali, rozhodca vravel, \u017ee nejak\u00fd ofsajd. Ja som tam videl ruku hr\u00e1\u010da Podbrezovej, od neho sa to odrazilo ku mne a&nbsp;potom som sa u\u017e iba sna\u017eil da\u0165 g\u00f3l.\u201c<\/em><\/strong><\/p>\n\n\n\n<p class=\"has-vivid-red-color has-text-color has-medium-font-size\"><strong>V\u00ed\u0165azstvo ako dar\u010dek k narodenin\u00e1m<\/strong><\/p>\n\n\n\n<p>V\u010dera osl\u00e1vil svoje 44. narodeniny asistent tr\u00e9nera Mari\u00e1n Hodul\u00edk, ktor\u00fd sa ve\u013emi te\u0161il z&nbsp;trojbodov\u00e9ho dar\u010deka, ktor\u00e9 mu dalo mu\u017estvo<strong><em>. \u201eNa oslavy nie je \u010das, vo \u0161tvrtok n\u00e1s \u010dak\u00e1 ve\u013emi d\u00f4le\u017eit\u00fd z\u00e1pas. Ve\u013emi sa te\u0161\u00edm za mu\u017estvo, dnes mi urobili hr\u00e1\u010di neskuto\u010dn\u00fd z\u00e1\u017eitok. Som ve\u013emi \u0161\u0165astn\u00fd, \u017ee mu\u017estvo v&nbsp;tomto z\u00e1pase uk\u00e1zalo svoj charakter, znova sme oto\u010dili z\u00e1pas. S\u00fa to ve\u013emi d\u00f4le\u017eit\u00e9 tri body, ktor\u00e9 sme potrebovali do tabu\u013eky.\u201c<\/em><\/strong><\/p>\n\n\n\n<p>Priznal, \u017ee realiza\u010dn\u00e9mu t\u00edmu sa prvopol\u010dasov\u00fd v\u00fdkon pr\u00edli\u0161 nepozd\u00e1val a\u00a0prest\u00e1vku vyu\u017eili na to, aby niektor\u00e9 veci zmenili. Po obr\u00e1tke bolo vidno, \u017ee hr\u00e1\u010di si slov\u00e1 zobrali k\u00a0srdcu. <strong><em>\u201eHovorili sme, \u017ee mus\u00edme by\u0165 trpezliv\u00ed, nie\u010do sme zmenili v\u00a0syst\u00e9me, druh\u00fd pol\u010das n\u00e1m fungoval lep\u0161ie. Pustili sme dom\u00e1cich e\u0161te tak do dvoch situ\u00e1ci\u00ed, ale mali sme aj \u0161\u0165astie, za ktor\u00fdm sme si i\u0161li a\u00a0Bainovi\u010dov\u00fdm kr\u00e1snym g\u00f3lom sme si v\u00ed\u0165azstvo zasl\u00fa\u017eili.\u201c<\/em><\/strong><\/p>\n\n\n\n<figure class=\"wp-block-embed is-type-video is-provider-youtube wp-block-embed-youtube wp-embed-aspect-16-9 wp-has-aspect-ratio\"><div class=\"wp-block-embed__wrapper\">\n<iframe loading=\"lazy\" title=\"Asistent tr\u00e9nera Majo Hodul\u00edk po z\u00e1pase s Podbrezovou\" width=\"500\" height=\"281\" src=\"https:\/\/www.youtube.com\/embed\/YXUuM5tR6w0?feature=oembed\" frameborder=\"0\" allow=\"accelerometer; autoplay; clipboard-write; encrypted-media; gyroscope; picture-in-picture; web-share\" referrerpolicy=\"strict-origin-when-cross-origin\" allowfullscreen><\/iframe>\n<\/div><\/figure>\n\n\n\n<p>Spartak udrel po dvoch \u0161tandardk\u00e1ch. S\u00fa to situ\u00e1cie, po ktor\u00fdch si vie mu\u017estvo pom\u00f4c\u0165 v&nbsp;okamihoch, ke\u010f sa mu herne nedar\u00ed alebo v&nbsp;z\u00e1pasoch proti silnej\u0161\u00edm mu\u017estv\u00e1m s&nbsp;vy\u0161\u0161\u00edm dr\u017ean\u00edm lopty, tak ako tomu bolo aj proti Nordsjaellandu. T\u00fato zbra\u0148 by chceli spartakovci vyu\u017ei\u0165 aj vo \u0161tvrtok v&nbsp;z\u00e1pase Konferen\u010dnej ligy proti Ludogorcu Razgrad.<\/p>\n\n\n\n<p><strong><em>\u201e\u0160tandardky n\u00e1m moment\u00e1lne vych\u00e1dzaj\u00fa. S\u00fastre\u010fujeme sa na ne a&nbsp;ve\u013ea ich tr\u00e9nujeme pred z\u00e1pasom. Rob\u00edme to d\u00f4kladne a&nbsp;mo\u017eno preto n\u00e1m to vych\u00e1dza.\u201c<\/em><\/strong><\/p>\n\n\n\n<p>V&nbsp;prvom z\u00e1pase prehral Spartak v&nbsp;Bulharsku hladko 0:4, hoci pol\u010das bol e\u0161te bezg\u00f3lov\u00fd. Trnav\u010dania dostali lekciu z&nbsp;efektivity a&nbsp;bolo vidno, \u017ee sk\u00fasen\u00fd bulharsk\u00fd majster hr\u00e1va tak\u00e9to z\u00e1pasy pravidelne. Odvtedy v\u0161ak u\u017e ubehli skoro tri mesiace a&nbsp;Spartak odohral \u010fal\u0161ie tri n\u00e1ro\u010dn\u00e9 z\u00e1pasy, v&nbsp;ktor\u00fdch jeho v\u00fdkonnos\u0165 st\u00fapala. <strong><em>\u201eUr\u010dite to bude in\u00fd z\u00e1pas. Te\u0161\u00edme sa, \u017ee bude pln\u00fd \u0161tadi\u00f3n a&nbsp;chceme to zvl\u00e1dnu\u0165 lep\u0161ie aj v\u00fdsledkovo. Mysl\u00edm, \u017ee v&nbsp;Eur\u00f3pe sme u\u017e o&nbsp;nie\u010do sk\u00fasenej\u0161\u00ed a&nbsp;tieto sk\u00fasenosti m\u00f4\u017eeme v&nbsp;tomto z\u00e1pase vyu\u017ei\u0165,\u201c<\/em><\/strong> ver\u00ed Mari\u00e1n Hodul\u00edk, ktor\u00fd by sa chcel s&nbsp;dom\u00e1cim \u0161tadi\u00f3nom rozl\u00fa\u010di\u0165 v&nbsp;Eur\u00f3pe v\u00ed\u0165azstvom.<\/p>\n\n\n\n<p>Z\u00e1pas sa odohr\u00e1 vo \u0161tvrtok 30. novembra od 21. hodiny a\u00a0posledn\u00fdch zhruba 3 tis\u00edc vstupeniek je v\u00a0predaji <a href=\"https:\/\/cityarena.maxiticket.sk\/fc-spartak-trnava-vs-ludogorec-razgrad-2023\">online<\/a>, vo fanshope a\u00a0v\u00a0de\u0148 z\u00e1pasu sa bud\u00fa da\u0165 k\u00fapi\u0165 aj v\u00a0pokladni.<\/p>\n\n\n\n<div class=\"wp-block-buttons is-layout-flex wp-block-buttons-is-layout-flex\">\n<div class=\"wp-block-button aligncenter is-style-fill\"><a class=\"wp-block-button__link has-white-color has-text-color has-background wp-element-button\" href=\"https:\/\/fcspartaktrnava.com\/en\/galerii\/15-kolo-nl-fk-zeleziarne-podbrezova-vs-fc-spartak-trnava\/\" style=\"border-radius:0px;background-color:#d40133\" target=\"_blank\" rel=\"noreferrer noopener\">PHOTO GALLERY<\/a><\/div>\n<\/div>","protected":false},"excerpt":{"rendered":"<p>Spartak je jasn\u00fdm l\u00eddrom na ihrisk\u00e1ch s\u00faperov, kde&#8230;<\/p>","protected":false},"author":2,"featured_media":12863,"comment_status":"closed","ping_status":"closed","sticky":false,"template":"","format":"standard","meta":{"footnotes":""},"categories":[41],"tags":[],"class_list":["post-12903","post","type-post","status-publish","format-standard","has-post-thumbnail","hentry","category-intervju","post-number-1"],"yoast_head":"<!-- This site is optimized with the Yoast SEO plugin v27.1.1 - https:\/\/yoast.com\/product\/yoast-seo-wordpress\/ -->\n<title>Aj proti Ludogorcu m\u00f4\u017eu op\u00e4\u0165 zav\u00e1\u017ei\u0165 \u0161tandardky - FC Spartak Trnava<\/title>\n<meta name=\"robots\" content=\"index, follow, max-snippet:-1, max-image-preview:large, max-video-preview:-1\" \/>\n<link rel=\"canonical\" href=\"https:\/\/fcspartaktrnava.com\/en\/aj-proti-ludogorcu-mozu-opat-zavazit-standardky\/\" \/>\n<meta name=\"twitter:label1\" content=\"Written by\" \/>\n\t<meta name=\"twitter:data1\" content=\"spartak\" \/>\n\t<meta name=\"twitter:label2\" content=\"Estimated reading time\" \/>\n\t<meta name=\"twitter:data2\" content=\"4 minutes\" \/>\n<script type=\"application\/ld+json\" class=\"yoast-schema-graph\">{\"@context\":\"https:\/\/schema.org\",\"@graph\":[{\"@type\":\"Article\",\"@id\":\"https:\/\/fcspartaktrnava.com\/aj-proti-ludogorcu-mozu-opat-zavazit-standardky\/#article\",\"isPartOf\":{\"@id\":\"https:\/\/fcspartaktrnava.com\/aj-proti-ludogorcu-mozu-opat-zavazit-standardky\/\"},\"author\":{\"name\":\"spartak\",\"@id\":\"https:\/\/fcspartaktrnava.com\/#\/schema\/person\/24bc5b254af14f71d7d8af178790aa75\"},\"headline\":\"Aj proti Ludogorcu m\u00f4\u017eu op\u00e4\u0165 zav\u00e1\u017ei\u0165 \u0161tandardky\",\"datePublished\":\"2023-11-27T10:15:26+00:00\",\"mainEntityOfPage\":{\"@id\":\"https:\/\/fcspartaktrnava.com\/aj-proti-ludogorcu-mozu-opat-zavazit-standardky\/\"},\"wordCount\":807,\"publisher\":{\"@id\":\"https:\/\/fcspartaktrnava.com\/#organization\"},\"image\":{\"@id\":\"https:\/\/fcspartaktrnava.com\/aj-proti-ludogorcu-mozu-opat-zavazit-standardky\/#primaryimage\"},\"thumbnailUrl\":\"https:\/\/fcspartaktrnava.com\/wp-content\/uploads\/2023\/11\/DSC_4601.jpg\",\"articleSection\":[\"Rozhovory\"],\"inLanguage\":\"en-GB\"},{\"@type\":\"WebPage\",\"@id\":\"https:\/\/fcspartaktrnava.com\/aj-proti-ludogorcu-mozu-opat-zavazit-standardky\/\",\"url\":\"https:\/\/fcspartaktrnava.com\/aj-proti-ludogorcu-mozu-opat-zavazit-standardky\/\",\"name\":\"Aj proti Ludogorcu m\u00f4\u017eu op\u00e4\u0165 zav\u00e1\u017ei\u0165 \u0161tandardky - FC Spartak Trnava\",\"isPartOf\":{\"@id\":\"https:\/\/fcspartaktrnava.com\/#website\"},\"primaryImageOfPage\":{\"@id\":\"https:\/\/fcspartaktrnava.com\/aj-proti-ludogorcu-mozu-opat-zavazit-standardky\/#primaryimage\"},\"image\":{\"@id\":\"https:\/\/fcspartaktrnava.com\/aj-proti-ludogorcu-mozu-opat-zavazit-standardky\/#primaryimage\"},\"thumbnailUrl\":\"https:\/\/fcspartaktrnava.com\/wp-content\/uploads\/2023\/11\/DSC_4601.jpg\",\"datePublished\":\"2023-11-27T10:15:26+00:00\",\"breadcrumb\":{\"@id\":\"https:\/\/fcspartaktrnava.com\/aj-proti-ludogorcu-mozu-opat-zavazit-standardky\/#breadcrumb\"},\"inLanguage\":\"en-GB\",\"potentialAction\":[{\"@type\":\"ReadAction\",\"target\":[\"https:\/\/fcspartaktrnava.com\/aj-proti-ludogorcu-mozu-opat-zavazit-standardky\/\"]}]},{\"@type\":\"ImageObject\",\"inLanguage\":\"en-GB\",\"@id\":\"https:\/\/fcspartaktrnava.com\/aj-proti-ludogorcu-mozu-opat-zavazit-standardky\/#primaryimage\",\"url\":\"https:\/\/fcspartaktrnava.com\/wp-content\/uploads\/2023\/11\/DSC_4601.jpg\",\"contentUrl\":\"https:\/\/fcspartaktrnava.com\/wp-content\/uploads\/2023\/11\/DSC_4601.jpg\",\"width\":1500,\"height\":1000},{\"@type\":\"BreadcrumbList\",\"@id\":\"https:\/\/fcspartaktrnava.com\/aj-proti-ludogorcu-mozu-opat-zavazit-standardky\/#breadcrumb\",\"itemListElement\":[{\"@type\":\"ListItem\",\"position\":1,\"name\":\"Home\",\"item\":\"https:\/\/fcspartaktrnava.com\/\"},{\"@type\":\"ListItem\",\"position\":2,\"name\":\"Aj proti Ludogorcu m\u00f4\u017eu op\u00e4\u0165 zav\u00e1\u017ei\u0165 \u0161tandardky\"}]},{\"@type\":\"WebSite\",\"@id\":\"https:\/\/fcspartaktrnava.com\/#website\",\"url\":\"https:\/\/fcspartaktrnava.com\/\",\"name\":\"FC Spartak Trnava\",\"description\":\"ofici\u00e1lna webstr\u00e1nka futbalov\u00e9ho klubu\",\"publisher\":{\"@id\":\"https:\/\/fcspartaktrnava.com\/#organization\"},\"potentialAction\":[{\"@type\":\"SearchAction\",\"target\":{\"@type\":\"EntryPoint\",\"urlTemplate\":\"https:\/\/fcspartaktrnava.com\/?s={search_term_string}\"},\"query-input\":{\"@type\":\"PropertyValueSpecification\",\"valueRequired\":true,\"valueName\":\"search_term_string\"}}],\"inLanguage\":\"en-GB\"},{\"@type\":\"Organization\",\"@id\":\"https:\/\/fcspartaktrnava.com\/#organization\",\"name\":\"FC Spartak Trnava\",\"alternateName\":\"Spartak\",\"url\":\"https:\/\/fcspartaktrnava.com\/\",\"logo\":{\"@type\":\"ImageObject\",\"inLanguage\":\"en-GB\",\"@id\":\"https:\/\/fcspartaktrnava.com\/#\/schema\/logo\/image\/\",\"url\":\"https:\/\/fcspartaktrnava.com\/wp-content\/uploads\/2022\/08\/cropped-site_logo.png\",\"contentUrl\":\"https:\/\/fcspartaktrnava.com\/wp-content\/uploads\/2022\/08\/cropped-site_logo.png\",\"width\":140,\"height\":140,\"caption\":\"FC Spartak Trnava\"},\"image\":{\"@id\":\"https:\/\/fcspartaktrnava.com\/#\/schema\/logo\/image\/\"},\"sameAs\":[\"https:\/\/www.facebook.com\/SpartakTrnava\",\"https:\/\/x.com\/SpartakTrnava1\",\"https:\/\/www.instagram.com\/spartak_sk\/\"]},{\"@type\":\"Person\",\"@id\":\"https:\/\/fcspartaktrnava.com\/#\/schema\/person\/24bc5b254af14f71d7d8af178790aa75\",\"name\":\"spartak\",\"image\":{\"@type\":\"ImageObject\",\"inLanguage\":\"en-GB\",\"@id\":\"https:\/\/fcspartaktrnava.com\/#\/schema\/person\/image\/\",\"url\":\"https:\/\/secure.gravatar.com\/avatar\/f8ff8584f3fcf3909a11a6da9019f37749183b4015bca14e64556c52614cdc7f?s=96&d=mm&r=g\",\"contentUrl\":\"https:\/\/secure.gravatar.com\/avatar\/f8ff8584f3fcf3909a11a6da9019f37749183b4015bca14e64556c52614cdc7f?s=96&d=mm&r=g\",\"caption\":\"spartak\"},\"url\":\"https:\/\/fcspartaktrnava.com\/en\/author\/spartak\/\"}]}<\/script>\n<!-- \/ Yoast SEO plugin. -->","yoast_head_json":{"title":"Aj proti Ludogorcu m\u00f4\u017eu op\u00e4\u0165 zav\u00e1\u017ei\u0165 \u0161tandardky - FC Spartak Trnava","robots":{"index":"index","follow":"follow","max-snippet":"max-snippet:-1","max-image-preview":"max-image-preview:large","max-video-preview":"max-video-preview:-1"},"canonical":"https:\/\/fcspartaktrnava.com\/en\/aj-proti-ludogorcu-mozu-opat-zavazit-standardky\/","twitter_misc":{"Written by":"spartak","Estimated reading time":"4 minutes"},"schema":{"@context":"https:\/\/schema.org","@graph":[{"@type":"Article","@id":"https:\/\/fcspartaktrnava.com\/aj-proti-ludogorcu-mozu-opat-zavazit-standardky\/#article","isPartOf":{"@id":"https:\/\/fcspartaktrnava.com\/aj-proti-ludogorcu-mozu-opat-zavazit-standardky\/"},"author":{"name":"spartak","@id":"https:\/\/fcspartaktrnava.com\/#\/schema\/person\/24bc5b254af14f71d7d8af178790aa75"},"headline":"Aj proti Ludogorcu m\u00f4\u017eu op\u00e4\u0165 zav\u00e1\u017ei\u0165 \u0161tandardky","datePublished":"2023-11-27T10:15:26+00:00","mainEntityOfPage":{"@id":"https:\/\/fcspartaktrnava.com\/aj-proti-ludogorcu-mozu-opat-zavazit-standardky\/"},"wordCount":807,"publisher":{"@id":"https:\/\/fcspartaktrnava.com\/#organization"},"image":{"@id":"https:\/\/fcspartaktrnava.com\/aj-proti-ludogorcu-mozu-opat-zavazit-standardky\/#primaryimage"},"thumbnailUrl":"https:\/\/fcspartaktrnava.com\/wp-content\/uploads\/2023\/11\/DSC_4601.jpg","articleSection":["Rozhovory"],"inLanguage":"en-GB"},{"@type":"WebPage","@id":"https:\/\/fcspartaktrnava.com\/aj-proti-ludogorcu-mozu-opat-zavazit-standardky\/","url":"https:\/\/fcspartaktrnava.com\/aj-proti-ludogorcu-mozu-opat-zavazit-standardky\/","name":"Aj proti Ludogorcu m\u00f4\u017eu op\u00e4\u0165 zav\u00e1\u017ei\u0165 \u0161tandardky - FC Spartak Trnava","isPartOf":{"@id":"https:\/\/fcspartaktrnava.com\/#website"},"primaryImageOfPage":{"@id":"https:\/\/fcspartaktrnava.com\/aj-proti-ludogorcu-mozu-opat-zavazit-standardky\/#primaryimage"},"image":{"@id":"https:\/\/fcspartaktrnava.com\/aj-proti-ludogorcu-mozu-opat-zavazit-standardky\/#primaryimage"},"thumbnailUrl":"https:\/\/fcspartaktrnava.com\/wp-content\/uploads\/2023\/11\/DSC_4601.jpg","datePublished":"2023-11-27T10:15:26+00:00","breadcrumb":{"@id":"https:\/\/fcspartaktrnava.com\/aj-proti-ludogorcu-mozu-opat-zavazit-standardky\/#breadcrumb"},"inLanguage":"en-GB","potentialAction":[{"@type":"ReadAction","target":["https:\/\/fcspartaktrnava.com\/aj-proti-ludogorcu-mozu-opat-zavazit-standardky\/"]}]},{"@type":"ImageObject","inLanguage":"en-GB","@id":"https:\/\/fcspartaktrnava.com\/aj-proti-ludogorcu-mozu-opat-zavazit-standardky\/#primaryimage","url":"https:\/\/fcspartaktrnava.com\/wp-content\/uploads\/2023\/11\/DSC_4601.jpg","contentUrl":"https:\/\/fcspartaktrnava.com\/wp-content\/uploads\/2023\/11\/DSC_4601.jpg","width":1500,"height":1000},{"@type":"BreadcrumbList","@id":"https:\/\/fcspartaktrnava.com\/aj-proti-ludogorcu-mozu-opat-zavazit-standardky\/#breadcrumb","itemListElement":[{"@type":"ListItem","position":1,"name":"Home","item":"https:\/\/fcspartaktrnava.com\/"},{"@type":"ListItem","position":2,"name":"Aj proti Ludogorcu m\u00f4\u017eu op\u00e4\u0165 zav\u00e1\u017ei\u0165 \u0161tandardky"}]},{"@type":"WebSite","@id":"https:\/\/fcspartaktrnava.com\/#website","url":"https:\/\/fcspartaktrnava.com\/","name":"FC Spartak Trnava","description":"ofici\u00e1lna webstr\u00e1nka futbalov\u00e9ho klubu","publisher":{"@id":"https:\/\/fcspartaktrnava.com\/#organization"},"potentialAction":[{"@type":"SearchAction","target":{"@type":"EntryPoint","urlTemplate":"https:\/\/fcspartaktrnava.com\/?s={search_term_string}"},"query-input":{"@type":"PropertyValueSpecification","valueRequired":true,"valueName":"search_term_string"}}],"inLanguage":"en-GB"},{"@type":"Organization","@id":"https:\/\/fcspartaktrnava.com\/#organization","name":"FC Spartak Trnava","alternateName":"Spartak","url":"https:\/\/fcspartaktrnava.com\/","logo":{"@type":"ImageObject","inLanguage":"en-GB","@id":"https:\/\/fcspartaktrnava.com\/#\/schema\/logo\/image\/","url":"https:\/\/fcspartaktrnava.com\/wp-content\/uploads\/2022\/08\/cropped-site_logo.png","contentUrl":"https:\/\/fcspartaktrnava.com\/wp-content\/uploads\/2022\/08\/cropped-site_logo.png","width":140,"height":140,"caption":"FC Spartak Trnava"},"image":{"@id":"https:\/\/fcspartaktrnava.com\/#\/schema\/logo\/image\/"},"sameAs":["https:\/\/www.facebook.com\/SpartakTrnava","https:\/\/x.com\/SpartakTrnava1","https:\/\/www.instagram.com\/spartak_sk\/"]},{"@type":"Person","@id":"https:\/\/fcspartaktrnava.com\/#\/schema\/person\/24bc5b254af14f71d7d8af178790aa75","name":"spartak","image":{"@type":"ImageObject","inLanguage":"en-GB","@id":"https:\/\/fcspartaktrnava.com\/#\/schema\/person\/image\/","url":"https:\/\/secure.gravatar.com\/avatar\/f8ff8584f3fcf3909a11a6da9019f37749183b4015bca14e64556c52614cdc7f?s=96&d=mm&r=g","contentUrl":"https:\/\/secure.gravatar.com\/avatar\/f8ff8584f3fcf3909a11a6da9019f37749183b4015bca14e64556c52614cdc7f?s=96&d=mm&r=g","caption":"spartak"},"url":"https:\/\/fcspartaktrnava.com\/en\/author\/spartak\/"}]}},"_links":{"self":[{"href":"https:\/\/fcspartaktrnava.com\/en\/wp-json\/wp\/v2\/posts\/12903","targetHints":{"allow":["GET"]}}],"collection":[{"href":"https:\/\/fcspartaktrnava.com\/en\/wp-json\/wp\/v2\/posts"}],"about":[{"href":"https:\/\/fcspartaktrnava.com\/en\/wp-json\/wp\/v2\/types\/post"}],"author":[{"embeddable":true,"href":"https:\/\/fcspartaktrnava.com\/en\/wp-json\/wp\/v2\/users\/2"}],"replies":[{"embeddable":true,"href":"https:\/\/fcspartaktrnava.com\/en\/wp-json\/wp\/v2\/comments?post=12903"}],"version-history":[{"count":0,"href":"https:\/\/fcspartaktrnava.com\/en\/wp-json\/wp\/v2\/posts\/12903\/revisions"}],"wp:featuredmedia":[{"embeddable":true,"href":"https:\/\/fcspartaktrnava.com\/en\/wp-json\/wp\/v2\/media\/12863"}],"wp:attachment":[{"href":"https:\/\/fcspartaktrnava.com\/en\/wp-json\/wp\/v2\/media?parent=12903"}],"wp:term":[{"taxonomy":"category","embeddable":true,"href":"https:\/\/fcspartaktrnava.com\/en\/wp-json\/wp\/v2\/categories?post=12903"},{"taxonomy":"post_tag","embeddable":true,"href":"https:\/\/fcspartaktrnava.com\/en\/wp-json\/wp\/v2\/tags?post=12903"}],"curies":[{"name":"wp","href":"https:\/\/api.w.org\/{rel}","templated":true}]}}