{"id":12824,"date":"2023-11-27T11:17:10","date_gmt":"2023-11-27T09:17:10","guid":{"rendered":"https:\/\/fcspartaktrnava.com\/?p=12824"},"modified":"2023-11-27T11:17:11","modified_gmt":"2023-11-27T09:17:11","slug":"bainovicov-gol-ocenil-aj-nestastny-ludha","status":"publish","type":"post","link":"https:\/\/fcspartaktrnava.com\/en\/bainovicov-gol-ocenil-aj-nestastny-ludha\/","title":{"rendered":"Bainovi\u010dov g\u00f3l ocenil aj ne\u0161\u0165astn\u00fd Ludha"},"content":{"rendered":"<p>Spartak odohral v&nbsp;Podbrezovej n\u00e1ro\u010dn\u00fd z\u00e1pas so \u0161\u0165astn\u00fdm koncom. Dom\u00e1ci sa hotovali vr\u00e1ti\u0165 Trnave prehru z&nbsp;prv\u00e9ho vz\u00e1jomn\u00e9ho z\u00e1pasu a&nbsp;preru\u0161i\u0165 s\u00e9riu troch prehier. Pr\u00edpadn\u00e9 v\u00ed\u0165azstvo by ich posunulo na 3. prie\u010dku v&nbsp;tabu\u013eke a&nbsp;to v\u0161etko boli mot\u00edvy, ktor\u00e9 ich hnali od za\u010diatku za g\u00f3lom, ktor\u00e9ho sa aj pomerne skoro do\u010dkali. Prv\u00fd pol\u010das vyhrala Podbrezov\u00e1, no po prest\u00e1vke to bola Trnava, ktor\u00e1 i\u0161la za g\u00f3lom cie\u013eavedomej\u0161ie a&nbsp;s&nbsp;v\u00e4\u010d\u0161ou kvalitou vpredu.<\/p>\n\n\n\n<p><strong><em>\u201eZmenili sme nejak\u00e9 veci, chceli sme viac pressova\u0165 a&nbsp;najm\u00e4 sa v&nbsp;druhom pol\u010dase zobudi\u0165. Zrejme to nebol \u00faplne najlep\u0161\u00ed z\u00e1pas z&nbsp;na\u0161ej strany, ale ve\u013ek\u00e9 mu\u017estv\u00e1 musia vyhr\u00e1va\u0165 aj tak\u00e9to z\u00e1pasy,\u201c<\/em><\/strong> hovoril po z\u00e1pase strelec rozhoduj\u00faceho g\u00f3lu Filip Bainovi\u010d. Trnava si pomohla dvoma \u0161tandardkami, po ktor\u00fdch najsk\u00f4r \u010euri\u0161 vyrovnal a&nbsp;t\u00fa druh\u00fa poslal Bainovi\u010d expresne priamo od brvna do siete.<\/p>\n\n\n\n<p>U\u017e na konci prv\u00e9ho pol\u010dasu sk\u00fa\u0161al \u0161\u0165astie technickou strelou spoza \u0161estn\u00e1stky, ale nezmestila sa do br\u00e1nky. <strong><em>\u201eSk\u00fasil som to, ale k\u00fa\u0161tik mi ch\u00fdbal. Chvalabohu, v&nbsp;druhom pol\u010dase u\u017e dobre sadla a&nbsp;nech\u00fdbal ani ten k\u00fa\u0161tik,\u201c <\/em><\/strong>usmieval sa strelec rozhoduj\u00faceho g\u00f3lu, ktor\u00fd sa pred exek\u00faciou dohov\u00e1ral so \u0160tetinom, \u010di p\u00f4jde delovka od stop\u00e9ra Trnavy, alebo technick\u00fd pokus z&nbsp;kopa\u010dky Bainovi\u010da.<\/p>\n\n\n\n<p><strong><em>\u201eSt\u00e1le sa dohadujeme pred priamymi kopmi a&nbsp;nielen so \u0160tetinom, ale aj s&nbsp;Bukim alebo Bernym. Teraz som si ju zobral ja, hovoril som mu, \u017ee sa na \u0148u c\u00edtim. M\u00e1m rad\u0161ej, ke\u010f je lopta trocha \u010falej od \u0161estn\u00e1stky a&nbsp;te\u0161\u00edm sa, \u017ee mi to vy\u0161lo.\u201c<\/em><\/strong><\/p>\n\n\n\n<figure class=\"wp-block-embed is-type-video is-provider-youtube wp-block-embed-youtube wp-embed-aspect-16-9 wp-has-aspect-ratio\"><div class=\"wp-block-embed__wrapper\">\n<iframe loading=\"lazy\" title=\"Filip Bainovi\u010d po z\u00e1pase s Podbrezovou\" width=\"500\" height=\"281\" src=\"https:\/\/www.youtube.com\/embed\/-YK6S3qrRTk?feature=oembed\" frameborder=\"0\" allow=\"accelerometer; autoplay; clipboard-write; encrypted-media; gyroscope; picture-in-picture; web-share\" referrerpolicy=\"strict-origin-when-cross-origin\" allowfullscreen><\/iframe>\n<\/div><\/figure>\n\n\n\n<p>Bainovi\u010d u\u017e v\u00a0tejto sez\u00f3ne vyhral anketu G\u00f3l mesiaca za september, ke\u010f trafil pod brvno v\u00a0z\u00e1pase proti Podbrezovej doma. Ve\u013ek\u00e9 \u0161ance bude ma\u0165 isto aj za november.<strong><em> \u201eMysl\u00edm, \u017ee aj toto bol pekn\u00fd g\u00f3l a\u00a0d\u00fafam, \u017ee bude nomin\u00e1cia na G\u00f3l mesiaca.\u201c<\/em><\/strong><\/p>\n\n\n\n<p>Ludha mus\u00ed by\u0165 v&nbsp;tejto sez\u00f3ne z&nbsp;Bainovi\u010da asi ne\u0161\u0165astn\u00fd. Tentokr\u00e1t nemohol urobi\u0165 viac, lebo to bolo na milimeter kopnut\u00e9. <strong><em>\u201eJe to dobr\u00fd chlap, podal mi po z\u00e1pase ruku a&nbsp;povedal mi, klob\u00fak dolu. Dal som mu dva pekn\u00e9 g\u00f3ly, aj predt\u00fdm v&nbsp;Tren\u010d\u00edne, ke\u010f som bol, tak som mu dal g\u00f3l, tak\u017ee sa mi proti nemu dar\u00ed.\u201c<\/em><\/strong><\/p>\n\n\n\n<p>Bainovi\u010d dal g\u00f3ly v&nbsp;ostatn\u00fdch dvoch z\u00e1pasoch, celkovo ich u\u017e m\u00e1 na svojom konte \u0161tyri v&nbsp;lige a&nbsp;pokra\u010dova\u0165 by chcel aj vo \u0161tvrtok v&nbsp;Konferen\u010dnej lige proti Ludogorcu Razgrad. <strong><em>\u201eChcel by som aj Ludogorcu nejak\u00fd prida\u0165 a&nbsp;potiahnu\u0165 s\u00e9riu. Uvid\u00edme, \u010di sa to podar\u00ed. U\u017e s&nbsp;Nordsjaellandom sme uk\u00e1zali ve\u013ek\u00fa kvalitu v&nbsp;hre a&nbsp;uhrali sme aj dob\u00fd v\u00fdsledok. Doma ideme proti ka\u017ed\u00e9mu mu\u017estvu na v\u00ed\u0165azstvo a&nbsp;aj teraz urob\u00edme v\u0161etko preto, aby sme vyhrali.\u201c<\/em><\/strong><\/p>\n\n\n\n<p>Ludogorec mal svoj ligov\u00fd z\u00e1pas proti Slavii Sofia odohra\u0165 v nede\u013eu, ale pre nezvy\u010dajne vysok\u00fa snehov\u00fa n\u00e1dielku sa nehralo a\u00a0malo by sa hra\u0165 v\u00a0pondelok. Z\u00e1pas so Spartakom je na pl\u00e1ne vo \u0161tvrtok od 21. hodiny. <\/p>\n\n\n\n<div class=\"wp-block-buttons is-layout-flex wp-block-buttons-is-layout-flex\">\n<div class=\"wp-block-button aligncenter is-style-fill\"><a class=\"wp-block-button__link has-white-color has-text-color has-background wp-element-button\" href=\"https:\/\/fcspartaktrnava.com\/en\/galerii\/15-kolo-nl-fk-zeleziarne-podbrezova-vs-fc-spartak-trnava\/\" style=\"border-radius:0px;background-color:#d40133\" target=\"_blank\" rel=\"noreferrer noopener\">PHOTO GALLERY<\/a><\/div>\n<\/div>","protected":false},"excerpt":{"rendered":"<p>Spartak odohral v&nbsp;Podbrezovej n\u00e1ro\u010dn\u00fd z\u00e1pas so \u0161\u0165astn\u00fdm koncom&#8230;.<\/p>","protected":false},"author":2,"featured_media":12825,"comment_status":"closed","ping_status":"closed","sticky":false,"template":"","format":"standard","meta":{"footnotes":""},"categories":[41],"tags":[],"class_list":["post-12824","post","type-post","status-publish","format-standard","has-post-thumbnail","hentry","category-intervju","post-number-1"],"yoast_head":"<!-- This site is optimized with the Yoast SEO plugin v27.1.1 - https:\/\/yoast.com\/product\/yoast-seo-wordpress\/ -->\n<title>Bainovi\u010dov g\u00f3l ocenil aj ne\u0161\u0165astn\u00fd Ludha - FC Spartak Trnava<\/title>\n<meta name=\"robots\" content=\"index, follow, max-snippet:-1, max-image-preview:large, max-video-preview:-1\" \/>\n<link rel=\"canonical\" href=\"https:\/\/fcspartaktrnava.com\/en\/bainovicov-gol-ocenil-aj-nestastny-ludha\/\" \/>\n<meta name=\"twitter:label1\" content=\"Written by\" \/>\n\t<meta name=\"twitter:data1\" content=\"spartak\" \/>\n\t<meta name=\"twitter:label2\" content=\"Estimated reading time\" \/>\n\t<meta name=\"twitter:data2\" content=\"3 minutes\" \/>\n<script type=\"application\/ld+json\" class=\"yoast-schema-graph\">{\"@context\":\"https:\/\/schema.org\",\"@graph\":[{\"@type\":\"Article\",\"@id\":\"https:\/\/fcspartaktrnava.com\/bainovicov-gol-ocenil-aj-nestastny-ludha\/#article\",\"isPartOf\":{\"@id\":\"https:\/\/fcspartaktrnava.com\/bainovicov-gol-ocenil-aj-nestastny-ludha\/\"},\"author\":{\"name\":\"spartak\",\"@id\":\"https:\/\/fcspartaktrnava.com\/#\/schema\/person\/24bc5b254af14f71d7d8af178790aa75\"},\"headline\":\"Bainovi\u010dov g\u00f3l ocenil aj ne\u0161\u0165astn\u00fd Ludha\",\"datePublished\":\"2023-11-27T09:17:10+00:00\",\"dateModified\":\"2023-11-27T09:17:11+00:00\",\"mainEntityOfPage\":{\"@id\":\"https:\/\/fcspartaktrnava.com\/bainovicov-gol-ocenil-aj-nestastny-ludha\/\"},\"wordCount\":607,\"publisher\":{\"@id\":\"https:\/\/fcspartaktrnava.com\/#organization\"},\"image\":{\"@id\":\"https:\/\/fcspartaktrnava.com\/bainovicov-gol-ocenil-aj-nestastny-ludha\/#primaryimage\"},\"thumbnailUrl\":\"https:\/\/fcspartaktrnava.com\/wp-content\/uploads\/2023\/11\/DSC_4442-scaled.jpg\",\"articleSection\":[\"Rozhovory\"],\"inLanguage\":\"en-GB\"},{\"@type\":\"WebPage\",\"@id\":\"https:\/\/fcspartaktrnava.com\/bainovicov-gol-ocenil-aj-nestastny-ludha\/\",\"url\":\"https:\/\/fcspartaktrnava.com\/bainovicov-gol-ocenil-aj-nestastny-ludha\/\",\"name\":\"Bainovi\u010dov g\u00f3l ocenil aj ne\u0161\u0165astn\u00fd Ludha - FC Spartak Trnava\",\"isPartOf\":{\"@id\":\"https:\/\/fcspartaktrnava.com\/#website\"},\"primaryImageOfPage\":{\"@id\":\"https:\/\/fcspartaktrnava.com\/bainovicov-gol-ocenil-aj-nestastny-ludha\/#primaryimage\"},\"image\":{\"@id\":\"https:\/\/fcspartaktrnava.com\/bainovicov-gol-ocenil-aj-nestastny-ludha\/#primaryimage\"},\"thumbnailUrl\":\"https:\/\/fcspartaktrnava.com\/wp-content\/uploads\/2023\/11\/DSC_4442-scaled.jpg\",\"datePublished\":\"2023-11-27T09:17:10+00:00\",\"dateModified\":\"2023-11-27T09:17:11+00:00\",\"breadcrumb\":{\"@id\":\"https:\/\/fcspartaktrnava.com\/bainovicov-gol-ocenil-aj-nestastny-ludha\/#breadcrumb\"},\"inLanguage\":\"en-GB\",\"potentialAction\":[{\"@type\":\"ReadAction\",\"target\":[\"https:\/\/fcspartaktrnava.com\/bainovicov-gol-ocenil-aj-nestastny-ludha\/\"]}]},{\"@type\":\"ImageObject\",\"inLanguage\":\"en-GB\",\"@id\":\"https:\/\/fcspartaktrnava.com\/bainovicov-gol-ocenil-aj-nestastny-ludha\/#primaryimage\",\"url\":\"https:\/\/fcspartaktrnava.com\/wp-content\/uploads\/2023\/11\/DSC_4442-scaled.jpg\",\"contentUrl\":\"https:\/\/fcspartaktrnava.com\/wp-content\/uploads\/2023\/11\/DSC_4442-scaled.jpg\",\"width\":2560,\"height\":1703},{\"@type\":\"BreadcrumbList\",\"@id\":\"https:\/\/fcspartaktrnava.com\/bainovicov-gol-ocenil-aj-nestastny-ludha\/#breadcrumb\",\"itemListElement\":[{\"@type\":\"ListItem\",\"position\":1,\"name\":\"Home\",\"item\":\"https:\/\/fcspartaktrnava.com\/\"},{\"@type\":\"ListItem\",\"position\":2,\"name\":\"Bainovi\u010dov g\u00f3l ocenil aj ne\u0161\u0165astn\u00fd Ludha\"}]},{\"@type\":\"WebSite\",\"@id\":\"https:\/\/fcspartaktrnava.com\/#website\",\"url\":\"https:\/\/fcspartaktrnava.com\/\",\"name\":\"FC Spartak Trnava\",\"description\":\"ofici\u00e1lna webstr\u00e1nka futbalov\u00e9ho klubu\",\"publisher\":{\"@id\":\"https:\/\/fcspartaktrnava.com\/#organization\"},\"potentialAction\":[{\"@type\":\"SearchAction\",\"target\":{\"@type\":\"EntryPoint\",\"urlTemplate\":\"https:\/\/fcspartaktrnava.com\/?s={search_term_string}\"},\"query-input\":{\"@type\":\"PropertyValueSpecification\",\"valueRequired\":true,\"valueName\":\"search_term_string\"}}],\"inLanguage\":\"en-GB\"},{\"@type\":\"Organization\",\"@id\":\"https:\/\/fcspartaktrnava.com\/#organization\",\"name\":\"FC Spartak Trnava\",\"alternateName\":\"Spartak\",\"url\":\"https:\/\/fcspartaktrnava.com\/\",\"logo\":{\"@type\":\"ImageObject\",\"inLanguage\":\"en-GB\",\"@id\":\"https:\/\/fcspartaktrnava.com\/#\/schema\/logo\/image\/\",\"url\":\"https:\/\/fcspartaktrnava.com\/wp-content\/uploads\/2022\/08\/cropped-site_logo.png\",\"contentUrl\":\"https:\/\/fcspartaktrnava.com\/wp-content\/uploads\/2022\/08\/cropped-site_logo.png\",\"width\":140,\"height\":140,\"caption\":\"FC Spartak Trnava\"},\"image\":{\"@id\":\"https:\/\/fcspartaktrnava.com\/#\/schema\/logo\/image\/\"},\"sameAs\":[\"https:\/\/www.facebook.com\/SpartakTrnava\",\"https:\/\/x.com\/SpartakTrnava1\",\"https:\/\/www.instagram.com\/spartak_sk\/\"]},{\"@type\":\"Person\",\"@id\":\"https:\/\/fcspartaktrnava.com\/#\/schema\/person\/24bc5b254af14f71d7d8af178790aa75\",\"name\":\"spartak\",\"image\":{\"@type\":\"ImageObject\",\"inLanguage\":\"en-GB\",\"@id\":\"https:\/\/fcspartaktrnava.com\/#\/schema\/person\/image\/\",\"url\":\"https:\/\/secure.gravatar.com\/avatar\/f8ff8584f3fcf3909a11a6da9019f37749183b4015bca14e64556c52614cdc7f?s=96&d=mm&r=g\",\"contentUrl\":\"https:\/\/secure.gravatar.com\/avatar\/f8ff8584f3fcf3909a11a6da9019f37749183b4015bca14e64556c52614cdc7f?s=96&d=mm&r=g\",\"caption\":\"spartak\"},\"url\":\"https:\/\/fcspartaktrnava.com\/en\/author\/spartak\/\"}]}<\/script>\n<!-- \/ Yoast SEO plugin. -->","yoast_head_json":{"title":"Bainovi\u010dov g\u00f3l ocenil aj ne\u0161\u0165astn\u00fd Ludha - FC Spartak Trnava","robots":{"index":"index","follow":"follow","max-snippet":"max-snippet:-1","max-image-preview":"max-image-preview:large","max-video-preview":"max-video-preview:-1"},"canonical":"https:\/\/fcspartaktrnava.com\/en\/bainovicov-gol-ocenil-aj-nestastny-ludha\/","twitter_misc":{"Written by":"spartak","Estimated reading time":"3 minutes"},"schema":{"@context":"https:\/\/schema.org","@graph":[{"@type":"Article","@id":"https:\/\/fcspartaktrnava.com\/bainovicov-gol-ocenil-aj-nestastny-ludha\/#article","isPartOf":{"@id":"https:\/\/fcspartaktrnava.com\/bainovicov-gol-ocenil-aj-nestastny-ludha\/"},"author":{"name":"spartak","@id":"https:\/\/fcspartaktrnava.com\/#\/schema\/person\/24bc5b254af14f71d7d8af178790aa75"},"headline":"Bainovi\u010dov g\u00f3l ocenil aj ne\u0161\u0165astn\u00fd Ludha","datePublished":"2023-11-27T09:17:10+00:00","dateModified":"2023-11-27T09:17:11+00:00","mainEntityOfPage":{"@id":"https:\/\/fcspartaktrnava.com\/bainovicov-gol-ocenil-aj-nestastny-ludha\/"},"wordCount":607,"publisher":{"@id":"https:\/\/fcspartaktrnava.com\/#organization"},"image":{"@id":"https:\/\/fcspartaktrnava.com\/bainovicov-gol-ocenil-aj-nestastny-ludha\/#primaryimage"},"thumbnailUrl":"https:\/\/fcspartaktrnava.com\/wp-content\/uploads\/2023\/11\/DSC_4442-scaled.jpg","articleSection":["Rozhovory"],"inLanguage":"en-GB"},{"@type":"WebPage","@id":"https:\/\/fcspartaktrnava.com\/bainovicov-gol-ocenil-aj-nestastny-ludha\/","url":"https:\/\/fcspartaktrnava.com\/bainovicov-gol-ocenil-aj-nestastny-ludha\/","name":"Bainovi\u010dov g\u00f3l ocenil aj ne\u0161\u0165astn\u00fd Ludha - FC Spartak Trnava","isPartOf":{"@id":"https:\/\/fcspartaktrnava.com\/#website"},"primaryImageOfPage":{"@id":"https:\/\/fcspartaktrnava.com\/bainovicov-gol-ocenil-aj-nestastny-ludha\/#primaryimage"},"image":{"@id":"https:\/\/fcspartaktrnava.com\/bainovicov-gol-ocenil-aj-nestastny-ludha\/#primaryimage"},"thumbnailUrl":"https:\/\/fcspartaktrnava.com\/wp-content\/uploads\/2023\/11\/DSC_4442-scaled.jpg","datePublished":"2023-11-27T09:17:10+00:00","dateModified":"2023-11-27T09:17:11+00:00","breadcrumb":{"@id":"https:\/\/fcspartaktrnava.com\/bainovicov-gol-ocenil-aj-nestastny-ludha\/#breadcrumb"},"inLanguage":"en-GB","potentialAction":[{"@type":"ReadAction","target":["https:\/\/fcspartaktrnava.com\/bainovicov-gol-ocenil-aj-nestastny-ludha\/"]}]},{"@type":"ImageObject","inLanguage":"en-GB","@id":"https:\/\/fcspartaktrnava.com\/bainovicov-gol-ocenil-aj-nestastny-ludha\/#primaryimage","url":"https:\/\/fcspartaktrnava.com\/wp-content\/uploads\/2023\/11\/DSC_4442-scaled.jpg","contentUrl":"https:\/\/fcspartaktrnava.com\/wp-content\/uploads\/2023\/11\/DSC_4442-scaled.jpg","width":2560,"height":1703},{"@type":"BreadcrumbList","@id":"https:\/\/fcspartaktrnava.com\/bainovicov-gol-ocenil-aj-nestastny-ludha\/#breadcrumb","itemListElement":[{"@type":"ListItem","position":1,"name":"Home","item":"https:\/\/fcspartaktrnava.com\/"},{"@type":"ListItem","position":2,"name":"Bainovi\u010dov g\u00f3l ocenil aj ne\u0161\u0165astn\u00fd Ludha"}]},{"@type":"WebSite","@id":"https:\/\/fcspartaktrnava.com\/#website","url":"https:\/\/fcspartaktrnava.com\/","name":"FC Spartak Trnava","description":"ofici\u00e1lna webstr\u00e1nka futbalov\u00e9ho klubu","publisher":{"@id":"https:\/\/fcspartaktrnava.com\/#organization"},"potentialAction":[{"@type":"SearchAction","target":{"@type":"EntryPoint","urlTemplate":"https:\/\/fcspartaktrnava.com\/?s={search_term_string}"},"query-input":{"@type":"PropertyValueSpecification","valueRequired":true,"valueName":"search_term_string"}}],"inLanguage":"en-GB"},{"@type":"Organization","@id":"https:\/\/fcspartaktrnava.com\/#organization","name":"FC Spartak Trnava","alternateName":"Spartak","url":"https:\/\/fcspartaktrnava.com\/","logo":{"@type":"ImageObject","inLanguage":"en-GB","@id":"https:\/\/fcspartaktrnava.com\/#\/schema\/logo\/image\/","url":"https:\/\/fcspartaktrnava.com\/wp-content\/uploads\/2022\/08\/cropped-site_logo.png","contentUrl":"https:\/\/fcspartaktrnava.com\/wp-content\/uploads\/2022\/08\/cropped-site_logo.png","width":140,"height":140,"caption":"FC Spartak Trnava"},"image":{"@id":"https:\/\/fcspartaktrnava.com\/#\/schema\/logo\/image\/"},"sameAs":["https:\/\/www.facebook.com\/SpartakTrnava","https:\/\/x.com\/SpartakTrnava1","https:\/\/www.instagram.com\/spartak_sk\/"]},{"@type":"Person","@id":"https:\/\/fcspartaktrnava.com\/#\/schema\/person\/24bc5b254af14f71d7d8af178790aa75","name":"spartak","image":{"@type":"ImageObject","inLanguage":"en-GB","@id":"https:\/\/fcspartaktrnava.com\/#\/schema\/person\/image\/","url":"https:\/\/secure.gravatar.com\/avatar\/f8ff8584f3fcf3909a11a6da9019f37749183b4015bca14e64556c52614cdc7f?s=96&d=mm&r=g","contentUrl":"https:\/\/secure.gravatar.com\/avatar\/f8ff8584f3fcf3909a11a6da9019f37749183b4015bca14e64556c52614cdc7f?s=96&d=mm&r=g","caption":"spartak"},"url":"https:\/\/fcspartaktrnava.com\/en\/author\/spartak\/"}]}},"_links":{"self":[{"href":"https:\/\/fcspartaktrnava.com\/en\/wp-json\/wp\/v2\/posts\/12824","targetHints":{"allow":["GET"]}}],"collection":[{"href":"https:\/\/fcspartaktrnava.com\/en\/wp-json\/wp\/v2\/posts"}],"about":[{"href":"https:\/\/fcspartaktrnava.com\/en\/wp-json\/wp\/v2\/types\/post"}],"author":[{"embeddable":true,"href":"https:\/\/fcspartaktrnava.com\/en\/wp-json\/wp\/v2\/users\/2"}],"replies":[{"embeddable":true,"href":"https:\/\/fcspartaktrnava.com\/en\/wp-json\/wp\/v2\/comments?post=12824"}],"version-history":[{"count":0,"href":"https:\/\/fcspartaktrnava.com\/en\/wp-json\/wp\/v2\/posts\/12824\/revisions"}],"wp:featuredmedia":[{"embeddable":true,"href":"https:\/\/fcspartaktrnava.com\/en\/wp-json\/wp\/v2\/media\/12825"}],"wp:attachment":[{"href":"https:\/\/fcspartaktrnava.com\/en\/wp-json\/wp\/v2\/media?parent=12824"}],"wp:term":[{"taxonomy":"category","embeddable":true,"href":"https:\/\/fcspartaktrnava.com\/en\/wp-json\/wp\/v2\/categories?post=12824"},{"taxonomy":"post_tag","embeddable":true,"href":"https:\/\/fcspartaktrnava.com\/en\/wp-json\/wp\/v2\/tags?post=12824"}],"curies":[{"name":"wp","href":"https:\/\/api.w.org\/{rel}","templated":true}]}}