{"id":12635,"date":"2023-11-10T12:05:36","date_gmt":"2023-11-10T10:05:36","guid":{"rendered":"https:\/\/fcspartaktrnava.com\/?p=12635"},"modified":"2023-11-10T14:28:22","modified_gmt":"2023-11-10T12:28:22","slug":"vdaka-nasim-fanusikom-to-u-konecne-zilo","status":"publish","type":"post","link":"https:\/\/fcspartaktrnava.com\/en\/vdaka-nasim-fanusikom-to-u-konecne-zilo\/","title":{"rendered":"\u201eV\u010faka na\u0161im fan\u00fa\u0161ikom to tu\u00a0kone\u010dne \u017eilo\u201c"},"content":{"rendered":"<p>Na \u0161tvrt\u00fd pokus sa Spartak Trnava do\u010dkal bodov\u00e9ho zisku v&nbsp;tabu\u013eke skupiny H Eur\u00f3pskej konferen\u010dnej ligy. Po nevydarenom vstupe v&nbsp;Razgrade a&nbsp;dvoch dom\u00e1cich z\u00e1pasoch sa zrejme ne\u010dakalo, \u017ee sa tak stane na umelej tr\u00e1ve v&nbsp;d\u00e1nskom Nordsjaellande. Pri\u010dom D\u00e1ni doma v&nbsp;prvom z\u00e1pase nalo\u017eili Ludogorcu sedmi\u010dku a&nbsp;dominantn\u00fd v\u00fdkon predviedli aj v&nbsp;Trnave. Detskou matematikou mnoh\u00ed o\u010dak\u00e1vali debakel.<\/p>\n\n\n\n<p>Ten sa v\u0161ak nekonal. Dom\u00e1ci mali kvalitn\u00fd prv\u00fd pol\u010das a&nbsp;Spartak dr\u017eal v&nbsp;z\u00e1pase najm\u00e4 Dominik Tak\u00e1\u010d, ktor\u00fd predviedol nieko\u013eko kvalitn\u00fdch z\u00e1krokov, najm\u00e4 pri strel\u00e1ch zbl\u00edzka. Napokon dostal Nordsjaelland dar\u010dek v&nbsp;podobe lacnej penalty pri situ\u00e1cii, ktor\u00e1 mala ku g\u00f3lu \u010faleko. Mohla za to nastrelen\u00e1 ruka Michala \u010euri\u0161a. &nbsp;&nbsp;&nbsp;&nbsp;<\/p>\n\n\n\n<p><strong><em>\u201eI\u0161iel som do s\u00faboja, on to chcel prestr\u010di\u0165 medzi n\u00e1s a&nbsp;trafila ma do ruky. Mrz\u00ed to, ale mysl\u00edm, \u017ee ten druh\u00fd pol\u010das bol dnes z&nbsp;na\u0161ej strany kvalitn\u00fd. Za\u010dali sme ich kompaktne pressova\u0165 hore a&nbsp;z&nbsp;toho pramenili chyby,\u201c<\/em><\/strong> hovor\u00ed trnavsk\u00fd \u00fato\u010dn\u00edk, ktor\u00fd v\u0161ak bol aj v&nbsp;druhom pol\u010dase na spr\u00e1vnom mieste a&nbsp;tentoraz rozjasal fan\u00fa\u0161ikov Trnavy, ke\u010f hlavou zakon\u010dil podaren\u00fd sign\u00e1l po rohu.<\/p>\n\n\n\n<p><strong><em>\u201eI\u0161lo o&nbsp;prvotn\u00fd sign\u00e1l, kde si Kelvin zbehol a&nbsp;potom u\u017e mal on bu\u010f strie\u013ea\u0165, alebo to d\u00e1va\u0165 pred br\u00e1nu. Ja som tam bol a&nbsp;som r\u00e1d, \u017ee to tam padlo,\u201c<\/em><\/strong> te\u0161il sa Michal \u010euri\u0161, ktor\u00fd strelil g\u00f3l v&nbsp;Konferen\u010dnej lige po dvoch rokoch. Naposledy sa presadil v&nbsp;novembri 2021 v&nbsp;drese Om\u00f3nie Nik\u00f3zia proti Karabachu.<\/p>\n\n\n\n<p>G\u00f3lov\u00fa rados\u0165 mu v&nbsp;prvom momente zobral asistent rozhodcu, ktor\u00fd odm\u00e1val ofsajd. Podobne ako v&nbsp;dom\u00e1com z\u00e1pase, kedy strelil g\u00f3l z&nbsp;postavenia mimo hry \u0160ulek. Tentoraz sa v\u0161ak situ\u00e1cia e\u0161te sk\u00famala a&nbsp;VAR rozhodol v&nbsp;prospech Trnavy. <strong><em>\u201eNajsk\u00f4r sa vraj sk\u00famal Kelvinom ofsajd a&nbsp;potom e\u0161te nejak\u00e1 situ\u00e1cia predt\u00fdm. Konkr\u00e9tne ani neviem, \u010do tam h\u013eadali, ale je d\u00f4le\u017eit\u00e9, \u017ee ten g\u00f3l uznali a&nbsp;bod je pre n\u00e1s cenn\u00fd.\u201c<\/em><\/strong><\/p>\n\n\n\n<p>Napriek tomu, \u017ee tentoraz mali D\u00e1ni v\u00fdhodu dom\u00e1ceho prostredia, Trnav\u010dania podali rozhodne odv\u00e1\u017enej\u0161\u00ed v\u00fdkon a&nbsp;za druh\u00fd pol\u010das si vyrovnanie zasl\u00fa\u017eili. <strong><em>\u201ePosledn\u00fdch dvadsa\u0165 min\u00fat doma sme si ich ,osahali<\/em><\/strong><strong><em>\u02b9. Asi sme mali a\u017e pr\u00edli\u0161n\u00fd re\u0161pekt a&nbsp;zistili sme, \u017ee sa s&nbsp;nimi d\u00e1 hra\u0165, ke\u010f ich pressujeme ako m\u00e1me, \u010do sa teraz v druhom pol\u010dase potvrdilo.\u201c<\/em><\/strong><\/p>\n\n\n\n<p>Spartak \u010dak\u00e1 30. novembra <a href=\"https:\/\/cityarena.maxiticket.sk\/fc-spartak-trnava-vs-ludogorec-razgrad-2023\">posledn\u00fd dom\u00e1ci z\u00e1pas s&nbsp;Razgradom<\/a>, ktor\u00fd doma dok\u00e1zal zdola\u0165 aj Fenerbahce 2:0. Po prvom bodovom zisku by sa chceli hr\u00e1\u010di s&nbsp;publikom rozl\u00fa\u010di\u0165 aj prvou v\u00fdhrou. <strong><em>\u201eHr\u00e1me doma a&nbsp;vieme ako n\u00e1m pom\u00e1haj\u00fa \u013eudia a&nbsp;ke\u010f pr\u00edde vypredan\u00fd \u0161tadi\u00f3n, tak sa m\u00f4\u017ee sta\u0165 \u010doko\u013evek.\u201c<\/em><\/strong><\/p>\n\n\n\n<figure class=\"wp-block-embed is-type-video is-provider-youtube wp-block-embed-youtube wp-embed-aspect-16-9 wp-has-aspect-ratio\"><div class=\"wp-block-embed__wrapper\">\n<iframe loading=\"lazy\" title=\"Michal \u010euri\u0161 po z\u00e1pase s Nordsjaellandom\" width=\"500\" height=\"281\" src=\"https:\/\/www.youtube.com\/embed\/UuxLIw4LMBU?feature=oembed\" frameborder=\"0\" allow=\"accelerometer; autoplay; clipboard-write; encrypted-media; gyroscope; picture-in-picture; web-share\" referrerpolicy=\"strict-origin-when-cross-origin\" allowfullscreen><\/iframe>\n<\/div><\/figure>\n\n\n\n<p class=\"has-vivid-red-color has-text-color has-medium-font-size\"><strong>Erik Daniel ako Neville<\/strong><\/p>\n\n\n\n<p>Michal Ga\u0161par\u00edk zvolil na z\u00e1pas s&nbsp;Nordsjaellandom \u0161tvor\u010dlenn\u00fa obrann\u00fa form\u00e1ciu. Jednak chcel hra\u0165 ofenz\u00edvnej\u0161ie v&nbsp;strede po\u013ea, no hr\u00e1\u010dov do defenz\u00edvy mu pr\u00edli\u0161 ve\u013ea neostalo. Pri zranen\u00ed Martina Mikovi\u010da nechcel postavi\u0165 na \u013eav\u00fd kraj obrany nesk\u00fasen\u00e9ho Breznika, ale na toto miesto zasunul z&nbsp;kr\u00eddla Erika Daniela.<\/p>\n\n\n\n<p><strong><em>\u201eJa som r\u00e1d, \u017ee som to na tom poste zvl\u00e1dol a&nbsp;\u017ee sme z\u00edskali bod. Nevad\u00ed mi, \u017ee hr\u00e1m cez nohu, ale zo za\u010diatku som sa tro\u0161ku h\u013eadal. Ke\u010f ide na m\u0148a hr\u00e1\u010d jeden na jedn\u00e9ho, tak je to \u0165a\u017ek\u00e9, ale nejako som to zvl\u00e1dol,\u201c<\/em><\/strong> hovoril po z\u00e1pase, v&nbsp;ktorom ho tr\u00e9neri chv\u00e1lili. Dokonca a\u017e tak, \u017ee Michal Ga\u0161par\u00edk na tla\u010dovke uviedol, \u017ee si Daniela vie predstavi\u0165 ako ofenz\u00edvneho krajn\u00e9ho obrancu.<\/p>\n\n\n\n<p><strong><em>\u201ePavol Kamesch po z\u00e1pase povedal, \u017ee tam Erik zahral ako Gary Neville,\u201c<\/em><\/strong> dodal \u017eartom na Danielov v\u00fdkon Michal Ga\u0161par\u00edk. Ani to v\u0161ak zrejme Erika nemotivuje stiahnu\u0165 sa hlb\u0161ie.<\/p>\n\n\n\n<p><strong><em>\u201eTo nie, ja r\u00e1d \u00fato\u010d\u00edm a&nbsp;dnes som si pr\u00edli\u0161 neza\u00fato\u010dil. D\u00fafam, \u017ee tam nebudem musie\u0165 hr\u00e1va\u0165,\u201c <\/em><\/strong>hovoril s&nbsp;povestnou \u013eahkos\u0165ou Daniel, ktor\u00e9ho forma po\u010das jesene m\u00e1 graduj\u00facu formu.<\/p>\n\n\n\n<figure class=\"wp-block-embed is-type-video is-provider-youtube wp-block-embed-youtube wp-embed-aspect-16-9 wp-has-aspect-ratio\"><div class=\"wp-block-embed__wrapper\">\n<iframe loading=\"lazy\" title=\"Erik Daniel po z\u00e1pase s Nordsjaellandom\" width=\"500\" height=\"281\" src=\"https:\/\/www.youtube.com\/embed\/eVZ1UljbtNk?feature=oembed\" frameborder=\"0\" allow=\"accelerometer; autoplay; clipboard-write; encrypted-media; gyroscope; picture-in-picture; web-share\" referrerpolicy=\"strict-origin-when-cross-origin\" allowfullscreen><\/iframe>\n<\/div><\/figure>\n\n\n\n<p class=\"has-vivid-red-color has-text-color has-medium-font-size\"><strong>Dominantn\u00ed fan\u00fa\u0161ikovia Spartaka prekri\u010dali dom\u00e1cich<\/strong><\/p>\n\n\n\n<p>Na z\u00e1pas do D\u00e1nska pricestovalo viac ako \u0161es\u0165sto fan\u00fa\u0161ikov Spartaka, ktor\u00ed po\u013eahky prekri\u010dali dom\u00e1cich a po cel\u00fd \u010das vytv\u00e1rali prav\u00fa futbalov\u00fa atmosf\u00e9ru. Bolo ich vidno u\u017e pred z\u00e1pasom v&nbsp;Kodani a&nbsp;vo Farume jednozna\u010dne dominovali. Odmenou im bol dobr\u00fd v\u00fdkon \u010derveno-\u010diernych a&nbsp;bodov\u00fd zisk.<\/p>\n\n\n\n<p><strong><em>&nbsp;\u201eU\u017e pred z\u00e1pasom sme videli \u010do sa dialo v&nbsp;Kodani. C\u00edtili sme ich na \u0161tadi\u00f3ne a&nbsp;boli sme tam ako doma. Dokonca ja som mal lavi\u010dku na strane, kde zv\u00e4\u010d\u0161a b\u00fdvaj\u00fa dom\u00e1ce mu\u017estv\u00e1. Videl som ve\u013ea z\u00e1pasov a&nbsp;vedeli sme, \u017ee ten \u0161tadi\u00f3n je tak\u00fd m\u0155tvy a&nbsp;v\u010faka na\u0161im fan\u00fa\u0161ikom to tu kone\u010dne \u017eilo. Prispelo to k&nbsp;tomu, \u017ee ke\u010f sme sa br\u00e1nili, tak n\u00e1m fan\u00fa\u0161ikovia vlievali energiu. Za to im ve\u013emi pekne \u010fakujem. Mal som tam aj priate\u013eku a&nbsp;bolo to tak\u00e9 mil\u00e9, \u017ee aj ke\u010f pravdepodobne nepost\u00fapime zo skupiny, tak si \u013eudia na\u0161li cestu a&nbsp;oni s\u00fa t\u00ed, ktor\u00ed si Eur\u00f3pu u\u017e\u00edvaj\u00fa,\u201c<\/em><\/strong> vyzdvihol fan\u00fa\u0161ikov tr\u00e9ner Michal Ga\u0161par\u00edk.<\/p>\n\n\n\n<figure class=\"wp-block-embed is-type-video is-provider-youtube wp-block-embed-youtube wp-embed-aspect-16-9 wp-has-aspect-ratio\"><div class=\"wp-block-embed__wrapper\">\n<iframe loading=\"lazy\" title=\"Michal Ga\u0161par\u00edk po z\u00e1pase s Nordsjaellandom\" width=\"500\" height=\"281\" src=\"https:\/\/www.youtube.com\/embed\/_xRagdmSciY?feature=oembed\" frameborder=\"0\" allow=\"accelerometer; autoplay; clipboard-write; encrypted-media; gyroscope; picture-in-picture; web-share\" referrerpolicy=\"strict-origin-when-cross-origin\" allowfullscreen><\/iframe>\n<\/div><\/figure>\n\n\n\n<figure class=\"wp-block-gallery has-nested-images columns-default is-cropped wp-block-gallery-1 is-layout-flex wp-block-gallery-is-layout-flex\">\n<figure class=\"wp-block-image size-large\"><img loading=\"lazy\" decoding=\"async\" width=\"1024\" height=\"681\" data-id=\"12633\" src=\"https:\/\/fcspartaktrnava.com\/wp-content\/uploads\/2023\/11\/DSC_2732-1024x681.jpg\" alt=\"\" class=\"wp-image-12633\" srcset=\"https:\/\/fcspartaktrnava.com\/wp-content\/uploads\/2023\/11\/DSC_2732-1024x681.jpg 1024w, https:\/\/fcspartaktrnava.com\/wp-content\/uploads\/2023\/11\/DSC_2732-300x200.jpg 300w, https:\/\/fcspartaktrnava.com\/wp-content\/uploads\/2023\/11\/DSC_2732-768x511.jpg 768w, https:\/\/fcspartaktrnava.com\/wp-content\/uploads\/2023\/11\/DSC_2732-18x12.jpg 18w, https:\/\/fcspartaktrnava.com\/wp-content\/uploads\/2023\/11\/DSC_2732.jpg 1520w\" sizes=\"auto, (max-width: 1024px) 100vw, 1024px\" \/><\/figure>\n\n\n\n<figure class=\"wp-block-image size-large\"><img loading=\"lazy\" decoding=\"async\" width=\"1024\" height=\"681\" data-id=\"12626\" src=\"https:\/\/fcspartaktrnava.com\/wp-content\/uploads\/2023\/11\/DSC_2711-1024x681.jpg\" alt=\"\" class=\"wp-image-12626\" srcset=\"https:\/\/fcspartaktrnava.com\/wp-content\/uploads\/2023\/11\/DSC_2711-1024x681.jpg 1024w, https:\/\/fcspartaktrnava.com\/wp-content\/uploads\/2023\/11\/DSC_2711-300x200.jpg 300w, https:\/\/fcspartaktrnava.com\/wp-content\/uploads\/2023\/11\/DSC_2711-768x511.jpg 768w, https:\/\/fcspartaktrnava.com\/wp-content\/uploads\/2023\/11\/DSC_2711-18x12.jpg 18w, https:\/\/fcspartaktrnava.com\/wp-content\/uploads\/2023\/11\/DSC_2711.jpg 1520w\" sizes=\"auto, (max-width: 1024px) 100vw, 1024px\" \/><\/figure>\n\n\n\n<figure class=\"wp-block-image size-large\"><img loading=\"lazy\" decoding=\"async\" width=\"1024\" height=\"681\" data-id=\"12555\" src=\"https:\/\/fcspartaktrnava.com\/wp-content\/uploads\/2023\/11\/DSC_2304-1024x681.jpg\" alt=\"\" class=\"wp-image-12555\" srcset=\"https:\/\/fcspartaktrnava.com\/wp-content\/uploads\/2023\/11\/DSC_2304-1024x681.jpg 1024w, https:\/\/fcspartaktrnava.com\/wp-content\/uploads\/2023\/11\/DSC_2304-300x200.jpg 300w, https:\/\/fcspartaktrnava.com\/wp-content\/uploads\/2023\/11\/DSC_2304-768x511.jpg 768w, https:\/\/fcspartaktrnava.com\/wp-content\/uploads\/2023\/11\/DSC_2304-18x12.jpg 18w, https:\/\/fcspartaktrnava.com\/wp-content\/uploads\/2023\/11\/DSC_2304.jpg 1520w\" sizes=\"auto, (max-width: 1024px) 100vw, 1024px\" \/><\/figure>\n<\/figure>\n\n\n\n<p><\/p>\n\n\n\n<div class=\"wp-block-buttons is-layout-flex wp-block-buttons-is-layout-flex\">\n<div class=\"wp-block-button aligncenter is-style-fill\"><a class=\"wp-block-button__link has-white-color has-text-color has-background wp-element-button\" href=\"https:\/\/fcspartaktrnava.com\/en\/galerii\/4-kolo-ekl-fc-nordsjaelland-vs-fc-spartak-trnava\/\" style=\"border-radius:0px;background-color:#d40133\" target=\"_blank\" rel=\"noreferrer noopener\">PHOTO GALLERY<\/a><\/div>\n<\/div>\n\n\n\n<p><\/p>","protected":false},"excerpt":{"rendered":"<p>Na \u0161tvrt\u00fd pokus sa Spartak Trnava do\u010dkal bodov\u00e9ho&#8230;<\/p>","protected":false},"author":2,"featured_media":12625,"comment_status":"closed","ping_status":"closed","sticky":false,"template":"","format":"standard","meta":{"footnotes":""},"categories":[41],"tags":[11],"class_list":["post-12635","post","type-post","status-publish","format-standard","has-post-thumbnail","hentry","category-intervju","tag-michal-gasparik","post-number-1"],"yoast_head":"<!-- This site is optimized with the Yoast SEO plugin v27.1.1 - https:\/\/yoast.com\/product\/yoast-seo-wordpress\/ -->\n<title>\u201eV\u010faka na\u0161im fan\u00fa\u0161ikom to tu\u00a0kone\u010dne \u017eilo\u201c - FC Spartak Trnava<\/title>\n<meta name=\"robots\" content=\"index, follow, max-snippet:-1, max-image-preview:large, max-video-preview:-1\" \/>\n<link rel=\"canonical\" href=\"https:\/\/fcspartaktrnava.com\/en\/vdaka-nasim-fanusikom-to-u-konecne-zilo\/\" \/>\n<meta name=\"twitter:label1\" content=\"Written by\" \/>\n\t<meta name=\"twitter:data1\" content=\"spartak\" \/>\n\t<meta name=\"twitter:label2\" content=\"Estimated reading time\" \/>\n\t<meta name=\"twitter:data2\" content=\"5 minutes\" \/>\n<script type=\"application\/ld+json\" class=\"yoast-schema-graph\">{\"@context\":\"https:\/\/schema.org\",\"@graph\":[{\"@type\":\"Article\",\"@id\":\"https:\/\/fcspartaktrnava.com\/vdaka-nasim-fanusikom-to-u-konecne-zilo\/#article\",\"isPartOf\":{\"@id\":\"https:\/\/fcspartaktrnava.com\/vdaka-nasim-fanusikom-to-u-konecne-zilo\/\"},\"author\":{\"name\":\"spartak\",\"@id\":\"https:\/\/fcspartaktrnava.com\/#\/schema\/person\/24bc5b254af14f71d7d8af178790aa75\"},\"headline\":\"\u201eV\u010faka na\u0161im fan\u00fa\u0161ikom to tu\u00a0kone\u010dne \u017eilo\u201c\",\"datePublished\":\"2023-11-10T10:05:36+00:00\",\"dateModified\":\"2023-11-10T12:28:22+00:00\",\"mainEntityOfPage\":{\"@id\":\"https:\/\/fcspartaktrnava.com\/vdaka-nasim-fanusikom-to-u-konecne-zilo\/\"},\"wordCount\":1028,\"publisher\":{\"@id\":\"https:\/\/fcspartaktrnava.com\/#organization\"},\"image\":{\"@id\":\"https:\/\/fcspartaktrnava.com\/vdaka-nasim-fanusikom-to-u-konecne-zilo\/#primaryimage\"},\"thumbnailUrl\":\"https:\/\/fcspartaktrnava.com\/wp-content\/uploads\/2023\/11\/DSC_2696.jpg\",\"keywords\":[\"Michal Ga\u0161par\u00edk\"],\"articleSection\":[\"Rozhovory\"],\"inLanguage\":\"en-GB\"},{\"@type\":\"WebPage\",\"@id\":\"https:\/\/fcspartaktrnava.com\/vdaka-nasim-fanusikom-to-u-konecne-zilo\/\",\"url\":\"https:\/\/fcspartaktrnava.com\/vdaka-nasim-fanusikom-to-u-konecne-zilo\/\",\"name\":\"\u201eV\u010faka na\u0161im fan\u00fa\u0161ikom to tu\u00a0kone\u010dne \u017eilo\u201c - FC Spartak Trnava\",\"isPartOf\":{\"@id\":\"https:\/\/fcspartaktrnava.com\/#website\"},\"primaryImageOfPage\":{\"@id\":\"https:\/\/fcspartaktrnava.com\/vdaka-nasim-fanusikom-to-u-konecne-zilo\/#primaryimage\"},\"image\":{\"@id\":\"https:\/\/fcspartaktrnava.com\/vdaka-nasim-fanusikom-to-u-konecne-zilo\/#primaryimage\"},\"thumbnailUrl\":\"https:\/\/fcspartaktrnava.com\/wp-content\/uploads\/2023\/11\/DSC_2696.jpg\",\"datePublished\":\"2023-11-10T10:05:36+00:00\",\"dateModified\":\"2023-11-10T12:28:22+00:00\",\"breadcrumb\":{\"@id\":\"https:\/\/fcspartaktrnava.com\/vdaka-nasim-fanusikom-to-u-konecne-zilo\/#breadcrumb\"},\"inLanguage\":\"en-GB\",\"potentialAction\":[{\"@type\":\"ReadAction\",\"target\":[\"https:\/\/fcspartaktrnava.com\/vdaka-nasim-fanusikom-to-u-konecne-zilo\/\"]}]},{\"@type\":\"ImageObject\",\"inLanguage\":\"en-GB\",\"@id\":\"https:\/\/fcspartaktrnava.com\/vdaka-nasim-fanusikom-to-u-konecne-zilo\/#primaryimage\",\"url\":\"https:\/\/fcspartaktrnava.com\/wp-content\/uploads\/2023\/11\/DSC_2696.jpg\",\"contentUrl\":\"https:\/\/fcspartaktrnava.com\/wp-content\/uploads\/2023\/11\/DSC_2696.jpg\",\"width\":1520,\"height\":1011},{\"@type\":\"BreadcrumbList\",\"@id\":\"https:\/\/fcspartaktrnava.com\/vdaka-nasim-fanusikom-to-u-konecne-zilo\/#breadcrumb\",\"itemListElement\":[{\"@type\":\"ListItem\",\"position\":1,\"name\":\"Home\",\"item\":\"https:\/\/fcspartaktrnava.com\/\"},{\"@type\":\"ListItem\",\"position\":2,\"name\":\"\u201eV\u010faka na\u0161im fan\u00fa\u0161ikom to tu\u00a0kone\u010dne \u017eilo\u201c\"}]},{\"@type\":\"WebSite\",\"@id\":\"https:\/\/fcspartaktrnava.com\/#website\",\"url\":\"https:\/\/fcspartaktrnava.com\/\",\"name\":\"FC Spartak Trnava\",\"description\":\"ofici\u00e1lna webstr\u00e1nka futbalov\u00e9ho klubu\",\"publisher\":{\"@id\":\"https:\/\/fcspartaktrnava.com\/#organization\"},\"potentialAction\":[{\"@type\":\"SearchAction\",\"target\":{\"@type\":\"EntryPoint\",\"urlTemplate\":\"https:\/\/fcspartaktrnava.com\/?s={search_term_string}\"},\"query-input\":{\"@type\":\"PropertyValueSpecification\",\"valueRequired\":true,\"valueName\":\"search_term_string\"}}],\"inLanguage\":\"en-GB\"},{\"@type\":\"Organization\",\"@id\":\"https:\/\/fcspartaktrnava.com\/#organization\",\"name\":\"FC Spartak Trnava\",\"alternateName\":\"Spartak\",\"url\":\"https:\/\/fcspartaktrnava.com\/\",\"logo\":{\"@type\":\"ImageObject\",\"inLanguage\":\"en-GB\",\"@id\":\"https:\/\/fcspartaktrnava.com\/#\/schema\/logo\/image\/\",\"url\":\"https:\/\/fcspartaktrnava.com\/wp-content\/uploads\/2022\/08\/cropped-site_logo.png\",\"contentUrl\":\"https:\/\/fcspartaktrnava.com\/wp-content\/uploads\/2022\/08\/cropped-site_logo.png\",\"width\":140,\"height\":140,\"caption\":\"FC Spartak Trnava\"},\"image\":{\"@id\":\"https:\/\/fcspartaktrnava.com\/#\/schema\/logo\/image\/\"},\"sameAs\":[\"https:\/\/www.facebook.com\/SpartakTrnava\",\"https:\/\/x.com\/SpartakTrnava1\",\"https:\/\/www.instagram.com\/spartak_sk\/\"]},{\"@type\":\"Person\",\"@id\":\"https:\/\/fcspartaktrnava.com\/#\/schema\/person\/24bc5b254af14f71d7d8af178790aa75\",\"name\":\"spartak\",\"image\":{\"@type\":\"ImageObject\",\"inLanguage\":\"en-GB\",\"@id\":\"https:\/\/fcspartaktrnava.com\/#\/schema\/person\/image\/\",\"url\":\"https:\/\/secure.gravatar.com\/avatar\/f8ff8584f3fcf3909a11a6da9019f37749183b4015bca14e64556c52614cdc7f?s=96&d=mm&r=g\",\"contentUrl\":\"https:\/\/secure.gravatar.com\/avatar\/f8ff8584f3fcf3909a11a6da9019f37749183b4015bca14e64556c52614cdc7f?s=96&d=mm&r=g\",\"caption\":\"spartak\"},\"url\":\"https:\/\/fcspartaktrnava.com\/en\/author\/spartak\/\"}]}<\/script>\n<!-- \/ Yoast SEO plugin. -->","yoast_head_json":{"title":"\u201eV\u010faka na\u0161im fan\u00fa\u0161ikom to tu\u00a0kone\u010dne \u017eilo\u201c - FC Spartak Trnava","robots":{"index":"index","follow":"follow","max-snippet":"max-snippet:-1","max-image-preview":"max-image-preview:large","max-video-preview":"max-video-preview:-1"},"canonical":"https:\/\/fcspartaktrnava.com\/en\/vdaka-nasim-fanusikom-to-u-konecne-zilo\/","twitter_misc":{"Written by":"spartak","Estimated reading time":"5 minutes"},"schema":{"@context":"https:\/\/schema.org","@graph":[{"@type":"Article","@id":"https:\/\/fcspartaktrnava.com\/vdaka-nasim-fanusikom-to-u-konecne-zilo\/#article","isPartOf":{"@id":"https:\/\/fcspartaktrnava.com\/vdaka-nasim-fanusikom-to-u-konecne-zilo\/"},"author":{"name":"spartak","@id":"https:\/\/fcspartaktrnava.com\/#\/schema\/person\/24bc5b254af14f71d7d8af178790aa75"},"headline":"\u201eV\u010faka na\u0161im fan\u00fa\u0161ikom to tu\u00a0kone\u010dne \u017eilo\u201c","datePublished":"2023-11-10T10:05:36+00:00","dateModified":"2023-11-10T12:28:22+00:00","mainEntityOfPage":{"@id":"https:\/\/fcspartaktrnava.com\/vdaka-nasim-fanusikom-to-u-konecne-zilo\/"},"wordCount":1028,"publisher":{"@id":"https:\/\/fcspartaktrnava.com\/#organization"},"image":{"@id":"https:\/\/fcspartaktrnava.com\/vdaka-nasim-fanusikom-to-u-konecne-zilo\/#primaryimage"},"thumbnailUrl":"https:\/\/fcspartaktrnava.com\/wp-content\/uploads\/2023\/11\/DSC_2696.jpg","keywords":["Michal Ga\u0161par\u00edk"],"articleSection":["Rozhovory"],"inLanguage":"en-GB"},{"@type":"WebPage","@id":"https:\/\/fcspartaktrnava.com\/vdaka-nasim-fanusikom-to-u-konecne-zilo\/","url":"https:\/\/fcspartaktrnava.com\/vdaka-nasim-fanusikom-to-u-konecne-zilo\/","name":"\u201eV\u010faka na\u0161im fan\u00fa\u0161ikom to tu\u00a0kone\u010dne \u017eilo\u201c - FC Spartak Trnava","isPartOf":{"@id":"https:\/\/fcspartaktrnava.com\/#website"},"primaryImageOfPage":{"@id":"https:\/\/fcspartaktrnava.com\/vdaka-nasim-fanusikom-to-u-konecne-zilo\/#primaryimage"},"image":{"@id":"https:\/\/fcspartaktrnava.com\/vdaka-nasim-fanusikom-to-u-konecne-zilo\/#primaryimage"},"thumbnailUrl":"https:\/\/fcspartaktrnava.com\/wp-content\/uploads\/2023\/11\/DSC_2696.jpg","datePublished":"2023-11-10T10:05:36+00:00","dateModified":"2023-11-10T12:28:22+00:00","breadcrumb":{"@id":"https:\/\/fcspartaktrnava.com\/vdaka-nasim-fanusikom-to-u-konecne-zilo\/#breadcrumb"},"inLanguage":"en-GB","potentialAction":[{"@type":"ReadAction","target":["https:\/\/fcspartaktrnava.com\/vdaka-nasim-fanusikom-to-u-konecne-zilo\/"]}]},{"@type":"ImageObject","inLanguage":"en-GB","@id":"https:\/\/fcspartaktrnava.com\/vdaka-nasim-fanusikom-to-u-konecne-zilo\/#primaryimage","url":"https:\/\/fcspartaktrnava.com\/wp-content\/uploads\/2023\/11\/DSC_2696.jpg","contentUrl":"https:\/\/fcspartaktrnava.com\/wp-content\/uploads\/2023\/11\/DSC_2696.jpg","width":1520,"height":1011},{"@type":"BreadcrumbList","@id":"https:\/\/fcspartaktrnava.com\/vdaka-nasim-fanusikom-to-u-konecne-zilo\/#breadcrumb","itemListElement":[{"@type":"ListItem","position":1,"name":"Home","item":"https:\/\/fcspartaktrnava.com\/"},{"@type":"ListItem","position":2,"name":"\u201eV\u010faka na\u0161im fan\u00fa\u0161ikom to tu\u00a0kone\u010dne \u017eilo\u201c"}]},{"@type":"WebSite","@id":"https:\/\/fcspartaktrnava.com\/#website","url":"https:\/\/fcspartaktrnava.com\/","name":"FC Spartak Trnava","description":"ofici\u00e1lna webstr\u00e1nka futbalov\u00e9ho klubu","publisher":{"@id":"https:\/\/fcspartaktrnava.com\/#organization"},"potentialAction":[{"@type":"SearchAction","target":{"@type":"EntryPoint","urlTemplate":"https:\/\/fcspartaktrnava.com\/?s={search_term_string}"},"query-input":{"@type":"PropertyValueSpecification","valueRequired":true,"valueName":"search_term_string"}}],"inLanguage":"en-GB"},{"@type":"Organization","@id":"https:\/\/fcspartaktrnava.com\/#organization","name":"FC Spartak Trnava","alternateName":"Spartak","url":"https:\/\/fcspartaktrnava.com\/","logo":{"@type":"ImageObject","inLanguage":"en-GB","@id":"https:\/\/fcspartaktrnava.com\/#\/schema\/logo\/image\/","url":"https:\/\/fcspartaktrnava.com\/wp-content\/uploads\/2022\/08\/cropped-site_logo.png","contentUrl":"https:\/\/fcspartaktrnava.com\/wp-content\/uploads\/2022\/08\/cropped-site_logo.png","width":140,"height":140,"caption":"FC Spartak Trnava"},"image":{"@id":"https:\/\/fcspartaktrnava.com\/#\/schema\/logo\/image\/"},"sameAs":["https:\/\/www.facebook.com\/SpartakTrnava","https:\/\/x.com\/SpartakTrnava1","https:\/\/www.instagram.com\/spartak_sk\/"]},{"@type":"Person","@id":"https:\/\/fcspartaktrnava.com\/#\/schema\/person\/24bc5b254af14f71d7d8af178790aa75","name":"spartak","image":{"@type":"ImageObject","inLanguage":"en-GB","@id":"https:\/\/fcspartaktrnava.com\/#\/schema\/person\/image\/","url":"https:\/\/secure.gravatar.com\/avatar\/f8ff8584f3fcf3909a11a6da9019f37749183b4015bca14e64556c52614cdc7f?s=96&d=mm&r=g","contentUrl":"https:\/\/secure.gravatar.com\/avatar\/f8ff8584f3fcf3909a11a6da9019f37749183b4015bca14e64556c52614cdc7f?s=96&d=mm&r=g","caption":"spartak"},"url":"https:\/\/fcspartaktrnava.com\/en\/author\/spartak\/"}]}},"_links":{"self":[{"href":"https:\/\/fcspartaktrnava.com\/en\/wp-json\/wp\/v2\/posts\/12635","targetHints":{"allow":["GET"]}}],"collection":[{"href":"https:\/\/fcspartaktrnava.com\/en\/wp-json\/wp\/v2\/posts"}],"about":[{"href":"https:\/\/fcspartaktrnava.com\/en\/wp-json\/wp\/v2\/types\/post"}],"author":[{"embeddable":true,"href":"https:\/\/fcspartaktrnava.com\/en\/wp-json\/wp\/v2\/users\/2"}],"replies":[{"embeddable":true,"href":"https:\/\/fcspartaktrnava.com\/en\/wp-json\/wp\/v2\/comments?post=12635"}],"version-history":[{"count":0,"href":"https:\/\/fcspartaktrnava.com\/en\/wp-json\/wp\/v2\/posts\/12635\/revisions"}],"wp:featuredmedia":[{"embeddable":true,"href":"https:\/\/fcspartaktrnava.com\/en\/wp-json\/wp\/v2\/media\/12625"}],"wp:attachment":[{"href":"https:\/\/fcspartaktrnava.com\/en\/wp-json\/wp\/v2\/media?parent=12635"}],"wp:term":[{"taxonomy":"category","embeddable":true,"href":"https:\/\/fcspartaktrnava.com\/en\/wp-json\/wp\/v2\/categories?post=12635"},{"taxonomy":"post_tag","embeddable":true,"href":"https:\/\/fcspartaktrnava.com\/en\/wp-json\/wp\/v2\/tags?post=12635"}],"curies":[{"name":"wp","href":"https:\/\/api.w.org\/{rel}","templated":true}]}}