{"id":12270,"date":"2023-11-01T16:56:06","date_gmt":"2023-11-01T14:56:06","guid":{"rendered":"https:\/\/fcspartaktrnava.com\/?p=12270"},"modified":"2023-11-02T10:20:53","modified_gmt":"2023-11-02T08:20:53","slug":"dalsi-krok-v-domacom-pohari","status":"publish","type":"post","link":"https:\/\/fcspartaktrnava.com\/en\/dalsi-krok-v-domacom-pohari\/","title":{"rendered":"\u010eal\u0161\u00ed krok v dom\u00e1com poh\u00e1ri"},"content":{"rendered":"<div class=\"wp-block-group\"><div class=\"wp-block-group__inner-container is-layout-flow wp-block-group-is-layout-flow\">\n<p class=\"has-text-align-center\" style=\"font-size:16px\">Pova\u017esk\u00e1 Bystrica, Slovnaft Cup, 4. kolo, 1. 11. 2023 o 13:30<\/p>\n\n\n\n<p class=\"has-text-align-center has-large-font-size\">M\u0160K POVA\u017dSK\u00c1 BYSTRICA<\/p>\n\n\n\n<p class=\"has-text-align-center has-large-font-size\">FC SPARTAK TRNAVA<br>1:2 <\/p>\n\n\n\n<div class=\"wp-block-group has-black-color has-text-color has-background\" style=\"background-color:#e2e7ec\"><div class=\"wp-block-group__inner-container is-layout-flow wp-block-group-is-layout-flow\">\n<p><strong>P. BYSTRICA:<\/strong><\/p>\n\n\n\n<p>Teplan \u2013 Mih\u00e1lek, Kuchar\u010d\u00edk (Da Silva), Pag\u00e1\u010d (87. Pe\u010darka), Vacul\u00edk, Zemko, Sloboda, Boris (79. Matej\u010d\u00edk), Sl\u00e1vik (87. \u010congr\u00e1dy), Grebenits, Kov\u00e1\u010d<\/p>\n\n\n\n<p><strong>TRNAVA<\/strong>:<\/p>\n\n\n\n<p>Vantruba \u2013 Proch\u00e1zka, \u0160tetina (46. Ko\u0161trna), K\u00f3\u0161a, Kompan-Breznik (75. Azango) \u2013 Ofori, Bainovi\u010d, \u0160tef\u00e1nik, Bern\u00e1t (40. Zeljkovi\u010d, 53. Paur), Daniel &#8211;&nbsp; Ristovski<\/p>\n\n\n\n<p><strong>Goals<\/strong>: 64. Gerebenits &#8211; 17. Ofori, 67. Daniel<\/p>\n\n\n\n<p><strong>Yellow cards<\/strong>: Sloboda, Vacul\u00edk \u2013 Kompan-Breznik<\/p>\n\n\n\n<p>Rozhodoval: Igor Valent<\/p>\n\n\n\n<p>2750 div\u00e1kov<\/p>\n\n\n\n<p><strong>Pol\u010das<\/strong>: 0:1<\/p>\n<\/div><\/div>\n<\/div><\/div>\n\n\n\n<p>O&nbsp;prv\u00fa strelu na br\u00e1nku sa postaral Bern\u00e1t po rohu, ale trafil iba do n\u00e1ru\u010de Teplana. Kr\u00e1tko nato Ofori centroval na Ristovskeho, ktor\u00fd hlavou preloboval brank\u00e1ra, ale lopta skon\u010dila na brvne. Na opa\u010dnej strane mal ve\u013ek\u00fa \u0161ancu Kov\u00e1\u010d, ktor\u00e9ho pekn\u00fa strelu zmaril e\u0161te kraj\u0161\u00edm z\u00e1krokom Vantruba.<\/p>\n\n\n\n<p>V&nbsp;17. min sa u\u017e sk\u00f3re menilo, ke\u010f si Kelvin Ofori pripravil loptu za \u0161estn\u00e1stkou a&nbsp;obl\u00fa\u010dikom trafil presne do prav\u00e9ho vinkla. \u010eal\u0161iu \u0161ancu mal po Oforiho vysunut\u00ed Ristovski, ale Teplan ho vychytal.<\/p>\n\n\n\n<p>Vyrovna\u0165 mohol v&nbsp;29. Gerebenits, ktor\u00fd sa ocitol s\u00e1m pred Vantrubom, loptu poslal za jeho chrb\u00e1t, ale z&nbsp;\u010diary ju vykopol Breznik. Po n\u00e1slednom rohu ten ist\u00fd hr\u00e1\u010d \u0161ikovne te\u010doval strie\u013ean\u00fa prihr\u00e1vku, ale Vantruba loptu chytil. Trnavsk\u00fd brank\u00e1r sa rozhodne nemohol s\u0165a\u017eova\u0165 na nedostatok pr\u00e1ce a&nbsp;v&nbsp;z\u00e1vere z\u00e1pasu e\u0161te musel chyti\u0165 hlavi\u010dku Kuchar\u010d\u00edka po rohu.<\/p>\n\n\n\n<p>Na za\u010diatku druh\u00e9ho pol\u010dasu pri\u0161iel Spartak o&nbsp;zranen\u00e9ho Zeljkovi\u010da, ktor\u00fd pred prest\u00e1vkou n\u00fatene striedal Bern\u00e1ta. Dom\u00e1ci c\u00edtili \u0161ancu na vyrovnanie a&nbsp;v&nbsp;56. min musel op\u00e4\u0165 zachra\u0148ova\u0165 Vantruba pri Sl\u00e1vikovej \u0161anci.<\/p>\n\n\n\n<p>Po brejku sa do zakon\u010denia dostal z&nbsp;uhla Daniel, ale trafil do bo\u010dnej siete. Trnav\u010dania si to\u013eko koledovali o&nbsp;g\u00f3l, a\u017e ho dostali. Po vy\u0161e hodine Gerebenits usmernil zbl\u00edzka do siete nepresn\u00fa strelu od svojho spoluhr\u00e1\u010da.<\/p>\n\n\n\n<p>G\u00f3l v\u0161ak prebral hr\u00e1\u010dov Spartaka a\u00a0po kr\u00ed\u017enom pase od Bainovi\u010da sta\u010dilo Danielovi na zadnej ty\u010dke len spr\u00e1vne nastavi\u0165 nohu \u2013 1:2. V\u00a072. min Vantrubovi vypadla lopta a\u00a0po dvojitom hran\u00ed rukou zahr\u00e1vali dom\u00e1ci nepriamy kop zvn\u00fatra \u0161estn\u00e1stky. Kuchar\u010dik v\u0161ak hradbu tiel z\u00a012 metrov neprestrelil. Spartak si u\u017e vedenie vo zvy\u0161ku z\u00e1pasu postr\u00e1\u017eil a\u00a0post\u00fapil do \u010fal\u0161ieho kola, v\u00a0ktorom sa stretne s\u00a0Ko\u0161icami.<\/p>\n\n\n\n<figure class=\"wp-block-embed is-type-video is-provider-youtube wp-block-embed-youtube wp-embed-aspect-16-9 wp-has-aspect-ratio\"><div class=\"wp-block-embed__wrapper\">\n<iframe loading=\"lazy\" title=\"Michal Ga\u0161par\u00edk hodnot\u00ed z\u00e1pas v Pova\u017eskej Bystrici\" width=\"500\" height=\"281\" src=\"https:\/\/www.youtube.com\/embed\/7oxFslLx2WI?feature=oembed\" frameborder=\"0\" allow=\"accelerometer; autoplay; clipboard-write; encrypted-media; gyroscope; picture-in-picture; web-share\" referrerpolicy=\"strict-origin-when-cross-origin\" allowfullscreen><\/iframe>\n<\/div><\/figure>\n\n\n\n<p class=\"has-vivid-red-color has-text-color has-medium-font-size\"><strong>POVEDAL PO Z\u00c1PASE:<\/strong><\/p>\n\n\n\n<p>Michal Ga\u0161par\u00edk (Trnava): <strong><em>\u201eTeraz sa u\u017e usmievam, ale cez z\u00e1pas som sa pr\u00edli\u0161 neusmieval. Toto je presne poh\u00e1r a\u00a0tak\u00e9to \u0165a\u017ek\u00e9 z\u00e1pasy v\u00a0\u0148om b\u00fdvaj\u00fa. Dnes sme to poc\u00edtili, ale som r\u00e1d za to, \u017ee sme post\u00fapili. Prv\u00fd pol\u010das sme mali pod kontrolou, aj ke\u010f aj dom\u00e1ci tam mali nejak\u00e9 situ\u00e1cie. Bol to dobr\u00fd z\u00e1pas z\u00a0obidvoch str\u00e1n, za\u010dalo sa vo vysokom tempe. My sme chceli z\u00e1pas rozhodn\u00fa\u0165 v\u00a0prvom pol\u010dase, \u010do sa n\u00e1m nepodarilo, lebo dali sme iba jeden g\u00f3l. Ak dom\u00e1ci st\u00e1le \u017eij\u00fa, tak 1:0 nesta\u010d\u00ed, a\u00a0to sa uk\u00e1zalo v\u00a0druhom pol\u010dase, kedy sme mali zl\u00fd \u00fasek. Dom\u00e1ci vyrovnali a\u00a0mali \u010fal\u0161ie z\u00e1vary. Potom sme to preskupili a\u00a0posledn\u00fdch dvadsa\u0165 min\u00fat sme ustr\u00e1\u017eili bez v\u00e1\u017enej\u0161\u00edch situ\u00e1ci\u00ed. Som spokojn\u00fd s\u00a0postupom, hoci v\u00fdkon nebol optim\u00e1lny. M\u00e1me toho ve\u013ea za sebou a\u00a0chalani s\u00fa unaven\u00ed. Teraz sa n\u00e1m zasa \u010fal\u0161\u00ed dvaja k\u013e\u00fa\u010dov\u00ed hr\u00e1\u010di zranili. Dnes sme nejak\u00fdch hr\u00e1\u010dov aj rotovali, aby sme u\u0161etrili sily, lebo hr\u00e1me u\u017e v\u00a0sobotu a\u00a0m\u00e1me m\u00e1lo \u010dasu na regener\u00e1ciu.\u201c<\/em><\/strong><\/p>\n\n\n\n<div class=\"wp-block-buttons is-layout-flex wp-block-buttons-is-layout-flex\">\n<div class=\"wp-block-button aligncenter is-style-fill\"><a class=\"wp-block-button__link has-white-color has-text-color has-background wp-element-button\" href=\"https:\/\/fcspartaktrnava.com\/en\/galerii\/4-kolo-sc-msk-povazska-bystrica-vs-fc-spartak-trnava\/\" style=\"border-radius:0px;background-color:#d40133\" target=\"_blank\" rel=\"noreferrer noopener\">PHOTO GALLERY<\/a><\/div>\n<\/div>","protected":false},"excerpt":{"rendered":"<p>Pova\u017esk\u00e1 Bystrica, Slovnaft Cup, 4. kolo, 1. 11&#8230;.<\/p>","protected":false},"author":2,"featured_media":12271,"comment_status":"closed","ping_status":"closed","sticky":false,"template":"","format":"standard","meta":{"footnotes":""},"categories":[20],"tags":[11],"class_list":["post-12270","post","type-post","status-publish","format-standard","has-post-thumbnail","hentry","category-zapas","tag-michal-gasparik","post-number-1"],"yoast_head":"<!-- This site is optimized with the Yoast SEO plugin v27.1.1 - https:\/\/yoast.com\/product\/yoast-seo-wordpress\/ -->\n<title>\u010eal\u0161\u00ed krok v dom\u00e1com poh\u00e1ri - FC Spartak Trnava<\/title>\n<meta name=\"robots\" content=\"index, follow, max-snippet:-1, max-image-preview:large, max-video-preview:-1\" \/>\n<link rel=\"canonical\" href=\"https:\/\/fcspartaktrnava.com\/en\/dalsi-krok-v-domacom-pohari\/\" \/>\n<meta name=\"twitter:label1\" content=\"Written by\" \/>\n\t<meta name=\"twitter:data1\" content=\"spartak\" \/>\n\t<meta name=\"twitter:label2\" content=\"Estimated reading time\" \/>\n\t<meta name=\"twitter:data2\" content=\"3 minutes\" \/>\n<script type=\"application\/ld+json\" class=\"yoast-schema-graph\">{\"@context\":\"https:\/\/schema.org\",\"@graph\":[{\"@type\":\"Article\",\"@id\":\"https:\/\/fcspartaktrnava.com\/dalsi-krok-v-domacom-pohari\/#article\",\"isPartOf\":{\"@id\":\"https:\/\/fcspartaktrnava.com\/dalsi-krok-v-domacom-pohari\/\"},\"author\":{\"name\":\"spartak\",\"@id\":\"https:\/\/fcspartaktrnava.com\/#\/schema\/person\/24bc5b254af14f71d7d8af178790aa75\"},\"headline\":\"\u010eal\u0161\u00ed krok v dom\u00e1com poh\u00e1ri\",\"datePublished\":\"2023-11-01T14:56:06+00:00\",\"dateModified\":\"2023-11-02T08:20:53+00:00\",\"mainEntityOfPage\":{\"@id\":\"https:\/\/fcspartaktrnava.com\/dalsi-krok-v-domacom-pohari\/\"},\"wordCount\":663,\"publisher\":{\"@id\":\"https:\/\/fcspartaktrnava.com\/#organization\"},\"image\":{\"@id\":\"https:\/\/fcspartaktrnava.com\/dalsi-krok-v-domacom-pohari\/#primaryimage\"},\"thumbnailUrl\":\"https:\/\/fcspartaktrnava.com\/wp-content\/uploads\/2023\/11\/povazsska-scaled.jpg\",\"keywords\":[\"Michal Ga\u0161par\u00edk\"],\"articleSection\":[\"Z\u00e1pas\"],\"inLanguage\":\"en-GB\"},{\"@type\":\"WebPage\",\"@id\":\"https:\/\/fcspartaktrnava.com\/dalsi-krok-v-domacom-pohari\/\",\"url\":\"https:\/\/fcspartaktrnava.com\/dalsi-krok-v-domacom-pohari\/\",\"name\":\"\u010eal\u0161\u00ed krok v dom\u00e1com poh\u00e1ri - FC Spartak Trnava\",\"isPartOf\":{\"@id\":\"https:\/\/fcspartaktrnava.com\/#website\"},\"primaryImageOfPage\":{\"@id\":\"https:\/\/fcspartaktrnava.com\/dalsi-krok-v-domacom-pohari\/#primaryimage\"},\"image\":{\"@id\":\"https:\/\/fcspartaktrnava.com\/dalsi-krok-v-domacom-pohari\/#primaryimage\"},\"thumbnailUrl\":\"https:\/\/fcspartaktrnava.com\/wp-content\/uploads\/2023\/11\/povazsska-scaled.jpg\",\"datePublished\":\"2023-11-01T14:56:06+00:00\",\"dateModified\":\"2023-11-02T08:20:53+00:00\",\"breadcrumb\":{\"@id\":\"https:\/\/fcspartaktrnava.com\/dalsi-krok-v-domacom-pohari\/#breadcrumb\"},\"inLanguage\":\"en-GB\",\"potentialAction\":[{\"@type\":\"ReadAction\",\"target\":[\"https:\/\/fcspartaktrnava.com\/dalsi-krok-v-domacom-pohari\/\"]}]},{\"@type\":\"ImageObject\",\"inLanguage\":\"en-GB\",\"@id\":\"https:\/\/fcspartaktrnava.com\/dalsi-krok-v-domacom-pohari\/#primaryimage\",\"url\":\"https:\/\/fcspartaktrnava.com\/wp-content\/uploads\/2023\/11\/povazsska-scaled.jpg\",\"contentUrl\":\"https:\/\/fcspartaktrnava.com\/wp-content\/uploads\/2023\/11\/povazsska-scaled.jpg\",\"width\":2560,\"height\":1703},{\"@type\":\"BreadcrumbList\",\"@id\":\"https:\/\/fcspartaktrnava.com\/dalsi-krok-v-domacom-pohari\/#breadcrumb\",\"itemListElement\":[{\"@type\":\"ListItem\",\"position\":1,\"name\":\"Home\",\"item\":\"https:\/\/fcspartaktrnava.com\/\"},{\"@type\":\"ListItem\",\"position\":2,\"name\":\"\u010eal\u0161\u00ed krok v dom\u00e1com poh\u00e1ri\"}]},{\"@type\":\"WebSite\",\"@id\":\"https:\/\/fcspartaktrnava.com\/#website\",\"url\":\"https:\/\/fcspartaktrnava.com\/\",\"name\":\"FC Spartak Trnava\",\"description\":\"ofici\u00e1lna webstr\u00e1nka futbalov\u00e9ho klubu\",\"publisher\":{\"@id\":\"https:\/\/fcspartaktrnava.com\/#organization\"},\"potentialAction\":[{\"@type\":\"SearchAction\",\"target\":{\"@type\":\"EntryPoint\",\"urlTemplate\":\"https:\/\/fcspartaktrnava.com\/?s={search_term_string}\"},\"query-input\":{\"@type\":\"PropertyValueSpecification\",\"valueRequired\":true,\"valueName\":\"search_term_string\"}}],\"inLanguage\":\"en-GB\"},{\"@type\":\"Organization\",\"@id\":\"https:\/\/fcspartaktrnava.com\/#organization\",\"name\":\"FC Spartak Trnava\",\"alternateName\":\"Spartak\",\"url\":\"https:\/\/fcspartaktrnava.com\/\",\"logo\":{\"@type\":\"ImageObject\",\"inLanguage\":\"en-GB\",\"@id\":\"https:\/\/fcspartaktrnava.com\/#\/schema\/logo\/image\/\",\"url\":\"https:\/\/fcspartaktrnava.com\/wp-content\/uploads\/2022\/08\/cropped-site_logo.png\",\"contentUrl\":\"https:\/\/fcspartaktrnava.com\/wp-content\/uploads\/2022\/08\/cropped-site_logo.png\",\"width\":140,\"height\":140,\"caption\":\"FC Spartak Trnava\"},\"image\":{\"@id\":\"https:\/\/fcspartaktrnava.com\/#\/schema\/logo\/image\/\"},\"sameAs\":[\"https:\/\/www.facebook.com\/SpartakTrnava\",\"https:\/\/x.com\/SpartakTrnava1\",\"https:\/\/www.instagram.com\/spartak_sk\/\"]},{\"@type\":\"Person\",\"@id\":\"https:\/\/fcspartaktrnava.com\/#\/schema\/person\/24bc5b254af14f71d7d8af178790aa75\",\"name\":\"spartak\",\"image\":{\"@type\":\"ImageObject\",\"inLanguage\":\"en-GB\",\"@id\":\"https:\/\/fcspartaktrnava.com\/#\/schema\/person\/image\/\",\"url\":\"https:\/\/secure.gravatar.com\/avatar\/f8ff8584f3fcf3909a11a6da9019f37749183b4015bca14e64556c52614cdc7f?s=96&d=mm&r=g\",\"contentUrl\":\"https:\/\/secure.gravatar.com\/avatar\/f8ff8584f3fcf3909a11a6da9019f37749183b4015bca14e64556c52614cdc7f?s=96&d=mm&r=g\",\"caption\":\"spartak\"},\"url\":\"https:\/\/fcspartaktrnava.com\/en\/author\/spartak\/\"}]}<\/script>\n<!-- \/ Yoast SEO plugin. -->","yoast_head_json":{"title":"\u010eal\u0161\u00ed krok v dom\u00e1com poh\u00e1ri - FC Spartak Trnava","robots":{"index":"index","follow":"follow","max-snippet":"max-snippet:-1","max-image-preview":"max-image-preview:large","max-video-preview":"max-video-preview:-1"},"canonical":"https:\/\/fcspartaktrnava.com\/en\/dalsi-krok-v-domacom-pohari\/","twitter_misc":{"Written by":"spartak","Estimated reading time":"3 minutes"},"schema":{"@context":"https:\/\/schema.org","@graph":[{"@type":"Article","@id":"https:\/\/fcspartaktrnava.com\/dalsi-krok-v-domacom-pohari\/#article","isPartOf":{"@id":"https:\/\/fcspartaktrnava.com\/dalsi-krok-v-domacom-pohari\/"},"author":{"name":"spartak","@id":"https:\/\/fcspartaktrnava.com\/#\/schema\/person\/24bc5b254af14f71d7d8af178790aa75"},"headline":"\u010eal\u0161\u00ed krok v dom\u00e1com poh\u00e1ri","datePublished":"2023-11-01T14:56:06+00:00","dateModified":"2023-11-02T08:20:53+00:00","mainEntityOfPage":{"@id":"https:\/\/fcspartaktrnava.com\/dalsi-krok-v-domacom-pohari\/"},"wordCount":663,"publisher":{"@id":"https:\/\/fcspartaktrnava.com\/#organization"},"image":{"@id":"https:\/\/fcspartaktrnava.com\/dalsi-krok-v-domacom-pohari\/#primaryimage"},"thumbnailUrl":"https:\/\/fcspartaktrnava.com\/wp-content\/uploads\/2023\/11\/povazsska-scaled.jpg","keywords":["Michal Ga\u0161par\u00edk"],"articleSection":["Z\u00e1pas"],"inLanguage":"en-GB"},{"@type":"WebPage","@id":"https:\/\/fcspartaktrnava.com\/dalsi-krok-v-domacom-pohari\/","url":"https:\/\/fcspartaktrnava.com\/dalsi-krok-v-domacom-pohari\/","name":"\u010eal\u0161\u00ed krok v dom\u00e1com poh\u00e1ri - FC Spartak Trnava","isPartOf":{"@id":"https:\/\/fcspartaktrnava.com\/#website"},"primaryImageOfPage":{"@id":"https:\/\/fcspartaktrnava.com\/dalsi-krok-v-domacom-pohari\/#primaryimage"},"image":{"@id":"https:\/\/fcspartaktrnava.com\/dalsi-krok-v-domacom-pohari\/#primaryimage"},"thumbnailUrl":"https:\/\/fcspartaktrnava.com\/wp-content\/uploads\/2023\/11\/povazsska-scaled.jpg","datePublished":"2023-11-01T14:56:06+00:00","dateModified":"2023-11-02T08:20:53+00:00","breadcrumb":{"@id":"https:\/\/fcspartaktrnava.com\/dalsi-krok-v-domacom-pohari\/#breadcrumb"},"inLanguage":"en-GB","potentialAction":[{"@type":"ReadAction","target":["https:\/\/fcspartaktrnava.com\/dalsi-krok-v-domacom-pohari\/"]}]},{"@type":"ImageObject","inLanguage":"en-GB","@id":"https:\/\/fcspartaktrnava.com\/dalsi-krok-v-domacom-pohari\/#primaryimage","url":"https:\/\/fcspartaktrnava.com\/wp-content\/uploads\/2023\/11\/povazsska-scaled.jpg","contentUrl":"https:\/\/fcspartaktrnava.com\/wp-content\/uploads\/2023\/11\/povazsska-scaled.jpg","width":2560,"height":1703},{"@type":"BreadcrumbList","@id":"https:\/\/fcspartaktrnava.com\/dalsi-krok-v-domacom-pohari\/#breadcrumb","itemListElement":[{"@type":"ListItem","position":1,"name":"Home","item":"https:\/\/fcspartaktrnava.com\/"},{"@type":"ListItem","position":2,"name":"\u010eal\u0161\u00ed krok v dom\u00e1com poh\u00e1ri"}]},{"@type":"WebSite","@id":"https:\/\/fcspartaktrnava.com\/#website","url":"https:\/\/fcspartaktrnava.com\/","name":"FC Spartak Trnava","description":"ofici\u00e1lna webstr\u00e1nka futbalov\u00e9ho klubu","publisher":{"@id":"https:\/\/fcspartaktrnava.com\/#organization"},"potentialAction":[{"@type":"SearchAction","target":{"@type":"EntryPoint","urlTemplate":"https:\/\/fcspartaktrnava.com\/?s={search_term_string}"},"query-input":{"@type":"PropertyValueSpecification","valueRequired":true,"valueName":"search_term_string"}}],"inLanguage":"en-GB"},{"@type":"Organization","@id":"https:\/\/fcspartaktrnava.com\/#organization","name":"FC Spartak Trnava","alternateName":"Spartak","url":"https:\/\/fcspartaktrnava.com\/","logo":{"@type":"ImageObject","inLanguage":"en-GB","@id":"https:\/\/fcspartaktrnava.com\/#\/schema\/logo\/image\/","url":"https:\/\/fcspartaktrnava.com\/wp-content\/uploads\/2022\/08\/cropped-site_logo.png","contentUrl":"https:\/\/fcspartaktrnava.com\/wp-content\/uploads\/2022\/08\/cropped-site_logo.png","width":140,"height":140,"caption":"FC Spartak Trnava"},"image":{"@id":"https:\/\/fcspartaktrnava.com\/#\/schema\/logo\/image\/"},"sameAs":["https:\/\/www.facebook.com\/SpartakTrnava","https:\/\/x.com\/SpartakTrnava1","https:\/\/www.instagram.com\/spartak_sk\/"]},{"@type":"Person","@id":"https:\/\/fcspartaktrnava.com\/#\/schema\/person\/24bc5b254af14f71d7d8af178790aa75","name":"spartak","image":{"@type":"ImageObject","inLanguage":"en-GB","@id":"https:\/\/fcspartaktrnava.com\/#\/schema\/person\/image\/","url":"https:\/\/secure.gravatar.com\/avatar\/f8ff8584f3fcf3909a11a6da9019f37749183b4015bca14e64556c52614cdc7f?s=96&d=mm&r=g","contentUrl":"https:\/\/secure.gravatar.com\/avatar\/f8ff8584f3fcf3909a11a6da9019f37749183b4015bca14e64556c52614cdc7f?s=96&d=mm&r=g","caption":"spartak"},"url":"https:\/\/fcspartaktrnava.com\/en\/author\/spartak\/"}]}},"_links":{"self":[{"href":"https:\/\/fcspartaktrnava.com\/en\/wp-json\/wp\/v2\/posts\/12270","targetHints":{"allow":["GET"]}}],"collection":[{"href":"https:\/\/fcspartaktrnava.com\/en\/wp-json\/wp\/v2\/posts"}],"about":[{"href":"https:\/\/fcspartaktrnava.com\/en\/wp-json\/wp\/v2\/types\/post"}],"author":[{"embeddable":true,"href":"https:\/\/fcspartaktrnava.com\/en\/wp-json\/wp\/v2\/users\/2"}],"replies":[{"embeddable":true,"href":"https:\/\/fcspartaktrnava.com\/en\/wp-json\/wp\/v2\/comments?post=12270"}],"version-history":[{"count":0,"href":"https:\/\/fcspartaktrnava.com\/en\/wp-json\/wp\/v2\/posts\/12270\/revisions"}],"wp:featuredmedia":[{"embeddable":true,"href":"https:\/\/fcspartaktrnava.com\/en\/wp-json\/wp\/v2\/media\/12271"}],"wp:attachment":[{"href":"https:\/\/fcspartaktrnava.com\/en\/wp-json\/wp\/v2\/media?parent=12270"}],"wp:term":[{"taxonomy":"category","embeddable":true,"href":"https:\/\/fcspartaktrnava.com\/en\/wp-json\/wp\/v2\/categories?post=12270"},{"taxonomy":"post_tag","embeddable":true,"href":"https:\/\/fcspartaktrnava.com\/en\/wp-json\/wp\/v2\/tags?post=12270"}],"curies":[{"name":"wp","href":"https:\/\/api.w.org\/{rel}","templated":true}]}}