{"id":12261,"date":"2023-10-30T12:55:56","date_gmt":"2023-10-30T10:55:56","guid":{"rendered":"https:\/\/fcspartaktrnava.com\/?p=12261"},"modified":"2023-10-30T12:55:57","modified_gmt":"2023-10-30T10:55:57","slug":"%c9%96uric-tento-rok-dohral-zranenia-sa-mnozia","status":"publish","type":"post","link":"https:\/\/fcspartaktrnava.com\/en\/%c9%96uric-tento-rok-dohral-zranenia-sa-mnozia\/","title":{"rendered":"\u0189uri\u010d tento rok dohral, zranenia sa mno\u017eia"},"content":{"rendered":"<p>Spartak za\u010d\u00edna na prehusten\u00fd program dopl\u00e1ca\u0165 viacer\u00fdmi zranen\u00fdmi hr\u00e1\u010dmi. V&nbsp;z\u00e1pase proti Nordjaellandu pri\u0161iel hne\u010f o&nbsp;\u010fal\u0161\u00edch dvoch. \u0189uri\u010d si pod\u013ea v\u0161etk\u00e9ho nezahr\u00e1 u\u017e do konca kalend\u00e1rneho roka. Po vy\u0161etren\u00ed magnetickou rezonanciou sa s\u00edce nepotvrdilo podozrenie na zlomeninu, ale m\u00e1 po\u0161koden\u00e9 viacer\u00e9 v\u00e4zy v&nbsp;\u010dlenku &#8211; dva m\u00e1 natiahnut\u00e9 a&nbsp;\u0161tyri natrhnut\u00e9. Trhlinu m\u00e1 aj v&nbsp;svale v&nbsp;oblasti \u010dlenku, tak\u017ee faul Schjelderupa sa uk\u00e1zal ako pomerne devasta\u010dn\u00fd.<\/p>\n\n\n\n<p>Z\u00e1pas s&nbsp;d\u00e1nskym s\u00faperom nedohral ani kapit\u00e1n Martin Mikovi\u010d, ktor\u00fd m\u00e1 tie\u017e natrhnut\u00fd sval a&nbsp;bude pauzova\u0165 minim\u00e1lne \u0161tyri a\u017e \u0161es\u0165 t\u00fd\u017ed\u0148ov.<\/p>\n\n\n\n<p><strong><em>\u201ePri\u0161lo to v&nbsp;najnevhodnej\u0161om \u010dase, spolu s&nbsp;Mikovi\u010dom. K&nbsp;nim treba pripo\u010d\u00edta\u0165 aj dlhodobo zranen\u00fdch Bolajiho, Gorosita a&nbsp;vyskakuje n\u00e1m probl\u00e9m v&nbsp;defenz\u00edve. Pri mno\u017estve z\u00e1pasov u\u017e ani nem\u00e1me s&nbsp;k\u00fdm t\u00fdchto zadn\u00fdch hr\u00e1\u010dov prerotova\u0165. \u00danava sa kumuluje a&nbsp;pri defenz\u00edvnych hr\u00e1\u010doch je potom aj vy\u0161\u0161ia chybovos\u0165. S&nbsp;t\u00fdmto sa budeme musie\u0165 \u010do najlep\u0161ie vysporiada\u0165 vo zvy\u0161ku roka.<\/em><\/strong><\/p>\n\n\n\n<p><strong><em>Dlh\u0161ie n\u00e1m ch\u00fdba Bukata, teraz sa k&nbsp;nemu pridal Oseni, Djuri\u010din, ktor\u00fd s\u00edce za\u010dal tr\u00e9nova\u0165, no poc\u00edtil ist\u00fd diskomfort a&nbsp;musel preru\u0161i\u0165 tr\u00e9ningov\u00fd proces. Tie\u017e je ot\u00e1zne, kedy nasko\u010d\u00ed,\u201c<\/em><\/strong> zhrnul tr\u00e9ner Michal Ga\u0161par\u00edk.<\/p>\n\n\n\n<p>Jeho hr\u00e1\u010di u\u017e maj\u00fa na svojom konte v&nbsp;tejto sez\u00f3ne dev\u00e4\u0165 z\u00e1pasov v&nbsp;Eur\u00f3pe, dvan\u00e1s\u0165 v&nbsp;dom\u00e1cej lige a&nbsp;dva poh\u00e1rov\u00e9. Do konca kalend\u00e1rneho roka ich \u010dakaj e\u0161te tri duely v&nbsp;Konferen\u010dnej lige, \u0161es\u0165 v&nbsp;Nik\u00e9 lige a&nbsp;ak v&nbsp;stredu post\u00fapia cez Pova\u017esk\u00fa Bystricu v&nbsp;Slovnaft Cupe, tak v&nbsp;decembri e\u0161te vycestuj\u00fa na poh\u00e1r do Ko\u0161\u00edc.<\/p>","protected":false},"excerpt":{"rendered":"<p>Spartak za\u010d\u00edna na prehusten\u00fd program dopl\u00e1ca\u0165 viacer\u00fdmi zranen\u00fdmi&#8230;<\/p>","protected":false},"author":2,"featured_media":12052,"comment_status":"closed","ping_status":"closed","sticky":false,"template":"","format":"standard","meta":{"footnotes":""},"categories":[41,12],"tags":[11],"class_list":["post-12261","post","type-post","status-publish","format-standard","has-post-thumbnail","hentry","category-intervju","category-spravy","tag-michal-gasparik","post-number-1"],"yoast_head":"<!-- This site is optimized with the Yoast SEO plugin v27.1.1 - https:\/\/yoast.com\/product\/yoast-seo-wordpress\/ -->\n<title>\u0189uri\u010d tento rok dohral, zranenia sa mno\u017eia - FC Spartak Trnava<\/title>\n<meta name=\"robots\" content=\"index, follow, max-snippet:-1, max-image-preview:large, max-video-preview:-1\" \/>\n<link rel=\"canonical\" href=\"https:\/\/fcspartaktrnava.com\/en\/\u0256uric-tento-rok-dohral-zranenia-sa-mnozia\/\" \/>\n<meta name=\"twitter:label1\" content=\"Written by\" \/>\n\t<meta name=\"twitter:data1\" content=\"spartak\" \/>\n\t<meta name=\"twitter:label2\" content=\"Estimated reading time\" \/>\n\t<meta name=\"twitter:data2\" content=\"2 minutes\" \/>\n<script type=\"application\/ld+json\" class=\"yoast-schema-graph\">{\"@context\":\"https:\/\/schema.org\",\"@graph\":[{\"@type\":\"Article\",\"@id\":\"https:\/\/fcspartaktrnava.com\/%c9%96uric-tento-rok-dohral-zranenia-sa-mnozia\/#article\",\"isPartOf\":{\"@id\":\"https:\/\/fcspartaktrnava.com\/%c9%96uric-tento-rok-dohral-zranenia-sa-mnozia\/\"},\"author\":{\"name\":\"spartak\",\"@id\":\"https:\/\/fcspartaktrnava.com\/#\/schema\/person\/24bc5b254af14f71d7d8af178790aa75\"},\"headline\":\"\u0189uri\u010d tento rok dohral, zranenia sa mno\u017eia\",\"datePublished\":\"2023-10-30T10:55:56+00:00\",\"dateModified\":\"2023-10-30T10:55:57+00:00\",\"mainEntityOfPage\":{\"@id\":\"https:\/\/fcspartaktrnava.com\/%c9%96uric-tento-rok-dohral-zranenia-sa-mnozia\/\"},\"wordCount\":350,\"publisher\":{\"@id\":\"https:\/\/fcspartaktrnava.com\/#organization\"},\"image\":{\"@id\":\"https:\/\/fcspartaktrnava.com\/%c9%96uric-tento-rok-dohral-zranenia-sa-mnozia\/#primaryimage\"},\"thumbnailUrl\":\"https:\/\/fcspartaktrnava.com\/wp-content\/uploads\/2023\/10\/DSC_8989.jpg\",\"keywords\":[\"Michal Ga\u0161par\u00edk\"],\"articleSection\":[\"Rozhovory\",\"Spr\u00e1vy\"],\"inLanguage\":\"en-GB\"},{\"@type\":\"WebPage\",\"@id\":\"https:\/\/fcspartaktrnava.com\/%c9%96uric-tento-rok-dohral-zranenia-sa-mnozia\/\",\"url\":\"https:\/\/fcspartaktrnava.com\/%c9%96uric-tento-rok-dohral-zranenia-sa-mnozia\/\",\"name\":\"\u0189uri\u010d tento rok dohral, zranenia sa mno\u017eia - FC Spartak Trnava\",\"isPartOf\":{\"@id\":\"https:\/\/fcspartaktrnava.com\/#website\"},\"primaryImageOfPage\":{\"@id\":\"https:\/\/fcspartaktrnava.com\/%c9%96uric-tento-rok-dohral-zranenia-sa-mnozia\/#primaryimage\"},\"image\":{\"@id\":\"https:\/\/fcspartaktrnava.com\/%c9%96uric-tento-rok-dohral-zranenia-sa-mnozia\/#primaryimage\"},\"thumbnailUrl\":\"https:\/\/fcspartaktrnava.com\/wp-content\/uploads\/2023\/10\/DSC_8989.jpg\",\"datePublished\":\"2023-10-30T10:55:56+00:00\",\"dateModified\":\"2023-10-30T10:55:57+00:00\",\"breadcrumb\":{\"@id\":\"https:\/\/fcspartaktrnava.com\/%c9%96uric-tento-rok-dohral-zranenia-sa-mnozia\/#breadcrumb\"},\"inLanguage\":\"en-GB\",\"potentialAction\":[{\"@type\":\"ReadAction\",\"target\":[\"https:\/\/fcspartaktrnava.com\/%c9%96uric-tento-rok-dohral-zranenia-sa-mnozia\/\"]}]},{\"@type\":\"ImageObject\",\"inLanguage\":\"en-GB\",\"@id\":\"https:\/\/fcspartaktrnava.com\/%c9%96uric-tento-rok-dohral-zranenia-sa-mnozia\/#primaryimage\",\"url\":\"https:\/\/fcspartaktrnava.com\/wp-content\/uploads\/2023\/10\/DSC_8989.jpg\",\"contentUrl\":\"https:\/\/fcspartaktrnava.com\/wp-content\/uploads\/2023\/10\/DSC_8989.jpg\",\"width\":1520,\"height\":1013},{\"@type\":\"BreadcrumbList\",\"@id\":\"https:\/\/fcspartaktrnava.com\/%c9%96uric-tento-rok-dohral-zranenia-sa-mnozia\/#breadcrumb\",\"itemListElement\":[{\"@type\":\"ListItem\",\"position\":1,\"name\":\"Home\",\"item\":\"https:\/\/fcspartaktrnava.com\/\"},{\"@type\":\"ListItem\",\"position\":2,\"name\":\"\u0189uri\u010d tento rok dohral, zranenia sa mno\u017eia\"}]},{\"@type\":\"WebSite\",\"@id\":\"https:\/\/fcspartaktrnava.com\/#website\",\"url\":\"https:\/\/fcspartaktrnava.com\/\",\"name\":\"FC Spartak Trnava\",\"description\":\"ofici\u00e1lna webstr\u00e1nka futbalov\u00e9ho klubu\",\"publisher\":{\"@id\":\"https:\/\/fcspartaktrnava.com\/#organization\"},\"potentialAction\":[{\"@type\":\"SearchAction\",\"target\":{\"@type\":\"EntryPoint\",\"urlTemplate\":\"https:\/\/fcspartaktrnava.com\/?s={search_term_string}\"},\"query-input\":{\"@type\":\"PropertyValueSpecification\",\"valueRequired\":true,\"valueName\":\"search_term_string\"}}],\"inLanguage\":\"en-GB\"},{\"@type\":\"Organization\",\"@id\":\"https:\/\/fcspartaktrnava.com\/#organization\",\"name\":\"FC Spartak Trnava\",\"alternateName\":\"Spartak\",\"url\":\"https:\/\/fcspartaktrnava.com\/\",\"logo\":{\"@type\":\"ImageObject\",\"inLanguage\":\"en-GB\",\"@id\":\"https:\/\/fcspartaktrnava.com\/#\/schema\/logo\/image\/\",\"url\":\"https:\/\/fcspartaktrnava.com\/wp-content\/uploads\/2022\/08\/cropped-site_logo.png\",\"contentUrl\":\"https:\/\/fcspartaktrnava.com\/wp-content\/uploads\/2022\/08\/cropped-site_logo.png\",\"width\":140,\"height\":140,\"caption\":\"FC Spartak Trnava\"},\"image\":{\"@id\":\"https:\/\/fcspartaktrnava.com\/#\/schema\/logo\/image\/\"},\"sameAs\":[\"https:\/\/www.facebook.com\/SpartakTrnava\",\"https:\/\/x.com\/SpartakTrnava1\",\"https:\/\/www.instagram.com\/spartak_sk\/\"]},{\"@type\":\"Person\",\"@id\":\"https:\/\/fcspartaktrnava.com\/#\/schema\/person\/24bc5b254af14f71d7d8af178790aa75\",\"name\":\"spartak\",\"image\":{\"@type\":\"ImageObject\",\"inLanguage\":\"en-GB\",\"@id\":\"https:\/\/fcspartaktrnava.com\/#\/schema\/person\/image\/\",\"url\":\"https:\/\/secure.gravatar.com\/avatar\/f8ff8584f3fcf3909a11a6da9019f37749183b4015bca14e64556c52614cdc7f?s=96&d=mm&r=g\",\"contentUrl\":\"https:\/\/secure.gravatar.com\/avatar\/f8ff8584f3fcf3909a11a6da9019f37749183b4015bca14e64556c52614cdc7f?s=96&d=mm&r=g\",\"caption\":\"spartak\"},\"url\":\"https:\/\/fcspartaktrnava.com\/en\/author\/spartak\/\"}]}<\/script>\n<!-- \/ Yoast SEO plugin. -->","yoast_head_json":{"title":"\u0189uri\u010d tento rok dohral, zranenia sa mno\u017eia - FC Spartak Trnava","robots":{"index":"index","follow":"follow","max-snippet":"max-snippet:-1","max-image-preview":"max-image-preview:large","max-video-preview":"max-video-preview:-1"},"canonical":"https:\/\/fcspartaktrnava.com\/en\/\u0256uric-tento-rok-dohral-zranenia-sa-mnozia\/","twitter_misc":{"Written by":"spartak","Estimated reading time":"2 minutes"},"schema":{"@context":"https:\/\/schema.org","@graph":[{"@type":"Article","@id":"https:\/\/fcspartaktrnava.com\/%c9%96uric-tento-rok-dohral-zranenia-sa-mnozia\/#article","isPartOf":{"@id":"https:\/\/fcspartaktrnava.com\/%c9%96uric-tento-rok-dohral-zranenia-sa-mnozia\/"},"author":{"name":"spartak","@id":"https:\/\/fcspartaktrnava.com\/#\/schema\/person\/24bc5b254af14f71d7d8af178790aa75"},"headline":"\u0189uri\u010d tento rok dohral, zranenia sa mno\u017eia","datePublished":"2023-10-30T10:55:56+00:00","dateModified":"2023-10-30T10:55:57+00:00","mainEntityOfPage":{"@id":"https:\/\/fcspartaktrnava.com\/%c9%96uric-tento-rok-dohral-zranenia-sa-mnozia\/"},"wordCount":350,"publisher":{"@id":"https:\/\/fcspartaktrnava.com\/#organization"},"image":{"@id":"https:\/\/fcspartaktrnava.com\/%c9%96uric-tento-rok-dohral-zranenia-sa-mnozia\/#primaryimage"},"thumbnailUrl":"https:\/\/fcspartaktrnava.com\/wp-content\/uploads\/2023\/10\/DSC_8989.jpg","keywords":["Michal Ga\u0161par\u00edk"],"articleSection":["Rozhovory","Spr\u00e1vy"],"inLanguage":"en-GB"},{"@type":"WebPage","@id":"https:\/\/fcspartaktrnava.com\/%c9%96uric-tento-rok-dohral-zranenia-sa-mnozia\/","url":"https:\/\/fcspartaktrnava.com\/%c9%96uric-tento-rok-dohral-zranenia-sa-mnozia\/","name":"\u0189uri\u010d tento rok dohral, zranenia sa mno\u017eia - FC Spartak Trnava","isPartOf":{"@id":"https:\/\/fcspartaktrnava.com\/#website"},"primaryImageOfPage":{"@id":"https:\/\/fcspartaktrnava.com\/%c9%96uric-tento-rok-dohral-zranenia-sa-mnozia\/#primaryimage"},"image":{"@id":"https:\/\/fcspartaktrnava.com\/%c9%96uric-tento-rok-dohral-zranenia-sa-mnozia\/#primaryimage"},"thumbnailUrl":"https:\/\/fcspartaktrnava.com\/wp-content\/uploads\/2023\/10\/DSC_8989.jpg","datePublished":"2023-10-30T10:55:56+00:00","dateModified":"2023-10-30T10:55:57+00:00","breadcrumb":{"@id":"https:\/\/fcspartaktrnava.com\/%c9%96uric-tento-rok-dohral-zranenia-sa-mnozia\/#breadcrumb"},"inLanguage":"en-GB","potentialAction":[{"@type":"ReadAction","target":["https:\/\/fcspartaktrnava.com\/%c9%96uric-tento-rok-dohral-zranenia-sa-mnozia\/"]}]},{"@type":"ImageObject","inLanguage":"en-GB","@id":"https:\/\/fcspartaktrnava.com\/%c9%96uric-tento-rok-dohral-zranenia-sa-mnozia\/#primaryimage","url":"https:\/\/fcspartaktrnava.com\/wp-content\/uploads\/2023\/10\/DSC_8989.jpg","contentUrl":"https:\/\/fcspartaktrnava.com\/wp-content\/uploads\/2023\/10\/DSC_8989.jpg","width":1520,"height":1013},{"@type":"BreadcrumbList","@id":"https:\/\/fcspartaktrnava.com\/%c9%96uric-tento-rok-dohral-zranenia-sa-mnozia\/#breadcrumb","itemListElement":[{"@type":"ListItem","position":1,"name":"Home","item":"https:\/\/fcspartaktrnava.com\/"},{"@type":"ListItem","position":2,"name":"\u0189uri\u010d tento rok dohral, zranenia sa mno\u017eia"}]},{"@type":"WebSite","@id":"https:\/\/fcspartaktrnava.com\/#website","url":"https:\/\/fcspartaktrnava.com\/","name":"FC Spartak Trnava","description":"ofici\u00e1lna webstr\u00e1nka futbalov\u00e9ho klubu","publisher":{"@id":"https:\/\/fcspartaktrnava.com\/#organization"},"potentialAction":[{"@type":"SearchAction","target":{"@type":"EntryPoint","urlTemplate":"https:\/\/fcspartaktrnava.com\/?s={search_term_string}"},"query-input":{"@type":"PropertyValueSpecification","valueRequired":true,"valueName":"search_term_string"}}],"inLanguage":"en-GB"},{"@type":"Organization","@id":"https:\/\/fcspartaktrnava.com\/#organization","name":"FC Spartak Trnava","alternateName":"Spartak","url":"https:\/\/fcspartaktrnava.com\/","logo":{"@type":"ImageObject","inLanguage":"en-GB","@id":"https:\/\/fcspartaktrnava.com\/#\/schema\/logo\/image\/","url":"https:\/\/fcspartaktrnava.com\/wp-content\/uploads\/2022\/08\/cropped-site_logo.png","contentUrl":"https:\/\/fcspartaktrnava.com\/wp-content\/uploads\/2022\/08\/cropped-site_logo.png","width":140,"height":140,"caption":"FC Spartak Trnava"},"image":{"@id":"https:\/\/fcspartaktrnava.com\/#\/schema\/logo\/image\/"},"sameAs":["https:\/\/www.facebook.com\/SpartakTrnava","https:\/\/x.com\/SpartakTrnava1","https:\/\/www.instagram.com\/spartak_sk\/"]},{"@type":"Person","@id":"https:\/\/fcspartaktrnava.com\/#\/schema\/person\/24bc5b254af14f71d7d8af178790aa75","name":"spartak","image":{"@type":"ImageObject","inLanguage":"en-GB","@id":"https:\/\/fcspartaktrnava.com\/#\/schema\/person\/image\/","url":"https:\/\/secure.gravatar.com\/avatar\/f8ff8584f3fcf3909a11a6da9019f37749183b4015bca14e64556c52614cdc7f?s=96&d=mm&r=g","contentUrl":"https:\/\/secure.gravatar.com\/avatar\/f8ff8584f3fcf3909a11a6da9019f37749183b4015bca14e64556c52614cdc7f?s=96&d=mm&r=g","caption":"spartak"},"url":"https:\/\/fcspartaktrnava.com\/en\/author\/spartak\/"}]}},"_links":{"self":[{"href":"https:\/\/fcspartaktrnava.com\/en\/wp-json\/wp\/v2\/posts\/12261","targetHints":{"allow":["GET"]}}],"collection":[{"href":"https:\/\/fcspartaktrnava.com\/en\/wp-json\/wp\/v2\/posts"}],"about":[{"href":"https:\/\/fcspartaktrnava.com\/en\/wp-json\/wp\/v2\/types\/post"}],"author":[{"embeddable":true,"href":"https:\/\/fcspartaktrnava.com\/en\/wp-json\/wp\/v2\/users\/2"}],"replies":[{"embeddable":true,"href":"https:\/\/fcspartaktrnava.com\/en\/wp-json\/wp\/v2\/comments?post=12261"}],"version-history":[{"count":0,"href":"https:\/\/fcspartaktrnava.com\/en\/wp-json\/wp\/v2\/posts\/12261\/revisions"}],"wp:featuredmedia":[{"embeddable":true,"href":"https:\/\/fcspartaktrnava.com\/en\/wp-json\/wp\/v2\/media\/12052"}],"wp:attachment":[{"href":"https:\/\/fcspartaktrnava.com\/en\/wp-json\/wp\/v2\/media?parent=12261"}],"wp:term":[{"taxonomy":"category","embeddable":true,"href":"https:\/\/fcspartaktrnava.com\/en\/wp-json\/wp\/v2\/categories?post=12261"},{"taxonomy":"post_tag","embeddable":true,"href":"https:\/\/fcspartaktrnava.com\/en\/wp-json\/wp\/v2\/tags?post=12261"}],"curies":[{"name":"wp","href":"https:\/\/api.w.org\/{rel}","templated":true}]}}