{"id":12258,"date":"2023-10-30T09:14:55","date_gmt":"2023-10-30T07:14:55","guid":{"rendered":"https:\/\/fcspartaktrnava.com\/?p=12258"},"modified":"2023-10-30T09:41:16","modified_gmt":"2023-10-30T07:41:16","slug":"s-vynimkou-jednej-kategorie-nepocitila-nasa-mladez-chut-prehry","status":"publish","type":"post","link":"https:\/\/fcspartaktrnava.com\/en\/s-vynimkou-jednej-kategorie-nepocitila-nasa-mladez-chut-prehry\/","title":{"rendered":"S\u00a0v\u00fdnimkou jednej kateg\u00f3rie nepoc\u00edtila na\u0161a ml\u00e1de\u017e chu\u0165 prehry"},"content":{"rendered":"<p><strong>FC Spartak Trnava U19 \u2013 1. FC Tatran Pre\u0161ov U19 0:1 (0:0)<\/strong><\/p>\n\n\n\n<p>Dev\u00e4tn\u00e1stka ukon\u010dila s\u00e9riu troch z\u00e1pasov bez prehry, ke\u010f na dom\u00e1com tr\u00e1vniku nesta\u010dila na Pre\u0161ov\u010danov. O&nbsp;jedin\u00fd presn\u00fd z\u00e1sah z\u00e1pasu sa postarali hostia v&nbsp;z\u00e1vere\u010dnej \u0161tvr\u0165hodine.<\/p>\n\n\n\n<p><strong>FCST U19: <\/strong>Smie\u0161ko \u2013 Krchn\u00e1r (69. Horn\u00edk), Fan\u010dovi\u010d, Ushchenko, \u0160ebek (77. Pristach), Straka, Henyig (62. Mas\u00e1r), Adamkovi\u010d (77. Vysko\u010d), Bil\u010d\u00edk (C), Justh, Lipovsk\u00fd<\/p>\n\n\n\n<p><strong>Yellow cards: <\/strong>Fan\u010dovi\u010d<\/p>\n\n\n\n<p><strong>Peter Ga\u017ei: \u201eAk by som hodnotil len zakladanie a&nbsp;vedenie \u00fatoku, po\u010det vyprodukovan\u00fdch \u0161anc\u00ed a&nbsp;hru v&nbsp;obrannej f\u00e1ze, tak by som n\u00e1\u0161 v\u00fdkon ozna\u010dil za najlep\u0161\u00ed v&nbsp;sez\u00f3ne. Av\u0161ak v&nbsp;najvy\u0161\u0161ej ml\u00e1de\u017en\u00edckej kateg\u00f3rii pova\u017eujem za d\u00f4le\u017eit\u00fd aj v\u00fdsledok, tak\u017ee nem\u00f4\u017eeme by\u0165 spokojn\u00ed. Ak chceme by\u0165 ako t\u00edm a&nbsp;jednotlivci \u00faspe\u0161n\u00ed, potrebujeme da\u0165 aj potrebn\u00fd g\u00f3l a&nbsp;by\u0165 koncentrovan\u00ed po\u010das cel\u00fdch dev\u00e4\u0165desiatich min\u00fat z\u00e1pasu, nako\u013eko sme op\u00e4\u0165 inkasovali z&nbsp;ojedinelej \u0161ance s\u00fapera.\u201c<\/strong><\/p>\n\n\n\n<p><strong>FC Spartak Trnava U17 \u2013 FK Pohronie U17 7:0 (2:0)<\/strong><\/p>\n\n\n\n<p>Reprezenta\u010dn\u00fa prest\u00e1vku, ktorej s\u00fa\u010das\u0165ou s\u00fa aj spartakovci Bukovsk\u00fd, Turansk\u00fd a&nbsp;Trello, vyu\u017eili mlad\u0161\u00ed dorastenci na pr\u00edpravn\u00e9 z\u00e1pasy s&nbsp;Pohron\u00edm. Sedemn\u00e1stka si bez v\u00e4\u010d\u0161\u00edch probl\u00e9mov poradila s&nbsp;rovesn\u00edkmi 7:0.<\/p>\n\n\n\n<p><strong>FCST U17: <\/strong>Luko\u0161\u00edk \u2013 Kov\u00e1\u010d, Kraj\u010di, Daniel, Bohmer, Konopka, Le\u017e\u00e1k, Bug\u00e1r, Kubovi\u010d, Priecel, Kocian (Pta\u010d\u00edn, Farka\u0161, Velick\u00fd, Duchovi\u010d, Kozachok)<\/p>\n\n\n\n<p><strong>Goals: <\/strong>2x Duchovi\u010d, Kubovi\u010d, Bohmer, Le\u017e\u00e1k, Bug\u00e1r, Priecel<\/p>\n\n\n\n<p><strong>Patrik Mal\u00fd: \u201eV prvom pol\u010dase n\u00e1m trochu ch\u00fdbala v\u00e4\u010d\u0161ia presnos\u0165 v&nbsp;predfin\u00e1lnej z\u00f3ne a&nbsp;lep\u0161ia efektivita v&nbsp;tej fin\u00e1lnej. Celkovo v\u0161ak z\u00e1pas splnil to, \u010do sme od neho o\u010dak\u00e1vali. Dali sme nieko\u013eko g\u00f3lov, boli sme dominantn\u00ed na lopte a&nbsp;z\u00e1rove\u0148 dostali pr\u00edle\u017eitos\u0165 v\u0161etci hr\u00e1\u010di.\u201c<\/strong><\/p>\n\n\n\n<p><strong>FC Spartak Trnava U16 \u2013 FK Pohronie U16 8:1 (0:1)<\/strong><\/p>\n\n\n\n<p>E\u0161te o&nbsp;jeden g\u00f3l viac nas\u00fakali svojmu s\u00faperovi v&nbsp;pr\u00edpravnom z\u00e1pase hr\u00e1\u010di do \u0161estn\u00e1s\u0165 rokov. Paradoxne v\u0161ak museli po v\u00fdmene str\u00e1n doh\u00e1\u0148a\u0165 jednog\u00f3lov\u00e9 manko, \u010do sa im podarilo na v\u00fdborn\u00fa.<\/p>\n\n\n\n<p><strong>FCST U16: <\/strong>Va\u010dok \u2013 Sobota, No\u0161ka, Redenkovi\u010d, \u010ci\u010dmanec, Tittel, Ma\u0165o, \u0160tev\u00edk, Benkovsk\u00fd, Vlha, Vete\u0161ka (Petrovi\u010d, Pittel, Rep\u00e1\u0148, Terenkov, Melia, Pol\u0165\u00e1k)<\/p>\n\n\n\n<p><strong>Goals: <\/strong>3x Pol\u0165\u00e1k, 2x Terenkov, Ma\u0165o, Melia, \u010ci\u010dmanec<\/p>\n\n\n\n<p><strong>Adam Chorvath: \u201eReprezenta\u010dn\u00fa prest\u00e1vku sme chceli vyu\u017ei\u0165 na z\u00e1pas, v&nbsp;ktorom sme sa zamerali na zlep\u0161enie niektor\u00fdch parametrov, ktor\u00e9 n\u00e1m v&nbsp;posledn\u00fdch z\u00e1pasoch nefungovali ide\u00e1lne. Podali sme ve\u013emi dobr\u00fd v\u00fdkon. V&nbsp;prvom pol\u010dase sa striedali dobr\u00e9 momenty so zbyto\u010dne jednoduch\u00fdmi stratami l\u00f4pt a&nbsp;nepresnou koncovkou, no v&nbsp;druhom pol\u010dase sme sa u\u017e prezentovali vysokou presnos\u0165ou a&nbsp;kvalitou hern\u00fdch \u010dinnost\u00ed. Dali sme 8 g\u00f3lov a&nbsp;ver\u00edm, \u017ee sme si aj zv\u00fd\u0161ili sebavedomie pred z\u00e1vere\u010dn\u00fdmi z\u00e1pasmi jesennej \u010dasti.\u201c<\/strong><\/p>\n\n\n\n<p><strong>FC Spartak Trnava U15 \u2013 FK Dubnica nad V\u00e1hom U15 6:0<\/strong><\/p>\n\n\n\n<p>V&nbsp;z\u00e1pase tabu\u013ekov\u00fdch susedov bol jasne dominantnej\u0161\u00ed n\u00e1\u0161 celok. P\u00e4tn\u00e1stka nastrie\u013eala Dubnici nad V\u00e1hom poltucet g\u00f3lov a&nbsp;aj v\u010faka He\u010dkovmu hetriku zv\u00ed\u0165azila presved\u010divo 6:0.<\/p>\n\n\n\n<p><strong>FCST U15: <\/strong>Slim\u00e1k \u2013 U\u0161\u00e1k, Zemko (C), Lenghardt, Studen\u00fd (41. Fra\u0148o), Kostol\u00e1ni (41. Mego), Bohunick\u00fd (56. Bartovi\u010d), He\u010dko (56. Mar\u010di\u0161), \u0160venda, \u0160ev\u010d\u00edk, Fojta (41. Mi\u0161o)<\/p>\n\n\n\n<p><strong>Goals: <\/strong>10., 39. a&nbsp;45. He\u010dko (2. a&nbsp;3. z&nbsp;11m), 24. Kostol\u00e1ni, 50. a&nbsp;80. \u0160ev\u010d\u00edk<\/p>\n\n\n\n<p><strong>Tom\u00e1\u0161 K\u00e1nik: \u201eMali sme dobr\u00fd vstup do z\u00e1pasu, kde sme kvalitne kombinovali a&nbsp;tento \u00fasek sme zakon\u010dili aj \u00favodn\u00fdm g\u00f3lom. Potom sme s\u00fapera trochu pustili do hry, ale po dobrom pressingu sme z\u00edskali \u0161tandardn\u00fa situ\u00e1ciu, ktor\u00fa sme n\u00e1dherne premenili. N\u00e1sledne sme svojou akt\u00edvnou hrou a&nbsp;dvomi pokutov\u00fdmi kopmi z\u00edskali rozhoduj\u00faci n\u00e1skok. V&nbsp;druhom pol\u010dase n\u00e1m u\u017e kvalita kombin\u00e1ci\u00ed trochu odi\u0161la, ale s\u00fapera sme do ni\u010doho v\u00fdraznej\u0161ieho cel\u00fd z\u00e1pas nepustili a&nbsp;zasl\u00fa\u017eene sme vyhrali vysok\u00fdm rozdielom.\u201c<\/strong><\/p>\n\n\n\n<p><strong>FC Spartak Trnava U14 \u2013 FK Dubnica nad V\u00e1hom U14 4:3 (1:2)<\/strong><\/p>\n\n\n\n<p>S\u00e9riu dom\u00e1cich z\u00e1pasov ukon\u010dil duel \u017eiakov do \u0161trn\u00e1s\u0165 rokov, na ktor\u00fdch \u010dakal takisto h\u00fa\u017eevnat\u00fd s\u00faper. Na\u0161im hr\u00e1\u010dom sa podarilo po v\u00fdmene str\u00e1n oto\u010di\u0165 nepriazniv\u00fd v\u00fdsledok, ke\u010f vo vyrovnanom stretnut\u00ed zv\u00ed\u0165azili 4:3 g\u00f3lom zo 68. min\u00faty, ktor\u00fd strelil hrdina dom\u00e1cich a&nbsp;autor hetriku Kore\u0148.<\/p>\n\n\n\n<p><strong>FCST U14: <\/strong>Sartini \u2013 Bo\u0161ansk\u00fd, Dreven\u00e1k, Kalam\u00e1r (C), B\u00f6hmer, Kore\u0148, Bo\u0161ka, Holb\u00edk, Pokus, Kr\u00e1\u013eovi\u010d, Kasan<\/p>\n\n\n\n<p><strong>Goals: <\/strong>35., 53. a&nbsp;68. Kore\u0148, 37. Kalam\u00e1r<\/p>\n\n\n\n<p><strong>Yellow cards: <\/strong>Kore\u0148<\/p>\n\n\n\n<p><strong>Oliver Burian: \u201eVstup do z\u00e1pasu sme mali v\u00fdborn\u00fd, dr\u017eali sme loptu na svojich kopa\u010dk\u00e1ch, vych\u00e1dzali n\u00e1m princ\u00edpov\u00e9 veci a\u00a0vytv\u00e1rali sme si g\u00f3lov\u00e9 \u0161ance. Potom sme v\u0161ak zbyto\u010dn\u00fdmi individu\u00e1lnymi chybami z\u00a0ni\u010doho ni\u010d dostali s\u00fapera do vedenia. Od tohto momentu sme za\u010dali by\u0165 ve\u013emi nesebavedom\u00ed, nepresn\u00ed, kazili sme \u013eahk\u00e9 veci a\u00a0zbyto\u010dne \u010dasto sme sa uchy\u013eovali k\u00a0dlh\u00fdm lopt\u00e1m. V\u00a0druhom pol\u010dase pri\u0161lo z\u00a0na\u0161ej strany k\u00a0zlep\u0161eniu, no aj tak sme sa nevyvarovali ve\u013emi \u013eahk\u00fdm strat\u00e1m l\u00f4pt. Celkovo bolo v\u00a0z\u00e1pase ve\u013emi ve\u013ea priemern\u00fdch a\u017e podpriemern\u00fdch v\u00fdkonov z\u00a0h\u013eadiska individu\u00e1lnej kvality. Chalanom sl\u00fa\u017ei ku cti, \u017ee z\u00e1pas oto\u010dili, av\u0161ak s\u00a0v\u00fdkonom ur\u010dite nie sme spokojn\u00ed.\u201c<\/strong><\/p>\n\n\n\n<p><strong>FK Dubnica nad V\u00e1hom U13 \u2013 FC Spartak Trnava U13 0:15 (0:5)<\/strong><\/p>\n\n\n\n<p>Dubnica nad V\u00e1hom bola pred v\u00edkendov\u00fdm z\u00e1pasom na tom tabu\u013ekovo o&nbsp;m\u00e1lo lep\u0161ie, ale z\u00e1pas jasne uk\u00e1zal, \u017ee patr\u00edme vy\u0161\u0161ie. Bez inkasovan\u00e9ho g\u00f3lu sme sk\u00f3rovali a\u017e p\u00e4tn\u00e1s\u0165kr\u00e1t a&nbsp;zasl\u00fa\u017eene sme vysoko zv\u00ed\u0165azili.<\/p>\n\n\n\n<p><strong>FCST U13: <\/strong>Mes\u00e1ro\u0161, Trebatick\u00fd \u2013 Li\u010d\u00e1k, Mikulec, Mego, Pola\u010dek (C), Poliak, Kohutovi\u010d, Pol\u0165\u00e1k, Junas, Pie\u0161\u0165ansk\u00fd, Kuss, Koll\u00e1r, Bumbera, Rep\u00e1\u0148, Mar\u010di\u0161, \u0160ima, Miklovi\u010d, Strojn\u00fd, Dvorsk\u00fd<\/p>\n\n\n\n<p><strong>Goals: <\/strong>4x Kuss, 3x Pol\u0165\u00e1k, 2x Poliak, 2x Miklovi\u010d, Dvorsk\u00fd, Kohutovi\u010d, Bumbera, Strojn\u00fd<\/p>\n\n\n\n<p><strong>Filip N\u00e1dask\u00fd: \u201eS\u00faper hral s&nbsp;nami v&nbsp;\u00favodn\u00fdch desiatich min\u00fatach vyrovnan\u00fa partiu. Av\u0161ak po vstrelen\u00ed prv\u00e9ho g\u00f3lu v&nbsp;11. min\u00fate sme po\u010das cel\u00e9ho z\u00e1pasu na ihrisku dominovali, prehr\u00e1vali sme s\u00fapera v&nbsp;ka\u017edej f\u00e1ze hry a&nbsp;do \u017eiadnej v\u00e4\u010d\u0161ej \u0161ance sme ho nepustili. V&nbsp;prvom pol\u010dase mi ch\u00fdbala v\u00e4\u010d\u0161ia aktivita na\u0161ich kr\u00eddeln\u00fdch hr\u00e1\u010dov. Druh\u00fd pol\u010das sme s\u00fapera prevalcovali desiatimi g\u00f3lmi a&nbsp;zasl\u00fa\u017eene sme vyhrali. Zo z\u00e1pasu ma te\u0161\u00ed na\u0161a efektivita a&nbsp;taktie\u017e \u010dist\u00e9 konto. Chalanom patr\u00ed za v\u00fdkon po\u010fakovanie.\u201c<\/strong><\/p>\n\n\n\n<p><strong>FK Dubnica nad V\u00e1hom U12 \u2013 FC Spartak Trnava U12 0:10 (0:6)<\/strong><\/p>\n\n\n\n<p>Trnav\u010dania zv\u00ed\u0165azili aj v&nbsp;\u0161tvrtom \u017eiackom z\u00e1pase. Dvan\u00e1stka vyhrala na p\u00f4de&nbsp;Dubnice nad V\u00e1hom presved\u010divo 10:0 a&nbsp;s\u00faperovi u\u0161tedrili e\u0161te len druh\u00fa prehru v&nbsp;sez\u00f3ne.<\/p>\n\n\n\n<p><strong>FCST U12: <\/strong>Kamen\u00e1r, Martanovi\u010d, Prokop \u2013 August\u00edn, Ba\u0161ty, Beli\u010dka, B\u00f6hman, \u010cerve\u0148, Dul\u00edk, Franta, Hamb\u00e1lek, Hutta, Jur\u00edk, Koryt\u00e1r, Kr\u00e1\u013eovi\u010d, Kri\u0161tof\u00edk, Kuna, Llanaj, Macho, Mi\u0161o, \u0160\u010dasn\u00fd, Urdzik, Vir\u00e1g<\/p>\n\n\n\n<p><strong>Goals: <\/strong>2x Vir\u00e1g, 2x \u0160\u010dasn\u00fd, 2x Jur\u00edk, Dul\u00edk, Kri\u0161tof\u00edk, Mi\u0161o, Ba\u0161ty<\/p>\n\n\n\n<p><strong>R\u00f3bert Polakovi\u010d: \u201eZ\u00e1pas u&nbsp;s\u00fapera, ktor\u00fd doteraz prehral len s&nbsp;l\u00eddrom tabu\u013eky, bol n\u00e1ro\u010dn\u00fd najm\u00e4 po fyzickej str\u00e1nke. Oprie\u0165 sme sa vedeli hlavne o&nbsp;dobr\u00fa obrann\u00fa f\u00e1zu, \u010doho v\u00fdsledkom bolo nula inkasovan\u00fdch g\u00f3lov. V&nbsp;\u00fato\u010dnej f\u00e1ze mus\u00edme zv\u00fd\u0161i\u0165 po\u010detnos\u0165 stre\u013eby, na \u010dom pracujeme. Chalanom patr\u00ed gratul\u00e1cia k&nbsp;zasl\u00fa\u017eenej v\u00fdhre.\u201c<\/strong><\/p>\n\n\n\n<p><strong>FK Senice WU19 \u2013 FC Spartak Trnava WU19 0:7 (0:6)<\/strong><\/p>\n\n\n\n<p>Dorastenky polo\u017eili z\u00e1klad \u00faspechu u\u017e v&nbsp;prvom pol\u010dase, ktor\u00fd vyhrali vysoko 6:0. Po v\u00fdmene str\u00e1n v\u00fdsledok u\u017e len kozmeticky upravili jedn\u00fdm presn\u00fdm z\u00e1sahom a&nbsp;natiahli v\u00ed\u0165azn\u00fa \u0161n\u00faru na p\u00e4\u0165 z\u00e1pasov. Z\u00e1pas zhodnotil tr\u00e9ner \u017eia\u010dok R\u00f3bert Halada, preto\u017ee tr\u00e9nerka Vikt\u00f3ria \u010ceriov\u00e1 si pln\u00ed reprezenta\u010dn\u00e9 povinnosti v&nbsp;\u017eenskom t\u00edme Slovenska.<\/p>\n\n\n\n<p><strong>FCST WU19: <\/strong>Bukrotinov\u00e1 \u2013 Reh\u00e1kov\u00e1 (66. Gregu\u0161ov\u00e1), Stankov\u00e1, He\u010dkov\u00e1 (46. Volekov\u00e1), Barutov\u00e1 (61. E. Ba\u010dikov\u00e1), Kri\u0161tofiakov\u00e1 (66. H. Ba\u010dikov\u00e1), Pola\u010dkov\u00e1 (C), Lehock\u00e1 (46. Krupov\u00e1), G\u00e1likov\u00e1, Pek\u00e1rov\u00e1, Hal\u00e1sov\u00e1<\/p>\n\n\n\n<p><strong>Goals: <\/strong>12. a&nbsp;25. Hal\u00e1sov\u00e1, 15. He\u010dkov\u00e1, 23. Kri\u0161tofiakov\u00e1, 27. Pola\u010dkov\u00e1, 41. G\u00e1likov\u00e1, 54. Pek\u00e1rov\u00e1<\/p>\n\n\n\n<p><strong>R\u00f3bert Halada: \u201eDiev\u010dat\u00e1 nast\u00fapili na z\u00e1pas v&nbsp;Senici so srdnat\u00fdm s\u00faperom, ktor\u00fd sa zameral hlavne na br\u00e1nenie. Na\u0161\u00edm cie\u013eom ho bolo vyl\u00e1ka\u0165 z defenz\u00edvneho bloku a&nbsp;r\u00fdchlymi kombin\u00e1ciami sa dost\u00e1va\u0165 do streleck\u00fdch pr\u00edle\u017eitost\u00ed. Diev\u010dat\u00e1 museli by\u0165 trpezliv\u00e9, \u010do sa im hlavne v&nbsp;prvom pol\u010dase darilo a&nbsp;viackr\u00e1t sk\u00f3rovali. V&nbsp;druhom dejstve bol u\u017e priestor pred \u0161estn\u00e1stkou ve\u013emi prehusten\u00fd, s\u00faper hru \u010dasto preru\u0161oval a&nbsp;neumo\u017enil sa dosta\u0165 na\u0161im diev\u010dat\u00e1m do tempa.\u201c<\/strong><\/p>\n\n\n\n<p><strong>FK Senice WU15 \u2013 FC Spartak Trnava WU15 0:26 (0:15)<\/strong><\/p>\n\n\n\n<p>\u010eal\u0161\u00ed g\u00f3lov\u00fd galakoncert maj\u00fa za sebou na\u0161e \u017eia\u010dky, obzvl\u00e1\u0161\u0165 Pamela Tankov\u00e1. K&nbsp;dvadsiatim \u0161iestim g\u00f3lom prispela tentokr\u00e1t \u00f4smimi g\u00f3lmi. Celkovo sa v&nbsp;tejto sez\u00f3ne presadila u\u017e 67-kr\u00e1t.<\/p>\n\n\n\n<p><strong>FCST WU15: <\/strong>Pre\u0161insk\u00e1 \u2013 Huttov\u00e1, Vej\u010d\u00edkov\u00e1, Vl\u010dkov\u00e1, Pavl\u00edkov\u00e1, Tan\u010dokov\u00e1, Hankociov\u00e1, Amrichov\u00e1 (C), Kr\u00e1likov\u00e1, Hudecov\u00e1, Tankov\u00e1, Oroszi, Jankovi\u010dov\u00e1, Rampa\u0161ekov\u00e1, Mikulkov\u00e1, Vlkov\u00e1<\/p>\n\n\n\n<p><strong>Goals: <\/strong>1., 12., 29., 31., 36., 54., 70. a&nbsp;80. Tankov\u00e1, 7., 27., 49. a&nbsp;62. Hudecov\u00e1, 9., 34. a&nbsp;37. Tan\u010dokov\u00e1, 17., 21., 22., 46. a&nbsp;55. Hankociov\u00e1, 18. a&nbsp;68. Mikulkov\u00e1, 24., 47. a&nbsp;76. Amrichov\u00e1, 59. Kr\u00e1likov\u00e1<\/p>\n\n\n\n<p><strong>R\u00f3bert Halada: \u201eT\u00fdmto z\u00e1pasom diev\u010dat\u00e1 od\u0161tartovali jarn\u00e9 odvety s\u00fa\u0165a\u017ee a&nbsp;to duelom na p\u00f4de Senice. Od \u00favodn\u00fdch chv\u00ed\u013e zatla\u010dili s\u00faperky na ich polovicu a&nbsp;dost\u00e1vali ich pod neust\u00e1ly tlak. Cie\u013eom bola discipl\u00edna v&nbsp;dodr\u017eiavan\u00ed priestorov a vytl\u00e1\u010danie s\u00fapera do str\u00e1n, \u010do sa diev\u010dat\u00e1m aj darilo. Dali pekn\u00e9 g\u00f3ly, po kombin\u00e1ci\u00e1ch hlavne stredom ihriska, ale aj po sp\u00e4tn\u00fdch prihr\u00e1vkach z&nbsp;kr\u00eddeln\u00fdch priestorov. Diev\u010dat\u00e1m \u010fakujeme za predveden\u00fd v\u00fdkon.\u201c<\/strong><\/p>","protected":false},"excerpt":{"rendered":"<p>FC Spartak Trnava U19 \u2013 1. FC Tatran&#8230;<\/p>","protected":false},"author":2,"featured_media":12259,"comment_status":"closed","ping_status":"closed","sticky":false,"template":"","format":"standard","meta":{"footnotes":""},"categories":[52,12],"tags":[84,53],"class_list":["post-12258","post","type-post","status-publish","format-standard","has-post-thumbnail","hentry","category-mladez","category-spravy","tag-zeny","tag-mladez","post-number-1"],"yoast_head":"<!-- This site is optimized with the Yoast SEO plugin v27.1.1 - https:\/\/yoast.com\/product\/yoast-seo-wordpress\/ -->\n<title>S\u00a0v\u00fdnimkou jednej kateg\u00f3rie nepoc\u00edtila na\u0161a ml\u00e1de\u017e chu\u0165 prehry - FC Spartak Trnava<\/title>\n<meta name=\"robots\" content=\"index, follow, max-snippet:-1, max-image-preview:large, max-video-preview:-1\" \/>\n<link rel=\"canonical\" href=\"https:\/\/fcspartaktrnava.com\/en\/s-vynimkou-jednej-kategorie-nepocitila-nasa-mladez-chut-prehry\/\" \/>\n<meta name=\"twitter:label1\" content=\"Written by\" \/>\n\t<meta name=\"twitter:data1\" content=\"spartak\" \/>\n\t<meta name=\"twitter:label2\" content=\"Estimated reading time\" \/>\n\t<meta name=\"twitter:data2\" content=\"8 minutes\" \/>\n<script type=\"application\/ld+json\" class=\"yoast-schema-graph\">{\"@context\":\"https:\/\/schema.org\",\"@graph\":[{\"@type\":\"Article\",\"@id\":\"https:\/\/fcspartaktrnava.com\/s-vynimkou-jednej-kategorie-nepocitila-nasa-mladez-chut-prehry\/#article\",\"isPartOf\":{\"@id\":\"https:\/\/fcspartaktrnava.com\/s-vynimkou-jednej-kategorie-nepocitila-nasa-mladez-chut-prehry\/\"},\"author\":{\"name\":\"spartak\",\"@id\":\"https:\/\/fcspartaktrnava.com\/#\/schema\/person\/24bc5b254af14f71d7d8af178790aa75\"},\"headline\":\"S\u00a0v\u00fdnimkou jednej kateg\u00f3rie nepoc\u00edtila na\u0161a ml\u00e1de\u017e chu\u0165 prehry\",\"datePublished\":\"2023-10-30T07:14:55+00:00\",\"dateModified\":\"2023-10-30T07:41:16+00:00\",\"mainEntityOfPage\":{\"@id\":\"https:\/\/fcspartaktrnava.com\/s-vynimkou-jednej-kategorie-nepocitila-nasa-mladez-chut-prehry\/\"},\"wordCount\":1829,\"publisher\":{\"@id\":\"https:\/\/fcspartaktrnava.com\/#organization\"},\"image\":{\"@id\":\"https:\/\/fcspartaktrnava.com\/s-vynimkou-jednej-kategorie-nepocitila-nasa-mladez-chut-prehry\/#primaryimage\"},\"thumbnailUrl\":\"https:\/\/fcspartaktrnava.com\/wp-content\/uploads\/2023\/10\/WU15_SE.jpeg\",\"keywords\":[\"\u017eeny\",\"ml\u00e1de\u017e\"],\"articleSection\":[\"Ml\u00e1de\u017e\",\"Spr\u00e1vy\"],\"inLanguage\":\"en-GB\"},{\"@type\":\"WebPage\",\"@id\":\"https:\/\/fcspartaktrnava.com\/s-vynimkou-jednej-kategorie-nepocitila-nasa-mladez-chut-prehry\/\",\"url\":\"https:\/\/fcspartaktrnava.com\/s-vynimkou-jednej-kategorie-nepocitila-nasa-mladez-chut-prehry\/\",\"name\":\"S\u00a0v\u00fdnimkou jednej kateg\u00f3rie nepoc\u00edtila na\u0161a ml\u00e1de\u017e chu\u0165 prehry - FC Spartak Trnava\",\"isPartOf\":{\"@id\":\"https:\/\/fcspartaktrnava.com\/#website\"},\"primaryImageOfPage\":{\"@id\":\"https:\/\/fcspartaktrnava.com\/s-vynimkou-jednej-kategorie-nepocitila-nasa-mladez-chut-prehry\/#primaryimage\"},\"image\":{\"@id\":\"https:\/\/fcspartaktrnava.com\/s-vynimkou-jednej-kategorie-nepocitila-nasa-mladez-chut-prehry\/#primaryimage\"},\"thumbnailUrl\":\"https:\/\/fcspartaktrnava.com\/wp-content\/uploads\/2023\/10\/WU15_SE.jpeg\",\"datePublished\":\"2023-10-30T07:14:55+00:00\",\"dateModified\":\"2023-10-30T07:41:16+00:00\",\"breadcrumb\":{\"@id\":\"https:\/\/fcspartaktrnava.com\/s-vynimkou-jednej-kategorie-nepocitila-nasa-mladez-chut-prehry\/#breadcrumb\"},\"inLanguage\":\"en-GB\",\"potentialAction\":[{\"@type\":\"ReadAction\",\"target\":[\"https:\/\/fcspartaktrnava.com\/s-vynimkou-jednej-kategorie-nepocitila-nasa-mladez-chut-prehry\/\"]}]},{\"@type\":\"ImageObject\",\"inLanguage\":\"en-GB\",\"@id\":\"https:\/\/fcspartaktrnava.com\/s-vynimkou-jednej-kategorie-nepocitila-nasa-mladez-chut-prehry\/#primaryimage\",\"url\":\"https:\/\/fcspartaktrnava.com\/wp-content\/uploads\/2023\/10\/WU15_SE.jpeg\",\"contentUrl\":\"https:\/\/fcspartaktrnava.com\/wp-content\/uploads\/2023\/10\/WU15_SE.jpeg\",\"width\":750,\"height\":563},{\"@type\":\"BreadcrumbList\",\"@id\":\"https:\/\/fcspartaktrnava.com\/s-vynimkou-jednej-kategorie-nepocitila-nasa-mladez-chut-prehry\/#breadcrumb\",\"itemListElement\":[{\"@type\":\"ListItem\",\"position\":1,\"name\":\"Home\",\"item\":\"https:\/\/fcspartaktrnava.com\/\"},{\"@type\":\"ListItem\",\"position\":2,\"name\":\"S\u00a0v\u00fdnimkou jednej kateg\u00f3rie nepoc\u00edtila na\u0161a ml\u00e1de\u017e chu\u0165 prehry\"}]},{\"@type\":\"WebSite\",\"@id\":\"https:\/\/fcspartaktrnava.com\/#website\",\"url\":\"https:\/\/fcspartaktrnava.com\/\",\"name\":\"FC Spartak Trnava\",\"description\":\"ofici\u00e1lna webstr\u00e1nka futbalov\u00e9ho klubu\",\"publisher\":{\"@id\":\"https:\/\/fcspartaktrnava.com\/#organization\"},\"potentialAction\":[{\"@type\":\"SearchAction\",\"target\":{\"@type\":\"EntryPoint\",\"urlTemplate\":\"https:\/\/fcspartaktrnava.com\/?s={search_term_string}\"},\"query-input\":{\"@type\":\"PropertyValueSpecification\",\"valueRequired\":true,\"valueName\":\"search_term_string\"}}],\"inLanguage\":\"en-GB\"},{\"@type\":\"Organization\",\"@id\":\"https:\/\/fcspartaktrnava.com\/#organization\",\"name\":\"FC Spartak Trnava\",\"alternateName\":\"Spartak\",\"url\":\"https:\/\/fcspartaktrnava.com\/\",\"logo\":{\"@type\":\"ImageObject\",\"inLanguage\":\"en-GB\",\"@id\":\"https:\/\/fcspartaktrnava.com\/#\/schema\/logo\/image\/\",\"url\":\"https:\/\/fcspartaktrnava.com\/wp-content\/uploads\/2022\/08\/cropped-site_logo.png\",\"contentUrl\":\"https:\/\/fcspartaktrnava.com\/wp-content\/uploads\/2022\/08\/cropped-site_logo.png\",\"width\":140,\"height\":140,\"caption\":\"FC Spartak Trnava\"},\"image\":{\"@id\":\"https:\/\/fcspartaktrnava.com\/#\/schema\/logo\/image\/\"},\"sameAs\":[\"https:\/\/www.facebook.com\/SpartakTrnava\",\"https:\/\/x.com\/SpartakTrnava1\",\"https:\/\/www.instagram.com\/spartak_sk\/\"]},{\"@type\":\"Person\",\"@id\":\"https:\/\/fcspartaktrnava.com\/#\/schema\/person\/24bc5b254af14f71d7d8af178790aa75\",\"name\":\"spartak\",\"image\":{\"@type\":\"ImageObject\",\"inLanguage\":\"en-GB\",\"@id\":\"https:\/\/fcspartaktrnava.com\/#\/schema\/person\/image\/\",\"url\":\"https:\/\/secure.gravatar.com\/avatar\/f8ff8584f3fcf3909a11a6da9019f37749183b4015bca14e64556c52614cdc7f?s=96&d=mm&r=g\",\"contentUrl\":\"https:\/\/secure.gravatar.com\/avatar\/f8ff8584f3fcf3909a11a6da9019f37749183b4015bca14e64556c52614cdc7f?s=96&d=mm&r=g\",\"caption\":\"spartak\"},\"url\":\"https:\/\/fcspartaktrnava.com\/en\/author\/spartak\/\"}]}<\/script>\n<!-- \/ Yoast SEO plugin. -->","yoast_head_json":{"title":"S\u00a0v\u00fdnimkou jednej kateg\u00f3rie nepoc\u00edtila na\u0161a ml\u00e1de\u017e chu\u0165 prehry - FC Spartak Trnava","robots":{"index":"index","follow":"follow","max-snippet":"max-snippet:-1","max-image-preview":"max-image-preview:large","max-video-preview":"max-video-preview:-1"},"canonical":"https:\/\/fcspartaktrnava.com\/en\/s-vynimkou-jednej-kategorie-nepocitila-nasa-mladez-chut-prehry\/","twitter_misc":{"Written by":"spartak","Estimated reading time":"8 minutes"},"schema":{"@context":"https:\/\/schema.org","@graph":[{"@type":"Article","@id":"https:\/\/fcspartaktrnava.com\/s-vynimkou-jednej-kategorie-nepocitila-nasa-mladez-chut-prehry\/#article","isPartOf":{"@id":"https:\/\/fcspartaktrnava.com\/s-vynimkou-jednej-kategorie-nepocitila-nasa-mladez-chut-prehry\/"},"author":{"name":"spartak","@id":"https:\/\/fcspartaktrnava.com\/#\/schema\/person\/24bc5b254af14f71d7d8af178790aa75"},"headline":"S\u00a0v\u00fdnimkou jednej kateg\u00f3rie nepoc\u00edtila na\u0161a ml\u00e1de\u017e chu\u0165 prehry","datePublished":"2023-10-30T07:14:55+00:00","dateModified":"2023-10-30T07:41:16+00:00","mainEntityOfPage":{"@id":"https:\/\/fcspartaktrnava.com\/s-vynimkou-jednej-kategorie-nepocitila-nasa-mladez-chut-prehry\/"},"wordCount":1829,"publisher":{"@id":"https:\/\/fcspartaktrnava.com\/#organization"},"image":{"@id":"https:\/\/fcspartaktrnava.com\/s-vynimkou-jednej-kategorie-nepocitila-nasa-mladez-chut-prehry\/#primaryimage"},"thumbnailUrl":"https:\/\/fcspartaktrnava.com\/wp-content\/uploads\/2023\/10\/WU15_SE.jpeg","keywords":["\u017eeny","ml\u00e1de\u017e"],"articleSection":["Ml\u00e1de\u017e","Spr\u00e1vy"],"inLanguage":"en-GB"},{"@type":"WebPage","@id":"https:\/\/fcspartaktrnava.com\/s-vynimkou-jednej-kategorie-nepocitila-nasa-mladez-chut-prehry\/","url":"https:\/\/fcspartaktrnava.com\/s-vynimkou-jednej-kategorie-nepocitila-nasa-mladez-chut-prehry\/","name":"S\u00a0v\u00fdnimkou jednej kateg\u00f3rie nepoc\u00edtila na\u0161a ml\u00e1de\u017e chu\u0165 prehry - FC Spartak Trnava","isPartOf":{"@id":"https:\/\/fcspartaktrnava.com\/#website"},"primaryImageOfPage":{"@id":"https:\/\/fcspartaktrnava.com\/s-vynimkou-jednej-kategorie-nepocitila-nasa-mladez-chut-prehry\/#primaryimage"},"image":{"@id":"https:\/\/fcspartaktrnava.com\/s-vynimkou-jednej-kategorie-nepocitila-nasa-mladez-chut-prehry\/#primaryimage"},"thumbnailUrl":"https:\/\/fcspartaktrnava.com\/wp-content\/uploads\/2023\/10\/WU15_SE.jpeg","datePublished":"2023-10-30T07:14:55+00:00","dateModified":"2023-10-30T07:41:16+00:00","breadcrumb":{"@id":"https:\/\/fcspartaktrnava.com\/s-vynimkou-jednej-kategorie-nepocitila-nasa-mladez-chut-prehry\/#breadcrumb"},"inLanguage":"en-GB","potentialAction":[{"@type":"ReadAction","target":["https:\/\/fcspartaktrnava.com\/s-vynimkou-jednej-kategorie-nepocitila-nasa-mladez-chut-prehry\/"]}]},{"@type":"ImageObject","inLanguage":"en-GB","@id":"https:\/\/fcspartaktrnava.com\/s-vynimkou-jednej-kategorie-nepocitila-nasa-mladez-chut-prehry\/#primaryimage","url":"https:\/\/fcspartaktrnava.com\/wp-content\/uploads\/2023\/10\/WU15_SE.jpeg","contentUrl":"https:\/\/fcspartaktrnava.com\/wp-content\/uploads\/2023\/10\/WU15_SE.jpeg","width":750,"height":563},{"@type":"BreadcrumbList","@id":"https:\/\/fcspartaktrnava.com\/s-vynimkou-jednej-kategorie-nepocitila-nasa-mladez-chut-prehry\/#breadcrumb","itemListElement":[{"@type":"ListItem","position":1,"name":"Home","item":"https:\/\/fcspartaktrnava.com\/"},{"@type":"ListItem","position":2,"name":"S\u00a0v\u00fdnimkou jednej kateg\u00f3rie nepoc\u00edtila na\u0161a ml\u00e1de\u017e chu\u0165 prehry"}]},{"@type":"WebSite","@id":"https:\/\/fcspartaktrnava.com\/#website","url":"https:\/\/fcspartaktrnava.com\/","name":"FC Spartak Trnava","description":"ofici\u00e1lna webstr\u00e1nka futbalov\u00e9ho klubu","publisher":{"@id":"https:\/\/fcspartaktrnava.com\/#organization"},"potentialAction":[{"@type":"SearchAction","target":{"@type":"EntryPoint","urlTemplate":"https:\/\/fcspartaktrnava.com\/?s={search_term_string}"},"query-input":{"@type":"PropertyValueSpecification","valueRequired":true,"valueName":"search_term_string"}}],"inLanguage":"en-GB"},{"@type":"Organization","@id":"https:\/\/fcspartaktrnava.com\/#organization","name":"FC Spartak Trnava","alternateName":"Spartak","url":"https:\/\/fcspartaktrnava.com\/","logo":{"@type":"ImageObject","inLanguage":"en-GB","@id":"https:\/\/fcspartaktrnava.com\/#\/schema\/logo\/image\/","url":"https:\/\/fcspartaktrnava.com\/wp-content\/uploads\/2022\/08\/cropped-site_logo.png","contentUrl":"https:\/\/fcspartaktrnava.com\/wp-content\/uploads\/2022\/08\/cropped-site_logo.png","width":140,"height":140,"caption":"FC Spartak Trnava"},"image":{"@id":"https:\/\/fcspartaktrnava.com\/#\/schema\/logo\/image\/"},"sameAs":["https:\/\/www.facebook.com\/SpartakTrnava","https:\/\/x.com\/SpartakTrnava1","https:\/\/www.instagram.com\/spartak_sk\/"]},{"@type":"Person","@id":"https:\/\/fcspartaktrnava.com\/#\/schema\/person\/24bc5b254af14f71d7d8af178790aa75","name":"spartak","image":{"@type":"ImageObject","inLanguage":"en-GB","@id":"https:\/\/fcspartaktrnava.com\/#\/schema\/person\/image\/","url":"https:\/\/secure.gravatar.com\/avatar\/f8ff8584f3fcf3909a11a6da9019f37749183b4015bca14e64556c52614cdc7f?s=96&d=mm&r=g","contentUrl":"https:\/\/secure.gravatar.com\/avatar\/f8ff8584f3fcf3909a11a6da9019f37749183b4015bca14e64556c52614cdc7f?s=96&d=mm&r=g","caption":"spartak"},"url":"https:\/\/fcspartaktrnava.com\/en\/author\/spartak\/"}]}},"_links":{"self":[{"href":"https:\/\/fcspartaktrnava.com\/en\/wp-json\/wp\/v2\/posts\/12258","targetHints":{"allow":["GET"]}}],"collection":[{"href":"https:\/\/fcspartaktrnava.com\/en\/wp-json\/wp\/v2\/posts"}],"about":[{"href":"https:\/\/fcspartaktrnava.com\/en\/wp-json\/wp\/v2\/types\/post"}],"author":[{"embeddable":true,"href":"https:\/\/fcspartaktrnava.com\/en\/wp-json\/wp\/v2\/users\/2"}],"replies":[{"embeddable":true,"href":"https:\/\/fcspartaktrnava.com\/en\/wp-json\/wp\/v2\/comments?post=12258"}],"version-history":[{"count":0,"href":"https:\/\/fcspartaktrnava.com\/en\/wp-json\/wp\/v2\/posts\/12258\/revisions"}],"wp:featuredmedia":[{"embeddable":true,"href":"https:\/\/fcspartaktrnava.com\/en\/wp-json\/wp\/v2\/media\/12259"}],"wp:attachment":[{"href":"https:\/\/fcspartaktrnava.com\/en\/wp-json\/wp\/v2\/media?parent=12258"}],"wp:term":[{"taxonomy":"category","embeddable":true,"href":"https:\/\/fcspartaktrnava.com\/en\/wp-json\/wp\/v2\/categories?post=12258"},{"taxonomy":"post_tag","embeddable":true,"href":"https:\/\/fcspartaktrnava.com\/en\/wp-json\/wp\/v2\/tags?post=12258"}],"curies":[{"name":"wp","href":"https:\/\/api.w.org\/{rel}","templated":true}]}}