{"id":1211,"date":"2022-09-07T13:58:00","date_gmt":"2022-09-07T13:58:00","guid":{"rendered":"https:\/\/fcspartaktrnava.com\/?p=1211"},"modified":"2022-09-09T14:00:10","modified_gmt":"2022-09-09T14:00:10","slug":"kader-sa-rozsiril-este-o-jedneho-hraca","status":"publish","type":"post","link":"https:\/\/fcspartaktrnava.com\/en\/kader-sa-rozsiril-este-o-jedneho-hraca\/","title":{"rendered":"The squad was expanded by one more player"},"content":{"rendered":"<p>The young Nigerian Sudais Ali Baba joined Spartak's squad today. He celebrated his 22nd birthday at the end of August and has been in Europe for three years, since he transferred to the Greek team Asteras Tripoli. He started in the under-19 team, where he scored 14 goals in 37 matches. He was also a guest at Xanthi, for which he scored 4 goals and has one accurate hit in the highest Greek league, where he played 17 matches.<\/p>\n\n\n\n<p><strong><em>\"I am glad that I can be a part of such a club as Spartak. I can say anything about myself, but the most important thing will still be what I show on the field.\"<\/em><\/strong><em>&nbsp;said after the arrival of the offensive striker, who is useful at the point of attack or on the wings. He signed a contract with Spartak for one year with another option.<\/em><\/p>\n\n\n\n<p><strong><em>\"Unlike Taiwa, who was an immediate replacement for Yusuf, the arrival of Sudais is a longer-term project. We took a long time to decide, we had several such young players to choose from, and we plan to give them time to acclimatize. Sudais is a scouted player by a reputable agency and we have a very good recommendation for him.\"<\/em><\/strong><em>&nbsp;explained club president Peter Macho.<\/em><\/p>","protected":false},"excerpt":{"rendered":"<p>Do k\u00e1dra Spartaka pribudol dnes aj mlad\u00fd Nig\u00e9rij\u010dan&#8230;<\/p>","protected":false},"author":5,"featured_media":1212,"comment_status":"closed","ping_status":"closed","sticky":false,"template":"","format":"standard","meta":{"footnotes":""},"categories":[12],"tags":[],"class_list":["post-1211","post","type-post","status-publish","format-standard","has-post-thumbnail","hentry","category-spravy","post-number-1"],"yoast_head":"<!-- This site is optimized with the Yoast SEO plugin v27.1.1 - https:\/\/yoast.com\/product\/yoast-seo-wordpress\/ -->\n<title>K\u00e1der sa roz\u0161\u00edril e\u0161te o jedn\u00e9ho hr\u00e1\u010da - FC Spartak Trnava<\/title>\n<meta name=\"robots\" content=\"index, follow, max-snippet:-1, max-image-preview:large, max-video-preview:-1\" \/>\n<link rel=\"canonical\" href=\"https:\/\/fcspartaktrnava.com\/en\/kader-sa-rozsiril-este-o-jedneho-hraca\/\" \/>\n<meta name=\"twitter:label1\" content=\"Written by\" \/>\n\t<meta name=\"twitter:data1\" content=\"Samuel \u010eurinsk\u00fd\" \/>\n\t<meta name=\"twitter:label2\" content=\"Estimated reading time\" \/>\n\t<meta name=\"twitter:data2\" content=\"1 minute\" \/>\n<script type=\"application\/ld+json\" class=\"yoast-schema-graph\">{\"@context\":\"https:\/\/schema.org\",\"@graph\":[{\"@type\":\"Article\",\"@id\":\"https:\/\/fcspartaktrnava.com\/kader-sa-rozsiril-este-o-jedneho-hraca\/#article\",\"isPartOf\":{\"@id\":\"https:\/\/fcspartaktrnava.com\/kader-sa-rozsiril-este-o-jedneho-hraca\/\"},\"author\":{\"name\":\"Samuel \u010eurinsk\u00fd\",\"@id\":\"https:\/\/fcspartaktrnava.com\/#\/schema\/person\/62c3c2562c3c56e4c0c8c2342c596ac0\"},\"headline\":\"K\u00e1der sa roz\u0161\u00edril e\u0161te o jedn\u00e9ho hr\u00e1\u010da\",\"datePublished\":\"2022-09-07T13:58:00+00:00\",\"dateModified\":\"2022-09-09T14:00:10+00:00\",\"mainEntityOfPage\":{\"@id\":\"https:\/\/fcspartaktrnava.com\/kader-sa-rozsiril-este-o-jedneho-hraca\/\"},\"wordCount\":233,\"publisher\":{\"@id\":\"https:\/\/fcspartaktrnava.com\/#organization\"},\"image\":{\"@id\":\"https:\/\/fcspartaktrnava.com\/kader-sa-rozsiril-este-o-jedneho-hraca\/#primaryimage\"},\"thumbnailUrl\":\"https:\/\/fcspartaktrnava.com\/wp-content\/uploads\/2022\/09\/Kader-sa-rozsiril-este.jpg\",\"articleSection\":[\"Spr\u00e1vy\"],\"inLanguage\":\"en-GB\"},{\"@type\":\"WebPage\",\"@id\":\"https:\/\/fcspartaktrnava.com\/kader-sa-rozsiril-este-o-jedneho-hraca\/\",\"url\":\"https:\/\/fcspartaktrnava.com\/kader-sa-rozsiril-este-o-jedneho-hraca\/\",\"name\":\"K\u00e1der sa roz\u0161\u00edril e\u0161te o jedn\u00e9ho hr\u00e1\u010da - FC Spartak Trnava\",\"isPartOf\":{\"@id\":\"https:\/\/fcspartaktrnava.com\/#website\"},\"primaryImageOfPage\":{\"@id\":\"https:\/\/fcspartaktrnava.com\/kader-sa-rozsiril-este-o-jedneho-hraca\/#primaryimage\"},\"image\":{\"@id\":\"https:\/\/fcspartaktrnava.com\/kader-sa-rozsiril-este-o-jedneho-hraca\/#primaryimage\"},\"thumbnailUrl\":\"https:\/\/fcspartaktrnava.com\/wp-content\/uploads\/2022\/09\/Kader-sa-rozsiril-este.jpg\",\"datePublished\":\"2022-09-07T13:58:00+00:00\",\"dateModified\":\"2022-09-09T14:00:10+00:00\",\"breadcrumb\":{\"@id\":\"https:\/\/fcspartaktrnava.com\/kader-sa-rozsiril-este-o-jedneho-hraca\/#breadcrumb\"},\"inLanguage\":\"en-GB\",\"potentialAction\":[{\"@type\":\"ReadAction\",\"target\":[\"https:\/\/fcspartaktrnava.com\/kader-sa-rozsiril-este-o-jedneho-hraca\/\"]}]},{\"@type\":\"ImageObject\",\"inLanguage\":\"en-GB\",\"@id\":\"https:\/\/fcspartaktrnava.com\/kader-sa-rozsiril-este-o-jedneho-hraca\/#primaryimage\",\"url\":\"https:\/\/fcspartaktrnava.com\/wp-content\/uploads\/2022\/09\/Kader-sa-rozsiril-este.jpg\",\"contentUrl\":\"https:\/\/fcspartaktrnava.com\/wp-content\/uploads\/2022\/09\/Kader-sa-rozsiril-este.jpg\",\"width\":1300,\"height\":555},{\"@type\":\"BreadcrumbList\",\"@id\":\"https:\/\/fcspartaktrnava.com\/kader-sa-rozsiril-este-o-jedneho-hraca\/#breadcrumb\",\"itemListElement\":[{\"@type\":\"ListItem\",\"position\":1,\"name\":\"Home\",\"item\":\"https:\/\/fcspartaktrnava.com\/\"},{\"@type\":\"ListItem\",\"position\":2,\"name\":\"K\u00e1der sa roz\u0161\u00edril e\u0161te o jedn\u00e9ho hr\u00e1\u010da\"}]},{\"@type\":\"WebSite\",\"@id\":\"https:\/\/fcspartaktrnava.com\/#website\",\"url\":\"https:\/\/fcspartaktrnava.com\/\",\"name\":\"FC Spartak Trnava\",\"description\":\"ofici\u00e1lna webstr\u00e1nka futbalov\u00e9ho klubu\",\"publisher\":{\"@id\":\"https:\/\/fcspartaktrnava.com\/#organization\"},\"potentialAction\":[{\"@type\":\"SearchAction\",\"target\":{\"@type\":\"EntryPoint\",\"urlTemplate\":\"https:\/\/fcspartaktrnava.com\/?s={search_term_string}\"},\"query-input\":{\"@type\":\"PropertyValueSpecification\",\"valueRequired\":true,\"valueName\":\"search_term_string\"}}],\"inLanguage\":\"en-GB\"},{\"@type\":\"Organization\",\"@id\":\"https:\/\/fcspartaktrnava.com\/#organization\",\"name\":\"FC Spartak Trnava\",\"alternateName\":\"Spartak\",\"url\":\"https:\/\/fcspartaktrnava.com\/\",\"logo\":{\"@type\":\"ImageObject\",\"inLanguage\":\"en-GB\",\"@id\":\"https:\/\/fcspartaktrnava.com\/#\/schema\/logo\/image\/\",\"url\":\"https:\/\/fcspartaktrnava.com\/wp-content\/uploads\/2022\/08\/cropped-site_logo.png\",\"contentUrl\":\"https:\/\/fcspartaktrnava.com\/wp-content\/uploads\/2022\/08\/cropped-site_logo.png\",\"width\":140,\"height\":140,\"caption\":\"FC Spartak Trnava\"},\"image\":{\"@id\":\"https:\/\/fcspartaktrnava.com\/#\/schema\/logo\/image\/\"},\"sameAs\":[\"https:\/\/www.facebook.com\/SpartakTrnava\",\"https:\/\/x.com\/SpartakTrnava1\",\"https:\/\/www.instagram.com\/spartak_sk\/\"]},{\"@type\":\"Person\",\"@id\":\"https:\/\/fcspartaktrnava.com\/#\/schema\/person\/62c3c2562c3c56e4c0c8c2342c596ac0\",\"name\":\"Samuel \u010eurinsk\u00fd\",\"image\":{\"@type\":\"ImageObject\",\"inLanguage\":\"en-GB\",\"@id\":\"https:\/\/fcspartaktrnava.com\/#\/schema\/person\/image\/\",\"url\":\"https:\/\/secure.gravatar.com\/avatar\/af2fa02af92418b86ed742470664fe40056833fb68d84becf03f6ab02319257c?s=96&d=mm&r=g\",\"contentUrl\":\"https:\/\/secure.gravatar.com\/avatar\/af2fa02af92418b86ed742470664fe40056833fb68d84becf03f6ab02319257c?s=96&d=mm&r=g\",\"caption\":\"Samuel \u010eurinsk\u00fd\"},\"url\":\"https:\/\/fcspartaktrnava.com\/en\/author\/fcst-samuel\/\"}]}<\/script>\n<!-- \/ Yoast SEO plugin. -->","yoast_head_json":{"title":"K\u00e1der sa roz\u0161\u00edril e\u0161te o jedn\u00e9ho hr\u00e1\u010da - FC Spartak Trnava","robots":{"index":"index","follow":"follow","max-snippet":"max-snippet:-1","max-image-preview":"max-image-preview:large","max-video-preview":"max-video-preview:-1"},"canonical":"https:\/\/fcspartaktrnava.com\/en\/kader-sa-rozsiril-este-o-jedneho-hraca\/","twitter_misc":{"Written by":"Samuel \u010eurinsk\u00fd","Estimated reading time":"1 minute"},"schema":{"@context":"https:\/\/schema.org","@graph":[{"@type":"Article","@id":"https:\/\/fcspartaktrnava.com\/kader-sa-rozsiril-este-o-jedneho-hraca\/#article","isPartOf":{"@id":"https:\/\/fcspartaktrnava.com\/kader-sa-rozsiril-este-o-jedneho-hraca\/"},"author":{"name":"Samuel \u010eurinsk\u00fd","@id":"https:\/\/fcspartaktrnava.com\/#\/schema\/person\/62c3c2562c3c56e4c0c8c2342c596ac0"},"headline":"K\u00e1der sa roz\u0161\u00edril e\u0161te o jedn\u00e9ho hr\u00e1\u010da","datePublished":"2022-09-07T13:58:00+00:00","dateModified":"2022-09-09T14:00:10+00:00","mainEntityOfPage":{"@id":"https:\/\/fcspartaktrnava.com\/kader-sa-rozsiril-este-o-jedneho-hraca\/"},"wordCount":233,"publisher":{"@id":"https:\/\/fcspartaktrnava.com\/#organization"},"image":{"@id":"https:\/\/fcspartaktrnava.com\/kader-sa-rozsiril-este-o-jedneho-hraca\/#primaryimage"},"thumbnailUrl":"https:\/\/fcspartaktrnava.com\/wp-content\/uploads\/2022\/09\/Kader-sa-rozsiril-este.jpg","articleSection":["Spr\u00e1vy"],"inLanguage":"en-GB"},{"@type":"WebPage","@id":"https:\/\/fcspartaktrnava.com\/kader-sa-rozsiril-este-o-jedneho-hraca\/","url":"https:\/\/fcspartaktrnava.com\/kader-sa-rozsiril-este-o-jedneho-hraca\/","name":"K\u00e1der sa roz\u0161\u00edril e\u0161te o jedn\u00e9ho hr\u00e1\u010da - FC Spartak Trnava","isPartOf":{"@id":"https:\/\/fcspartaktrnava.com\/#website"},"primaryImageOfPage":{"@id":"https:\/\/fcspartaktrnava.com\/kader-sa-rozsiril-este-o-jedneho-hraca\/#primaryimage"},"image":{"@id":"https:\/\/fcspartaktrnava.com\/kader-sa-rozsiril-este-o-jedneho-hraca\/#primaryimage"},"thumbnailUrl":"https:\/\/fcspartaktrnava.com\/wp-content\/uploads\/2022\/09\/Kader-sa-rozsiril-este.jpg","datePublished":"2022-09-07T13:58:00+00:00","dateModified":"2022-09-09T14:00:10+00:00","breadcrumb":{"@id":"https:\/\/fcspartaktrnava.com\/kader-sa-rozsiril-este-o-jedneho-hraca\/#breadcrumb"},"inLanguage":"en-GB","potentialAction":[{"@type":"ReadAction","target":["https:\/\/fcspartaktrnava.com\/kader-sa-rozsiril-este-o-jedneho-hraca\/"]}]},{"@type":"ImageObject","inLanguage":"en-GB","@id":"https:\/\/fcspartaktrnava.com\/kader-sa-rozsiril-este-o-jedneho-hraca\/#primaryimage","url":"https:\/\/fcspartaktrnava.com\/wp-content\/uploads\/2022\/09\/Kader-sa-rozsiril-este.jpg","contentUrl":"https:\/\/fcspartaktrnava.com\/wp-content\/uploads\/2022\/09\/Kader-sa-rozsiril-este.jpg","width":1300,"height":555},{"@type":"BreadcrumbList","@id":"https:\/\/fcspartaktrnava.com\/kader-sa-rozsiril-este-o-jedneho-hraca\/#breadcrumb","itemListElement":[{"@type":"ListItem","position":1,"name":"Home","item":"https:\/\/fcspartaktrnava.com\/"},{"@type":"ListItem","position":2,"name":"K\u00e1der sa roz\u0161\u00edril e\u0161te o jedn\u00e9ho hr\u00e1\u010da"}]},{"@type":"WebSite","@id":"https:\/\/fcspartaktrnava.com\/#website","url":"https:\/\/fcspartaktrnava.com\/","name":"FC Spartak Trnava","description":"ofici\u00e1lna webstr\u00e1nka futbalov\u00e9ho klubu","publisher":{"@id":"https:\/\/fcspartaktrnava.com\/#organization"},"potentialAction":[{"@type":"SearchAction","target":{"@type":"EntryPoint","urlTemplate":"https:\/\/fcspartaktrnava.com\/?s={search_term_string}"},"query-input":{"@type":"PropertyValueSpecification","valueRequired":true,"valueName":"search_term_string"}}],"inLanguage":"en-GB"},{"@type":"Organization","@id":"https:\/\/fcspartaktrnava.com\/#organization","name":"FC Spartak Trnava","alternateName":"Spartak","url":"https:\/\/fcspartaktrnava.com\/","logo":{"@type":"ImageObject","inLanguage":"en-GB","@id":"https:\/\/fcspartaktrnava.com\/#\/schema\/logo\/image\/","url":"https:\/\/fcspartaktrnava.com\/wp-content\/uploads\/2022\/08\/cropped-site_logo.png","contentUrl":"https:\/\/fcspartaktrnava.com\/wp-content\/uploads\/2022\/08\/cropped-site_logo.png","width":140,"height":140,"caption":"FC Spartak Trnava"},"image":{"@id":"https:\/\/fcspartaktrnava.com\/#\/schema\/logo\/image\/"},"sameAs":["https:\/\/www.facebook.com\/SpartakTrnava","https:\/\/x.com\/SpartakTrnava1","https:\/\/www.instagram.com\/spartak_sk\/"]},{"@type":"Person","@id":"https:\/\/fcspartaktrnava.com\/#\/schema\/person\/62c3c2562c3c56e4c0c8c2342c596ac0","name":"Samuel \u010eurinsk\u00fd","image":{"@type":"ImageObject","inLanguage":"en-GB","@id":"https:\/\/fcspartaktrnava.com\/#\/schema\/person\/image\/","url":"https:\/\/secure.gravatar.com\/avatar\/af2fa02af92418b86ed742470664fe40056833fb68d84becf03f6ab02319257c?s=96&d=mm&r=g","contentUrl":"https:\/\/secure.gravatar.com\/avatar\/af2fa02af92418b86ed742470664fe40056833fb68d84becf03f6ab02319257c?s=96&d=mm&r=g","caption":"Samuel \u010eurinsk\u00fd"},"url":"https:\/\/fcspartaktrnava.com\/en\/author\/fcst-samuel\/"}]}},"_links":{"self":[{"href":"https:\/\/fcspartaktrnava.com\/en\/wp-json\/wp\/v2\/posts\/1211","targetHints":{"allow":["GET"]}}],"collection":[{"href":"https:\/\/fcspartaktrnava.com\/en\/wp-json\/wp\/v2\/posts"}],"about":[{"href":"https:\/\/fcspartaktrnava.com\/en\/wp-json\/wp\/v2\/types\/post"}],"author":[{"embeddable":true,"href":"https:\/\/fcspartaktrnava.com\/en\/wp-json\/wp\/v2\/users\/5"}],"replies":[{"embeddable":true,"href":"https:\/\/fcspartaktrnava.com\/en\/wp-json\/wp\/v2\/comments?post=1211"}],"version-history":[{"count":0,"href":"https:\/\/fcspartaktrnava.com\/en\/wp-json\/wp\/v2\/posts\/1211\/revisions"}],"wp:featuredmedia":[{"embeddable":true,"href":"https:\/\/fcspartaktrnava.com\/en\/wp-json\/wp\/v2\/media\/1212"}],"wp:attachment":[{"href":"https:\/\/fcspartaktrnava.com\/en\/wp-json\/wp\/v2\/media?parent=1211"}],"wp:term":[{"taxonomy":"category","embeddable":true,"href":"https:\/\/fcspartaktrnava.com\/en\/wp-json\/wp\/v2\/categories?post=1211"},{"taxonomy":"post_tag","embeddable":true,"href":"https:\/\/fcspartaktrnava.com\/en\/wp-json\/wp\/v2\/tags?post=1211"}],"curies":[{"name":"wp","href":"https:\/\/api.w.org\/{rel}","templated":true}]}}