{"id":12097,"date":"2023-10-27T12:27:10","date_gmt":"2023-10-27T10:27:10","guid":{"rendered":"https:\/\/fcspartaktrnava.com\/?p=12097"},"modified":"2023-10-27T12:27:11","modified_gmt":"2023-10-27T10:27:11","slug":"%c9%96uric-po-skaredom-zakroku-s-podozrenim-na-zlomeninu","status":"publish","type":"post","link":"https:\/\/fcspartaktrnava.com\/en\/%c9%96uric-po-skaredom-zakroku-s-podozrenim-na-zlomeninu\/","title":{"rendered":"\u0189uri\u010d po \u0161karedom z\u00e1kroku s\u00a0podozren\u00edm na zlomeninu"},"content":{"rendered":"<p>Michal Ga\u0161par\u00edk zvykol na silnej\u0161\u00edch protivn\u00edkov postavi\u0165 obrann\u00fa l\u00edniu s&nbsp;tromi stop\u00e9rmi a&nbsp;nebolo to inak ani proti Nordjaellandu, kedy ved\u013ea seba hrali \u0189uri\u010d, \u0160tetina a&nbsp;K\u00f3\u0161a. Po polhodine hry sa v\u0161ak udiali d\u00f4le\u017eit\u00e9 okamihy z\u00e1pasu, ktor\u00fd ho \u00faplne zmenili.<\/p>\n\n\n\n<p>Najsk\u00f4r \u010euri\u0161 iba ope\u010diatkoval ty\u010dku, potom Schjelderup ne\u0161etrn\u00fdm z\u00e1krokom skolil pri \u010diare \u0189uri\u010da, ke\u010f mu v&nbsp;neohrabanej \u0161m\u00fdka\u010dke takmer preto\u010dil \u010dlenok pravej nohy. Za tento z\u00e1krok videl iba \u017elt\u00fa kartu a&nbsp;namiesto mo\u017enej presilovky hrali spartakovci zop\u00e1r min\u00fat oslaben\u00ed. Pr\u00e1ve v&nbsp;t\u00fdchto chv\u00ed\u013each po rohu inkasovali zbyto\u010dn\u00fd g\u00f3l, ke\u010f vo vlastnej \u0161estn\u00e1stke ch\u00fdbal stop\u00e9r. A\u017e potom vystriedal \u0160ulek.<\/p>\n\n\n\n<p><strong><em>\u201eBolo to bl\u00edzko \u010diary a&nbsp;hr\u00e1\u010da o\u0161etrovali za \u010diarou. My sme potrebovali cez vysiela\u010dku vedie\u0165, \u010di m\u00f4\u017ee pokra\u010dova\u0165 alebo nie. Chceli sme ho dosta\u0165 sp\u00e4\u0165 na ihrisko a&nbsp;keby nebol pokra\u010dova\u0165, tak by si tam sadol, aby sme z\u00edskali \u010das na striedanie. <\/em><\/strong><strong><em>\u0189uri\u010d bol vypla\u0161en\u00fd, lebo vedel, \u017ee m\u00e1 asi potrhan\u00e9 v\u00e4zy, tak u\u017e nechcel na ihrisko vst\u00fapi\u0165. My u\u017e sme vyzliekali \u0160uleka, ale nestihli sme to, aj ke\u010f bola pauza pri rohovom kope. Smoln\u00e1 situ\u00e1cia, ja som tam na Lenku s&nbsp;Tom\u00e1\u0161om vybehol, ale nemohli viac urobi\u0165,\u201c<\/em><\/strong> vysvet\u013eoval po z\u00e1pase Michal Ga\u0161par\u00edk situ\u00e1ciu pred prv\u00fdm striedan\u00edm. <strong><em>\u201eJa sa na tak\u00e9to veci nem\u00f4\u017eem ani pozera\u0165, m\u00e1m to video v&nbsp;telef\u00f3ne, ale nebudem si to p\u00fa\u0161\u0165a\u0165. Ke\u010f si pozriete spomalen\u00fd z\u00e1ber a&nbsp;z\u00e1krok na\u0148ho, tak mu cel\u00fd \u010dlenok podvrtlo do neprirodzenej polohy a&nbsp;prvotn\u00fd odhad je, \u017ee n\u00e1m bude ch\u00fdba\u0165 dlho.\u201c<\/em><\/strong><\/p>\n\n\n\n<p>Mlad\u00fd srbsk\u00fd reprezentant do 21 rokov sa po prestupe do Spartaka dost\u00e1val do formy a&nbsp;svojimi v\u00fdkonmi si z\u00edskal miesto v&nbsp;zostave v&nbsp;\u0165a\u017ek\u00fdch z\u00e1pasoch. Teraz ho pod\u013ea v\u0161etk\u00e9ho \u010dak\u00e1 nieko\u013ekot\u00fd\u017ed\u0148ov\u00e1 pauza od futbalu a&nbsp;je ot\u00e1zne, \u010di v\u00f4bec stihne v&nbsp;tomto roku e\u0161te nast\u00fapi\u0165. <strong><em>\u201e<\/em><\/strong><strong><em>\u0189uri\u010d u\u017e stihol absolvova\u0165 prv\u00e9 vy\u0161etrenie u&nbsp;lek\u00e1ra, ale \u010dak\u00e1me na magnetick\u00fa rezonanciu. Moment\u00e1lne je na barl\u00e1ch a&nbsp;c\u00edti sa o&nbsp;\u010dosi lep\u0161ie ako v\u010dera. M\u00e1 podozrenie na vertik\u00e1lnu zlomeninu ihlice, po\u0161kodenie syndezm\u00f3zy a&nbsp;viacer\u00fdch v\u00e4zov v&nbsp;\u010dlenku. Viac budeme vedie\u0165 po v\u00fdsledku magnetickej rezonancie,\u201c<\/em><\/strong> ozrejmila prv\u00e9 progn\u00f3zy fyzioterapeutka Lenka Juri\u0161i\u010dov\u00e1.<\/p>","protected":false},"excerpt":{"rendered":"<p>Michal Ga\u0161par\u00edk zvykol na silnej\u0161\u00edch protivn\u00edkov postavi\u0165 obrann\u00fa&#8230;<\/p>","protected":false},"author":2,"featured_media":12098,"comment_status":"closed","ping_status":"closed","sticky":false,"template":"","format":"standard","meta":{"footnotes":""},"categories":[41],"tags":[11],"class_list":["post-12097","post","type-post","status-publish","format-standard","has-post-thumbnail","hentry","category-intervju","tag-michal-gasparik","post-number-1"],"yoast_head":"<!-- This site is optimized with the Yoast SEO plugin v27.1.1 - https:\/\/yoast.com\/product\/yoast-seo-wordpress\/ -->\n<title>\u0189uri\u010d po \u0161karedom z\u00e1kroku s\u00a0podozren\u00edm na zlomeninu - FC Spartak Trnava<\/title>\n<meta name=\"robots\" content=\"index, follow, max-snippet:-1, max-image-preview:large, max-video-preview:-1\" \/>\n<link rel=\"canonical\" href=\"https:\/\/fcspartaktrnava.com\/en\/\u0256uric-po-skaredom-zakroku-s-podozrenim-na-zlomeninu\/\" \/>\n<meta name=\"twitter:label1\" content=\"Written by\" \/>\n\t<meta name=\"twitter:data1\" content=\"spartak\" \/>\n\t<meta name=\"twitter:label2\" content=\"Estimated reading time\" \/>\n\t<meta name=\"twitter:data2\" content=\"2 minutes\" \/>\n<script type=\"application\/ld+json\" class=\"yoast-schema-graph\">{\"@context\":\"https:\/\/schema.org\",\"@graph\":[{\"@type\":\"Article\",\"@id\":\"https:\/\/fcspartaktrnava.com\/%c9%96uric-po-skaredom-zakroku-s-podozrenim-na-zlomeninu\/#article\",\"isPartOf\":{\"@id\":\"https:\/\/fcspartaktrnava.com\/%c9%96uric-po-skaredom-zakroku-s-podozrenim-na-zlomeninu\/\"},\"author\":{\"name\":\"spartak\",\"@id\":\"https:\/\/fcspartaktrnava.com\/#\/schema\/person\/24bc5b254af14f71d7d8af178790aa75\"},\"headline\":\"\u0189uri\u010d po \u0161karedom z\u00e1kroku s\u00a0podozren\u00edm na zlomeninu\",\"datePublished\":\"2023-10-27T10:27:10+00:00\",\"dateModified\":\"2023-10-27T10:27:11+00:00\",\"mainEntityOfPage\":{\"@id\":\"https:\/\/fcspartaktrnava.com\/%c9%96uric-po-skaredom-zakroku-s-podozrenim-na-zlomeninu\/\"},\"wordCount\":462,\"publisher\":{\"@id\":\"https:\/\/fcspartaktrnava.com\/#organization\"},\"image\":{\"@id\":\"https:\/\/fcspartaktrnava.com\/%c9%96uric-po-skaredom-zakroku-s-podozrenim-na-zlomeninu\/#primaryimage\"},\"thumbnailUrl\":\"https:\/\/fcspartaktrnava.com\/wp-content\/uploads\/2023\/10\/duric.jpg\",\"keywords\":[\"Michal Ga\u0161par\u00edk\"],\"articleSection\":[\"Rozhovory\"],\"inLanguage\":\"en-GB\"},{\"@type\":\"WebPage\",\"@id\":\"https:\/\/fcspartaktrnava.com\/%c9%96uric-po-skaredom-zakroku-s-podozrenim-na-zlomeninu\/\",\"url\":\"https:\/\/fcspartaktrnava.com\/%c9%96uric-po-skaredom-zakroku-s-podozrenim-na-zlomeninu\/\",\"name\":\"\u0189uri\u010d po \u0161karedom z\u00e1kroku s\u00a0podozren\u00edm na zlomeninu - FC Spartak Trnava\",\"isPartOf\":{\"@id\":\"https:\/\/fcspartaktrnava.com\/#website\"},\"primaryImageOfPage\":{\"@id\":\"https:\/\/fcspartaktrnava.com\/%c9%96uric-po-skaredom-zakroku-s-podozrenim-na-zlomeninu\/#primaryimage\"},\"image\":{\"@id\":\"https:\/\/fcspartaktrnava.com\/%c9%96uric-po-skaredom-zakroku-s-podozrenim-na-zlomeninu\/#primaryimage\"},\"thumbnailUrl\":\"https:\/\/fcspartaktrnava.com\/wp-content\/uploads\/2023\/10\/duric.jpg\",\"datePublished\":\"2023-10-27T10:27:10+00:00\",\"dateModified\":\"2023-10-27T10:27:11+00:00\",\"breadcrumb\":{\"@id\":\"https:\/\/fcspartaktrnava.com\/%c9%96uric-po-skaredom-zakroku-s-podozrenim-na-zlomeninu\/#breadcrumb\"},\"inLanguage\":\"en-GB\",\"potentialAction\":[{\"@type\":\"ReadAction\",\"target\":[\"https:\/\/fcspartaktrnava.com\/%c9%96uric-po-skaredom-zakroku-s-podozrenim-na-zlomeninu\/\"]}]},{\"@type\":\"ImageObject\",\"inLanguage\":\"en-GB\",\"@id\":\"https:\/\/fcspartaktrnava.com\/%c9%96uric-po-skaredom-zakroku-s-podozrenim-na-zlomeninu\/#primaryimage\",\"url\":\"https:\/\/fcspartaktrnava.com\/wp-content\/uploads\/2023\/10\/duric.jpg\",\"contentUrl\":\"https:\/\/fcspartaktrnava.com\/wp-content\/uploads\/2023\/10\/duric.jpg\",\"width\":2481,\"height\":1654},{\"@type\":\"BreadcrumbList\",\"@id\":\"https:\/\/fcspartaktrnava.com\/%c9%96uric-po-skaredom-zakroku-s-podozrenim-na-zlomeninu\/#breadcrumb\",\"itemListElement\":[{\"@type\":\"ListItem\",\"position\":1,\"name\":\"Home\",\"item\":\"https:\/\/fcspartaktrnava.com\/\"},{\"@type\":\"ListItem\",\"position\":2,\"name\":\"\u0189uri\u010d po \u0161karedom z\u00e1kroku s\u00a0podozren\u00edm na zlomeninu\"}]},{\"@type\":\"WebSite\",\"@id\":\"https:\/\/fcspartaktrnava.com\/#website\",\"url\":\"https:\/\/fcspartaktrnava.com\/\",\"name\":\"FC Spartak Trnava\",\"description\":\"ofici\u00e1lna webstr\u00e1nka futbalov\u00e9ho klubu\",\"publisher\":{\"@id\":\"https:\/\/fcspartaktrnava.com\/#organization\"},\"potentialAction\":[{\"@type\":\"SearchAction\",\"target\":{\"@type\":\"EntryPoint\",\"urlTemplate\":\"https:\/\/fcspartaktrnava.com\/?s={search_term_string}\"},\"query-input\":{\"@type\":\"PropertyValueSpecification\",\"valueRequired\":true,\"valueName\":\"search_term_string\"}}],\"inLanguage\":\"en-GB\"},{\"@type\":\"Organization\",\"@id\":\"https:\/\/fcspartaktrnava.com\/#organization\",\"name\":\"FC Spartak Trnava\",\"alternateName\":\"Spartak\",\"url\":\"https:\/\/fcspartaktrnava.com\/\",\"logo\":{\"@type\":\"ImageObject\",\"inLanguage\":\"en-GB\",\"@id\":\"https:\/\/fcspartaktrnava.com\/#\/schema\/logo\/image\/\",\"url\":\"https:\/\/fcspartaktrnava.com\/wp-content\/uploads\/2022\/08\/cropped-site_logo.png\",\"contentUrl\":\"https:\/\/fcspartaktrnava.com\/wp-content\/uploads\/2022\/08\/cropped-site_logo.png\",\"width\":140,\"height\":140,\"caption\":\"FC Spartak Trnava\"},\"image\":{\"@id\":\"https:\/\/fcspartaktrnava.com\/#\/schema\/logo\/image\/\"},\"sameAs\":[\"https:\/\/www.facebook.com\/SpartakTrnava\",\"https:\/\/x.com\/SpartakTrnava1\",\"https:\/\/www.instagram.com\/spartak_sk\/\"]},{\"@type\":\"Person\",\"@id\":\"https:\/\/fcspartaktrnava.com\/#\/schema\/person\/24bc5b254af14f71d7d8af178790aa75\",\"name\":\"spartak\",\"image\":{\"@type\":\"ImageObject\",\"inLanguage\":\"en-GB\",\"@id\":\"https:\/\/fcspartaktrnava.com\/#\/schema\/person\/image\/\",\"url\":\"https:\/\/secure.gravatar.com\/avatar\/f8ff8584f3fcf3909a11a6da9019f37749183b4015bca14e64556c52614cdc7f?s=96&d=mm&r=g\",\"contentUrl\":\"https:\/\/secure.gravatar.com\/avatar\/f8ff8584f3fcf3909a11a6da9019f37749183b4015bca14e64556c52614cdc7f?s=96&d=mm&r=g\",\"caption\":\"spartak\"},\"url\":\"https:\/\/fcspartaktrnava.com\/en\/author\/spartak\/\"}]}<\/script>\n<!-- \/ Yoast SEO plugin. -->","yoast_head_json":{"title":"\u0189uri\u010d po \u0161karedom z\u00e1kroku s\u00a0podozren\u00edm na zlomeninu - FC Spartak Trnava","robots":{"index":"index","follow":"follow","max-snippet":"max-snippet:-1","max-image-preview":"max-image-preview:large","max-video-preview":"max-video-preview:-1"},"canonical":"https:\/\/fcspartaktrnava.com\/en\/\u0256uric-po-skaredom-zakroku-s-podozrenim-na-zlomeninu\/","twitter_misc":{"Written by":"spartak","Estimated reading time":"2 minutes"},"schema":{"@context":"https:\/\/schema.org","@graph":[{"@type":"Article","@id":"https:\/\/fcspartaktrnava.com\/%c9%96uric-po-skaredom-zakroku-s-podozrenim-na-zlomeninu\/#article","isPartOf":{"@id":"https:\/\/fcspartaktrnava.com\/%c9%96uric-po-skaredom-zakroku-s-podozrenim-na-zlomeninu\/"},"author":{"name":"spartak","@id":"https:\/\/fcspartaktrnava.com\/#\/schema\/person\/24bc5b254af14f71d7d8af178790aa75"},"headline":"\u0189uri\u010d po \u0161karedom z\u00e1kroku s\u00a0podozren\u00edm na zlomeninu","datePublished":"2023-10-27T10:27:10+00:00","dateModified":"2023-10-27T10:27:11+00:00","mainEntityOfPage":{"@id":"https:\/\/fcspartaktrnava.com\/%c9%96uric-po-skaredom-zakroku-s-podozrenim-na-zlomeninu\/"},"wordCount":462,"publisher":{"@id":"https:\/\/fcspartaktrnava.com\/#organization"},"image":{"@id":"https:\/\/fcspartaktrnava.com\/%c9%96uric-po-skaredom-zakroku-s-podozrenim-na-zlomeninu\/#primaryimage"},"thumbnailUrl":"https:\/\/fcspartaktrnava.com\/wp-content\/uploads\/2023\/10\/duric.jpg","keywords":["Michal Ga\u0161par\u00edk"],"articleSection":["Rozhovory"],"inLanguage":"en-GB"},{"@type":"WebPage","@id":"https:\/\/fcspartaktrnava.com\/%c9%96uric-po-skaredom-zakroku-s-podozrenim-na-zlomeninu\/","url":"https:\/\/fcspartaktrnava.com\/%c9%96uric-po-skaredom-zakroku-s-podozrenim-na-zlomeninu\/","name":"\u0189uri\u010d po \u0161karedom z\u00e1kroku s\u00a0podozren\u00edm na zlomeninu - FC Spartak Trnava","isPartOf":{"@id":"https:\/\/fcspartaktrnava.com\/#website"},"primaryImageOfPage":{"@id":"https:\/\/fcspartaktrnava.com\/%c9%96uric-po-skaredom-zakroku-s-podozrenim-na-zlomeninu\/#primaryimage"},"image":{"@id":"https:\/\/fcspartaktrnava.com\/%c9%96uric-po-skaredom-zakroku-s-podozrenim-na-zlomeninu\/#primaryimage"},"thumbnailUrl":"https:\/\/fcspartaktrnava.com\/wp-content\/uploads\/2023\/10\/duric.jpg","datePublished":"2023-10-27T10:27:10+00:00","dateModified":"2023-10-27T10:27:11+00:00","breadcrumb":{"@id":"https:\/\/fcspartaktrnava.com\/%c9%96uric-po-skaredom-zakroku-s-podozrenim-na-zlomeninu\/#breadcrumb"},"inLanguage":"en-GB","potentialAction":[{"@type":"ReadAction","target":["https:\/\/fcspartaktrnava.com\/%c9%96uric-po-skaredom-zakroku-s-podozrenim-na-zlomeninu\/"]}]},{"@type":"ImageObject","inLanguage":"en-GB","@id":"https:\/\/fcspartaktrnava.com\/%c9%96uric-po-skaredom-zakroku-s-podozrenim-na-zlomeninu\/#primaryimage","url":"https:\/\/fcspartaktrnava.com\/wp-content\/uploads\/2023\/10\/duric.jpg","contentUrl":"https:\/\/fcspartaktrnava.com\/wp-content\/uploads\/2023\/10\/duric.jpg","width":2481,"height":1654},{"@type":"BreadcrumbList","@id":"https:\/\/fcspartaktrnava.com\/%c9%96uric-po-skaredom-zakroku-s-podozrenim-na-zlomeninu\/#breadcrumb","itemListElement":[{"@type":"ListItem","position":1,"name":"Home","item":"https:\/\/fcspartaktrnava.com\/"},{"@type":"ListItem","position":2,"name":"\u0189uri\u010d po \u0161karedom z\u00e1kroku s\u00a0podozren\u00edm na zlomeninu"}]},{"@type":"WebSite","@id":"https:\/\/fcspartaktrnava.com\/#website","url":"https:\/\/fcspartaktrnava.com\/","name":"FC Spartak Trnava","description":"ofici\u00e1lna webstr\u00e1nka futbalov\u00e9ho klubu","publisher":{"@id":"https:\/\/fcspartaktrnava.com\/#organization"},"potentialAction":[{"@type":"SearchAction","target":{"@type":"EntryPoint","urlTemplate":"https:\/\/fcspartaktrnava.com\/?s={search_term_string}"},"query-input":{"@type":"PropertyValueSpecification","valueRequired":true,"valueName":"search_term_string"}}],"inLanguage":"en-GB"},{"@type":"Organization","@id":"https:\/\/fcspartaktrnava.com\/#organization","name":"FC Spartak Trnava","alternateName":"Spartak","url":"https:\/\/fcspartaktrnava.com\/","logo":{"@type":"ImageObject","inLanguage":"en-GB","@id":"https:\/\/fcspartaktrnava.com\/#\/schema\/logo\/image\/","url":"https:\/\/fcspartaktrnava.com\/wp-content\/uploads\/2022\/08\/cropped-site_logo.png","contentUrl":"https:\/\/fcspartaktrnava.com\/wp-content\/uploads\/2022\/08\/cropped-site_logo.png","width":140,"height":140,"caption":"FC Spartak Trnava"},"image":{"@id":"https:\/\/fcspartaktrnava.com\/#\/schema\/logo\/image\/"},"sameAs":["https:\/\/www.facebook.com\/SpartakTrnava","https:\/\/x.com\/SpartakTrnava1","https:\/\/www.instagram.com\/spartak_sk\/"]},{"@type":"Person","@id":"https:\/\/fcspartaktrnava.com\/#\/schema\/person\/24bc5b254af14f71d7d8af178790aa75","name":"spartak","image":{"@type":"ImageObject","inLanguage":"en-GB","@id":"https:\/\/fcspartaktrnava.com\/#\/schema\/person\/image\/","url":"https:\/\/secure.gravatar.com\/avatar\/f8ff8584f3fcf3909a11a6da9019f37749183b4015bca14e64556c52614cdc7f?s=96&d=mm&r=g","contentUrl":"https:\/\/secure.gravatar.com\/avatar\/f8ff8584f3fcf3909a11a6da9019f37749183b4015bca14e64556c52614cdc7f?s=96&d=mm&r=g","caption":"spartak"},"url":"https:\/\/fcspartaktrnava.com\/en\/author\/spartak\/"}]}},"_links":{"self":[{"href":"https:\/\/fcspartaktrnava.com\/en\/wp-json\/wp\/v2\/posts\/12097","targetHints":{"allow":["GET"]}}],"collection":[{"href":"https:\/\/fcspartaktrnava.com\/en\/wp-json\/wp\/v2\/posts"}],"about":[{"href":"https:\/\/fcspartaktrnava.com\/en\/wp-json\/wp\/v2\/types\/post"}],"author":[{"embeddable":true,"href":"https:\/\/fcspartaktrnava.com\/en\/wp-json\/wp\/v2\/users\/2"}],"replies":[{"embeddable":true,"href":"https:\/\/fcspartaktrnava.com\/en\/wp-json\/wp\/v2\/comments?post=12097"}],"version-history":[{"count":0,"href":"https:\/\/fcspartaktrnava.com\/en\/wp-json\/wp\/v2\/posts\/12097\/revisions"}],"wp:featuredmedia":[{"embeddable":true,"href":"https:\/\/fcspartaktrnava.com\/en\/wp-json\/wp\/v2\/media\/12098"}],"wp:attachment":[{"href":"https:\/\/fcspartaktrnava.com\/en\/wp-json\/wp\/v2\/media?parent=12097"}],"wp:term":[{"taxonomy":"category","embeddable":true,"href":"https:\/\/fcspartaktrnava.com\/en\/wp-json\/wp\/v2\/categories?post=12097"},{"taxonomy":"post_tag","embeddable":true,"href":"https:\/\/fcspartaktrnava.com\/en\/wp-json\/wp\/v2\/tags?post=12097"}],"curies":[{"name":"wp","href":"https:\/\/api.w.org\/{rel}","templated":true}]}}