{"id":12094,"date":"2023-10-27T11:21:46","date_gmt":"2023-10-27T09:21:46","guid":{"rendered":"https:\/\/fcspartaktrnava.com\/?p=12094"},"modified":"2023-10-27T11:26:28","modified_gmt":"2023-10-27T09:26:28","slug":"duris-keby-sme-viedli-mohlo-to-byt-ine","status":"publish","type":"post","link":"https:\/\/fcspartaktrnava.com\/en\/duris-keby-sme-viedli-mohlo-to-byt-ine\/","title":{"rendered":"\u010euri\u0161: \u201eKeby sme viedli, mohlo to by\u0165 in\u00e9\u201c"},"content":{"rendered":"<p>Najbli\u017e\u0161ie ku g\u00f3lu vo v\u010deraj\u0161om z\u00e1pase proti Nordsjeallandu bol Michal \u010euri\u0161. V&nbsp;prvom pol\u010dase za bezg\u00f3lov\u00e9ho stavu ho mo\u017eno aj trocha nechcene na\u0161la na zadnej ty\u010dke nevydaren\u00e1 strela Martina Mikovi\u010da spoza \u0161estn\u00e1stky. Michal stihol zareagova\u0165, zmenil smer lopty, ale t\u00e1 len narazila do kon\u0161trukcie br\u00e1nky bezmocn\u00e9ho Hansena.<\/p>\n\n\n\n<p><strong><em>\u201eMiki to tam strie\u013eal, hoci on vrav\u00ed, \u017ee mi prihr\u00e1val. Ja som to videl na posledn\u00fa chv\u00ed\u013eu, obranca predo mnou i\u0161iel do \u0161m\u00fdka\u010dky a&nbsp;\u0161koda, lebo p\u00e1r centimetrov ch\u00fdbalo a&nbsp;ide to dnu. V&nbsp;z\u00e1pase by sme viedli a&nbsp;mo\u017eno by to bolo \u00faplne in\u00e9,\u201c<\/em><\/strong> povedal po stretnut\u00ed Michal \u010euri\u0161, ktor\u00fd op\u00e4\u0165 absolvoval na hrote \u00fatoku mno\u017estvo s\u00fabojov, ale ne\u00fanavne nap\u00e1dal rozohr\u00e1vku host\u00ed a&nbsp;zop\u00e1rkr\u00e1t sa u\u017e zdalo, \u017ee im Trnav\u010dania pri zakladan\u00ed \u00fatoku od brank\u00e1ra loptu zober\u00fa.<\/p>\n\n\n\n<p>Spartak teda prehral aj druh\u00fd dom\u00e1ci z\u00e1pas v&nbsp;skupine, ale aj tento duel sa niesol vo fantastickej kulise. Vy\u0161e dvan\u00e1s\u0165tis\u00edc fan\u00fa\u0161ikov sa zab\u00e1valo po cel\u00fd \u010das, trib\u00fany predviedli celo\u0161tadi\u00f3nov\u00e9 choreo a&nbsp;atmosf\u00e9ra sa p\u00e1\u010dila nielen pozorovate\u013eom z&nbsp;UEFA, ale aj hos\u0165om z&nbsp;D\u00e1nska, ktor\u00ed po v\u00fdhre zlo\u017eili fan\u00fa\u0161ikom Spartaka nejeden kompliment. &nbsp;<\/p>\n\n\n\n<p><strong><em>\u201eJe to skvel\u00e9, klob\u00fak dolu pred nimi a&nbsp;za cel\u00fa kab\u00ednu im \u010fakujem. Je super hra\u0165 pred pln\u00fdm \u0161tadi\u00f3nom a&nbsp;hlavne, ke\u010f n\u00e1s cel\u00fd z\u00e1pas povzbudzuj\u00fa, aj ke\u010f prehr\u00e1vame. &nbsp;Som r\u00e1d, \u017ee stoja za nami a&nbsp;budeme sa sna\u017ei\u0165, vr\u00e1ti\u0165 im to sp\u00e4\u0165 v\u00ed\u0165azstvami,\u201c<\/em><\/strong> po\u010fakoval za mu\u017estvo Michal \u010euri\u0161.<\/p>\n\n\n\n<p>Cel\u00fd rozhovor s&nbsp;Michalom \u010euri\u0161om si m\u00f4\u017eete pozrie\u0165 na klubovom youtube kan\u00e1li:<\/p>\n\n\n\n<figure class=\"wp-block-embed is-type-video is-provider-youtube wp-block-embed-youtube wp-embed-aspect-16-9 wp-has-aspect-ratio\"><div class=\"wp-block-embed__wrapper\">\n<iframe loading=\"lazy\" title=\"Michal \u010euri\u0161 po z\u00e1pase s Nordsjaellandom\" width=\"500\" height=\"281\" src=\"https:\/\/www.youtube.com\/embed\/uSjEhBvKCYI?feature=oembed\" frameborder=\"0\" allow=\"accelerometer; autoplay; clipboard-write; encrypted-media; gyroscope; picture-in-picture; web-share\" referrerpolicy=\"strict-origin-when-cross-origin\" allowfullscreen><\/iframe>\n<\/div><\/figure>\n\n\n\n<p><\/p>\n\n\n\n<div class=\"wp-block-buttons is-layout-flex wp-block-buttons-is-layout-flex\">\n<div class=\"wp-block-button aligncenter is-style-fill\"><a class=\"wp-block-button__link has-white-color has-text-color has-background wp-element-button\" href=\"https:\/\/fcspartaktrnava.com\/en\/galerii\/3-kolo-ekl-fc-spartak-trnava-vs-fc-nordsjaelland\/\" style=\"border-radius:0px;background-color:#d40133\" target=\"_blank\" rel=\"noreferrer noopener\">PHOTO GALLERY<\/a><\/div>\n<\/div>","protected":false},"excerpt":{"rendered":"<p>Najbli\u017e\u0161ie ku g\u00f3lu vo v\u010deraj\u0161om z\u00e1pase proti Nordsjeallandu&#8230;<\/p>","protected":false},"author":2,"featured_media":12090,"comment_status":"closed","ping_status":"closed","sticky":false,"template":"","format":"standard","meta":{"footnotes":""},"categories":[12],"tags":[],"class_list":["post-12094","post","type-post","status-publish","format-standard","has-post-thumbnail","hentry","category-spravy","post-number-1"],"yoast_head":"<!-- This site is optimized with the Yoast SEO plugin v27.1.1 - https:\/\/yoast.com\/product\/yoast-seo-wordpress\/ -->\n<title>\u010euri\u0161: \u201eKeby sme viedli, mohlo to by\u0165 in\u00e9\u201c - FC Spartak Trnava<\/title>\n<meta name=\"robots\" content=\"index, follow, max-snippet:-1, max-image-preview:large, max-video-preview:-1\" \/>\n<link rel=\"canonical\" href=\"https:\/\/fcspartaktrnava.com\/en\/duris-keby-sme-viedli-mohlo-to-byt-ine\/\" \/>\n<meta name=\"twitter:label1\" content=\"Written by\" \/>\n\t<meta name=\"twitter:data1\" content=\"spartak\" \/>\n\t<meta name=\"twitter:label2\" content=\"Estimated reading time\" \/>\n\t<meta name=\"twitter:data2\" content=\"2 minutes\" \/>\n<script type=\"application\/ld+json\" class=\"yoast-schema-graph\">{\"@context\":\"https:\/\/schema.org\",\"@graph\":[{\"@type\":\"Article\",\"@id\":\"https:\/\/fcspartaktrnava.com\/duris-keby-sme-viedli-mohlo-to-byt-ine\/#article\",\"isPartOf\":{\"@id\":\"https:\/\/fcspartaktrnava.com\/duris-keby-sme-viedli-mohlo-to-byt-ine\/\"},\"author\":{\"name\":\"spartak\",\"@id\":\"https:\/\/fcspartaktrnava.com\/#\/schema\/person\/24bc5b254af14f71d7d8af178790aa75\"},\"headline\":\"\u010euri\u0161: \u201eKeby sme viedli, mohlo to by\u0165 in\u00e9\u201c\",\"datePublished\":\"2023-10-27T09:21:46+00:00\",\"dateModified\":\"2023-10-27T09:26:28+00:00\",\"mainEntityOfPage\":{\"@id\":\"https:\/\/fcspartaktrnava.com\/duris-keby-sme-viedli-mohlo-to-byt-ine\/\"},\"wordCount\":340,\"publisher\":{\"@id\":\"https:\/\/fcspartaktrnava.com\/#organization\"},\"image\":{\"@id\":\"https:\/\/fcspartaktrnava.com\/duris-keby-sme-viedli-mohlo-to-byt-ine\/#primaryimage\"},\"thumbnailUrl\":\"https:\/\/fcspartaktrnava.com\/wp-content\/uploads\/2023\/10\/26102023_EKL_TT_Nordsjaelland_13.jpg\",\"articleSection\":[\"Spr\u00e1vy\"],\"inLanguage\":\"en-GB\"},{\"@type\":\"WebPage\",\"@id\":\"https:\/\/fcspartaktrnava.com\/duris-keby-sme-viedli-mohlo-to-byt-ine\/\",\"url\":\"https:\/\/fcspartaktrnava.com\/duris-keby-sme-viedli-mohlo-to-byt-ine\/\",\"name\":\"\u010euri\u0161: \u201eKeby sme viedli, mohlo to by\u0165 in\u00e9\u201c - FC Spartak Trnava\",\"isPartOf\":{\"@id\":\"https:\/\/fcspartaktrnava.com\/#website\"},\"primaryImageOfPage\":{\"@id\":\"https:\/\/fcspartaktrnava.com\/duris-keby-sme-viedli-mohlo-to-byt-ine\/#primaryimage\"},\"image\":{\"@id\":\"https:\/\/fcspartaktrnava.com\/duris-keby-sme-viedli-mohlo-to-byt-ine\/#primaryimage\"},\"thumbnailUrl\":\"https:\/\/fcspartaktrnava.com\/wp-content\/uploads\/2023\/10\/26102023_EKL_TT_Nordsjaelland_13.jpg\",\"datePublished\":\"2023-10-27T09:21:46+00:00\",\"dateModified\":\"2023-10-27T09:26:28+00:00\",\"breadcrumb\":{\"@id\":\"https:\/\/fcspartaktrnava.com\/duris-keby-sme-viedli-mohlo-to-byt-ine\/#breadcrumb\"},\"inLanguage\":\"en-GB\",\"potentialAction\":[{\"@type\":\"ReadAction\",\"target\":[\"https:\/\/fcspartaktrnava.com\/duris-keby-sme-viedli-mohlo-to-byt-ine\/\"]}]},{\"@type\":\"ImageObject\",\"inLanguage\":\"en-GB\",\"@id\":\"https:\/\/fcspartaktrnava.com\/duris-keby-sme-viedli-mohlo-to-byt-ine\/#primaryimage\",\"url\":\"https:\/\/fcspartaktrnava.com\/wp-content\/uploads\/2023\/10\/26102023_EKL_TT_Nordsjaelland_13.jpg\",\"contentUrl\":\"https:\/\/fcspartaktrnava.com\/wp-content\/uploads\/2023\/10\/26102023_EKL_TT_Nordsjaelland_13.jpg\",\"width\":2000,\"height\":1333,\"caption\":\"Na sn\u00edmke z\u00beava hr\u00e1\u00e8 Spartaka Sebasti\u00e1n K\u00f3\u009aa, brank\u00e1r Nordsjaellandu Andreas Hansen a hr\u00e1\u00e8 Spartaka Michal \u00cfuri\u009a po\u00e8as z\u00e1pasu 3. kola z\u00e1kladnej skupiny H Eur\u00f3pskej konferen\u00e8nej ligy medzi FC Spartak Trnava a FC Nordsjaelland v Trnave vo \u009atvrtok 26. okt\u00f3bra 2023. FOTO TASR - Luk\u00e1\u009a Grinaj\"},{\"@type\":\"BreadcrumbList\",\"@id\":\"https:\/\/fcspartaktrnava.com\/duris-keby-sme-viedli-mohlo-to-byt-ine\/#breadcrumb\",\"itemListElement\":[{\"@type\":\"ListItem\",\"position\":1,\"name\":\"Home\",\"item\":\"https:\/\/fcspartaktrnava.com\/\"},{\"@type\":\"ListItem\",\"position\":2,\"name\":\"\u010euri\u0161: \u201eKeby sme viedli, mohlo to by\u0165 in\u00e9\u201c\"}]},{\"@type\":\"WebSite\",\"@id\":\"https:\/\/fcspartaktrnava.com\/#website\",\"url\":\"https:\/\/fcspartaktrnava.com\/\",\"name\":\"FC Spartak Trnava\",\"description\":\"ofici\u00e1lna webstr\u00e1nka futbalov\u00e9ho klubu\",\"publisher\":{\"@id\":\"https:\/\/fcspartaktrnava.com\/#organization\"},\"potentialAction\":[{\"@type\":\"SearchAction\",\"target\":{\"@type\":\"EntryPoint\",\"urlTemplate\":\"https:\/\/fcspartaktrnava.com\/?s={search_term_string}\"},\"query-input\":{\"@type\":\"PropertyValueSpecification\",\"valueRequired\":true,\"valueName\":\"search_term_string\"}}],\"inLanguage\":\"en-GB\"},{\"@type\":\"Organization\",\"@id\":\"https:\/\/fcspartaktrnava.com\/#organization\",\"name\":\"FC Spartak Trnava\",\"alternateName\":\"Spartak\",\"url\":\"https:\/\/fcspartaktrnava.com\/\",\"logo\":{\"@type\":\"ImageObject\",\"inLanguage\":\"en-GB\",\"@id\":\"https:\/\/fcspartaktrnava.com\/#\/schema\/logo\/image\/\",\"url\":\"https:\/\/fcspartaktrnava.com\/wp-content\/uploads\/2022\/08\/cropped-site_logo.png\",\"contentUrl\":\"https:\/\/fcspartaktrnava.com\/wp-content\/uploads\/2022\/08\/cropped-site_logo.png\",\"width\":140,\"height\":140,\"caption\":\"FC Spartak Trnava\"},\"image\":{\"@id\":\"https:\/\/fcspartaktrnava.com\/#\/schema\/logo\/image\/\"},\"sameAs\":[\"https:\/\/www.facebook.com\/SpartakTrnava\",\"https:\/\/x.com\/SpartakTrnava1\",\"https:\/\/www.instagram.com\/spartak_sk\/\"]},{\"@type\":\"Person\",\"@id\":\"https:\/\/fcspartaktrnava.com\/#\/schema\/person\/24bc5b254af14f71d7d8af178790aa75\",\"name\":\"spartak\",\"image\":{\"@type\":\"ImageObject\",\"inLanguage\":\"en-GB\",\"@id\":\"https:\/\/fcspartaktrnava.com\/#\/schema\/person\/image\/\",\"url\":\"https:\/\/secure.gravatar.com\/avatar\/f8ff8584f3fcf3909a11a6da9019f37749183b4015bca14e64556c52614cdc7f?s=96&d=mm&r=g\",\"contentUrl\":\"https:\/\/secure.gravatar.com\/avatar\/f8ff8584f3fcf3909a11a6da9019f37749183b4015bca14e64556c52614cdc7f?s=96&d=mm&r=g\",\"caption\":\"spartak\"},\"url\":\"https:\/\/fcspartaktrnava.com\/en\/author\/spartak\/\"}]}<\/script>\n<!-- \/ Yoast SEO plugin. -->","yoast_head_json":{"title":"\u010euri\u0161: \u201eKeby sme viedli, mohlo to by\u0165 in\u00e9\u201c - FC Spartak Trnava","robots":{"index":"index","follow":"follow","max-snippet":"max-snippet:-1","max-image-preview":"max-image-preview:large","max-video-preview":"max-video-preview:-1"},"canonical":"https:\/\/fcspartaktrnava.com\/en\/duris-keby-sme-viedli-mohlo-to-byt-ine\/","twitter_misc":{"Written by":"spartak","Estimated reading time":"2 minutes"},"schema":{"@context":"https:\/\/schema.org","@graph":[{"@type":"Article","@id":"https:\/\/fcspartaktrnava.com\/duris-keby-sme-viedli-mohlo-to-byt-ine\/#article","isPartOf":{"@id":"https:\/\/fcspartaktrnava.com\/duris-keby-sme-viedli-mohlo-to-byt-ine\/"},"author":{"name":"spartak","@id":"https:\/\/fcspartaktrnava.com\/#\/schema\/person\/24bc5b254af14f71d7d8af178790aa75"},"headline":"\u010euri\u0161: \u201eKeby sme viedli, mohlo to by\u0165 in\u00e9\u201c","datePublished":"2023-10-27T09:21:46+00:00","dateModified":"2023-10-27T09:26:28+00:00","mainEntityOfPage":{"@id":"https:\/\/fcspartaktrnava.com\/duris-keby-sme-viedli-mohlo-to-byt-ine\/"},"wordCount":340,"publisher":{"@id":"https:\/\/fcspartaktrnava.com\/#organization"},"image":{"@id":"https:\/\/fcspartaktrnava.com\/duris-keby-sme-viedli-mohlo-to-byt-ine\/#primaryimage"},"thumbnailUrl":"https:\/\/fcspartaktrnava.com\/wp-content\/uploads\/2023\/10\/26102023_EKL_TT_Nordsjaelland_13.jpg","articleSection":["Spr\u00e1vy"],"inLanguage":"en-GB"},{"@type":"WebPage","@id":"https:\/\/fcspartaktrnava.com\/duris-keby-sme-viedli-mohlo-to-byt-ine\/","url":"https:\/\/fcspartaktrnava.com\/duris-keby-sme-viedli-mohlo-to-byt-ine\/","name":"\u010euri\u0161: \u201eKeby sme viedli, mohlo to by\u0165 in\u00e9\u201c - FC Spartak Trnava","isPartOf":{"@id":"https:\/\/fcspartaktrnava.com\/#website"},"primaryImageOfPage":{"@id":"https:\/\/fcspartaktrnava.com\/duris-keby-sme-viedli-mohlo-to-byt-ine\/#primaryimage"},"image":{"@id":"https:\/\/fcspartaktrnava.com\/duris-keby-sme-viedli-mohlo-to-byt-ine\/#primaryimage"},"thumbnailUrl":"https:\/\/fcspartaktrnava.com\/wp-content\/uploads\/2023\/10\/26102023_EKL_TT_Nordsjaelland_13.jpg","datePublished":"2023-10-27T09:21:46+00:00","dateModified":"2023-10-27T09:26:28+00:00","breadcrumb":{"@id":"https:\/\/fcspartaktrnava.com\/duris-keby-sme-viedli-mohlo-to-byt-ine\/#breadcrumb"},"inLanguage":"en-GB","potentialAction":[{"@type":"ReadAction","target":["https:\/\/fcspartaktrnava.com\/duris-keby-sme-viedli-mohlo-to-byt-ine\/"]}]},{"@type":"ImageObject","inLanguage":"en-GB","@id":"https:\/\/fcspartaktrnava.com\/duris-keby-sme-viedli-mohlo-to-byt-ine\/#primaryimage","url":"https:\/\/fcspartaktrnava.com\/wp-content\/uploads\/2023\/10\/26102023_EKL_TT_Nordsjaelland_13.jpg","contentUrl":"https:\/\/fcspartaktrnava.com\/wp-content\/uploads\/2023\/10\/26102023_EKL_TT_Nordsjaelland_13.jpg","width":2000,"height":1333,"caption":"Na sn\u00edmke z\u00beava hr\u00e1\u00e8 Spartaka Sebasti\u00e1n K\u00f3\u009aa, brank\u00e1r Nordsjaellandu Andreas Hansen a hr\u00e1\u00e8 Spartaka Michal \u00cfuri\u009a po\u00e8as z\u00e1pasu 3. kola z\u00e1kladnej skupiny H Eur\u00f3pskej konferen\u00e8nej ligy medzi FC Spartak Trnava a FC Nordsjaelland v Trnave vo \u009atvrtok 26. okt\u00f3bra 2023. FOTO TASR - Luk\u00e1\u009a Grinaj"},{"@type":"BreadcrumbList","@id":"https:\/\/fcspartaktrnava.com\/duris-keby-sme-viedli-mohlo-to-byt-ine\/#breadcrumb","itemListElement":[{"@type":"ListItem","position":1,"name":"Home","item":"https:\/\/fcspartaktrnava.com\/"},{"@type":"ListItem","position":2,"name":"\u010euri\u0161: \u201eKeby sme viedli, mohlo to by\u0165 in\u00e9\u201c"}]},{"@type":"WebSite","@id":"https:\/\/fcspartaktrnava.com\/#website","url":"https:\/\/fcspartaktrnava.com\/","name":"FC Spartak Trnava","description":"ofici\u00e1lna webstr\u00e1nka futbalov\u00e9ho klubu","publisher":{"@id":"https:\/\/fcspartaktrnava.com\/#organization"},"potentialAction":[{"@type":"SearchAction","target":{"@type":"EntryPoint","urlTemplate":"https:\/\/fcspartaktrnava.com\/?s={search_term_string}"},"query-input":{"@type":"PropertyValueSpecification","valueRequired":true,"valueName":"search_term_string"}}],"inLanguage":"en-GB"},{"@type":"Organization","@id":"https:\/\/fcspartaktrnava.com\/#organization","name":"FC Spartak Trnava","alternateName":"Spartak","url":"https:\/\/fcspartaktrnava.com\/","logo":{"@type":"ImageObject","inLanguage":"en-GB","@id":"https:\/\/fcspartaktrnava.com\/#\/schema\/logo\/image\/","url":"https:\/\/fcspartaktrnava.com\/wp-content\/uploads\/2022\/08\/cropped-site_logo.png","contentUrl":"https:\/\/fcspartaktrnava.com\/wp-content\/uploads\/2022\/08\/cropped-site_logo.png","width":140,"height":140,"caption":"FC Spartak Trnava"},"image":{"@id":"https:\/\/fcspartaktrnava.com\/#\/schema\/logo\/image\/"},"sameAs":["https:\/\/www.facebook.com\/SpartakTrnava","https:\/\/x.com\/SpartakTrnava1","https:\/\/www.instagram.com\/spartak_sk\/"]},{"@type":"Person","@id":"https:\/\/fcspartaktrnava.com\/#\/schema\/person\/24bc5b254af14f71d7d8af178790aa75","name":"spartak","image":{"@type":"ImageObject","inLanguage":"en-GB","@id":"https:\/\/fcspartaktrnava.com\/#\/schema\/person\/image\/","url":"https:\/\/secure.gravatar.com\/avatar\/f8ff8584f3fcf3909a11a6da9019f37749183b4015bca14e64556c52614cdc7f?s=96&d=mm&r=g","contentUrl":"https:\/\/secure.gravatar.com\/avatar\/f8ff8584f3fcf3909a11a6da9019f37749183b4015bca14e64556c52614cdc7f?s=96&d=mm&r=g","caption":"spartak"},"url":"https:\/\/fcspartaktrnava.com\/en\/author\/spartak\/"}]}},"_links":{"self":[{"href":"https:\/\/fcspartaktrnava.com\/en\/wp-json\/wp\/v2\/posts\/12094","targetHints":{"allow":["GET"]}}],"collection":[{"href":"https:\/\/fcspartaktrnava.com\/en\/wp-json\/wp\/v2\/posts"}],"about":[{"href":"https:\/\/fcspartaktrnava.com\/en\/wp-json\/wp\/v2\/types\/post"}],"author":[{"embeddable":true,"href":"https:\/\/fcspartaktrnava.com\/en\/wp-json\/wp\/v2\/users\/2"}],"replies":[{"embeddable":true,"href":"https:\/\/fcspartaktrnava.com\/en\/wp-json\/wp\/v2\/comments?post=12094"}],"version-history":[{"count":0,"href":"https:\/\/fcspartaktrnava.com\/en\/wp-json\/wp\/v2\/posts\/12094\/revisions"}],"wp:featuredmedia":[{"embeddable":true,"href":"https:\/\/fcspartaktrnava.com\/en\/wp-json\/wp\/v2\/media\/12090"}],"wp:attachment":[{"href":"https:\/\/fcspartaktrnava.com\/en\/wp-json\/wp\/v2\/media?parent=12094"}],"wp:term":[{"taxonomy":"category","embeddable":true,"href":"https:\/\/fcspartaktrnava.com\/en\/wp-json\/wp\/v2\/categories?post=12094"},{"taxonomy":"post_tag","embeddable":true,"href":"https:\/\/fcspartaktrnava.com\/en\/wp-json\/wp\/v2\/tags?post=12094"}],"curies":[{"name":"wp","href":"https:\/\/api.w.org\/{rel}","templated":true}]}}