{"id":12076,"date":"2023-10-27T00:34:08","date_gmt":"2023-10-26T22:34:08","guid":{"rendered":"https:\/\/fcspartaktrnava.com\/?p=12076"},"modified":"2023-10-27T11:25:54","modified_gmt":"2023-10-27T09:25:54","slug":"najlepsi-vykon-na-body-nestacil","status":"publish","type":"post","link":"https:\/\/fcspartaktrnava.com\/en\/najlepsi-vykon-na-body-nestacil\/","title":{"rendered":"Najlep\u0161\u00ed v\u00fdkon na body nesta\u010dil"},"content":{"rendered":"<p><\/p>\n\n\n\n<div class=\"wp-block-group\"><div class=\"wp-block-group__inner-container is-layout-flow wp-block-group-is-layout-flow\">\n<p class=\"has-text-align-center\" style=\"font-size:16px\">\u0160tadi\u00f3n Antona Malatinsk\u00e9ho, Eur\u00f3pska konferen\u010dn\u00e1 liga, 3. kolo, 26. 10. 2023 o 21:00<\/p>\n\n\n\n<p class=\"has-text-align-center has-large-font-size\">FC SPARTAK TRNAVA<br>FC NORDSJAELLAND<\/p>\n\n\n\n<p class=\"has-text-align-center has-x-large-font-size\" style=\"font-style:normal;font-weight:600\">0:2 <\/p>\n\n\n\n<div class=\"wp-block-group has-black-color has-text-color has-background\" style=\"background-color:#e2e7ec\"><div class=\"wp-block-group__inner-container is-layout-flow wp-block-group-is-layout-flow\">\n<p><strong>FC Spartak:<\/strong><\/p>\n\n\n\n<p>Tak\u00e1\u010d \u2013 Duri\u010d (37. \u0160ulek), \u0160tetina, K\u00f3\u0161a \u2013 Ko\u0161trna, Bainovi\u010d (58. Bern\u00e1t), Zeljkovi\u010d, Mikovi\u010d (46. Breznik) \u2013 Ofori (71. Azango), \u010euri\u0161 (71. Ristovski), Daniel<\/p>\n\n\n\n<p><strong>FC Nordsjaelland:<\/strong><\/p>\n\n\n\n<p>Hansen \u2013 Hey, K. Hansen, Jensen \u2013 Abbew (73. Nagalo), Frese \u2013 Diomande, Tverskov (86. Svensson), Nygren (73. Dorgeles) \u2013 Rasmussen (86. Ascone), Ingvartsen (67. Osman), Schjelderup &nbsp;<\/p>\n\n\n\n<p><strong>Goals: <\/strong>37. Jensen \u2013 Abbew, 48. Rasmussen<\/p>\n\n\n\n<p><strong>Yellow cards:<\/strong>&nbsp; Breznik, Zeljkovi\u010d \u2013 Schjelderup, Ascone&nbsp; &nbsp;&nbsp;<\/p>\n\n\n\n<p><strong>Judges:<\/strong> Lindhout \u2013 van Zullen, Inia (v\u0161etci Holandsko)<\/p>\n\n\n\n<p><strong>Spectators: <\/strong>12539<\/p>\n\n\n\n<p>P<strong>ol\u010das:<\/strong> 0:1<\/p>\n<\/div><\/div>\n<\/div><\/div>\n\n\n\n<p>V&nbsp;osved\u010denom rozostaven\u00ed, ktor\u00e9 tr\u00e9ner Ga\u0161par\u00edk pou\u017eil proti Slovanu nast\u00fapili Trnav\u010dania aj do z\u00e1pasu proti d\u00e1nskemu Nordsjaellandu. V&nbsp;z\u00e1kladnej zostave sa namiesto Proch\u00e1zku objavil Bainovi\u010d, ofenz\u00edvne trio za\u010dalo v&nbsp;zlo\u017een\u00ed Ofori, \u010euri\u0161 a&nbsp;Daniel.<\/p>\n\n\n\n<p>U\u017e v&nbsp;prvej min\u00fate sa po \u013eavej strane prehnal Daniel, zasekol si s\u00fapera a&nbsp;centroval na nabiehaj\u00faceho Oforiho, ktor\u00e9mu na zakon\u010denie hlavou ch\u00fdbali centimetre. Streleck\u00fd apet\u00edt mal v&nbsp;trin\u00e1stej min\u00fate \u0160tetina, z&nbsp;hranice \u0161estn\u00e1stky preveril g\u00f3lmana Hansena, ten musel prudk\u00fa strelu vyrazi\u0165 na rohov\u00fd kop. N\u00e1sledne sa dostal do zakon\u010denia spoza \u0161estn\u00e1stky Daniel, technickej strele v\u0161ak ch\u00fdbala presnos\u0165.<\/p>\n\n\n\n<p>V&nbsp;sedemn\u00e1stej min\u00fate sa zaskvel obrann\u00fdm z\u00e1krokom Duri\u010d, v&nbsp;poslednej chv\u00edli sklzom zablokoval strelu Nygrena, ten u\u017e mal pred sebou iba Tak\u00e1\u010da a na\u0161\u0165astie pre na\u0161ich sa sk\u00f3re nemenilo. Hostia v&nbsp;25. min\u00fate s\u00edce sk\u00f3rovali, ale g\u00f3l pre odp\u00edskan\u00fa ruku d\u00e1nskeho \u00fato\u010dn\u00edka neplatil. Po chybe \u0160tetinu pri rozohr\u00e1vke sa Nordsjaelland dostal do \u0161ance aj v&nbsp;o&nbsp;dve min\u00faty nesk\u00f4r. Prihr\u00e1vka z&nbsp;h\u013abky po\u013ea a g\u00f3l na kopa\u010dke mal Rasmussen, ale Tak\u00e1\u010d v\u00fdborne rukou vyrazil loptu letiacu do br\u00e1nky.<\/p>\n\n\n\n<p>Na druhej strane mohol \u00eds\u0165 do vedenia Spartak, kapit\u00e1n Mikovi\u010d nap\u00e1lil loptu spoza \u0161estn\u00e1stky priamo na pripraven\u00fa nohu \u010euri\u0161a, ktor\u00fd v\u0161ak smolne trafil svojim te\u010dom iba ty\u010d d\u00e1nskej br\u00e1nky.<\/p>\n\n\n\n<p>V&nbsp;37. min\u00fate kopali D\u00e1ni rohov\u00fd kop na ktor\u00fd najvy\u0161\u0161ie vysko\u010dil stop\u00e9r Jensen \u2013 Abbew a&nbsp;otvoril sk\u00f3re duelu \u2013 0:1. U\u017e o&nbsp;p\u00e1r min\u00fat mohol g\u00f3lovo odpoveda\u0165 \u0160ulek, ale svoju strelu po prieniku z&nbsp;pravej strany namieril iba do bo\u010dnej siete.<\/p>\n\n\n\n<p>Zmena str\u00e1n priniesla r\u00fdchly druh\u00fd g\u00f3l v&nbsp;Tak\u00e1\u010dovej br\u00e1nke. D\u00e1ni v\u00fdnimo\u010dne nakop\u00e1vali loptu za obranu Spartaka, nasledovala r\u00fdchla kombin\u00e1cia a&nbsp;po vy\u0161achovan\u00ed obrany u\u017e Rasmussen z&nbsp;vn\u00fatra \u0161estn\u00e1stky namieril presne \u2013 0:2. Uplynula hodina hry a&nbsp;\u010fal\u0161ia r\u00fdchla akcia host\u00ed v&nbsp;\u0161estn\u00e1stke Spartaka skon\u010dila strelou Freseho do brvna. Chu\u0165 neuznan\u00e9ho g\u00f3lu sme si ok\u00fasili aj my, po rohovom kope Bern\u00e1ta sa lopta dostala od Breznika k&nbsp;\u0160ulekovi, ktor\u00fd ju z&nbsp;ofsajdovej poz\u00edcie poslal hlavou do siete.<\/p>\n\n\n\n<p>Dom\u00e1ci t\u00edm neprestal bojova\u0165 ani za nepriazniv\u00e9ho stavu, \u0161ance v\u0161ak neprich\u00e1dzali. Uvo\u013enenos\u0165 a\u00a0entuziazmus s\u00fapera bolo vidno aj v\u00a0osobn\u00fdch s\u00fabojoch,\u00a0mlad\u00edci z\u00a0D\u00e1nska boli v\u0161ade v\u010das. Najv\u00e4\u010d\u0161iu \u0161ancu mal v\u00a085. min\u00fate Daniel, jeho technick\u00fa strelu z\u00a0\u013eavej strany vyrazil na roh brank\u00e1r Hansen. G\u00f3lom sa neskon\u010dila ani hlavi\u010dka Bern\u00e1ta po centri \u0160uleka v\u00a089. min\u00fate a\u00a0Spartak tak prehral s\u00a0Nordsjaellandom 0:2.<\/p>\n\n\n\n<figure class=\"wp-block-embed is-type-video is-provider-youtube wp-block-embed-youtube wp-embed-aspect-16-9 wp-has-aspect-ratio\"><div class=\"wp-block-embed__wrapper\">\n<iframe loading=\"lazy\" title=\"Tla\u010dov\u00e1 konferencia | FC Spartak Trnava vs. FC Nordsjaelland\" width=\"500\" height=\"281\" src=\"https:\/\/www.youtube.com\/embed\/Kl-4pzBp-uQ?feature=oembed\" frameborder=\"0\" allow=\"accelerometer; autoplay; clipboard-write; encrypted-media; gyroscope; picture-in-picture; web-share\" referrerpolicy=\"strict-origin-when-cross-origin\" allowfullscreen><\/iframe>\n<\/div><\/figure>\n\n\n\n<p class=\"has-vivid-red-color has-text-color has-medium-font-size\"><strong>POVEDALI PO Z\u00c1PASE:<\/strong><\/p>\n\n\n\n<p>Michal Ga\u0161par\u00edk (Spartak): <strong><em>\u201eMysl\u00edm, \u017ee tento tret\u00ed z\u00e1pas v&nbsp;skupine bol n\u00e1\u0161 najlep\u0161\u00ed. Mali sme dobr\u00fd \u0161tart do duelu, cel\u00fd prv\u00fd pol\u010das v&nbsp;dobrej intenzite. Dost\u00e1vali sme sa do brejkov\u00fdch situ\u00e1ci\u00ed, k\u013e\u00fa\u010dov\u00e9 bolo, \u017ee sme ne\u0161li do vedenia, trafili sme iba ty\u010d. Zranil sa n\u00e1m Duri\u010d, boli sme o&nbsp;jedn\u00e9ho menej a&nbsp;nestihli sme prestrieda\u0165, ubr\u00e1ni\u0165 \u0161tandardku a&nbsp;dostali sme g\u00f3l. Druh\u00fd pol\u010das sme chceli poda\u0165 rovnako sympatick\u00fd v\u00fdkon, hovoril som, \u017ee treba zv\u00fd\u0161i\u0165 kvalitu v&nbsp;ofenz\u00edve na strelenie g\u00f3lu. To sa nepodarilo, dostali sme s\u00fapera pod tlak, nane\u0161\u0165astie bol m\u00e1van\u00fd ofsajd po rohovom kope. Ostatn\u00e9 \u0161ance ostali nevyu\u017eit\u00e9. Pomohli n\u00e1m striedania, v\u0161etci dobre nasko\u010dili, \u010di \u0160ulek, Azango aj Breznik. Dobre nasko\u010dil aj Bern\u00e1t. \u0160koda, \u017ee sme nedotla\u010dili na\u0161e \u0161estn\u00e1stkov\u00e9 \u0161ance, eliminovali sme na\u0161\u00edm postaven\u00edm ich hru, mysl\u00edm, \u017ee hr\u00e1\u010di dali takmer svoje maximum. Pri\u0161li sme o&nbsp;dvoch zranen\u00fdch hr\u00e1\u010dov \u2013 Mikovi\u010da a&nbsp;Duri\u010da, to je ve\u013ek\u00e9 m\u00ednus, mysl\u00edm v\u0161ak, \u017ee sme hrali dobre, ale nesta\u010dilo to.\u201c<\/em><\/strong><\/p>\n\n\n\n<p>Johanes Hoff Thorup (Nordsjaelland): \u201e<em><strong>Strelili sme dva g\u00f3ly a&nbsp;s\u00faper \u017eiadny. D\u00f4le\u017eit\u00e9 pre n\u00e1s bolo, \u017ee sme kontrolovali z\u00e1pas, dr\u017eali svoje poz\u00edcie a&nbsp;vytvorili si na vonkaj\u0161\u00ed z\u00e1pas dostatok \u0161anc\u00ed, uk\u00e1zali dobr\u00fd v\u00fdkon. Som spokojn\u00fd s&nbsp;v\u00fdkonom a v\u00fdsledkom.\u201c<\/strong><\/em><\/p>\n\n\n\n<div class=\"wp-block-buttons is-layout-flex wp-block-buttons-is-layout-flex\">\n<div class=\"wp-block-button aligncenter is-style-fill\"><a class=\"wp-block-button__link has-white-color has-text-color has-background wp-element-button\" href=\"https:\/\/fcspartaktrnava.com\/en\/galerii\/3-kolo-ekl-fc-spartak-trnava-vs-fc-nordsjaelland\/\" style=\"border-radius:0px;background-color:#d40133\" target=\"_blank\" rel=\"noreferrer noopener\">PHOTO GALLERY<\/a><\/div>\n<\/div>","protected":false},"excerpt":{"rendered":"<p>\u0160tadi\u00f3n Antona Malatinsk\u00e9ho, Eur\u00f3pska konferen\u010dn\u00e1 liga, 3. kolo,&#8230;<\/p>","protected":false},"author":2,"featured_media":12077,"comment_status":"closed","ping_status":"closed","sticky":false,"template":"","format":"standard","meta":{"footnotes":""},"categories":[12],"tags":[],"class_list":["post-12076","post","type-post","status-publish","format-standard","has-post-thumbnail","hentry","category-spravy","post-number-1"],"yoast_head":"<!-- This site is optimized with the Yoast SEO plugin v27.1.1 - https:\/\/yoast.com\/product\/yoast-seo-wordpress\/ -->\n<title>Najlep\u0161\u00ed v\u00fdkon na body nesta\u010dil - FC Spartak Trnava<\/title>\n<meta name=\"robots\" content=\"index, follow, max-snippet:-1, max-image-preview:large, max-video-preview:-1\" \/>\n<link rel=\"canonical\" href=\"https:\/\/fcspartaktrnava.com\/en\/najlepsi-vykon-na-body-nestacil\/\" \/>\n<meta name=\"twitter:label1\" content=\"Written by\" \/>\n\t<meta name=\"twitter:data1\" content=\"spartak\" \/>\n\t<meta name=\"twitter:label2\" content=\"Estimated reading time\" \/>\n\t<meta name=\"twitter:data2\" content=\"4 minutes\" \/>\n<script type=\"application\/ld+json\" class=\"yoast-schema-graph\">{\"@context\":\"https:\/\/schema.org\",\"@graph\":[{\"@type\":\"Article\",\"@id\":\"https:\/\/fcspartaktrnava.com\/najlepsi-vykon-na-body-nestacil\/#article\",\"isPartOf\":{\"@id\":\"https:\/\/fcspartaktrnava.com\/najlepsi-vykon-na-body-nestacil\/\"},\"author\":{\"name\":\"spartak\",\"@id\":\"https:\/\/fcspartaktrnava.com\/#\/schema\/person\/24bc5b254af14f71d7d8af178790aa75\"},\"headline\":\"Najlep\u0161\u00ed v\u00fdkon na body nesta\u010dil\",\"datePublished\":\"2023-10-26T22:34:08+00:00\",\"dateModified\":\"2023-10-27T09:25:54+00:00\",\"mainEntityOfPage\":{\"@id\":\"https:\/\/fcspartaktrnava.com\/najlepsi-vykon-na-body-nestacil\/\"},\"wordCount\":884,\"publisher\":{\"@id\":\"https:\/\/fcspartaktrnava.com\/#organization\"},\"image\":{\"@id\":\"https:\/\/fcspartaktrnava.com\/najlepsi-vykon-na-body-nestacil\/#primaryimage\"},\"thumbnailUrl\":\"https:\/\/fcspartaktrnava.com\/wp-content\/uploads\/2023\/10\/nords1.jpg\",\"articleSection\":[\"Spr\u00e1vy\"],\"inLanguage\":\"en-GB\"},{\"@type\":\"WebPage\",\"@id\":\"https:\/\/fcspartaktrnava.com\/najlepsi-vykon-na-body-nestacil\/\",\"url\":\"https:\/\/fcspartaktrnava.com\/najlepsi-vykon-na-body-nestacil\/\",\"name\":\"Najlep\u0161\u00ed v\u00fdkon na body nesta\u010dil - FC Spartak Trnava\",\"isPartOf\":{\"@id\":\"https:\/\/fcspartaktrnava.com\/#website\"},\"primaryImageOfPage\":{\"@id\":\"https:\/\/fcspartaktrnava.com\/najlepsi-vykon-na-body-nestacil\/#primaryimage\"},\"image\":{\"@id\":\"https:\/\/fcspartaktrnava.com\/najlepsi-vykon-na-body-nestacil\/#primaryimage\"},\"thumbnailUrl\":\"https:\/\/fcspartaktrnava.com\/wp-content\/uploads\/2023\/10\/nords1.jpg\",\"datePublished\":\"2023-10-26T22:34:08+00:00\",\"dateModified\":\"2023-10-27T09:25:54+00:00\",\"breadcrumb\":{\"@id\":\"https:\/\/fcspartaktrnava.com\/najlepsi-vykon-na-body-nestacil\/#breadcrumb\"},\"inLanguage\":\"en-GB\",\"potentialAction\":[{\"@type\":\"ReadAction\",\"target\":[\"https:\/\/fcspartaktrnava.com\/najlepsi-vykon-na-body-nestacil\/\"]}]},{\"@type\":\"ImageObject\",\"inLanguage\":\"en-GB\",\"@id\":\"https:\/\/fcspartaktrnava.com\/najlepsi-vykon-na-body-nestacil\/#primaryimage\",\"url\":\"https:\/\/fcspartaktrnava.com\/wp-content\/uploads\/2023\/10\/nords1.jpg\",\"contentUrl\":\"https:\/\/fcspartaktrnava.com\/wp-content\/uploads\/2023\/10\/nords1.jpg\",\"width\":1600,\"height\":1066},{\"@type\":\"BreadcrumbList\",\"@id\":\"https:\/\/fcspartaktrnava.com\/najlepsi-vykon-na-body-nestacil\/#breadcrumb\",\"itemListElement\":[{\"@type\":\"ListItem\",\"position\":1,\"name\":\"Home\",\"item\":\"https:\/\/fcspartaktrnava.com\/\"},{\"@type\":\"ListItem\",\"position\":2,\"name\":\"Najlep\u0161\u00ed v\u00fdkon na body nesta\u010dil\"}]},{\"@type\":\"WebSite\",\"@id\":\"https:\/\/fcspartaktrnava.com\/#website\",\"url\":\"https:\/\/fcspartaktrnava.com\/\",\"name\":\"FC Spartak Trnava\",\"description\":\"ofici\u00e1lna webstr\u00e1nka futbalov\u00e9ho klubu\",\"publisher\":{\"@id\":\"https:\/\/fcspartaktrnava.com\/#organization\"},\"potentialAction\":[{\"@type\":\"SearchAction\",\"target\":{\"@type\":\"EntryPoint\",\"urlTemplate\":\"https:\/\/fcspartaktrnava.com\/?s={search_term_string}\"},\"query-input\":{\"@type\":\"PropertyValueSpecification\",\"valueRequired\":true,\"valueName\":\"search_term_string\"}}],\"inLanguage\":\"en-GB\"},{\"@type\":\"Organization\",\"@id\":\"https:\/\/fcspartaktrnava.com\/#organization\",\"name\":\"FC Spartak Trnava\",\"alternateName\":\"Spartak\",\"url\":\"https:\/\/fcspartaktrnava.com\/\",\"logo\":{\"@type\":\"ImageObject\",\"inLanguage\":\"en-GB\",\"@id\":\"https:\/\/fcspartaktrnava.com\/#\/schema\/logo\/image\/\",\"url\":\"https:\/\/fcspartaktrnava.com\/wp-content\/uploads\/2022\/08\/cropped-site_logo.png\",\"contentUrl\":\"https:\/\/fcspartaktrnava.com\/wp-content\/uploads\/2022\/08\/cropped-site_logo.png\",\"width\":140,\"height\":140,\"caption\":\"FC Spartak Trnava\"},\"image\":{\"@id\":\"https:\/\/fcspartaktrnava.com\/#\/schema\/logo\/image\/\"},\"sameAs\":[\"https:\/\/www.facebook.com\/SpartakTrnava\",\"https:\/\/x.com\/SpartakTrnava1\",\"https:\/\/www.instagram.com\/spartak_sk\/\"]},{\"@type\":\"Person\",\"@id\":\"https:\/\/fcspartaktrnava.com\/#\/schema\/person\/24bc5b254af14f71d7d8af178790aa75\",\"name\":\"spartak\",\"image\":{\"@type\":\"ImageObject\",\"inLanguage\":\"en-GB\",\"@id\":\"https:\/\/fcspartaktrnava.com\/#\/schema\/person\/image\/\",\"url\":\"https:\/\/secure.gravatar.com\/avatar\/f8ff8584f3fcf3909a11a6da9019f37749183b4015bca14e64556c52614cdc7f?s=96&d=mm&r=g\",\"contentUrl\":\"https:\/\/secure.gravatar.com\/avatar\/f8ff8584f3fcf3909a11a6da9019f37749183b4015bca14e64556c52614cdc7f?s=96&d=mm&r=g\",\"caption\":\"spartak\"},\"url\":\"https:\/\/fcspartaktrnava.com\/en\/author\/spartak\/\"}]}<\/script>\n<!-- \/ Yoast SEO plugin. -->","yoast_head_json":{"title":"Najlep\u0161\u00ed v\u00fdkon na body nesta\u010dil - FC Spartak Trnava","robots":{"index":"index","follow":"follow","max-snippet":"max-snippet:-1","max-image-preview":"max-image-preview:large","max-video-preview":"max-video-preview:-1"},"canonical":"https:\/\/fcspartaktrnava.com\/en\/najlepsi-vykon-na-body-nestacil\/","twitter_misc":{"Written by":"spartak","Estimated reading time":"4 minutes"},"schema":{"@context":"https:\/\/schema.org","@graph":[{"@type":"Article","@id":"https:\/\/fcspartaktrnava.com\/najlepsi-vykon-na-body-nestacil\/#article","isPartOf":{"@id":"https:\/\/fcspartaktrnava.com\/najlepsi-vykon-na-body-nestacil\/"},"author":{"name":"spartak","@id":"https:\/\/fcspartaktrnava.com\/#\/schema\/person\/24bc5b254af14f71d7d8af178790aa75"},"headline":"Najlep\u0161\u00ed v\u00fdkon na body nesta\u010dil","datePublished":"2023-10-26T22:34:08+00:00","dateModified":"2023-10-27T09:25:54+00:00","mainEntityOfPage":{"@id":"https:\/\/fcspartaktrnava.com\/najlepsi-vykon-na-body-nestacil\/"},"wordCount":884,"publisher":{"@id":"https:\/\/fcspartaktrnava.com\/#organization"},"image":{"@id":"https:\/\/fcspartaktrnava.com\/najlepsi-vykon-na-body-nestacil\/#primaryimage"},"thumbnailUrl":"https:\/\/fcspartaktrnava.com\/wp-content\/uploads\/2023\/10\/nords1.jpg","articleSection":["Spr\u00e1vy"],"inLanguage":"en-GB"},{"@type":"WebPage","@id":"https:\/\/fcspartaktrnava.com\/najlepsi-vykon-na-body-nestacil\/","url":"https:\/\/fcspartaktrnava.com\/najlepsi-vykon-na-body-nestacil\/","name":"Najlep\u0161\u00ed v\u00fdkon na body nesta\u010dil - FC Spartak Trnava","isPartOf":{"@id":"https:\/\/fcspartaktrnava.com\/#website"},"primaryImageOfPage":{"@id":"https:\/\/fcspartaktrnava.com\/najlepsi-vykon-na-body-nestacil\/#primaryimage"},"image":{"@id":"https:\/\/fcspartaktrnava.com\/najlepsi-vykon-na-body-nestacil\/#primaryimage"},"thumbnailUrl":"https:\/\/fcspartaktrnava.com\/wp-content\/uploads\/2023\/10\/nords1.jpg","datePublished":"2023-10-26T22:34:08+00:00","dateModified":"2023-10-27T09:25:54+00:00","breadcrumb":{"@id":"https:\/\/fcspartaktrnava.com\/najlepsi-vykon-na-body-nestacil\/#breadcrumb"},"inLanguage":"en-GB","potentialAction":[{"@type":"ReadAction","target":["https:\/\/fcspartaktrnava.com\/najlepsi-vykon-na-body-nestacil\/"]}]},{"@type":"ImageObject","inLanguage":"en-GB","@id":"https:\/\/fcspartaktrnava.com\/najlepsi-vykon-na-body-nestacil\/#primaryimage","url":"https:\/\/fcspartaktrnava.com\/wp-content\/uploads\/2023\/10\/nords1.jpg","contentUrl":"https:\/\/fcspartaktrnava.com\/wp-content\/uploads\/2023\/10\/nords1.jpg","width":1600,"height":1066},{"@type":"BreadcrumbList","@id":"https:\/\/fcspartaktrnava.com\/najlepsi-vykon-na-body-nestacil\/#breadcrumb","itemListElement":[{"@type":"ListItem","position":1,"name":"Home","item":"https:\/\/fcspartaktrnava.com\/"},{"@type":"ListItem","position":2,"name":"Najlep\u0161\u00ed v\u00fdkon na body nesta\u010dil"}]},{"@type":"WebSite","@id":"https:\/\/fcspartaktrnava.com\/#website","url":"https:\/\/fcspartaktrnava.com\/","name":"FC Spartak Trnava","description":"ofici\u00e1lna webstr\u00e1nka futbalov\u00e9ho klubu","publisher":{"@id":"https:\/\/fcspartaktrnava.com\/#organization"},"potentialAction":[{"@type":"SearchAction","target":{"@type":"EntryPoint","urlTemplate":"https:\/\/fcspartaktrnava.com\/?s={search_term_string}"},"query-input":{"@type":"PropertyValueSpecification","valueRequired":true,"valueName":"search_term_string"}}],"inLanguage":"en-GB"},{"@type":"Organization","@id":"https:\/\/fcspartaktrnava.com\/#organization","name":"FC Spartak Trnava","alternateName":"Spartak","url":"https:\/\/fcspartaktrnava.com\/","logo":{"@type":"ImageObject","inLanguage":"en-GB","@id":"https:\/\/fcspartaktrnava.com\/#\/schema\/logo\/image\/","url":"https:\/\/fcspartaktrnava.com\/wp-content\/uploads\/2022\/08\/cropped-site_logo.png","contentUrl":"https:\/\/fcspartaktrnava.com\/wp-content\/uploads\/2022\/08\/cropped-site_logo.png","width":140,"height":140,"caption":"FC Spartak Trnava"},"image":{"@id":"https:\/\/fcspartaktrnava.com\/#\/schema\/logo\/image\/"},"sameAs":["https:\/\/www.facebook.com\/SpartakTrnava","https:\/\/x.com\/SpartakTrnava1","https:\/\/www.instagram.com\/spartak_sk\/"]},{"@type":"Person","@id":"https:\/\/fcspartaktrnava.com\/#\/schema\/person\/24bc5b254af14f71d7d8af178790aa75","name":"spartak","image":{"@type":"ImageObject","inLanguage":"en-GB","@id":"https:\/\/fcspartaktrnava.com\/#\/schema\/person\/image\/","url":"https:\/\/secure.gravatar.com\/avatar\/f8ff8584f3fcf3909a11a6da9019f37749183b4015bca14e64556c52614cdc7f?s=96&d=mm&r=g","contentUrl":"https:\/\/secure.gravatar.com\/avatar\/f8ff8584f3fcf3909a11a6da9019f37749183b4015bca14e64556c52614cdc7f?s=96&d=mm&r=g","caption":"spartak"},"url":"https:\/\/fcspartaktrnava.com\/en\/author\/spartak\/"}]}},"_links":{"self":[{"href":"https:\/\/fcspartaktrnava.com\/en\/wp-json\/wp\/v2\/posts\/12076","targetHints":{"allow":["GET"]}}],"collection":[{"href":"https:\/\/fcspartaktrnava.com\/en\/wp-json\/wp\/v2\/posts"}],"about":[{"href":"https:\/\/fcspartaktrnava.com\/en\/wp-json\/wp\/v2\/types\/post"}],"author":[{"embeddable":true,"href":"https:\/\/fcspartaktrnava.com\/en\/wp-json\/wp\/v2\/users\/2"}],"replies":[{"embeddable":true,"href":"https:\/\/fcspartaktrnava.com\/en\/wp-json\/wp\/v2\/comments?post=12076"}],"version-history":[{"count":0,"href":"https:\/\/fcspartaktrnava.com\/en\/wp-json\/wp\/v2\/posts\/12076\/revisions"}],"wp:featuredmedia":[{"embeddable":true,"href":"https:\/\/fcspartaktrnava.com\/en\/wp-json\/wp\/v2\/media\/12077"}],"wp:attachment":[{"href":"https:\/\/fcspartaktrnava.com\/en\/wp-json\/wp\/v2\/media?parent=12076"}],"wp:term":[{"taxonomy":"category","embeddable":true,"href":"https:\/\/fcspartaktrnava.com\/en\/wp-json\/wp\/v2\/categories?post=12076"},{"taxonomy":"post_tag","embeddable":true,"href":"https:\/\/fcspartaktrnava.com\/en\/wp-json\/wp\/v2\/tags?post=12076"}],"curies":[{"name":"wp","href":"https:\/\/api.w.org\/{rel}","templated":true}]}}