{"id":1207,"date":"2022-09-05T13:51:00","date_gmt":"2022-09-05T13:51:00","guid":{"rendered":"https:\/\/fcspartaktrnava.com\/?p=1207"},"modified":"2022-09-09T13:54:43","modified_gmt":"2022-09-09T13:54:43","slug":"z-brankara-sme-urobili-hviezdu-a-mozno-sme-ho-aj-predali","status":"publish","type":"post","link":"https:\/\/fcspartaktrnava.com\/en\/z-brankara-sme-urobili-hviezdu-a-mozno-sme-ho-aj-predali\/","title":{"rendered":"\"We made a star out of the goalkeeper and maybe even sold him\""},"content":{"rendered":"<p>Yesterday, Spartak Trnava under Michal Ga\u0161par\u00edk scored the first goals against Ru\u017eomberok, but for the first victory there would have to be at least two more goals. There could and should have been more of them. Although Ru\u017eomberok opened the scoring before the end of the first minute, from that moment the game was played according to Trnava notes. It is surprising that during more than seventy percent possession of the ball in the first half, the Spartans managed to concede three times. Yesterday clearly demonstrated that football is played for goals and you can dominate in all other indicators for free, points are for converted chances. Ru\u017eomberok converted theirs, Spartak dropped them for three games.<\/p>\n\n\n\n<p><strong><em>\"We finally need goals from the attackers. Although Ristovski assisted on both goals, they had many chances with Boateng. It's hard for me to do anything about it. We play well, we get to the ends, but in that end you don't simulate such situations in training. I still believe that it's only a matter of time before it starts falling for them. They have that quality, you can see that, but we need those goals and I believe they will start converting them.\"&nbsp;<\/em><\/strong><em>spoke after the match Michal Ga\u0161par\u00edk, who has to answer similar questions about shooting impotence, with the exception of the match in Michalovce, the whole season.<\/em><\/p>\n\n\n\r\n<div class=\"gg-post-video-yt-block gg-video-yt post-1207 post type-post status-publish format-standard has-post-thumbnail hentry category-spravy post-number-1\">\r\n\t<div class=\"gg-video-inner\">\r\n\t\t\t\r\n\t\t<div class=\"gg-video-img\" style=\"background-image: url(https:\/\/i3.ytimg.com\/vi\/lFOG2Tb8oto\/maxresdefault.jpg); padding-top:56.5%;\"><\/div>\r\n\t\t\t\t\t\t\r\n\t\t<div class=\"video-play-icon\"\r\n\t\t\tdata-video-id=\"lFOG2Tb8oto\"\r\n\t\t\tdata-video-url=\"https:\/\/www.youtube.com\/watch?v=lFOG2Tb8oto\"\r\n\t\t\tdata-video-date=\"Sep 5, 2022\"\r\n\t\t\tdata-video-title=\"Martin Mikovi\u010d: To, \u017ee sme v Ru\u017eomberku prehrali, je na zaplakanie\"\r\n\t\t\tdata-video-description=\"Spartak Trnava v\u010dera pod veden\u00edm Michala Ga\u0161par\u00edka strelil...\">\r\n\t\t\t<svg xmlns=\"http:\/\/www.w3.org\/2000\/svg\" width=\"466.667\" height=\"600\" viewbox=\"166.667 0 466.667 600\" xml:space=\"preserve\"><path d=\"m166.667 0 466.667 300-466.667 300V0z\"\/><\/svg>\t\t<\/div>\r\n\t\t\r\n\t\t<div class=\"content-box\">\r\n\t\t\t<h3 class=\"video__title\">Martin Mikovi\u010d: The fact that we lost in Ru\u017eomberok makes me cry<\/h3>\r\n\t\t<\/div>\r\n\t\t\t\t\t\t\t\t\t\t\t\t\t\t\t\t\t\t\t\t\t\r\n\t<\/div>\r\n<\/div>\n\n\n<p><strong><em>\"I don't remember a match where Trnava dominated like this and they gave us three goals. What we throw away are no longer 100% chances, but millions. We beat the goalkeeper at five and today we made him the star of this round, I don't know if we didn't sell him.\"\u00a0<\/em><\/strong><em>captain Martin Mikovi\u010d, who played an excellent match, was angry. He went to play on the left wing, was able to assert himself individually and crowned his performance with a goal. He did not understand that they left Liptov without a point.<strong><em>\u00a0\"Even though it was 3:1, anyone who watched football saw that Ru\u017eomberok did not have a clear chance and practically did not come to our goal. We still can't believe that we lost this game. Such a match and we don't even have a point, that's enough to cry.\"<\/em><\/strong><\/em><\/p>\n\n\n\n<p><em>Goalkeeper Kraj\u010d\u00edrik brought the Spartans to despair, especially at the very end, who started after a long break, when he missed six games. He's back in style.\u00a0<strong><em>\"After the match, I congratulated him on his performance, he may not catch it again. Even in my first situation, when the ball went into the corner from seven meters, I don't even know how he put that hand there, hat down. He caught Kelvin's header so much that I already went to the center circle to pass the ball.\"<\/em><\/strong><\/em><\/p>\n\n\n\n<p><em>Next, Spartak will present itself in Tren\u010d\u00edn. If he can repeat his offensive performance, he can also think about the artificial grass for a full point gain. The bag of goals has to be torn open.<\/em><\/p>\n\n\n\n<div class=\"wp-block-buttons is-layout-flex wp-block-buttons-is-layout-flex\">\n<div class=\"wp-block-button aligncenter is-style-fill\"><a class=\"wp-block-button__link has-white-color has-text-color has-background\" href=\"https:\/\/fcspartaktrnava.com\/en\/galerii\/9-kolo-mfk-ruzomberok-fc-spartak-trnava\/\" style=\"border-radius:0px;background-color:#d40133\">PHOTO GALLERY<\/a><\/div>\n<\/div>","protected":false},"excerpt":{"rendered":"<p>Spartak Trnava v\u010dera pod veden\u00edm Michala Ga\u0161par\u00edka strelil&#8230;<\/p>","protected":false},"author":5,"featured_media":1208,"comment_status":"closed","ping_status":"closed","sticky":false,"template":"","format":"standard","meta":{"footnotes":""},"categories":[12],"tags":[],"class_list":["post-1207","post","type-post","status-publish","format-standard","has-post-thumbnail","hentry","category-spravy","post-number-2"],"yoast_head":"<!-- This site is optimized with the Yoast SEO plugin v27.1.1 - https:\/\/yoast.com\/product\/yoast-seo-wordpress\/ -->\n<title>\u201eZ brank\u00e1ra sme urobili hviezdu a mo\u017eno sme ho aj predali\u201c - FC Spartak Trnava<\/title>\n<meta name=\"robots\" content=\"index, follow, max-snippet:-1, max-image-preview:large, max-video-preview:-1\" \/>\n<link rel=\"canonical\" href=\"https:\/\/fcspartaktrnava.com\/en\/z-brankara-sme-urobili-hviezdu-a-mozno-sme-ho-aj-predali\/\" \/>\n<meta name=\"twitter:label1\" content=\"Written by\" \/>\n\t<meta name=\"twitter:data1\" content=\"Samuel \u010eurinsk\u00fd\" \/>\n\t<meta name=\"twitter:label2\" content=\"Estimated reading time\" \/>\n\t<meta name=\"twitter:data2\" content=\"3 minutes\" \/>\n<script type=\"application\/ld+json\" class=\"yoast-schema-graph\">{\"@context\":\"https:\/\/schema.org\",\"@graph\":[{\"@type\":\"Article\",\"@id\":\"https:\/\/fcspartaktrnava.com\/z-brankara-sme-urobili-hviezdu-a-mozno-sme-ho-aj-predali\/#article\",\"isPartOf\":{\"@id\":\"https:\/\/fcspartaktrnava.com\/z-brankara-sme-urobili-hviezdu-a-mozno-sme-ho-aj-predali\/\"},\"author\":{\"name\":\"Samuel \u010eurinsk\u00fd\",\"@id\":\"https:\/\/fcspartaktrnava.com\/#\/schema\/person\/62c3c2562c3c56e4c0c8c2342c596ac0\"},\"headline\":\"\u201eZ brank\u00e1ra sme urobili hviezdu a mo\u017eno sme ho aj predali\u201c\",\"datePublished\":\"2022-09-05T13:51:00+00:00\",\"dateModified\":\"2022-09-09T13:54:43+00:00\",\"mainEntityOfPage\":{\"@id\":\"https:\/\/fcspartaktrnava.com\/z-brankara-sme-urobili-hviezdu-a-mozno-sme-ho-aj-predali\/\"},\"wordCount\":550,\"publisher\":{\"@id\":\"https:\/\/fcspartaktrnava.com\/#organization\"},\"image\":{\"@id\":\"https:\/\/fcspartaktrnava.com\/z-brankara-sme-urobili-hviezdu-a-mozno-sme-ho-aj-predali\/#primaryimage\"},\"thumbnailUrl\":\"https:\/\/fcspartaktrnava.com\/wp-content\/uploads\/2022\/09\/Z-brankara-sme-urobili-hviezdu.jpg\",\"articleSection\":[\"Spr\u00e1vy\"],\"inLanguage\":\"en-GB\"},{\"@type\":\"WebPage\",\"@id\":\"https:\/\/fcspartaktrnava.com\/z-brankara-sme-urobili-hviezdu-a-mozno-sme-ho-aj-predali\/\",\"url\":\"https:\/\/fcspartaktrnava.com\/z-brankara-sme-urobili-hviezdu-a-mozno-sme-ho-aj-predali\/\",\"name\":\"\u201eZ brank\u00e1ra sme urobili hviezdu a mo\u017eno sme ho aj predali\u201c - FC Spartak Trnava\",\"isPartOf\":{\"@id\":\"https:\/\/fcspartaktrnava.com\/#website\"},\"primaryImageOfPage\":{\"@id\":\"https:\/\/fcspartaktrnava.com\/z-brankara-sme-urobili-hviezdu-a-mozno-sme-ho-aj-predali\/#primaryimage\"},\"image\":{\"@id\":\"https:\/\/fcspartaktrnava.com\/z-brankara-sme-urobili-hviezdu-a-mozno-sme-ho-aj-predali\/#primaryimage\"},\"thumbnailUrl\":\"https:\/\/fcspartaktrnava.com\/wp-content\/uploads\/2022\/09\/Z-brankara-sme-urobili-hviezdu.jpg\",\"datePublished\":\"2022-09-05T13:51:00+00:00\",\"dateModified\":\"2022-09-09T13:54:43+00:00\",\"breadcrumb\":{\"@id\":\"https:\/\/fcspartaktrnava.com\/z-brankara-sme-urobili-hviezdu-a-mozno-sme-ho-aj-predali\/#breadcrumb\"},\"inLanguage\":\"en-GB\",\"potentialAction\":[{\"@type\":\"ReadAction\",\"target\":[\"https:\/\/fcspartaktrnava.com\/z-brankara-sme-urobili-hviezdu-a-mozno-sme-ho-aj-predali\/\"]}]},{\"@type\":\"ImageObject\",\"inLanguage\":\"en-GB\",\"@id\":\"https:\/\/fcspartaktrnava.com\/z-brankara-sme-urobili-hviezdu-a-mozno-sme-ho-aj-predali\/#primaryimage\",\"url\":\"https:\/\/fcspartaktrnava.com\/wp-content\/uploads\/2022\/09\/Z-brankara-sme-urobili-hviezdu.jpg\",\"contentUrl\":\"https:\/\/fcspartaktrnava.com\/wp-content\/uploads\/2022\/09\/Z-brankara-sme-urobili-hviezdu.jpg\",\"width\":1300,\"height\":555},{\"@type\":\"BreadcrumbList\",\"@id\":\"https:\/\/fcspartaktrnava.com\/z-brankara-sme-urobili-hviezdu-a-mozno-sme-ho-aj-predali\/#breadcrumb\",\"itemListElement\":[{\"@type\":\"ListItem\",\"position\":1,\"name\":\"Home\",\"item\":\"https:\/\/fcspartaktrnava.com\/\"},{\"@type\":\"ListItem\",\"position\":2,\"name\":\"\u201eZ brank\u00e1ra sme urobili hviezdu a mo\u017eno sme ho aj predali\u201c\"}]},{\"@type\":\"WebSite\",\"@id\":\"https:\/\/fcspartaktrnava.com\/#website\",\"url\":\"https:\/\/fcspartaktrnava.com\/\",\"name\":\"FC Spartak Trnava\",\"description\":\"ofici\u00e1lna webstr\u00e1nka futbalov\u00e9ho klubu\",\"publisher\":{\"@id\":\"https:\/\/fcspartaktrnava.com\/#organization\"},\"potentialAction\":[{\"@type\":\"SearchAction\",\"target\":{\"@type\":\"EntryPoint\",\"urlTemplate\":\"https:\/\/fcspartaktrnava.com\/?s={search_term_string}\"},\"query-input\":{\"@type\":\"PropertyValueSpecification\",\"valueRequired\":true,\"valueName\":\"search_term_string\"}}],\"inLanguage\":\"en-GB\"},{\"@type\":\"Organization\",\"@id\":\"https:\/\/fcspartaktrnava.com\/#organization\",\"name\":\"FC Spartak Trnava\",\"alternateName\":\"Spartak\",\"url\":\"https:\/\/fcspartaktrnava.com\/\",\"logo\":{\"@type\":\"ImageObject\",\"inLanguage\":\"en-GB\",\"@id\":\"https:\/\/fcspartaktrnava.com\/#\/schema\/logo\/image\/\",\"url\":\"https:\/\/fcspartaktrnava.com\/wp-content\/uploads\/2022\/08\/cropped-site_logo.png\",\"contentUrl\":\"https:\/\/fcspartaktrnava.com\/wp-content\/uploads\/2022\/08\/cropped-site_logo.png\",\"width\":140,\"height\":140,\"caption\":\"FC Spartak Trnava\"},\"image\":{\"@id\":\"https:\/\/fcspartaktrnava.com\/#\/schema\/logo\/image\/\"},\"sameAs\":[\"https:\/\/www.facebook.com\/SpartakTrnava\",\"https:\/\/x.com\/SpartakTrnava1\",\"https:\/\/www.instagram.com\/spartak_sk\/\"]},{\"@type\":\"Person\",\"@id\":\"https:\/\/fcspartaktrnava.com\/#\/schema\/person\/62c3c2562c3c56e4c0c8c2342c596ac0\",\"name\":\"Samuel \u010eurinsk\u00fd\",\"image\":{\"@type\":\"ImageObject\",\"inLanguage\":\"en-GB\",\"@id\":\"https:\/\/fcspartaktrnava.com\/#\/schema\/person\/image\/\",\"url\":\"https:\/\/secure.gravatar.com\/avatar\/af2fa02af92418b86ed742470664fe40056833fb68d84becf03f6ab02319257c?s=96&d=mm&r=g\",\"contentUrl\":\"https:\/\/secure.gravatar.com\/avatar\/af2fa02af92418b86ed742470664fe40056833fb68d84becf03f6ab02319257c?s=96&d=mm&r=g\",\"caption\":\"Samuel \u010eurinsk\u00fd\"},\"url\":\"https:\/\/fcspartaktrnava.com\/en\/author\/fcst-samuel\/\"}]}<\/script>\n<!-- \/ Yoast SEO plugin. -->","yoast_head_json":{"title":"\u201eZ brank\u00e1ra sme urobili hviezdu a mo\u017eno sme ho aj predali\u201c - FC Spartak Trnava","robots":{"index":"index","follow":"follow","max-snippet":"max-snippet:-1","max-image-preview":"max-image-preview:large","max-video-preview":"max-video-preview:-1"},"canonical":"https:\/\/fcspartaktrnava.com\/en\/z-brankara-sme-urobili-hviezdu-a-mozno-sme-ho-aj-predali\/","twitter_misc":{"Written by":"Samuel \u010eurinsk\u00fd","Estimated reading time":"3 minutes"},"schema":{"@context":"https:\/\/schema.org","@graph":[{"@type":"Article","@id":"https:\/\/fcspartaktrnava.com\/z-brankara-sme-urobili-hviezdu-a-mozno-sme-ho-aj-predali\/#article","isPartOf":{"@id":"https:\/\/fcspartaktrnava.com\/z-brankara-sme-urobili-hviezdu-a-mozno-sme-ho-aj-predali\/"},"author":{"name":"Samuel \u010eurinsk\u00fd","@id":"https:\/\/fcspartaktrnava.com\/#\/schema\/person\/62c3c2562c3c56e4c0c8c2342c596ac0"},"headline":"\u201eZ brank\u00e1ra sme urobili hviezdu a mo\u017eno sme ho aj predali\u201c","datePublished":"2022-09-05T13:51:00+00:00","dateModified":"2022-09-09T13:54:43+00:00","mainEntityOfPage":{"@id":"https:\/\/fcspartaktrnava.com\/z-brankara-sme-urobili-hviezdu-a-mozno-sme-ho-aj-predali\/"},"wordCount":550,"publisher":{"@id":"https:\/\/fcspartaktrnava.com\/#organization"},"image":{"@id":"https:\/\/fcspartaktrnava.com\/z-brankara-sme-urobili-hviezdu-a-mozno-sme-ho-aj-predali\/#primaryimage"},"thumbnailUrl":"https:\/\/fcspartaktrnava.com\/wp-content\/uploads\/2022\/09\/Z-brankara-sme-urobili-hviezdu.jpg","articleSection":["Spr\u00e1vy"],"inLanguage":"en-GB"},{"@type":"WebPage","@id":"https:\/\/fcspartaktrnava.com\/z-brankara-sme-urobili-hviezdu-a-mozno-sme-ho-aj-predali\/","url":"https:\/\/fcspartaktrnava.com\/z-brankara-sme-urobili-hviezdu-a-mozno-sme-ho-aj-predali\/","name":"\u201eZ brank\u00e1ra sme urobili hviezdu a mo\u017eno sme ho aj predali\u201c - FC Spartak Trnava","isPartOf":{"@id":"https:\/\/fcspartaktrnava.com\/#website"},"primaryImageOfPage":{"@id":"https:\/\/fcspartaktrnava.com\/z-brankara-sme-urobili-hviezdu-a-mozno-sme-ho-aj-predali\/#primaryimage"},"image":{"@id":"https:\/\/fcspartaktrnava.com\/z-brankara-sme-urobili-hviezdu-a-mozno-sme-ho-aj-predali\/#primaryimage"},"thumbnailUrl":"https:\/\/fcspartaktrnava.com\/wp-content\/uploads\/2022\/09\/Z-brankara-sme-urobili-hviezdu.jpg","datePublished":"2022-09-05T13:51:00+00:00","dateModified":"2022-09-09T13:54:43+00:00","breadcrumb":{"@id":"https:\/\/fcspartaktrnava.com\/z-brankara-sme-urobili-hviezdu-a-mozno-sme-ho-aj-predali\/#breadcrumb"},"inLanguage":"en-GB","potentialAction":[{"@type":"ReadAction","target":["https:\/\/fcspartaktrnava.com\/z-brankara-sme-urobili-hviezdu-a-mozno-sme-ho-aj-predali\/"]}]},{"@type":"ImageObject","inLanguage":"en-GB","@id":"https:\/\/fcspartaktrnava.com\/z-brankara-sme-urobili-hviezdu-a-mozno-sme-ho-aj-predali\/#primaryimage","url":"https:\/\/fcspartaktrnava.com\/wp-content\/uploads\/2022\/09\/Z-brankara-sme-urobili-hviezdu.jpg","contentUrl":"https:\/\/fcspartaktrnava.com\/wp-content\/uploads\/2022\/09\/Z-brankara-sme-urobili-hviezdu.jpg","width":1300,"height":555},{"@type":"BreadcrumbList","@id":"https:\/\/fcspartaktrnava.com\/z-brankara-sme-urobili-hviezdu-a-mozno-sme-ho-aj-predali\/#breadcrumb","itemListElement":[{"@type":"ListItem","position":1,"name":"Home","item":"https:\/\/fcspartaktrnava.com\/"},{"@type":"ListItem","position":2,"name":"\u201eZ brank\u00e1ra sme urobili hviezdu a mo\u017eno sme ho aj predali\u201c"}]},{"@type":"WebSite","@id":"https:\/\/fcspartaktrnava.com\/#website","url":"https:\/\/fcspartaktrnava.com\/","name":"FC Spartak Trnava","description":"ofici\u00e1lna webstr\u00e1nka futbalov\u00e9ho klubu","publisher":{"@id":"https:\/\/fcspartaktrnava.com\/#organization"},"potentialAction":[{"@type":"SearchAction","target":{"@type":"EntryPoint","urlTemplate":"https:\/\/fcspartaktrnava.com\/?s={search_term_string}"},"query-input":{"@type":"PropertyValueSpecification","valueRequired":true,"valueName":"search_term_string"}}],"inLanguage":"en-GB"},{"@type":"Organization","@id":"https:\/\/fcspartaktrnava.com\/#organization","name":"FC Spartak Trnava","alternateName":"Spartak","url":"https:\/\/fcspartaktrnava.com\/","logo":{"@type":"ImageObject","inLanguage":"en-GB","@id":"https:\/\/fcspartaktrnava.com\/#\/schema\/logo\/image\/","url":"https:\/\/fcspartaktrnava.com\/wp-content\/uploads\/2022\/08\/cropped-site_logo.png","contentUrl":"https:\/\/fcspartaktrnava.com\/wp-content\/uploads\/2022\/08\/cropped-site_logo.png","width":140,"height":140,"caption":"FC Spartak Trnava"},"image":{"@id":"https:\/\/fcspartaktrnava.com\/#\/schema\/logo\/image\/"},"sameAs":["https:\/\/www.facebook.com\/SpartakTrnava","https:\/\/x.com\/SpartakTrnava1","https:\/\/www.instagram.com\/spartak_sk\/"]},{"@type":"Person","@id":"https:\/\/fcspartaktrnava.com\/#\/schema\/person\/62c3c2562c3c56e4c0c8c2342c596ac0","name":"Samuel \u010eurinsk\u00fd","image":{"@type":"ImageObject","inLanguage":"en-GB","@id":"https:\/\/fcspartaktrnava.com\/#\/schema\/person\/image\/","url":"https:\/\/secure.gravatar.com\/avatar\/af2fa02af92418b86ed742470664fe40056833fb68d84becf03f6ab02319257c?s=96&d=mm&r=g","contentUrl":"https:\/\/secure.gravatar.com\/avatar\/af2fa02af92418b86ed742470664fe40056833fb68d84becf03f6ab02319257c?s=96&d=mm&r=g","caption":"Samuel \u010eurinsk\u00fd"},"url":"https:\/\/fcspartaktrnava.com\/en\/author\/fcst-samuel\/"}]}},"_links":{"self":[{"href":"https:\/\/fcspartaktrnava.com\/en\/wp-json\/wp\/v2\/posts\/1207","targetHints":{"allow":["GET"]}}],"collection":[{"href":"https:\/\/fcspartaktrnava.com\/en\/wp-json\/wp\/v2\/posts"}],"about":[{"href":"https:\/\/fcspartaktrnava.com\/en\/wp-json\/wp\/v2\/types\/post"}],"author":[{"embeddable":true,"href":"https:\/\/fcspartaktrnava.com\/en\/wp-json\/wp\/v2\/users\/5"}],"replies":[{"embeddable":true,"href":"https:\/\/fcspartaktrnava.com\/en\/wp-json\/wp\/v2\/comments?post=1207"}],"version-history":[{"count":0,"href":"https:\/\/fcspartaktrnava.com\/en\/wp-json\/wp\/v2\/posts\/1207\/revisions"}],"wp:featuredmedia":[{"embeddable":true,"href":"https:\/\/fcspartaktrnava.com\/en\/wp-json\/wp\/v2\/media\/1208"}],"wp:attachment":[{"href":"https:\/\/fcspartaktrnava.com\/en\/wp-json\/wp\/v2\/media?parent=1207"}],"wp:term":[{"taxonomy":"category","embeddable":true,"href":"https:\/\/fcspartaktrnava.com\/en\/wp-json\/wp\/v2\/categories?post=1207"},{"taxonomy":"post_tag","embeddable":true,"href":"https:\/\/fcspartaktrnava.com\/en\/wp-json\/wp\/v2\/tags?post=1207"}],"curies":[{"name":"wp","href":"https:\/\/api.w.org\/{rel}","templated":true}]}}