{"id":12038,"date":"2023-10-25T12:13:32","date_gmt":"2023-10-25T10:13:32","guid":{"rendered":"https:\/\/fcspartaktrnava.com\/?p=12038"},"modified":"2023-10-25T12:13:32","modified_gmt":"2023-10-25T10:13:32","slug":"kamil-majernik-osemdesiatnikom","status":"publish","type":"post","link":"https:\/\/fcspartaktrnava.com\/en\/kamil-majernik-osemdesiatnikom\/","title":{"rendered":"Kamil Majern\u00edk osemdesiatnikom"},"content":{"rendered":"<p>Rod\u00e1k z&nbsp;Dolnej Stredy pri\u0161iel do Trnavy zo Serede ako \u00fato\u010dn\u00edk, no tr\u00e9ner Malatinsk\u00fd ho \u201eprerobil\u201d na stop\u00e9ra. Prv\u00fd ligov\u00fd z\u00e1pas za Spartak odohral na jar 1962, Trnava v&nbsp;\u0148om doma zdolala Spartak Brno KPS 5:3. Aj prv\u00fd ligov\u00fd g\u00f3l strelil na jar 1962 v&nbsp;Prahe, kde Spartak vyhral 4:1 nad Spartakom Sokolovom (dne\u0161n\u00e1 Sparta). V&nbsp;eur\u00f3pskych poh\u00e1roch odohral 23 stretnut\u00ed \u2013 (2x Steaua Bukurest, 2x Reipas Lahti, 2x AEK At\u00e9ny, 2x Ajax Amsterdam, 2x Hibernians Paola, 2x Galatasaray Istanbul, 2x Olympique Marseille + \u010cK, Hertha Berlin d, FC K\u00f6ln v, 2x Dinamo Bukurest, 2x Derby County, 2x Viking Stavanger, D\u00f3zsa \u00dajpest vonku). Dva razy vyhral \u010cS. poh\u00e1r \u2013 1967 (Sparta Praha), 1971 (\u0160koda Plze\u0148) a&nbsp;raz Slovensk\u00fd poh\u00e1r 1971 (Slovan Bratislava). V&nbsp;poh\u00e1ri dal dva g\u00f3ly \u2013 jeden v&nbsp;\u010cS. poh\u00e1ri 1963 (Jednota Tren\u010d\u00edn 2:2) a&nbsp;jeden v&nbsp;SP 1969 (Spartak Trnava B 4:0). Za Spartak odohral v&nbsp;lige 249 z\u00e1pasov, dal 14 g\u00f3lov a&nbsp;s&nbsp;Trnavou z\u00edskal \u0161tyri tituly majstra (1969, 1971, 1972, 1973). Posledn\u00fd ligov\u00fd duel za Spartak odohral na jese\u0148 1974, ke\u010f Trnava doma zdolala AC Nitra 2:0. V&nbsp;rokoch 1980-82 bol tr\u00e9nerom A&nbsp;mu\u017estva, nesk\u00f4r tr\u00e9noval aj ml\u00e1de\u017e Spartaka.&nbsp;<\/p>\n\n\n\n<p>Best wishes!<\/p>","protected":false},"excerpt":{"rendered":"<p>Rod\u00e1k z&nbsp;Dolnej Stredy pri\u0161iel do Trnavy zo Serede&#8230;<\/p>","protected":false},"author":2,"featured_media":12039,"comment_status":"closed","ping_status":"closed","sticky":false,"template":"","format":"standard","meta":{"footnotes":""},"categories":[12],"tags":[],"class_list":["post-12038","post","type-post","status-publish","format-standard","has-post-thumbnail","hentry","category-spravy","post-number-1"],"yoast_head":"<!-- This site is optimized with the Yoast SEO plugin v27.1.1 - https:\/\/yoast.com\/product\/yoast-seo-wordpress\/ -->\n<title>Kamil Majern\u00edk osemdesiatnikom - FC Spartak Trnava<\/title>\n<meta name=\"robots\" content=\"index, follow, max-snippet:-1, max-image-preview:large, max-video-preview:-1\" \/>\n<link rel=\"canonical\" href=\"https:\/\/fcspartaktrnava.com\/en\/kamil-majernik-osemdesiatnikom\/\" \/>\n<meta name=\"twitter:label1\" content=\"Written by\" \/>\n\t<meta name=\"twitter:data1\" content=\"spartak\" \/>\n\t<meta name=\"twitter:label2\" content=\"Estimated reading time\" \/>\n\t<meta name=\"twitter:data2\" content=\"2 minutes\" \/>\n<script type=\"application\/ld+json\" class=\"yoast-schema-graph\">{\"@context\":\"https:\/\/schema.org\",\"@graph\":[{\"@type\":\"Article\",\"@id\":\"https:\/\/fcspartaktrnava.com\/kamil-majernik-osemdesiatnikom\/#article\",\"isPartOf\":{\"@id\":\"https:\/\/fcspartaktrnava.com\/kamil-majernik-osemdesiatnikom\/\"},\"author\":{\"name\":\"spartak\",\"@id\":\"https:\/\/fcspartaktrnava.com\/#\/schema\/person\/24bc5b254af14f71d7d8af178790aa75\"},\"headline\":\"Kamil Majern\u00edk osemdesiatnikom\",\"datePublished\":\"2023-10-25T10:13:32+00:00\",\"mainEntityOfPage\":{\"@id\":\"https:\/\/fcspartaktrnava.com\/kamil-majernik-osemdesiatnikom\/\"},\"wordCount\":221,\"publisher\":{\"@id\":\"https:\/\/fcspartaktrnava.com\/#organization\"},\"image\":{\"@id\":\"https:\/\/fcspartaktrnava.com\/kamil-majernik-osemdesiatnikom\/#primaryimage\"},\"thumbnailUrl\":\"https:\/\/fcspartaktrnava.com\/wp-content\/uploads\/2023\/10\/majernik_v.jpg\",\"articleSection\":[\"Spr\u00e1vy\"],\"inLanguage\":\"en-GB\"},{\"@type\":\"WebPage\",\"@id\":\"https:\/\/fcspartaktrnava.com\/kamil-majernik-osemdesiatnikom\/\",\"url\":\"https:\/\/fcspartaktrnava.com\/kamil-majernik-osemdesiatnikom\/\",\"name\":\"Kamil Majern\u00edk osemdesiatnikom - FC Spartak Trnava\",\"isPartOf\":{\"@id\":\"https:\/\/fcspartaktrnava.com\/#website\"},\"primaryImageOfPage\":{\"@id\":\"https:\/\/fcspartaktrnava.com\/kamil-majernik-osemdesiatnikom\/#primaryimage\"},\"image\":{\"@id\":\"https:\/\/fcspartaktrnava.com\/kamil-majernik-osemdesiatnikom\/#primaryimage\"},\"thumbnailUrl\":\"https:\/\/fcspartaktrnava.com\/wp-content\/uploads\/2023\/10\/majernik_v.jpg\",\"datePublished\":\"2023-10-25T10:13:32+00:00\",\"breadcrumb\":{\"@id\":\"https:\/\/fcspartaktrnava.com\/kamil-majernik-osemdesiatnikom\/#breadcrumb\"},\"inLanguage\":\"en-GB\",\"potentialAction\":[{\"@type\":\"ReadAction\",\"target\":[\"https:\/\/fcspartaktrnava.com\/kamil-majernik-osemdesiatnikom\/\"]}]},{\"@type\":\"ImageObject\",\"inLanguage\":\"en-GB\",\"@id\":\"https:\/\/fcspartaktrnava.com\/kamil-majernik-osemdesiatnikom\/#primaryimage\",\"url\":\"https:\/\/fcspartaktrnava.com\/wp-content\/uploads\/2023\/10\/majernik_v.jpg\",\"contentUrl\":\"https:\/\/fcspartaktrnava.com\/wp-content\/uploads\/2023\/10\/majernik_v.jpg\",\"width\":1677,\"height\":2500},{\"@type\":\"BreadcrumbList\",\"@id\":\"https:\/\/fcspartaktrnava.com\/kamil-majernik-osemdesiatnikom\/#breadcrumb\",\"itemListElement\":[{\"@type\":\"ListItem\",\"position\":1,\"name\":\"Home\",\"item\":\"https:\/\/fcspartaktrnava.com\/\"},{\"@type\":\"ListItem\",\"position\":2,\"name\":\"Kamil Majern\u00edk osemdesiatnikom\"}]},{\"@type\":\"WebSite\",\"@id\":\"https:\/\/fcspartaktrnava.com\/#website\",\"url\":\"https:\/\/fcspartaktrnava.com\/\",\"name\":\"FC Spartak Trnava\",\"description\":\"ofici\u00e1lna webstr\u00e1nka futbalov\u00e9ho klubu\",\"publisher\":{\"@id\":\"https:\/\/fcspartaktrnava.com\/#organization\"},\"potentialAction\":[{\"@type\":\"SearchAction\",\"target\":{\"@type\":\"EntryPoint\",\"urlTemplate\":\"https:\/\/fcspartaktrnava.com\/?s={search_term_string}\"},\"query-input\":{\"@type\":\"PropertyValueSpecification\",\"valueRequired\":true,\"valueName\":\"search_term_string\"}}],\"inLanguage\":\"en-GB\"},{\"@type\":\"Organization\",\"@id\":\"https:\/\/fcspartaktrnava.com\/#organization\",\"name\":\"FC Spartak Trnava\",\"alternateName\":\"Spartak\",\"url\":\"https:\/\/fcspartaktrnava.com\/\",\"logo\":{\"@type\":\"ImageObject\",\"inLanguage\":\"en-GB\",\"@id\":\"https:\/\/fcspartaktrnava.com\/#\/schema\/logo\/image\/\",\"url\":\"https:\/\/fcspartaktrnava.com\/wp-content\/uploads\/2022\/08\/cropped-site_logo.png\",\"contentUrl\":\"https:\/\/fcspartaktrnava.com\/wp-content\/uploads\/2022\/08\/cropped-site_logo.png\",\"width\":140,\"height\":140,\"caption\":\"FC Spartak Trnava\"},\"image\":{\"@id\":\"https:\/\/fcspartaktrnava.com\/#\/schema\/logo\/image\/\"},\"sameAs\":[\"https:\/\/www.facebook.com\/SpartakTrnava\",\"https:\/\/x.com\/SpartakTrnava1\",\"https:\/\/www.instagram.com\/spartak_sk\/\"]},{\"@type\":\"Person\",\"@id\":\"https:\/\/fcspartaktrnava.com\/#\/schema\/person\/24bc5b254af14f71d7d8af178790aa75\",\"name\":\"spartak\",\"image\":{\"@type\":\"ImageObject\",\"inLanguage\":\"en-GB\",\"@id\":\"https:\/\/fcspartaktrnava.com\/#\/schema\/person\/image\/\",\"url\":\"https:\/\/secure.gravatar.com\/avatar\/f8ff8584f3fcf3909a11a6da9019f37749183b4015bca14e64556c52614cdc7f?s=96&d=mm&r=g\",\"contentUrl\":\"https:\/\/secure.gravatar.com\/avatar\/f8ff8584f3fcf3909a11a6da9019f37749183b4015bca14e64556c52614cdc7f?s=96&d=mm&r=g\",\"caption\":\"spartak\"},\"url\":\"https:\/\/fcspartaktrnava.com\/en\/author\/spartak\/\"}]}<\/script>\n<!-- \/ Yoast SEO plugin. -->","yoast_head_json":{"title":"Kamil Majern\u00edk osemdesiatnikom - FC Spartak Trnava","robots":{"index":"index","follow":"follow","max-snippet":"max-snippet:-1","max-image-preview":"max-image-preview:large","max-video-preview":"max-video-preview:-1"},"canonical":"https:\/\/fcspartaktrnava.com\/en\/kamil-majernik-osemdesiatnikom\/","twitter_misc":{"Written by":"spartak","Estimated reading time":"2 minutes"},"schema":{"@context":"https:\/\/schema.org","@graph":[{"@type":"Article","@id":"https:\/\/fcspartaktrnava.com\/kamil-majernik-osemdesiatnikom\/#article","isPartOf":{"@id":"https:\/\/fcspartaktrnava.com\/kamil-majernik-osemdesiatnikom\/"},"author":{"name":"spartak","@id":"https:\/\/fcspartaktrnava.com\/#\/schema\/person\/24bc5b254af14f71d7d8af178790aa75"},"headline":"Kamil Majern\u00edk osemdesiatnikom","datePublished":"2023-10-25T10:13:32+00:00","mainEntityOfPage":{"@id":"https:\/\/fcspartaktrnava.com\/kamil-majernik-osemdesiatnikom\/"},"wordCount":221,"publisher":{"@id":"https:\/\/fcspartaktrnava.com\/#organization"},"image":{"@id":"https:\/\/fcspartaktrnava.com\/kamil-majernik-osemdesiatnikom\/#primaryimage"},"thumbnailUrl":"https:\/\/fcspartaktrnava.com\/wp-content\/uploads\/2023\/10\/majernik_v.jpg","articleSection":["Spr\u00e1vy"],"inLanguage":"en-GB"},{"@type":"WebPage","@id":"https:\/\/fcspartaktrnava.com\/kamil-majernik-osemdesiatnikom\/","url":"https:\/\/fcspartaktrnava.com\/kamil-majernik-osemdesiatnikom\/","name":"Kamil Majern\u00edk osemdesiatnikom - FC Spartak Trnava","isPartOf":{"@id":"https:\/\/fcspartaktrnava.com\/#website"},"primaryImageOfPage":{"@id":"https:\/\/fcspartaktrnava.com\/kamil-majernik-osemdesiatnikom\/#primaryimage"},"image":{"@id":"https:\/\/fcspartaktrnava.com\/kamil-majernik-osemdesiatnikom\/#primaryimage"},"thumbnailUrl":"https:\/\/fcspartaktrnava.com\/wp-content\/uploads\/2023\/10\/majernik_v.jpg","datePublished":"2023-10-25T10:13:32+00:00","breadcrumb":{"@id":"https:\/\/fcspartaktrnava.com\/kamil-majernik-osemdesiatnikom\/#breadcrumb"},"inLanguage":"en-GB","potentialAction":[{"@type":"ReadAction","target":["https:\/\/fcspartaktrnava.com\/kamil-majernik-osemdesiatnikom\/"]}]},{"@type":"ImageObject","inLanguage":"en-GB","@id":"https:\/\/fcspartaktrnava.com\/kamil-majernik-osemdesiatnikom\/#primaryimage","url":"https:\/\/fcspartaktrnava.com\/wp-content\/uploads\/2023\/10\/majernik_v.jpg","contentUrl":"https:\/\/fcspartaktrnava.com\/wp-content\/uploads\/2023\/10\/majernik_v.jpg","width":1677,"height":2500},{"@type":"BreadcrumbList","@id":"https:\/\/fcspartaktrnava.com\/kamil-majernik-osemdesiatnikom\/#breadcrumb","itemListElement":[{"@type":"ListItem","position":1,"name":"Home","item":"https:\/\/fcspartaktrnava.com\/"},{"@type":"ListItem","position":2,"name":"Kamil Majern\u00edk osemdesiatnikom"}]},{"@type":"WebSite","@id":"https:\/\/fcspartaktrnava.com\/#website","url":"https:\/\/fcspartaktrnava.com\/","name":"FC Spartak Trnava","description":"ofici\u00e1lna webstr\u00e1nka futbalov\u00e9ho klubu","publisher":{"@id":"https:\/\/fcspartaktrnava.com\/#organization"},"potentialAction":[{"@type":"SearchAction","target":{"@type":"EntryPoint","urlTemplate":"https:\/\/fcspartaktrnava.com\/?s={search_term_string}"},"query-input":{"@type":"PropertyValueSpecification","valueRequired":true,"valueName":"search_term_string"}}],"inLanguage":"en-GB"},{"@type":"Organization","@id":"https:\/\/fcspartaktrnava.com\/#organization","name":"FC Spartak Trnava","alternateName":"Spartak","url":"https:\/\/fcspartaktrnava.com\/","logo":{"@type":"ImageObject","inLanguage":"en-GB","@id":"https:\/\/fcspartaktrnava.com\/#\/schema\/logo\/image\/","url":"https:\/\/fcspartaktrnava.com\/wp-content\/uploads\/2022\/08\/cropped-site_logo.png","contentUrl":"https:\/\/fcspartaktrnava.com\/wp-content\/uploads\/2022\/08\/cropped-site_logo.png","width":140,"height":140,"caption":"FC Spartak Trnava"},"image":{"@id":"https:\/\/fcspartaktrnava.com\/#\/schema\/logo\/image\/"},"sameAs":["https:\/\/www.facebook.com\/SpartakTrnava","https:\/\/x.com\/SpartakTrnava1","https:\/\/www.instagram.com\/spartak_sk\/"]},{"@type":"Person","@id":"https:\/\/fcspartaktrnava.com\/#\/schema\/person\/24bc5b254af14f71d7d8af178790aa75","name":"spartak","image":{"@type":"ImageObject","inLanguage":"en-GB","@id":"https:\/\/fcspartaktrnava.com\/#\/schema\/person\/image\/","url":"https:\/\/secure.gravatar.com\/avatar\/f8ff8584f3fcf3909a11a6da9019f37749183b4015bca14e64556c52614cdc7f?s=96&d=mm&r=g","contentUrl":"https:\/\/secure.gravatar.com\/avatar\/f8ff8584f3fcf3909a11a6da9019f37749183b4015bca14e64556c52614cdc7f?s=96&d=mm&r=g","caption":"spartak"},"url":"https:\/\/fcspartaktrnava.com\/en\/author\/spartak\/"}]}},"_links":{"self":[{"href":"https:\/\/fcspartaktrnava.com\/en\/wp-json\/wp\/v2\/posts\/12038","targetHints":{"allow":["GET"]}}],"collection":[{"href":"https:\/\/fcspartaktrnava.com\/en\/wp-json\/wp\/v2\/posts"}],"about":[{"href":"https:\/\/fcspartaktrnava.com\/en\/wp-json\/wp\/v2\/types\/post"}],"author":[{"embeddable":true,"href":"https:\/\/fcspartaktrnava.com\/en\/wp-json\/wp\/v2\/users\/2"}],"replies":[{"embeddable":true,"href":"https:\/\/fcspartaktrnava.com\/en\/wp-json\/wp\/v2\/comments?post=12038"}],"version-history":[{"count":0,"href":"https:\/\/fcspartaktrnava.com\/en\/wp-json\/wp\/v2\/posts\/12038\/revisions"}],"wp:featuredmedia":[{"embeddable":true,"href":"https:\/\/fcspartaktrnava.com\/en\/wp-json\/wp\/v2\/media\/12039"}],"wp:attachment":[{"href":"https:\/\/fcspartaktrnava.com\/en\/wp-json\/wp\/v2\/media?parent=12038"}],"wp:term":[{"taxonomy":"category","embeddable":true,"href":"https:\/\/fcspartaktrnava.com\/en\/wp-json\/wp\/v2\/categories?post=12038"},{"taxonomy":"post_tag","embeddable":true,"href":"https:\/\/fcspartaktrnava.com\/en\/wp-json\/wp\/v2\/tags?post=12038"}],"curies":[{"name":"wp","href":"https:\/\/api.w.org\/{rel}","templated":true}]}}