{"id":11651,"date":"2023-10-06T09:15:53","date_gmt":"2023-10-06T07:15:53","guid":{"rendered":"https:\/\/fcspartaktrnava.com\/?p=11651"},"modified":"2023-10-06T10:37:35","modified_gmt":"2023-10-06T08:37:35","slug":"spartakovci-siahali-na-remizu-fanusikovia-jasne-vyhrali","status":"publish","type":"post","link":"https:\/\/fcspartaktrnava.com\/en\/spartakovci-siahali-na-remizu-fanusikovia-jasne-vyhrali\/","title":{"rendered":"Spartakovci siahali na rem\u00edzu, fan\u00fa\u0161ikovia jasne vyhrali"},"content":{"rendered":"<p>Spartaku sa v\u010dera nepodarilo zastavi\u0165 impozantn\u00fa 14-z\u00e1pasov\u00fa v\u00ed\u0165azn\u00fa s\u00e9riu Fenerbahce Istanbul v&nbsp;tejto sez\u00f3ne. Ve\u013ek\u00e9mu favoritovi na v\u00ed\u0165azstvo v&nbsp;skupine H pod\u013eahol tesne 1:2, no hr\u00e1\u010di v&nbsp;\u010derveno-\u010diernych dresoch sa za svoj v\u00fdkon rozhodne hanbi\u0165 nemusia. Ocenili to po poslednom hvizde aj div\u00e1ci na vypredanom \u0160tadi\u00f3ne Antona Malatinsk\u00e9ho, ktor\u00ed ich vytlieskali a&nbsp;naopak, futbalisti nezabudli po\u010fakova\u0165 fan\u00fa\u0161ikom.<\/p>\n\n\n\n<p>V\u010deraj\u0161\u00ed z\u00e1pas bol vypredan\u00fd do posledn\u00e9ho miesta. Viac div\u00e1kov v&nbsp;Trnave bude asi \u0165a\u017eko niekedy. Bu\u010f bud\u00fa musie\u0165 by\u0165 uvo\u013enen\u00e9 sektory kv\u00f4li bezpe\u010dnosti alebo nebude zaplnen\u00fd sektor host\u00ed.<\/p>\n\n\n\n<p>Atrakt\u00edvny s\u00faper v\u017edy pril\u00e1ka na \u0161tadi\u00f3ny mno\u017estvo div\u00e1kov, ale do Trnavy chodia najm\u00e4 fan\u00fa\u0161ikovia. Nesedia potichu a&nbsp;nesta\u010d\u00ed im, \u017ee vidia napr\u00edklad Ronalda na\u017eivo a ob\u010das zatlieskaj\u00fa ako na z\u00e1pasoch reprezent\u00e1cie. Od prv\u00e9ho okamihu vedia, \u017ee ich \u00falohou je spartakovcov rozbehn\u00fa\u0165 a&nbsp;hna\u0165 ich dopredu do posledn\u00e9ho hvizdu.<\/p>\n\n\n\n<p>Tradi\u010dn\u00fdm sp\u00fa\u0161\u0165a\u010dom je trnavsk\u00fd kotel na severnej trib\u00fane. P\u00f4sobiv\u00e9 choreo, ktor\u00e9 op\u00e4\u0165 oblet\u00ed futbalov\u00fd medi\u00e1lny svet,&nbsp;potom sa z&nbsp;tohto miesta ako z motora rozlievala energia na okolit\u00e9 trib\u00fany a&nbsp;odtia\u013e na hraciu plochu.<\/p>\n\n\n\n<p>Ke\u010f si hr\u00e1\u010di Fenerbahce mysleli, \u017ee za stavu 2:0 p\u00e4\u0165 min\u00fat pred koncom je v&nbsp;Trnave po z\u00e1pase, tak boli vyveden\u00ed z&nbsp;omylu. Namiesto odovzdan\u00e9ho s\u00fapera na\u0161li akt\u00edvny pressing a\u017e pred \u0161estn\u00e1stkou e\u0161te v&nbsp;89. min\u00fate. Jakub Paur vypichol loptu pre Oforiho, ktor\u00fd zn\u00ed\u017eil a&nbsp;mohol sa za\u010da\u0165 hra\u0165 vabank. Spartak vsadil v\u0161etko na jednu kartu. Mal \u0161\u0165astie, \u017ee hostia si dva razy nepostr\u00e1\u017eili ofsajdov\u00e9 postavenie a&nbsp;mohol udrie\u0165 v&nbsp;poslednej sekundu z\u00e1pasu, ke\u010f sa hrala 99. min\u00fata. Center Zeljkovi\u010da na\u0161iel hlavu Ristovskeho, ale vo v\u00fdbornej poz\u00edcii netrafil zbl\u00edzka br\u00e1nku. \u0160koda&#8230; Bola by to pomyseln\u00e1 \u010dere\u0161ni\u010dka na inak skvelom futbalovom predstaven\u00ed.<\/p>\n\n\n\n<p><strong><em>\u201eVeril som, \u017ee v&nbsp;z\u00e1vere e\u0161te jedna \u0161anca pr\u00edde. \u013dudia sa te\u0161ili z&nbsp;ich neuznan\u00e9ho g\u00f3lu a&nbsp;vedel som, \u017ee pr\u00edde e\u0161te tlak. Bol tam Kubo Paur, Ristovski, nakoniec aj&nbsp;pri\u0161la, ale neviem \u010di je ten Risto u\u017e zakliaty. Mus\u00edm pochv\u00e1li\u0165 div\u00e1kov. Bol to perfektn\u00fd z\u00e1pas, obrovsk\u00e1 energia na \u0161tadi\u00f3ne. Turci maj\u00fa doma fantastick\u00fa atmosf\u00e9ru, ale musela sa im p\u00e1\u010di\u0165 aj tu. Ja sa s\u00fastred\u00edm na z\u00e1pas, okolie pr\u00edli\u0161 nevn\u00edmam, ale ke\u010f sa div\u00e1ci chytia za ramen\u00e1 a&nbsp;cel\u00fd \u0161tadi\u00f3n sa h\u00fdbe, ako sa te\u0161ili pri g\u00f3le, ke\u010f sme zn\u00ed\u017eili na 1:2, tak takto to m\u00e1 vyzera\u0165. Je to perfektn\u00e9 a&nbsp;toto n\u00e1s bav\u00ed. My, aj div\u00e1ci si potom u\u017eij\u00fa z\u00e1pas. Som r\u00e1d, \u017ee aspo\u0148 jeden g\u00f3l sme dali, \u017ee sme im mohli pon\u00faknu\u0165 euf\u00f3riu po g\u00f3le,\u201c <\/em><\/strong>vyzdvihol tr\u00e9ner Michal Ga\u0161par\u00edk atmosf\u00e9ru na \u0161tadi\u00f3ne, ktor\u00e1 v\u00fdrazne pomohla jeho zverencom siahnu\u0165 si na dno svojich s\u00edl.<\/p>\n\n\n\n<p>Ke\u010f Ristovski naskakoval v&nbsp;samom z\u00e1vere na Zeljkovi\u010dom center, bol kapit\u00e1n Martin Mikovi\u010d u\u017e na strieda\u010dke. Loptu u\u017e videl v&nbsp;sieti. \u201e<strong><em>Pri tej hlavi\u010dke u\u017e som be\u017eal na ihrisko, no nakoniec ne\u0161la do sita. Mo\u017eno by to rozhodca nakoniec neuznal kv\u00f4li faulu, ale my by sme sa te\u0161ili, bola by to euf\u00f3ria, mo\u017eno by padol \u0161tadi\u00f3n. Ktovie \u010do by nastalo..? Aspo\u0148 bod s&nbsp;pomocou publika by sme si mo\u017eno zasl\u00fa\u017eili.\u201c<\/em><\/strong><\/p>\n\n\n\n<p>Trnav\u010dania pomerne dlho odol\u00e1vali tlaku host\u00ed, ktor\u00ed po\u010das prvej hodiny hry m\u00e1rne h\u013eadali cestu pred Tak\u00e1\u010dovu br\u00e1nku. A\u017e trojit\u00e9 striedanie a&nbsp;pr\u00edchod Szymanszkeho a&nbsp;najm\u00e4 b\u00fdval\u00e9ho hr\u00e1\u010da Manchestru United Freda zlomil z\u00e1pas, lebo Batshuayi sa dovtedy presadzoval len \u0165a\u017eko. Joshua King uk\u00e1zal pri \u00favodnom g\u00f3le svoju silu pri driblingu, no mal aj kus \u0161\u0165astia, lebo najsk\u00f4r Zeljkovi\u010d a&nbsp;potom aj Bern\u00e1t mu takmer loptu zobrali. Ust\u00e1l s\u00faboje s&nbsp;oboma a&nbsp;po nar\u00e1\u017ea\u010dke trafil presne. &nbsp;&nbsp;<\/p>\n\n\n\n<p><strong><em>\u201eHr\u00e1\u010di Fenerbahce s\u00fa extra trieda, o&nbsp;tom sa nemus\u00edme bavi\u0165. Na Freda som pozeral v&nbsp;telev\u00edzii a&nbsp;zrazu behal ved\u013ea m\u0148a,\u201c<\/em><\/strong> poznamenal s&nbsp;\u00fasmevom Mikovi\u010d.<\/p>\n\n\n\n<figure class=\"wp-block-embed is-type-video is-provider-youtube wp-block-embed-youtube wp-embed-aspect-16-9 wp-has-aspect-ratio\"><div class=\"wp-block-embed__wrapper\">\n<iframe loading=\"lazy\" title=\"Martin Mikovi\u010d po Fenerbahce\" width=\"500\" height=\"281\" src=\"https:\/\/www.youtube.com\/embed\/7DCI1SMq59s?feature=oembed\" frameborder=\"0\" allow=\"accelerometer; autoplay; clipboard-write; encrypted-media; gyroscope; picture-in-picture; web-share\" referrerpolicy=\"strict-origin-when-cross-origin\" allowfullscreen><\/iframe>\n<\/div><\/figure>\n\n\n\n<p>Ktovie, \u010di by napokon tr\u00e9ner host\u00ed vytiahol aj najv\u00e4\u010d\u0161\u00ed tromf v&nbsp;podobe najlep\u0161ieho strelca mu\u017estva D\u017eeka, ak by sa po \u0161anciach Spartaka padol g\u00f3l na opa\u010dnej strane sk\u00f4r. Najlep\u0161\u00ed strelec Spartaka Michal \u010euri\u0161 bojoval na hrote a&nbsp;nap\u00e1dal rozohr\u00e1vku ko\u013eko vl\u00e1dal. Hoci aj jemu sa v\u00fdkon mu\u017estva p\u00e1\u010dil, nechcel sa uspokoji\u0165 len dobr\u00fdm dojmom z&nbsp;predvedenej hry.<\/p>\n\n\n\n<p><strong><em>&nbsp;\u201e\u0164a\u017eko sa mi h\u013eadaj\u00fa slov\u00e1, lebo sme z&nbsp;toho z\u00e1pasu mohli vy\u0165a\u017ei\u0165 aj viac. Hlavne v&nbsp;druhom pol\u010dase, ke\u010f sme sa u\u017e za\u010dali nadychova\u0165 a za\u010dali sme si vytv\u00e1ra\u0165 polo\u0161ance a&nbsp;\u0161ance, tak sme dostali ten g\u00f3l. St\u00e1lo n\u00e1s to ve\u013ea s\u00edl a&nbsp;nem\u00e1me z&nbsp;toho ni\u010d. V\u00fdkon je fajn, ale do sveta ide v\u00fdsledok a&nbsp;body, a&nbsp;tie, bohu\u017eia\u013e, nem\u00e1me. Ja som za\u017eil prv\u00fdkr\u00e1t vypredan\u00fd trnavsk\u00fd \u0161tadi\u00f3n, je to \u00faplne in\u00fd z\u00e1pas, ke\u010f je \u0161tadi\u00f3n pln\u00fd a&nbsp;atmosf\u00e9ra bola neskuto\u010dn\u00e1.\u201c<\/em><\/strong><\/p>\n\n\n\n<figure class=\"wp-block-embed is-type-video is-provider-youtube wp-block-embed-youtube wp-embed-aspect-16-9 wp-has-aspect-ratio\"><div class=\"wp-block-embed__wrapper\">\n<iframe loading=\"lazy\" title=\"Michal \u010euri\u0161 po Fenerbahce\" width=\"500\" height=\"281\" src=\"https:\/\/www.youtube.com\/embed\/oZ2eME9voj8?feature=oembed\" frameborder=\"0\" allow=\"accelerometer; autoplay; clipboard-write; encrypted-media; gyroscope; picture-in-picture; web-share\" referrerpolicy=\"strict-origin-when-cross-origin\" allowfullscreen><\/iframe>\n<\/div><\/figure>\n\n\n\n<p>Ako to vyzer\u00e1 po\u010das z\u00e1pasov v\u00a0Trnave so siln\u00fdmi mu\u017estvami si u\u017e mohli na vlastnej ko\u017ei vysk\u00fa\u0161a\u0165 tis\u00edcky fan\u00fa\u0161ikov. Oni s\u00fa neraz t\u00fdmi, kto ur\u010duje \u00farove\u0148 z\u00e1pasu a\u00a0s\u00a0nimi za chrbtom sa hr\u00e1 \u013eah\u0161ie. Proti Fenerbahce to nevy\u0161lo, no aj tento z\u00e1pas uk\u00e1zal, \u017ee na takomto zaplnenom \u0160tadi\u00f3ne Antona Malatinsk\u00e9ho sa nebude vyhr\u00e1va\u0165 \u013eahko. Presved\u010di\u0165 sa o\u00a0tom bud\u00fa m\u00f4c\u0165 u\u017e najbli\u017e\u0161ie v\u00a0lige najsk\u00f4r Slovan (22.10. o\u00a017:30) a\u00a0potom aj EKL aj Nordsjealland (26. 10. o\u00a021. h).<\/p>\n\n\n\n<div class=\"wp-block-buttons is-layout-flex wp-block-buttons-is-layout-flex\">\n<div class=\"wp-block-button aligncenter is-style-fill\"><a class=\"wp-block-button__link has-white-color has-text-color has-background wp-element-button\" href=\"https:\/\/fcspartaktrnava.com\/en\/galerii\/trening-16-1-2023\/\" style=\"border-radius:0px;background-color:#d40133\" target=\"_blank\" rel=\"noreferrer noopener\">PHOTO GALLERY<\/a><\/div>\n<\/div>","protected":false},"excerpt":{"rendered":"<p>Spartaku sa v\u010dera nepodarilo zastavi\u0165 impozantn\u00fa 14-z\u00e1pasov\u00fa v\u00ed\u0165azn\u00fa&#8230;<\/p>","protected":false},"author":2,"featured_media":11652,"comment_status":"closed","ping_status":"closed","sticky":false,"template":"","format":"standard","meta":{"footnotes":""},"categories":[12],"tags":[],"class_list":["post-11651","post","type-post","status-publish","format-standard","has-post-thumbnail","hentry","category-spravy","post-number-1"],"yoast_head":"<!-- This site is optimized with the Yoast SEO plugin v27.1.1 - https:\/\/yoast.com\/product\/yoast-seo-wordpress\/ -->\n<title>Spartakovci siahali na rem\u00edzu, fan\u00fa\u0161ikovia jasne vyhrali - FC Spartak Trnava<\/title>\n<meta name=\"robots\" content=\"index, follow, max-snippet:-1, max-image-preview:large, max-video-preview:-1\" \/>\n<link rel=\"canonical\" href=\"https:\/\/fcspartaktrnava.com\/en\/spartakovci-siahali-na-remizu-fanusikovia-jasne-vyhrali\/\" \/>\n<meta name=\"twitter:label1\" content=\"Written by\" \/>\n\t<meta name=\"twitter:data1\" content=\"spartak\" \/>\n\t<meta name=\"twitter:label2\" content=\"Estimated reading time\" \/>\n\t<meta name=\"twitter:data2\" content=\"5 minutes\" \/>\n<script type=\"application\/ld+json\" class=\"yoast-schema-graph\">{\"@context\":\"https:\/\/schema.org\",\"@graph\":[{\"@type\":\"Article\",\"@id\":\"https:\/\/fcspartaktrnava.com\/spartakovci-siahali-na-remizu-fanusikovia-jasne-vyhrali\/#article\",\"isPartOf\":{\"@id\":\"https:\/\/fcspartaktrnava.com\/spartakovci-siahali-na-remizu-fanusikovia-jasne-vyhrali\/\"},\"author\":{\"name\":\"spartak\",\"@id\":\"https:\/\/fcspartaktrnava.com\/#\/schema\/person\/24bc5b254af14f71d7d8af178790aa75\"},\"headline\":\"Spartakovci siahali na rem\u00edzu, fan\u00fa\u0161ikovia jasne vyhrali\",\"datePublished\":\"2023-10-06T07:15:53+00:00\",\"dateModified\":\"2023-10-06T08:37:35+00:00\",\"mainEntityOfPage\":{\"@id\":\"https:\/\/fcspartaktrnava.com\/spartakovci-siahali-na-remizu-fanusikovia-jasne-vyhrali\/\"},\"wordCount\":1087,\"publisher\":{\"@id\":\"https:\/\/fcspartaktrnava.com\/#organization\"},\"image\":{\"@id\":\"https:\/\/fcspartaktrnava.com\/spartakovci-siahali-na-remizu-fanusikovia-jasne-vyhrali\/#primaryimage\"},\"thumbnailUrl\":\"https:\/\/fcspartaktrnava.com\/wp-content\/uploads\/2023\/10\/fener-2-scaled.jpg\",\"articleSection\":[\"Spr\u00e1vy\"],\"inLanguage\":\"en-GB\"},{\"@type\":\"WebPage\",\"@id\":\"https:\/\/fcspartaktrnava.com\/spartakovci-siahali-na-remizu-fanusikovia-jasne-vyhrali\/\",\"url\":\"https:\/\/fcspartaktrnava.com\/spartakovci-siahali-na-remizu-fanusikovia-jasne-vyhrali\/\",\"name\":\"Spartakovci siahali na rem\u00edzu, fan\u00fa\u0161ikovia jasne vyhrali - FC Spartak Trnava\",\"isPartOf\":{\"@id\":\"https:\/\/fcspartaktrnava.com\/#website\"},\"primaryImageOfPage\":{\"@id\":\"https:\/\/fcspartaktrnava.com\/spartakovci-siahali-na-remizu-fanusikovia-jasne-vyhrali\/#primaryimage\"},\"image\":{\"@id\":\"https:\/\/fcspartaktrnava.com\/spartakovci-siahali-na-remizu-fanusikovia-jasne-vyhrali\/#primaryimage\"},\"thumbnailUrl\":\"https:\/\/fcspartaktrnava.com\/wp-content\/uploads\/2023\/10\/fener-2-scaled.jpg\",\"datePublished\":\"2023-10-06T07:15:53+00:00\",\"dateModified\":\"2023-10-06T08:37:35+00:00\",\"breadcrumb\":{\"@id\":\"https:\/\/fcspartaktrnava.com\/spartakovci-siahali-na-remizu-fanusikovia-jasne-vyhrali\/#breadcrumb\"},\"inLanguage\":\"en-GB\",\"potentialAction\":[{\"@type\":\"ReadAction\",\"target\":[\"https:\/\/fcspartaktrnava.com\/spartakovci-siahali-na-remizu-fanusikovia-jasne-vyhrali\/\"]}]},{\"@type\":\"ImageObject\",\"inLanguage\":\"en-GB\",\"@id\":\"https:\/\/fcspartaktrnava.com\/spartakovci-siahali-na-remizu-fanusikovia-jasne-vyhrali\/#primaryimage\",\"url\":\"https:\/\/fcspartaktrnava.com\/wp-content\/uploads\/2023\/10\/fener-2-scaled.jpg\",\"contentUrl\":\"https:\/\/fcspartaktrnava.com\/wp-content\/uploads\/2023\/10\/fener-2-scaled.jpg\",\"width\":2560,\"height\":1703},{\"@type\":\"BreadcrumbList\",\"@id\":\"https:\/\/fcspartaktrnava.com\/spartakovci-siahali-na-remizu-fanusikovia-jasne-vyhrali\/#breadcrumb\",\"itemListElement\":[{\"@type\":\"ListItem\",\"position\":1,\"name\":\"Home\",\"item\":\"https:\/\/fcspartaktrnava.com\/\"},{\"@type\":\"ListItem\",\"position\":2,\"name\":\"Spartakovci siahali na rem\u00edzu, fan\u00fa\u0161ikovia jasne vyhrali\"}]},{\"@type\":\"WebSite\",\"@id\":\"https:\/\/fcspartaktrnava.com\/#website\",\"url\":\"https:\/\/fcspartaktrnava.com\/\",\"name\":\"FC Spartak Trnava\",\"description\":\"ofici\u00e1lna webstr\u00e1nka futbalov\u00e9ho klubu\",\"publisher\":{\"@id\":\"https:\/\/fcspartaktrnava.com\/#organization\"},\"potentialAction\":[{\"@type\":\"SearchAction\",\"target\":{\"@type\":\"EntryPoint\",\"urlTemplate\":\"https:\/\/fcspartaktrnava.com\/?s={search_term_string}\"},\"query-input\":{\"@type\":\"PropertyValueSpecification\",\"valueRequired\":true,\"valueName\":\"search_term_string\"}}],\"inLanguage\":\"en-GB\"},{\"@type\":\"Organization\",\"@id\":\"https:\/\/fcspartaktrnava.com\/#organization\",\"name\":\"FC Spartak Trnava\",\"alternateName\":\"Spartak\",\"url\":\"https:\/\/fcspartaktrnava.com\/\",\"logo\":{\"@type\":\"ImageObject\",\"inLanguage\":\"en-GB\",\"@id\":\"https:\/\/fcspartaktrnava.com\/#\/schema\/logo\/image\/\",\"url\":\"https:\/\/fcspartaktrnava.com\/wp-content\/uploads\/2022\/08\/cropped-site_logo.png\",\"contentUrl\":\"https:\/\/fcspartaktrnava.com\/wp-content\/uploads\/2022\/08\/cropped-site_logo.png\",\"width\":140,\"height\":140,\"caption\":\"FC Spartak Trnava\"},\"image\":{\"@id\":\"https:\/\/fcspartaktrnava.com\/#\/schema\/logo\/image\/\"},\"sameAs\":[\"https:\/\/www.facebook.com\/SpartakTrnava\",\"https:\/\/x.com\/SpartakTrnava1\",\"https:\/\/www.instagram.com\/spartak_sk\/\"]},{\"@type\":\"Person\",\"@id\":\"https:\/\/fcspartaktrnava.com\/#\/schema\/person\/24bc5b254af14f71d7d8af178790aa75\",\"name\":\"spartak\",\"image\":{\"@type\":\"ImageObject\",\"inLanguage\":\"en-GB\",\"@id\":\"https:\/\/fcspartaktrnava.com\/#\/schema\/person\/image\/\",\"url\":\"https:\/\/secure.gravatar.com\/avatar\/f8ff8584f3fcf3909a11a6da9019f37749183b4015bca14e64556c52614cdc7f?s=96&d=mm&r=g\",\"contentUrl\":\"https:\/\/secure.gravatar.com\/avatar\/f8ff8584f3fcf3909a11a6da9019f37749183b4015bca14e64556c52614cdc7f?s=96&d=mm&r=g\",\"caption\":\"spartak\"},\"url\":\"https:\/\/fcspartaktrnava.com\/en\/author\/spartak\/\"}]}<\/script>\n<!-- \/ Yoast SEO plugin. -->","yoast_head_json":{"title":"Spartakovci siahali na rem\u00edzu, fan\u00fa\u0161ikovia jasne vyhrali - FC Spartak Trnava","robots":{"index":"index","follow":"follow","max-snippet":"max-snippet:-1","max-image-preview":"max-image-preview:large","max-video-preview":"max-video-preview:-1"},"canonical":"https:\/\/fcspartaktrnava.com\/en\/spartakovci-siahali-na-remizu-fanusikovia-jasne-vyhrali\/","twitter_misc":{"Written by":"spartak","Estimated reading time":"5 minutes"},"schema":{"@context":"https:\/\/schema.org","@graph":[{"@type":"Article","@id":"https:\/\/fcspartaktrnava.com\/spartakovci-siahali-na-remizu-fanusikovia-jasne-vyhrali\/#article","isPartOf":{"@id":"https:\/\/fcspartaktrnava.com\/spartakovci-siahali-na-remizu-fanusikovia-jasne-vyhrali\/"},"author":{"name":"spartak","@id":"https:\/\/fcspartaktrnava.com\/#\/schema\/person\/24bc5b254af14f71d7d8af178790aa75"},"headline":"Spartakovci siahali na rem\u00edzu, fan\u00fa\u0161ikovia jasne vyhrali","datePublished":"2023-10-06T07:15:53+00:00","dateModified":"2023-10-06T08:37:35+00:00","mainEntityOfPage":{"@id":"https:\/\/fcspartaktrnava.com\/spartakovci-siahali-na-remizu-fanusikovia-jasne-vyhrali\/"},"wordCount":1087,"publisher":{"@id":"https:\/\/fcspartaktrnava.com\/#organization"},"image":{"@id":"https:\/\/fcspartaktrnava.com\/spartakovci-siahali-na-remizu-fanusikovia-jasne-vyhrali\/#primaryimage"},"thumbnailUrl":"https:\/\/fcspartaktrnava.com\/wp-content\/uploads\/2023\/10\/fener-2-scaled.jpg","articleSection":["Spr\u00e1vy"],"inLanguage":"en-GB"},{"@type":"WebPage","@id":"https:\/\/fcspartaktrnava.com\/spartakovci-siahali-na-remizu-fanusikovia-jasne-vyhrali\/","url":"https:\/\/fcspartaktrnava.com\/spartakovci-siahali-na-remizu-fanusikovia-jasne-vyhrali\/","name":"Spartakovci siahali na rem\u00edzu, fan\u00fa\u0161ikovia jasne vyhrali - FC Spartak Trnava","isPartOf":{"@id":"https:\/\/fcspartaktrnava.com\/#website"},"primaryImageOfPage":{"@id":"https:\/\/fcspartaktrnava.com\/spartakovci-siahali-na-remizu-fanusikovia-jasne-vyhrali\/#primaryimage"},"image":{"@id":"https:\/\/fcspartaktrnava.com\/spartakovci-siahali-na-remizu-fanusikovia-jasne-vyhrali\/#primaryimage"},"thumbnailUrl":"https:\/\/fcspartaktrnava.com\/wp-content\/uploads\/2023\/10\/fener-2-scaled.jpg","datePublished":"2023-10-06T07:15:53+00:00","dateModified":"2023-10-06T08:37:35+00:00","breadcrumb":{"@id":"https:\/\/fcspartaktrnava.com\/spartakovci-siahali-na-remizu-fanusikovia-jasne-vyhrali\/#breadcrumb"},"inLanguage":"en-GB","potentialAction":[{"@type":"ReadAction","target":["https:\/\/fcspartaktrnava.com\/spartakovci-siahali-na-remizu-fanusikovia-jasne-vyhrali\/"]}]},{"@type":"ImageObject","inLanguage":"en-GB","@id":"https:\/\/fcspartaktrnava.com\/spartakovci-siahali-na-remizu-fanusikovia-jasne-vyhrali\/#primaryimage","url":"https:\/\/fcspartaktrnava.com\/wp-content\/uploads\/2023\/10\/fener-2-scaled.jpg","contentUrl":"https:\/\/fcspartaktrnava.com\/wp-content\/uploads\/2023\/10\/fener-2-scaled.jpg","width":2560,"height":1703},{"@type":"BreadcrumbList","@id":"https:\/\/fcspartaktrnava.com\/spartakovci-siahali-na-remizu-fanusikovia-jasne-vyhrali\/#breadcrumb","itemListElement":[{"@type":"ListItem","position":1,"name":"Home","item":"https:\/\/fcspartaktrnava.com\/"},{"@type":"ListItem","position":2,"name":"Spartakovci siahali na rem\u00edzu, fan\u00fa\u0161ikovia jasne vyhrali"}]},{"@type":"WebSite","@id":"https:\/\/fcspartaktrnava.com\/#website","url":"https:\/\/fcspartaktrnava.com\/","name":"FC Spartak Trnava","description":"ofici\u00e1lna webstr\u00e1nka futbalov\u00e9ho klubu","publisher":{"@id":"https:\/\/fcspartaktrnava.com\/#organization"},"potentialAction":[{"@type":"SearchAction","target":{"@type":"EntryPoint","urlTemplate":"https:\/\/fcspartaktrnava.com\/?s={search_term_string}"},"query-input":{"@type":"PropertyValueSpecification","valueRequired":true,"valueName":"search_term_string"}}],"inLanguage":"en-GB"},{"@type":"Organization","@id":"https:\/\/fcspartaktrnava.com\/#organization","name":"FC Spartak Trnava","alternateName":"Spartak","url":"https:\/\/fcspartaktrnava.com\/","logo":{"@type":"ImageObject","inLanguage":"en-GB","@id":"https:\/\/fcspartaktrnava.com\/#\/schema\/logo\/image\/","url":"https:\/\/fcspartaktrnava.com\/wp-content\/uploads\/2022\/08\/cropped-site_logo.png","contentUrl":"https:\/\/fcspartaktrnava.com\/wp-content\/uploads\/2022\/08\/cropped-site_logo.png","width":140,"height":140,"caption":"FC Spartak Trnava"},"image":{"@id":"https:\/\/fcspartaktrnava.com\/#\/schema\/logo\/image\/"},"sameAs":["https:\/\/www.facebook.com\/SpartakTrnava","https:\/\/x.com\/SpartakTrnava1","https:\/\/www.instagram.com\/spartak_sk\/"]},{"@type":"Person","@id":"https:\/\/fcspartaktrnava.com\/#\/schema\/person\/24bc5b254af14f71d7d8af178790aa75","name":"spartak","image":{"@type":"ImageObject","inLanguage":"en-GB","@id":"https:\/\/fcspartaktrnava.com\/#\/schema\/person\/image\/","url":"https:\/\/secure.gravatar.com\/avatar\/f8ff8584f3fcf3909a11a6da9019f37749183b4015bca14e64556c52614cdc7f?s=96&d=mm&r=g","contentUrl":"https:\/\/secure.gravatar.com\/avatar\/f8ff8584f3fcf3909a11a6da9019f37749183b4015bca14e64556c52614cdc7f?s=96&d=mm&r=g","caption":"spartak"},"url":"https:\/\/fcspartaktrnava.com\/en\/author\/spartak\/"}]}},"_links":{"self":[{"href":"https:\/\/fcspartaktrnava.com\/en\/wp-json\/wp\/v2\/posts\/11651","targetHints":{"allow":["GET"]}}],"collection":[{"href":"https:\/\/fcspartaktrnava.com\/en\/wp-json\/wp\/v2\/posts"}],"about":[{"href":"https:\/\/fcspartaktrnava.com\/en\/wp-json\/wp\/v2\/types\/post"}],"author":[{"embeddable":true,"href":"https:\/\/fcspartaktrnava.com\/en\/wp-json\/wp\/v2\/users\/2"}],"replies":[{"embeddable":true,"href":"https:\/\/fcspartaktrnava.com\/en\/wp-json\/wp\/v2\/comments?post=11651"}],"version-history":[{"count":0,"href":"https:\/\/fcspartaktrnava.com\/en\/wp-json\/wp\/v2\/posts\/11651\/revisions"}],"wp:featuredmedia":[{"embeddable":true,"href":"https:\/\/fcspartaktrnava.com\/en\/wp-json\/wp\/v2\/media\/11652"}],"wp:attachment":[{"href":"https:\/\/fcspartaktrnava.com\/en\/wp-json\/wp\/v2\/media?parent=11651"}],"wp:term":[{"taxonomy":"category","embeddable":true,"href":"https:\/\/fcspartaktrnava.com\/en\/wp-json\/wp\/v2\/categories?post=11651"},{"taxonomy":"post_tag","embeddable":true,"href":"https:\/\/fcspartaktrnava.com\/en\/wp-json\/wp\/v2\/tags?post=11651"}],"curies":[{"name":"wp","href":"https:\/\/api.w.org\/{rel}","templated":true}]}}