{"id":11644,"date":"2023-10-04T14:11:18","date_gmt":"2023-10-04T12:11:18","guid":{"rendered":"https:\/\/fcspartaktrnava.com\/?p=11644"},"modified":"2023-10-04T14:11:19","modified_gmt":"2023-10-04T12:11:19","slug":"m-gasparik-zbrane-neskladame","status":"publish","type":"post","link":"https:\/\/fcspartaktrnava.com\/en\/m-gasparik-zbrane-neskladame\/","title":{"rendered":"M. Ga\u0161par\u00edk: \u201eZbrane nesklad\u00e1me\u201c"},"content":{"rendered":"<p>Futbalisti Spartaka si dnes posledn\u00fdkr\u00e1t zatr\u00e9novali pred zajtraj\u0161\u00edm z\u00e1pasom proti Fenerbahce Istanbul. Po tr\u00e9ningu sa pred m\u00e9di\u00e1 na tla\u010dovej konferencii postavili dvaja Michalovia \u2013 Ga\u0161par\u00edk ako hlavn\u00fd tr\u00e9ner a&nbsp;\u010euri\u0161 za hr\u00e1\u010dsku kab\u00ednu.<\/p>\n\n\n\n<p><strong><em>\u201ePo z\u00e1pase v&nbsp;Dunajskej Strede sme sa s\u00fastredili na to, aby sme dobre zregenerovali. Nebolo to o&nbsp;nejakej taktickej pr\u00edprave, lebo zostava aj syst\u00e9movo to bude podobn\u00e9 ako v&nbsp;Dunajskej Strede. Viac sme sa zaberali na to, aby chalani boli odpo\u010dinut\u00ed a&nbsp;mali energiu na z\u00e1pas. Mus\u00edme sa zamera\u0165 na individuality, ktor\u00e9 tam maj\u00fa. Kvalita je tam vysok\u00e1 a&nbsp;uvid\u00edme, v&nbsp;akej zostave pr\u00eddu, s&nbsp;ak\u00fdmi hr\u00e1\u010dmi nast\u00fapia. Od toho potom z\u00e1pas bude vyv\u00edja\u0165. Zbrane nesklad\u00e1me, svoj z\u00e1mer m\u00e1me, hoci vieme ak\u00e1 je na\u0161a poz\u00edcia. Hr\u00e1me doma a&nbsp;tu u\u017e stalo hoci\u010do. Chcel by som, aby to dobre vyzeralo na ihrisku, aby \u013eudia c\u00edtili, \u017ee hr\u00e1\u010di dali do toho v\u0161etko a&nbsp;bude to bojovn\u00e9, odu\u0161evnen\u00e9, dobre organizovan\u00e9 a&nbsp;mo\u017eno sa&nbsp;n\u00e1m podar\u00ed uspie\u0165,&nbsp;urobi\u0165 dobr\u00fd v\u00fdsledok a uchmatn\u00fa\u0165 nejak\u00fd ten bod\u00edk,\u201c<\/em><\/strong> za\u010dal hlavn\u00fd tr\u00e9ner, ktor\u00e9ho doplnil jeden z&nbsp;najsk\u00fasenej\u0161\u00edch v&nbsp;jeho k\u00e1dri Michal \u010euri\u0161. &nbsp;<\/p>\n\n\n\n<p><strong><em>\u201eMal som u\u017e sk\u00fasenos\u0165 s&nbsp;Fenerbahce, ale je to \u00faplne in\u00e9 mu\u017estvo, ke\u010f\u017ee to u\u017e je nejak\u00fdch desa\u0165 rokov. D\u00e1 sa hra\u0165 s&nbsp;ka\u017ed\u00fdm, hoci kvalita je na ich strane obrovsk\u00e1, doplnili mu\u017estvo sk\u00fasen\u00fdmi hr\u00e1\u010dmi. Na druhej strane, my nem\u00e1me \u010do strati\u0165, bude vypredan\u00fd \u0161tadi\u00f3n. Mus\u00edme to nejako zvl\u00e1dnu\u0165 a&nbsp;pred dom\u00e1cim publikom to pre n\u00e1s bude in\u00e9 a&nbsp;bude sa n\u00e1m hra\u0165 lep\u0161ie.\u201c<\/em><\/strong><\/p>\n\n\n\n<p>Cel\u00fd z\u00e1znam z\u00a0tla\u010dovej konferencie si m\u00f4\u017eete pozrie\u0165 na klubovom youtube kan\u00e1li:<\/p>\n\n\n\n<figure class=\"wp-block-embed is-type-video is-provider-youtube wp-block-embed-youtube wp-embed-aspect-16-9 wp-has-aspect-ratio\"><div class=\"wp-block-embed__wrapper\">\n<iframe loading=\"lazy\" title=\"Tla\u010dov\u00e1 konferencia | FC Spartak Trnava pred Fenerbahce Istanbul\" width=\"500\" height=\"281\" src=\"https:\/\/www.youtube.com\/embed\/XepYzQ_XIYw?feature=oembed\" frameborder=\"0\" allow=\"accelerometer; autoplay; clipboard-write; encrypted-media; gyroscope; picture-in-picture; web-share\" referrerpolicy=\"strict-origin-when-cross-origin\" allowfullscreen><\/iframe>\n<\/div><\/figure>","protected":false},"excerpt":{"rendered":"<p>Futbalisti Spartaka si dnes posledn\u00fdkr\u00e1t zatr\u00e9novali pred zajtraj\u0161\u00edm&#8230;<\/p>","protected":false},"author":2,"featured_media":11645,"comment_status":"closed","ping_status":"closed","sticky":false,"template":"","format":"standard","meta":{"footnotes":""},"categories":[41],"tags":[11],"class_list":["post-11644","post","type-post","status-publish","format-standard","has-post-thumbnail","hentry","category-intervju","tag-michal-gasparik","post-number-1"],"yoast_head":"<!-- This site is optimized with the Yoast SEO plugin v27.1.1 - https:\/\/yoast.com\/product\/yoast-seo-wordpress\/ -->\n<title>M. Ga\u0161par\u00edk: \u201eZbrane nesklad\u00e1me\u201c - FC Spartak Trnava<\/title>\n<meta name=\"robots\" content=\"index, follow, max-snippet:-1, max-image-preview:large, max-video-preview:-1\" \/>\n<link rel=\"canonical\" href=\"https:\/\/fcspartaktrnava.com\/en\/m-gasparik-zbrane-neskladame\/\" \/>\n<meta name=\"twitter:label1\" content=\"Written by\" \/>\n\t<meta name=\"twitter:data1\" content=\"spartak\" \/>\n\t<meta name=\"twitter:label2\" content=\"Estimated reading time\" \/>\n\t<meta name=\"twitter:data2\" content=\"2 minutes\" \/>\n<script type=\"application\/ld+json\" class=\"yoast-schema-graph\">{\"@context\":\"https:\/\/schema.org\",\"@graph\":[{\"@type\":\"Article\",\"@id\":\"https:\/\/fcspartaktrnava.com\/m-gasparik-zbrane-neskladame\/#article\",\"isPartOf\":{\"@id\":\"https:\/\/fcspartaktrnava.com\/m-gasparik-zbrane-neskladame\/\"},\"author\":{\"name\":\"spartak\",\"@id\":\"https:\/\/fcspartaktrnava.com\/#\/schema\/person\/24bc5b254af14f71d7d8af178790aa75\"},\"headline\":\"M. Ga\u0161par\u00edk: \u201eZbrane nesklad\u00e1me\u201c\",\"datePublished\":\"2023-10-04T12:11:18+00:00\",\"dateModified\":\"2023-10-04T12:11:19+00:00\",\"mainEntityOfPage\":{\"@id\":\"https:\/\/fcspartaktrnava.com\/m-gasparik-zbrane-neskladame\/\"},\"wordCount\":354,\"publisher\":{\"@id\":\"https:\/\/fcspartaktrnava.com\/#organization\"},\"image\":{\"@id\":\"https:\/\/fcspartaktrnava.com\/m-gasparik-zbrane-neskladame\/#primaryimage\"},\"thumbnailUrl\":\"https:\/\/fcspartaktrnava.com\/wp-content\/uploads\/2023\/10\/tk-fener-scaled.jpg\",\"keywords\":[\"Michal Ga\u0161par\u00edk\"],\"articleSection\":[\"Rozhovory\"],\"inLanguage\":\"en-GB\"},{\"@type\":\"WebPage\",\"@id\":\"https:\/\/fcspartaktrnava.com\/m-gasparik-zbrane-neskladame\/\",\"url\":\"https:\/\/fcspartaktrnava.com\/m-gasparik-zbrane-neskladame\/\",\"name\":\"M. Ga\u0161par\u00edk: \u201eZbrane nesklad\u00e1me\u201c - FC Spartak Trnava\",\"isPartOf\":{\"@id\":\"https:\/\/fcspartaktrnava.com\/#website\"},\"primaryImageOfPage\":{\"@id\":\"https:\/\/fcspartaktrnava.com\/m-gasparik-zbrane-neskladame\/#primaryimage\"},\"image\":{\"@id\":\"https:\/\/fcspartaktrnava.com\/m-gasparik-zbrane-neskladame\/#primaryimage\"},\"thumbnailUrl\":\"https:\/\/fcspartaktrnava.com\/wp-content\/uploads\/2023\/10\/tk-fener-scaled.jpg\",\"datePublished\":\"2023-10-04T12:11:18+00:00\",\"dateModified\":\"2023-10-04T12:11:19+00:00\",\"breadcrumb\":{\"@id\":\"https:\/\/fcspartaktrnava.com\/m-gasparik-zbrane-neskladame\/#breadcrumb\"},\"inLanguage\":\"en-GB\",\"potentialAction\":[{\"@type\":\"ReadAction\",\"target\":[\"https:\/\/fcspartaktrnava.com\/m-gasparik-zbrane-neskladame\/\"]}]},{\"@type\":\"ImageObject\",\"inLanguage\":\"en-GB\",\"@id\":\"https:\/\/fcspartaktrnava.com\/m-gasparik-zbrane-neskladame\/#primaryimage\",\"url\":\"https:\/\/fcspartaktrnava.com\/wp-content\/uploads\/2023\/10\/tk-fener-scaled.jpg\",\"contentUrl\":\"https:\/\/fcspartaktrnava.com\/wp-content\/uploads\/2023\/10\/tk-fener-scaled.jpg\",\"width\":2560,\"height\":1707},{\"@type\":\"BreadcrumbList\",\"@id\":\"https:\/\/fcspartaktrnava.com\/m-gasparik-zbrane-neskladame\/#breadcrumb\",\"itemListElement\":[{\"@type\":\"ListItem\",\"position\":1,\"name\":\"Home\",\"item\":\"https:\/\/fcspartaktrnava.com\/\"},{\"@type\":\"ListItem\",\"position\":2,\"name\":\"M. Ga\u0161par\u00edk: \u201eZbrane nesklad\u00e1me\u201c\"}]},{\"@type\":\"WebSite\",\"@id\":\"https:\/\/fcspartaktrnava.com\/#website\",\"url\":\"https:\/\/fcspartaktrnava.com\/\",\"name\":\"FC Spartak Trnava\",\"description\":\"ofici\u00e1lna webstr\u00e1nka futbalov\u00e9ho klubu\",\"publisher\":{\"@id\":\"https:\/\/fcspartaktrnava.com\/#organization\"},\"potentialAction\":[{\"@type\":\"SearchAction\",\"target\":{\"@type\":\"EntryPoint\",\"urlTemplate\":\"https:\/\/fcspartaktrnava.com\/?s={search_term_string}\"},\"query-input\":{\"@type\":\"PropertyValueSpecification\",\"valueRequired\":true,\"valueName\":\"search_term_string\"}}],\"inLanguage\":\"en-GB\"},{\"@type\":\"Organization\",\"@id\":\"https:\/\/fcspartaktrnava.com\/#organization\",\"name\":\"FC Spartak Trnava\",\"alternateName\":\"Spartak\",\"url\":\"https:\/\/fcspartaktrnava.com\/\",\"logo\":{\"@type\":\"ImageObject\",\"inLanguage\":\"en-GB\",\"@id\":\"https:\/\/fcspartaktrnava.com\/#\/schema\/logo\/image\/\",\"url\":\"https:\/\/fcspartaktrnava.com\/wp-content\/uploads\/2022\/08\/cropped-site_logo.png\",\"contentUrl\":\"https:\/\/fcspartaktrnava.com\/wp-content\/uploads\/2022\/08\/cropped-site_logo.png\",\"width\":140,\"height\":140,\"caption\":\"FC Spartak Trnava\"},\"image\":{\"@id\":\"https:\/\/fcspartaktrnava.com\/#\/schema\/logo\/image\/\"},\"sameAs\":[\"https:\/\/www.facebook.com\/SpartakTrnava\",\"https:\/\/x.com\/SpartakTrnava1\",\"https:\/\/www.instagram.com\/spartak_sk\/\"]},{\"@type\":\"Person\",\"@id\":\"https:\/\/fcspartaktrnava.com\/#\/schema\/person\/24bc5b254af14f71d7d8af178790aa75\",\"name\":\"spartak\",\"image\":{\"@type\":\"ImageObject\",\"inLanguage\":\"en-GB\",\"@id\":\"https:\/\/fcspartaktrnava.com\/#\/schema\/person\/image\/\",\"url\":\"https:\/\/secure.gravatar.com\/avatar\/f8ff8584f3fcf3909a11a6da9019f37749183b4015bca14e64556c52614cdc7f?s=96&d=mm&r=g\",\"contentUrl\":\"https:\/\/secure.gravatar.com\/avatar\/f8ff8584f3fcf3909a11a6da9019f37749183b4015bca14e64556c52614cdc7f?s=96&d=mm&r=g\",\"caption\":\"spartak\"},\"url\":\"https:\/\/fcspartaktrnava.com\/en\/author\/spartak\/\"}]}<\/script>\n<!-- \/ Yoast SEO plugin. -->","yoast_head_json":{"title":"M. Ga\u0161par\u00edk: \u201eZbrane nesklad\u00e1me\u201c - FC Spartak Trnava","robots":{"index":"index","follow":"follow","max-snippet":"max-snippet:-1","max-image-preview":"max-image-preview:large","max-video-preview":"max-video-preview:-1"},"canonical":"https:\/\/fcspartaktrnava.com\/en\/m-gasparik-zbrane-neskladame\/","twitter_misc":{"Written by":"spartak","Estimated reading time":"2 minutes"},"schema":{"@context":"https:\/\/schema.org","@graph":[{"@type":"Article","@id":"https:\/\/fcspartaktrnava.com\/m-gasparik-zbrane-neskladame\/#article","isPartOf":{"@id":"https:\/\/fcspartaktrnava.com\/m-gasparik-zbrane-neskladame\/"},"author":{"name":"spartak","@id":"https:\/\/fcspartaktrnava.com\/#\/schema\/person\/24bc5b254af14f71d7d8af178790aa75"},"headline":"M. Ga\u0161par\u00edk: \u201eZbrane nesklad\u00e1me\u201c","datePublished":"2023-10-04T12:11:18+00:00","dateModified":"2023-10-04T12:11:19+00:00","mainEntityOfPage":{"@id":"https:\/\/fcspartaktrnava.com\/m-gasparik-zbrane-neskladame\/"},"wordCount":354,"publisher":{"@id":"https:\/\/fcspartaktrnava.com\/#organization"},"image":{"@id":"https:\/\/fcspartaktrnava.com\/m-gasparik-zbrane-neskladame\/#primaryimage"},"thumbnailUrl":"https:\/\/fcspartaktrnava.com\/wp-content\/uploads\/2023\/10\/tk-fener-scaled.jpg","keywords":["Michal Ga\u0161par\u00edk"],"articleSection":["Rozhovory"],"inLanguage":"en-GB"},{"@type":"WebPage","@id":"https:\/\/fcspartaktrnava.com\/m-gasparik-zbrane-neskladame\/","url":"https:\/\/fcspartaktrnava.com\/m-gasparik-zbrane-neskladame\/","name":"M. Ga\u0161par\u00edk: \u201eZbrane nesklad\u00e1me\u201c - FC Spartak Trnava","isPartOf":{"@id":"https:\/\/fcspartaktrnava.com\/#website"},"primaryImageOfPage":{"@id":"https:\/\/fcspartaktrnava.com\/m-gasparik-zbrane-neskladame\/#primaryimage"},"image":{"@id":"https:\/\/fcspartaktrnava.com\/m-gasparik-zbrane-neskladame\/#primaryimage"},"thumbnailUrl":"https:\/\/fcspartaktrnava.com\/wp-content\/uploads\/2023\/10\/tk-fener-scaled.jpg","datePublished":"2023-10-04T12:11:18+00:00","dateModified":"2023-10-04T12:11:19+00:00","breadcrumb":{"@id":"https:\/\/fcspartaktrnava.com\/m-gasparik-zbrane-neskladame\/#breadcrumb"},"inLanguage":"en-GB","potentialAction":[{"@type":"ReadAction","target":["https:\/\/fcspartaktrnava.com\/m-gasparik-zbrane-neskladame\/"]}]},{"@type":"ImageObject","inLanguage":"en-GB","@id":"https:\/\/fcspartaktrnava.com\/m-gasparik-zbrane-neskladame\/#primaryimage","url":"https:\/\/fcspartaktrnava.com\/wp-content\/uploads\/2023\/10\/tk-fener-scaled.jpg","contentUrl":"https:\/\/fcspartaktrnava.com\/wp-content\/uploads\/2023\/10\/tk-fener-scaled.jpg","width":2560,"height":1707},{"@type":"BreadcrumbList","@id":"https:\/\/fcspartaktrnava.com\/m-gasparik-zbrane-neskladame\/#breadcrumb","itemListElement":[{"@type":"ListItem","position":1,"name":"Home","item":"https:\/\/fcspartaktrnava.com\/"},{"@type":"ListItem","position":2,"name":"M. Ga\u0161par\u00edk: \u201eZbrane nesklad\u00e1me\u201c"}]},{"@type":"WebSite","@id":"https:\/\/fcspartaktrnava.com\/#website","url":"https:\/\/fcspartaktrnava.com\/","name":"FC Spartak Trnava","description":"ofici\u00e1lna webstr\u00e1nka futbalov\u00e9ho klubu","publisher":{"@id":"https:\/\/fcspartaktrnava.com\/#organization"},"potentialAction":[{"@type":"SearchAction","target":{"@type":"EntryPoint","urlTemplate":"https:\/\/fcspartaktrnava.com\/?s={search_term_string}"},"query-input":{"@type":"PropertyValueSpecification","valueRequired":true,"valueName":"search_term_string"}}],"inLanguage":"en-GB"},{"@type":"Organization","@id":"https:\/\/fcspartaktrnava.com\/#organization","name":"FC Spartak Trnava","alternateName":"Spartak","url":"https:\/\/fcspartaktrnava.com\/","logo":{"@type":"ImageObject","inLanguage":"en-GB","@id":"https:\/\/fcspartaktrnava.com\/#\/schema\/logo\/image\/","url":"https:\/\/fcspartaktrnava.com\/wp-content\/uploads\/2022\/08\/cropped-site_logo.png","contentUrl":"https:\/\/fcspartaktrnava.com\/wp-content\/uploads\/2022\/08\/cropped-site_logo.png","width":140,"height":140,"caption":"FC Spartak Trnava"},"image":{"@id":"https:\/\/fcspartaktrnava.com\/#\/schema\/logo\/image\/"},"sameAs":["https:\/\/www.facebook.com\/SpartakTrnava","https:\/\/x.com\/SpartakTrnava1","https:\/\/www.instagram.com\/spartak_sk\/"]},{"@type":"Person","@id":"https:\/\/fcspartaktrnava.com\/#\/schema\/person\/24bc5b254af14f71d7d8af178790aa75","name":"spartak","image":{"@type":"ImageObject","inLanguage":"en-GB","@id":"https:\/\/fcspartaktrnava.com\/#\/schema\/person\/image\/","url":"https:\/\/secure.gravatar.com\/avatar\/f8ff8584f3fcf3909a11a6da9019f37749183b4015bca14e64556c52614cdc7f?s=96&d=mm&r=g","contentUrl":"https:\/\/secure.gravatar.com\/avatar\/f8ff8584f3fcf3909a11a6da9019f37749183b4015bca14e64556c52614cdc7f?s=96&d=mm&r=g","caption":"spartak"},"url":"https:\/\/fcspartaktrnava.com\/en\/author\/spartak\/"}]}},"_links":{"self":[{"href":"https:\/\/fcspartaktrnava.com\/en\/wp-json\/wp\/v2\/posts\/11644","targetHints":{"allow":["GET"]}}],"collection":[{"href":"https:\/\/fcspartaktrnava.com\/en\/wp-json\/wp\/v2\/posts"}],"about":[{"href":"https:\/\/fcspartaktrnava.com\/en\/wp-json\/wp\/v2\/types\/post"}],"author":[{"embeddable":true,"href":"https:\/\/fcspartaktrnava.com\/en\/wp-json\/wp\/v2\/users\/2"}],"replies":[{"embeddable":true,"href":"https:\/\/fcspartaktrnava.com\/en\/wp-json\/wp\/v2\/comments?post=11644"}],"version-history":[{"count":0,"href":"https:\/\/fcspartaktrnava.com\/en\/wp-json\/wp\/v2\/posts\/11644\/revisions"}],"wp:featuredmedia":[{"embeddable":true,"href":"https:\/\/fcspartaktrnava.com\/en\/wp-json\/wp\/v2\/media\/11645"}],"wp:attachment":[{"href":"https:\/\/fcspartaktrnava.com\/en\/wp-json\/wp\/v2\/media?parent=11644"}],"wp:term":[{"taxonomy":"category","embeddable":true,"href":"https:\/\/fcspartaktrnava.com\/en\/wp-json\/wp\/v2\/categories?post=11644"},{"taxonomy":"post_tag","embeddable":true,"href":"https:\/\/fcspartaktrnava.com\/en\/wp-json\/wp\/v2\/tags?post=11644"}],"curies":[{"name":"wp","href":"https:\/\/api.w.org\/{rel}","templated":true}]}}