{"id":11319,"date":"2023-09-24T21:17:47","date_gmt":"2023-09-24T19:17:47","guid":{"rendered":"https:\/\/fcspartaktrnava.com\/?p=11319"},"modified":"2023-09-24T21:26:08","modified_gmt":"2023-09-24T19:26:08","slug":"nasi-mladeznici-si-cez-vikend-zmerali-sily-s-rovesnikmi-zo-ziliny-a-petrzalky","status":"publish","type":"post","link":"https:\/\/fcspartaktrnava.com\/en\/nasi-mladeznici-si-cez-vikend-zmerali-sily-s-rovesnikmi-zo-ziliny-a-petrzalky\/","title":{"rendered":"Na\u0161i ml\u00e1de\u017en\u00edci si cez v\u00edkend zmerali sily s\u00a0rovesn\u00edkmi zo \u017diliny a Petr\u017ealky"},"content":{"rendered":"<p><strong>M\u0160K \u017dilina U19 \u2013 FC Spartak Trnava U19 2:2 (2:2)<\/strong><\/p>\n\n\n\n<p>V&nbsp;n\u00e1ro\u010dnom z\u00e1pase v&nbsp;\u017diline sa udialo v\u0161etko podstatn\u00e9 v&nbsp;prvom dejstve. Po \u0161tvr\u0165hodine sme i\u0161li do vedenia z\u00e1sluhou Lipovsk\u00e9ho, no dom\u00e1ci dok\u00e1zali oto\u010di\u0165 sk\u00f3re z\u00e1pasu. Tesne pred pol\u010dasov\u00fdm hvizdom vyrovnal na kone\u010dn\u00fdch 2:2 svoj\u00edm druh\u00fdm presn\u00fdm z\u00e1sahom v&nbsp;z\u00e1pase Lipovsk\u00fd.<\/p>\n\n\n\n<p><strong>FCST U19: <\/strong>Fuka \u2013 Krchn\u00e1r, Stano (46. Horn\u00edk), Fan\u010dovi\u010d, Danihel, Straka, Justh, Lipovsk\u00fd, Bil\u010d\u00edk (C), Henyig (82. Vysko\u010d), Mas\u00e1r (61. Adamkovi\u010d)<\/p>\n\n\n\n<p><strong>Goals: <\/strong>16. a&nbsp;44. Lipovsk\u00fd<\/p>\n\n\n\n<p><strong>Yellow cards: <\/strong>Adamkovi\u010d, Straka, Vysko\u010d<\/p>\n\n\n\n<p><strong>Peter Ga\u017ei: \u201eDo z\u00e1pasu sme vst\u00fapili dobre a&nbsp;po vysokom pressingu sme dali prv\u00fd g\u00f3l. N\u00e1sledne pri\u0161iel zlomov\u00fd moment z\u00e1pasu, kedy sme vo ve\u013ekej pr\u00edle\u017eitosti zvolili zl\u00e9 rie\u0161enie a&nbsp;z&nbsp;n\u00e1sledn\u00e9ho r\u00fdchleho \u00fatoku sme inkasovali vyrovn\u00e1vaj\u00faci g\u00f3l. Po spornej \u0161tandardnej situ\u00e1cii i\u0161iel s\u00faper do vedenia. V&nbsp;z\u00e1vere pol\u010dasu vyrovnal n\u00e1dhernou strelou Lipovsk\u00fd. Celkovo sme mohli vidie\u0165 ve\u013emi kvalitn\u00fd z\u00e1pas v&nbsp;dobrej intenzite, \u010domu prispeli oba t\u00edmy svojou akt\u00edvnou hrou. S&nbsp;v\u00fdkonom mojich hr\u00e1\u010dov som spokojn\u00fd, s&nbsp;v\u00fdsledkom nie.\u201c<\/strong><\/p>\n\n\n\n<p><strong>FC Spartak Trnava U17 \u2013 M\u0160K \u017dilina U17 3:1 (1:1)<\/strong><\/p>\n\n\n\n<p>Rovnako \u0165a\u017ek\u00fd z\u00e1pas maj\u00fa za sebou aj dorastenci do 17 rokov. Po rem\u00edzovom prvom pol\u010dase v\u0161etko nasved\u010dovalo&nbsp;tomu, \u017ee sa na Sl\u00e1vii bud\u00fa body deli\u0165, ale dvomi g\u00f3lmi z&nbsp;\u00fapln\u00e9ho z\u00e1veru z\u00e1pasu sme rozhodli o&nbsp;v\u00ed\u0165azstve. Sedemn\u00e1stka je po \u0161iestich kol\u00e1ch na o&nbsp;sk\u00f3re hor\u0161om druhom mieste.<\/p>\n\n\n\n<p><strong>FCST U17: <\/strong>H\u00faska \u2013 Velick\u00fd, Daniel, Pristach, Bohmer, Farka\u0161 (C), Le\u017e\u00e1k (78. Konopka), Trello (89. Kraj\u010di), Turansk\u00fd (78. Duchovi\u010d), Bukovsk\u00fd, Priecel (65. Kubovi\u010d)<\/p>\n\n\n\n<p><strong>Goals: <\/strong>42. Le\u017e\u00e1k, 89. Trello, 90. Duchovi\u010d<\/p>\n\n\n\n<p><strong>Yellow cards: <\/strong>Bukovsk\u00fd, Daniel<\/p>\n\n\n\n<p><strong>Patrik Mal\u00fd: \u201eStretli sa dve vynikaj\u00face dru\u017estv\u00e1, ktor\u00e9 uk\u00e1zali v\u00fdborn\u00fa kvalitu. V&nbsp;prvom pol\u010dase sme boli m\u00e1lo agres\u00edvni, \u010do s\u00faper vyu\u017e\u00edval a&nbsp;bol t\u00fdm p\u00e1dom akt\u00edvnej\u0161\u00ed. G\u00f3l dali po na\u0161ej chybe v&nbsp;rozohr\u00e1vke, ke\u010f sme boli v&nbsp;otvorenom postaven\u00ed. V&nbsp;z\u00e1vere pol\u010dasu Le\u017e\u00e1k vyrovnal, \u010do n\u00e1m dodalo sebavedomie. V&nbsp;druhom pol\u010dase sme boli akt\u00edvnej\u0161\u00ed, d\u00f4raznej\u0161\u00ed a&nbsp;najm\u00e4 priamo\u010diarej\u0161\u00ed smerom dopredu. V&nbsp;z\u00e1vere sme dali d\u00f4le\u017eit\u00e9 g\u00f3ly, ktor\u00e9 rozhodli o&nbsp;na\u0161om v\u00ed\u0165azstve. Chv\u00e1lim v\u0161etk\u00fdch hr\u00e1\u010dov za ich t\u00fa\u017ebu vyhra\u0165 z\u00e1pas.\u201c<\/strong><\/p>\n\n\n\n<figure class=\"wp-block-image size-large\"><img loading=\"lazy\" decoding=\"async\" width=\"1024\" height=\"768\" src=\"https:\/\/fcspartaktrnava.com\/wp-content\/uploads\/2023\/09\/WhatsApp-Image-2023-09-23-at-13.16.10-1024x768.jpeg\" alt=\"\" class=\"wp-image-11320\" srcset=\"https:\/\/fcspartaktrnava.com\/wp-content\/uploads\/2023\/09\/WhatsApp-Image-2023-09-23-at-13.16.10-1024x768.jpeg 1024w, https:\/\/fcspartaktrnava.com\/wp-content\/uploads\/2023\/09\/WhatsApp-Image-2023-09-23-at-13.16.10-300x225.jpeg 300w, https:\/\/fcspartaktrnava.com\/wp-content\/uploads\/2023\/09\/WhatsApp-Image-2023-09-23-at-13.16.10-768x576.jpeg 768w, https:\/\/fcspartaktrnava.com\/wp-content\/uploads\/2023\/09\/WhatsApp-Image-2023-09-23-at-13.16.10-1536x1152.jpeg 1536w, https:\/\/fcspartaktrnava.com\/wp-content\/uploads\/2023\/09\/WhatsApp-Image-2023-09-23-at-13.16.10-16x12.jpeg 16w, https:\/\/fcspartaktrnava.com\/wp-content\/uploads\/2023\/09\/WhatsApp-Image-2023-09-23-at-13.16.10.jpeg 1600w\" sizes=\"auto, (max-width: 1024px) 100vw, 1024px\" \/><\/figure>\n\n\n\n<p><strong>FC Spartak Trnava U16 \u2013 M\u0160K \u017dilina U16 0:0<\/strong><\/p>\n\n\n\n<p>V&nbsp;tre\u0165om dorasteneckom z\u00e1pase so \u017dilinou div\u00e1ci g\u00f3l nevideli. Stretnutie medzi najmlad\u0161\u00edmi dorasteneck\u00fdmi ml\u00e1de\u017en\u00edkmi sa skon\u010dilo bezg\u00f3lovou rem\u00edzou 0:0. \u0160estn\u00e1stka tak preru\u0161ila svoju p\u00e4\u0165z\u00e1pasov\u00fa \u0161n\u00faru v\u00fdhier.<\/p>\n\n\n\n<p><strong>FCST U16: <\/strong>Luko\u0161\u00edk \u2013 Petrovi\u010d, Pittel, No\u0161ka (C), Redenkovi\u010d (55. Ma\u0165o), Tejzr, Melia, Benkovsk\u00fd (55. Rep\u00e1\u0148), Flimmel (78. Sobota), Terenkov (62. \u010ci\u010dmanec), Pol\u0165\u00e1k (62. Vete\u0161ka)<\/p>\n\n\n\n<p><strong>Yellow cards: <\/strong>Benkovsk\u00fd, Pol\u0165\u00e1k<\/p>\n\n\n\n<p><strong>Adam Chorvath: \u201eDo z\u00e1pasu sme vst\u00fapili ve\u013emi dobre, hne\u010f po p\u00e1r sekund\u00e1ch sme strelili g\u00f3l, ktor\u00fd pre tesn\u00fd ofsajd neplatil. N\u00e1sledne to bol po\u010das prv\u00e9ho pol\u010dasu taktick\u00fd z\u00e1pas bez nejak\u00fdch ve\u013ek\u00fdch pr\u00edle\u017eitost\u00ed na oboch stran\u00e1ch. V&nbsp;druhom pol\u010dase sa to viac otvorilo, striedaj\u00faci hr\u00e1\u010di priniesli o\u017eivenie, mali sme jednu obrovsk\u00fa pr\u00edle\u017eitos\u0165, ktor\u00fa sme nepremenili. V&nbsp;tomto z\u00e1pase sa nena\u0161iel \u017eiadny hr\u00e1\u010d na oboch stran\u00e1ch, ktor\u00fd by individu\u00e1lnou kvalitou rozhodol z\u00e1pas, a&nbsp;preto je rem\u00edza zasl\u00fa\u017een\u00e1. Mus\u00edme ju bra\u0165, aj ke\u010f sme chceli natiahnu\u0165 na\u0161u v\u00ed\u0165azn\u00fa s\u00e9riu.\u201c<\/strong><\/p>\n\n\n\n<p><strong>FC Petr\u017ealka U15 \u2013 FC Spartak Trnava U15 1:0 (1:0)<\/strong><\/p>\n\n\n\n<p>Vzh\u013eadom na \u00fa\u010das\u0165 na\u0161ej \u0161trn\u00e1stky na prest\u00ed\u017enom turnaji v&nbsp;\u0161panielskom Madride museli dohr\u00e1va\u0165 t\u00edmy star\u0161\u00edch \u017eiakov z\u00e1pasy proti Petr\u017ealke a\u017e tento v\u00edkend i&nbsp;napriek reprezenta\u010dnej prest\u00e1vke. \u017dia\u013e, v&nbsp;Petr\u017ealke sme prehrali najtesnej\u0161\u00edm rozdielom 0:1.<\/p>\n\n\n\n<p><strong>FCST U15: <\/strong>Slim\u00e1k \u2013 Magdolen (41. Slov\u00e1k), Feh\u00e9r (41. Bartovi\u010d), Bohunick\u00fd (C), Bartalo\u0161, Mego, Kostol\u00e1ni (62. Fra\u0148o), U\u0161\u00e1k (41. Mar\u010di\u0161), He\u010dko, \u0160venda, Fojta<\/p>\n\n\n\n<p><strong>Tom\u00e1\u0161 K\u00e1nik: \u201eOd za\u010diatku z\u00e1pasu n\u00e1m ch\u00fdbali \u00faseky, kde by sme si lep\u0161ie pripravili na\u0161e \u00fatoky a&nbsp;\u010dasto sme str\u00e1cali lopty v&nbsp;strednej z\u00f3ne. Z&nbsp;toho pramenili aj \u0161ance s\u00fapera, z&nbsp;ktor\u00fdch sme jednu v&nbsp;prvom pol\u010dase neust\u00e1li. Naopak, my sme na\u0161u vylo\u017een\u00fa za stavu 0:0 nepremenili. Za\u010dali sme hra\u0165 a\u017e pr\u00edli\u0161 neskoro, kedy sa u\u017e s\u00faper stiahol a&nbsp;svoje vedenie si ustr\u00e1\u017eil. Vzh\u013eadom na n\u00e1s nev\u00fdrazn\u00fd v\u00fdkon a&nbsp;ve\u013ea pr\u00edle\u017eitost\u00ed, ktor\u00e9 sme umo\u017enili s\u00faperovi na\u0161\u00edm slab\u00fdm dr\u017ean\u00edm lopty, mus\u00edme prija\u0165 zasl\u00fa\u017een\u00fa prehru a&nbsp;pracova\u0165 \u010falej.\u201c<\/strong><\/p>\n\n\n\n<p><strong>FC Petr\u017ealka U14 \u2013 FC Spartak Trnava U14 0:11 (0:4)<\/strong><\/p>\n\n\n\n<p>V&nbsp;z\u00e1pase \u017eiakov do 14 rokov bol omnoho jednozna\u010dnej\u0161\u00ed priebeh. Spartakovci vyhr\u00e1vali u\u017e po p\u00e1r sekund\u00e1ch a&nbsp;celkov\u00e9 sk\u00f3re sa zastavilo na \u010d\u00edsle 11. \u0160tyri g\u00f3ly vsietil Kasan.<\/p>\n\n\n\n<p><strong>FCST U14: <\/strong>Sartini \u2013 \u010euri\u0161 (36. Bo\u0161ansk\u00fd), Dreven\u00e1k, Kalam\u00e1r (C), B\u00f6hmer, \u0160tip\u010d\u00e1k, Rak\u00fas (36. Kore\u0148), Holb\u00edk (36. Zaj\u00e1no\u0161), Pokus, Kasan, \u010eurian (36. Kr\u00e1\u013eovi\u010d)<\/p>\n\n\n\n<p><strong>Goals: <\/strong>1. Pokus, 6., 45., 53. a&nbsp;58. Kasan, 21. vlastn\u00fd, 26. \u0160tip\u010d\u00e1k, 40. a&nbsp;62. Zaj\u00e1no\u0161, 43. Kalam\u00e1r, 70. Kore\u0148<\/p>\n\n\n\n<p><strong>Oliver Burian: \u201eZ\u00e1pas sp\u013a\u0148al z\u00a0na\u0161ej strany v\u0161etky potrebn\u00e9 parametre, ktor\u00e9 moment\u00e1lne od chalanov vy\u017eadujeme. Boli sme dostato\u010dne r\u00fdchli, agres\u00edvni, presn\u00ed a\u00a0nech\u00fdbalo n\u00e1m ani ve\u013ek\u00e9 sebavedomie na lopte a\u00a0drzos\u0165 v\u00a0s\u00fabojoch 1 na 1. Te\u0161\u00ed ma ve\u013ek\u00e1 \u00faspe\u0161nos\u0165 princ\u00edpov\u00fdch vec\u00ed pri zakladan\u00ed \u00fatoku a\u00a0nespo\u010detn\u00e9 mno\u017estvo vypracovan\u00fdch \u0161anc\u00ed. Mrzie\u0165 n\u00e1s m\u00f4\u017ee iba e\u0161te v\u00e4\u010d\u0161ia efektivita, no s\u00a0pr\u00edstupom a\u00a0celkovo so z\u00e1pasom som spokojn\u00fd.\u201c<\/strong><\/p>\n\n\n<div class=\"wp-block-image\">\n<figure class=\"aligncenter size-large\"><img loading=\"lazy\" decoding=\"async\" width=\"768\" height=\"1024\" src=\"https:\/\/fcspartaktrnava.com\/wp-content\/uploads\/2023\/09\/WhatsApp-Image-2023-09-24-at-21.19.51-768x1024.jpeg\" alt=\"\" class=\"wp-image-11322\" srcset=\"https:\/\/fcspartaktrnava.com\/wp-content\/uploads\/2023\/09\/WhatsApp-Image-2023-09-24-at-21.19.51-768x1024.jpeg 768w, https:\/\/fcspartaktrnava.com\/wp-content\/uploads\/2023\/09\/WhatsApp-Image-2023-09-24-at-21.19.51-225x300.jpeg 225w, https:\/\/fcspartaktrnava.com\/wp-content\/uploads\/2023\/09\/WhatsApp-Image-2023-09-24-at-21.19.51-1152x1536.jpeg 1152w, https:\/\/fcspartaktrnava.com\/wp-content\/uploads\/2023\/09\/WhatsApp-Image-2023-09-24-at-21.19.51-9x12.jpeg 9w, https:\/\/fcspartaktrnava.com\/wp-content\/uploads\/2023\/09\/WhatsApp-Image-2023-09-24-at-21.19.51.jpeg 1200w\" sizes=\"auto, (max-width: 768px) 100vw, 768px\" \/><\/figure>\n<\/div>","protected":false},"excerpt":{"rendered":"<p>M\u0160K \u017dilina U19 \u2013 FC Spartak Trnava U19&#8230;<\/p>","protected":false},"author":2,"featured_media":11321,"comment_status":"closed","ping_status":"closed","sticky":false,"template":"","format":"standard","meta":{"footnotes":""},"categories":[52,12],"tags":[53],"class_list":["post-11319","post","type-post","status-publish","format-standard","has-post-thumbnail","hentry","category-mladez","category-spravy","tag-mladez","post-number-1"],"yoast_head":"<!-- This site is optimized with the Yoast SEO plugin v27.1.1 - https:\/\/yoast.com\/product\/yoast-seo-wordpress\/ -->\n<title>Na\u0161i ml\u00e1de\u017en\u00edci si cez v\u00edkend zmerali sily s\u00a0rovesn\u00edkmi zo \u017diliny a Petr\u017ealky - FC Spartak Trnava<\/title>\n<meta name=\"robots\" content=\"index, follow, max-snippet:-1, max-image-preview:large, max-video-preview:-1\" \/>\n<link rel=\"canonical\" href=\"https:\/\/fcspartaktrnava.com\/en\/nasi-mladeznici-si-cez-vikend-zmerali-sily-s-rovesnikmi-zo-ziliny-a-petrzalky\/\" \/>\n<meta name=\"twitter:label1\" content=\"Written by\" \/>\n\t<meta name=\"twitter:data1\" content=\"spartak\" \/>\n\t<meta name=\"twitter:label2\" content=\"Estimated reading time\" \/>\n\t<meta name=\"twitter:data2\" content=\"5 minutes\" \/>\n<script type=\"application\/ld+json\" class=\"yoast-schema-graph\">{\"@context\":\"https:\/\/schema.org\",\"@graph\":[{\"@type\":\"Article\",\"@id\":\"https:\/\/fcspartaktrnava.com\/nasi-mladeznici-si-cez-vikend-zmerali-sily-s-rovesnikmi-zo-ziliny-a-petrzalky\/#article\",\"isPartOf\":{\"@id\":\"https:\/\/fcspartaktrnava.com\/nasi-mladeznici-si-cez-vikend-zmerali-sily-s-rovesnikmi-zo-ziliny-a-petrzalky\/\"},\"author\":{\"name\":\"spartak\",\"@id\":\"https:\/\/fcspartaktrnava.com\/#\/schema\/person\/24bc5b254af14f71d7d8af178790aa75\"},\"headline\":\"Na\u0161i ml\u00e1de\u017en\u00edci si cez v\u00edkend zmerali sily s\u00a0rovesn\u00edkmi zo \u017diliny a Petr\u017ealky\",\"datePublished\":\"2023-09-24T19:17:47+00:00\",\"dateModified\":\"2023-09-24T19:26:08+00:00\",\"mainEntityOfPage\":{\"@id\":\"https:\/\/fcspartaktrnava.com\/nasi-mladeznici-si-cez-vikend-zmerali-sily-s-rovesnikmi-zo-ziliny-a-petrzalky\/\"},\"wordCount\":1058,\"publisher\":{\"@id\":\"https:\/\/fcspartaktrnava.com\/#organization\"},\"image\":{\"@id\":\"https:\/\/fcspartaktrnava.com\/nasi-mladeznici-si-cez-vikend-zmerali-sily-s-rovesnikmi-zo-ziliny-a-petrzalky\/#primaryimage\"},\"thumbnailUrl\":\"https:\/\/fcspartaktrnava.com\/wp-content\/uploads\/2023\/09\/WhatsApp-Image-2023-09-23-at-13.12.32.jpeg\",\"keywords\":[\"ml\u00e1de\u017e\"],\"articleSection\":[\"Ml\u00e1de\u017e\",\"Spr\u00e1vy\"],\"inLanguage\":\"en-GB\"},{\"@type\":\"WebPage\",\"@id\":\"https:\/\/fcspartaktrnava.com\/nasi-mladeznici-si-cez-vikend-zmerali-sily-s-rovesnikmi-zo-ziliny-a-petrzalky\/\",\"url\":\"https:\/\/fcspartaktrnava.com\/nasi-mladeznici-si-cez-vikend-zmerali-sily-s-rovesnikmi-zo-ziliny-a-petrzalky\/\",\"name\":\"Na\u0161i ml\u00e1de\u017en\u00edci si cez v\u00edkend zmerali sily s\u00a0rovesn\u00edkmi zo \u017diliny a Petr\u017ealky - FC Spartak Trnava\",\"isPartOf\":{\"@id\":\"https:\/\/fcspartaktrnava.com\/#website\"},\"primaryImageOfPage\":{\"@id\":\"https:\/\/fcspartaktrnava.com\/nasi-mladeznici-si-cez-vikend-zmerali-sily-s-rovesnikmi-zo-ziliny-a-petrzalky\/#primaryimage\"},\"image\":{\"@id\":\"https:\/\/fcspartaktrnava.com\/nasi-mladeznici-si-cez-vikend-zmerali-sily-s-rovesnikmi-zo-ziliny-a-petrzalky\/#primaryimage\"},\"thumbnailUrl\":\"https:\/\/fcspartaktrnava.com\/wp-content\/uploads\/2023\/09\/WhatsApp-Image-2023-09-23-at-13.12.32.jpeg\",\"datePublished\":\"2023-09-24T19:17:47+00:00\",\"dateModified\":\"2023-09-24T19:26:08+00:00\",\"breadcrumb\":{\"@id\":\"https:\/\/fcspartaktrnava.com\/nasi-mladeznici-si-cez-vikend-zmerali-sily-s-rovesnikmi-zo-ziliny-a-petrzalky\/#breadcrumb\"},\"inLanguage\":\"en-GB\",\"potentialAction\":[{\"@type\":\"ReadAction\",\"target\":[\"https:\/\/fcspartaktrnava.com\/nasi-mladeznici-si-cez-vikend-zmerali-sily-s-rovesnikmi-zo-ziliny-a-petrzalky\/\"]}]},{\"@type\":\"ImageObject\",\"inLanguage\":\"en-GB\",\"@id\":\"https:\/\/fcspartaktrnava.com\/nasi-mladeznici-si-cez-vikend-zmerali-sily-s-rovesnikmi-zo-ziliny-a-petrzalky\/#primaryimage\",\"url\":\"https:\/\/fcspartaktrnava.com\/wp-content\/uploads\/2023\/09\/WhatsApp-Image-2023-09-23-at-13.12.32.jpeg\",\"contentUrl\":\"https:\/\/fcspartaktrnava.com\/wp-content\/uploads\/2023\/09\/WhatsApp-Image-2023-09-23-at-13.12.32.jpeg\",\"width\":1599,\"height\":1200},{\"@type\":\"BreadcrumbList\",\"@id\":\"https:\/\/fcspartaktrnava.com\/nasi-mladeznici-si-cez-vikend-zmerali-sily-s-rovesnikmi-zo-ziliny-a-petrzalky\/#breadcrumb\",\"itemListElement\":[{\"@type\":\"ListItem\",\"position\":1,\"name\":\"Home\",\"item\":\"https:\/\/fcspartaktrnava.com\/\"},{\"@type\":\"ListItem\",\"position\":2,\"name\":\"Na\u0161i ml\u00e1de\u017en\u00edci si cez v\u00edkend zmerali sily s\u00a0rovesn\u00edkmi zo \u017diliny a Petr\u017ealky\"}]},{\"@type\":\"WebSite\",\"@id\":\"https:\/\/fcspartaktrnava.com\/#website\",\"url\":\"https:\/\/fcspartaktrnava.com\/\",\"name\":\"FC Spartak Trnava\",\"description\":\"ofici\u00e1lna webstr\u00e1nka futbalov\u00e9ho klubu\",\"publisher\":{\"@id\":\"https:\/\/fcspartaktrnava.com\/#organization\"},\"potentialAction\":[{\"@type\":\"SearchAction\",\"target\":{\"@type\":\"EntryPoint\",\"urlTemplate\":\"https:\/\/fcspartaktrnava.com\/?s={search_term_string}\"},\"query-input\":{\"@type\":\"PropertyValueSpecification\",\"valueRequired\":true,\"valueName\":\"search_term_string\"}}],\"inLanguage\":\"en-GB\"},{\"@type\":\"Organization\",\"@id\":\"https:\/\/fcspartaktrnava.com\/#organization\",\"name\":\"FC Spartak Trnava\",\"alternateName\":\"Spartak\",\"url\":\"https:\/\/fcspartaktrnava.com\/\",\"logo\":{\"@type\":\"ImageObject\",\"inLanguage\":\"en-GB\",\"@id\":\"https:\/\/fcspartaktrnava.com\/#\/schema\/logo\/image\/\",\"url\":\"https:\/\/fcspartaktrnava.com\/wp-content\/uploads\/2022\/08\/cropped-site_logo.png\",\"contentUrl\":\"https:\/\/fcspartaktrnava.com\/wp-content\/uploads\/2022\/08\/cropped-site_logo.png\",\"width\":140,\"height\":140,\"caption\":\"FC Spartak Trnava\"},\"image\":{\"@id\":\"https:\/\/fcspartaktrnava.com\/#\/schema\/logo\/image\/\"},\"sameAs\":[\"https:\/\/www.facebook.com\/SpartakTrnava\",\"https:\/\/x.com\/SpartakTrnava1\",\"https:\/\/www.instagram.com\/spartak_sk\/\"]},{\"@type\":\"Person\",\"@id\":\"https:\/\/fcspartaktrnava.com\/#\/schema\/person\/24bc5b254af14f71d7d8af178790aa75\",\"name\":\"spartak\",\"image\":{\"@type\":\"ImageObject\",\"inLanguage\":\"en-GB\",\"@id\":\"https:\/\/fcspartaktrnava.com\/#\/schema\/person\/image\/\",\"url\":\"https:\/\/secure.gravatar.com\/avatar\/f8ff8584f3fcf3909a11a6da9019f37749183b4015bca14e64556c52614cdc7f?s=96&d=mm&r=g\",\"contentUrl\":\"https:\/\/secure.gravatar.com\/avatar\/f8ff8584f3fcf3909a11a6da9019f37749183b4015bca14e64556c52614cdc7f?s=96&d=mm&r=g\",\"caption\":\"spartak\"},\"url\":\"https:\/\/fcspartaktrnava.com\/en\/author\/spartak\/\"}]}<\/script>\n<!-- \/ Yoast SEO plugin. -->","yoast_head_json":{"title":"Na\u0161i ml\u00e1de\u017en\u00edci si cez v\u00edkend zmerali sily s\u00a0rovesn\u00edkmi zo \u017diliny a Petr\u017ealky - FC Spartak Trnava","robots":{"index":"index","follow":"follow","max-snippet":"max-snippet:-1","max-image-preview":"max-image-preview:large","max-video-preview":"max-video-preview:-1"},"canonical":"https:\/\/fcspartaktrnava.com\/en\/nasi-mladeznici-si-cez-vikend-zmerali-sily-s-rovesnikmi-zo-ziliny-a-petrzalky\/","twitter_misc":{"Written by":"spartak","Estimated reading time":"5 minutes"},"schema":{"@context":"https:\/\/schema.org","@graph":[{"@type":"Article","@id":"https:\/\/fcspartaktrnava.com\/nasi-mladeznici-si-cez-vikend-zmerali-sily-s-rovesnikmi-zo-ziliny-a-petrzalky\/#article","isPartOf":{"@id":"https:\/\/fcspartaktrnava.com\/nasi-mladeznici-si-cez-vikend-zmerali-sily-s-rovesnikmi-zo-ziliny-a-petrzalky\/"},"author":{"name":"spartak","@id":"https:\/\/fcspartaktrnava.com\/#\/schema\/person\/24bc5b254af14f71d7d8af178790aa75"},"headline":"Na\u0161i ml\u00e1de\u017en\u00edci si cez v\u00edkend zmerali sily s\u00a0rovesn\u00edkmi zo \u017diliny a Petr\u017ealky","datePublished":"2023-09-24T19:17:47+00:00","dateModified":"2023-09-24T19:26:08+00:00","mainEntityOfPage":{"@id":"https:\/\/fcspartaktrnava.com\/nasi-mladeznici-si-cez-vikend-zmerali-sily-s-rovesnikmi-zo-ziliny-a-petrzalky\/"},"wordCount":1058,"publisher":{"@id":"https:\/\/fcspartaktrnava.com\/#organization"},"image":{"@id":"https:\/\/fcspartaktrnava.com\/nasi-mladeznici-si-cez-vikend-zmerali-sily-s-rovesnikmi-zo-ziliny-a-petrzalky\/#primaryimage"},"thumbnailUrl":"https:\/\/fcspartaktrnava.com\/wp-content\/uploads\/2023\/09\/WhatsApp-Image-2023-09-23-at-13.12.32.jpeg","keywords":["ml\u00e1de\u017e"],"articleSection":["Ml\u00e1de\u017e","Spr\u00e1vy"],"inLanguage":"en-GB"},{"@type":"WebPage","@id":"https:\/\/fcspartaktrnava.com\/nasi-mladeznici-si-cez-vikend-zmerali-sily-s-rovesnikmi-zo-ziliny-a-petrzalky\/","url":"https:\/\/fcspartaktrnava.com\/nasi-mladeznici-si-cez-vikend-zmerali-sily-s-rovesnikmi-zo-ziliny-a-petrzalky\/","name":"Na\u0161i ml\u00e1de\u017en\u00edci si cez v\u00edkend zmerali sily s\u00a0rovesn\u00edkmi zo \u017diliny a Petr\u017ealky - FC Spartak Trnava","isPartOf":{"@id":"https:\/\/fcspartaktrnava.com\/#website"},"primaryImageOfPage":{"@id":"https:\/\/fcspartaktrnava.com\/nasi-mladeznici-si-cez-vikend-zmerali-sily-s-rovesnikmi-zo-ziliny-a-petrzalky\/#primaryimage"},"image":{"@id":"https:\/\/fcspartaktrnava.com\/nasi-mladeznici-si-cez-vikend-zmerali-sily-s-rovesnikmi-zo-ziliny-a-petrzalky\/#primaryimage"},"thumbnailUrl":"https:\/\/fcspartaktrnava.com\/wp-content\/uploads\/2023\/09\/WhatsApp-Image-2023-09-23-at-13.12.32.jpeg","datePublished":"2023-09-24T19:17:47+00:00","dateModified":"2023-09-24T19:26:08+00:00","breadcrumb":{"@id":"https:\/\/fcspartaktrnava.com\/nasi-mladeznici-si-cez-vikend-zmerali-sily-s-rovesnikmi-zo-ziliny-a-petrzalky\/#breadcrumb"},"inLanguage":"en-GB","potentialAction":[{"@type":"ReadAction","target":["https:\/\/fcspartaktrnava.com\/nasi-mladeznici-si-cez-vikend-zmerali-sily-s-rovesnikmi-zo-ziliny-a-petrzalky\/"]}]},{"@type":"ImageObject","inLanguage":"en-GB","@id":"https:\/\/fcspartaktrnava.com\/nasi-mladeznici-si-cez-vikend-zmerali-sily-s-rovesnikmi-zo-ziliny-a-petrzalky\/#primaryimage","url":"https:\/\/fcspartaktrnava.com\/wp-content\/uploads\/2023\/09\/WhatsApp-Image-2023-09-23-at-13.12.32.jpeg","contentUrl":"https:\/\/fcspartaktrnava.com\/wp-content\/uploads\/2023\/09\/WhatsApp-Image-2023-09-23-at-13.12.32.jpeg","width":1599,"height":1200},{"@type":"BreadcrumbList","@id":"https:\/\/fcspartaktrnava.com\/nasi-mladeznici-si-cez-vikend-zmerali-sily-s-rovesnikmi-zo-ziliny-a-petrzalky\/#breadcrumb","itemListElement":[{"@type":"ListItem","position":1,"name":"Home","item":"https:\/\/fcspartaktrnava.com\/"},{"@type":"ListItem","position":2,"name":"Na\u0161i ml\u00e1de\u017en\u00edci si cez v\u00edkend zmerali sily s\u00a0rovesn\u00edkmi zo \u017diliny a Petr\u017ealky"}]},{"@type":"WebSite","@id":"https:\/\/fcspartaktrnava.com\/#website","url":"https:\/\/fcspartaktrnava.com\/","name":"FC Spartak Trnava","description":"ofici\u00e1lna webstr\u00e1nka futbalov\u00e9ho klubu","publisher":{"@id":"https:\/\/fcspartaktrnava.com\/#organization"},"potentialAction":[{"@type":"SearchAction","target":{"@type":"EntryPoint","urlTemplate":"https:\/\/fcspartaktrnava.com\/?s={search_term_string}"},"query-input":{"@type":"PropertyValueSpecification","valueRequired":true,"valueName":"search_term_string"}}],"inLanguage":"en-GB"},{"@type":"Organization","@id":"https:\/\/fcspartaktrnava.com\/#organization","name":"FC Spartak Trnava","alternateName":"Spartak","url":"https:\/\/fcspartaktrnava.com\/","logo":{"@type":"ImageObject","inLanguage":"en-GB","@id":"https:\/\/fcspartaktrnava.com\/#\/schema\/logo\/image\/","url":"https:\/\/fcspartaktrnava.com\/wp-content\/uploads\/2022\/08\/cropped-site_logo.png","contentUrl":"https:\/\/fcspartaktrnava.com\/wp-content\/uploads\/2022\/08\/cropped-site_logo.png","width":140,"height":140,"caption":"FC Spartak Trnava"},"image":{"@id":"https:\/\/fcspartaktrnava.com\/#\/schema\/logo\/image\/"},"sameAs":["https:\/\/www.facebook.com\/SpartakTrnava","https:\/\/x.com\/SpartakTrnava1","https:\/\/www.instagram.com\/spartak_sk\/"]},{"@type":"Person","@id":"https:\/\/fcspartaktrnava.com\/#\/schema\/person\/24bc5b254af14f71d7d8af178790aa75","name":"spartak","image":{"@type":"ImageObject","inLanguage":"en-GB","@id":"https:\/\/fcspartaktrnava.com\/#\/schema\/person\/image\/","url":"https:\/\/secure.gravatar.com\/avatar\/f8ff8584f3fcf3909a11a6da9019f37749183b4015bca14e64556c52614cdc7f?s=96&d=mm&r=g","contentUrl":"https:\/\/secure.gravatar.com\/avatar\/f8ff8584f3fcf3909a11a6da9019f37749183b4015bca14e64556c52614cdc7f?s=96&d=mm&r=g","caption":"spartak"},"url":"https:\/\/fcspartaktrnava.com\/en\/author\/spartak\/"}]}},"_links":{"self":[{"href":"https:\/\/fcspartaktrnava.com\/en\/wp-json\/wp\/v2\/posts\/11319","targetHints":{"allow":["GET"]}}],"collection":[{"href":"https:\/\/fcspartaktrnava.com\/en\/wp-json\/wp\/v2\/posts"}],"about":[{"href":"https:\/\/fcspartaktrnava.com\/en\/wp-json\/wp\/v2\/types\/post"}],"author":[{"embeddable":true,"href":"https:\/\/fcspartaktrnava.com\/en\/wp-json\/wp\/v2\/users\/2"}],"replies":[{"embeddable":true,"href":"https:\/\/fcspartaktrnava.com\/en\/wp-json\/wp\/v2\/comments?post=11319"}],"version-history":[{"count":0,"href":"https:\/\/fcspartaktrnava.com\/en\/wp-json\/wp\/v2\/posts\/11319\/revisions"}],"wp:featuredmedia":[{"embeddable":true,"href":"https:\/\/fcspartaktrnava.com\/en\/wp-json\/wp\/v2\/media\/11321"}],"wp:attachment":[{"href":"https:\/\/fcspartaktrnava.com\/en\/wp-json\/wp\/v2\/media?parent=11319"}],"wp:term":[{"taxonomy":"category","embeddable":true,"href":"https:\/\/fcspartaktrnava.com\/en\/wp-json\/wp\/v2\/categories?post=11319"},{"taxonomy":"post_tag","embeddable":true,"href":"https:\/\/fcspartaktrnava.com\/en\/wp-json\/wp\/v2\/tags?post=11319"}],"curies":[{"name":"wp","href":"https:\/\/api.w.org\/{rel}","templated":true}]}}