{"id":11213,"date":"2023-09-21T22:10:20","date_gmt":"2023-09-21T20:10:20","guid":{"rendered":"https:\/\/fcspartaktrnava.com\/?p=11213"},"modified":"2023-09-23T10:21:50","modified_gmt":"2023-09-23T08:21:50","slug":"zle-vykrocenie-do-skupiny","status":"publish","type":"post","link":"https:\/\/fcspartaktrnava.com\/en\/zle-vykrocenie-do-skupiny\/","title":{"rendered":"Zl\u00e9 vykro\u010denie do skupiny"},"content":{"rendered":"<div class=\"wp-block-group\"><div class=\"wp-block-group__inner-container is-layout-flow wp-block-group-is-layout-flow\">\n<p class=\"has-text-align-center\" style=\"font-size:16px\">Hovepharma arena, EKL, 1. kolo, 21. 9. 2023 o 18:45<\/p>\n\n\n\n<p class=\"has-text-align-center has-large-font-size\">LUDOGOREC RAZGRAD<br>FC SPARTAK TRNAVA<\/p>\n\n\n\n<p class=\"has-text-align-center has-x-large-font-size\" style=\"font-style:normal;font-weight:600\">4:0 <\/p>\n<\/div><\/div>\n\n\n\n<div class=\"wp-block-group has-black-color has-text-color has-background\" style=\"background-color:#e2e7ec\"><div class=\"wp-block-group__inner-container is-layout-flow wp-block-group-is-layout-flow\">\n<p><strong>LUDOGOREC<\/strong>:<\/p>\n\n\n\n<p>Sluga \u2013 Witry, Sonko-Sundberg, Verdon, Son \u2013 Jordanov (72. Naressi), Piotrowski, Goncalves (85. Jankov) \u2013 Tekpetey (85. Chouiar), Tissera (59. Rwan), Vidal (72. Delev)<\/p>\n\n\n\n<p><strong>SPARTAK<\/strong>:<\/p>\n\n\n\n<p>Tak\u00e1\u010d \u2013 \u0160ulek, Ko\u0161trna, Gorosito (46. \u0189uri\u010d), K\u00f3\u0161a, Mikovi\u010d \u2013 Ofori (72. Azango), Bainovi\u010d, Zeljkovi\u010d (72. Proch\u00e1zka), Bern\u00e1t (57. Daniel) \u2013 \u010euri\u0161 (72. Paur)<\/p>\n\n\n\n<p><strong>Goals<\/strong>: 46. Jordanov, 50. Piotrowski, 63. Goncalves, 90.+ Rwan Cruz<\/p>\n\n\n\n<p><strong>Yellow cards<\/strong>: Goncalves, Son \u2013 Zeljkovi\u010d, Mikovi\u010d, Proch\u00e1zka<\/p>\n\n\n\n<p><strong>Rozhodoval<\/strong>: Genc Nuza (KOS)<\/p>\n\n\n\n<p><strong>Half time: <\/strong>0:0<\/p>\n<\/div><\/div>\n\n\n\n<p>Spartak nast\u00fapil na \u00favodn\u00fd z\u00e1pas skupinovej f\u00e1zy v&nbsp;Razgrade netradi\u010dne v&nbsp;ne\u00f3novo zelen\u00fdch dresoch, ktor\u00e9 sa kompetentn\u00fdm paradoxne zdali viac kontrastn\u00e9 oproti zelen\u00fdm dom\u00e1cim dresom, ako tradi\u010dn\u00e9 \u010derveno-\u010dierne.<\/p>\n\n\n\n<p>Napriek tomu, \u017ee Michalovi Gap\u0161ar\u00edkovi vypadol zo zostavy \u0160tetina, nast\u00fapili jeho zverenci vo form\u00e1cii s&nbsp;tromi stop\u00e9rmi. Dom\u00e1ci za\u010dali n\u00e1porom a&nbsp;u\u017e 7. min sa po K\u00f3\u0161ovom po\u0161myknut\u00ed vr\u00fatil do \u0161estn\u00e1stky nebezpe\u010dn\u00fd Tekpetey, prihr\u00e1val na zadn\u00fa ty\u010dku, ale v&nbsp;poslednej chv\u00edli p\u00e4tou zmenil lopte smer \u0160ulek.<\/p>\n\n\n\n<p>Spartak sa ako tak vymanil spod tlaku a\u017e po \u0161tvr\u0165hodine, ke\u010f zahr\u00e1val roh a&nbsp;n\u00e1sledne priamy kop. Po \u0148om zahrali hostia sign\u00e1l, ktor\u00fd mohol zakon\u010di\u0165 Ofori, ale akoby bol zasko\u010den\u00fd, \u017ee sa lopta dostala a\u017e k&nbsp;nemu.<\/p>\n\n\n\n<p>V&nbsp;19. min predviedol svoju futbalov\u00fa kvalitu najlep\u0161\u00ed strelec dom\u00e1cich Tekpetey, ktor\u00fd sa k\u013eu\u010dkou uvo\u013enil na hranici \u0161estn\u00e1stky, vyp\u00e1lil prudko a&nbsp;Tak\u00e1\u010d dobre zasiahol na \u010diare. V&nbsp;34. min po opakovanom centri Bern\u00e1ta od rohovej zast\u00e1vky hlavi\u010dkoval v&nbsp;\u0161estn\u00e1stke K\u00f3\u0161a, ale len do stredu br\u00e1nky, kde st\u00e1l Sluga. V&nbsp;samom z\u00e1vere pol\u010dasu najsk\u00f4r sk\u00fasil Bainovi\u010d z&nbsp;priameho kopu od polovice ihriska nachysta\u0165 brank\u00e1ra Slugu, ale ten nest\u00e1l tak vysoko a&nbsp;loptu chytil. Na opa\u010dnej strane vyslal pr\u00edzemn\u00fa bombu na Tak\u00e1\u010da Goncalves, ale tesne minula prav\u00fa ty\u010dku a&nbsp;pol\u010das sa skon\u010dil bez g\u00f3lov.<\/p>\n\n\n\n<p>V&nbsp;pol\u010dasovej prest\u00e1vke musel tr\u00e9ner host\u00ed strieda\u0165, ke\u010f Gorosito, ktor\u00fd v&nbsp;t\u00fd\u017edni netr\u00e9noval kv\u00f4li probl\u00e9mom s&nbsp;achilovkou, dohral a&nbsp;nahradil ho pri svojej premi\u00e9re v&nbsp;trnavskom drese \u0189uri\u010d. Trnav\u010dania si v\u0161ak podobne ako v&nbsp;Poznani nepostr\u00e1\u017eili \u00favod druh\u00e9ho pol\u010dasu, Jordanov napriahol spoza \u0161estn\u00e1stky a&nbsp;bombou trafil nechytate\u013ene presne k&nbsp;ty\u010dke. Vz\u00e1p\u00e4t\u00ed sa do \u0161estn\u00e1stky predral Tissera, prihral pozd\u013a\u017ene po p\u00e4\u0165ke a&nbsp;pre PIotrowskeho nebolo probl\u00e9mom zasun\u00fa\u0165 loptu do pr\u00e1zdnej br\u00e1nky.<\/p>\n\n\n\n<p>V&nbsp;55. min mal na hlave zn\u00ed\u017eenie Bainovi\u010d, ktor\u00fd si dobre nabehol na \u010euri\u0161ovu center, ale zbl\u00edzka nenamieril pod brvno, ale nad. Ga\u0161par\u00edk zareagoval na situ\u00e1ciu striedan\u00edm Bern\u00e1ta za Daniela. Ke\u010f sa zdalo, \u017ee by sa Spartak mohol nad\u00fdchnu\u0165 k&nbsp;nejakej ofenz\u00edve, Goncalves napriahol z&nbsp;podobn\u00e9ho miesta ako Jordanov a&nbsp;trafil presne k&nbsp;rovnakej ty\u010dke \u2013 3:0. Strelec tretieho g\u00f3lu bol pri chuti a&nbsp;len Tak\u00e1\u010dov z\u00e1krok mu zabr\u00e1nil streli\u0165 \u010fal\u0161\u00ed g\u00f3l.<\/p>\n\n\n\n<p>Vo zvy\u0161ku z\u00e1pasu sa dom\u00e1ci viac stiahli, no po brejkoch boli nebezpe\u010dnej\u0161\u00ed ako Spartak. \u0160ancu po rohu mal Roman Proch\u00e1zka, no z&nbsp;k\u00fata \u0161estn\u00e1stky netrafil do proti\u013eahl\u00e9ho k\u00fata br\u00e1nky. Posledn\u00fa bodku za z\u00e1pasom dal v&nbsp;posledn\u00fdch sekund\u00e1ch z\u00e1pasu striedaj\u00faci Rwan Cruz, ktor\u00fd dorazil loptu po Tak\u00e1\u010dovom z\u00e1kroku.<\/p>\n\n\n\n<figure class=\"wp-block-embed is-type-video is-provider-youtube wp-block-embed-youtube wp-embed-aspect-16-9 wp-has-aspect-ratio\"><div class=\"wp-block-embed__wrapper\">\n<iframe loading=\"lazy\" title=\"Michal Ga\u0161par\u00edk po z\u00e1pase s Ludogorcom\" width=\"500\" height=\"281\" src=\"https:\/\/www.youtube.com\/embed\/bZ30qCFlojY?feature=oembed\" frameborder=\"0\" allow=\"accelerometer; autoplay; clipboard-write; encrypted-media; gyroscope; picture-in-picture; web-share\" referrerpolicy=\"strict-origin-when-cross-origin\" allowfullscreen><\/iframe>\n<\/div><\/figure>\n\n\n\n<p class=\"has-vivid-red-color has-text-color has-medium-font-size\"><strong>POVEDALI PO Z\u00c1PASE:<\/strong><\/p>\n\n\n\n<p>Ivaylo Petev (Razgrad): <strong><em>\u201eMysl\u00edm, \u017ee sme dnes odohrali jeden vydaren\u00fd z\u00e1pas. \u0160koda, \u017ee sme nestrelili g\u00f3l u\u017e v&nbsp;prvom pol\u010dase. Museli sme cez prest\u00e1vku meni\u0165 niektor\u00e9 veci a&nbsp;na\u0161\u0165astie sa n\u00e1m to podarilo. Mali sme po\u010das cel\u00e9ho z\u00e1pasu dominantn\u00e9 dr\u017eanie lopty. Napokon sme strelili \u0161tyri g\u00f3ly a&nbsp;e\u0161te minim\u00e1lne to\u013eko mo\u017enost\u00ed sme zahodili. Blaho\u017eel\u00e1m mojim hr\u00e1\u010dom, do ve\u013ekej miery splnili v\u0161etko, \u010do sme si pred z\u00e1pasom napl\u00e1novali.\u201c<\/em><\/strong><\/p>\n\n\n\n<p>Michal Ga\u0161par\u00edk (Trnava): <strong><em>\u201ePrv\u00fd pol\u010das chalani odmakali, s\u00faper mal viac loptu, ale okrem jednej situ\u00e1cie, ktor\u00fa mal Tekpetey, sme s\u00fapera do nejak\u00fdch \u0161anc\u00ed nep\u00fa\u0161\u0165ali. Chceli sme v prvom pol\u010dase viac dosta\u0165 do hry kr\u00eddla, ale nedarilo sa n\u00e1m to. Z\u00e1pas bol st\u00e1le otvoren\u00fd, v&nbsp;pol\u010dase bolo 0:0. Vieme, \u017ee m\u00e1me probl\u00e9m s&nbsp;prv\u00fdmi 15 min\u00fatami, cez pol\u010das sa chalani hecovali, chceli sme viac hra\u0165 s&nbsp;loptou, ale nem\u00f4\u017eeme dosta\u0165 hne\u010f v&nbsp;prvej min\u00fate g\u00f3l a&nbsp;potom aj v&nbsp;\u0161tvrtej. Mohli sme sa vr\u00e1ti\u0165 do z\u00e1pasu po \u0161anci Bainovi\u010da, no potom n\u00e1s s\u00faper prev\u00fd\u0161il, uk\u00e1zal svoju kvalitu, hoci hru v&nbsp;poli sme vyrovnali. Je to pre n\u00e1s krut\u00e1 prehra, lebo zo \u0161tyroch g\u00f3lov boli tri strely spoza \u0161estn\u00e1stky. S&nbsp;tak\u00fdm \u0165a\u017ek\u00fdm s\u00faperom nem\u00f4\u017eeme dosta\u0165 v&nbsp;prvej min\u00fate druh\u00e9ho pol\u010dasu g\u00f3l a&nbsp;potom aj v&nbsp;poslednej sekunde a&nbsp;ten v\u00fdsledok vyzer\u00e1 zle.\u201c<\/em><\/strong><\/p>\n\n\n\n<div class=\"wp-block-buttons is-layout-flex wp-block-buttons-is-layout-flex\">\n<div class=\"wp-block-button aligncenter is-style-fill\"><a class=\"wp-block-button__link has-white-color has-text-color has-background wp-element-button\" href=\"https:\/\/fcspartaktrnava.com\/en\/galerii\/1-kolo-ekl-ludogorec-razgrad-vs-fc-spartak-trnava\/\" style=\"border-radius:0px;background-color:#d40133\" target=\"_blank\" rel=\"noreferrer noopener\">PHOTO GALLERY<\/a><\/div>\n<\/div>","protected":false},"excerpt":{"rendered":"<p>Hovepharma arena, EKL, 1. kolo, 21. 9. 2023&#8230;<\/p>","protected":false},"author":2,"featured_media":11214,"comment_status":"closed","ping_status":"closed","sticky":false,"template":"","format":"standard","meta":{"footnotes":""},"categories":[20],"tags":[11],"class_list":["post-11213","post","type-post","status-publish","format-standard","has-post-thumbnail","hentry","category-zapas","tag-michal-gasparik","post-number-1"],"yoast_head":"<!-- This site is optimized with the Yoast SEO plugin v27.1.1 - https:\/\/yoast.com\/product\/yoast-seo-wordpress\/ -->\n<title>Zl\u00e9 vykro\u010denie do skupiny - FC Spartak Trnava<\/title>\n<meta name=\"robots\" content=\"index, follow, max-snippet:-1, max-image-preview:large, max-video-preview:-1\" \/>\n<link rel=\"canonical\" href=\"https:\/\/fcspartaktrnava.com\/en\/zle-vykrocenie-do-skupiny\/\" \/>\n<meta name=\"twitter:label1\" content=\"Written by\" \/>\n\t<meta name=\"twitter:data1\" content=\"spartak\" \/>\n\t<meta name=\"twitter:label2\" content=\"Estimated reading time\" \/>\n\t<meta name=\"twitter:data2\" content=\"4 minutes\" \/>\n<script type=\"application\/ld+json\" class=\"yoast-schema-graph\">{\"@context\":\"https:\/\/schema.org\",\"@graph\":[{\"@type\":\"Article\",\"@id\":\"https:\/\/fcspartaktrnava.com\/zle-vykrocenie-do-skupiny\/#article\",\"isPartOf\":{\"@id\":\"https:\/\/fcspartaktrnava.com\/zle-vykrocenie-do-skupiny\/\"},\"author\":{\"name\":\"spartak\",\"@id\":\"https:\/\/fcspartaktrnava.com\/#\/schema\/person\/24bc5b254af14f71d7d8af178790aa75\"},\"headline\":\"Zl\u00e9 vykro\u010denie do skupiny\",\"datePublished\":\"2023-09-21T20:10:20+00:00\",\"dateModified\":\"2023-09-23T08:21:50+00:00\",\"mainEntityOfPage\":{\"@id\":\"https:\/\/fcspartaktrnava.com\/zle-vykrocenie-do-skupiny\/\"},\"wordCount\":908,\"publisher\":{\"@id\":\"https:\/\/fcspartaktrnava.com\/#organization\"},\"image\":{\"@id\":\"https:\/\/fcspartaktrnava.com\/zle-vykrocenie-do-skupiny\/#primaryimage\"},\"thumbnailUrl\":\"https:\/\/fcspartaktrnava.com\/wp-content\/uploads\/2023\/09\/DSC_3830-scaled.jpg\",\"keywords\":[\"Michal Ga\u0161par\u00edk\"],\"articleSection\":[\"Z\u00e1pas\"],\"inLanguage\":\"en-GB\"},{\"@type\":\"WebPage\",\"@id\":\"https:\/\/fcspartaktrnava.com\/zle-vykrocenie-do-skupiny\/\",\"url\":\"https:\/\/fcspartaktrnava.com\/zle-vykrocenie-do-skupiny\/\",\"name\":\"Zl\u00e9 vykro\u010denie do skupiny - FC Spartak Trnava\",\"isPartOf\":{\"@id\":\"https:\/\/fcspartaktrnava.com\/#website\"},\"primaryImageOfPage\":{\"@id\":\"https:\/\/fcspartaktrnava.com\/zle-vykrocenie-do-skupiny\/#primaryimage\"},\"image\":{\"@id\":\"https:\/\/fcspartaktrnava.com\/zle-vykrocenie-do-skupiny\/#primaryimage\"},\"thumbnailUrl\":\"https:\/\/fcspartaktrnava.com\/wp-content\/uploads\/2023\/09\/DSC_3830-scaled.jpg\",\"datePublished\":\"2023-09-21T20:10:20+00:00\",\"dateModified\":\"2023-09-23T08:21:50+00:00\",\"breadcrumb\":{\"@id\":\"https:\/\/fcspartaktrnava.com\/zle-vykrocenie-do-skupiny\/#breadcrumb\"},\"inLanguage\":\"en-GB\",\"potentialAction\":[{\"@type\":\"ReadAction\",\"target\":[\"https:\/\/fcspartaktrnava.com\/zle-vykrocenie-do-skupiny\/\"]}]},{\"@type\":\"ImageObject\",\"inLanguage\":\"en-GB\",\"@id\":\"https:\/\/fcspartaktrnava.com\/zle-vykrocenie-do-skupiny\/#primaryimage\",\"url\":\"https:\/\/fcspartaktrnava.com\/wp-content\/uploads\/2023\/09\/DSC_3830-scaled.jpg\",\"contentUrl\":\"https:\/\/fcspartaktrnava.com\/wp-content\/uploads\/2023\/09\/DSC_3830-scaled.jpg\",\"width\":2560,\"height\":1703},{\"@type\":\"BreadcrumbList\",\"@id\":\"https:\/\/fcspartaktrnava.com\/zle-vykrocenie-do-skupiny\/#breadcrumb\",\"itemListElement\":[{\"@type\":\"ListItem\",\"position\":1,\"name\":\"Home\",\"item\":\"https:\/\/fcspartaktrnava.com\/\"},{\"@type\":\"ListItem\",\"position\":2,\"name\":\"Zl\u00e9 vykro\u010denie do skupiny\"}]},{\"@type\":\"WebSite\",\"@id\":\"https:\/\/fcspartaktrnava.com\/#website\",\"url\":\"https:\/\/fcspartaktrnava.com\/\",\"name\":\"FC Spartak Trnava\",\"description\":\"ofici\u00e1lna webstr\u00e1nka futbalov\u00e9ho klubu\",\"publisher\":{\"@id\":\"https:\/\/fcspartaktrnava.com\/#organization\"},\"potentialAction\":[{\"@type\":\"SearchAction\",\"target\":{\"@type\":\"EntryPoint\",\"urlTemplate\":\"https:\/\/fcspartaktrnava.com\/?s={search_term_string}\"},\"query-input\":{\"@type\":\"PropertyValueSpecification\",\"valueRequired\":true,\"valueName\":\"search_term_string\"}}],\"inLanguage\":\"en-GB\"},{\"@type\":\"Organization\",\"@id\":\"https:\/\/fcspartaktrnava.com\/#organization\",\"name\":\"FC Spartak Trnava\",\"alternateName\":\"Spartak\",\"url\":\"https:\/\/fcspartaktrnava.com\/\",\"logo\":{\"@type\":\"ImageObject\",\"inLanguage\":\"en-GB\",\"@id\":\"https:\/\/fcspartaktrnava.com\/#\/schema\/logo\/image\/\",\"url\":\"https:\/\/fcspartaktrnava.com\/wp-content\/uploads\/2022\/08\/cropped-site_logo.png\",\"contentUrl\":\"https:\/\/fcspartaktrnava.com\/wp-content\/uploads\/2022\/08\/cropped-site_logo.png\",\"width\":140,\"height\":140,\"caption\":\"FC Spartak Trnava\"},\"image\":{\"@id\":\"https:\/\/fcspartaktrnava.com\/#\/schema\/logo\/image\/\"},\"sameAs\":[\"https:\/\/www.facebook.com\/SpartakTrnava\",\"https:\/\/x.com\/SpartakTrnava1\",\"https:\/\/www.instagram.com\/spartak_sk\/\"]},{\"@type\":\"Person\",\"@id\":\"https:\/\/fcspartaktrnava.com\/#\/schema\/person\/24bc5b254af14f71d7d8af178790aa75\",\"name\":\"spartak\",\"image\":{\"@type\":\"ImageObject\",\"inLanguage\":\"en-GB\",\"@id\":\"https:\/\/fcspartaktrnava.com\/#\/schema\/person\/image\/\",\"url\":\"https:\/\/secure.gravatar.com\/avatar\/f8ff8584f3fcf3909a11a6da9019f37749183b4015bca14e64556c52614cdc7f?s=96&d=mm&r=g\",\"contentUrl\":\"https:\/\/secure.gravatar.com\/avatar\/f8ff8584f3fcf3909a11a6da9019f37749183b4015bca14e64556c52614cdc7f?s=96&d=mm&r=g\",\"caption\":\"spartak\"},\"url\":\"https:\/\/fcspartaktrnava.com\/en\/author\/spartak\/\"}]}<\/script>\n<!-- \/ Yoast SEO plugin. -->","yoast_head_json":{"title":"Zl\u00e9 vykro\u010denie do skupiny - FC Spartak Trnava","robots":{"index":"index","follow":"follow","max-snippet":"max-snippet:-1","max-image-preview":"max-image-preview:large","max-video-preview":"max-video-preview:-1"},"canonical":"https:\/\/fcspartaktrnava.com\/en\/zle-vykrocenie-do-skupiny\/","twitter_misc":{"Written by":"spartak","Estimated reading time":"4 minutes"},"schema":{"@context":"https:\/\/schema.org","@graph":[{"@type":"Article","@id":"https:\/\/fcspartaktrnava.com\/zle-vykrocenie-do-skupiny\/#article","isPartOf":{"@id":"https:\/\/fcspartaktrnava.com\/zle-vykrocenie-do-skupiny\/"},"author":{"name":"spartak","@id":"https:\/\/fcspartaktrnava.com\/#\/schema\/person\/24bc5b254af14f71d7d8af178790aa75"},"headline":"Zl\u00e9 vykro\u010denie do skupiny","datePublished":"2023-09-21T20:10:20+00:00","dateModified":"2023-09-23T08:21:50+00:00","mainEntityOfPage":{"@id":"https:\/\/fcspartaktrnava.com\/zle-vykrocenie-do-skupiny\/"},"wordCount":908,"publisher":{"@id":"https:\/\/fcspartaktrnava.com\/#organization"},"image":{"@id":"https:\/\/fcspartaktrnava.com\/zle-vykrocenie-do-skupiny\/#primaryimage"},"thumbnailUrl":"https:\/\/fcspartaktrnava.com\/wp-content\/uploads\/2023\/09\/DSC_3830-scaled.jpg","keywords":["Michal Ga\u0161par\u00edk"],"articleSection":["Z\u00e1pas"],"inLanguage":"en-GB"},{"@type":"WebPage","@id":"https:\/\/fcspartaktrnava.com\/zle-vykrocenie-do-skupiny\/","url":"https:\/\/fcspartaktrnava.com\/zle-vykrocenie-do-skupiny\/","name":"Zl\u00e9 vykro\u010denie do skupiny - FC Spartak Trnava","isPartOf":{"@id":"https:\/\/fcspartaktrnava.com\/#website"},"primaryImageOfPage":{"@id":"https:\/\/fcspartaktrnava.com\/zle-vykrocenie-do-skupiny\/#primaryimage"},"image":{"@id":"https:\/\/fcspartaktrnava.com\/zle-vykrocenie-do-skupiny\/#primaryimage"},"thumbnailUrl":"https:\/\/fcspartaktrnava.com\/wp-content\/uploads\/2023\/09\/DSC_3830-scaled.jpg","datePublished":"2023-09-21T20:10:20+00:00","dateModified":"2023-09-23T08:21:50+00:00","breadcrumb":{"@id":"https:\/\/fcspartaktrnava.com\/zle-vykrocenie-do-skupiny\/#breadcrumb"},"inLanguage":"en-GB","potentialAction":[{"@type":"ReadAction","target":["https:\/\/fcspartaktrnava.com\/zle-vykrocenie-do-skupiny\/"]}]},{"@type":"ImageObject","inLanguage":"en-GB","@id":"https:\/\/fcspartaktrnava.com\/zle-vykrocenie-do-skupiny\/#primaryimage","url":"https:\/\/fcspartaktrnava.com\/wp-content\/uploads\/2023\/09\/DSC_3830-scaled.jpg","contentUrl":"https:\/\/fcspartaktrnava.com\/wp-content\/uploads\/2023\/09\/DSC_3830-scaled.jpg","width":2560,"height":1703},{"@type":"BreadcrumbList","@id":"https:\/\/fcspartaktrnava.com\/zle-vykrocenie-do-skupiny\/#breadcrumb","itemListElement":[{"@type":"ListItem","position":1,"name":"Home","item":"https:\/\/fcspartaktrnava.com\/"},{"@type":"ListItem","position":2,"name":"Zl\u00e9 vykro\u010denie do skupiny"}]},{"@type":"WebSite","@id":"https:\/\/fcspartaktrnava.com\/#website","url":"https:\/\/fcspartaktrnava.com\/","name":"FC Spartak Trnava","description":"ofici\u00e1lna webstr\u00e1nka futbalov\u00e9ho klubu","publisher":{"@id":"https:\/\/fcspartaktrnava.com\/#organization"},"potentialAction":[{"@type":"SearchAction","target":{"@type":"EntryPoint","urlTemplate":"https:\/\/fcspartaktrnava.com\/?s={search_term_string}"},"query-input":{"@type":"PropertyValueSpecification","valueRequired":true,"valueName":"search_term_string"}}],"inLanguage":"en-GB"},{"@type":"Organization","@id":"https:\/\/fcspartaktrnava.com\/#organization","name":"FC Spartak Trnava","alternateName":"Spartak","url":"https:\/\/fcspartaktrnava.com\/","logo":{"@type":"ImageObject","inLanguage":"en-GB","@id":"https:\/\/fcspartaktrnava.com\/#\/schema\/logo\/image\/","url":"https:\/\/fcspartaktrnava.com\/wp-content\/uploads\/2022\/08\/cropped-site_logo.png","contentUrl":"https:\/\/fcspartaktrnava.com\/wp-content\/uploads\/2022\/08\/cropped-site_logo.png","width":140,"height":140,"caption":"FC Spartak Trnava"},"image":{"@id":"https:\/\/fcspartaktrnava.com\/#\/schema\/logo\/image\/"},"sameAs":["https:\/\/www.facebook.com\/SpartakTrnava","https:\/\/x.com\/SpartakTrnava1","https:\/\/www.instagram.com\/spartak_sk\/"]},{"@type":"Person","@id":"https:\/\/fcspartaktrnava.com\/#\/schema\/person\/24bc5b254af14f71d7d8af178790aa75","name":"spartak","image":{"@type":"ImageObject","inLanguage":"en-GB","@id":"https:\/\/fcspartaktrnava.com\/#\/schema\/person\/image\/","url":"https:\/\/secure.gravatar.com\/avatar\/f8ff8584f3fcf3909a11a6da9019f37749183b4015bca14e64556c52614cdc7f?s=96&d=mm&r=g","contentUrl":"https:\/\/secure.gravatar.com\/avatar\/f8ff8584f3fcf3909a11a6da9019f37749183b4015bca14e64556c52614cdc7f?s=96&d=mm&r=g","caption":"spartak"},"url":"https:\/\/fcspartaktrnava.com\/en\/author\/spartak\/"}]}},"_links":{"self":[{"href":"https:\/\/fcspartaktrnava.com\/en\/wp-json\/wp\/v2\/posts\/11213","targetHints":{"allow":["GET"]}}],"collection":[{"href":"https:\/\/fcspartaktrnava.com\/en\/wp-json\/wp\/v2\/posts"}],"about":[{"href":"https:\/\/fcspartaktrnava.com\/en\/wp-json\/wp\/v2\/types\/post"}],"author":[{"embeddable":true,"href":"https:\/\/fcspartaktrnava.com\/en\/wp-json\/wp\/v2\/users\/2"}],"replies":[{"embeddable":true,"href":"https:\/\/fcspartaktrnava.com\/en\/wp-json\/wp\/v2\/comments?post=11213"}],"version-history":[{"count":0,"href":"https:\/\/fcspartaktrnava.com\/en\/wp-json\/wp\/v2\/posts\/11213\/revisions"}],"wp:featuredmedia":[{"embeddable":true,"href":"https:\/\/fcspartaktrnava.com\/en\/wp-json\/wp\/v2\/media\/11214"}],"wp:attachment":[{"href":"https:\/\/fcspartaktrnava.com\/en\/wp-json\/wp\/v2\/media?parent=11213"}],"wp:term":[{"taxonomy":"category","embeddable":true,"href":"https:\/\/fcspartaktrnava.com\/en\/wp-json\/wp\/v2\/categories?post=11213"},{"taxonomy":"post_tag","embeddable":true,"href":"https:\/\/fcspartaktrnava.com\/en\/wp-json\/wp\/v2\/tags?post=11213"}],"curies":[{"name":"wp","href":"https:\/\/api.w.org\/{rel}","templated":true}]}}